{"id":13513,"date":"2021-11-23T09:08:15","date_gmt":"2021-11-23T14:08:15","guid":{"rendered":"https:\/\/prefecturadeesmeraldas.gob.ec\/?p=13513"},"modified":"2021-11-23T09:09:13","modified_gmt":"2021-11-23T14:09:13","slug":"se-realizo-sesion-solemne-por-los-174-anos-de-provincializacion","status":"publish","type":"post","link":"https:\/\/prefecturadeesmeraldas.gob.ec\/index.php\/2021\/11\/23\/se-realizo-sesion-solemne-por-los-174-anos-de-provincializacion\/","title":{"rendered":"Se realiz\u00f3 sesi\u00f3n solemne por los 174 a\u00f1os de provincializaci\u00f3n."},"content":{"rendered":"\t\t<div data-elementor-type=\"wp-post\" data-elementor-id=\"13513\" class=\"elementor elementor-13513\">\n\t\t\t\t\t\t<section class=\"elementor-section elementor-top-section elementor-element elementor-element-597fad3 elementor-section-boxed elementor-section-height-default elementor-section-height-default\" data-id=\"597fad3\" data-element_type=\"section\">\n\t\t\t\t\t\t<div class=\"elementor-container elementor-column-gap-default\">\n\t\t\t\t\t<div class=\"elementor-column elementor-col-100 elementor-top-column elementor-element elementor-element-0ea6df0\" data-id=\"0ea6df0\" data-element_type=\"column\">\n\t\t\t<div class=\"elementor-widget-wrap elementor-element-populated\">\n\t\t\t\t\t\t<div class=\"elementor-element elementor-element-881651b elementor-widget elementor-widget-image\" data-id=\"881651b\" data-element_type=\"widget\" data-widget_type=\"image.default\">\n\t\t\t\t<div class=\"elementor-widget-container\">\n\t\t\t\t\t\t\t\t\t\t\t\t\t\t\t<img fetchpriority=\"high\" decoding=\"async\" width=\"1024\" height=\"711\" src=\"https:\/\/prefecturadeesmeraldas.gob.ec\/wp-content\/uploads\/2021\/11\/hh.-1024x711.jpeg\" class=\"attachment-large size-large wp-image-13514\" alt=\"\" srcset=\"https:\/\/prefecturadeesmeraldas.gob.ec\/wp-content\/uploads\/2021\/11\/hh.-1024x711.jpeg 1024w, https:\/\/prefecturadeesmeraldas.gob.ec\/wp-content\/uploads\/2021\/11\/hh.-1080x750.jpeg 1080w, https:\/\/prefecturadeesmeraldas.gob.ec\/wp-content\/uploads\/2021\/11\/hh.-300x208.jpeg 300w, https:\/\/prefecturadeesmeraldas.gob.ec\/wp-content\/uploads\/2021\/11\/hh.-768x533.jpeg 768w, https:\/\/prefecturadeesmeraldas.gob.ec\/wp-content\/uploads\/2021\/11\/hh..jpeg 1600w\" sizes=\"(max-width: 1024px) 100vw, 1024px\" \/>\t\t\t\t\t\t\t\t\t\t\t\t\t\t\t<\/div>\n\t\t\t\t<\/div>\n\t\t\t\t\t<\/div>\n\t\t<\/div>\n\t\t\t\t\t<\/div>\n\t\t<\/section>\n\t\t\t\t<section class=\"elementor-section elementor-top-section elementor-element elementor-element-01aea72 elementor-section-boxed elementor-section-height-default elementor-section-height-default\" data-id=\"01aea72\" data-element_type=\"section\">\n\t\t\t\t\t\t<div class=\"elementor-container elementor-column-gap-default\">\n\t\t\t\t\t<div class=\"elementor-column elementor-col-100 elementor-top-column elementor-element elementor-element-d0024b9\" data-id=\"d0024b9\" data-element_type=\"column\">\n\t\t\t<div class=\"elementor-widget-wrap elementor-element-populated\">\n\t\t\t\t\t\t<div class=\"elementor-element elementor-element-04bba9e elementor-widget elementor-widget-text-editor\" data-id=\"04bba9e\" data-element_type=\"widget\" data-widget_type=\"text-editor.default\">\n\t\t\t\t<div class=\"elementor-widget-container\">\n\t\t\t\t\t\t\t\t\t<p>En un evento lleno de civismo y solemnidad, se realiz\u00f3, este s\u00e1bado 20 de noviembre, la Sesi\u00f3n Solemne por los 174 a\u00f1os de provincializaci\u00f3n de Esmeraldas, evento cumplido en el Sal\u00f3n C\u00edvico T\u00e1cito Ortiz Urriola de la Prefectura de Esmeraldas.<\/p><p>En el desarrollo del evento, la Prefecta de Esmeraldas, <strong>Roberta Zambrano Ortiz<\/strong>, recibi\u00f3 distinciones y reconocimientos por el trabajo que realiza la Prefectura, los mismos que fueron entregados por el asamble\u00edsta Javier Ortiz, la Mancomunidad del Norte del Ecuador, Consejo de Participaci\u00f3n Ciudadana y de parte del concejal del cant\u00f3n Rioverde Elvis Mendoza.<\/p><p>En el acto solemne, se entregaron placas de reconocimiento al M\u00e9rito Ciudadano al doctor Didian Reyes, a la deportista ol\u00edmpica Marisol Land\u00e1zuri, al doctor Segundo Salas Guzm\u00e1n, a la trabajadora social de UNAMYDESC Mar\u00eda Cabezas Cortez, a Nocco Luigi Donato como mejor obrero, Rita Valencia Angulo mejor obrera, Hellen Qui\u00f1\u00f3nez, Ingrid Saavedra, Juan Rodr\u00edguez e Ibeth Estupi\u00f1\u00e1n G\u00f3mez concejera del CPCCS.<\/p><p>Tambi\u00e9n se entregaron placas de reconocimiento al M\u00e9rito Institucional a la Polic\u00eda Nacional en la persona de su comandante coronel de Estado Mayor Pablo Velasco. A la Armada Nacional, al Batall\u00f3n BIMOT 13, al ECU -911, al Club de Leones, AESVOL, Grupo de Oraci\u00f3n La Merced, Grupo \u00c1frica Negra, al Banco de Desarrollo BDE, Petroecuador, Master Key, PUCESE, Cooperativa de la Polic\u00eda Nacional, Corporaci\u00f3n Favorita, Asociaci\u00f3n de Ganaderos y al Club Social Cultural Esmeraldas.<\/p>\t\t\t\t\t\t\t\t<\/div>\n\t\t\t\t<\/div>\n\t\t\t\t\t<\/div>\n\t\t<\/div>\n\t\t\t\t\t<\/div>\n\t\t<\/section>\n\t\t\t\t<\/div>\n\t\t","protected":false},"excerpt":{"rendered":"<p>En un evento lleno de civismo y solemnidad, se realiz\u00f3, este s\u00e1bado 20 de noviembre, la Sesi\u00f3n Solemne por los 174 a\u00f1os de provincializaci\u00f3n de Esmeraldas, evento cumplido en el Sal\u00f3n C\u00edvico T\u00e1cito Ortiz Urriola de la Prefectura de Esmeraldas. En el desarrollo del evento, la Prefecta de Esmeraldas, Roberta Zambrano Ortiz, recibi\u00f3 distinciones y [&hellip;]<\/p>\n","protected":false},"author":2,"featured_media":13514,"comment_status":"closed","ping_status":"open","sticky":false,"template":"","format":"standard","meta":{"footnotes":""},"categories":[3],"tags":[],"class_list":["post-13513","post","type-post","status-publish","format-standard","has-post-thumbnail","hentry","category-institucional"],"yoast_head":"<!-- This site is optimized with the Yoast SEO plugin v25.7 - https:\/\/yoast.com\/wordpress\/plugins\/seo\/ -->\n<title>Se realiz\u00f3 sesi\u00f3n solemne por los 174 a\u00f1os de provincializaci\u00f3n. - Gobierno Aut\u00f3nomo Descentralizado de la Provincia de Esmeraldas<\/title>\n<meta name=\"robots\" content=\"index, follow, max-snippet:-1, max-image-preview:large, max-video-preview:-1\" \/>\n<link rel=\"canonical\" href=\"https:\/\/prefecturadeesmeraldas.gob.ec\/index.php\/2021\/11\/23\/se-realizo-sesion-solemne-por-los-174-anos-de-provincializacion\/\" \/>\n<meta property=\"og:locale\" content=\"es_ES\" \/>\n<meta property=\"og:type\" content=\"article\" \/>\n<meta property=\"og:title\" content=\"Se realiz\u00f3 sesi\u00f3n solemne por los 174 a\u00f1os de provincializaci\u00f3n. - Gobierno Aut\u00f3nomo Descentralizado de la Provincia de Esmeraldas\" \/>\n<meta property=\"og:description\" content=\"En un evento lleno de civismo y solemnidad, se realiz\u00f3, este s\u00e1bado 20 de noviembre, la Sesi\u00f3n Solemne por los 174 a\u00f1os de provincializaci\u00f3n de Esmeraldas, evento cumplido en el Sal\u00f3n C\u00edvico T\u00e1cito Ortiz Urriola de la Prefectura de Esmeraldas. En el desarrollo del evento, la Prefecta de Esmeraldas, Roberta Zambrano Ortiz, recibi\u00f3 distinciones y [&hellip;]\" \/>\n<meta property=\"og:url\" content=\"https:\/\/prefecturadeesmeraldas.gob.ec\/index.php\/2021\/11\/23\/se-realizo-sesion-solemne-por-los-174-anos-de-provincializacion\/\" \/>\n<meta property=\"og:site_name\" content=\"Gobierno Aut\u00f3nomo Descentralizado de la Provincia de Esmeraldas\" \/>\n<meta property=\"article:publisher\" content=\"https:\/\/www.facebook.com\/PrefecturaEsmeraldas\/\" \/>\n<meta property=\"article:published_time\" content=\"2021-11-23T14:08:15+00:00\" \/>\n<meta property=\"article:modified_time\" content=\"2021-11-23T14:09:13+00:00\" \/>\n<meta property=\"og:image\" content=\"https:\/\/prefecturadeesmeraldas.gob.ec\/wp-content\/uploads\/2021\/11\/hh..jpeg\" \/>\n\t<meta property=\"og:image:width\" content=\"1600\" \/>\n\t<meta property=\"og:image:height\" content=\"1111\" \/>\n\t<meta property=\"og:image:type\" content=\"image\/jpeg\" \/>\n<meta name=\"author\" content=\"Direcci\u00f3n de Comunicaci\u00f3n\" \/>\n<meta name=\"twitter:card\" content=\"summary_large_image\" \/>\n<meta name=\"twitter:label1\" content=\"Escrito por\" \/>\n\t<meta name=\"twitter:data1\" content=\"Direcci\u00f3n de Comunicaci\u00f3n\" \/>\n\t<meta name=\"twitter:label2\" content=\"Tiempo de lectura\" \/>\n\t<meta name=\"twitter:data2\" content=\"1 minuto\" \/>\n<script type=\"application\/ld+json\" class=\"yoast-schema-graph\">{\"@context\":\"https:\/\/schema.org\",\"@graph\":[{\"@type\":\"Article\",\"@id\":\"https:\/\/prefecturadeesmeraldas.gob.ec\/index.php\/2021\/11\/23\/se-realizo-sesion-solemne-por-los-174-anos-de-provincializacion\/#article\",\"isPartOf\":{\"@id\":\"https:\/\/prefecturadeesmeraldas.gob.ec\/index.php\/2021\/11\/23\/se-realizo-sesion-solemne-por-los-174-anos-de-provincializacion\/\"},\"author\":{\"name\":\"Direcci\u00f3n de Comunicaci\u00f3n\",\"@id\":\"https:\/\/prefecturadeesmeraldas.gob.ec\/#\/schema\/person\/b0c9e7b1ead7725994d1e319e8825234\"},\"headline\":\"Se realiz\u00f3 sesi\u00f3n solemne por los 174 a\u00f1os de provincializaci\u00f3n.\",\"datePublished\":\"2021-11-23T14:08:15+00:00\",\"dateModified\":\"2021-11-23T14:09:13+00:00\",\"mainEntityOfPage\":{\"@id\":\"https:\/\/prefecturadeesmeraldas.gob.ec\/index.php\/2021\/11\/23\/se-realizo-sesion-solemne-por-los-174-anos-de-provincializacion\/\"},\"wordCount\":264,\"publisher\":{\"@id\":\"https:\/\/prefecturadeesmeraldas.gob.ec\/#organization\"},\"image\":{\"@id\":\"https:\/\/prefecturadeesmeraldas.gob.ec\/index.php\/2021\/11\/23\/se-realizo-sesion-solemne-por-los-174-anos-de-provincializacion\/#primaryimage\"},\"thumbnailUrl\":\"https:\/\/prefecturadeesmeraldas.gob.ec\/wp-content\/uploads\/2021\/11\/hh..jpeg\",\"articleSection\":[\"Institucional\"],\"inLanguage\":\"es\"},{\"@type\":\"WebPage\",\"@id\":\"https:\/\/prefecturadeesmeraldas.gob.ec\/index.php\/2021\/11\/23\/se-realizo-sesion-solemne-por-los-174-anos-de-provincializacion\/\",\"url\":\"https:\/\/prefecturadeesmeraldas.gob.ec\/index.php\/2021\/11\/23\/se-realizo-sesion-solemne-por-los-174-anos-de-provincializacion\/\",\"name\":\"Se realiz\u00f3 sesi\u00f3n solemne por los 174 a\u00f1os de provincializaci\u00f3n. - Gobierno Aut\u00f3nomo Descentralizado de la Provincia de Esmeraldas\",\"isPartOf\":{\"@id\":\"https:\/\/prefecturadeesmeraldas.gob.ec\/#website\"},\"primaryImageOfPage\":{\"@id\":\"https:\/\/prefecturadeesmeraldas.gob.ec\/index.php\/2021\/11\/23\/se-realizo-sesion-solemne-por-los-174-anos-de-provincializacion\/#primaryimage\"},\"image\":{\"@id\":\"https:\/\/prefecturadeesmeraldas.gob.ec\/index.php\/2021\/11\/23\/se-realizo-sesion-solemne-por-los-174-anos-de-provincializacion\/#primaryimage\"},\"thumbnailUrl\":\"https:\/\/prefecturadeesmeraldas.gob.ec\/wp-content\/uploads\/2021\/11\/hh..jpeg\",\"datePublished\":\"2021-11-23T14:08:15+00:00\",\"dateModified\":\"2021-11-23T14:09:13+00:00\",\"breadcrumb\":{\"@id\":\"https:\/\/prefecturadeesmeraldas.gob.ec\/index.php\/2021\/11\/23\/se-realizo-sesion-solemne-por-los-174-anos-de-provincializacion\/#breadcrumb\"},\"inLanguage\":\"es\",\"potentialAction\":[{\"@type\":\"ReadAction\",\"target\":[\"https:\/\/prefecturadeesmeraldas.gob.ec\/index.php\/2021\/11\/23\/se-realizo-sesion-solemne-por-los-174-anos-de-provincializacion\/\"]}]},{\"@type\":\"ImageObject\",\"inLanguage\":\"es\",\"@id\":\"https:\/\/prefecturadeesmeraldas.gob.ec\/index.php\/2021\/11\/23\/se-realizo-sesion-solemne-por-los-174-anos-de-provincializacion\/#primaryimage\",\"url\":\"https:\/\/prefecturadeesmeraldas.gob.ec\/wp-content\/uploads\/2021\/11\/hh..jpeg\",\"contentUrl\":\"https:\/\/prefecturadeesmeraldas.gob.ec\/wp-content\/uploads\/2021\/11\/hh..jpeg\",\"width\":1600,\"height\":1111},{\"@type\":\"BreadcrumbList\",\"@id\":\"https:\/\/prefecturadeesmeraldas.gob.ec\/index.php\/2021\/11\/23\/se-realizo-sesion-solemne-por-los-174-anos-de-provincializacion\/#breadcrumb\",\"itemListElement\":[{\"@type\":\"ListItem\",\"position\":1,\"name\":\"Home\",\"item\":\"https:\/\/prefecturadeesmeraldas.gob.ec\/\"},{\"@type\":\"ListItem\",\"position\":2,\"name\":\"Se realiz\u00f3 sesi\u00f3n solemne por los 174 a\u00f1os de provincializaci\u00f3n.\"}]},{\"@type\":\"WebSite\",\"@id\":\"https:\/\/prefecturadeesmeraldas.gob.ec\/#website\",\"url\":\"https:\/\/prefecturadeesmeraldas.gob.ec\/\",\"name\":\"Gobierno Aut\u00f3nomo Descentralizado de la Provincia de Esmeraldas\",\"description\":\"Gobierno Aut\u00f3nomo Descentralizado de la Provincia de Esmeraldas\",\"publisher\":{\"@id\":\"https:\/\/prefecturadeesmeraldas.gob.ec\/#organization\"},\"potentialAction\":[{\"@type\":\"SearchAction\",\"target\":{\"@type\":\"EntryPoint\",\"urlTemplate\":\"https:\/\/prefecturadeesmeraldas.gob.ec\/?s={search_term_string}\"},\"query-input\":{\"@type\":\"PropertyValueSpecification\",\"valueRequired\":true,\"valueName\":\"search_term_string\"}}],\"inLanguage\":\"es\"},{\"@type\":\"Organization\",\"@id\":\"https:\/\/prefecturadeesmeraldas.gob.ec\/#organization\",\"name\":\"Gobierno Aut\u00f3nomo Descentralizado de la Provincia de Esmeraldas\",\"url\":\"https:\/\/prefecturadeesmeraldas.gob.ec\/\",\"logo\":{\"@type\":\"ImageObject\",\"inLanguage\":\"es\",\"@id\":\"https:\/\/prefecturadeesmeraldas.gob.ec\/#\/schema\/logo\/image\/\",\"url\":\"https:\/\/prefecturadeesmeraldas.gob.ec\/wp-content\/uploads\/2019\/06\/logo.png\",\"contentUrl\":\"https:\/\/prefecturadeesmeraldas.gob.ec\/wp-content\/uploads\/2019\/06\/logo.png\",\"width\":859,\"height\":448,\"caption\":\"Gobierno Aut\u00f3nomo Descentralizado de la Provincia de Esmeraldas\"},\"image\":{\"@id\":\"https:\/\/prefecturadeesmeraldas.gob.ec\/#\/schema\/logo\/image\/\"},\"sameAs\":[\"https:\/\/www.facebook.com\/PrefecturaEsmeraldas\/\"]},{\"@type\":\"Person\",\"@id\":\"https:\/\/prefecturadeesmeraldas.gob.ec\/#\/schema\/person\/b0c9e7b1ead7725994d1e319e8825234\",\"name\":\"Direcci\u00f3n de Comunicaci\u00f3n\",\"image\":{\"@type\":\"ImageObject\",\"inLanguage\":\"es\",\"@id\":\"https:\/\/prefecturadeesmeraldas.gob.ec\/#\/schema\/person\/image\/\",\"url\":\"https:\/\/secure.gravatar.com\/avatar\/74a3870a946f5d774ade3569af61a72308e07ad3346f370c4b468ee2a9858658?s=96&d=mm&r=g\",\"contentUrl\":\"https:\/\/secure.gravatar.com\/avatar\/74a3870a946f5d774ade3569af61a72308e07ad3346f370c4b468ee2a9858658?s=96&d=mm&r=g\",\"caption\":\"Direcci\u00f3n de Comunicaci\u00f3n\"}}]}<\/script>\n<!-- \/ Yoast SEO plugin. -->","yoast_head_json":{"title":"Se realiz\u00f3 sesi\u00f3n solemne por los 174 a\u00f1os de provincializaci\u00f3n. - Gobierno Aut\u00f3nomo Descentralizado de la Provincia de Esmeraldas","robots":{"index":"index","follow":"follow","max-snippet":"max-snippet:-1","max-image-preview":"max-image-preview:large","max-video-preview":"max-video-preview:-1"},"canonical":"https:\/\/prefecturadeesmeraldas.gob.ec\/index.php\/2021\/11\/23\/se-realizo-sesion-solemne-por-los-174-anos-de-provincializacion\/","og_locale":"es_ES","og_type":"article","og_title":"Se realiz\u00f3 sesi\u00f3n solemne por los 174 a\u00f1os de provincializaci\u00f3n. - Gobierno Aut\u00f3nomo Descentralizado de la Provincia de Esmeraldas","og_description":"En un evento lleno de civismo y solemnidad, se realiz\u00f3, este s\u00e1bado 20 de noviembre, la Sesi\u00f3n Solemne por los 174 a\u00f1os de provincializaci\u00f3n de Esmeraldas, evento cumplido en el Sal\u00f3n C\u00edvico T\u00e1cito Ortiz Urriola de la Prefectura de Esmeraldas. En el desarrollo del evento, la Prefecta de Esmeraldas, Roberta Zambrano Ortiz, recibi\u00f3 distinciones y [&hellip;]","og_url":"https:\/\/prefecturadeesmeraldas.gob.ec\/index.php\/2021\/11\/23\/se-realizo-sesion-solemne-por-los-174-anos-de-provincializacion\/","og_site_name":"Gobierno Aut\u00f3nomo Descentralizado de la Provincia de Esmeraldas","article_publisher":"https:\/\/www.facebook.com\/PrefecturaEsmeraldas\/","article_published_time":"2021-11-23T14:08:15+00:00","article_modified_time":"2021-11-23T14:09:13+00:00","og_image":[{"width":1600,"height":1111,"url":"https:\/\/prefecturadeesmeraldas.gob.ec\/wp-content\/uploads\/2021\/11\/hh..jpeg","type":"image\/jpeg"}],"author":"Direcci\u00f3n de Comunicaci\u00f3n","twitter_card":"summary_large_image","twitter_misc":{"Escrito por":"Direcci\u00f3n de Comunicaci\u00f3n","Tiempo de lectura":"1 minuto"},"schema":{"@context":"https:\/\/schema.org","@graph":[{"@type":"Article","@id":"https:\/\/prefecturadeesmeraldas.gob.ec\/index.php\/2021\/11\/23\/se-realizo-sesion-solemne-por-los-174-anos-de-provincializacion\/#article","isPartOf":{"@id":"https:\/\/prefecturadeesmeraldas.gob.ec\/index.php\/2021\/11\/23\/se-realizo-sesion-solemne-por-los-174-anos-de-provincializacion\/"},"author":{"name":"Direcci\u00f3n de Comunicaci\u00f3n","@id":"https:\/\/prefecturadeesmeraldas.gob.ec\/#\/schema\/person\/b0c9e7b1ead7725994d1e319e8825234"},"headline":"Se realiz\u00f3 sesi\u00f3n solemne por los 174 a\u00f1os de provincializaci\u00f3n.","datePublished":"2021-11-23T14:08:15+00:00","dateModified":"2021-11-23T14:09:13+00:00","mainEntityOfPage":{"@id":"https:\/\/prefecturadeesmeraldas.gob.ec\/index.php\/2021\/11\/23\/se-realizo-sesion-solemne-por-los-174-anos-de-provincializacion\/"},"wordCount":264,"publisher":{"@id":"https:\/\/prefecturadeesmeraldas.gob.ec\/#organization"},"image":{"@id":"https:\/\/prefecturadeesmeraldas.gob.ec\/index.php\/2021\/11\/23\/se-realizo-sesion-solemne-por-los-174-anos-de-provincializacion\/#primaryimage"},"thumbnailUrl":"https:\/\/prefecturadeesmeraldas.gob.ec\/wp-content\/uploads\/2021\/11\/hh..jpeg","articleSection":["Institucional"],"inLanguage":"es"},{"@type":"WebPage","@id":"https:\/\/prefecturadeesmeraldas.gob.ec\/index.php\/2021\/11\/23\/se-realizo-sesion-solemne-por-los-174-anos-de-provincializacion\/","url":"https:\/\/prefecturadeesmeraldas.gob.ec\/index.php\/2021\/11\/23\/se-realizo-sesion-solemne-por-los-174-anos-de-provincializacion\/","name":"Se realiz\u00f3 sesi\u00f3n solemne por los 174 a\u00f1os de provincializaci\u00f3n. - Gobierno Aut\u00f3nomo Descentralizado de la Provincia de Esmeraldas","isPartOf":{"@id":"https:\/\/prefecturadeesmeraldas.gob.ec\/#website"},"primaryImageOfPage":{"@id":"https:\/\/prefecturadeesmeraldas.gob.ec\/index.php\/2021\/11\/23\/se-realizo-sesion-solemne-por-los-174-anos-de-provincializacion\/#primaryimage"},"image":{"@id":"https:\/\/prefecturadeesmeraldas.gob.ec\/index.php\/2021\/11\/23\/se-realizo-sesion-solemne-por-los-174-anos-de-provincializacion\/#primaryimage"},"thumbnailUrl":"https:\/\/prefecturadeesmeraldas.gob.ec\/wp-content\/uploads\/2021\/11\/hh..jpeg","datePublished":"2021-11-23T14:08:15+00:00","dateModified":"2021-11-23T14:09:13+00:00","breadcrumb":{"@id":"https:\/\/prefecturadeesmeraldas.gob.ec\/index.php\/2021\/11\/23\/se-realizo-sesion-solemne-por-los-174-anos-de-provincializacion\/#breadcrumb"},"inLanguage":"es","potentialAction":[{"@type":"ReadAction","target":["https:\/\/prefecturadeesmeraldas.gob.ec\/index.php\/2021\/11\/23\/se-realizo-sesion-solemne-por-los-174-anos-de-provincializacion\/"]}]},{"@type":"ImageObject","inLanguage":"es","@id":"https:\/\/prefecturadeesmeraldas.gob.ec\/index.php\/2021\/11\/23\/se-realizo-sesion-solemne-por-los-174-anos-de-provincializacion\/#primaryimage","url":"https:\/\/prefecturadeesmeraldas.gob.ec\/wp-content\/uploads\/2021\/11\/hh..jpeg","contentUrl":"https:\/\/prefecturadeesmeraldas.gob.ec\/wp-content\/uploads\/2021\/11\/hh..jpeg","width":1600,"height":1111},{"@type":"BreadcrumbList","@id":"https:\/\/prefecturadeesmeraldas.gob.ec\/index.php\/2021\/11\/23\/se-realizo-sesion-solemne-por-los-174-anos-de-provincializacion\/#breadcrumb","itemListElement":[{"@type":"ListItem","position":1,"name":"Home","item":"https:\/\/prefecturadeesmeraldas.gob.ec\/"},{"@type":"ListItem","position":2,"name":"Se realiz\u00f3 sesi\u00f3n solemne por los 174 a\u00f1os de provincializaci\u00f3n."}]},{"@type":"WebSite","@id":"https:\/\/prefecturadeesmeraldas.gob.ec\/#website","url":"https:\/\/prefecturadeesmeraldas.gob.ec\/","name":"Gobierno Aut\u00f3nomo Descentralizado de la Provincia de Esmeraldas","description":"Gobierno Aut\u00f3nomo Descentralizado de la Provincia de Esmeraldas","publisher":{"@id":"https:\/\/prefecturadeesmeraldas.gob.ec\/#organization"},"potentialAction":[{"@type":"SearchAction","target":{"@type":"EntryPoint","urlTemplate":"https:\/\/prefecturadeesmeraldas.gob.ec\/?s={search_term_string}"},"query-input":{"@type":"PropertyValueSpecification","valueRequired":true,"valueName":"search_term_string"}}],"inLanguage":"es"},{"@type":"Organization","@id":"https:\/\/prefecturadeesmeraldas.gob.ec\/#organization","name":"Gobierno Aut\u00f3nomo Descentralizado de la Provincia de Esmeraldas","url":"https:\/\/prefecturadeesmeraldas.gob.ec\/","logo":{"@type":"ImageObject","inLanguage":"es","@id":"https:\/\/prefecturadeesmeraldas.gob.ec\/#\/schema\/logo\/image\/","url":"https:\/\/prefecturadeesmeraldas.gob.ec\/wp-content\/uploads\/2019\/06\/logo.png","contentUrl":"https:\/\/prefecturadeesmeraldas.gob.ec\/wp-content\/uploads\/2019\/06\/logo.png","width":859,"height":448,"caption":"Gobierno Aut\u00f3nomo Descentralizado de la Provincia de Esmeraldas"},"image":{"@id":"https:\/\/prefecturadeesmeraldas.gob.ec\/#\/schema\/logo\/image\/"},"sameAs":["https:\/\/www.facebook.com\/PrefecturaEsmeraldas\/"]},{"@type":"Person","@id":"https:\/\/prefecturadeesmeraldas.gob.ec\/#\/schema\/person\/b0c9e7b1ead7725994d1e319e8825234","name":"Direcci\u00f3n de Comunicaci\u00f3n","image":{"@type":"ImageObject","inLanguage":"es","@id":"https:\/\/prefecturadeesmeraldas.gob.ec\/#\/schema\/person\/image\/","url":"https:\/\/secure.gravatar.com\/avatar\/74a3870a946f5d774ade3569af61a72308e07ad3346f370c4b468ee2a9858658?s=96&d=mm&r=g","contentUrl":"https:\/\/secure.gravatar.com\/avatar\/74a3870a946f5d774ade3569af61a72308e07ad3346f370c4b468ee2a9858658?s=96&d=mm&r=g","caption":"Direcci\u00f3n de Comunicaci\u00f3n"}}]}},"_links":{"self":[{"href":"https:\/\/prefecturadeesmeraldas.gob.ec\/index.php\/wp-json\/wp\/v2\/posts\/13513","targetHints":{"allow":["GET"]}}],"collection":[{"href":"https:\/\/prefecturadeesmeraldas.gob.ec\/index.php\/wp-json\/wp\/v2\/posts"}],"about":[{"href":"https:\/\/prefecturadeesmeraldas.gob.ec\/index.php\/wp-json\/wp\/v2\/types\/post"}],"author":[{"embeddable":true,"href":"https:\/\/prefecturadeesmeraldas.gob.ec\/index.php\/wp-json\/wp\/v2\/users\/2"}],"replies":[{"embeddable":true,"href":"https:\/\/prefecturadeesmeraldas.gob.ec\/index.php\/wp-json\/wp\/v2\/comments?post=13513"}],"version-history":[{"count":0,"href":"https:\/\/prefecturadeesmeraldas.gob.ec\/index.php\/wp-json\/wp\/v2\/posts\/13513\/revisions"}],"wp:featuredmedia":[{"embeddable":true,"href":"https:\/\/prefecturadeesmeraldas.gob.ec\/index.php\/wp-json\/wp\/v2\/media\/13514"}],"wp:attachment":[{"href":"https:\/\/prefecturadeesmeraldas.gob.ec\/index.php\/wp-json\/wp\/v2\/media?parent=13513"}],"wp:term":[{"taxonomy":"category","embeddable":true,"href":"https:\/\/prefecturadeesmeraldas.gob.ec\/index.php\/wp-json\/wp\/v2\/categories?post=13513"},{"taxonomy":"post_tag","embeddable":true,"href":"https:\/\/prefecturadeesmeraldas.gob.ec\/index.php\/wp-json\/wp\/v2\/tags?post=13513"}],"curies":[{"name":"wp","href":"https:\/\/api.w.org\/{rel}","templated":true}]}}