{"id":13501,"date":"2021-11-23T08:53:40","date_gmt":"2021-11-23T13:53:40","guid":{"rendered":"https:\/\/prefecturadeesmeraldas.gob.ec\/?p=13501"},"modified":"2021-11-23T08:56:56","modified_gmt":"2021-11-23T13:56:56","slug":"reina-de-la-provincia-un-derroche-de-belleza-en-los-174-anos-de-provincializcion","status":"publish","type":"post","link":"https:\/\/prefecturadeesmeraldas.gob.ec\/index.php\/2021\/11\/23\/reina-de-la-provincia-un-derroche-de-belleza-en-los-174-anos-de-provincializcion\/","title":{"rendered":"Reina de la Provincia: un derroche de belleza en los 174 a\u00f1os de provincializaci\u00f3n."},"content":{"rendered":"\t\t<div data-elementor-type=\"wp-post\" data-elementor-id=\"13501\" class=\"elementor elementor-13501\">\n\t\t\t\t\t\t<section class=\"elementor-section elementor-top-section elementor-element elementor-element-f9234a3 elementor-section-boxed elementor-section-height-default elementor-section-height-default\" data-id=\"f9234a3\" data-element_type=\"section\">\n\t\t\t\t\t\t<div class=\"elementor-container elementor-column-gap-default\">\n\t\t\t\t\t<div class=\"elementor-column elementor-col-100 elementor-top-column elementor-element elementor-element-bab5ec4\" data-id=\"bab5ec4\" data-element_type=\"column\">\n\t\t\t<div class=\"elementor-widget-wrap elementor-element-populated\">\n\t\t\t\t\t\t<div class=\"elementor-element elementor-element-266368c elementor-widget elementor-widget-image\" data-id=\"266368c\" data-element_type=\"widget\" data-widget_type=\"image.default\">\n\t\t\t\t<div class=\"elementor-widget-container\">\n\t\t\t\t\t\t\t\t\t\t\t\t\t\t\t<img fetchpriority=\"high\" decoding=\"async\" width=\"1024\" height=\"1024\" src=\"https:\/\/prefecturadeesmeraldas.gob.ec\/wp-content\/uploads\/2021\/11\/BOLETIN-01066-1024x1024.jpg\" class=\"attachment-large size-large wp-image-13494\" alt=\"\" srcset=\"https:\/\/prefecturadeesmeraldas.gob.ec\/wp-content\/uploads\/2021\/11\/BOLETIN-01066-1024x1024.jpg 1024w, https:\/\/prefecturadeesmeraldas.gob.ec\/wp-content\/uploads\/2021\/11\/BOLETIN-01066-240x240.jpg 240w, https:\/\/prefecturadeesmeraldas.gob.ec\/wp-content\/uploads\/2021\/11\/BOLETIN-01066-1080x1080.jpg 1080w, https:\/\/prefecturadeesmeraldas.gob.ec\/wp-content\/uploads\/2021\/11\/BOLETIN-01066-150x150.jpg 150w, https:\/\/prefecturadeesmeraldas.gob.ec\/wp-content\/uploads\/2021\/11\/BOLETIN-01066-300x300.jpg 300w, https:\/\/prefecturadeesmeraldas.gob.ec\/wp-content\/uploads\/2021\/11\/BOLETIN-01066-768x768.jpg 768w, https:\/\/prefecturadeesmeraldas.gob.ec\/wp-content\/uploads\/2021\/11\/BOLETIN-01066.jpg 1171w\" sizes=\"(max-width: 1024px) 100vw, 1024px\" \/>\t\t\t\t\t\t\t\t\t\t\t\t\t\t\t<\/div>\n\t\t\t\t<\/div>\n\t\t\t\t\t<\/div>\n\t\t<\/div>\n\t\t\t\t\t<\/div>\n\t\t<\/section>\n\t\t\t\t<section class=\"elementor-section elementor-top-section elementor-element elementor-element-7a2abfa elementor-section-boxed elementor-section-height-default elementor-section-height-default\" data-id=\"7a2abfa\" data-element_type=\"section\">\n\t\t\t\t\t\t<div class=\"elementor-container elementor-column-gap-default\">\n\t\t\t\t\t<div class=\"elementor-column elementor-col-100 elementor-top-column elementor-element elementor-element-e63b1c6\" data-id=\"e63b1c6\" data-element_type=\"column\">\n\t\t\t<div class=\"elementor-widget-wrap elementor-element-populated\">\n\t\t\t\t\t\t<div class=\"elementor-element elementor-element-9e25460 elementor-widget elementor-widget-text-editor\" data-id=\"9e25460\" data-element_type=\"widget\" data-widget_type=\"text-editor.default\">\n\t\t\t\t<div class=\"elementor-widget-container\">\n\t\t\t\t\t\t\t\t\t<p>Previo al acto de elecci\u00f3n de la nueva Reina de la Provincia de Esmeraldas, las candidatas del concurso \u201cBelleza y Turismo 2021\u201d, iniciaron su agenda protocolaria visitando el Consultorio Odontol\u00f3gico Mily Dental&#8217;s, ubicado en la av. Eloy Alfaro entre Quito y Ricaurte, realiz\u00e1ndose un tratamiento de higiene dental.<\/p><p><\/p><p>La Odont\u00f3loga, Carola Reyna, propietaria de Mily Dental\u00b4s, se\u00f1al\u00f3 que a cada una de las candidatas les hizo profilaxis y flourizaci\u00f3n para la buena salud e higiene dental, adem\u00e1s entreg\u00f3 kits de higiene para la salud bucal.<\/p><p><\/p><p>Posterior, las siete candidatas visitaron Victoria Spa &amp; Est\u00e9tica Integral, ubicado en la Urbanizaci\u00f3n Balcones de Tachina, del cant\u00f3n Esmeraldas, donde fueron recibida por Victoria Cede\u00f1o, propietaria del Spa y brind\u00f3 un recorrido por sus amplias, modernas y c\u00f3modas instalaciones, entregando kits de belleza para el cuidado corporal y facial.<\/p><p><\/p><p>Recibieron un delicioso almuerzo por nuestro auspiciante Cafeter\u00eda &amp; Restaurant Bol\u00edvar, ubicado en el sector Las Palmas, donde las candidatas pasaron un momento muy agradable.<\/p><p><\/p><p>Tanya Nazareno, propietaria de Bolones Bol\u00edvar brind\u00f3 un delicioso platillo a base de mariscos y comparti\u00f3 an\u00e9cdotas con las bellas delegadas de cada cant\u00f3n. Felicit\u00f3 el accionar de la Prefecta Roberta Zambrano por impulsar el turismo en la provincia a trav\u00e9s de este certamen.<\/p><p><\/p><p>Luego, las candidatas a Reina de la Provincia visitaron las instalaciones de la Cooperativa Polic\u00eda Nacional CPN, La Corporaci\u00f3n Nacional de Telecomunicaciones CNT, Master Key English, auspiciantes oficiales del reinado y que el d\u00eda de la elecci\u00f3n entregar\u00e1n fabulosos premios a la futura soberana.<\/p><p><\/p><p><\/p><p><\/p><p>Al caer la noche, recibieron t\u00e9cnicas de maquillaje gracias al auspicio de Glamorous Remi y termino sus jornadas con una deliciosa cena en Carb\u00f3n y Le\u00f1os Parrillada, ubicado en el sector Las Palmas.<\/p>\t\t\t\t\t\t\t\t<\/div>\n\t\t\t\t<\/div>\n\t\t\t\t\t<\/div>\n\t\t<\/div>\n\t\t\t\t\t<\/div>\n\t\t<\/section>\n\t\t\t\t<\/div>\n\t\t","protected":false},"excerpt":{"rendered":"<p>Previo al acto de elecci\u00f3n de la nueva Reina de la Provincia de Esmeraldas, las candidatas del concurso \u201cBelleza y Turismo 2021\u201d, iniciaron su agenda protocolaria visitando el Consultorio Odontol\u00f3gico Mily Dental&#8217;s, ubicado en la av. Eloy Alfaro entre Quito y Ricaurte, realiz\u00e1ndose un tratamiento de higiene dental. La Odont\u00f3loga, Carola Reyna, propietaria de Mily [&hellip;]<\/p>\n","protected":false},"author":2,"featured_media":13494,"comment_status":"closed","ping_status":"open","sticky":false,"template":"","format":"standard","meta":{"footnotes":""},"categories":[25],"tags":[],"class_list":["post-13501","post","type-post","status-publish","format-standard","has-post-thumbnail","hentry","category-comunicacion-social"],"yoast_head":"<!-- This site is optimized with the Yoast SEO plugin v25.7 - https:\/\/yoast.com\/wordpress\/plugins\/seo\/ -->\n<title>Reina de la Provincia: un derroche de belleza en los 174 a\u00f1os de provincializaci\u00f3n. - Gobierno Aut\u00f3nomo Descentralizado de la Provincia de Esmeraldas<\/title>\n<meta name=\"robots\" content=\"index, follow, max-snippet:-1, max-image-preview:large, max-video-preview:-1\" \/>\n<link rel=\"canonical\" href=\"https:\/\/prefecturadeesmeraldas.gob.ec\/index.php\/2021\/11\/23\/reina-de-la-provincia-un-derroche-de-belleza-en-los-174-anos-de-provincializcion\/\" \/>\n<meta property=\"og:locale\" content=\"es_ES\" \/>\n<meta property=\"og:type\" content=\"article\" \/>\n<meta property=\"og:title\" content=\"Reina de la Provincia: un derroche de belleza en los 174 a\u00f1os de provincializaci\u00f3n. - Gobierno Aut\u00f3nomo Descentralizado de la Provincia de Esmeraldas\" \/>\n<meta property=\"og:description\" content=\"Previo al acto de elecci\u00f3n de la nueva Reina de la Provincia de Esmeraldas, las candidatas del concurso \u201cBelleza y Turismo 2021\u201d, iniciaron su agenda protocolaria visitando el Consultorio Odontol\u00f3gico Mily Dental&#8217;s, ubicado en la av. Eloy Alfaro entre Quito y Ricaurte, realiz\u00e1ndose un tratamiento de higiene dental. La Odont\u00f3loga, Carola Reyna, propietaria de Mily [&hellip;]\" \/>\n<meta property=\"og:url\" content=\"https:\/\/prefecturadeesmeraldas.gob.ec\/index.php\/2021\/11\/23\/reina-de-la-provincia-un-derroche-de-belleza-en-los-174-anos-de-provincializcion\/\" \/>\n<meta property=\"og:site_name\" content=\"Gobierno Aut\u00f3nomo Descentralizado de la Provincia de Esmeraldas\" \/>\n<meta property=\"article:publisher\" content=\"https:\/\/www.facebook.com\/PrefecturaEsmeraldas\/\" \/>\n<meta property=\"article:published_time\" content=\"2021-11-23T13:53:40+00:00\" \/>\n<meta property=\"article:modified_time\" content=\"2021-11-23T13:56:56+00:00\" \/>\n<meta property=\"og:image\" content=\"https:\/\/prefecturadeesmeraldas.gob.ec\/wp-content\/uploads\/2021\/11\/BOLETIN-01066.jpg\" \/>\n\t<meta property=\"og:image:width\" content=\"1171\" \/>\n\t<meta property=\"og:image:height\" content=\"1171\" \/>\n\t<meta property=\"og:image:type\" content=\"image\/jpeg\" \/>\n<meta name=\"author\" content=\"Direcci\u00f3n de Comunicaci\u00f3n\" \/>\n<meta name=\"twitter:card\" content=\"summary_large_image\" \/>\n<meta name=\"twitter:label1\" content=\"Escrito por\" \/>\n\t<meta name=\"twitter:data1\" content=\"Direcci\u00f3n de Comunicaci\u00f3n\" \/>\n\t<meta name=\"twitter:label2\" content=\"Tiempo de lectura\" \/>\n\t<meta name=\"twitter:data2\" content=\"2 minutos\" \/>\n<script type=\"application\/ld+json\" class=\"yoast-schema-graph\">{\"@context\":\"https:\/\/schema.org\",\"@graph\":[{\"@type\":\"Article\",\"@id\":\"https:\/\/prefecturadeesmeraldas.gob.ec\/index.php\/2021\/11\/23\/reina-de-la-provincia-un-derroche-de-belleza-en-los-174-anos-de-provincializcion\/#article\",\"isPartOf\":{\"@id\":\"https:\/\/prefecturadeesmeraldas.gob.ec\/index.php\/2021\/11\/23\/reina-de-la-provincia-un-derroche-de-belleza-en-los-174-anos-de-provincializcion\/\"},\"author\":{\"name\":\"Direcci\u00f3n de Comunicaci\u00f3n\",\"@id\":\"https:\/\/prefecturadeesmeraldas.gob.ec\/#\/schema\/person\/b0c9e7b1ead7725994d1e319e8825234\"},\"headline\":\"Reina de la Provincia: un derroche de belleza en los 174 a\u00f1os de provincializaci\u00f3n.\",\"datePublished\":\"2021-11-23T13:53:40+00:00\",\"dateModified\":\"2021-11-23T13:56:56+00:00\",\"mainEntityOfPage\":{\"@id\":\"https:\/\/prefecturadeesmeraldas.gob.ec\/index.php\/2021\/11\/23\/reina-de-la-provincia-un-derroche-de-belleza-en-los-174-anos-de-provincializcion\/\"},\"wordCount\":323,\"publisher\":{\"@id\":\"https:\/\/prefecturadeesmeraldas.gob.ec\/#organization\"},\"image\":{\"@id\":\"https:\/\/prefecturadeesmeraldas.gob.ec\/index.php\/2021\/11\/23\/reina-de-la-provincia-un-derroche-de-belleza-en-los-174-anos-de-provincializcion\/#primaryimage\"},\"thumbnailUrl\":\"https:\/\/prefecturadeesmeraldas.gob.ec\/wp-content\/uploads\/2021\/11\/BOLETIN-01066.jpg\",\"articleSection\":[\"Comunicaci\u00f3n Social\"],\"inLanguage\":\"es\"},{\"@type\":\"WebPage\",\"@id\":\"https:\/\/prefecturadeesmeraldas.gob.ec\/index.php\/2021\/11\/23\/reina-de-la-provincia-un-derroche-de-belleza-en-los-174-anos-de-provincializcion\/\",\"url\":\"https:\/\/prefecturadeesmeraldas.gob.ec\/index.php\/2021\/11\/23\/reina-de-la-provincia-un-derroche-de-belleza-en-los-174-anos-de-provincializcion\/\",\"name\":\"Reina de la Provincia: un derroche de belleza en los 174 a\u00f1os de provincializaci\u00f3n. - Gobierno Aut\u00f3nomo Descentralizado de la Provincia de Esmeraldas\",\"isPartOf\":{\"@id\":\"https:\/\/prefecturadeesmeraldas.gob.ec\/#website\"},\"primaryImageOfPage\":{\"@id\":\"https:\/\/prefecturadeesmeraldas.gob.ec\/index.php\/2021\/11\/23\/reina-de-la-provincia-un-derroche-de-belleza-en-los-174-anos-de-provincializcion\/#primaryimage\"},\"image\":{\"@id\":\"https:\/\/prefecturadeesmeraldas.gob.ec\/index.php\/2021\/11\/23\/reina-de-la-provincia-un-derroche-de-belleza-en-los-174-anos-de-provincializcion\/#primaryimage\"},\"thumbnailUrl\":\"https:\/\/prefecturadeesmeraldas.gob.ec\/wp-content\/uploads\/2021\/11\/BOLETIN-01066.jpg\",\"datePublished\":\"2021-11-23T13:53:40+00:00\",\"dateModified\":\"2021-11-23T13:56:56+00:00\",\"breadcrumb\":{\"@id\":\"https:\/\/prefecturadeesmeraldas.gob.ec\/index.php\/2021\/11\/23\/reina-de-la-provincia-un-derroche-de-belleza-en-los-174-anos-de-provincializcion\/#breadcrumb\"},\"inLanguage\":\"es\",\"potentialAction\":[{\"@type\":\"ReadAction\",\"target\":[\"https:\/\/prefecturadeesmeraldas.gob.ec\/index.php\/2021\/11\/23\/reina-de-la-provincia-un-derroche-de-belleza-en-los-174-anos-de-provincializcion\/\"]}]},{\"@type\":\"ImageObject\",\"inLanguage\":\"es\",\"@id\":\"https:\/\/prefecturadeesmeraldas.gob.ec\/index.php\/2021\/11\/23\/reina-de-la-provincia-un-derroche-de-belleza-en-los-174-anos-de-provincializcion\/#primaryimage\",\"url\":\"https:\/\/prefecturadeesmeraldas.gob.ec\/wp-content\/uploads\/2021\/11\/BOLETIN-01066.jpg\",\"contentUrl\":\"https:\/\/prefecturadeesmeraldas.gob.ec\/wp-content\/uploads\/2021\/11\/BOLETIN-01066.jpg\",\"width\":1171,\"height\":1171},{\"@type\":\"BreadcrumbList\",\"@id\":\"https:\/\/prefecturadeesmeraldas.gob.ec\/index.php\/2021\/11\/23\/reina-de-la-provincia-un-derroche-de-belleza-en-los-174-anos-de-provincializcion\/#breadcrumb\",\"itemListElement\":[{\"@type\":\"ListItem\",\"position\":1,\"name\":\"Home\",\"item\":\"https:\/\/prefecturadeesmeraldas.gob.ec\/\"},{\"@type\":\"ListItem\",\"position\":2,\"name\":\"Reina de la Provincia: un derroche de belleza en los 174 a\u00f1os de provincializaci\u00f3n.\"}]},{\"@type\":\"WebSite\",\"@id\":\"https:\/\/prefecturadeesmeraldas.gob.ec\/#website\",\"url\":\"https:\/\/prefecturadeesmeraldas.gob.ec\/\",\"name\":\"Gobierno Aut\u00f3nomo Descentralizado de la Provincia de Esmeraldas\",\"description\":\"Gobierno Aut\u00f3nomo Descentralizado de la Provincia de Esmeraldas\",\"publisher\":{\"@id\":\"https:\/\/prefecturadeesmeraldas.gob.ec\/#organization\"},\"potentialAction\":[{\"@type\":\"SearchAction\",\"target\":{\"@type\":\"EntryPoint\",\"urlTemplate\":\"https:\/\/prefecturadeesmeraldas.gob.ec\/?s={search_term_string}\"},\"query-input\":{\"@type\":\"PropertyValueSpecification\",\"valueRequired\":true,\"valueName\":\"search_term_string\"}}],\"inLanguage\":\"es\"},{\"@type\":\"Organization\",\"@id\":\"https:\/\/prefecturadeesmeraldas.gob.ec\/#organization\",\"name\":\"Gobierno Aut\u00f3nomo Descentralizado de la Provincia de Esmeraldas\",\"url\":\"https:\/\/prefecturadeesmeraldas.gob.ec\/\",\"logo\":{\"@type\":\"ImageObject\",\"inLanguage\":\"es\",\"@id\":\"https:\/\/prefecturadeesmeraldas.gob.ec\/#\/schema\/logo\/image\/\",\"url\":\"https:\/\/prefecturadeesmeraldas.gob.ec\/wp-content\/uploads\/2019\/06\/logo.png\",\"contentUrl\":\"https:\/\/prefecturadeesmeraldas.gob.ec\/wp-content\/uploads\/2019\/06\/logo.png\",\"width\":859,\"height\":448,\"caption\":\"Gobierno Aut\u00f3nomo Descentralizado de la Provincia de Esmeraldas\"},\"image\":{\"@id\":\"https:\/\/prefecturadeesmeraldas.gob.ec\/#\/schema\/logo\/image\/\"},\"sameAs\":[\"https:\/\/www.facebook.com\/PrefecturaEsmeraldas\/\"]},{\"@type\":\"Person\",\"@id\":\"https:\/\/prefecturadeesmeraldas.gob.ec\/#\/schema\/person\/b0c9e7b1ead7725994d1e319e8825234\",\"name\":\"Direcci\u00f3n de Comunicaci\u00f3n\",\"image\":{\"@type\":\"ImageObject\",\"inLanguage\":\"es\",\"@id\":\"https:\/\/prefecturadeesmeraldas.gob.ec\/#\/schema\/person\/image\/\",\"url\":\"https:\/\/secure.gravatar.com\/avatar\/74a3870a946f5d774ade3569af61a72308e07ad3346f370c4b468ee2a9858658?s=96&d=mm&r=g\",\"contentUrl\":\"https:\/\/secure.gravatar.com\/avatar\/74a3870a946f5d774ade3569af61a72308e07ad3346f370c4b468ee2a9858658?s=96&d=mm&r=g\",\"caption\":\"Direcci\u00f3n de Comunicaci\u00f3n\"}}]}<\/script>\n<!-- \/ Yoast SEO plugin. -->","yoast_head_json":{"title":"Reina de la Provincia: un derroche de belleza en los 174 a\u00f1os de provincializaci\u00f3n. - Gobierno Aut\u00f3nomo Descentralizado de la Provincia de Esmeraldas","robots":{"index":"index","follow":"follow","max-snippet":"max-snippet:-1","max-image-preview":"max-image-preview:large","max-video-preview":"max-video-preview:-1"},"canonical":"https:\/\/prefecturadeesmeraldas.gob.ec\/index.php\/2021\/11\/23\/reina-de-la-provincia-un-derroche-de-belleza-en-los-174-anos-de-provincializcion\/","og_locale":"es_ES","og_type":"article","og_title":"Reina de la Provincia: un derroche de belleza en los 174 a\u00f1os de provincializaci\u00f3n. - Gobierno Aut\u00f3nomo Descentralizado de la Provincia de Esmeraldas","og_description":"Previo al acto de elecci\u00f3n de la nueva Reina de la Provincia de Esmeraldas, las candidatas del concurso \u201cBelleza y Turismo 2021\u201d, iniciaron su agenda protocolaria visitando el Consultorio Odontol\u00f3gico Mily Dental&#8217;s, ubicado en la av. Eloy Alfaro entre Quito y Ricaurte, realiz\u00e1ndose un tratamiento de higiene dental. La Odont\u00f3loga, Carola Reyna, propietaria de Mily [&hellip;]","og_url":"https:\/\/prefecturadeesmeraldas.gob.ec\/index.php\/2021\/11\/23\/reina-de-la-provincia-un-derroche-de-belleza-en-los-174-anos-de-provincializcion\/","og_site_name":"Gobierno Aut\u00f3nomo Descentralizado de la Provincia de Esmeraldas","article_publisher":"https:\/\/www.facebook.com\/PrefecturaEsmeraldas\/","article_published_time":"2021-11-23T13:53:40+00:00","article_modified_time":"2021-11-23T13:56:56+00:00","og_image":[{"width":1171,"height":1171,"url":"https:\/\/prefecturadeesmeraldas.gob.ec\/wp-content\/uploads\/2021\/11\/BOLETIN-01066.jpg","type":"image\/jpeg"}],"author":"Direcci\u00f3n de Comunicaci\u00f3n","twitter_card":"summary_large_image","twitter_misc":{"Escrito por":"Direcci\u00f3n de Comunicaci\u00f3n","Tiempo de lectura":"2 minutos"},"schema":{"@context":"https:\/\/schema.org","@graph":[{"@type":"Article","@id":"https:\/\/prefecturadeesmeraldas.gob.ec\/index.php\/2021\/11\/23\/reina-de-la-provincia-un-derroche-de-belleza-en-los-174-anos-de-provincializcion\/#article","isPartOf":{"@id":"https:\/\/prefecturadeesmeraldas.gob.ec\/index.php\/2021\/11\/23\/reina-de-la-provincia-un-derroche-de-belleza-en-los-174-anos-de-provincializcion\/"},"author":{"name":"Direcci\u00f3n de Comunicaci\u00f3n","@id":"https:\/\/prefecturadeesmeraldas.gob.ec\/#\/schema\/person\/b0c9e7b1ead7725994d1e319e8825234"},"headline":"Reina de la Provincia: un derroche de belleza en los 174 a\u00f1os de provincializaci\u00f3n.","datePublished":"2021-11-23T13:53:40+00:00","dateModified":"2021-11-23T13:56:56+00:00","mainEntityOfPage":{"@id":"https:\/\/prefecturadeesmeraldas.gob.ec\/index.php\/2021\/11\/23\/reina-de-la-provincia-un-derroche-de-belleza-en-los-174-anos-de-provincializcion\/"},"wordCount":323,"publisher":{"@id":"https:\/\/prefecturadeesmeraldas.gob.ec\/#organization"},"image":{"@id":"https:\/\/prefecturadeesmeraldas.gob.ec\/index.php\/2021\/11\/23\/reina-de-la-provincia-un-derroche-de-belleza-en-los-174-anos-de-provincializcion\/#primaryimage"},"thumbnailUrl":"https:\/\/prefecturadeesmeraldas.gob.ec\/wp-content\/uploads\/2021\/11\/BOLETIN-01066.jpg","articleSection":["Comunicaci\u00f3n Social"],"inLanguage":"es"},{"@type":"WebPage","@id":"https:\/\/prefecturadeesmeraldas.gob.ec\/index.php\/2021\/11\/23\/reina-de-la-provincia-un-derroche-de-belleza-en-los-174-anos-de-provincializcion\/","url":"https:\/\/prefecturadeesmeraldas.gob.ec\/index.php\/2021\/11\/23\/reina-de-la-provincia-un-derroche-de-belleza-en-los-174-anos-de-provincializcion\/","name":"Reina de la Provincia: un derroche de belleza en los 174 a\u00f1os de provincializaci\u00f3n. - Gobierno Aut\u00f3nomo Descentralizado de la Provincia de Esmeraldas","isPartOf":{"@id":"https:\/\/prefecturadeesmeraldas.gob.ec\/#website"},"primaryImageOfPage":{"@id":"https:\/\/prefecturadeesmeraldas.gob.ec\/index.php\/2021\/11\/23\/reina-de-la-provincia-un-derroche-de-belleza-en-los-174-anos-de-provincializcion\/#primaryimage"},"image":{"@id":"https:\/\/prefecturadeesmeraldas.gob.ec\/index.php\/2021\/11\/23\/reina-de-la-provincia-un-derroche-de-belleza-en-los-174-anos-de-provincializcion\/#primaryimage"},"thumbnailUrl":"https:\/\/prefecturadeesmeraldas.gob.ec\/wp-content\/uploads\/2021\/11\/BOLETIN-01066.jpg","datePublished":"2021-11-23T13:53:40+00:00","dateModified":"2021-11-23T13:56:56+00:00","breadcrumb":{"@id":"https:\/\/prefecturadeesmeraldas.gob.ec\/index.php\/2021\/11\/23\/reina-de-la-provincia-un-derroche-de-belleza-en-los-174-anos-de-provincializcion\/#breadcrumb"},"inLanguage":"es","potentialAction":[{"@type":"ReadAction","target":["https:\/\/prefecturadeesmeraldas.gob.ec\/index.php\/2021\/11\/23\/reina-de-la-provincia-un-derroche-de-belleza-en-los-174-anos-de-provincializcion\/"]}]},{"@type":"ImageObject","inLanguage":"es","@id":"https:\/\/prefecturadeesmeraldas.gob.ec\/index.php\/2021\/11\/23\/reina-de-la-provincia-un-derroche-de-belleza-en-los-174-anos-de-provincializcion\/#primaryimage","url":"https:\/\/prefecturadeesmeraldas.gob.ec\/wp-content\/uploads\/2021\/11\/BOLETIN-01066.jpg","contentUrl":"https:\/\/prefecturadeesmeraldas.gob.ec\/wp-content\/uploads\/2021\/11\/BOLETIN-01066.jpg","width":1171,"height":1171},{"@type":"BreadcrumbList","@id":"https:\/\/prefecturadeesmeraldas.gob.ec\/index.php\/2021\/11\/23\/reina-de-la-provincia-un-derroche-de-belleza-en-los-174-anos-de-provincializcion\/#breadcrumb","itemListElement":[{"@type":"ListItem","position":1,"name":"Home","item":"https:\/\/prefecturadeesmeraldas.gob.ec\/"},{"@type":"ListItem","position":2,"name":"Reina de la Provincia: un derroche de belleza en los 174 a\u00f1os de provincializaci\u00f3n."}]},{"@type":"WebSite","@id":"https:\/\/prefecturadeesmeraldas.gob.ec\/#website","url":"https:\/\/prefecturadeesmeraldas.gob.ec\/","name":"Gobierno Aut\u00f3nomo Descentralizado de la Provincia de Esmeraldas","description":"Gobierno Aut\u00f3nomo Descentralizado de la Provincia de Esmeraldas","publisher":{"@id":"https:\/\/prefecturadeesmeraldas.gob.ec\/#organization"},"potentialAction":[{"@type":"SearchAction","target":{"@type":"EntryPoint","urlTemplate":"https:\/\/prefecturadeesmeraldas.gob.ec\/?s={search_term_string}"},"query-input":{"@type":"PropertyValueSpecification","valueRequired":true,"valueName":"search_term_string"}}],"inLanguage":"es"},{"@type":"Organization","@id":"https:\/\/prefecturadeesmeraldas.gob.ec\/#organization","name":"Gobierno Aut\u00f3nomo Descentralizado de la Provincia de Esmeraldas","url":"https:\/\/prefecturadeesmeraldas.gob.ec\/","logo":{"@type":"ImageObject","inLanguage":"es","@id":"https:\/\/prefecturadeesmeraldas.gob.ec\/#\/schema\/logo\/image\/","url":"https:\/\/prefecturadeesmeraldas.gob.ec\/wp-content\/uploads\/2019\/06\/logo.png","contentUrl":"https:\/\/prefecturadeesmeraldas.gob.ec\/wp-content\/uploads\/2019\/06\/logo.png","width":859,"height":448,"caption":"Gobierno Aut\u00f3nomo Descentralizado de la Provincia de Esmeraldas"},"image":{"@id":"https:\/\/prefecturadeesmeraldas.gob.ec\/#\/schema\/logo\/image\/"},"sameAs":["https:\/\/www.facebook.com\/PrefecturaEsmeraldas\/"]},{"@type":"Person","@id":"https:\/\/prefecturadeesmeraldas.gob.ec\/#\/schema\/person\/b0c9e7b1ead7725994d1e319e8825234","name":"Direcci\u00f3n de Comunicaci\u00f3n","image":{"@type":"ImageObject","inLanguage":"es","@id":"https:\/\/prefecturadeesmeraldas.gob.ec\/#\/schema\/person\/image\/","url":"https:\/\/secure.gravatar.com\/avatar\/74a3870a946f5d774ade3569af61a72308e07ad3346f370c4b468ee2a9858658?s=96&d=mm&r=g","contentUrl":"https:\/\/secure.gravatar.com\/avatar\/74a3870a946f5d774ade3569af61a72308e07ad3346f370c4b468ee2a9858658?s=96&d=mm&r=g","caption":"Direcci\u00f3n de Comunicaci\u00f3n"}}]}},"_links":{"self":[{"href":"https:\/\/prefecturadeesmeraldas.gob.ec\/index.php\/wp-json\/wp\/v2\/posts\/13501","targetHints":{"allow":["GET"]}}],"collection":[{"href":"https:\/\/prefecturadeesmeraldas.gob.ec\/index.php\/wp-json\/wp\/v2\/posts"}],"about":[{"href":"https:\/\/prefecturadeesmeraldas.gob.ec\/index.php\/wp-json\/wp\/v2\/types\/post"}],"author":[{"embeddable":true,"href":"https:\/\/prefecturadeesmeraldas.gob.ec\/index.php\/wp-json\/wp\/v2\/users\/2"}],"replies":[{"embeddable":true,"href":"https:\/\/prefecturadeesmeraldas.gob.ec\/index.php\/wp-json\/wp\/v2\/comments?post=13501"}],"version-history":[{"count":0,"href":"https:\/\/prefecturadeesmeraldas.gob.ec\/index.php\/wp-json\/wp\/v2\/posts\/13501\/revisions"}],"wp:featuredmedia":[{"embeddable":true,"href":"https:\/\/prefecturadeesmeraldas.gob.ec\/index.php\/wp-json\/wp\/v2\/media\/13494"}],"wp:attachment":[{"href":"https:\/\/prefecturadeesmeraldas.gob.ec\/index.php\/wp-json\/wp\/v2\/media?parent=13501"}],"wp:term":[{"taxonomy":"category","embeddable":true,"href":"https:\/\/prefecturadeesmeraldas.gob.ec\/index.php\/wp-json\/wp\/v2\/categories?post=13501"},{"taxonomy":"post_tag","embeddable":true,"href":"https:\/\/prefecturadeesmeraldas.gob.ec\/index.php\/wp-json\/wp\/v2\/tags?post=13501"}],"curies":[{"name":"wp","href":"https:\/\/api.w.org\/{rel}","templated":true}]}}