{"id":13457,"date":"2021-11-16T11:07:43","date_gmt":"2021-11-16T16:07:43","guid":{"rendered":"https:\/\/prefecturadeesmeraldas.gob.ec\/?p=13457"},"modified":"2021-11-16T11:08:36","modified_gmt":"2021-11-16T16:08:36","slug":"prefecta-roberta-zambrano-inauguro-el-puente-sobre-el-rio-zapallito","status":"publish","type":"post","link":"https:\/\/prefecturadeesmeraldas.gob.ec\/index.php\/2021\/11\/16\/prefecta-roberta-zambrano-inauguro-el-puente-sobre-el-rio-zapallito\/","title":{"rendered":"Prefecta Roberta Zambrano inaugur\u00f3 el puente sobre el rio Zapallito."},"content":{"rendered":"\t\t<div data-elementor-type=\"wp-post\" data-elementor-id=\"13457\" class=\"elementor elementor-13457\">\n\t\t\t\t\t\t<section class=\"elementor-section elementor-top-section elementor-element elementor-element-b8f5daf elementor-section-boxed elementor-section-height-default elementor-section-height-default\" data-id=\"b8f5daf\" data-element_type=\"section\">\n\t\t\t\t\t\t<div class=\"elementor-container elementor-column-gap-default\">\n\t\t\t\t\t<div class=\"elementor-column elementor-col-100 elementor-top-column elementor-element elementor-element-605a018\" data-id=\"605a018\" data-element_type=\"column\">\n\t\t\t<div class=\"elementor-widget-wrap elementor-element-populated\">\n\t\t\t\t\t\t<div class=\"elementor-element elementor-element-4186bf3 elementor-widget elementor-widget-image\" data-id=\"4186bf3\" data-element_type=\"widget\" data-widget_type=\"image.default\">\n\t\t\t\t<div class=\"elementor-widget-container\">\n\t\t\t\t\t\t\t\t\t\t\t\t\t\t\t<img fetchpriority=\"high\" decoding=\"async\" width=\"1024\" height=\"1024\" src=\"https:\/\/prefecturadeesmeraldas.gob.ec\/wp-content\/uploads\/2021\/11\/WhatsApp-Image-2021-11-15-at-07.51.43-1024x1024.jpeg\" class=\"attachment-large size-large wp-image-13458\" alt=\"\" srcset=\"https:\/\/prefecturadeesmeraldas.gob.ec\/wp-content\/uploads\/2021\/11\/WhatsApp-Image-2021-11-15-at-07.51.43-1024x1024.jpeg 1024w, https:\/\/prefecturadeesmeraldas.gob.ec\/wp-content\/uploads\/2021\/11\/WhatsApp-Image-2021-11-15-at-07.51.43-240x240.jpeg 240w, https:\/\/prefecturadeesmeraldas.gob.ec\/wp-content\/uploads\/2021\/11\/WhatsApp-Image-2021-11-15-at-07.51.43-1080x1080.jpeg 1080w, https:\/\/prefecturadeesmeraldas.gob.ec\/wp-content\/uploads\/2021\/11\/WhatsApp-Image-2021-11-15-at-07.51.43-150x150.jpeg 150w, https:\/\/prefecturadeesmeraldas.gob.ec\/wp-content\/uploads\/2021\/11\/WhatsApp-Image-2021-11-15-at-07.51.43-300x300.jpeg 300w, https:\/\/prefecturadeesmeraldas.gob.ec\/wp-content\/uploads\/2021\/11\/WhatsApp-Image-2021-11-15-at-07.51.43-768x768.jpeg 768w, https:\/\/prefecturadeesmeraldas.gob.ec\/wp-content\/uploads\/2021\/11\/WhatsApp-Image-2021-11-15-at-07.51.43.jpeg 1280w\" sizes=\"(max-width: 1024px) 100vw, 1024px\" \/>\t\t\t\t\t\t\t\t\t\t\t\t\t\t\t<\/div>\n\t\t\t\t<\/div>\n\t\t\t\t\t<\/div>\n\t\t<\/div>\n\t\t\t\t\t<\/div>\n\t\t<\/section>\n\t\t\t\t<section class=\"elementor-section elementor-top-section elementor-element elementor-element-cc6d9c4 elementor-section-boxed elementor-section-height-default elementor-section-height-default\" data-id=\"cc6d9c4\" data-element_type=\"section\">\n\t\t\t\t\t\t<div class=\"elementor-container elementor-column-gap-default\">\n\t\t\t\t\t<div class=\"elementor-column elementor-col-100 elementor-top-column elementor-element elementor-element-b2add19\" data-id=\"b2add19\" data-element_type=\"column\">\n\t\t\t<div class=\"elementor-widget-wrap elementor-element-populated\">\n\t\t\t\t\t\t<div class=\"elementor-element elementor-element-5f69e4a elementor-widget elementor-widget-text-editor\" data-id=\"5f69e4a\" data-element_type=\"widget\" data-widget_type=\"text-editor.default\">\n\t\t\t\t<div class=\"elementor-widget-container\">\n\t\t\t\t\t\t\t\t\t<p>En un colorido evento, lleno de mucha alegr\u00eda, habitantes de m\u00e1s de 50 comunidades, especialmente chachis y afrodescendientes, se dieron cita en la comunidad Juan Montalvo \u2013 Aqu\u00ed me quedo, zona rural del cant\u00f3n Eloy Alfaro, donde fueron parte del evento en el cual la prefecta <strong>Roberta Zambrano<\/strong>, solemniz\u00f3 la inauguraci\u00f3n del puente sobre el r\u00edo Zapallito.<\/p><p>Cientos de moradores de los sectores beneficiados, no paraban de bailar sobre el viaducto, como se\u00f1al de alegr\u00eda al verse cristalizada una obra requerida desde hace m\u00e1s de 40 a\u00f1os, que se hizo realidad seg\u00fan varios de los presentes; \u201c<strong>gracias a la decisi\u00f3n de Roberta, una mujer, que s\u00ed cumple<\/strong>\u201d.<\/p><p>En este sector, es el segundo puente mixto, con estructura met\u00e1lica y capacidad para soportar hasta 48 toneladas, inaugurado por la Prefectura de Esmeraldas en menos de 1 a\u00f1o.<\/p><p><strong>Roberta Zambrano<\/strong>, prefecta de Esmeraldas, dijo que las obras en la zona no se detendr\u00e1n y aspira a continuar realizando auto gesti\u00f3n para poder ayudando.<\/p><p><strong>Washington Borja<\/strong>, l\u00edder de la comunidad de Juan Montalvo, reiter\u00f3 una vez m\u00e1s el agradecimiento por parte de su comunidad, tomada en cuenta con dignidad.<\/p><p><strong>Natasha Nazareno,<\/strong> representante del grupo de mujeres afro, aprovech\u00f3 para entregar un reconocimiento a la prefecta de Esmeraldas, por cambiar la historia de una poblaci\u00f3n que existe desde hace m\u00e1s de 400 a\u00f1os.<\/p><p>Mientras que Gabriel A\u00f1apa, l\u00edder ind\u00edgena Chachi, en representaci\u00f3n de las comunidades beneficiadas, dijo confiando en quien les ha devuelto la esperanza de alcanzar el desarrollo, \u201cRoberta nuestra Prefecta\u201d; indic\u00f3.<\/p>\t\t\t\t\t\t\t\t<\/div>\n\t\t\t\t<\/div>\n\t\t\t\t\t<\/div>\n\t\t<\/div>\n\t\t\t\t\t<\/div>\n\t\t<\/section>\n\t\t\t\t<\/div>\n\t\t","protected":false},"excerpt":{"rendered":"<p>En un colorido evento, lleno de mucha alegr\u00eda, habitantes de m\u00e1s de 50 comunidades, especialmente chachis y afrodescendientes, se dieron cita en la comunidad Juan Montalvo \u2013 Aqu\u00ed me quedo, zona rural del cant\u00f3n Eloy Alfaro, donde fueron parte del evento en el cual la prefecta Roberta Zambrano, solemniz\u00f3 la inauguraci\u00f3n del puente sobre el [&hellip;]<\/p>\n","protected":false},"author":2,"featured_media":13458,"comment_status":"closed","ping_status":"open","sticky":false,"template":"","format":"standard","meta":{"footnotes":""},"categories":[14],"tags":[],"class_list":["post-13457","post","type-post","status-publish","format-standard","has-post-thumbnail","hentry","category-vialidad"],"yoast_head":"<!-- This site is optimized with the Yoast SEO plugin v25.7 - https:\/\/yoast.com\/wordpress\/plugins\/seo\/ -->\n<title>Prefecta Roberta Zambrano inaugur\u00f3 el puente sobre el rio Zapallito. - Gobierno Aut\u00f3nomo Descentralizado de la Provincia de Esmeraldas<\/title>\n<meta name=\"robots\" content=\"index, follow, max-snippet:-1, max-image-preview:large, max-video-preview:-1\" \/>\n<link rel=\"canonical\" href=\"https:\/\/prefecturadeesmeraldas.gob.ec\/index.php\/2021\/11\/16\/prefecta-roberta-zambrano-inauguro-el-puente-sobre-el-rio-zapallito\/\" \/>\n<meta property=\"og:locale\" content=\"es_ES\" \/>\n<meta property=\"og:type\" content=\"article\" \/>\n<meta property=\"og:title\" content=\"Prefecta Roberta Zambrano inaugur\u00f3 el puente sobre el rio Zapallito. - Gobierno Aut\u00f3nomo Descentralizado de la Provincia de Esmeraldas\" \/>\n<meta property=\"og:description\" content=\"En un colorido evento, lleno de mucha alegr\u00eda, habitantes de m\u00e1s de 50 comunidades, especialmente chachis y afrodescendientes, se dieron cita en la comunidad Juan Montalvo \u2013 Aqu\u00ed me quedo, zona rural del cant\u00f3n Eloy Alfaro, donde fueron parte del evento en el cual la prefecta Roberta Zambrano, solemniz\u00f3 la inauguraci\u00f3n del puente sobre el [&hellip;]\" \/>\n<meta property=\"og:url\" content=\"https:\/\/prefecturadeesmeraldas.gob.ec\/index.php\/2021\/11\/16\/prefecta-roberta-zambrano-inauguro-el-puente-sobre-el-rio-zapallito\/\" \/>\n<meta property=\"og:site_name\" content=\"Gobierno Aut\u00f3nomo Descentralizado de la Provincia de Esmeraldas\" \/>\n<meta property=\"article:publisher\" content=\"https:\/\/www.facebook.com\/PrefecturaEsmeraldas\/\" \/>\n<meta property=\"article:published_time\" content=\"2021-11-16T16:07:43+00:00\" \/>\n<meta property=\"article:modified_time\" content=\"2021-11-16T16:08:36+00:00\" \/>\n<meta property=\"og:image\" content=\"https:\/\/prefecturadeesmeraldas.gob.ec\/wp-content\/uploads\/2021\/11\/WhatsApp-Image-2021-11-15-at-07.51.43.jpeg\" \/>\n\t<meta property=\"og:image:width\" content=\"1280\" \/>\n\t<meta property=\"og:image:height\" content=\"1280\" \/>\n\t<meta property=\"og:image:type\" content=\"image\/jpeg\" \/>\n<meta name=\"author\" content=\"Direcci\u00f3n de Comunicaci\u00f3n\" \/>\n<meta name=\"twitter:card\" content=\"summary_large_image\" \/>\n<meta name=\"twitter:label1\" content=\"Escrito por\" \/>\n\t<meta name=\"twitter:data1\" content=\"Direcci\u00f3n de Comunicaci\u00f3n\" \/>\n\t<meta name=\"twitter:label2\" content=\"Tiempo de lectura\" \/>\n\t<meta name=\"twitter:data2\" content=\"1 minuto\" \/>\n<script type=\"application\/ld+json\" class=\"yoast-schema-graph\">{\"@context\":\"https:\/\/schema.org\",\"@graph\":[{\"@type\":\"Article\",\"@id\":\"https:\/\/prefecturadeesmeraldas.gob.ec\/index.php\/2021\/11\/16\/prefecta-roberta-zambrano-inauguro-el-puente-sobre-el-rio-zapallito\/#article\",\"isPartOf\":{\"@id\":\"https:\/\/prefecturadeesmeraldas.gob.ec\/index.php\/2021\/11\/16\/prefecta-roberta-zambrano-inauguro-el-puente-sobre-el-rio-zapallito\/\"},\"author\":{\"name\":\"Direcci\u00f3n de Comunicaci\u00f3n\",\"@id\":\"https:\/\/prefecturadeesmeraldas.gob.ec\/#\/schema\/person\/b0c9e7b1ead7725994d1e319e8825234\"},\"headline\":\"Prefecta Roberta Zambrano inaugur\u00f3 el puente sobre el rio Zapallito.\",\"datePublished\":\"2021-11-16T16:07:43+00:00\",\"dateModified\":\"2021-11-16T16:08:36+00:00\",\"mainEntityOfPage\":{\"@id\":\"https:\/\/prefecturadeesmeraldas.gob.ec\/index.php\/2021\/11\/16\/prefecta-roberta-zambrano-inauguro-el-puente-sobre-el-rio-zapallito\/\"},\"wordCount\":277,\"publisher\":{\"@id\":\"https:\/\/prefecturadeesmeraldas.gob.ec\/#organization\"},\"image\":{\"@id\":\"https:\/\/prefecturadeesmeraldas.gob.ec\/index.php\/2021\/11\/16\/prefecta-roberta-zambrano-inauguro-el-puente-sobre-el-rio-zapallito\/#primaryimage\"},\"thumbnailUrl\":\"https:\/\/prefecturadeesmeraldas.gob.ec\/wp-content\/uploads\/2021\/11\/WhatsApp-Image-2021-11-15-at-07.51.43.jpeg\",\"articleSection\":[\"Vialidad\"],\"inLanguage\":\"es\"},{\"@type\":\"WebPage\",\"@id\":\"https:\/\/prefecturadeesmeraldas.gob.ec\/index.php\/2021\/11\/16\/prefecta-roberta-zambrano-inauguro-el-puente-sobre-el-rio-zapallito\/\",\"url\":\"https:\/\/prefecturadeesmeraldas.gob.ec\/index.php\/2021\/11\/16\/prefecta-roberta-zambrano-inauguro-el-puente-sobre-el-rio-zapallito\/\",\"name\":\"Prefecta Roberta Zambrano inaugur\u00f3 el puente sobre el rio Zapallito. - Gobierno Aut\u00f3nomo Descentralizado de la Provincia de Esmeraldas\",\"isPartOf\":{\"@id\":\"https:\/\/prefecturadeesmeraldas.gob.ec\/#website\"},\"primaryImageOfPage\":{\"@id\":\"https:\/\/prefecturadeesmeraldas.gob.ec\/index.php\/2021\/11\/16\/prefecta-roberta-zambrano-inauguro-el-puente-sobre-el-rio-zapallito\/#primaryimage\"},\"image\":{\"@id\":\"https:\/\/prefecturadeesmeraldas.gob.ec\/index.php\/2021\/11\/16\/prefecta-roberta-zambrano-inauguro-el-puente-sobre-el-rio-zapallito\/#primaryimage\"},\"thumbnailUrl\":\"https:\/\/prefecturadeesmeraldas.gob.ec\/wp-content\/uploads\/2021\/11\/WhatsApp-Image-2021-11-15-at-07.51.43.jpeg\",\"datePublished\":\"2021-11-16T16:07:43+00:00\",\"dateModified\":\"2021-11-16T16:08:36+00:00\",\"breadcrumb\":{\"@id\":\"https:\/\/prefecturadeesmeraldas.gob.ec\/index.php\/2021\/11\/16\/prefecta-roberta-zambrano-inauguro-el-puente-sobre-el-rio-zapallito\/#breadcrumb\"},\"inLanguage\":\"es\",\"potentialAction\":[{\"@type\":\"ReadAction\",\"target\":[\"https:\/\/prefecturadeesmeraldas.gob.ec\/index.php\/2021\/11\/16\/prefecta-roberta-zambrano-inauguro-el-puente-sobre-el-rio-zapallito\/\"]}]},{\"@type\":\"ImageObject\",\"inLanguage\":\"es\",\"@id\":\"https:\/\/prefecturadeesmeraldas.gob.ec\/index.php\/2021\/11\/16\/prefecta-roberta-zambrano-inauguro-el-puente-sobre-el-rio-zapallito\/#primaryimage\",\"url\":\"https:\/\/prefecturadeesmeraldas.gob.ec\/wp-content\/uploads\/2021\/11\/WhatsApp-Image-2021-11-15-at-07.51.43.jpeg\",\"contentUrl\":\"https:\/\/prefecturadeesmeraldas.gob.ec\/wp-content\/uploads\/2021\/11\/WhatsApp-Image-2021-11-15-at-07.51.43.jpeg\",\"width\":1280,\"height\":1280},{\"@type\":\"BreadcrumbList\",\"@id\":\"https:\/\/prefecturadeesmeraldas.gob.ec\/index.php\/2021\/11\/16\/prefecta-roberta-zambrano-inauguro-el-puente-sobre-el-rio-zapallito\/#breadcrumb\",\"itemListElement\":[{\"@type\":\"ListItem\",\"position\":1,\"name\":\"Home\",\"item\":\"https:\/\/prefecturadeesmeraldas.gob.ec\/\"},{\"@type\":\"ListItem\",\"position\":2,\"name\":\"Prefecta Roberta Zambrano inaugur\u00f3 el puente sobre el rio Zapallito.\"}]},{\"@type\":\"WebSite\",\"@id\":\"https:\/\/prefecturadeesmeraldas.gob.ec\/#website\",\"url\":\"https:\/\/prefecturadeesmeraldas.gob.ec\/\",\"name\":\"Gobierno Aut\u00f3nomo Descentralizado de la Provincia de Esmeraldas\",\"description\":\"Gobierno Aut\u00f3nomo Descentralizado de la Provincia de Esmeraldas\",\"publisher\":{\"@id\":\"https:\/\/prefecturadeesmeraldas.gob.ec\/#organization\"},\"potentialAction\":[{\"@type\":\"SearchAction\",\"target\":{\"@type\":\"EntryPoint\",\"urlTemplate\":\"https:\/\/prefecturadeesmeraldas.gob.ec\/?s={search_term_string}\"},\"query-input\":{\"@type\":\"PropertyValueSpecification\",\"valueRequired\":true,\"valueName\":\"search_term_string\"}}],\"inLanguage\":\"es\"},{\"@type\":\"Organization\",\"@id\":\"https:\/\/prefecturadeesmeraldas.gob.ec\/#organization\",\"name\":\"Gobierno Aut\u00f3nomo Descentralizado de la Provincia de Esmeraldas\",\"url\":\"https:\/\/prefecturadeesmeraldas.gob.ec\/\",\"logo\":{\"@type\":\"ImageObject\",\"inLanguage\":\"es\",\"@id\":\"https:\/\/prefecturadeesmeraldas.gob.ec\/#\/schema\/logo\/image\/\",\"url\":\"https:\/\/prefecturadeesmeraldas.gob.ec\/wp-content\/uploads\/2019\/06\/logo.png\",\"contentUrl\":\"https:\/\/prefecturadeesmeraldas.gob.ec\/wp-content\/uploads\/2019\/06\/logo.png\",\"width\":859,\"height\":448,\"caption\":\"Gobierno Aut\u00f3nomo Descentralizado de la Provincia de Esmeraldas\"},\"image\":{\"@id\":\"https:\/\/prefecturadeesmeraldas.gob.ec\/#\/schema\/logo\/image\/\"},\"sameAs\":[\"https:\/\/www.facebook.com\/PrefecturaEsmeraldas\/\"]},{\"@type\":\"Person\",\"@id\":\"https:\/\/prefecturadeesmeraldas.gob.ec\/#\/schema\/person\/b0c9e7b1ead7725994d1e319e8825234\",\"name\":\"Direcci\u00f3n de Comunicaci\u00f3n\",\"image\":{\"@type\":\"ImageObject\",\"inLanguage\":\"es\",\"@id\":\"https:\/\/prefecturadeesmeraldas.gob.ec\/#\/schema\/person\/image\/\",\"url\":\"https:\/\/secure.gravatar.com\/avatar\/74a3870a946f5d774ade3569af61a72308e07ad3346f370c4b468ee2a9858658?s=96&d=mm&r=g\",\"contentUrl\":\"https:\/\/secure.gravatar.com\/avatar\/74a3870a946f5d774ade3569af61a72308e07ad3346f370c4b468ee2a9858658?s=96&d=mm&r=g\",\"caption\":\"Direcci\u00f3n de Comunicaci\u00f3n\"}}]}<\/script>\n<!-- \/ Yoast SEO plugin. -->","yoast_head_json":{"title":"Prefecta Roberta Zambrano inaugur\u00f3 el puente sobre el rio Zapallito. - Gobierno Aut\u00f3nomo Descentralizado de la Provincia de Esmeraldas","robots":{"index":"index","follow":"follow","max-snippet":"max-snippet:-1","max-image-preview":"max-image-preview:large","max-video-preview":"max-video-preview:-1"},"canonical":"https:\/\/prefecturadeesmeraldas.gob.ec\/index.php\/2021\/11\/16\/prefecta-roberta-zambrano-inauguro-el-puente-sobre-el-rio-zapallito\/","og_locale":"es_ES","og_type":"article","og_title":"Prefecta Roberta Zambrano inaugur\u00f3 el puente sobre el rio Zapallito. - Gobierno Aut\u00f3nomo Descentralizado de la Provincia de Esmeraldas","og_description":"En un colorido evento, lleno de mucha alegr\u00eda, habitantes de m\u00e1s de 50 comunidades, especialmente chachis y afrodescendientes, se dieron cita en la comunidad Juan Montalvo \u2013 Aqu\u00ed me quedo, zona rural del cant\u00f3n Eloy Alfaro, donde fueron parte del evento en el cual la prefecta Roberta Zambrano, solemniz\u00f3 la inauguraci\u00f3n del puente sobre el [&hellip;]","og_url":"https:\/\/prefecturadeesmeraldas.gob.ec\/index.php\/2021\/11\/16\/prefecta-roberta-zambrano-inauguro-el-puente-sobre-el-rio-zapallito\/","og_site_name":"Gobierno Aut\u00f3nomo Descentralizado de la Provincia de Esmeraldas","article_publisher":"https:\/\/www.facebook.com\/PrefecturaEsmeraldas\/","article_published_time":"2021-11-16T16:07:43+00:00","article_modified_time":"2021-11-16T16:08:36+00:00","og_image":[{"width":1280,"height":1280,"url":"https:\/\/prefecturadeesmeraldas.gob.ec\/wp-content\/uploads\/2021\/11\/WhatsApp-Image-2021-11-15-at-07.51.43.jpeg","type":"image\/jpeg"}],"author":"Direcci\u00f3n de Comunicaci\u00f3n","twitter_card":"summary_large_image","twitter_misc":{"Escrito por":"Direcci\u00f3n de Comunicaci\u00f3n","Tiempo de lectura":"1 minuto"},"schema":{"@context":"https:\/\/schema.org","@graph":[{"@type":"Article","@id":"https:\/\/prefecturadeesmeraldas.gob.ec\/index.php\/2021\/11\/16\/prefecta-roberta-zambrano-inauguro-el-puente-sobre-el-rio-zapallito\/#article","isPartOf":{"@id":"https:\/\/prefecturadeesmeraldas.gob.ec\/index.php\/2021\/11\/16\/prefecta-roberta-zambrano-inauguro-el-puente-sobre-el-rio-zapallito\/"},"author":{"name":"Direcci\u00f3n de Comunicaci\u00f3n","@id":"https:\/\/prefecturadeesmeraldas.gob.ec\/#\/schema\/person\/b0c9e7b1ead7725994d1e319e8825234"},"headline":"Prefecta Roberta Zambrano inaugur\u00f3 el puente sobre el rio Zapallito.","datePublished":"2021-11-16T16:07:43+00:00","dateModified":"2021-11-16T16:08:36+00:00","mainEntityOfPage":{"@id":"https:\/\/prefecturadeesmeraldas.gob.ec\/index.php\/2021\/11\/16\/prefecta-roberta-zambrano-inauguro-el-puente-sobre-el-rio-zapallito\/"},"wordCount":277,"publisher":{"@id":"https:\/\/prefecturadeesmeraldas.gob.ec\/#organization"},"image":{"@id":"https:\/\/prefecturadeesmeraldas.gob.ec\/index.php\/2021\/11\/16\/prefecta-roberta-zambrano-inauguro-el-puente-sobre-el-rio-zapallito\/#primaryimage"},"thumbnailUrl":"https:\/\/prefecturadeesmeraldas.gob.ec\/wp-content\/uploads\/2021\/11\/WhatsApp-Image-2021-11-15-at-07.51.43.jpeg","articleSection":["Vialidad"],"inLanguage":"es"},{"@type":"WebPage","@id":"https:\/\/prefecturadeesmeraldas.gob.ec\/index.php\/2021\/11\/16\/prefecta-roberta-zambrano-inauguro-el-puente-sobre-el-rio-zapallito\/","url":"https:\/\/prefecturadeesmeraldas.gob.ec\/index.php\/2021\/11\/16\/prefecta-roberta-zambrano-inauguro-el-puente-sobre-el-rio-zapallito\/","name":"Prefecta Roberta Zambrano inaugur\u00f3 el puente sobre el rio Zapallito. - Gobierno Aut\u00f3nomo Descentralizado de la Provincia de Esmeraldas","isPartOf":{"@id":"https:\/\/prefecturadeesmeraldas.gob.ec\/#website"},"primaryImageOfPage":{"@id":"https:\/\/prefecturadeesmeraldas.gob.ec\/index.php\/2021\/11\/16\/prefecta-roberta-zambrano-inauguro-el-puente-sobre-el-rio-zapallito\/#primaryimage"},"image":{"@id":"https:\/\/prefecturadeesmeraldas.gob.ec\/index.php\/2021\/11\/16\/prefecta-roberta-zambrano-inauguro-el-puente-sobre-el-rio-zapallito\/#primaryimage"},"thumbnailUrl":"https:\/\/prefecturadeesmeraldas.gob.ec\/wp-content\/uploads\/2021\/11\/WhatsApp-Image-2021-11-15-at-07.51.43.jpeg","datePublished":"2021-11-16T16:07:43+00:00","dateModified":"2021-11-16T16:08:36+00:00","breadcrumb":{"@id":"https:\/\/prefecturadeesmeraldas.gob.ec\/index.php\/2021\/11\/16\/prefecta-roberta-zambrano-inauguro-el-puente-sobre-el-rio-zapallito\/#breadcrumb"},"inLanguage":"es","potentialAction":[{"@type":"ReadAction","target":["https:\/\/prefecturadeesmeraldas.gob.ec\/index.php\/2021\/11\/16\/prefecta-roberta-zambrano-inauguro-el-puente-sobre-el-rio-zapallito\/"]}]},{"@type":"ImageObject","inLanguage":"es","@id":"https:\/\/prefecturadeesmeraldas.gob.ec\/index.php\/2021\/11\/16\/prefecta-roberta-zambrano-inauguro-el-puente-sobre-el-rio-zapallito\/#primaryimage","url":"https:\/\/prefecturadeesmeraldas.gob.ec\/wp-content\/uploads\/2021\/11\/WhatsApp-Image-2021-11-15-at-07.51.43.jpeg","contentUrl":"https:\/\/prefecturadeesmeraldas.gob.ec\/wp-content\/uploads\/2021\/11\/WhatsApp-Image-2021-11-15-at-07.51.43.jpeg","width":1280,"height":1280},{"@type":"BreadcrumbList","@id":"https:\/\/prefecturadeesmeraldas.gob.ec\/index.php\/2021\/11\/16\/prefecta-roberta-zambrano-inauguro-el-puente-sobre-el-rio-zapallito\/#breadcrumb","itemListElement":[{"@type":"ListItem","position":1,"name":"Home","item":"https:\/\/prefecturadeesmeraldas.gob.ec\/"},{"@type":"ListItem","position":2,"name":"Prefecta Roberta Zambrano inaugur\u00f3 el puente sobre el rio Zapallito."}]},{"@type":"WebSite","@id":"https:\/\/prefecturadeesmeraldas.gob.ec\/#website","url":"https:\/\/prefecturadeesmeraldas.gob.ec\/","name":"Gobierno Aut\u00f3nomo Descentralizado de la Provincia de Esmeraldas","description":"Gobierno Aut\u00f3nomo Descentralizado de la Provincia de Esmeraldas","publisher":{"@id":"https:\/\/prefecturadeesmeraldas.gob.ec\/#organization"},"potentialAction":[{"@type":"SearchAction","target":{"@type":"EntryPoint","urlTemplate":"https:\/\/prefecturadeesmeraldas.gob.ec\/?s={search_term_string}"},"query-input":{"@type":"PropertyValueSpecification","valueRequired":true,"valueName":"search_term_string"}}],"inLanguage":"es"},{"@type":"Organization","@id":"https:\/\/prefecturadeesmeraldas.gob.ec\/#organization","name":"Gobierno Aut\u00f3nomo Descentralizado de la Provincia de Esmeraldas","url":"https:\/\/prefecturadeesmeraldas.gob.ec\/","logo":{"@type":"ImageObject","inLanguage":"es","@id":"https:\/\/prefecturadeesmeraldas.gob.ec\/#\/schema\/logo\/image\/","url":"https:\/\/prefecturadeesmeraldas.gob.ec\/wp-content\/uploads\/2019\/06\/logo.png","contentUrl":"https:\/\/prefecturadeesmeraldas.gob.ec\/wp-content\/uploads\/2019\/06\/logo.png","width":859,"height":448,"caption":"Gobierno Aut\u00f3nomo Descentralizado de la Provincia de Esmeraldas"},"image":{"@id":"https:\/\/prefecturadeesmeraldas.gob.ec\/#\/schema\/logo\/image\/"},"sameAs":["https:\/\/www.facebook.com\/PrefecturaEsmeraldas\/"]},{"@type":"Person","@id":"https:\/\/prefecturadeesmeraldas.gob.ec\/#\/schema\/person\/b0c9e7b1ead7725994d1e319e8825234","name":"Direcci\u00f3n de Comunicaci\u00f3n","image":{"@type":"ImageObject","inLanguage":"es","@id":"https:\/\/prefecturadeesmeraldas.gob.ec\/#\/schema\/person\/image\/","url":"https:\/\/secure.gravatar.com\/avatar\/74a3870a946f5d774ade3569af61a72308e07ad3346f370c4b468ee2a9858658?s=96&d=mm&r=g","contentUrl":"https:\/\/secure.gravatar.com\/avatar\/74a3870a946f5d774ade3569af61a72308e07ad3346f370c4b468ee2a9858658?s=96&d=mm&r=g","caption":"Direcci\u00f3n de Comunicaci\u00f3n"}}]}},"_links":{"self":[{"href":"https:\/\/prefecturadeesmeraldas.gob.ec\/index.php\/wp-json\/wp\/v2\/posts\/13457","targetHints":{"allow":["GET"]}}],"collection":[{"href":"https:\/\/prefecturadeesmeraldas.gob.ec\/index.php\/wp-json\/wp\/v2\/posts"}],"about":[{"href":"https:\/\/prefecturadeesmeraldas.gob.ec\/index.php\/wp-json\/wp\/v2\/types\/post"}],"author":[{"embeddable":true,"href":"https:\/\/prefecturadeesmeraldas.gob.ec\/index.php\/wp-json\/wp\/v2\/users\/2"}],"replies":[{"embeddable":true,"href":"https:\/\/prefecturadeesmeraldas.gob.ec\/index.php\/wp-json\/wp\/v2\/comments?post=13457"}],"version-history":[{"count":0,"href":"https:\/\/prefecturadeesmeraldas.gob.ec\/index.php\/wp-json\/wp\/v2\/posts\/13457\/revisions"}],"wp:featuredmedia":[{"embeddable":true,"href":"https:\/\/prefecturadeesmeraldas.gob.ec\/index.php\/wp-json\/wp\/v2\/media\/13458"}],"wp:attachment":[{"href":"https:\/\/prefecturadeesmeraldas.gob.ec\/index.php\/wp-json\/wp\/v2\/media?parent=13457"}],"wp:term":[{"taxonomy":"category","embeddable":true,"href":"https:\/\/prefecturadeesmeraldas.gob.ec\/index.php\/wp-json\/wp\/v2\/categories?post=13457"},{"taxonomy":"post_tag","embeddable":true,"href":"https:\/\/prefecturadeesmeraldas.gob.ec\/index.php\/wp-json\/wp\/v2\/tags?post=13457"}],"curies":[{"name":"wp","href":"https:\/\/api.w.org\/{rel}","templated":true}]}}