{"id":13401,"date":"2021-11-10T16:25:43","date_gmt":"2021-11-10T21:25:43","guid":{"rendered":"https:\/\/prefecturadeesmeraldas.gob.ec\/?p=13401"},"modified":"2021-11-10T16:26:27","modified_gmt":"2021-11-10T21:26:27","slug":"gracias-a-la-prefectura-de-esmeraldas-habitantes-de-tongorachi-apuntan-a-una-verdadera-reactivacion-de-su-economia","status":"publish","type":"post","link":"https:\/\/prefecturadeesmeraldas.gob.ec\/index.php\/2021\/11\/10\/gracias-a-la-prefectura-de-esmeraldas-habitantes-de-tongorachi-apuntan-a-una-verdadera-reactivacion-de-su-economia\/","title":{"rendered":"Gracias a la Prefectura de Esmeraldas habitantes de TongorachI apuntan a una verdadera reactivaci\u00f3n de su econom\u00eda."},"content":{"rendered":"\t\t<div data-elementor-type=\"wp-post\" data-elementor-id=\"13401\" class=\"elementor elementor-13401\">\n\t\t\t\t\t\t<section class=\"elementor-section elementor-top-section elementor-element elementor-element-e890a9f elementor-section-boxed elementor-section-height-default elementor-section-height-default\" data-id=\"e890a9f\" data-element_type=\"section\">\n\t\t\t\t\t\t<div class=\"elementor-container elementor-column-gap-default\">\n\t\t\t\t\t<div class=\"elementor-column elementor-col-100 elementor-top-column elementor-element elementor-element-e130ae5\" data-id=\"e130ae5\" data-element_type=\"column\">\n\t\t\t<div class=\"elementor-widget-wrap elementor-element-populated\">\n\t\t\t\t\t\t<div class=\"elementor-element elementor-element-ab08254 elementor-widget elementor-widget-image\" data-id=\"ab08254\" data-element_type=\"widget\" data-widget_type=\"image.default\">\n\t\t\t\t<div class=\"elementor-widget-container\">\n\t\t\t\t\t\t\t\t\t\t\t\t\t\t\t<img fetchpriority=\"high\" decoding=\"async\" width=\"566\" height=\"377\" src=\"https:\/\/prefecturadeesmeraldas.gob.ec\/wp-content\/uploads\/2021\/11\/Imagen1-1.jpg\" class=\"attachment-large size-large wp-image-13402\" alt=\"\" srcset=\"https:\/\/prefecturadeesmeraldas.gob.ec\/wp-content\/uploads\/2021\/11\/Imagen1-1.jpg 566w, https:\/\/prefecturadeesmeraldas.gob.ec\/wp-content\/uploads\/2021\/11\/Imagen1-1-300x200.jpg 300w, https:\/\/prefecturadeesmeraldas.gob.ec\/wp-content\/uploads\/2021\/11\/Imagen1-1-360x240.jpg 360w\" sizes=\"(max-width: 566px) 100vw, 566px\" \/>\t\t\t\t\t\t\t\t\t\t\t\t\t\t\t<\/div>\n\t\t\t\t<\/div>\n\t\t\t\t\t<\/div>\n\t\t<\/div>\n\t\t\t\t\t<\/div>\n\t\t<\/section>\n\t\t\t\t<section class=\"elementor-section elementor-top-section elementor-element elementor-element-f67bf11 elementor-section-boxed elementor-section-height-default elementor-section-height-default\" data-id=\"f67bf11\" data-element_type=\"section\">\n\t\t\t\t\t\t<div class=\"elementor-container elementor-column-gap-default\">\n\t\t\t\t\t<div class=\"elementor-column elementor-col-100 elementor-top-column elementor-element elementor-element-686d86b\" data-id=\"686d86b\" data-element_type=\"column\">\n\t\t\t<div class=\"elementor-widget-wrap elementor-element-populated\">\n\t\t\t\t\t\t<div class=\"elementor-element elementor-element-4f2ccb8 elementor-widget elementor-widget-text-editor\" data-id=\"4f2ccb8\" data-element_type=\"widget\" data-widget_type=\"text-editor.default\">\n\t\t\t\t<div class=\"elementor-widget-container\">\n\t\t\t\t\t\t\t\t\t<p>Senderismo, observaci\u00f3n de ballenas, disfrutar de la brisa marina, caminatas en la arena bajo el sol, disfrutar de la brisa sobre la arena h\u00fameda y luego, recuperar energ\u00eda con una rica comida t\u00edpica de la gastronom\u00eda esmeralde\u00f1a, es solamente una parte de las actividades que se puede realizar en el balneario de <strong>TongorachI<\/strong>, donde la Prefectura de Esmeraldas, el pasado domingo procedi\u00f3 a la inauguraci\u00f3n de un nuevo centro para la prestaci\u00f3n de servicios tur\u00edsticos ubicado en la comuna del mismo nombre, parroquia Cabo de San Francisco en el cant\u00f3n Muisne.<\/p><p><\/p><p>In\u00e9s Garc\u00eda, dirigente de la comunidad, dijo que en el balneario se puede degustar toda clase de mariscos a precios sumamente c\u00f3modos, que fluct\u00faan entre los 5 y 10 d\u00f3lares por plato, esto, gracias a que ellos mismos pescan los mariscos lo que garantiza su pureza y la frescura.<\/p><p><\/p><p>Los moradores de Tongorach\u00ed, agradecieron a la Prefecta <strong>Roberta Zambrano<\/strong> por la obra construida que va a fomentar la reactivaci\u00f3n econ\u00f3mica de esta comunidad ya que, se trata de una comuna que cuenta con su propio guardia de seguridad y cada turista que ingresa debe registrarse ante la comunidad para garantizar la seguridad de los turistas.<\/p><p><\/p><p>Se puede llegar al balneario en bus, moto taxi o en veh\u00edculo particular ya que este lugar cuenta con su propio garaje con guardias de seguridad para garantizar que el turista disfrute de la playa y las bellezas naturales del lugar sin preocupaciones.<\/p><p><\/p><p>\u201c<strong>Invito a los esmeralde\u00f1os y a todos los turistas, tanto del pa\u00eds como del extranjero, para que vengan a visitar TongorachI, esta comunidad es una maravilla, es un verdadero para\u00edso tropical para distraerse y pasarla bien<\/strong>\u201d, dijo In\u00e9s Garc\u00eda.<\/p>\t\t\t\t\t\t\t\t<\/div>\n\t\t\t\t<\/div>\n\t\t\t\t\t<\/div>\n\t\t<\/div>\n\t\t\t\t\t<\/div>\n\t\t<\/section>\n\t\t\t\t<\/div>\n\t\t","protected":false},"excerpt":{"rendered":"<p>Senderismo, observaci\u00f3n de ballenas, disfrutar de la brisa marina, caminatas en la arena bajo el sol, disfrutar de la brisa sobre la arena h\u00fameda y luego, recuperar energ\u00eda con una rica comida t\u00edpica de la gastronom\u00eda esmeralde\u00f1a, es solamente una parte de las actividades que se puede realizar en el balneario de TongorachI, donde la [&hellip;]<\/p>\n","protected":false},"author":2,"featured_media":13402,"comment_status":"closed","ping_status":"open","sticky":false,"template":"","format":"standard","meta":{"footnotes":""},"categories":[12],"tags":[],"class_list":["post-13401","post","type-post","status-publish","format-standard","has-post-thumbnail","hentry","category-fomento_productivo_2019"],"yoast_head":"<!-- This site is optimized with the Yoast SEO plugin v25.7 - https:\/\/yoast.com\/wordpress\/plugins\/seo\/ -->\n<title>Gracias a la Prefectura de Esmeraldas habitantes de TongorachI apuntan a una verdadera reactivaci\u00f3n de su econom\u00eda. - Gobierno Aut\u00f3nomo Descentralizado de la Provincia de Esmeraldas<\/title>\n<meta name=\"robots\" content=\"index, follow, max-snippet:-1, max-image-preview:large, max-video-preview:-1\" \/>\n<link rel=\"canonical\" href=\"https:\/\/prefecturadeesmeraldas.gob.ec\/index.php\/2021\/11\/10\/gracias-a-la-prefectura-de-esmeraldas-habitantes-de-tongorachi-apuntan-a-una-verdadera-reactivacion-de-su-economia\/\" \/>\n<meta property=\"og:locale\" content=\"es_ES\" \/>\n<meta property=\"og:type\" content=\"article\" \/>\n<meta property=\"og:title\" content=\"Gracias a la Prefectura de Esmeraldas habitantes de TongorachI apuntan a una verdadera reactivaci\u00f3n de su econom\u00eda. - Gobierno Aut\u00f3nomo Descentralizado de la Provincia de Esmeraldas\" \/>\n<meta property=\"og:description\" content=\"Senderismo, observaci\u00f3n de ballenas, disfrutar de la brisa marina, caminatas en la arena bajo el sol, disfrutar de la brisa sobre la arena h\u00fameda y luego, recuperar energ\u00eda con una rica comida t\u00edpica de la gastronom\u00eda esmeralde\u00f1a, es solamente una parte de las actividades que se puede realizar en el balneario de TongorachI, donde la [&hellip;]\" \/>\n<meta property=\"og:url\" content=\"https:\/\/prefecturadeesmeraldas.gob.ec\/index.php\/2021\/11\/10\/gracias-a-la-prefectura-de-esmeraldas-habitantes-de-tongorachi-apuntan-a-una-verdadera-reactivacion-de-su-economia\/\" \/>\n<meta property=\"og:site_name\" content=\"Gobierno Aut\u00f3nomo Descentralizado de la Provincia de Esmeraldas\" \/>\n<meta property=\"article:publisher\" content=\"https:\/\/www.facebook.com\/PrefecturaEsmeraldas\/\" \/>\n<meta property=\"article:published_time\" content=\"2021-11-10T21:25:43+00:00\" \/>\n<meta property=\"article:modified_time\" content=\"2021-11-10T21:26:27+00:00\" \/>\n<meta property=\"og:image\" content=\"https:\/\/prefecturadeesmeraldas.gob.ec\/wp-content\/uploads\/2021\/11\/Imagen1-1.jpg\" \/>\n\t<meta property=\"og:image:width\" content=\"566\" \/>\n\t<meta property=\"og:image:height\" content=\"377\" \/>\n\t<meta property=\"og:image:type\" content=\"image\/jpeg\" \/>\n<meta name=\"author\" content=\"Direcci\u00f3n de Comunicaci\u00f3n\" \/>\n<meta name=\"twitter:card\" content=\"summary_large_image\" \/>\n<meta name=\"twitter:label1\" content=\"Escrito por\" \/>\n\t<meta name=\"twitter:data1\" content=\"Direcci\u00f3n de Comunicaci\u00f3n\" \/>\n\t<meta name=\"twitter:label2\" content=\"Tiempo de lectura\" \/>\n\t<meta name=\"twitter:data2\" content=\"1 minuto\" \/>\n<script type=\"application\/ld+json\" class=\"yoast-schema-graph\">{\"@context\":\"https:\/\/schema.org\",\"@graph\":[{\"@type\":\"Article\",\"@id\":\"https:\/\/prefecturadeesmeraldas.gob.ec\/index.php\/2021\/11\/10\/gracias-a-la-prefectura-de-esmeraldas-habitantes-de-tongorachi-apuntan-a-una-verdadera-reactivacion-de-su-economia\/#article\",\"isPartOf\":{\"@id\":\"https:\/\/prefecturadeesmeraldas.gob.ec\/index.php\/2021\/11\/10\/gracias-a-la-prefectura-de-esmeraldas-habitantes-de-tongorachi-apuntan-a-una-verdadera-reactivacion-de-su-economia\/\"},\"author\":{\"name\":\"Direcci\u00f3n de Comunicaci\u00f3n\",\"@id\":\"https:\/\/prefecturadeesmeraldas.gob.ec\/#\/schema\/person\/b0c9e7b1ead7725994d1e319e8825234\"},\"headline\":\"Gracias a la Prefectura de Esmeraldas habitantes de TongorachI apuntan a una verdadera reactivaci\u00f3n de su econom\u00eda.\",\"datePublished\":\"2021-11-10T21:25:43+00:00\",\"dateModified\":\"2021-11-10T21:26:27+00:00\",\"mainEntityOfPage\":{\"@id\":\"https:\/\/prefecturadeesmeraldas.gob.ec\/index.php\/2021\/11\/10\/gracias-a-la-prefectura-de-esmeraldas-habitantes-de-tongorachi-apuntan-a-una-verdadera-reactivacion-de-su-economia\/\"},\"wordCount\":318,\"publisher\":{\"@id\":\"https:\/\/prefecturadeesmeraldas.gob.ec\/#organization\"},\"image\":{\"@id\":\"https:\/\/prefecturadeesmeraldas.gob.ec\/index.php\/2021\/11\/10\/gracias-a-la-prefectura-de-esmeraldas-habitantes-de-tongorachi-apuntan-a-una-verdadera-reactivacion-de-su-economia\/#primaryimage\"},\"thumbnailUrl\":\"https:\/\/prefecturadeesmeraldas.gob.ec\/wp-content\/uploads\/2021\/11\/Imagen1-1.jpg\",\"articleSection\":[\"Fomento Productivo\"],\"inLanguage\":\"es\"},{\"@type\":\"WebPage\",\"@id\":\"https:\/\/prefecturadeesmeraldas.gob.ec\/index.php\/2021\/11\/10\/gracias-a-la-prefectura-de-esmeraldas-habitantes-de-tongorachi-apuntan-a-una-verdadera-reactivacion-de-su-economia\/\",\"url\":\"https:\/\/prefecturadeesmeraldas.gob.ec\/index.php\/2021\/11\/10\/gracias-a-la-prefectura-de-esmeraldas-habitantes-de-tongorachi-apuntan-a-una-verdadera-reactivacion-de-su-economia\/\",\"name\":\"Gracias a la Prefectura de Esmeraldas habitantes de TongorachI apuntan a una verdadera reactivaci\u00f3n de su econom\u00eda. - Gobierno Aut\u00f3nomo Descentralizado de la Provincia de Esmeraldas\",\"isPartOf\":{\"@id\":\"https:\/\/prefecturadeesmeraldas.gob.ec\/#website\"},\"primaryImageOfPage\":{\"@id\":\"https:\/\/prefecturadeesmeraldas.gob.ec\/index.php\/2021\/11\/10\/gracias-a-la-prefectura-de-esmeraldas-habitantes-de-tongorachi-apuntan-a-una-verdadera-reactivacion-de-su-economia\/#primaryimage\"},\"image\":{\"@id\":\"https:\/\/prefecturadeesmeraldas.gob.ec\/index.php\/2021\/11\/10\/gracias-a-la-prefectura-de-esmeraldas-habitantes-de-tongorachi-apuntan-a-una-verdadera-reactivacion-de-su-economia\/#primaryimage\"},\"thumbnailUrl\":\"https:\/\/prefecturadeesmeraldas.gob.ec\/wp-content\/uploads\/2021\/11\/Imagen1-1.jpg\",\"datePublished\":\"2021-11-10T21:25:43+00:00\",\"dateModified\":\"2021-11-10T21:26:27+00:00\",\"breadcrumb\":{\"@id\":\"https:\/\/prefecturadeesmeraldas.gob.ec\/index.php\/2021\/11\/10\/gracias-a-la-prefectura-de-esmeraldas-habitantes-de-tongorachi-apuntan-a-una-verdadera-reactivacion-de-su-economia\/#breadcrumb\"},\"inLanguage\":\"es\",\"potentialAction\":[{\"@type\":\"ReadAction\",\"target\":[\"https:\/\/prefecturadeesmeraldas.gob.ec\/index.php\/2021\/11\/10\/gracias-a-la-prefectura-de-esmeraldas-habitantes-de-tongorachi-apuntan-a-una-verdadera-reactivacion-de-su-economia\/\"]}]},{\"@type\":\"ImageObject\",\"inLanguage\":\"es\",\"@id\":\"https:\/\/prefecturadeesmeraldas.gob.ec\/index.php\/2021\/11\/10\/gracias-a-la-prefectura-de-esmeraldas-habitantes-de-tongorachi-apuntan-a-una-verdadera-reactivacion-de-su-economia\/#primaryimage\",\"url\":\"https:\/\/prefecturadeesmeraldas.gob.ec\/wp-content\/uploads\/2021\/11\/Imagen1-1.jpg\",\"contentUrl\":\"https:\/\/prefecturadeesmeraldas.gob.ec\/wp-content\/uploads\/2021\/11\/Imagen1-1.jpg\",\"width\":566,\"height\":377},{\"@type\":\"BreadcrumbList\",\"@id\":\"https:\/\/prefecturadeesmeraldas.gob.ec\/index.php\/2021\/11\/10\/gracias-a-la-prefectura-de-esmeraldas-habitantes-de-tongorachi-apuntan-a-una-verdadera-reactivacion-de-su-economia\/#breadcrumb\",\"itemListElement\":[{\"@type\":\"ListItem\",\"position\":1,\"name\":\"Home\",\"item\":\"https:\/\/prefecturadeesmeraldas.gob.ec\/\"},{\"@type\":\"ListItem\",\"position\":2,\"name\":\"Gracias a la Prefectura de Esmeraldas habitantes de TongorachI apuntan a una verdadera reactivaci\u00f3n de su econom\u00eda.\"}]},{\"@type\":\"WebSite\",\"@id\":\"https:\/\/prefecturadeesmeraldas.gob.ec\/#website\",\"url\":\"https:\/\/prefecturadeesmeraldas.gob.ec\/\",\"name\":\"Gobierno Aut\u00f3nomo Descentralizado de la Provincia de Esmeraldas\",\"description\":\"Gobierno Aut\u00f3nomo Descentralizado de la Provincia de Esmeraldas\",\"publisher\":{\"@id\":\"https:\/\/prefecturadeesmeraldas.gob.ec\/#organization\"},\"potentialAction\":[{\"@type\":\"SearchAction\",\"target\":{\"@type\":\"EntryPoint\",\"urlTemplate\":\"https:\/\/prefecturadeesmeraldas.gob.ec\/?s={search_term_string}\"},\"query-input\":{\"@type\":\"PropertyValueSpecification\",\"valueRequired\":true,\"valueName\":\"search_term_string\"}}],\"inLanguage\":\"es\"},{\"@type\":\"Organization\",\"@id\":\"https:\/\/prefecturadeesmeraldas.gob.ec\/#organization\",\"name\":\"Gobierno Aut\u00f3nomo Descentralizado de la Provincia de Esmeraldas\",\"url\":\"https:\/\/prefecturadeesmeraldas.gob.ec\/\",\"logo\":{\"@type\":\"ImageObject\",\"inLanguage\":\"es\",\"@id\":\"https:\/\/prefecturadeesmeraldas.gob.ec\/#\/schema\/logo\/image\/\",\"url\":\"https:\/\/prefecturadeesmeraldas.gob.ec\/wp-content\/uploads\/2019\/06\/logo.png\",\"contentUrl\":\"https:\/\/prefecturadeesmeraldas.gob.ec\/wp-content\/uploads\/2019\/06\/logo.png\",\"width\":859,\"height\":448,\"caption\":\"Gobierno Aut\u00f3nomo Descentralizado de la Provincia de Esmeraldas\"},\"image\":{\"@id\":\"https:\/\/prefecturadeesmeraldas.gob.ec\/#\/schema\/logo\/image\/\"},\"sameAs\":[\"https:\/\/www.facebook.com\/PrefecturaEsmeraldas\/\"]},{\"@type\":\"Person\",\"@id\":\"https:\/\/prefecturadeesmeraldas.gob.ec\/#\/schema\/person\/b0c9e7b1ead7725994d1e319e8825234\",\"name\":\"Direcci\u00f3n de Comunicaci\u00f3n\",\"image\":{\"@type\":\"ImageObject\",\"inLanguage\":\"es\",\"@id\":\"https:\/\/prefecturadeesmeraldas.gob.ec\/#\/schema\/person\/image\/\",\"url\":\"https:\/\/secure.gravatar.com\/avatar\/74a3870a946f5d774ade3569af61a72308e07ad3346f370c4b468ee2a9858658?s=96&d=mm&r=g\",\"contentUrl\":\"https:\/\/secure.gravatar.com\/avatar\/74a3870a946f5d774ade3569af61a72308e07ad3346f370c4b468ee2a9858658?s=96&d=mm&r=g\",\"caption\":\"Direcci\u00f3n de Comunicaci\u00f3n\"}}]}<\/script>\n<!-- \/ Yoast SEO plugin. -->","yoast_head_json":{"title":"Gracias a la Prefectura de Esmeraldas habitantes de TongorachI apuntan a una verdadera reactivaci\u00f3n de su econom\u00eda. - Gobierno Aut\u00f3nomo Descentralizado de la Provincia de Esmeraldas","robots":{"index":"index","follow":"follow","max-snippet":"max-snippet:-1","max-image-preview":"max-image-preview:large","max-video-preview":"max-video-preview:-1"},"canonical":"https:\/\/prefecturadeesmeraldas.gob.ec\/index.php\/2021\/11\/10\/gracias-a-la-prefectura-de-esmeraldas-habitantes-de-tongorachi-apuntan-a-una-verdadera-reactivacion-de-su-economia\/","og_locale":"es_ES","og_type":"article","og_title":"Gracias a la Prefectura de Esmeraldas habitantes de TongorachI apuntan a una verdadera reactivaci\u00f3n de su econom\u00eda. - Gobierno Aut\u00f3nomo Descentralizado de la Provincia de Esmeraldas","og_description":"Senderismo, observaci\u00f3n de ballenas, disfrutar de la brisa marina, caminatas en la arena bajo el sol, disfrutar de la brisa sobre la arena h\u00fameda y luego, recuperar energ\u00eda con una rica comida t\u00edpica de la gastronom\u00eda esmeralde\u00f1a, es solamente una parte de las actividades que se puede realizar en el balneario de TongorachI, donde la [&hellip;]","og_url":"https:\/\/prefecturadeesmeraldas.gob.ec\/index.php\/2021\/11\/10\/gracias-a-la-prefectura-de-esmeraldas-habitantes-de-tongorachi-apuntan-a-una-verdadera-reactivacion-de-su-economia\/","og_site_name":"Gobierno Aut\u00f3nomo Descentralizado de la Provincia de Esmeraldas","article_publisher":"https:\/\/www.facebook.com\/PrefecturaEsmeraldas\/","article_published_time":"2021-11-10T21:25:43+00:00","article_modified_time":"2021-11-10T21:26:27+00:00","og_image":[{"width":566,"height":377,"url":"https:\/\/prefecturadeesmeraldas.gob.ec\/wp-content\/uploads\/2021\/11\/Imagen1-1.jpg","type":"image\/jpeg"}],"author":"Direcci\u00f3n de Comunicaci\u00f3n","twitter_card":"summary_large_image","twitter_misc":{"Escrito por":"Direcci\u00f3n de Comunicaci\u00f3n","Tiempo de lectura":"1 minuto"},"schema":{"@context":"https:\/\/schema.org","@graph":[{"@type":"Article","@id":"https:\/\/prefecturadeesmeraldas.gob.ec\/index.php\/2021\/11\/10\/gracias-a-la-prefectura-de-esmeraldas-habitantes-de-tongorachi-apuntan-a-una-verdadera-reactivacion-de-su-economia\/#article","isPartOf":{"@id":"https:\/\/prefecturadeesmeraldas.gob.ec\/index.php\/2021\/11\/10\/gracias-a-la-prefectura-de-esmeraldas-habitantes-de-tongorachi-apuntan-a-una-verdadera-reactivacion-de-su-economia\/"},"author":{"name":"Direcci\u00f3n de Comunicaci\u00f3n","@id":"https:\/\/prefecturadeesmeraldas.gob.ec\/#\/schema\/person\/b0c9e7b1ead7725994d1e319e8825234"},"headline":"Gracias a la Prefectura de Esmeraldas habitantes de TongorachI apuntan a una verdadera reactivaci\u00f3n de su econom\u00eda.","datePublished":"2021-11-10T21:25:43+00:00","dateModified":"2021-11-10T21:26:27+00:00","mainEntityOfPage":{"@id":"https:\/\/prefecturadeesmeraldas.gob.ec\/index.php\/2021\/11\/10\/gracias-a-la-prefectura-de-esmeraldas-habitantes-de-tongorachi-apuntan-a-una-verdadera-reactivacion-de-su-economia\/"},"wordCount":318,"publisher":{"@id":"https:\/\/prefecturadeesmeraldas.gob.ec\/#organization"},"image":{"@id":"https:\/\/prefecturadeesmeraldas.gob.ec\/index.php\/2021\/11\/10\/gracias-a-la-prefectura-de-esmeraldas-habitantes-de-tongorachi-apuntan-a-una-verdadera-reactivacion-de-su-economia\/#primaryimage"},"thumbnailUrl":"https:\/\/prefecturadeesmeraldas.gob.ec\/wp-content\/uploads\/2021\/11\/Imagen1-1.jpg","articleSection":["Fomento Productivo"],"inLanguage":"es"},{"@type":"WebPage","@id":"https:\/\/prefecturadeesmeraldas.gob.ec\/index.php\/2021\/11\/10\/gracias-a-la-prefectura-de-esmeraldas-habitantes-de-tongorachi-apuntan-a-una-verdadera-reactivacion-de-su-economia\/","url":"https:\/\/prefecturadeesmeraldas.gob.ec\/index.php\/2021\/11\/10\/gracias-a-la-prefectura-de-esmeraldas-habitantes-de-tongorachi-apuntan-a-una-verdadera-reactivacion-de-su-economia\/","name":"Gracias a la Prefectura de Esmeraldas habitantes de TongorachI apuntan a una verdadera reactivaci\u00f3n de su econom\u00eda. - Gobierno Aut\u00f3nomo Descentralizado de la Provincia de Esmeraldas","isPartOf":{"@id":"https:\/\/prefecturadeesmeraldas.gob.ec\/#website"},"primaryImageOfPage":{"@id":"https:\/\/prefecturadeesmeraldas.gob.ec\/index.php\/2021\/11\/10\/gracias-a-la-prefectura-de-esmeraldas-habitantes-de-tongorachi-apuntan-a-una-verdadera-reactivacion-de-su-economia\/#primaryimage"},"image":{"@id":"https:\/\/prefecturadeesmeraldas.gob.ec\/index.php\/2021\/11\/10\/gracias-a-la-prefectura-de-esmeraldas-habitantes-de-tongorachi-apuntan-a-una-verdadera-reactivacion-de-su-economia\/#primaryimage"},"thumbnailUrl":"https:\/\/prefecturadeesmeraldas.gob.ec\/wp-content\/uploads\/2021\/11\/Imagen1-1.jpg","datePublished":"2021-11-10T21:25:43+00:00","dateModified":"2021-11-10T21:26:27+00:00","breadcrumb":{"@id":"https:\/\/prefecturadeesmeraldas.gob.ec\/index.php\/2021\/11\/10\/gracias-a-la-prefectura-de-esmeraldas-habitantes-de-tongorachi-apuntan-a-una-verdadera-reactivacion-de-su-economia\/#breadcrumb"},"inLanguage":"es","potentialAction":[{"@type":"ReadAction","target":["https:\/\/prefecturadeesmeraldas.gob.ec\/index.php\/2021\/11\/10\/gracias-a-la-prefectura-de-esmeraldas-habitantes-de-tongorachi-apuntan-a-una-verdadera-reactivacion-de-su-economia\/"]}]},{"@type":"ImageObject","inLanguage":"es","@id":"https:\/\/prefecturadeesmeraldas.gob.ec\/index.php\/2021\/11\/10\/gracias-a-la-prefectura-de-esmeraldas-habitantes-de-tongorachi-apuntan-a-una-verdadera-reactivacion-de-su-economia\/#primaryimage","url":"https:\/\/prefecturadeesmeraldas.gob.ec\/wp-content\/uploads\/2021\/11\/Imagen1-1.jpg","contentUrl":"https:\/\/prefecturadeesmeraldas.gob.ec\/wp-content\/uploads\/2021\/11\/Imagen1-1.jpg","width":566,"height":377},{"@type":"BreadcrumbList","@id":"https:\/\/prefecturadeesmeraldas.gob.ec\/index.php\/2021\/11\/10\/gracias-a-la-prefectura-de-esmeraldas-habitantes-de-tongorachi-apuntan-a-una-verdadera-reactivacion-de-su-economia\/#breadcrumb","itemListElement":[{"@type":"ListItem","position":1,"name":"Home","item":"https:\/\/prefecturadeesmeraldas.gob.ec\/"},{"@type":"ListItem","position":2,"name":"Gracias a la Prefectura de Esmeraldas habitantes de TongorachI apuntan a una verdadera reactivaci\u00f3n de su econom\u00eda."}]},{"@type":"WebSite","@id":"https:\/\/prefecturadeesmeraldas.gob.ec\/#website","url":"https:\/\/prefecturadeesmeraldas.gob.ec\/","name":"Gobierno Aut\u00f3nomo Descentralizado de la Provincia de Esmeraldas","description":"Gobierno Aut\u00f3nomo Descentralizado de la Provincia de Esmeraldas","publisher":{"@id":"https:\/\/prefecturadeesmeraldas.gob.ec\/#organization"},"potentialAction":[{"@type":"SearchAction","target":{"@type":"EntryPoint","urlTemplate":"https:\/\/prefecturadeesmeraldas.gob.ec\/?s={search_term_string}"},"query-input":{"@type":"PropertyValueSpecification","valueRequired":true,"valueName":"search_term_string"}}],"inLanguage":"es"},{"@type":"Organization","@id":"https:\/\/prefecturadeesmeraldas.gob.ec\/#organization","name":"Gobierno Aut\u00f3nomo Descentralizado de la Provincia de Esmeraldas","url":"https:\/\/prefecturadeesmeraldas.gob.ec\/","logo":{"@type":"ImageObject","inLanguage":"es","@id":"https:\/\/prefecturadeesmeraldas.gob.ec\/#\/schema\/logo\/image\/","url":"https:\/\/prefecturadeesmeraldas.gob.ec\/wp-content\/uploads\/2019\/06\/logo.png","contentUrl":"https:\/\/prefecturadeesmeraldas.gob.ec\/wp-content\/uploads\/2019\/06\/logo.png","width":859,"height":448,"caption":"Gobierno Aut\u00f3nomo Descentralizado de la Provincia de Esmeraldas"},"image":{"@id":"https:\/\/prefecturadeesmeraldas.gob.ec\/#\/schema\/logo\/image\/"},"sameAs":["https:\/\/www.facebook.com\/PrefecturaEsmeraldas\/"]},{"@type":"Person","@id":"https:\/\/prefecturadeesmeraldas.gob.ec\/#\/schema\/person\/b0c9e7b1ead7725994d1e319e8825234","name":"Direcci\u00f3n de Comunicaci\u00f3n","image":{"@type":"ImageObject","inLanguage":"es","@id":"https:\/\/prefecturadeesmeraldas.gob.ec\/#\/schema\/person\/image\/","url":"https:\/\/secure.gravatar.com\/avatar\/74a3870a946f5d774ade3569af61a72308e07ad3346f370c4b468ee2a9858658?s=96&d=mm&r=g","contentUrl":"https:\/\/secure.gravatar.com\/avatar\/74a3870a946f5d774ade3569af61a72308e07ad3346f370c4b468ee2a9858658?s=96&d=mm&r=g","caption":"Direcci\u00f3n de Comunicaci\u00f3n"}}]}},"_links":{"self":[{"href":"https:\/\/prefecturadeesmeraldas.gob.ec\/index.php\/wp-json\/wp\/v2\/posts\/13401","targetHints":{"allow":["GET"]}}],"collection":[{"href":"https:\/\/prefecturadeesmeraldas.gob.ec\/index.php\/wp-json\/wp\/v2\/posts"}],"about":[{"href":"https:\/\/prefecturadeesmeraldas.gob.ec\/index.php\/wp-json\/wp\/v2\/types\/post"}],"author":[{"embeddable":true,"href":"https:\/\/prefecturadeesmeraldas.gob.ec\/index.php\/wp-json\/wp\/v2\/users\/2"}],"replies":[{"embeddable":true,"href":"https:\/\/prefecturadeesmeraldas.gob.ec\/index.php\/wp-json\/wp\/v2\/comments?post=13401"}],"version-history":[{"count":0,"href":"https:\/\/prefecturadeesmeraldas.gob.ec\/index.php\/wp-json\/wp\/v2\/posts\/13401\/revisions"}],"wp:featuredmedia":[{"embeddable":true,"href":"https:\/\/prefecturadeesmeraldas.gob.ec\/index.php\/wp-json\/wp\/v2\/media\/13402"}],"wp:attachment":[{"href":"https:\/\/prefecturadeesmeraldas.gob.ec\/index.php\/wp-json\/wp\/v2\/media?parent=13401"}],"wp:term":[{"taxonomy":"category","embeddable":true,"href":"https:\/\/prefecturadeesmeraldas.gob.ec\/index.php\/wp-json\/wp\/v2\/categories?post=13401"},{"taxonomy":"post_tag","embeddable":true,"href":"https:\/\/prefecturadeesmeraldas.gob.ec\/index.php\/wp-json\/wp\/v2\/tags?post=13401"}],"curies":[{"name":"wp","href":"https:\/\/api.w.org\/{rel}","templated":true}]}}