{"id":13061,"date":"2021-10-21T15:00:40","date_gmt":"2021-10-21T20:00:40","guid":{"rendered":"https:\/\/prefecturadeesmeraldas.gob.ec\/?p=13061"},"modified":"2021-10-22T11:49:16","modified_gmt":"2021-10-22T16:49:16","slug":"bases-del-concurso-cartas-a-la-prefecta-la-provincia-que-sonamos","status":"publish","type":"post","link":"https:\/\/prefecturadeesmeraldas.gob.ec\/index.php\/2021\/10\/21\/bases-del-concurso-cartas-a-la-prefecta-la-provincia-que-sonamos\/","title":{"rendered":"Bases del concurso cartas a la Prefecta \u201cLA PROVINCIA QUE SO\u00d1AMOS\u201d"},"content":{"rendered":"\t\t<div data-elementor-type=\"wp-post\" data-elementor-id=\"13061\" class=\"elementor elementor-13061\">\n\t\t\t\t\t\t<section class=\"elementor-section elementor-top-section elementor-element elementor-element-d20b160 elementor-section-boxed elementor-section-height-default elementor-section-height-default\" data-id=\"d20b160\" data-element_type=\"section\">\n\t\t\t\t\t\t<div class=\"elementor-container elementor-column-gap-default\">\n\t\t\t\t\t<div class=\"elementor-column elementor-col-100 elementor-top-column elementor-element elementor-element-07a95f0\" data-id=\"07a95f0\" data-element_type=\"column\">\n\t\t\t<div class=\"elementor-widget-wrap elementor-element-populated\">\n\t\t\t\t\t\t<div class=\"elementor-element elementor-element-3ee8f9d elementor-widget elementor-widget-image\" data-id=\"3ee8f9d\" data-element_type=\"widget\" data-widget_type=\"image.default\">\n\t\t\t\t<div class=\"elementor-widget-container\">\n\t\t\t\t\t\t\t\t\t\t\t\t\t\t\t<img fetchpriority=\"high\" decoding=\"async\" width=\"600\" height=\"400\" src=\"https:\/\/prefecturadeesmeraldas.gob.ec\/wp-content\/uploads\/2021\/10\/carta-a-mama\u0301-y-papa\u0301-cuarentena-escribir-nin\u0303a-estudiar.jpg\" class=\"attachment-large size-large wp-image-13062\" alt=\"\" srcset=\"https:\/\/prefecturadeesmeraldas.gob.ec\/wp-content\/uploads\/2021\/10\/carta-a-mama\u0301-y-papa\u0301-cuarentena-escribir-nin\u0303a-estudiar.jpg 600w, https:\/\/prefecturadeesmeraldas.gob.ec\/wp-content\/uploads\/2021\/10\/carta-a-mama\u0301-y-papa\u0301-cuarentena-escribir-nin\u0303a-estudiar-300x200.jpg 300w, https:\/\/prefecturadeesmeraldas.gob.ec\/wp-content\/uploads\/2021\/10\/carta-a-mama\u0301-y-papa\u0301-cuarentena-escribir-nin\u0303a-estudiar-360x240.jpg 360w\" sizes=\"(max-width: 600px) 100vw, 600px\" \/>\t\t\t\t\t\t\t\t\t\t\t\t\t\t\t<\/div>\n\t\t\t\t<\/div>\n\t\t\t\t\t<\/div>\n\t\t<\/div>\n\t\t\t\t\t<\/div>\n\t\t<\/section>\n\t\t\t\t<section class=\"elementor-section elementor-top-section elementor-element elementor-element-77fabe1 elementor-section-boxed elementor-section-height-default elementor-section-height-default\" data-id=\"77fabe1\" data-element_type=\"section\">\n\t\t\t\t\t\t<div class=\"elementor-container elementor-column-gap-default\">\n\t\t\t\t\t<div class=\"elementor-column elementor-col-100 elementor-top-column elementor-element elementor-element-b2a2e35\" data-id=\"b2a2e35\" data-element_type=\"column\">\n\t\t\t<div class=\"elementor-widget-wrap elementor-element-populated\">\n\t\t\t\t\t\t<div class=\"elementor-element elementor-element-e742f2d elementor-widget elementor-widget-text-editor\" data-id=\"e742f2d\" data-element_type=\"widget\" data-widget_type=\"text-editor.default\">\n\t\t\t\t<div class=\"elementor-widget-container\">\n\t\t\t\t\t\t\t\t\t<p>La Direcci\u00f3n de Comunicaci\u00f3n\u00a0 Social del GADPE convoca el Concurso<strong> CARTAS<\/strong><strong> A LA PREFECTA<\/strong><strong>.<\/strong><\/p><ol><li>TEM\u00c1TICA<\/li><\/ol><p>La tem\u00e1tica ser\u00e1 \u201c<strong>LA PROVINCIA QUE SO\u00d1AMOS<\/strong>\u201d y el objeto del concurso es que los m\u00e1s peque\u00f1os del hogar puedan transmitir en palabras la provincia que sue\u00f1an a la prefecta Roberta Zambrano, a trav\u00e9s de una carta escrita a mano donde resalte la importancia de nuestro entorno, su conservaci\u00f3n, riqueza y valores.<\/p><ol start=\"2\"><li>PARTICIPANTES<\/li><\/ol><p>Dirigido a las ni\u00f1as y ni\u00f1os de 8 a 12 a\u00f1os<\/p><ol start=\"3\"><li>PRESENTACI\u00d3N DE LAS CARTAS<\/li><\/ol><p>Se har\u00e1 de acuerdo con las siguientes normas:<\/p><ul><li>La carta ser\u00e1 escrita a mano y con esferogr\u00e1fico color azul.<\/li><li>La carta debe ser escrita en una carilla (1 p\u00e1gina) en hoja color blanco Bond.<\/li><li>La carta debe ser escrita por la ni\u00f1a o ni\u00f1o.<\/li><li>La carta debe ser dirigida a la Prefecta Roberta Zambrano Ortiz.<\/li><li>La carta debe contener los nombres y apellidos de la ni\u00f1a o ni\u00f1o, adem\u00e1s del n\u00famero telef\u00f3nico del represente legal.<\/li><li>La carta ser\u00e1 entregada en sobre de carta de cualquier color<\/li><li>La carta ser\u00e1 entregada en la Direcci\u00f3n de comunicaci\u00f3n de la Prefectura de Esmeraldas del 8 al 16 de noviembre del 2021<\/li><\/ul><p><strong>PREMIACI\u00d3N\u00a0 <\/strong><\/p><p>8 cartas ser\u00e1n seleccionadas por la Prefecta Roberta Zambrano, luego se realizar\u00e1 un sorteo con las 8 cartas finalistas y la premiaci\u00f3n se realizar\u00e1 en la Sesi\u00f3n Solemne por los 174 a\u00f1os de provincializaci\u00f3n el 20 de noviembre del 2021.<\/p>\t\t\t\t\t\t\t\t<\/div>\n\t\t\t\t<\/div>\n\t\t\t\t\t<\/div>\n\t\t<\/div>\n\t\t\t\t\t<\/div>\n\t\t<\/section>\n\t\t\t\t<\/div>\n\t\t","protected":false},"excerpt":{"rendered":"<p>La Direcci\u00f3n de Comunicaci\u00f3n\u00a0 Social del GADPE convoca el Concurso CARTAS A LA PREFECTA. TEM\u00c1TICA La tem\u00e1tica ser\u00e1 \u201cLA PROVINCIA QUE SO\u00d1AMOS\u201d y el objeto del concurso es que los m\u00e1s peque\u00f1os del hogar puedan transmitir en palabras la provincia que sue\u00f1an a la prefecta Roberta Zambrano, a trav\u00e9s de una carta escrita a mano [&hellip;]<\/p>\n","protected":false},"author":2,"featured_media":13062,"comment_status":"closed","ping_status":"open","sticky":false,"template":"","format":"standard","meta":{"footnotes":""},"categories":[25],"tags":[],"class_list":["post-13061","post","type-post","status-publish","format-standard","has-post-thumbnail","hentry","category-comunicacion-social"],"yoast_head":"<!-- This site is optimized with the Yoast SEO plugin v25.7 - https:\/\/yoast.com\/wordpress\/plugins\/seo\/ -->\n<title>Bases del concurso cartas a la Prefecta \u201cLA PROVINCIA QUE SO\u00d1AMOS\u201d - Gobierno Aut\u00f3nomo Descentralizado de la Provincia de Esmeraldas<\/title>\n<meta name=\"robots\" content=\"index, follow, max-snippet:-1, max-image-preview:large, max-video-preview:-1\" \/>\n<link rel=\"canonical\" href=\"https:\/\/prefecturadeesmeraldas.gob.ec\/index.php\/2021\/10\/21\/bases-del-concurso-cartas-a-la-prefecta-la-provincia-que-sonamos\/\" \/>\n<meta property=\"og:locale\" content=\"es_ES\" \/>\n<meta property=\"og:type\" content=\"article\" \/>\n<meta property=\"og:title\" content=\"Bases del concurso cartas a la Prefecta \u201cLA PROVINCIA QUE SO\u00d1AMOS\u201d - Gobierno Aut\u00f3nomo Descentralizado de la Provincia de Esmeraldas\" \/>\n<meta property=\"og:description\" content=\"La Direcci\u00f3n de Comunicaci\u00f3n\u00a0 Social del GADPE convoca el Concurso CARTAS A LA PREFECTA. TEM\u00c1TICA La tem\u00e1tica ser\u00e1 \u201cLA PROVINCIA QUE SO\u00d1AMOS\u201d y el objeto del concurso es que los m\u00e1s peque\u00f1os del hogar puedan transmitir en palabras la provincia que sue\u00f1an a la prefecta Roberta Zambrano, a trav\u00e9s de una carta escrita a mano [&hellip;]\" \/>\n<meta property=\"og:url\" content=\"https:\/\/prefecturadeesmeraldas.gob.ec\/index.php\/2021\/10\/21\/bases-del-concurso-cartas-a-la-prefecta-la-provincia-que-sonamos\/\" \/>\n<meta property=\"og:site_name\" content=\"Gobierno Aut\u00f3nomo Descentralizado de la Provincia de Esmeraldas\" \/>\n<meta property=\"article:publisher\" content=\"https:\/\/www.facebook.com\/PrefecturaEsmeraldas\/\" \/>\n<meta property=\"article:published_time\" content=\"2021-10-21T20:00:40+00:00\" \/>\n<meta property=\"article:modified_time\" content=\"2021-10-22T16:49:16+00:00\" \/>\n<meta property=\"og:image\" content=\"https:\/\/prefecturadeesmeraldas.gob.ec\/wp-content\/uploads\/2021\/10\/carta-a-mama\u0301-y-papa\u0301-cuarentena-escribir-nin\u0303a-estudiar.jpg\" \/>\n\t<meta property=\"og:image:width\" content=\"600\" \/>\n\t<meta property=\"og:image:height\" content=\"400\" \/>\n\t<meta property=\"og:image:type\" content=\"image\/jpeg\" \/>\n<meta name=\"author\" content=\"Direcci\u00f3n de Comunicaci\u00f3n\" \/>\n<meta name=\"twitter:card\" content=\"summary_large_image\" \/>\n<meta name=\"twitter:label1\" content=\"Escrito por\" \/>\n\t<meta name=\"twitter:data1\" content=\"Direcci\u00f3n de Comunicaci\u00f3n\" \/>\n\t<meta name=\"twitter:label2\" content=\"Tiempo de lectura\" \/>\n\t<meta name=\"twitter:data2\" content=\"1 minuto\" \/>\n<script type=\"application\/ld+json\" class=\"yoast-schema-graph\">{\"@context\":\"https:\/\/schema.org\",\"@graph\":[{\"@type\":\"Article\",\"@id\":\"https:\/\/prefecturadeesmeraldas.gob.ec\/index.php\/2021\/10\/21\/bases-del-concurso-cartas-a-la-prefecta-la-provincia-que-sonamos\/#article\",\"isPartOf\":{\"@id\":\"https:\/\/prefecturadeesmeraldas.gob.ec\/index.php\/2021\/10\/21\/bases-del-concurso-cartas-a-la-prefecta-la-provincia-que-sonamos\/\"},\"author\":{\"name\":\"Direcci\u00f3n de Comunicaci\u00f3n\",\"@id\":\"https:\/\/prefecturadeesmeraldas.gob.ec\/#\/schema\/person\/b0c9e7b1ead7725994d1e319e8825234\"},\"headline\":\"Bases del concurso cartas a la Prefecta \u201cLA PROVINCIA QUE SO\u00d1AMOS\u201d\",\"datePublished\":\"2021-10-21T20:00:40+00:00\",\"dateModified\":\"2021-10-22T16:49:16+00:00\",\"mainEntityOfPage\":{\"@id\":\"https:\/\/prefecturadeesmeraldas.gob.ec\/index.php\/2021\/10\/21\/bases-del-concurso-cartas-a-la-prefecta-la-provincia-que-sonamos\/\"},\"wordCount\":264,\"publisher\":{\"@id\":\"https:\/\/prefecturadeesmeraldas.gob.ec\/#organization\"},\"image\":{\"@id\":\"https:\/\/prefecturadeesmeraldas.gob.ec\/index.php\/2021\/10\/21\/bases-del-concurso-cartas-a-la-prefecta-la-provincia-que-sonamos\/#primaryimage\"},\"thumbnailUrl\":\"https:\/\/prefecturadeesmeraldas.gob.ec\/wp-content\/uploads\/2021\/10\/carta-a-mama\u0301-y-papa\u0301-cuarentena-escribir-nin\u0303a-estudiar.jpg\",\"articleSection\":[\"Comunicaci\u00f3n Social\"],\"inLanguage\":\"es\"},{\"@type\":\"WebPage\",\"@id\":\"https:\/\/prefecturadeesmeraldas.gob.ec\/index.php\/2021\/10\/21\/bases-del-concurso-cartas-a-la-prefecta-la-provincia-que-sonamos\/\",\"url\":\"https:\/\/prefecturadeesmeraldas.gob.ec\/index.php\/2021\/10\/21\/bases-del-concurso-cartas-a-la-prefecta-la-provincia-que-sonamos\/\",\"name\":\"Bases del concurso cartas a la Prefecta \u201cLA PROVINCIA QUE SO\u00d1AMOS\u201d - Gobierno Aut\u00f3nomo Descentralizado de la Provincia de Esmeraldas\",\"isPartOf\":{\"@id\":\"https:\/\/prefecturadeesmeraldas.gob.ec\/#website\"},\"primaryImageOfPage\":{\"@id\":\"https:\/\/prefecturadeesmeraldas.gob.ec\/index.php\/2021\/10\/21\/bases-del-concurso-cartas-a-la-prefecta-la-provincia-que-sonamos\/#primaryimage\"},\"image\":{\"@id\":\"https:\/\/prefecturadeesmeraldas.gob.ec\/index.php\/2021\/10\/21\/bases-del-concurso-cartas-a-la-prefecta-la-provincia-que-sonamos\/#primaryimage\"},\"thumbnailUrl\":\"https:\/\/prefecturadeesmeraldas.gob.ec\/wp-content\/uploads\/2021\/10\/carta-a-mama\u0301-y-papa\u0301-cuarentena-escribir-nin\u0303a-estudiar.jpg\",\"datePublished\":\"2021-10-21T20:00:40+00:00\",\"dateModified\":\"2021-10-22T16:49:16+00:00\",\"breadcrumb\":{\"@id\":\"https:\/\/prefecturadeesmeraldas.gob.ec\/index.php\/2021\/10\/21\/bases-del-concurso-cartas-a-la-prefecta-la-provincia-que-sonamos\/#breadcrumb\"},\"inLanguage\":\"es\",\"potentialAction\":[{\"@type\":\"ReadAction\",\"target\":[\"https:\/\/prefecturadeesmeraldas.gob.ec\/index.php\/2021\/10\/21\/bases-del-concurso-cartas-a-la-prefecta-la-provincia-que-sonamos\/\"]}]},{\"@type\":\"ImageObject\",\"inLanguage\":\"es\",\"@id\":\"https:\/\/prefecturadeesmeraldas.gob.ec\/index.php\/2021\/10\/21\/bases-del-concurso-cartas-a-la-prefecta-la-provincia-que-sonamos\/#primaryimage\",\"url\":\"https:\/\/prefecturadeesmeraldas.gob.ec\/wp-content\/uploads\/2021\/10\/carta-a-mama\u0301-y-papa\u0301-cuarentena-escribir-nin\u0303a-estudiar.jpg\",\"contentUrl\":\"https:\/\/prefecturadeesmeraldas.gob.ec\/wp-content\/uploads\/2021\/10\/carta-a-mama\u0301-y-papa\u0301-cuarentena-escribir-nin\u0303a-estudiar.jpg\",\"width\":600,\"height\":400},{\"@type\":\"BreadcrumbList\",\"@id\":\"https:\/\/prefecturadeesmeraldas.gob.ec\/index.php\/2021\/10\/21\/bases-del-concurso-cartas-a-la-prefecta-la-provincia-que-sonamos\/#breadcrumb\",\"itemListElement\":[{\"@type\":\"ListItem\",\"position\":1,\"name\":\"Home\",\"item\":\"https:\/\/prefecturadeesmeraldas.gob.ec\/\"},{\"@type\":\"ListItem\",\"position\":2,\"name\":\"Bases del concurso cartas a la Prefecta \u201cLA PROVINCIA QUE SO\u00d1AMOS\u201d\"}]},{\"@type\":\"WebSite\",\"@id\":\"https:\/\/prefecturadeesmeraldas.gob.ec\/#website\",\"url\":\"https:\/\/prefecturadeesmeraldas.gob.ec\/\",\"name\":\"Gobierno Aut\u00f3nomo Descentralizado de la Provincia de Esmeraldas\",\"description\":\"Gobierno Aut\u00f3nomo Descentralizado de la Provincia de Esmeraldas\",\"publisher\":{\"@id\":\"https:\/\/prefecturadeesmeraldas.gob.ec\/#organization\"},\"potentialAction\":[{\"@type\":\"SearchAction\",\"target\":{\"@type\":\"EntryPoint\",\"urlTemplate\":\"https:\/\/prefecturadeesmeraldas.gob.ec\/?s={search_term_string}\"},\"query-input\":{\"@type\":\"PropertyValueSpecification\",\"valueRequired\":true,\"valueName\":\"search_term_string\"}}],\"inLanguage\":\"es\"},{\"@type\":\"Organization\",\"@id\":\"https:\/\/prefecturadeesmeraldas.gob.ec\/#organization\",\"name\":\"Gobierno Aut\u00f3nomo Descentralizado de la Provincia de Esmeraldas\",\"url\":\"https:\/\/prefecturadeesmeraldas.gob.ec\/\",\"logo\":{\"@type\":\"ImageObject\",\"inLanguage\":\"es\",\"@id\":\"https:\/\/prefecturadeesmeraldas.gob.ec\/#\/schema\/logo\/image\/\",\"url\":\"https:\/\/prefecturadeesmeraldas.gob.ec\/wp-content\/uploads\/2019\/06\/logo.png\",\"contentUrl\":\"https:\/\/prefecturadeesmeraldas.gob.ec\/wp-content\/uploads\/2019\/06\/logo.png\",\"width\":859,\"height\":448,\"caption\":\"Gobierno Aut\u00f3nomo Descentralizado de la Provincia de Esmeraldas\"},\"image\":{\"@id\":\"https:\/\/prefecturadeesmeraldas.gob.ec\/#\/schema\/logo\/image\/\"},\"sameAs\":[\"https:\/\/www.facebook.com\/PrefecturaEsmeraldas\/\"]},{\"@type\":\"Person\",\"@id\":\"https:\/\/prefecturadeesmeraldas.gob.ec\/#\/schema\/person\/b0c9e7b1ead7725994d1e319e8825234\",\"name\":\"Direcci\u00f3n de Comunicaci\u00f3n\",\"image\":{\"@type\":\"ImageObject\",\"inLanguage\":\"es\",\"@id\":\"https:\/\/prefecturadeesmeraldas.gob.ec\/#\/schema\/person\/image\/\",\"url\":\"https:\/\/secure.gravatar.com\/avatar\/74a3870a946f5d774ade3569af61a72308e07ad3346f370c4b468ee2a9858658?s=96&d=mm&r=g\",\"contentUrl\":\"https:\/\/secure.gravatar.com\/avatar\/74a3870a946f5d774ade3569af61a72308e07ad3346f370c4b468ee2a9858658?s=96&d=mm&r=g\",\"caption\":\"Direcci\u00f3n de Comunicaci\u00f3n\"}}]}<\/script>\n<!-- \/ Yoast SEO plugin. -->","yoast_head_json":{"title":"Bases del concurso cartas a la Prefecta \u201cLA PROVINCIA QUE SO\u00d1AMOS\u201d - Gobierno Aut\u00f3nomo Descentralizado de la Provincia de Esmeraldas","robots":{"index":"index","follow":"follow","max-snippet":"max-snippet:-1","max-image-preview":"max-image-preview:large","max-video-preview":"max-video-preview:-1"},"canonical":"https:\/\/prefecturadeesmeraldas.gob.ec\/index.php\/2021\/10\/21\/bases-del-concurso-cartas-a-la-prefecta-la-provincia-que-sonamos\/","og_locale":"es_ES","og_type":"article","og_title":"Bases del concurso cartas a la Prefecta \u201cLA PROVINCIA QUE SO\u00d1AMOS\u201d - Gobierno Aut\u00f3nomo Descentralizado de la Provincia de Esmeraldas","og_description":"La Direcci\u00f3n de Comunicaci\u00f3n\u00a0 Social del GADPE convoca el Concurso CARTAS A LA PREFECTA. TEM\u00c1TICA La tem\u00e1tica ser\u00e1 \u201cLA PROVINCIA QUE SO\u00d1AMOS\u201d y el objeto del concurso es que los m\u00e1s peque\u00f1os del hogar puedan transmitir en palabras la provincia que sue\u00f1an a la prefecta Roberta Zambrano, a trav\u00e9s de una carta escrita a mano [&hellip;]","og_url":"https:\/\/prefecturadeesmeraldas.gob.ec\/index.php\/2021\/10\/21\/bases-del-concurso-cartas-a-la-prefecta-la-provincia-que-sonamos\/","og_site_name":"Gobierno Aut\u00f3nomo Descentralizado de la Provincia de Esmeraldas","article_publisher":"https:\/\/www.facebook.com\/PrefecturaEsmeraldas\/","article_published_time":"2021-10-21T20:00:40+00:00","article_modified_time":"2021-10-22T16:49:16+00:00","og_image":[{"width":600,"height":400,"url":"https:\/\/prefecturadeesmeraldas.gob.ec\/wp-content\/uploads\/2021\/10\/carta-a-mama\u0301-y-papa\u0301-cuarentena-escribir-nin\u0303a-estudiar.jpg","type":"image\/jpeg"}],"author":"Direcci\u00f3n de Comunicaci\u00f3n","twitter_card":"summary_large_image","twitter_misc":{"Escrito por":"Direcci\u00f3n de Comunicaci\u00f3n","Tiempo de lectura":"1 minuto"},"schema":{"@context":"https:\/\/schema.org","@graph":[{"@type":"Article","@id":"https:\/\/prefecturadeesmeraldas.gob.ec\/index.php\/2021\/10\/21\/bases-del-concurso-cartas-a-la-prefecta-la-provincia-que-sonamos\/#article","isPartOf":{"@id":"https:\/\/prefecturadeesmeraldas.gob.ec\/index.php\/2021\/10\/21\/bases-del-concurso-cartas-a-la-prefecta-la-provincia-que-sonamos\/"},"author":{"name":"Direcci\u00f3n de Comunicaci\u00f3n","@id":"https:\/\/prefecturadeesmeraldas.gob.ec\/#\/schema\/person\/b0c9e7b1ead7725994d1e319e8825234"},"headline":"Bases del concurso cartas a la Prefecta \u201cLA PROVINCIA QUE SO\u00d1AMOS\u201d","datePublished":"2021-10-21T20:00:40+00:00","dateModified":"2021-10-22T16:49:16+00:00","mainEntityOfPage":{"@id":"https:\/\/prefecturadeesmeraldas.gob.ec\/index.php\/2021\/10\/21\/bases-del-concurso-cartas-a-la-prefecta-la-provincia-que-sonamos\/"},"wordCount":264,"publisher":{"@id":"https:\/\/prefecturadeesmeraldas.gob.ec\/#organization"},"image":{"@id":"https:\/\/prefecturadeesmeraldas.gob.ec\/index.php\/2021\/10\/21\/bases-del-concurso-cartas-a-la-prefecta-la-provincia-que-sonamos\/#primaryimage"},"thumbnailUrl":"https:\/\/prefecturadeesmeraldas.gob.ec\/wp-content\/uploads\/2021\/10\/carta-a-mama\u0301-y-papa\u0301-cuarentena-escribir-nin\u0303a-estudiar.jpg","articleSection":["Comunicaci\u00f3n Social"],"inLanguage":"es"},{"@type":"WebPage","@id":"https:\/\/prefecturadeesmeraldas.gob.ec\/index.php\/2021\/10\/21\/bases-del-concurso-cartas-a-la-prefecta-la-provincia-que-sonamos\/","url":"https:\/\/prefecturadeesmeraldas.gob.ec\/index.php\/2021\/10\/21\/bases-del-concurso-cartas-a-la-prefecta-la-provincia-que-sonamos\/","name":"Bases del concurso cartas a la Prefecta \u201cLA PROVINCIA QUE SO\u00d1AMOS\u201d - Gobierno Aut\u00f3nomo Descentralizado de la Provincia de Esmeraldas","isPartOf":{"@id":"https:\/\/prefecturadeesmeraldas.gob.ec\/#website"},"primaryImageOfPage":{"@id":"https:\/\/prefecturadeesmeraldas.gob.ec\/index.php\/2021\/10\/21\/bases-del-concurso-cartas-a-la-prefecta-la-provincia-que-sonamos\/#primaryimage"},"image":{"@id":"https:\/\/prefecturadeesmeraldas.gob.ec\/index.php\/2021\/10\/21\/bases-del-concurso-cartas-a-la-prefecta-la-provincia-que-sonamos\/#primaryimage"},"thumbnailUrl":"https:\/\/prefecturadeesmeraldas.gob.ec\/wp-content\/uploads\/2021\/10\/carta-a-mama\u0301-y-papa\u0301-cuarentena-escribir-nin\u0303a-estudiar.jpg","datePublished":"2021-10-21T20:00:40+00:00","dateModified":"2021-10-22T16:49:16+00:00","breadcrumb":{"@id":"https:\/\/prefecturadeesmeraldas.gob.ec\/index.php\/2021\/10\/21\/bases-del-concurso-cartas-a-la-prefecta-la-provincia-que-sonamos\/#breadcrumb"},"inLanguage":"es","potentialAction":[{"@type":"ReadAction","target":["https:\/\/prefecturadeesmeraldas.gob.ec\/index.php\/2021\/10\/21\/bases-del-concurso-cartas-a-la-prefecta-la-provincia-que-sonamos\/"]}]},{"@type":"ImageObject","inLanguage":"es","@id":"https:\/\/prefecturadeesmeraldas.gob.ec\/index.php\/2021\/10\/21\/bases-del-concurso-cartas-a-la-prefecta-la-provincia-que-sonamos\/#primaryimage","url":"https:\/\/prefecturadeesmeraldas.gob.ec\/wp-content\/uploads\/2021\/10\/carta-a-mama\u0301-y-papa\u0301-cuarentena-escribir-nin\u0303a-estudiar.jpg","contentUrl":"https:\/\/prefecturadeesmeraldas.gob.ec\/wp-content\/uploads\/2021\/10\/carta-a-mama\u0301-y-papa\u0301-cuarentena-escribir-nin\u0303a-estudiar.jpg","width":600,"height":400},{"@type":"BreadcrumbList","@id":"https:\/\/prefecturadeesmeraldas.gob.ec\/index.php\/2021\/10\/21\/bases-del-concurso-cartas-a-la-prefecta-la-provincia-que-sonamos\/#breadcrumb","itemListElement":[{"@type":"ListItem","position":1,"name":"Home","item":"https:\/\/prefecturadeesmeraldas.gob.ec\/"},{"@type":"ListItem","position":2,"name":"Bases del concurso cartas a la Prefecta \u201cLA PROVINCIA QUE SO\u00d1AMOS\u201d"}]},{"@type":"WebSite","@id":"https:\/\/prefecturadeesmeraldas.gob.ec\/#website","url":"https:\/\/prefecturadeesmeraldas.gob.ec\/","name":"Gobierno Aut\u00f3nomo Descentralizado de la Provincia de Esmeraldas","description":"Gobierno Aut\u00f3nomo Descentralizado de la Provincia de Esmeraldas","publisher":{"@id":"https:\/\/prefecturadeesmeraldas.gob.ec\/#organization"},"potentialAction":[{"@type":"SearchAction","target":{"@type":"EntryPoint","urlTemplate":"https:\/\/prefecturadeesmeraldas.gob.ec\/?s={search_term_string}"},"query-input":{"@type":"PropertyValueSpecification","valueRequired":true,"valueName":"search_term_string"}}],"inLanguage":"es"},{"@type":"Organization","@id":"https:\/\/prefecturadeesmeraldas.gob.ec\/#organization","name":"Gobierno Aut\u00f3nomo Descentralizado de la Provincia de Esmeraldas","url":"https:\/\/prefecturadeesmeraldas.gob.ec\/","logo":{"@type":"ImageObject","inLanguage":"es","@id":"https:\/\/prefecturadeesmeraldas.gob.ec\/#\/schema\/logo\/image\/","url":"https:\/\/prefecturadeesmeraldas.gob.ec\/wp-content\/uploads\/2019\/06\/logo.png","contentUrl":"https:\/\/prefecturadeesmeraldas.gob.ec\/wp-content\/uploads\/2019\/06\/logo.png","width":859,"height":448,"caption":"Gobierno Aut\u00f3nomo Descentralizado de la Provincia de Esmeraldas"},"image":{"@id":"https:\/\/prefecturadeesmeraldas.gob.ec\/#\/schema\/logo\/image\/"},"sameAs":["https:\/\/www.facebook.com\/PrefecturaEsmeraldas\/"]},{"@type":"Person","@id":"https:\/\/prefecturadeesmeraldas.gob.ec\/#\/schema\/person\/b0c9e7b1ead7725994d1e319e8825234","name":"Direcci\u00f3n de Comunicaci\u00f3n","image":{"@type":"ImageObject","inLanguage":"es","@id":"https:\/\/prefecturadeesmeraldas.gob.ec\/#\/schema\/person\/image\/","url":"https:\/\/secure.gravatar.com\/avatar\/74a3870a946f5d774ade3569af61a72308e07ad3346f370c4b468ee2a9858658?s=96&d=mm&r=g","contentUrl":"https:\/\/secure.gravatar.com\/avatar\/74a3870a946f5d774ade3569af61a72308e07ad3346f370c4b468ee2a9858658?s=96&d=mm&r=g","caption":"Direcci\u00f3n de Comunicaci\u00f3n"}}]}},"_links":{"self":[{"href":"https:\/\/prefecturadeesmeraldas.gob.ec\/index.php\/wp-json\/wp\/v2\/posts\/13061","targetHints":{"allow":["GET"]}}],"collection":[{"href":"https:\/\/prefecturadeesmeraldas.gob.ec\/index.php\/wp-json\/wp\/v2\/posts"}],"about":[{"href":"https:\/\/prefecturadeesmeraldas.gob.ec\/index.php\/wp-json\/wp\/v2\/types\/post"}],"author":[{"embeddable":true,"href":"https:\/\/prefecturadeesmeraldas.gob.ec\/index.php\/wp-json\/wp\/v2\/users\/2"}],"replies":[{"embeddable":true,"href":"https:\/\/prefecturadeesmeraldas.gob.ec\/index.php\/wp-json\/wp\/v2\/comments?post=13061"}],"version-history":[{"count":0,"href":"https:\/\/prefecturadeesmeraldas.gob.ec\/index.php\/wp-json\/wp\/v2\/posts\/13061\/revisions"}],"wp:featuredmedia":[{"embeddable":true,"href":"https:\/\/prefecturadeesmeraldas.gob.ec\/index.php\/wp-json\/wp\/v2\/media\/13062"}],"wp:attachment":[{"href":"https:\/\/prefecturadeesmeraldas.gob.ec\/index.php\/wp-json\/wp\/v2\/media?parent=13061"}],"wp:term":[{"taxonomy":"category","embeddable":true,"href":"https:\/\/prefecturadeesmeraldas.gob.ec\/index.php\/wp-json\/wp\/v2\/categories?post=13061"},{"taxonomy":"post_tag","embeddable":true,"href":"https:\/\/prefecturadeesmeraldas.gob.ec\/index.php\/wp-json\/wp\/v2\/tags?post=13061"}],"curies":[{"name":"wp","href":"https:\/\/api.w.org\/{rel}","templated":true}]}}