{"id":13026,"date":"2021-10-20T10:46:18","date_gmt":"2021-10-20T15:46:18","guid":{"rendered":"https:\/\/prefecturadeesmeraldas.gob.ec\/?p=13026"},"modified":"2021-10-20T10:52:59","modified_gmt":"2021-10-20T15:52:59","slug":"prefecta-de-esmeraldas-rechazo-declaraciones-del-alcalde-del-canton-atacames","status":"publish","type":"post","link":"https:\/\/prefecturadeesmeraldas.gob.ec\/index.php\/2021\/10\/20\/prefecta-de-esmeraldas-rechazo-declaraciones-del-alcalde-del-canton-atacames\/","title":{"rendered":"Prefecta de Esmeraldas rechaz\u00f3 declaraciones del Alcalde del cant\u00f3n Atacames."},"content":{"rendered":"\t\t<div data-elementor-type=\"wp-post\" data-elementor-id=\"13026\" class=\"elementor elementor-13026\">\n\t\t\t\t\t\t<section class=\"elementor-section elementor-top-section elementor-element elementor-element-22c5601 elementor-section-boxed elementor-section-height-default elementor-section-height-default\" data-id=\"22c5601\" data-element_type=\"section\">\n\t\t\t\t\t\t<div class=\"elementor-container elementor-column-gap-default\">\n\t\t\t\t\t<div class=\"elementor-column elementor-col-100 elementor-top-column elementor-element elementor-element-6d16abb\" data-id=\"6d16abb\" data-element_type=\"column\">\n\t\t\t<div class=\"elementor-widget-wrap elementor-element-populated\">\n\t\t\t\t\t\t<div class=\"elementor-element elementor-element-510e7c3 elementor-widget elementor-widget-image\" data-id=\"510e7c3\" data-element_type=\"widget\" data-widget_type=\"image.default\">\n\t\t\t\t<div class=\"elementor-widget-container\">\n\t\t\t\t\t\t\t\t\t\t\t\t\t\t\t<img fetchpriority=\"high\" decoding=\"async\" width=\"1024\" height=\"1024\" src=\"https:\/\/prefecturadeesmeraldas.gob.ec\/wp-content\/uploads\/2021\/10\/WhatsApp-Image-2021-10-18-at-14.03.59-2-1024x1024.jpeg\" class=\"attachment-large size-large wp-image-13027\" alt=\"\" srcset=\"https:\/\/prefecturadeesmeraldas.gob.ec\/wp-content\/uploads\/2021\/10\/WhatsApp-Image-2021-10-18-at-14.03.59-2-1024x1024.jpeg 1024w, https:\/\/prefecturadeesmeraldas.gob.ec\/wp-content\/uploads\/2021\/10\/WhatsApp-Image-2021-10-18-at-14.03.59-2-240x240.jpeg 240w, https:\/\/prefecturadeesmeraldas.gob.ec\/wp-content\/uploads\/2021\/10\/WhatsApp-Image-2021-10-18-at-14.03.59-2-1080x1080.jpeg 1080w, https:\/\/prefecturadeesmeraldas.gob.ec\/wp-content\/uploads\/2021\/10\/WhatsApp-Image-2021-10-18-at-14.03.59-2-150x150.jpeg 150w, https:\/\/prefecturadeesmeraldas.gob.ec\/wp-content\/uploads\/2021\/10\/WhatsApp-Image-2021-10-18-at-14.03.59-2-300x300.jpeg 300w, https:\/\/prefecturadeesmeraldas.gob.ec\/wp-content\/uploads\/2021\/10\/WhatsApp-Image-2021-10-18-at-14.03.59-2-768x768.jpeg 768w, https:\/\/prefecturadeesmeraldas.gob.ec\/wp-content\/uploads\/2021\/10\/WhatsApp-Image-2021-10-18-at-14.03.59-2.jpeg 1280w\" sizes=\"(max-width: 1024px) 100vw, 1024px\" \/>\t\t\t\t\t\t\t\t\t\t\t\t\t\t\t<\/div>\n\t\t\t\t<\/div>\n\t\t\t\t\t<\/div>\n\t\t<\/div>\n\t\t\t\t\t<\/div>\n\t\t<\/section>\n\t\t\t\t<section class=\"elementor-section elementor-top-section elementor-element elementor-element-232159a elementor-section-boxed elementor-section-height-default elementor-section-height-default\" data-id=\"232159a\" data-element_type=\"section\">\n\t\t\t\t\t\t<div class=\"elementor-container elementor-column-gap-default\">\n\t\t\t\t\t<div class=\"elementor-column elementor-col-100 elementor-top-column elementor-element elementor-element-9b680b2\" data-id=\"9b680b2\" data-element_type=\"column\">\n\t\t\t<div class=\"elementor-widget-wrap elementor-element-populated\">\n\t\t\t\t\t\t<div class=\"elementor-element elementor-element-be544df elementor-widget elementor-widget-text-editor\" data-id=\"be544df\" data-element_type=\"widget\" data-widget_type=\"text-editor.default\">\n\t\t\t\t<div class=\"elementor-widget-container\">\n\t\t\t\t\t\t\t\t\t<p>Tras haber cumplido con la invitaci\u00f3n hecha a la sesi\u00f3n solemne por los 80 a\u00f1os de cantonizaci\u00f3n de Eloy Alfaro, la Prefecta de Esmeradas Roberta Zambrano rechaz\u00f3 las declaraciones hechas por el alcalde de Atacames, respecto al financiamiento de obras para el cant\u00f3n Eloy Alfaro y la provincia de Esmeraldas.<\/p><p>Ante las obras anunciadas, y el empe\u00f1o de seguir trabajando en favor del sector rural y la reactivaci\u00f3n econ\u00f3mica de la provincia, la m\u00e1xima autoridad de la Prefectura de Esmeraldas recalc\u00f3 que existe un recorte al presupuesto de 7 millones de d\u00f3lares, por lo que su administraci\u00f3n centra su objetivo en hallar aliados estrat\u00e9gicos para la ejecuci\u00f3n de obras.<\/p><p><strong>Freddy Saldarriaga<\/strong>, alcalde del cant\u00f3n Atacames, mencion\u00f3 que, ante el anhelo de los limone\u00f1os de tener el puente de Canchimalero, la Prefectura de Esmeraldas deber\u00eda poner el 80% de la inversi\u00f3n y no el 50% propuesto, seg\u00fan dijo: \u201cas\u00ed se tenga que dejar a otros cantones sin obras\u201d. La Prefecta de Esmeraldas, calific\u00f3 las declaraciones del burgomaestre de irresponsables y demag\u00f3gicas.<\/p><p>\u201c<strong>Tras haber actualizado y entregado los nuevos estudios respecto a la construcci\u00f3n del puente, se estima que el valor total de la infraestructura asciende a los 2 millones de d\u00f3lares, raz\u00f3n por la que requiere el trabajo y la cooperaci\u00f3n econ\u00f3mica interinstitucional<\/strong>\u201d, recalc\u00f3.<\/p>\t\t\t\t\t\t\t\t<\/div>\n\t\t\t\t<\/div>\n\t\t\t\t\t<\/div>\n\t\t<\/div>\n\t\t\t\t\t<\/div>\n\t\t<\/section>\n\t\t\t\t<\/div>\n\t\t","protected":false},"excerpt":{"rendered":"<p>Tras haber cumplido con la invitaci\u00f3n hecha a la sesi\u00f3n solemne por los 80 a\u00f1os de cantonizaci\u00f3n de Eloy Alfaro, la Prefecta de Esmeradas Roberta Zambrano rechaz\u00f3 las declaraciones hechas por el alcalde de Atacames, respecto al financiamiento de obras para el cant\u00f3n Eloy Alfaro y la provincia de Esmeraldas. Ante las obras anunciadas, y [&hellip;]<\/p>\n","protected":false},"author":2,"featured_media":13038,"comment_status":"closed","ping_status":"open","sticky":false,"template":"","format":"standard","meta":{"footnotes":""},"categories":[3],"tags":[],"class_list":["post-13026","post","type-post","status-publish","format-standard","has-post-thumbnail","hentry","category-institucional"],"yoast_head":"<!-- This site is optimized with the Yoast SEO plugin v25.7 - https:\/\/yoast.com\/wordpress\/plugins\/seo\/ -->\n<title>Prefecta de Esmeraldas rechaz\u00f3 declaraciones del Alcalde del cant\u00f3n Atacames. - Gobierno Aut\u00f3nomo Descentralizado de la Provincia de Esmeraldas<\/title>\n<meta name=\"robots\" content=\"index, follow, max-snippet:-1, max-image-preview:large, max-video-preview:-1\" \/>\n<link rel=\"canonical\" href=\"https:\/\/prefecturadeesmeraldas.gob.ec\/index.php\/2021\/10\/20\/prefecta-de-esmeraldas-rechazo-declaraciones-del-alcalde-del-canton-atacames\/\" \/>\n<meta property=\"og:locale\" content=\"es_ES\" \/>\n<meta property=\"og:type\" content=\"article\" \/>\n<meta property=\"og:title\" content=\"Prefecta de Esmeraldas rechaz\u00f3 declaraciones del Alcalde del cant\u00f3n Atacames. - Gobierno Aut\u00f3nomo Descentralizado de la Provincia de Esmeraldas\" \/>\n<meta property=\"og:description\" content=\"Tras haber cumplido con la invitaci\u00f3n hecha a la sesi\u00f3n solemne por los 80 a\u00f1os de cantonizaci\u00f3n de Eloy Alfaro, la Prefecta de Esmeradas Roberta Zambrano rechaz\u00f3 las declaraciones hechas por el alcalde de Atacames, respecto al financiamiento de obras para el cant\u00f3n Eloy Alfaro y la provincia de Esmeraldas. Ante las obras anunciadas, y [&hellip;]\" \/>\n<meta property=\"og:url\" content=\"https:\/\/prefecturadeesmeraldas.gob.ec\/index.php\/2021\/10\/20\/prefecta-de-esmeraldas-rechazo-declaraciones-del-alcalde-del-canton-atacames\/\" \/>\n<meta property=\"og:site_name\" content=\"Gobierno Aut\u00f3nomo Descentralizado de la Provincia de Esmeraldas\" \/>\n<meta property=\"article:publisher\" content=\"https:\/\/www.facebook.com\/PrefecturaEsmeraldas\/\" \/>\n<meta property=\"article:published_time\" content=\"2021-10-20T15:46:18+00:00\" \/>\n<meta property=\"article:modified_time\" content=\"2021-10-20T15:52:59+00:00\" \/>\n<meta property=\"og:image\" content=\"https:\/\/prefecturadeesmeraldas.gob.ec\/wp-content\/uploads\/2021\/10\/WhatsApp-Image-2021-10-18-at-14.03.59-1.jpeg\" \/>\n\t<meta property=\"og:image:width\" content=\"1280\" \/>\n\t<meta property=\"og:image:height\" content=\"1280\" \/>\n\t<meta property=\"og:image:type\" content=\"image\/jpeg\" \/>\n<meta name=\"author\" content=\"Direcci\u00f3n de Comunicaci\u00f3n\" \/>\n<meta name=\"twitter:card\" content=\"summary_large_image\" \/>\n<meta name=\"twitter:label1\" content=\"Escrito por\" \/>\n\t<meta name=\"twitter:data1\" content=\"Direcci\u00f3n de Comunicaci\u00f3n\" \/>\n\t<meta name=\"twitter:label2\" content=\"Tiempo de lectura\" \/>\n\t<meta name=\"twitter:data2\" content=\"1 minuto\" \/>\n<script type=\"application\/ld+json\" class=\"yoast-schema-graph\">{\"@context\":\"https:\/\/schema.org\",\"@graph\":[{\"@type\":\"Article\",\"@id\":\"https:\/\/prefecturadeesmeraldas.gob.ec\/index.php\/2021\/10\/20\/prefecta-de-esmeraldas-rechazo-declaraciones-del-alcalde-del-canton-atacames\/#article\",\"isPartOf\":{\"@id\":\"https:\/\/prefecturadeesmeraldas.gob.ec\/index.php\/2021\/10\/20\/prefecta-de-esmeraldas-rechazo-declaraciones-del-alcalde-del-canton-atacames\/\"},\"author\":{\"name\":\"Direcci\u00f3n de Comunicaci\u00f3n\",\"@id\":\"https:\/\/prefecturadeesmeraldas.gob.ec\/#\/schema\/person\/b0c9e7b1ead7725994d1e319e8825234\"},\"headline\":\"Prefecta de Esmeraldas rechaz\u00f3 declaraciones del Alcalde del cant\u00f3n Atacames.\",\"datePublished\":\"2021-10-20T15:46:18+00:00\",\"dateModified\":\"2021-10-20T15:52:59+00:00\",\"mainEntityOfPage\":{\"@id\":\"https:\/\/prefecturadeesmeraldas.gob.ec\/index.php\/2021\/10\/20\/prefecta-de-esmeraldas-rechazo-declaraciones-del-alcalde-del-canton-atacames\/\"},\"wordCount\":243,\"publisher\":{\"@id\":\"https:\/\/prefecturadeesmeraldas.gob.ec\/#organization\"},\"image\":{\"@id\":\"https:\/\/prefecturadeesmeraldas.gob.ec\/index.php\/2021\/10\/20\/prefecta-de-esmeraldas-rechazo-declaraciones-del-alcalde-del-canton-atacames\/#primaryimage\"},\"thumbnailUrl\":\"https:\/\/prefecturadeesmeraldas.gob.ec\/wp-content\/uploads\/2021\/10\/WhatsApp-Image-2021-10-18-at-14.03.59-1.jpeg\",\"articleSection\":[\"Institucional\"],\"inLanguage\":\"es\"},{\"@type\":\"WebPage\",\"@id\":\"https:\/\/prefecturadeesmeraldas.gob.ec\/index.php\/2021\/10\/20\/prefecta-de-esmeraldas-rechazo-declaraciones-del-alcalde-del-canton-atacames\/\",\"url\":\"https:\/\/prefecturadeesmeraldas.gob.ec\/index.php\/2021\/10\/20\/prefecta-de-esmeraldas-rechazo-declaraciones-del-alcalde-del-canton-atacames\/\",\"name\":\"Prefecta de Esmeraldas rechaz\u00f3 declaraciones del Alcalde del cant\u00f3n Atacames. - Gobierno Aut\u00f3nomo Descentralizado de la Provincia de Esmeraldas\",\"isPartOf\":{\"@id\":\"https:\/\/prefecturadeesmeraldas.gob.ec\/#website\"},\"primaryImageOfPage\":{\"@id\":\"https:\/\/prefecturadeesmeraldas.gob.ec\/index.php\/2021\/10\/20\/prefecta-de-esmeraldas-rechazo-declaraciones-del-alcalde-del-canton-atacames\/#primaryimage\"},\"image\":{\"@id\":\"https:\/\/prefecturadeesmeraldas.gob.ec\/index.php\/2021\/10\/20\/prefecta-de-esmeraldas-rechazo-declaraciones-del-alcalde-del-canton-atacames\/#primaryimage\"},\"thumbnailUrl\":\"https:\/\/prefecturadeesmeraldas.gob.ec\/wp-content\/uploads\/2021\/10\/WhatsApp-Image-2021-10-18-at-14.03.59-1.jpeg\",\"datePublished\":\"2021-10-20T15:46:18+00:00\",\"dateModified\":\"2021-10-20T15:52:59+00:00\",\"breadcrumb\":{\"@id\":\"https:\/\/prefecturadeesmeraldas.gob.ec\/index.php\/2021\/10\/20\/prefecta-de-esmeraldas-rechazo-declaraciones-del-alcalde-del-canton-atacames\/#breadcrumb\"},\"inLanguage\":\"es\",\"potentialAction\":[{\"@type\":\"ReadAction\",\"target\":[\"https:\/\/prefecturadeesmeraldas.gob.ec\/index.php\/2021\/10\/20\/prefecta-de-esmeraldas-rechazo-declaraciones-del-alcalde-del-canton-atacames\/\"]}]},{\"@type\":\"ImageObject\",\"inLanguage\":\"es\",\"@id\":\"https:\/\/prefecturadeesmeraldas.gob.ec\/index.php\/2021\/10\/20\/prefecta-de-esmeraldas-rechazo-declaraciones-del-alcalde-del-canton-atacames\/#primaryimage\",\"url\":\"https:\/\/prefecturadeesmeraldas.gob.ec\/wp-content\/uploads\/2021\/10\/WhatsApp-Image-2021-10-18-at-14.03.59-1.jpeg\",\"contentUrl\":\"https:\/\/prefecturadeesmeraldas.gob.ec\/wp-content\/uploads\/2021\/10\/WhatsApp-Image-2021-10-18-at-14.03.59-1.jpeg\",\"width\":1280,\"height\":1280},{\"@type\":\"BreadcrumbList\",\"@id\":\"https:\/\/prefecturadeesmeraldas.gob.ec\/index.php\/2021\/10\/20\/prefecta-de-esmeraldas-rechazo-declaraciones-del-alcalde-del-canton-atacames\/#breadcrumb\",\"itemListElement\":[{\"@type\":\"ListItem\",\"position\":1,\"name\":\"Home\",\"item\":\"https:\/\/prefecturadeesmeraldas.gob.ec\/\"},{\"@type\":\"ListItem\",\"position\":2,\"name\":\"Prefecta de Esmeraldas rechaz\u00f3 declaraciones del Alcalde del cant\u00f3n Atacames.\"}]},{\"@type\":\"WebSite\",\"@id\":\"https:\/\/prefecturadeesmeraldas.gob.ec\/#website\",\"url\":\"https:\/\/prefecturadeesmeraldas.gob.ec\/\",\"name\":\"Gobierno Aut\u00f3nomo Descentralizado de la Provincia de Esmeraldas\",\"description\":\"Gobierno Aut\u00f3nomo Descentralizado de la Provincia de Esmeraldas\",\"publisher\":{\"@id\":\"https:\/\/prefecturadeesmeraldas.gob.ec\/#organization\"},\"potentialAction\":[{\"@type\":\"SearchAction\",\"target\":{\"@type\":\"EntryPoint\",\"urlTemplate\":\"https:\/\/prefecturadeesmeraldas.gob.ec\/?s={search_term_string}\"},\"query-input\":{\"@type\":\"PropertyValueSpecification\",\"valueRequired\":true,\"valueName\":\"search_term_string\"}}],\"inLanguage\":\"es\"},{\"@type\":\"Organization\",\"@id\":\"https:\/\/prefecturadeesmeraldas.gob.ec\/#organization\",\"name\":\"Gobierno Aut\u00f3nomo Descentralizado de la Provincia de Esmeraldas\",\"url\":\"https:\/\/prefecturadeesmeraldas.gob.ec\/\",\"logo\":{\"@type\":\"ImageObject\",\"inLanguage\":\"es\",\"@id\":\"https:\/\/prefecturadeesmeraldas.gob.ec\/#\/schema\/logo\/image\/\",\"url\":\"https:\/\/prefecturadeesmeraldas.gob.ec\/wp-content\/uploads\/2019\/06\/logo.png\",\"contentUrl\":\"https:\/\/prefecturadeesmeraldas.gob.ec\/wp-content\/uploads\/2019\/06\/logo.png\",\"width\":859,\"height\":448,\"caption\":\"Gobierno Aut\u00f3nomo Descentralizado de la Provincia de Esmeraldas\"},\"image\":{\"@id\":\"https:\/\/prefecturadeesmeraldas.gob.ec\/#\/schema\/logo\/image\/\"},\"sameAs\":[\"https:\/\/www.facebook.com\/PrefecturaEsmeraldas\/\"]},{\"@type\":\"Person\",\"@id\":\"https:\/\/prefecturadeesmeraldas.gob.ec\/#\/schema\/person\/b0c9e7b1ead7725994d1e319e8825234\",\"name\":\"Direcci\u00f3n de Comunicaci\u00f3n\",\"image\":{\"@type\":\"ImageObject\",\"inLanguage\":\"es\",\"@id\":\"https:\/\/prefecturadeesmeraldas.gob.ec\/#\/schema\/person\/image\/\",\"url\":\"https:\/\/secure.gravatar.com\/avatar\/74a3870a946f5d774ade3569af61a72308e07ad3346f370c4b468ee2a9858658?s=96&d=mm&r=g\",\"contentUrl\":\"https:\/\/secure.gravatar.com\/avatar\/74a3870a946f5d774ade3569af61a72308e07ad3346f370c4b468ee2a9858658?s=96&d=mm&r=g\",\"caption\":\"Direcci\u00f3n de Comunicaci\u00f3n\"}}]}<\/script>\n<!-- \/ Yoast SEO plugin. -->","yoast_head_json":{"title":"Prefecta de Esmeraldas rechaz\u00f3 declaraciones del Alcalde del cant\u00f3n Atacames. - Gobierno Aut\u00f3nomo Descentralizado de la Provincia de Esmeraldas","robots":{"index":"index","follow":"follow","max-snippet":"max-snippet:-1","max-image-preview":"max-image-preview:large","max-video-preview":"max-video-preview:-1"},"canonical":"https:\/\/prefecturadeesmeraldas.gob.ec\/index.php\/2021\/10\/20\/prefecta-de-esmeraldas-rechazo-declaraciones-del-alcalde-del-canton-atacames\/","og_locale":"es_ES","og_type":"article","og_title":"Prefecta de Esmeraldas rechaz\u00f3 declaraciones del Alcalde del cant\u00f3n Atacames. - Gobierno Aut\u00f3nomo Descentralizado de la Provincia de Esmeraldas","og_description":"Tras haber cumplido con la invitaci\u00f3n hecha a la sesi\u00f3n solemne por los 80 a\u00f1os de cantonizaci\u00f3n de Eloy Alfaro, la Prefecta de Esmeradas Roberta Zambrano rechaz\u00f3 las declaraciones hechas por el alcalde de Atacames, respecto al financiamiento de obras para el cant\u00f3n Eloy Alfaro y la provincia de Esmeraldas. Ante las obras anunciadas, y [&hellip;]","og_url":"https:\/\/prefecturadeesmeraldas.gob.ec\/index.php\/2021\/10\/20\/prefecta-de-esmeraldas-rechazo-declaraciones-del-alcalde-del-canton-atacames\/","og_site_name":"Gobierno Aut\u00f3nomo Descentralizado de la Provincia de Esmeraldas","article_publisher":"https:\/\/www.facebook.com\/PrefecturaEsmeraldas\/","article_published_time":"2021-10-20T15:46:18+00:00","article_modified_time":"2021-10-20T15:52:59+00:00","og_image":[{"width":1280,"height":1280,"url":"https:\/\/prefecturadeesmeraldas.gob.ec\/wp-content\/uploads\/2021\/10\/WhatsApp-Image-2021-10-18-at-14.03.59-1.jpeg","type":"image\/jpeg"}],"author":"Direcci\u00f3n de Comunicaci\u00f3n","twitter_card":"summary_large_image","twitter_misc":{"Escrito por":"Direcci\u00f3n de Comunicaci\u00f3n","Tiempo de lectura":"1 minuto"},"schema":{"@context":"https:\/\/schema.org","@graph":[{"@type":"Article","@id":"https:\/\/prefecturadeesmeraldas.gob.ec\/index.php\/2021\/10\/20\/prefecta-de-esmeraldas-rechazo-declaraciones-del-alcalde-del-canton-atacames\/#article","isPartOf":{"@id":"https:\/\/prefecturadeesmeraldas.gob.ec\/index.php\/2021\/10\/20\/prefecta-de-esmeraldas-rechazo-declaraciones-del-alcalde-del-canton-atacames\/"},"author":{"name":"Direcci\u00f3n de Comunicaci\u00f3n","@id":"https:\/\/prefecturadeesmeraldas.gob.ec\/#\/schema\/person\/b0c9e7b1ead7725994d1e319e8825234"},"headline":"Prefecta de Esmeraldas rechaz\u00f3 declaraciones del Alcalde del cant\u00f3n Atacames.","datePublished":"2021-10-20T15:46:18+00:00","dateModified":"2021-10-20T15:52:59+00:00","mainEntityOfPage":{"@id":"https:\/\/prefecturadeesmeraldas.gob.ec\/index.php\/2021\/10\/20\/prefecta-de-esmeraldas-rechazo-declaraciones-del-alcalde-del-canton-atacames\/"},"wordCount":243,"publisher":{"@id":"https:\/\/prefecturadeesmeraldas.gob.ec\/#organization"},"image":{"@id":"https:\/\/prefecturadeesmeraldas.gob.ec\/index.php\/2021\/10\/20\/prefecta-de-esmeraldas-rechazo-declaraciones-del-alcalde-del-canton-atacames\/#primaryimage"},"thumbnailUrl":"https:\/\/prefecturadeesmeraldas.gob.ec\/wp-content\/uploads\/2021\/10\/WhatsApp-Image-2021-10-18-at-14.03.59-1.jpeg","articleSection":["Institucional"],"inLanguage":"es"},{"@type":"WebPage","@id":"https:\/\/prefecturadeesmeraldas.gob.ec\/index.php\/2021\/10\/20\/prefecta-de-esmeraldas-rechazo-declaraciones-del-alcalde-del-canton-atacames\/","url":"https:\/\/prefecturadeesmeraldas.gob.ec\/index.php\/2021\/10\/20\/prefecta-de-esmeraldas-rechazo-declaraciones-del-alcalde-del-canton-atacames\/","name":"Prefecta de Esmeraldas rechaz\u00f3 declaraciones del Alcalde del cant\u00f3n Atacames. - Gobierno Aut\u00f3nomo Descentralizado de la Provincia de Esmeraldas","isPartOf":{"@id":"https:\/\/prefecturadeesmeraldas.gob.ec\/#website"},"primaryImageOfPage":{"@id":"https:\/\/prefecturadeesmeraldas.gob.ec\/index.php\/2021\/10\/20\/prefecta-de-esmeraldas-rechazo-declaraciones-del-alcalde-del-canton-atacames\/#primaryimage"},"image":{"@id":"https:\/\/prefecturadeesmeraldas.gob.ec\/index.php\/2021\/10\/20\/prefecta-de-esmeraldas-rechazo-declaraciones-del-alcalde-del-canton-atacames\/#primaryimage"},"thumbnailUrl":"https:\/\/prefecturadeesmeraldas.gob.ec\/wp-content\/uploads\/2021\/10\/WhatsApp-Image-2021-10-18-at-14.03.59-1.jpeg","datePublished":"2021-10-20T15:46:18+00:00","dateModified":"2021-10-20T15:52:59+00:00","breadcrumb":{"@id":"https:\/\/prefecturadeesmeraldas.gob.ec\/index.php\/2021\/10\/20\/prefecta-de-esmeraldas-rechazo-declaraciones-del-alcalde-del-canton-atacames\/#breadcrumb"},"inLanguage":"es","potentialAction":[{"@type":"ReadAction","target":["https:\/\/prefecturadeesmeraldas.gob.ec\/index.php\/2021\/10\/20\/prefecta-de-esmeraldas-rechazo-declaraciones-del-alcalde-del-canton-atacames\/"]}]},{"@type":"ImageObject","inLanguage":"es","@id":"https:\/\/prefecturadeesmeraldas.gob.ec\/index.php\/2021\/10\/20\/prefecta-de-esmeraldas-rechazo-declaraciones-del-alcalde-del-canton-atacames\/#primaryimage","url":"https:\/\/prefecturadeesmeraldas.gob.ec\/wp-content\/uploads\/2021\/10\/WhatsApp-Image-2021-10-18-at-14.03.59-1.jpeg","contentUrl":"https:\/\/prefecturadeesmeraldas.gob.ec\/wp-content\/uploads\/2021\/10\/WhatsApp-Image-2021-10-18-at-14.03.59-1.jpeg","width":1280,"height":1280},{"@type":"BreadcrumbList","@id":"https:\/\/prefecturadeesmeraldas.gob.ec\/index.php\/2021\/10\/20\/prefecta-de-esmeraldas-rechazo-declaraciones-del-alcalde-del-canton-atacames\/#breadcrumb","itemListElement":[{"@type":"ListItem","position":1,"name":"Home","item":"https:\/\/prefecturadeesmeraldas.gob.ec\/"},{"@type":"ListItem","position":2,"name":"Prefecta de Esmeraldas rechaz\u00f3 declaraciones del Alcalde del cant\u00f3n Atacames."}]},{"@type":"WebSite","@id":"https:\/\/prefecturadeesmeraldas.gob.ec\/#website","url":"https:\/\/prefecturadeesmeraldas.gob.ec\/","name":"Gobierno Aut\u00f3nomo Descentralizado de la Provincia de Esmeraldas","description":"Gobierno Aut\u00f3nomo Descentralizado de la Provincia de Esmeraldas","publisher":{"@id":"https:\/\/prefecturadeesmeraldas.gob.ec\/#organization"},"potentialAction":[{"@type":"SearchAction","target":{"@type":"EntryPoint","urlTemplate":"https:\/\/prefecturadeesmeraldas.gob.ec\/?s={search_term_string}"},"query-input":{"@type":"PropertyValueSpecification","valueRequired":true,"valueName":"search_term_string"}}],"inLanguage":"es"},{"@type":"Organization","@id":"https:\/\/prefecturadeesmeraldas.gob.ec\/#organization","name":"Gobierno Aut\u00f3nomo Descentralizado de la Provincia de Esmeraldas","url":"https:\/\/prefecturadeesmeraldas.gob.ec\/","logo":{"@type":"ImageObject","inLanguage":"es","@id":"https:\/\/prefecturadeesmeraldas.gob.ec\/#\/schema\/logo\/image\/","url":"https:\/\/prefecturadeesmeraldas.gob.ec\/wp-content\/uploads\/2019\/06\/logo.png","contentUrl":"https:\/\/prefecturadeesmeraldas.gob.ec\/wp-content\/uploads\/2019\/06\/logo.png","width":859,"height":448,"caption":"Gobierno Aut\u00f3nomo Descentralizado de la Provincia de Esmeraldas"},"image":{"@id":"https:\/\/prefecturadeesmeraldas.gob.ec\/#\/schema\/logo\/image\/"},"sameAs":["https:\/\/www.facebook.com\/PrefecturaEsmeraldas\/"]},{"@type":"Person","@id":"https:\/\/prefecturadeesmeraldas.gob.ec\/#\/schema\/person\/b0c9e7b1ead7725994d1e319e8825234","name":"Direcci\u00f3n de Comunicaci\u00f3n","image":{"@type":"ImageObject","inLanguage":"es","@id":"https:\/\/prefecturadeesmeraldas.gob.ec\/#\/schema\/person\/image\/","url":"https:\/\/secure.gravatar.com\/avatar\/74a3870a946f5d774ade3569af61a72308e07ad3346f370c4b468ee2a9858658?s=96&d=mm&r=g","contentUrl":"https:\/\/secure.gravatar.com\/avatar\/74a3870a946f5d774ade3569af61a72308e07ad3346f370c4b468ee2a9858658?s=96&d=mm&r=g","caption":"Direcci\u00f3n de Comunicaci\u00f3n"}}]}},"_links":{"self":[{"href":"https:\/\/prefecturadeesmeraldas.gob.ec\/index.php\/wp-json\/wp\/v2\/posts\/13026","targetHints":{"allow":["GET"]}}],"collection":[{"href":"https:\/\/prefecturadeesmeraldas.gob.ec\/index.php\/wp-json\/wp\/v2\/posts"}],"about":[{"href":"https:\/\/prefecturadeesmeraldas.gob.ec\/index.php\/wp-json\/wp\/v2\/types\/post"}],"author":[{"embeddable":true,"href":"https:\/\/prefecturadeesmeraldas.gob.ec\/index.php\/wp-json\/wp\/v2\/users\/2"}],"replies":[{"embeddable":true,"href":"https:\/\/prefecturadeesmeraldas.gob.ec\/index.php\/wp-json\/wp\/v2\/comments?post=13026"}],"version-history":[{"count":0,"href":"https:\/\/prefecturadeesmeraldas.gob.ec\/index.php\/wp-json\/wp\/v2\/posts\/13026\/revisions"}],"wp:featuredmedia":[{"embeddable":true,"href":"https:\/\/prefecturadeesmeraldas.gob.ec\/index.php\/wp-json\/wp\/v2\/media\/13038"}],"wp:attachment":[{"href":"https:\/\/prefecturadeesmeraldas.gob.ec\/index.php\/wp-json\/wp\/v2\/media?parent=13026"}],"wp:term":[{"taxonomy":"category","embeddable":true,"href":"https:\/\/prefecturadeesmeraldas.gob.ec\/index.php\/wp-json\/wp\/v2\/categories?post=13026"},{"taxonomy":"post_tag","embeddable":true,"href":"https:\/\/prefecturadeesmeraldas.gob.ec\/index.php\/wp-json\/wp\/v2\/tags?post=13026"}],"curies":[{"name":"wp","href":"https:\/\/api.w.org\/{rel}","templated":true}]}}