{"id":13010,"date":"2021-10-18T16:05:06","date_gmt":"2021-10-18T21:05:06","guid":{"rendered":"https:\/\/prefecturadeesmeraldas.gob.ec\/?p=13010"},"modified":"2021-10-18T16:06:06","modified_gmt":"2021-10-18T21:06:06","slug":"prefectura-de-esmeraldas-fortalece-la-produccion-de-coco-en-la-zona-norte","status":"publish","type":"post","link":"https:\/\/prefecturadeesmeraldas.gob.ec\/index.php\/2021\/10\/18\/prefectura-de-esmeraldas-fortalece-la-produccion-de-coco-en-la-zona-norte\/","title":{"rendered":"Prefectura de Esmeraldas fortalece la producci\u00f3n de coco en la zona norte."},"content":{"rendered":"\t\t<div data-elementor-type=\"wp-post\" data-elementor-id=\"13010\" class=\"elementor elementor-13010\">\n\t\t\t\t\t\t<section class=\"elementor-section elementor-top-section elementor-element elementor-element-1a3461f elementor-section-boxed elementor-section-height-default elementor-section-height-default\" data-id=\"1a3461f\" data-element_type=\"section\">\n\t\t\t\t\t\t<div class=\"elementor-container elementor-column-gap-default\">\n\t\t\t\t\t<div class=\"elementor-column elementor-col-100 elementor-top-column elementor-element elementor-element-14bf475\" data-id=\"14bf475\" data-element_type=\"column\">\n\t\t\t<div class=\"elementor-widget-wrap elementor-element-populated\">\n\t\t\t\t\t\t<div class=\"elementor-element elementor-element-18041a2 elementor-widget elementor-widget-image\" data-id=\"18041a2\" data-element_type=\"widget\" data-widget_type=\"image.default\">\n\t\t\t\t<div class=\"elementor-widget-container\">\n\t\t\t\t\t\t\t\t\t\t\t\t\t\t\t<img fetchpriority=\"high\" decoding=\"async\" width=\"1024\" height=\"1024\" src=\"https:\/\/prefecturadeesmeraldas.gob.ec\/wp-content\/uploads\/2021\/10\/WhatsApp-Image-2021-10-12-at-12.24.28-1024x1024.jpeg\" class=\"attachment-large size-large wp-image-13011\" alt=\"\" srcset=\"https:\/\/prefecturadeesmeraldas.gob.ec\/wp-content\/uploads\/2021\/10\/WhatsApp-Image-2021-10-12-at-12.24.28-1024x1024.jpeg 1024w, https:\/\/prefecturadeesmeraldas.gob.ec\/wp-content\/uploads\/2021\/10\/WhatsApp-Image-2021-10-12-at-12.24.28-240x240.jpeg 240w, https:\/\/prefecturadeesmeraldas.gob.ec\/wp-content\/uploads\/2021\/10\/WhatsApp-Image-2021-10-12-at-12.24.28-1080x1080.jpeg 1080w, https:\/\/prefecturadeesmeraldas.gob.ec\/wp-content\/uploads\/2021\/10\/WhatsApp-Image-2021-10-12-at-12.24.28-150x150.jpeg 150w, https:\/\/prefecturadeesmeraldas.gob.ec\/wp-content\/uploads\/2021\/10\/WhatsApp-Image-2021-10-12-at-12.24.28-300x300.jpeg 300w, https:\/\/prefecturadeesmeraldas.gob.ec\/wp-content\/uploads\/2021\/10\/WhatsApp-Image-2021-10-12-at-12.24.28-768x768.jpeg 768w, https:\/\/prefecturadeesmeraldas.gob.ec\/wp-content\/uploads\/2021\/10\/WhatsApp-Image-2021-10-12-at-12.24.28.jpeg 1280w\" sizes=\"(max-width: 1024px) 100vw, 1024px\" \/>\t\t\t\t\t\t\t\t\t\t\t\t\t\t\t<\/div>\n\t\t\t\t<\/div>\n\t\t\t\t\t<\/div>\n\t\t<\/div>\n\t\t\t\t\t<\/div>\n\t\t<\/section>\n\t\t\t\t<section class=\"elementor-section elementor-top-section elementor-element elementor-element-23dcb46 elementor-section-boxed elementor-section-height-default elementor-section-height-default\" data-id=\"23dcb46\" data-element_type=\"section\">\n\t\t\t\t\t\t<div class=\"elementor-container elementor-column-gap-default\">\n\t\t\t\t\t<div class=\"elementor-column elementor-col-100 elementor-top-column elementor-element elementor-element-73e7948\" data-id=\"73e7948\" data-element_type=\"column\">\n\t\t\t<div class=\"elementor-widget-wrap elementor-element-populated\">\n\t\t\t\t\t\t<div class=\"elementor-element elementor-element-e734539 elementor-widget elementor-widget-text-editor\" data-id=\"e734539\" data-element_type=\"widget\" data-widget_type=\"text-editor.default\">\n\t\t\t\t<div class=\"elementor-widget-container\">\n\t\t\t\t\t\t\t\t\t<p>En La Tolita Pampa de Oro, comunidad ubicada en la parroquia Vald\u00e9z del cant\u00f3n Eloy Alfaro, inici\u00f3 la Escuela de Campo \u2013 Fitosanitaria en Plantaciones de Coco.<\/p><p>Este proyecto se ejecuta a trav\u00e9s de la Direcci\u00f3n de Fomento y Desarrollo Productivo, con la finalidad de reactivar la econom\u00eda de la zona norte de la provincia y recuperar las plantaciones cocoteras afectadas por plagas.<\/p><p><strong>Carlos Valencia<\/strong>, funcionario de la Prefectura, explic\u00f3 que, la potenciabilidad del coco contribuye de manera considerable al sector econ\u00f3mico para su mejor manejo, producci\u00f3n y control fitosanitario de enfermedades en el cultivo. Asegur\u00f3 que, con las continuas capacitaciones y asesoramiento, se dar\u00e1 mantenimiento adecuado para prevenir riesgos y enfermedades en los cultivos.<\/p><p>\u201c<strong>Gracias a la iniciativa de la Prefecta Roberta Zambrano, aprendemos con expertos, sobre el manejo integral del cultivo del coco, para contar con beneficios econ\u00f3micos y sacar adelante nuestras fincas<\/strong>\u201d, manifest\u00f3 muy feliz Cruz Mina.<\/p><p>Por su parte, Julio Hurtado, asegur\u00f3 que la Prefectura de Esmeraldas cumple con el compromiso de sacar adelante a los habitantes de la zona norte de la provincia, mejorando la producci\u00f3n y cultivo del coco en La Tolita Pampa de Oro.<\/p><p><strong>\u00a0<\/strong><strong>F\u00e9lix Andrade<\/strong>, representante legal de la empresa EnergyCoco, en coordinaci\u00f3n con la Direcci\u00f3n de Fomento Productivo, ejecutan las capacitaciones. Indic\u00f3 que, los beneficiados, fortalecen sus conocimientos sobre las pr\u00e1cticas de cultivo y producci\u00f3n del coco para que sus plantaciones sean rentables, adem\u00e1s indic\u00f3 que, se entregaron insumos y ense\u00f1aron el uso adecaudo de los mismos.<\/p>\t\t\t\t\t\t\t\t<\/div>\n\t\t\t\t<\/div>\n\t\t\t\t\t<\/div>\n\t\t<\/div>\n\t\t\t\t\t<\/div>\n\t\t<\/section>\n\t\t\t\t<\/div>\n\t\t","protected":false},"excerpt":{"rendered":"<p>En La Tolita Pampa de Oro, comunidad ubicada en la parroquia Vald\u00e9z del cant\u00f3n Eloy Alfaro, inici\u00f3 la Escuela de Campo \u2013 Fitosanitaria en Plantaciones de Coco. Este proyecto se ejecuta a trav\u00e9s de la Direcci\u00f3n de Fomento y Desarrollo Productivo, con la finalidad de reactivar la econom\u00eda de la zona norte de la provincia [&hellip;]<\/p>\n","protected":false},"author":2,"featured_media":13011,"comment_status":"closed","ping_status":"open","sticky":false,"template":"","format":"standard","meta":{"footnotes":""},"categories":[12],"tags":[],"class_list":["post-13010","post","type-post","status-publish","format-standard","has-post-thumbnail","hentry","category-fomento_productivo_2019"],"yoast_head":"<!-- This site is optimized with the Yoast SEO plugin v25.7 - https:\/\/yoast.com\/wordpress\/plugins\/seo\/ -->\n<title>Prefectura de Esmeraldas fortalece la producci\u00f3n de coco en la zona norte. - Gobierno Aut\u00f3nomo Descentralizado de la Provincia de Esmeraldas<\/title>\n<meta name=\"robots\" content=\"index, follow, max-snippet:-1, max-image-preview:large, max-video-preview:-1\" \/>\n<link rel=\"canonical\" href=\"https:\/\/prefecturadeesmeraldas.gob.ec\/index.php\/2021\/10\/18\/prefectura-de-esmeraldas-fortalece-la-produccion-de-coco-en-la-zona-norte\/\" \/>\n<meta property=\"og:locale\" content=\"es_ES\" \/>\n<meta property=\"og:type\" content=\"article\" \/>\n<meta property=\"og:title\" content=\"Prefectura de Esmeraldas fortalece la producci\u00f3n de coco en la zona norte. - Gobierno Aut\u00f3nomo Descentralizado de la Provincia de Esmeraldas\" \/>\n<meta property=\"og:description\" content=\"En La Tolita Pampa de Oro, comunidad ubicada en la parroquia Vald\u00e9z del cant\u00f3n Eloy Alfaro, inici\u00f3 la Escuela de Campo \u2013 Fitosanitaria en Plantaciones de Coco. Este proyecto se ejecuta a trav\u00e9s de la Direcci\u00f3n de Fomento y Desarrollo Productivo, con la finalidad de reactivar la econom\u00eda de la zona norte de la provincia [&hellip;]\" \/>\n<meta property=\"og:url\" content=\"https:\/\/prefecturadeesmeraldas.gob.ec\/index.php\/2021\/10\/18\/prefectura-de-esmeraldas-fortalece-la-produccion-de-coco-en-la-zona-norte\/\" \/>\n<meta property=\"og:site_name\" content=\"Gobierno Aut\u00f3nomo Descentralizado de la Provincia de Esmeraldas\" \/>\n<meta property=\"article:publisher\" content=\"https:\/\/www.facebook.com\/PrefecturaEsmeraldas\/\" \/>\n<meta property=\"article:published_time\" content=\"2021-10-18T21:05:06+00:00\" \/>\n<meta property=\"article:modified_time\" content=\"2021-10-18T21:06:06+00:00\" \/>\n<meta property=\"og:image\" content=\"https:\/\/prefecturadeesmeraldas.gob.ec\/wp-content\/uploads\/2021\/10\/WhatsApp-Image-2021-10-12-at-12.24.28.jpeg\" \/>\n\t<meta property=\"og:image:width\" content=\"1280\" \/>\n\t<meta property=\"og:image:height\" content=\"1280\" \/>\n\t<meta property=\"og:image:type\" content=\"image\/jpeg\" \/>\n<meta name=\"author\" content=\"Direcci\u00f3n de Comunicaci\u00f3n\" \/>\n<meta name=\"twitter:card\" content=\"summary_large_image\" \/>\n<meta name=\"twitter:label1\" content=\"Escrito por\" \/>\n\t<meta name=\"twitter:data1\" content=\"Direcci\u00f3n de Comunicaci\u00f3n\" \/>\n\t<meta name=\"twitter:label2\" content=\"Tiempo de lectura\" \/>\n\t<meta name=\"twitter:data2\" content=\"1 minuto\" \/>\n<script type=\"application\/ld+json\" class=\"yoast-schema-graph\">{\"@context\":\"https:\/\/schema.org\",\"@graph\":[{\"@type\":\"Article\",\"@id\":\"https:\/\/prefecturadeesmeraldas.gob.ec\/index.php\/2021\/10\/18\/prefectura-de-esmeraldas-fortalece-la-produccion-de-coco-en-la-zona-norte\/#article\",\"isPartOf\":{\"@id\":\"https:\/\/prefecturadeesmeraldas.gob.ec\/index.php\/2021\/10\/18\/prefectura-de-esmeraldas-fortalece-la-produccion-de-coco-en-la-zona-norte\/\"},\"author\":{\"name\":\"Direcci\u00f3n de Comunicaci\u00f3n\",\"@id\":\"https:\/\/prefecturadeesmeraldas.gob.ec\/#\/schema\/person\/b0c9e7b1ead7725994d1e319e8825234\"},\"headline\":\"Prefectura de Esmeraldas fortalece la producci\u00f3n de coco en la zona norte.\",\"datePublished\":\"2021-10-18T21:05:06+00:00\",\"dateModified\":\"2021-10-18T21:06:06+00:00\",\"mainEntityOfPage\":{\"@id\":\"https:\/\/prefecturadeesmeraldas.gob.ec\/index.php\/2021\/10\/18\/prefectura-de-esmeraldas-fortalece-la-produccion-de-coco-en-la-zona-norte\/\"},\"wordCount\":274,\"publisher\":{\"@id\":\"https:\/\/prefecturadeesmeraldas.gob.ec\/#organization\"},\"image\":{\"@id\":\"https:\/\/prefecturadeesmeraldas.gob.ec\/index.php\/2021\/10\/18\/prefectura-de-esmeraldas-fortalece-la-produccion-de-coco-en-la-zona-norte\/#primaryimage\"},\"thumbnailUrl\":\"https:\/\/prefecturadeesmeraldas.gob.ec\/wp-content\/uploads\/2021\/10\/WhatsApp-Image-2021-10-12-at-12.24.28.jpeg\",\"articleSection\":[\"Fomento Productivo\"],\"inLanguage\":\"es\"},{\"@type\":\"WebPage\",\"@id\":\"https:\/\/prefecturadeesmeraldas.gob.ec\/index.php\/2021\/10\/18\/prefectura-de-esmeraldas-fortalece-la-produccion-de-coco-en-la-zona-norte\/\",\"url\":\"https:\/\/prefecturadeesmeraldas.gob.ec\/index.php\/2021\/10\/18\/prefectura-de-esmeraldas-fortalece-la-produccion-de-coco-en-la-zona-norte\/\",\"name\":\"Prefectura de Esmeraldas fortalece la producci\u00f3n de coco en la zona norte. - Gobierno Aut\u00f3nomo Descentralizado de la Provincia de Esmeraldas\",\"isPartOf\":{\"@id\":\"https:\/\/prefecturadeesmeraldas.gob.ec\/#website\"},\"primaryImageOfPage\":{\"@id\":\"https:\/\/prefecturadeesmeraldas.gob.ec\/index.php\/2021\/10\/18\/prefectura-de-esmeraldas-fortalece-la-produccion-de-coco-en-la-zona-norte\/#primaryimage\"},\"image\":{\"@id\":\"https:\/\/prefecturadeesmeraldas.gob.ec\/index.php\/2021\/10\/18\/prefectura-de-esmeraldas-fortalece-la-produccion-de-coco-en-la-zona-norte\/#primaryimage\"},\"thumbnailUrl\":\"https:\/\/prefecturadeesmeraldas.gob.ec\/wp-content\/uploads\/2021\/10\/WhatsApp-Image-2021-10-12-at-12.24.28.jpeg\",\"datePublished\":\"2021-10-18T21:05:06+00:00\",\"dateModified\":\"2021-10-18T21:06:06+00:00\",\"breadcrumb\":{\"@id\":\"https:\/\/prefecturadeesmeraldas.gob.ec\/index.php\/2021\/10\/18\/prefectura-de-esmeraldas-fortalece-la-produccion-de-coco-en-la-zona-norte\/#breadcrumb\"},\"inLanguage\":\"es\",\"potentialAction\":[{\"@type\":\"ReadAction\",\"target\":[\"https:\/\/prefecturadeesmeraldas.gob.ec\/index.php\/2021\/10\/18\/prefectura-de-esmeraldas-fortalece-la-produccion-de-coco-en-la-zona-norte\/\"]}]},{\"@type\":\"ImageObject\",\"inLanguage\":\"es\",\"@id\":\"https:\/\/prefecturadeesmeraldas.gob.ec\/index.php\/2021\/10\/18\/prefectura-de-esmeraldas-fortalece-la-produccion-de-coco-en-la-zona-norte\/#primaryimage\",\"url\":\"https:\/\/prefecturadeesmeraldas.gob.ec\/wp-content\/uploads\/2021\/10\/WhatsApp-Image-2021-10-12-at-12.24.28.jpeg\",\"contentUrl\":\"https:\/\/prefecturadeesmeraldas.gob.ec\/wp-content\/uploads\/2021\/10\/WhatsApp-Image-2021-10-12-at-12.24.28.jpeg\",\"width\":1280,\"height\":1280},{\"@type\":\"BreadcrumbList\",\"@id\":\"https:\/\/prefecturadeesmeraldas.gob.ec\/index.php\/2021\/10\/18\/prefectura-de-esmeraldas-fortalece-la-produccion-de-coco-en-la-zona-norte\/#breadcrumb\",\"itemListElement\":[{\"@type\":\"ListItem\",\"position\":1,\"name\":\"Home\",\"item\":\"https:\/\/prefecturadeesmeraldas.gob.ec\/\"},{\"@type\":\"ListItem\",\"position\":2,\"name\":\"Prefectura de Esmeraldas fortalece la producci\u00f3n de coco en la zona norte.\"}]},{\"@type\":\"WebSite\",\"@id\":\"https:\/\/prefecturadeesmeraldas.gob.ec\/#website\",\"url\":\"https:\/\/prefecturadeesmeraldas.gob.ec\/\",\"name\":\"Gobierno Aut\u00f3nomo Descentralizado de la Provincia de Esmeraldas\",\"description\":\"Gobierno Aut\u00f3nomo Descentralizado de la Provincia de Esmeraldas\",\"publisher\":{\"@id\":\"https:\/\/prefecturadeesmeraldas.gob.ec\/#organization\"},\"potentialAction\":[{\"@type\":\"SearchAction\",\"target\":{\"@type\":\"EntryPoint\",\"urlTemplate\":\"https:\/\/prefecturadeesmeraldas.gob.ec\/?s={search_term_string}\"},\"query-input\":{\"@type\":\"PropertyValueSpecification\",\"valueRequired\":true,\"valueName\":\"search_term_string\"}}],\"inLanguage\":\"es\"},{\"@type\":\"Organization\",\"@id\":\"https:\/\/prefecturadeesmeraldas.gob.ec\/#organization\",\"name\":\"Gobierno Aut\u00f3nomo Descentralizado de la Provincia de Esmeraldas\",\"url\":\"https:\/\/prefecturadeesmeraldas.gob.ec\/\",\"logo\":{\"@type\":\"ImageObject\",\"inLanguage\":\"es\",\"@id\":\"https:\/\/prefecturadeesmeraldas.gob.ec\/#\/schema\/logo\/image\/\",\"url\":\"https:\/\/prefecturadeesmeraldas.gob.ec\/wp-content\/uploads\/2019\/06\/logo.png\",\"contentUrl\":\"https:\/\/prefecturadeesmeraldas.gob.ec\/wp-content\/uploads\/2019\/06\/logo.png\",\"width\":859,\"height\":448,\"caption\":\"Gobierno Aut\u00f3nomo Descentralizado de la Provincia de Esmeraldas\"},\"image\":{\"@id\":\"https:\/\/prefecturadeesmeraldas.gob.ec\/#\/schema\/logo\/image\/\"},\"sameAs\":[\"https:\/\/www.facebook.com\/PrefecturaEsmeraldas\/\"]},{\"@type\":\"Person\",\"@id\":\"https:\/\/prefecturadeesmeraldas.gob.ec\/#\/schema\/person\/b0c9e7b1ead7725994d1e319e8825234\",\"name\":\"Direcci\u00f3n de Comunicaci\u00f3n\",\"image\":{\"@type\":\"ImageObject\",\"inLanguage\":\"es\",\"@id\":\"https:\/\/prefecturadeesmeraldas.gob.ec\/#\/schema\/person\/image\/\",\"url\":\"https:\/\/secure.gravatar.com\/avatar\/74a3870a946f5d774ade3569af61a72308e07ad3346f370c4b468ee2a9858658?s=96&d=mm&r=g\",\"contentUrl\":\"https:\/\/secure.gravatar.com\/avatar\/74a3870a946f5d774ade3569af61a72308e07ad3346f370c4b468ee2a9858658?s=96&d=mm&r=g\",\"caption\":\"Direcci\u00f3n de Comunicaci\u00f3n\"}}]}<\/script>\n<!-- \/ Yoast SEO plugin. -->","yoast_head_json":{"title":"Prefectura de Esmeraldas fortalece la producci\u00f3n de coco en la zona norte. - Gobierno Aut\u00f3nomo Descentralizado de la Provincia de Esmeraldas","robots":{"index":"index","follow":"follow","max-snippet":"max-snippet:-1","max-image-preview":"max-image-preview:large","max-video-preview":"max-video-preview:-1"},"canonical":"https:\/\/prefecturadeesmeraldas.gob.ec\/index.php\/2021\/10\/18\/prefectura-de-esmeraldas-fortalece-la-produccion-de-coco-en-la-zona-norte\/","og_locale":"es_ES","og_type":"article","og_title":"Prefectura de Esmeraldas fortalece la producci\u00f3n de coco en la zona norte. - Gobierno Aut\u00f3nomo Descentralizado de la Provincia de Esmeraldas","og_description":"En La Tolita Pampa de Oro, comunidad ubicada en la parroquia Vald\u00e9z del cant\u00f3n Eloy Alfaro, inici\u00f3 la Escuela de Campo \u2013 Fitosanitaria en Plantaciones de Coco. Este proyecto se ejecuta a trav\u00e9s de la Direcci\u00f3n de Fomento y Desarrollo Productivo, con la finalidad de reactivar la econom\u00eda de la zona norte de la provincia [&hellip;]","og_url":"https:\/\/prefecturadeesmeraldas.gob.ec\/index.php\/2021\/10\/18\/prefectura-de-esmeraldas-fortalece-la-produccion-de-coco-en-la-zona-norte\/","og_site_name":"Gobierno Aut\u00f3nomo Descentralizado de la Provincia de Esmeraldas","article_publisher":"https:\/\/www.facebook.com\/PrefecturaEsmeraldas\/","article_published_time":"2021-10-18T21:05:06+00:00","article_modified_time":"2021-10-18T21:06:06+00:00","og_image":[{"width":1280,"height":1280,"url":"https:\/\/prefecturadeesmeraldas.gob.ec\/wp-content\/uploads\/2021\/10\/WhatsApp-Image-2021-10-12-at-12.24.28.jpeg","type":"image\/jpeg"}],"author":"Direcci\u00f3n de Comunicaci\u00f3n","twitter_card":"summary_large_image","twitter_misc":{"Escrito por":"Direcci\u00f3n de Comunicaci\u00f3n","Tiempo de lectura":"1 minuto"},"schema":{"@context":"https:\/\/schema.org","@graph":[{"@type":"Article","@id":"https:\/\/prefecturadeesmeraldas.gob.ec\/index.php\/2021\/10\/18\/prefectura-de-esmeraldas-fortalece-la-produccion-de-coco-en-la-zona-norte\/#article","isPartOf":{"@id":"https:\/\/prefecturadeesmeraldas.gob.ec\/index.php\/2021\/10\/18\/prefectura-de-esmeraldas-fortalece-la-produccion-de-coco-en-la-zona-norte\/"},"author":{"name":"Direcci\u00f3n de Comunicaci\u00f3n","@id":"https:\/\/prefecturadeesmeraldas.gob.ec\/#\/schema\/person\/b0c9e7b1ead7725994d1e319e8825234"},"headline":"Prefectura de Esmeraldas fortalece la producci\u00f3n de coco en la zona norte.","datePublished":"2021-10-18T21:05:06+00:00","dateModified":"2021-10-18T21:06:06+00:00","mainEntityOfPage":{"@id":"https:\/\/prefecturadeesmeraldas.gob.ec\/index.php\/2021\/10\/18\/prefectura-de-esmeraldas-fortalece-la-produccion-de-coco-en-la-zona-norte\/"},"wordCount":274,"publisher":{"@id":"https:\/\/prefecturadeesmeraldas.gob.ec\/#organization"},"image":{"@id":"https:\/\/prefecturadeesmeraldas.gob.ec\/index.php\/2021\/10\/18\/prefectura-de-esmeraldas-fortalece-la-produccion-de-coco-en-la-zona-norte\/#primaryimage"},"thumbnailUrl":"https:\/\/prefecturadeesmeraldas.gob.ec\/wp-content\/uploads\/2021\/10\/WhatsApp-Image-2021-10-12-at-12.24.28.jpeg","articleSection":["Fomento Productivo"],"inLanguage":"es"},{"@type":"WebPage","@id":"https:\/\/prefecturadeesmeraldas.gob.ec\/index.php\/2021\/10\/18\/prefectura-de-esmeraldas-fortalece-la-produccion-de-coco-en-la-zona-norte\/","url":"https:\/\/prefecturadeesmeraldas.gob.ec\/index.php\/2021\/10\/18\/prefectura-de-esmeraldas-fortalece-la-produccion-de-coco-en-la-zona-norte\/","name":"Prefectura de Esmeraldas fortalece la producci\u00f3n de coco en la zona norte. - Gobierno Aut\u00f3nomo Descentralizado de la Provincia de Esmeraldas","isPartOf":{"@id":"https:\/\/prefecturadeesmeraldas.gob.ec\/#website"},"primaryImageOfPage":{"@id":"https:\/\/prefecturadeesmeraldas.gob.ec\/index.php\/2021\/10\/18\/prefectura-de-esmeraldas-fortalece-la-produccion-de-coco-en-la-zona-norte\/#primaryimage"},"image":{"@id":"https:\/\/prefecturadeesmeraldas.gob.ec\/index.php\/2021\/10\/18\/prefectura-de-esmeraldas-fortalece-la-produccion-de-coco-en-la-zona-norte\/#primaryimage"},"thumbnailUrl":"https:\/\/prefecturadeesmeraldas.gob.ec\/wp-content\/uploads\/2021\/10\/WhatsApp-Image-2021-10-12-at-12.24.28.jpeg","datePublished":"2021-10-18T21:05:06+00:00","dateModified":"2021-10-18T21:06:06+00:00","breadcrumb":{"@id":"https:\/\/prefecturadeesmeraldas.gob.ec\/index.php\/2021\/10\/18\/prefectura-de-esmeraldas-fortalece-la-produccion-de-coco-en-la-zona-norte\/#breadcrumb"},"inLanguage":"es","potentialAction":[{"@type":"ReadAction","target":["https:\/\/prefecturadeesmeraldas.gob.ec\/index.php\/2021\/10\/18\/prefectura-de-esmeraldas-fortalece-la-produccion-de-coco-en-la-zona-norte\/"]}]},{"@type":"ImageObject","inLanguage":"es","@id":"https:\/\/prefecturadeesmeraldas.gob.ec\/index.php\/2021\/10\/18\/prefectura-de-esmeraldas-fortalece-la-produccion-de-coco-en-la-zona-norte\/#primaryimage","url":"https:\/\/prefecturadeesmeraldas.gob.ec\/wp-content\/uploads\/2021\/10\/WhatsApp-Image-2021-10-12-at-12.24.28.jpeg","contentUrl":"https:\/\/prefecturadeesmeraldas.gob.ec\/wp-content\/uploads\/2021\/10\/WhatsApp-Image-2021-10-12-at-12.24.28.jpeg","width":1280,"height":1280},{"@type":"BreadcrumbList","@id":"https:\/\/prefecturadeesmeraldas.gob.ec\/index.php\/2021\/10\/18\/prefectura-de-esmeraldas-fortalece-la-produccion-de-coco-en-la-zona-norte\/#breadcrumb","itemListElement":[{"@type":"ListItem","position":1,"name":"Home","item":"https:\/\/prefecturadeesmeraldas.gob.ec\/"},{"@type":"ListItem","position":2,"name":"Prefectura de Esmeraldas fortalece la producci\u00f3n de coco en la zona norte."}]},{"@type":"WebSite","@id":"https:\/\/prefecturadeesmeraldas.gob.ec\/#website","url":"https:\/\/prefecturadeesmeraldas.gob.ec\/","name":"Gobierno Aut\u00f3nomo Descentralizado de la Provincia de Esmeraldas","description":"Gobierno Aut\u00f3nomo Descentralizado de la Provincia de Esmeraldas","publisher":{"@id":"https:\/\/prefecturadeesmeraldas.gob.ec\/#organization"},"potentialAction":[{"@type":"SearchAction","target":{"@type":"EntryPoint","urlTemplate":"https:\/\/prefecturadeesmeraldas.gob.ec\/?s={search_term_string}"},"query-input":{"@type":"PropertyValueSpecification","valueRequired":true,"valueName":"search_term_string"}}],"inLanguage":"es"},{"@type":"Organization","@id":"https:\/\/prefecturadeesmeraldas.gob.ec\/#organization","name":"Gobierno Aut\u00f3nomo Descentralizado de la Provincia de Esmeraldas","url":"https:\/\/prefecturadeesmeraldas.gob.ec\/","logo":{"@type":"ImageObject","inLanguage":"es","@id":"https:\/\/prefecturadeesmeraldas.gob.ec\/#\/schema\/logo\/image\/","url":"https:\/\/prefecturadeesmeraldas.gob.ec\/wp-content\/uploads\/2019\/06\/logo.png","contentUrl":"https:\/\/prefecturadeesmeraldas.gob.ec\/wp-content\/uploads\/2019\/06\/logo.png","width":859,"height":448,"caption":"Gobierno Aut\u00f3nomo Descentralizado de la Provincia de Esmeraldas"},"image":{"@id":"https:\/\/prefecturadeesmeraldas.gob.ec\/#\/schema\/logo\/image\/"},"sameAs":["https:\/\/www.facebook.com\/PrefecturaEsmeraldas\/"]},{"@type":"Person","@id":"https:\/\/prefecturadeesmeraldas.gob.ec\/#\/schema\/person\/b0c9e7b1ead7725994d1e319e8825234","name":"Direcci\u00f3n de Comunicaci\u00f3n","image":{"@type":"ImageObject","inLanguage":"es","@id":"https:\/\/prefecturadeesmeraldas.gob.ec\/#\/schema\/person\/image\/","url":"https:\/\/secure.gravatar.com\/avatar\/74a3870a946f5d774ade3569af61a72308e07ad3346f370c4b468ee2a9858658?s=96&d=mm&r=g","contentUrl":"https:\/\/secure.gravatar.com\/avatar\/74a3870a946f5d774ade3569af61a72308e07ad3346f370c4b468ee2a9858658?s=96&d=mm&r=g","caption":"Direcci\u00f3n de Comunicaci\u00f3n"}}]}},"_links":{"self":[{"href":"https:\/\/prefecturadeesmeraldas.gob.ec\/index.php\/wp-json\/wp\/v2\/posts\/13010","targetHints":{"allow":["GET"]}}],"collection":[{"href":"https:\/\/prefecturadeesmeraldas.gob.ec\/index.php\/wp-json\/wp\/v2\/posts"}],"about":[{"href":"https:\/\/prefecturadeesmeraldas.gob.ec\/index.php\/wp-json\/wp\/v2\/types\/post"}],"author":[{"embeddable":true,"href":"https:\/\/prefecturadeesmeraldas.gob.ec\/index.php\/wp-json\/wp\/v2\/users\/2"}],"replies":[{"embeddable":true,"href":"https:\/\/prefecturadeesmeraldas.gob.ec\/index.php\/wp-json\/wp\/v2\/comments?post=13010"}],"version-history":[{"count":0,"href":"https:\/\/prefecturadeesmeraldas.gob.ec\/index.php\/wp-json\/wp\/v2\/posts\/13010\/revisions"}],"wp:featuredmedia":[{"embeddable":true,"href":"https:\/\/prefecturadeesmeraldas.gob.ec\/index.php\/wp-json\/wp\/v2\/media\/13011"}],"wp:attachment":[{"href":"https:\/\/prefecturadeesmeraldas.gob.ec\/index.php\/wp-json\/wp\/v2\/media?parent=13010"}],"wp:term":[{"taxonomy":"category","embeddable":true,"href":"https:\/\/prefecturadeesmeraldas.gob.ec\/index.php\/wp-json\/wp\/v2\/categories?post=13010"},{"taxonomy":"post_tag","embeddable":true,"href":"https:\/\/prefecturadeesmeraldas.gob.ec\/index.php\/wp-json\/wp\/v2\/tags?post=13010"}],"curies":[{"name":"wp","href":"https:\/\/api.w.org\/{rel}","templated":true}]}}