{"id":12952,"date":"2021-10-06T15:08:37","date_gmt":"2021-10-06T20:08:37","guid":{"rendered":"https:\/\/prefecturadeesmeraldas.gob.ec\/?p=12952"},"modified":"2021-10-06T15:09:04","modified_gmt":"2021-10-06T20:09:04","slug":"un-tierno-y-merecido-reconocimiento-realizo-la-prefectura-de-esmeraldas-a-los-adultos-mayores","status":"publish","type":"post","link":"https:\/\/prefecturadeesmeraldas.gob.ec\/index.php\/2021\/10\/06\/un-tierno-y-merecido-reconocimiento-realizo-la-prefectura-de-esmeraldas-a-los-adultos-mayores\/","title":{"rendered":"Un tierno y merecido reconocimiento realiz\u00f3 la Prefectura de Esmeraldas a los adultos mayores."},"content":{"rendered":"\t\t<div data-elementor-type=\"wp-post\" data-elementor-id=\"12952\" class=\"elementor elementor-12952\">\n\t\t\t\t\t\t<section class=\"elementor-section elementor-top-section elementor-element elementor-element-c0ea690 elementor-section-boxed elementor-section-height-default elementor-section-height-default\" data-id=\"c0ea690\" data-element_type=\"section\">\n\t\t\t\t\t\t<div class=\"elementor-container elementor-column-gap-default\">\n\t\t\t\t\t<div class=\"elementor-column elementor-col-100 elementor-top-column elementor-element elementor-element-c7b5f7e\" data-id=\"c7b5f7e\" data-element_type=\"column\">\n\t\t\t<div class=\"elementor-widget-wrap elementor-element-populated\">\n\t\t\t\t\t\t<div class=\"elementor-element elementor-element-2daee45 elementor-widget elementor-widget-image\" data-id=\"2daee45\" data-element_type=\"widget\" data-widget_type=\"image.default\">\n\t\t\t\t<div class=\"elementor-widget-container\">\n\t\t\t\t\t\t\t\t\t\t\t\t\t\t\t<img fetchpriority=\"high\" decoding=\"async\" width=\"1024\" height=\"1016\" src=\"https:\/\/prefecturadeesmeraldas.gob.ec\/wp-content\/uploads\/2021\/10\/WhatsApp-Image-2021-10-01-at-15.11.20-1024x1016.jpeg\" class=\"attachment-large size-large wp-image-12953\" alt=\"\" srcset=\"https:\/\/prefecturadeesmeraldas.gob.ec\/wp-content\/uploads\/2021\/10\/WhatsApp-Image-2021-10-01-at-15.11.20-1024x1016.jpeg 1024w, https:\/\/prefecturadeesmeraldas.gob.ec\/wp-content\/uploads\/2021\/10\/WhatsApp-Image-2021-10-01-at-15.11.20-1080x1072.jpeg 1080w, https:\/\/prefecturadeesmeraldas.gob.ec\/wp-content\/uploads\/2021\/10\/WhatsApp-Image-2021-10-01-at-15.11.20-150x150.jpeg 150w, https:\/\/prefecturadeesmeraldas.gob.ec\/wp-content\/uploads\/2021\/10\/WhatsApp-Image-2021-10-01-at-15.11.20-300x298.jpeg 300w, https:\/\/prefecturadeesmeraldas.gob.ec\/wp-content\/uploads\/2021\/10\/WhatsApp-Image-2021-10-01-at-15.11.20-768x762.jpeg 768w, https:\/\/prefecturadeesmeraldas.gob.ec\/wp-content\/uploads\/2021\/10\/WhatsApp-Image-2021-10-01-at-15.11.20.jpeg 1088w\" sizes=\"(max-width: 1024px) 100vw, 1024px\" \/>\t\t\t\t\t\t\t\t\t\t\t\t\t\t\t<\/div>\n\t\t\t\t<\/div>\n\t\t\t\t\t<\/div>\n\t\t<\/div>\n\t\t\t\t\t<\/div>\n\t\t<\/section>\n\t\t\t\t<section class=\"elementor-section elementor-top-section elementor-element elementor-element-9403798 elementor-section-boxed elementor-section-height-default elementor-section-height-default\" data-id=\"9403798\" data-element_type=\"section\">\n\t\t\t\t\t\t<div class=\"elementor-container elementor-column-gap-default\">\n\t\t\t\t\t<div class=\"elementor-column elementor-col-100 elementor-top-column elementor-element elementor-element-fc90e10\" data-id=\"fc90e10\" data-element_type=\"column\">\n\t\t\t<div class=\"elementor-widget-wrap elementor-element-populated\">\n\t\t\t\t\t\t<div class=\"elementor-element elementor-element-0a36acd elementor-widget elementor-widget-text-editor\" data-id=\"0a36acd\" data-element_type=\"widget\" data-widget_type=\"text-editor.default\">\n\t\t\t\t<div class=\"elementor-widget-container\">\n\t\t\t\t\t\t\t\t\t<p>Con mucha alegr\u00eda, danza, m\u00fasica, baile, concursos, gimnasia y cumpliendo con las normas de bioseguridad, La Prefectura de Esmeraldas, a trav\u00e9s de la <strong>Direcci\u00f3n de Acci\u00f3n Social, Inclusi\u00f3n y Participaci\u00f3n<\/strong>, junto al Gobierno Parroquial de La Uni\u00f3n de Quinind\u00e9, llev\u00f3 adelante la celebraci\u00f3n por el D\u00eda del Adulto Mayor.<\/p><p>David Silva, uno de los homenajeados, dijo que estos tipos de actos le llena de energ\u00eda y lo motiva a continuar con su vida.\u00a0 &#8220;Roberta Zambrano est\u00e1 haciendo obras; le agradecemos por cumplir con su palabra&#8221;, dijo.<\/p><p><strong>Melania Alc\u00edvar<\/strong>, quien tambi\u00e9n particip\u00f3 en el homenaje, indic\u00f3 que el secreto para llegar a la edad de oro es no consumir alcohol, ni drogas y hacer a un lado las cosas negativas.\u00a0 &#8220;Quiero pedirle a Dios que le siga ayudando a Roberta Zambrano para que contin\u00fae haciendo obras&#8221;, concluy\u00f3.\u00a0<\/p><p>Mientras que, Ram\u00f3n Andrade, felicit\u00f3 a los organizadores del evento, porque fue una experiencia muy bonita y pidi\u00f3 a los j\u00f3venes que se preocupen de los padres y nunca dejar de trabajar por ellos.\u00a0<\/p><p>Adem\u00e1s, se firm\u00f3 un convenio Cuatripartito de Cooperaci\u00f3n Interinstitucional T\u00e9cnico Econ\u00f3mico entre el Gobierno Aut\u00f3nomo Descentralizado Rural de La Uni\u00f3n de Quinind\u00e9, UNAMYDESC Adscrito al Gobierno Aut\u00f3nomo Descentralizado de la Provincia de Esmeraldas, la Coordinaci\u00f3n Zonal 1 &#8211; Ministerio de Salud P\u00fablica y la Fundaci\u00f3n Manos Solidarias, para la ejecuci\u00f3n del Proyecto de Asistencia T\u00e9cnica a Personas Adultas Mayores Con y Sin Discapacidades de la Parroquia La Uni\u00f3n de Quinind\u00e9.\u00a0<\/p><p>El presidente del Gobierno Parroquial de La Uni\u00f3n de Quinind\u00e9, <strong>Juan Carlos Quezada<\/strong>, se\u00f1al\u00f3 que m\u00e1s all\u00e1 de las obras f\u00edsicas y sociales que se realizan como autoridades, es importante acordarse de las personas mayores y que el compromiso debe seguir a favor de esta importante comunidad.<\/p><p>Richard Sol\u00f3rzano, representante de la Fundaci\u00f3n Manos Solidarias, destac\u00f3 el trabajo interinstitucional que va a beneficiar con ayuda humanitaria, asistencia psicol\u00f3gica y de salud a los adultos mayores en diferentes sectores de la parroquia.\u00a0<\/p><p><\/p><p><\/p><p>Sol\u00f3rzano, felicit\u00f3 y agradeci\u00f3 a la Prefecta de Esmeraldas por abrir las puertas de la instituci\u00f3n para la aplicaci\u00f3n de pol\u00edticas del bien vivir que beneficien a grupos prioritarios y ciudadanos en general.\u00a0<\/p>\t\t\t\t\t\t\t\t<\/div>\n\t\t\t\t<\/div>\n\t\t\t\t\t<\/div>\n\t\t<\/div>\n\t\t\t\t\t<\/div>\n\t\t<\/section>\n\t\t\t\t<\/div>\n\t\t","protected":false},"excerpt":{"rendered":"<p>Con mucha alegr\u00eda, danza, m\u00fasica, baile, concursos, gimnasia y cumpliendo con las normas de bioseguridad, La Prefectura de Esmeraldas, a trav\u00e9s de la Direcci\u00f3n de Acci\u00f3n Social, Inclusi\u00f3n y Participaci\u00f3n, junto al Gobierno Parroquial de La Uni\u00f3n de Quinind\u00e9, llev\u00f3 adelante la celebraci\u00f3n por el D\u00eda del Adulto Mayor. David Silva, uno de los homenajeados, [&hellip;]<\/p>\n","protected":false},"author":2,"featured_media":12953,"comment_status":"closed","ping_status":"open","sticky":false,"template":"","format":"standard","meta":{"footnotes":""},"categories":[23],"tags":[],"class_list":["post-12952","post","type-post","status-publish","format-standard","has-post-thumbnail","hentry","category-dasip"],"yoast_head":"<!-- This site is optimized with the Yoast SEO plugin v25.7 - https:\/\/yoast.com\/wordpress\/plugins\/seo\/ -->\n<title>Un tierno y merecido reconocimiento realiz\u00f3 la Prefectura de Esmeraldas a los adultos mayores. - Gobierno Aut\u00f3nomo Descentralizado de la Provincia de Esmeraldas<\/title>\n<meta name=\"robots\" content=\"index, follow, max-snippet:-1, max-image-preview:large, max-video-preview:-1\" \/>\n<link rel=\"canonical\" href=\"https:\/\/prefecturadeesmeraldas.gob.ec\/index.php\/2021\/10\/06\/un-tierno-y-merecido-reconocimiento-realizo-la-prefectura-de-esmeraldas-a-los-adultos-mayores\/\" \/>\n<meta property=\"og:locale\" content=\"es_ES\" \/>\n<meta property=\"og:type\" content=\"article\" \/>\n<meta property=\"og:title\" content=\"Un tierno y merecido reconocimiento realiz\u00f3 la Prefectura de Esmeraldas a los adultos mayores. - Gobierno Aut\u00f3nomo Descentralizado de la Provincia de Esmeraldas\" \/>\n<meta property=\"og:description\" content=\"Con mucha alegr\u00eda, danza, m\u00fasica, baile, concursos, gimnasia y cumpliendo con las normas de bioseguridad, La Prefectura de Esmeraldas, a trav\u00e9s de la Direcci\u00f3n de Acci\u00f3n Social, Inclusi\u00f3n y Participaci\u00f3n, junto al Gobierno Parroquial de La Uni\u00f3n de Quinind\u00e9, llev\u00f3 adelante la celebraci\u00f3n por el D\u00eda del Adulto Mayor. David Silva, uno de los homenajeados, [&hellip;]\" \/>\n<meta property=\"og:url\" content=\"https:\/\/prefecturadeesmeraldas.gob.ec\/index.php\/2021\/10\/06\/un-tierno-y-merecido-reconocimiento-realizo-la-prefectura-de-esmeraldas-a-los-adultos-mayores\/\" \/>\n<meta property=\"og:site_name\" content=\"Gobierno Aut\u00f3nomo Descentralizado de la Provincia de Esmeraldas\" \/>\n<meta property=\"article:publisher\" content=\"https:\/\/www.facebook.com\/PrefecturaEsmeraldas\/\" \/>\n<meta property=\"article:published_time\" content=\"2021-10-06T20:08:37+00:00\" \/>\n<meta property=\"article:modified_time\" content=\"2021-10-06T20:09:04+00:00\" \/>\n<meta property=\"og:image\" content=\"https:\/\/prefecturadeesmeraldas.gob.ec\/wp-content\/uploads\/2021\/10\/WhatsApp-Image-2021-10-01-at-15.11.20.jpeg\" \/>\n\t<meta property=\"og:image:width\" content=\"1088\" \/>\n\t<meta property=\"og:image:height\" content=\"1080\" \/>\n\t<meta property=\"og:image:type\" content=\"image\/jpeg\" \/>\n<meta name=\"author\" content=\"Direcci\u00f3n de Comunicaci\u00f3n\" \/>\n<meta name=\"twitter:card\" content=\"summary_large_image\" \/>\n<meta name=\"twitter:label1\" content=\"Escrito por\" \/>\n\t<meta name=\"twitter:data1\" content=\"Direcci\u00f3n de Comunicaci\u00f3n\" \/>\n\t<meta name=\"twitter:label2\" content=\"Tiempo de lectura\" \/>\n\t<meta name=\"twitter:data2\" content=\"2 minutos\" \/>\n<script type=\"application\/ld+json\" class=\"yoast-schema-graph\">{\"@context\":\"https:\/\/schema.org\",\"@graph\":[{\"@type\":\"Article\",\"@id\":\"https:\/\/prefecturadeesmeraldas.gob.ec\/index.php\/2021\/10\/06\/un-tierno-y-merecido-reconocimiento-realizo-la-prefectura-de-esmeraldas-a-los-adultos-mayores\/#article\",\"isPartOf\":{\"@id\":\"https:\/\/prefecturadeesmeraldas.gob.ec\/index.php\/2021\/10\/06\/un-tierno-y-merecido-reconocimiento-realizo-la-prefectura-de-esmeraldas-a-los-adultos-mayores\/\"},\"author\":{\"name\":\"Direcci\u00f3n de Comunicaci\u00f3n\",\"@id\":\"https:\/\/prefecturadeesmeraldas.gob.ec\/#\/schema\/person\/b0c9e7b1ead7725994d1e319e8825234\"},\"headline\":\"Un tierno y merecido reconocimiento realiz\u00f3 la Prefectura de Esmeraldas a los adultos mayores.\",\"datePublished\":\"2021-10-06T20:08:37+00:00\",\"dateModified\":\"2021-10-06T20:09:04+00:00\",\"mainEntityOfPage\":{\"@id\":\"https:\/\/prefecturadeesmeraldas.gob.ec\/index.php\/2021\/10\/06\/un-tierno-y-merecido-reconocimiento-realizo-la-prefectura-de-esmeraldas-a-los-adultos-mayores\/\"},\"wordCount\":407,\"publisher\":{\"@id\":\"https:\/\/prefecturadeesmeraldas.gob.ec\/#organization\"},\"image\":{\"@id\":\"https:\/\/prefecturadeesmeraldas.gob.ec\/index.php\/2021\/10\/06\/un-tierno-y-merecido-reconocimiento-realizo-la-prefectura-de-esmeraldas-a-los-adultos-mayores\/#primaryimage\"},\"thumbnailUrl\":\"https:\/\/prefecturadeesmeraldas.gob.ec\/wp-content\/uploads\/2021\/10\/WhatsApp-Image-2021-10-01-at-15.11.20.jpeg\",\"articleSection\":[\"DASIP\"],\"inLanguage\":\"es\"},{\"@type\":\"WebPage\",\"@id\":\"https:\/\/prefecturadeesmeraldas.gob.ec\/index.php\/2021\/10\/06\/un-tierno-y-merecido-reconocimiento-realizo-la-prefectura-de-esmeraldas-a-los-adultos-mayores\/\",\"url\":\"https:\/\/prefecturadeesmeraldas.gob.ec\/index.php\/2021\/10\/06\/un-tierno-y-merecido-reconocimiento-realizo-la-prefectura-de-esmeraldas-a-los-adultos-mayores\/\",\"name\":\"Un tierno y merecido reconocimiento realiz\u00f3 la Prefectura de Esmeraldas a los adultos mayores. - Gobierno Aut\u00f3nomo Descentralizado de la Provincia de Esmeraldas\",\"isPartOf\":{\"@id\":\"https:\/\/prefecturadeesmeraldas.gob.ec\/#website\"},\"primaryImageOfPage\":{\"@id\":\"https:\/\/prefecturadeesmeraldas.gob.ec\/index.php\/2021\/10\/06\/un-tierno-y-merecido-reconocimiento-realizo-la-prefectura-de-esmeraldas-a-los-adultos-mayores\/#primaryimage\"},\"image\":{\"@id\":\"https:\/\/prefecturadeesmeraldas.gob.ec\/index.php\/2021\/10\/06\/un-tierno-y-merecido-reconocimiento-realizo-la-prefectura-de-esmeraldas-a-los-adultos-mayores\/#primaryimage\"},\"thumbnailUrl\":\"https:\/\/prefecturadeesmeraldas.gob.ec\/wp-content\/uploads\/2021\/10\/WhatsApp-Image-2021-10-01-at-15.11.20.jpeg\",\"datePublished\":\"2021-10-06T20:08:37+00:00\",\"dateModified\":\"2021-10-06T20:09:04+00:00\",\"breadcrumb\":{\"@id\":\"https:\/\/prefecturadeesmeraldas.gob.ec\/index.php\/2021\/10\/06\/un-tierno-y-merecido-reconocimiento-realizo-la-prefectura-de-esmeraldas-a-los-adultos-mayores\/#breadcrumb\"},\"inLanguage\":\"es\",\"potentialAction\":[{\"@type\":\"ReadAction\",\"target\":[\"https:\/\/prefecturadeesmeraldas.gob.ec\/index.php\/2021\/10\/06\/un-tierno-y-merecido-reconocimiento-realizo-la-prefectura-de-esmeraldas-a-los-adultos-mayores\/\"]}]},{\"@type\":\"ImageObject\",\"inLanguage\":\"es\",\"@id\":\"https:\/\/prefecturadeesmeraldas.gob.ec\/index.php\/2021\/10\/06\/un-tierno-y-merecido-reconocimiento-realizo-la-prefectura-de-esmeraldas-a-los-adultos-mayores\/#primaryimage\",\"url\":\"https:\/\/prefecturadeesmeraldas.gob.ec\/wp-content\/uploads\/2021\/10\/WhatsApp-Image-2021-10-01-at-15.11.20.jpeg\",\"contentUrl\":\"https:\/\/prefecturadeesmeraldas.gob.ec\/wp-content\/uploads\/2021\/10\/WhatsApp-Image-2021-10-01-at-15.11.20.jpeg\",\"width\":1088,\"height\":1080},{\"@type\":\"BreadcrumbList\",\"@id\":\"https:\/\/prefecturadeesmeraldas.gob.ec\/index.php\/2021\/10\/06\/un-tierno-y-merecido-reconocimiento-realizo-la-prefectura-de-esmeraldas-a-los-adultos-mayores\/#breadcrumb\",\"itemListElement\":[{\"@type\":\"ListItem\",\"position\":1,\"name\":\"Home\",\"item\":\"https:\/\/prefecturadeesmeraldas.gob.ec\/\"},{\"@type\":\"ListItem\",\"position\":2,\"name\":\"Un tierno y merecido reconocimiento realiz\u00f3 la Prefectura de Esmeraldas a los adultos mayores.\"}]},{\"@type\":\"WebSite\",\"@id\":\"https:\/\/prefecturadeesmeraldas.gob.ec\/#website\",\"url\":\"https:\/\/prefecturadeesmeraldas.gob.ec\/\",\"name\":\"Gobierno Aut\u00f3nomo Descentralizado de la Provincia de Esmeraldas\",\"description\":\"Gobierno Aut\u00f3nomo Descentralizado de la Provincia de Esmeraldas\",\"publisher\":{\"@id\":\"https:\/\/prefecturadeesmeraldas.gob.ec\/#organization\"},\"potentialAction\":[{\"@type\":\"SearchAction\",\"target\":{\"@type\":\"EntryPoint\",\"urlTemplate\":\"https:\/\/prefecturadeesmeraldas.gob.ec\/?s={search_term_string}\"},\"query-input\":{\"@type\":\"PropertyValueSpecification\",\"valueRequired\":true,\"valueName\":\"search_term_string\"}}],\"inLanguage\":\"es\"},{\"@type\":\"Organization\",\"@id\":\"https:\/\/prefecturadeesmeraldas.gob.ec\/#organization\",\"name\":\"Gobierno Aut\u00f3nomo Descentralizado de la Provincia de Esmeraldas\",\"url\":\"https:\/\/prefecturadeesmeraldas.gob.ec\/\",\"logo\":{\"@type\":\"ImageObject\",\"inLanguage\":\"es\",\"@id\":\"https:\/\/prefecturadeesmeraldas.gob.ec\/#\/schema\/logo\/image\/\",\"url\":\"https:\/\/prefecturadeesmeraldas.gob.ec\/wp-content\/uploads\/2019\/06\/logo.png\",\"contentUrl\":\"https:\/\/prefecturadeesmeraldas.gob.ec\/wp-content\/uploads\/2019\/06\/logo.png\",\"width\":859,\"height\":448,\"caption\":\"Gobierno Aut\u00f3nomo Descentralizado de la Provincia de Esmeraldas\"},\"image\":{\"@id\":\"https:\/\/prefecturadeesmeraldas.gob.ec\/#\/schema\/logo\/image\/\"},\"sameAs\":[\"https:\/\/www.facebook.com\/PrefecturaEsmeraldas\/\"]},{\"@type\":\"Person\",\"@id\":\"https:\/\/prefecturadeesmeraldas.gob.ec\/#\/schema\/person\/b0c9e7b1ead7725994d1e319e8825234\",\"name\":\"Direcci\u00f3n de Comunicaci\u00f3n\",\"image\":{\"@type\":\"ImageObject\",\"inLanguage\":\"es\",\"@id\":\"https:\/\/prefecturadeesmeraldas.gob.ec\/#\/schema\/person\/image\/\",\"url\":\"https:\/\/secure.gravatar.com\/avatar\/74a3870a946f5d774ade3569af61a72308e07ad3346f370c4b468ee2a9858658?s=96&d=mm&r=g\",\"contentUrl\":\"https:\/\/secure.gravatar.com\/avatar\/74a3870a946f5d774ade3569af61a72308e07ad3346f370c4b468ee2a9858658?s=96&d=mm&r=g\",\"caption\":\"Direcci\u00f3n de Comunicaci\u00f3n\"}}]}<\/script>\n<!-- \/ Yoast SEO plugin. -->","yoast_head_json":{"title":"Un tierno y merecido reconocimiento realiz\u00f3 la Prefectura de Esmeraldas a los adultos mayores. - Gobierno Aut\u00f3nomo Descentralizado de la Provincia de Esmeraldas","robots":{"index":"index","follow":"follow","max-snippet":"max-snippet:-1","max-image-preview":"max-image-preview:large","max-video-preview":"max-video-preview:-1"},"canonical":"https:\/\/prefecturadeesmeraldas.gob.ec\/index.php\/2021\/10\/06\/un-tierno-y-merecido-reconocimiento-realizo-la-prefectura-de-esmeraldas-a-los-adultos-mayores\/","og_locale":"es_ES","og_type":"article","og_title":"Un tierno y merecido reconocimiento realiz\u00f3 la Prefectura de Esmeraldas a los adultos mayores. - Gobierno Aut\u00f3nomo Descentralizado de la Provincia de Esmeraldas","og_description":"Con mucha alegr\u00eda, danza, m\u00fasica, baile, concursos, gimnasia y cumpliendo con las normas de bioseguridad, La Prefectura de Esmeraldas, a trav\u00e9s de la Direcci\u00f3n de Acci\u00f3n Social, Inclusi\u00f3n y Participaci\u00f3n, junto al Gobierno Parroquial de La Uni\u00f3n de Quinind\u00e9, llev\u00f3 adelante la celebraci\u00f3n por el D\u00eda del Adulto Mayor. David Silva, uno de los homenajeados, [&hellip;]","og_url":"https:\/\/prefecturadeesmeraldas.gob.ec\/index.php\/2021\/10\/06\/un-tierno-y-merecido-reconocimiento-realizo-la-prefectura-de-esmeraldas-a-los-adultos-mayores\/","og_site_name":"Gobierno Aut\u00f3nomo Descentralizado de la Provincia de Esmeraldas","article_publisher":"https:\/\/www.facebook.com\/PrefecturaEsmeraldas\/","article_published_time":"2021-10-06T20:08:37+00:00","article_modified_time":"2021-10-06T20:09:04+00:00","og_image":[{"width":1088,"height":1080,"url":"https:\/\/prefecturadeesmeraldas.gob.ec\/wp-content\/uploads\/2021\/10\/WhatsApp-Image-2021-10-01-at-15.11.20.jpeg","type":"image\/jpeg"}],"author":"Direcci\u00f3n de Comunicaci\u00f3n","twitter_card":"summary_large_image","twitter_misc":{"Escrito por":"Direcci\u00f3n de Comunicaci\u00f3n","Tiempo de lectura":"2 minutos"},"schema":{"@context":"https:\/\/schema.org","@graph":[{"@type":"Article","@id":"https:\/\/prefecturadeesmeraldas.gob.ec\/index.php\/2021\/10\/06\/un-tierno-y-merecido-reconocimiento-realizo-la-prefectura-de-esmeraldas-a-los-adultos-mayores\/#article","isPartOf":{"@id":"https:\/\/prefecturadeesmeraldas.gob.ec\/index.php\/2021\/10\/06\/un-tierno-y-merecido-reconocimiento-realizo-la-prefectura-de-esmeraldas-a-los-adultos-mayores\/"},"author":{"name":"Direcci\u00f3n de Comunicaci\u00f3n","@id":"https:\/\/prefecturadeesmeraldas.gob.ec\/#\/schema\/person\/b0c9e7b1ead7725994d1e319e8825234"},"headline":"Un tierno y merecido reconocimiento realiz\u00f3 la Prefectura de Esmeraldas a los adultos mayores.","datePublished":"2021-10-06T20:08:37+00:00","dateModified":"2021-10-06T20:09:04+00:00","mainEntityOfPage":{"@id":"https:\/\/prefecturadeesmeraldas.gob.ec\/index.php\/2021\/10\/06\/un-tierno-y-merecido-reconocimiento-realizo-la-prefectura-de-esmeraldas-a-los-adultos-mayores\/"},"wordCount":407,"publisher":{"@id":"https:\/\/prefecturadeesmeraldas.gob.ec\/#organization"},"image":{"@id":"https:\/\/prefecturadeesmeraldas.gob.ec\/index.php\/2021\/10\/06\/un-tierno-y-merecido-reconocimiento-realizo-la-prefectura-de-esmeraldas-a-los-adultos-mayores\/#primaryimage"},"thumbnailUrl":"https:\/\/prefecturadeesmeraldas.gob.ec\/wp-content\/uploads\/2021\/10\/WhatsApp-Image-2021-10-01-at-15.11.20.jpeg","articleSection":["DASIP"],"inLanguage":"es"},{"@type":"WebPage","@id":"https:\/\/prefecturadeesmeraldas.gob.ec\/index.php\/2021\/10\/06\/un-tierno-y-merecido-reconocimiento-realizo-la-prefectura-de-esmeraldas-a-los-adultos-mayores\/","url":"https:\/\/prefecturadeesmeraldas.gob.ec\/index.php\/2021\/10\/06\/un-tierno-y-merecido-reconocimiento-realizo-la-prefectura-de-esmeraldas-a-los-adultos-mayores\/","name":"Un tierno y merecido reconocimiento realiz\u00f3 la Prefectura de Esmeraldas a los adultos mayores. - Gobierno Aut\u00f3nomo Descentralizado de la Provincia de Esmeraldas","isPartOf":{"@id":"https:\/\/prefecturadeesmeraldas.gob.ec\/#website"},"primaryImageOfPage":{"@id":"https:\/\/prefecturadeesmeraldas.gob.ec\/index.php\/2021\/10\/06\/un-tierno-y-merecido-reconocimiento-realizo-la-prefectura-de-esmeraldas-a-los-adultos-mayores\/#primaryimage"},"image":{"@id":"https:\/\/prefecturadeesmeraldas.gob.ec\/index.php\/2021\/10\/06\/un-tierno-y-merecido-reconocimiento-realizo-la-prefectura-de-esmeraldas-a-los-adultos-mayores\/#primaryimage"},"thumbnailUrl":"https:\/\/prefecturadeesmeraldas.gob.ec\/wp-content\/uploads\/2021\/10\/WhatsApp-Image-2021-10-01-at-15.11.20.jpeg","datePublished":"2021-10-06T20:08:37+00:00","dateModified":"2021-10-06T20:09:04+00:00","breadcrumb":{"@id":"https:\/\/prefecturadeesmeraldas.gob.ec\/index.php\/2021\/10\/06\/un-tierno-y-merecido-reconocimiento-realizo-la-prefectura-de-esmeraldas-a-los-adultos-mayores\/#breadcrumb"},"inLanguage":"es","potentialAction":[{"@type":"ReadAction","target":["https:\/\/prefecturadeesmeraldas.gob.ec\/index.php\/2021\/10\/06\/un-tierno-y-merecido-reconocimiento-realizo-la-prefectura-de-esmeraldas-a-los-adultos-mayores\/"]}]},{"@type":"ImageObject","inLanguage":"es","@id":"https:\/\/prefecturadeesmeraldas.gob.ec\/index.php\/2021\/10\/06\/un-tierno-y-merecido-reconocimiento-realizo-la-prefectura-de-esmeraldas-a-los-adultos-mayores\/#primaryimage","url":"https:\/\/prefecturadeesmeraldas.gob.ec\/wp-content\/uploads\/2021\/10\/WhatsApp-Image-2021-10-01-at-15.11.20.jpeg","contentUrl":"https:\/\/prefecturadeesmeraldas.gob.ec\/wp-content\/uploads\/2021\/10\/WhatsApp-Image-2021-10-01-at-15.11.20.jpeg","width":1088,"height":1080},{"@type":"BreadcrumbList","@id":"https:\/\/prefecturadeesmeraldas.gob.ec\/index.php\/2021\/10\/06\/un-tierno-y-merecido-reconocimiento-realizo-la-prefectura-de-esmeraldas-a-los-adultos-mayores\/#breadcrumb","itemListElement":[{"@type":"ListItem","position":1,"name":"Home","item":"https:\/\/prefecturadeesmeraldas.gob.ec\/"},{"@type":"ListItem","position":2,"name":"Un tierno y merecido reconocimiento realiz\u00f3 la Prefectura de Esmeraldas a los adultos mayores."}]},{"@type":"WebSite","@id":"https:\/\/prefecturadeesmeraldas.gob.ec\/#website","url":"https:\/\/prefecturadeesmeraldas.gob.ec\/","name":"Gobierno Aut\u00f3nomo Descentralizado de la Provincia de Esmeraldas","description":"Gobierno Aut\u00f3nomo Descentralizado de la Provincia de Esmeraldas","publisher":{"@id":"https:\/\/prefecturadeesmeraldas.gob.ec\/#organization"},"potentialAction":[{"@type":"SearchAction","target":{"@type":"EntryPoint","urlTemplate":"https:\/\/prefecturadeesmeraldas.gob.ec\/?s={search_term_string}"},"query-input":{"@type":"PropertyValueSpecification","valueRequired":true,"valueName":"search_term_string"}}],"inLanguage":"es"},{"@type":"Organization","@id":"https:\/\/prefecturadeesmeraldas.gob.ec\/#organization","name":"Gobierno Aut\u00f3nomo Descentralizado de la Provincia de Esmeraldas","url":"https:\/\/prefecturadeesmeraldas.gob.ec\/","logo":{"@type":"ImageObject","inLanguage":"es","@id":"https:\/\/prefecturadeesmeraldas.gob.ec\/#\/schema\/logo\/image\/","url":"https:\/\/prefecturadeesmeraldas.gob.ec\/wp-content\/uploads\/2019\/06\/logo.png","contentUrl":"https:\/\/prefecturadeesmeraldas.gob.ec\/wp-content\/uploads\/2019\/06\/logo.png","width":859,"height":448,"caption":"Gobierno Aut\u00f3nomo Descentralizado de la Provincia de Esmeraldas"},"image":{"@id":"https:\/\/prefecturadeesmeraldas.gob.ec\/#\/schema\/logo\/image\/"},"sameAs":["https:\/\/www.facebook.com\/PrefecturaEsmeraldas\/"]},{"@type":"Person","@id":"https:\/\/prefecturadeesmeraldas.gob.ec\/#\/schema\/person\/b0c9e7b1ead7725994d1e319e8825234","name":"Direcci\u00f3n de Comunicaci\u00f3n","image":{"@type":"ImageObject","inLanguage":"es","@id":"https:\/\/prefecturadeesmeraldas.gob.ec\/#\/schema\/person\/image\/","url":"https:\/\/secure.gravatar.com\/avatar\/74a3870a946f5d774ade3569af61a72308e07ad3346f370c4b468ee2a9858658?s=96&d=mm&r=g","contentUrl":"https:\/\/secure.gravatar.com\/avatar\/74a3870a946f5d774ade3569af61a72308e07ad3346f370c4b468ee2a9858658?s=96&d=mm&r=g","caption":"Direcci\u00f3n de Comunicaci\u00f3n"}}]}},"_links":{"self":[{"href":"https:\/\/prefecturadeesmeraldas.gob.ec\/index.php\/wp-json\/wp\/v2\/posts\/12952","targetHints":{"allow":["GET"]}}],"collection":[{"href":"https:\/\/prefecturadeesmeraldas.gob.ec\/index.php\/wp-json\/wp\/v2\/posts"}],"about":[{"href":"https:\/\/prefecturadeesmeraldas.gob.ec\/index.php\/wp-json\/wp\/v2\/types\/post"}],"author":[{"embeddable":true,"href":"https:\/\/prefecturadeesmeraldas.gob.ec\/index.php\/wp-json\/wp\/v2\/users\/2"}],"replies":[{"embeddable":true,"href":"https:\/\/prefecturadeesmeraldas.gob.ec\/index.php\/wp-json\/wp\/v2\/comments?post=12952"}],"version-history":[{"count":0,"href":"https:\/\/prefecturadeesmeraldas.gob.ec\/index.php\/wp-json\/wp\/v2\/posts\/12952\/revisions"}],"wp:featuredmedia":[{"embeddable":true,"href":"https:\/\/prefecturadeesmeraldas.gob.ec\/index.php\/wp-json\/wp\/v2\/media\/12953"}],"wp:attachment":[{"href":"https:\/\/prefecturadeesmeraldas.gob.ec\/index.php\/wp-json\/wp\/v2\/media?parent=12952"}],"wp:term":[{"taxonomy":"category","embeddable":true,"href":"https:\/\/prefecturadeesmeraldas.gob.ec\/index.php\/wp-json\/wp\/v2\/categories?post=12952"},{"taxonomy":"post_tag","embeddable":true,"href":"https:\/\/prefecturadeesmeraldas.gob.ec\/index.php\/wp-json\/wp\/v2\/tags?post=12952"}],"curies":[{"name":"wp","href":"https:\/\/api.w.org\/{rel}","templated":true}]}}