{"id":12718,"date":"2021-09-17T10:30:53","date_gmt":"2021-09-17T15:30:53","guid":{"rendered":"https:\/\/prefecturadeesmeraldas.gob.ec\/?p=12718"},"modified":"2021-09-17T10:31:24","modified_gmt":"2021-09-17T15:31:24","slug":"avanzan-sin-contratiempos-los-trabajos-de-rehabilitacion-de-la-via-vuelta-larga-tabiazo-carlos-concha","status":"publish","type":"post","link":"https:\/\/prefecturadeesmeraldas.gob.ec\/index.php\/2021\/09\/17\/avanzan-sin-contratiempos-los-trabajos-de-rehabilitacion-de-la-via-vuelta-larga-tabiazo-carlos-concha\/","title":{"rendered":"Avanzan sin contratiempos los trabajos de rehabilitaci\u00f3n de la v\u00eda Vuelta Larga \u2013 Tabiazo \u2013 Carlos Concha."},"content":{"rendered":"\t\t<div data-elementor-type=\"wp-post\" data-elementor-id=\"12718\" class=\"elementor elementor-12718\">\n\t\t\t\t\t\t<section class=\"elementor-section elementor-top-section elementor-element elementor-element-843b01a elementor-section-boxed elementor-section-height-default elementor-section-height-default\" data-id=\"843b01a\" data-element_type=\"section\">\n\t\t\t\t\t\t<div class=\"elementor-container elementor-column-gap-default\">\n\t\t\t\t\t<div class=\"elementor-column elementor-col-100 elementor-top-column elementor-element elementor-element-bceb046\" data-id=\"bceb046\" data-element_type=\"column\">\n\t\t\t<div class=\"elementor-widget-wrap elementor-element-populated\">\n\t\t\t\t\t\t<div class=\"elementor-element elementor-element-490e2ae elementor-widget elementor-widget-image\" data-id=\"490e2ae\" data-element_type=\"widget\" data-widget_type=\"image.default\">\n\t\t\t\t<div class=\"elementor-widget-container\">\n\t\t\t\t\t\t\t\t\t\t\t\t\t\t\t<img fetchpriority=\"high\" decoding=\"async\" width=\"1024\" height=\"1024\" src=\"https:\/\/prefecturadeesmeraldas.gob.ec\/wp-content\/uploads\/2021\/09\/WhatsApp-Image-2021-09-15-at-15.32.38-1-1024x1024.jpeg\" class=\"attachment-large size-large wp-image-12719\" alt=\"\" srcset=\"https:\/\/prefecturadeesmeraldas.gob.ec\/wp-content\/uploads\/2021\/09\/WhatsApp-Image-2021-09-15-at-15.32.38-1-1024x1024.jpeg 1024w, https:\/\/prefecturadeesmeraldas.gob.ec\/wp-content\/uploads\/2021\/09\/WhatsApp-Image-2021-09-15-at-15.32.38-1-240x240.jpeg 240w, https:\/\/prefecturadeesmeraldas.gob.ec\/wp-content\/uploads\/2021\/09\/WhatsApp-Image-2021-09-15-at-15.32.38-1-1080x1080.jpeg 1080w, https:\/\/prefecturadeesmeraldas.gob.ec\/wp-content\/uploads\/2021\/09\/WhatsApp-Image-2021-09-15-at-15.32.38-1-150x150.jpeg 150w, https:\/\/prefecturadeesmeraldas.gob.ec\/wp-content\/uploads\/2021\/09\/WhatsApp-Image-2021-09-15-at-15.32.38-1-300x300.jpeg 300w, https:\/\/prefecturadeesmeraldas.gob.ec\/wp-content\/uploads\/2021\/09\/WhatsApp-Image-2021-09-15-at-15.32.38-1-768x768.jpeg 768w, https:\/\/prefecturadeesmeraldas.gob.ec\/wp-content\/uploads\/2021\/09\/WhatsApp-Image-2021-09-15-at-15.32.38-1.jpeg 1280w\" sizes=\"(max-width: 1024px) 100vw, 1024px\" \/>\t\t\t\t\t\t\t\t\t\t\t\t\t\t\t<\/div>\n\t\t\t\t<\/div>\n\t\t\t\t\t<\/div>\n\t\t<\/div>\n\t\t\t\t\t<\/div>\n\t\t<\/section>\n\t\t\t\t<section class=\"elementor-section elementor-top-section elementor-element elementor-element-ac2dccd elementor-section-boxed elementor-section-height-default elementor-section-height-default\" data-id=\"ac2dccd\" data-element_type=\"section\">\n\t\t\t\t\t\t<div class=\"elementor-container elementor-column-gap-default\">\n\t\t\t\t\t<div class=\"elementor-column elementor-col-100 elementor-top-column elementor-element elementor-element-9bcf31c\" data-id=\"9bcf31c\" data-element_type=\"column\">\n\t\t\t<div class=\"elementor-widget-wrap elementor-element-populated\">\n\t\t\t\t\t\t<div class=\"elementor-element elementor-element-cfcb99f elementor-widget elementor-widget-text-editor\" data-id=\"cfcb99f\" data-element_type=\"widget\" data-widget_type=\"text-editor.default\">\n\t\t\t\t<div class=\"elementor-widget-container\">\n\t\t\t\t\t\t\t\t\t<p>Los trabajos de rehabilitaci\u00f3n de la v\u00eda Vuelta Larga \u2013 Tabiazo \u2013 Carlos Concha de 27.5 kil\u00f3metros de longitud, ya se ejecutan a la altura de la cabecera parroquial de Vuelta Larga. Esta obra, esperada durante casi 20 a\u00f1os, es una realidad gracias a las gestiones realizadas por la prefecta Roberta Zambrano ante Petroecuador.<\/p><p>Andr\u00e9s Bautista, conductor de una motocicleta, agreg\u00f3 que, aspiran a recuperarse econ\u00f3micamente una vez que se terminen los trabajos, por lo que pidi\u00f3 a la prefecta Roberta Zambrano, que siga trabajando con el mismo entusiasmo.<\/p><p>Francisco Oyarvide Ram\u00edrez, morador de Vuelta Larga, dice que por fin la obra est\u00e1 llegando a su parroquia. Agreg\u00f3 que, ellos solo creen en la palabra de la prefecta Roberta Zambrano.<\/p><p>Roberto Garc\u00eda, otro habitante del sector, agrega que, con el arreglo de la carretera, se potenciar\u00e1 la rehabilitaci\u00f3n econ\u00f3mica del sector. \u201cNosotros solo creemos en la palabra de Roberta Zambrano, porque ella ha demostrado que s\u00ed cumple\u201d, dijo.<\/p>\t\t\t\t\t\t\t\t<\/div>\n\t\t\t\t<\/div>\n\t\t\t\t\t<\/div>\n\t\t<\/div>\n\t\t\t\t\t<\/div>\n\t\t<\/section>\n\t\t\t\t<\/div>\n\t\t","protected":false},"excerpt":{"rendered":"<p>Los trabajos de rehabilitaci\u00f3n de la v\u00eda Vuelta Larga \u2013 Tabiazo \u2013 Carlos Concha de 27.5 kil\u00f3metros de longitud, ya se ejecutan a la altura de la cabecera parroquial de Vuelta Larga. Esta obra, esperada durante casi 20 a\u00f1os, es una realidad gracias a las gestiones realizadas por la prefecta Roberta Zambrano ante Petroecuador. Andr\u00e9s [&hellip;]<\/p>\n","protected":false},"author":2,"featured_media":12719,"comment_status":"closed","ping_status":"open","sticky":false,"template":"","format":"standard","meta":{"footnotes":""},"categories":[14],"tags":[],"class_list":["post-12718","post","type-post","status-publish","format-standard","has-post-thumbnail","hentry","category-vialidad"],"yoast_head":"<!-- This site is optimized with the Yoast SEO plugin v25.7 - https:\/\/yoast.com\/wordpress\/plugins\/seo\/ -->\n<title>Avanzan sin contratiempos los trabajos de rehabilitaci\u00f3n de la v\u00eda Vuelta Larga \u2013 Tabiazo \u2013 Carlos Concha. - Gobierno Aut\u00f3nomo Descentralizado de la Provincia de Esmeraldas<\/title>\n<meta name=\"robots\" content=\"index, follow, max-snippet:-1, max-image-preview:large, max-video-preview:-1\" \/>\n<link rel=\"canonical\" href=\"https:\/\/prefecturadeesmeraldas.gob.ec\/index.php\/2021\/09\/17\/avanzan-sin-contratiempos-los-trabajos-de-rehabilitacion-de-la-via-vuelta-larga-tabiazo-carlos-concha\/\" \/>\n<meta property=\"og:locale\" content=\"es_ES\" \/>\n<meta property=\"og:type\" content=\"article\" \/>\n<meta property=\"og:title\" content=\"Avanzan sin contratiempos los trabajos de rehabilitaci\u00f3n de la v\u00eda Vuelta Larga \u2013 Tabiazo \u2013 Carlos Concha. - Gobierno Aut\u00f3nomo Descentralizado de la Provincia de Esmeraldas\" \/>\n<meta property=\"og:description\" content=\"Los trabajos de rehabilitaci\u00f3n de la v\u00eda Vuelta Larga \u2013 Tabiazo \u2013 Carlos Concha de 27.5 kil\u00f3metros de longitud, ya se ejecutan a la altura de la cabecera parroquial de Vuelta Larga. Esta obra, esperada durante casi 20 a\u00f1os, es una realidad gracias a las gestiones realizadas por la prefecta Roberta Zambrano ante Petroecuador. Andr\u00e9s [&hellip;]\" \/>\n<meta property=\"og:url\" content=\"https:\/\/prefecturadeesmeraldas.gob.ec\/index.php\/2021\/09\/17\/avanzan-sin-contratiempos-los-trabajos-de-rehabilitacion-de-la-via-vuelta-larga-tabiazo-carlos-concha\/\" \/>\n<meta property=\"og:site_name\" content=\"Gobierno Aut\u00f3nomo Descentralizado de la Provincia de Esmeraldas\" \/>\n<meta property=\"article:publisher\" content=\"https:\/\/www.facebook.com\/PrefecturaEsmeraldas\/\" \/>\n<meta property=\"article:published_time\" content=\"2021-09-17T15:30:53+00:00\" \/>\n<meta property=\"article:modified_time\" content=\"2021-09-17T15:31:24+00:00\" \/>\n<meta property=\"og:image\" content=\"https:\/\/prefecturadeesmeraldas.gob.ec\/wp-content\/uploads\/2021\/09\/WhatsApp-Image-2021-09-15-at-15.32.38-1.jpeg\" \/>\n\t<meta property=\"og:image:width\" content=\"1280\" \/>\n\t<meta property=\"og:image:height\" content=\"1280\" \/>\n\t<meta property=\"og:image:type\" content=\"image\/jpeg\" \/>\n<meta name=\"author\" content=\"Direcci\u00f3n de Comunicaci\u00f3n\" \/>\n<meta name=\"twitter:card\" content=\"summary_large_image\" \/>\n<meta name=\"twitter:label1\" content=\"Escrito por\" \/>\n\t<meta name=\"twitter:data1\" content=\"Direcci\u00f3n de Comunicaci\u00f3n\" \/>\n\t<meta name=\"twitter:label2\" content=\"Tiempo de lectura\" \/>\n\t<meta name=\"twitter:data2\" content=\"1 minuto\" \/>\n<script type=\"application\/ld+json\" class=\"yoast-schema-graph\">{\"@context\":\"https:\/\/schema.org\",\"@graph\":[{\"@type\":\"Article\",\"@id\":\"https:\/\/prefecturadeesmeraldas.gob.ec\/index.php\/2021\/09\/17\/avanzan-sin-contratiempos-los-trabajos-de-rehabilitacion-de-la-via-vuelta-larga-tabiazo-carlos-concha\/#article\",\"isPartOf\":{\"@id\":\"https:\/\/prefecturadeesmeraldas.gob.ec\/index.php\/2021\/09\/17\/avanzan-sin-contratiempos-los-trabajos-de-rehabilitacion-de-la-via-vuelta-larga-tabiazo-carlos-concha\/\"},\"author\":{\"name\":\"Direcci\u00f3n de Comunicaci\u00f3n\",\"@id\":\"https:\/\/prefecturadeesmeraldas.gob.ec\/#\/schema\/person\/b0c9e7b1ead7725994d1e319e8825234\"},\"headline\":\"Avanzan sin contratiempos los trabajos de rehabilitaci\u00f3n de la v\u00eda Vuelta Larga \u2013 Tabiazo \u2013 Carlos Concha.\",\"datePublished\":\"2021-09-17T15:30:53+00:00\",\"dateModified\":\"2021-09-17T15:31:24+00:00\",\"mainEntityOfPage\":{\"@id\":\"https:\/\/prefecturadeesmeraldas.gob.ec\/index.php\/2021\/09\/17\/avanzan-sin-contratiempos-los-trabajos-de-rehabilitacion-de-la-via-vuelta-larga-tabiazo-carlos-concha\/\"},\"wordCount\":181,\"publisher\":{\"@id\":\"https:\/\/prefecturadeesmeraldas.gob.ec\/#organization\"},\"image\":{\"@id\":\"https:\/\/prefecturadeesmeraldas.gob.ec\/index.php\/2021\/09\/17\/avanzan-sin-contratiempos-los-trabajos-de-rehabilitacion-de-la-via-vuelta-larga-tabiazo-carlos-concha\/#primaryimage\"},\"thumbnailUrl\":\"https:\/\/prefecturadeesmeraldas.gob.ec\/wp-content\/uploads\/2021\/09\/WhatsApp-Image-2021-09-15-at-15.32.38-1.jpeg\",\"articleSection\":[\"Vialidad\"],\"inLanguage\":\"es\"},{\"@type\":\"WebPage\",\"@id\":\"https:\/\/prefecturadeesmeraldas.gob.ec\/index.php\/2021\/09\/17\/avanzan-sin-contratiempos-los-trabajos-de-rehabilitacion-de-la-via-vuelta-larga-tabiazo-carlos-concha\/\",\"url\":\"https:\/\/prefecturadeesmeraldas.gob.ec\/index.php\/2021\/09\/17\/avanzan-sin-contratiempos-los-trabajos-de-rehabilitacion-de-la-via-vuelta-larga-tabiazo-carlos-concha\/\",\"name\":\"Avanzan sin contratiempos los trabajos de rehabilitaci\u00f3n de la v\u00eda Vuelta Larga \u2013 Tabiazo \u2013 Carlos Concha. - Gobierno Aut\u00f3nomo Descentralizado de la Provincia de Esmeraldas\",\"isPartOf\":{\"@id\":\"https:\/\/prefecturadeesmeraldas.gob.ec\/#website\"},\"primaryImageOfPage\":{\"@id\":\"https:\/\/prefecturadeesmeraldas.gob.ec\/index.php\/2021\/09\/17\/avanzan-sin-contratiempos-los-trabajos-de-rehabilitacion-de-la-via-vuelta-larga-tabiazo-carlos-concha\/#primaryimage\"},\"image\":{\"@id\":\"https:\/\/prefecturadeesmeraldas.gob.ec\/index.php\/2021\/09\/17\/avanzan-sin-contratiempos-los-trabajos-de-rehabilitacion-de-la-via-vuelta-larga-tabiazo-carlos-concha\/#primaryimage\"},\"thumbnailUrl\":\"https:\/\/prefecturadeesmeraldas.gob.ec\/wp-content\/uploads\/2021\/09\/WhatsApp-Image-2021-09-15-at-15.32.38-1.jpeg\",\"datePublished\":\"2021-09-17T15:30:53+00:00\",\"dateModified\":\"2021-09-17T15:31:24+00:00\",\"breadcrumb\":{\"@id\":\"https:\/\/prefecturadeesmeraldas.gob.ec\/index.php\/2021\/09\/17\/avanzan-sin-contratiempos-los-trabajos-de-rehabilitacion-de-la-via-vuelta-larga-tabiazo-carlos-concha\/#breadcrumb\"},\"inLanguage\":\"es\",\"potentialAction\":[{\"@type\":\"ReadAction\",\"target\":[\"https:\/\/prefecturadeesmeraldas.gob.ec\/index.php\/2021\/09\/17\/avanzan-sin-contratiempos-los-trabajos-de-rehabilitacion-de-la-via-vuelta-larga-tabiazo-carlos-concha\/\"]}]},{\"@type\":\"ImageObject\",\"inLanguage\":\"es\",\"@id\":\"https:\/\/prefecturadeesmeraldas.gob.ec\/index.php\/2021\/09\/17\/avanzan-sin-contratiempos-los-trabajos-de-rehabilitacion-de-la-via-vuelta-larga-tabiazo-carlos-concha\/#primaryimage\",\"url\":\"https:\/\/prefecturadeesmeraldas.gob.ec\/wp-content\/uploads\/2021\/09\/WhatsApp-Image-2021-09-15-at-15.32.38-1.jpeg\",\"contentUrl\":\"https:\/\/prefecturadeesmeraldas.gob.ec\/wp-content\/uploads\/2021\/09\/WhatsApp-Image-2021-09-15-at-15.32.38-1.jpeg\",\"width\":1280,\"height\":1280},{\"@type\":\"BreadcrumbList\",\"@id\":\"https:\/\/prefecturadeesmeraldas.gob.ec\/index.php\/2021\/09\/17\/avanzan-sin-contratiempos-los-trabajos-de-rehabilitacion-de-la-via-vuelta-larga-tabiazo-carlos-concha\/#breadcrumb\",\"itemListElement\":[{\"@type\":\"ListItem\",\"position\":1,\"name\":\"Home\",\"item\":\"https:\/\/prefecturadeesmeraldas.gob.ec\/\"},{\"@type\":\"ListItem\",\"position\":2,\"name\":\"Avanzan sin contratiempos los trabajos de rehabilitaci\u00f3n de la v\u00eda Vuelta Larga \u2013 Tabiazo \u2013 Carlos Concha.\"}]},{\"@type\":\"WebSite\",\"@id\":\"https:\/\/prefecturadeesmeraldas.gob.ec\/#website\",\"url\":\"https:\/\/prefecturadeesmeraldas.gob.ec\/\",\"name\":\"Gobierno Aut\u00f3nomo Descentralizado de la Provincia de Esmeraldas\",\"description\":\"Gobierno Aut\u00f3nomo Descentralizado de la Provincia de Esmeraldas\",\"publisher\":{\"@id\":\"https:\/\/prefecturadeesmeraldas.gob.ec\/#organization\"},\"potentialAction\":[{\"@type\":\"SearchAction\",\"target\":{\"@type\":\"EntryPoint\",\"urlTemplate\":\"https:\/\/prefecturadeesmeraldas.gob.ec\/?s={search_term_string}\"},\"query-input\":{\"@type\":\"PropertyValueSpecification\",\"valueRequired\":true,\"valueName\":\"search_term_string\"}}],\"inLanguage\":\"es\"},{\"@type\":\"Organization\",\"@id\":\"https:\/\/prefecturadeesmeraldas.gob.ec\/#organization\",\"name\":\"Gobierno Aut\u00f3nomo Descentralizado de la Provincia de Esmeraldas\",\"url\":\"https:\/\/prefecturadeesmeraldas.gob.ec\/\",\"logo\":{\"@type\":\"ImageObject\",\"inLanguage\":\"es\",\"@id\":\"https:\/\/prefecturadeesmeraldas.gob.ec\/#\/schema\/logo\/image\/\",\"url\":\"https:\/\/prefecturadeesmeraldas.gob.ec\/wp-content\/uploads\/2019\/06\/logo.png\",\"contentUrl\":\"https:\/\/prefecturadeesmeraldas.gob.ec\/wp-content\/uploads\/2019\/06\/logo.png\",\"width\":859,\"height\":448,\"caption\":\"Gobierno Aut\u00f3nomo Descentralizado de la Provincia de Esmeraldas\"},\"image\":{\"@id\":\"https:\/\/prefecturadeesmeraldas.gob.ec\/#\/schema\/logo\/image\/\"},\"sameAs\":[\"https:\/\/www.facebook.com\/PrefecturaEsmeraldas\/\"]},{\"@type\":\"Person\",\"@id\":\"https:\/\/prefecturadeesmeraldas.gob.ec\/#\/schema\/person\/b0c9e7b1ead7725994d1e319e8825234\",\"name\":\"Direcci\u00f3n de Comunicaci\u00f3n\",\"image\":{\"@type\":\"ImageObject\",\"inLanguage\":\"es\",\"@id\":\"https:\/\/prefecturadeesmeraldas.gob.ec\/#\/schema\/person\/image\/\",\"url\":\"https:\/\/secure.gravatar.com\/avatar\/74a3870a946f5d774ade3569af61a72308e07ad3346f370c4b468ee2a9858658?s=96&d=mm&r=g\",\"contentUrl\":\"https:\/\/secure.gravatar.com\/avatar\/74a3870a946f5d774ade3569af61a72308e07ad3346f370c4b468ee2a9858658?s=96&d=mm&r=g\",\"caption\":\"Direcci\u00f3n de Comunicaci\u00f3n\"}}]}<\/script>\n<!-- \/ Yoast SEO plugin. -->","yoast_head_json":{"title":"Avanzan sin contratiempos los trabajos de rehabilitaci\u00f3n de la v\u00eda Vuelta Larga \u2013 Tabiazo \u2013 Carlos Concha. - Gobierno Aut\u00f3nomo Descentralizado de la Provincia de Esmeraldas","robots":{"index":"index","follow":"follow","max-snippet":"max-snippet:-1","max-image-preview":"max-image-preview:large","max-video-preview":"max-video-preview:-1"},"canonical":"https:\/\/prefecturadeesmeraldas.gob.ec\/index.php\/2021\/09\/17\/avanzan-sin-contratiempos-los-trabajos-de-rehabilitacion-de-la-via-vuelta-larga-tabiazo-carlos-concha\/","og_locale":"es_ES","og_type":"article","og_title":"Avanzan sin contratiempos los trabajos de rehabilitaci\u00f3n de la v\u00eda Vuelta Larga \u2013 Tabiazo \u2013 Carlos Concha. - Gobierno Aut\u00f3nomo Descentralizado de la Provincia de Esmeraldas","og_description":"Los trabajos de rehabilitaci\u00f3n de la v\u00eda Vuelta Larga \u2013 Tabiazo \u2013 Carlos Concha de 27.5 kil\u00f3metros de longitud, ya se ejecutan a la altura de la cabecera parroquial de Vuelta Larga. Esta obra, esperada durante casi 20 a\u00f1os, es una realidad gracias a las gestiones realizadas por la prefecta Roberta Zambrano ante Petroecuador. Andr\u00e9s [&hellip;]","og_url":"https:\/\/prefecturadeesmeraldas.gob.ec\/index.php\/2021\/09\/17\/avanzan-sin-contratiempos-los-trabajos-de-rehabilitacion-de-la-via-vuelta-larga-tabiazo-carlos-concha\/","og_site_name":"Gobierno Aut\u00f3nomo Descentralizado de la Provincia de Esmeraldas","article_publisher":"https:\/\/www.facebook.com\/PrefecturaEsmeraldas\/","article_published_time":"2021-09-17T15:30:53+00:00","article_modified_time":"2021-09-17T15:31:24+00:00","og_image":[{"width":1280,"height":1280,"url":"https:\/\/prefecturadeesmeraldas.gob.ec\/wp-content\/uploads\/2021\/09\/WhatsApp-Image-2021-09-15-at-15.32.38-1.jpeg","type":"image\/jpeg"}],"author":"Direcci\u00f3n de Comunicaci\u00f3n","twitter_card":"summary_large_image","twitter_misc":{"Escrito por":"Direcci\u00f3n de Comunicaci\u00f3n","Tiempo de lectura":"1 minuto"},"schema":{"@context":"https:\/\/schema.org","@graph":[{"@type":"Article","@id":"https:\/\/prefecturadeesmeraldas.gob.ec\/index.php\/2021\/09\/17\/avanzan-sin-contratiempos-los-trabajos-de-rehabilitacion-de-la-via-vuelta-larga-tabiazo-carlos-concha\/#article","isPartOf":{"@id":"https:\/\/prefecturadeesmeraldas.gob.ec\/index.php\/2021\/09\/17\/avanzan-sin-contratiempos-los-trabajos-de-rehabilitacion-de-la-via-vuelta-larga-tabiazo-carlos-concha\/"},"author":{"name":"Direcci\u00f3n de Comunicaci\u00f3n","@id":"https:\/\/prefecturadeesmeraldas.gob.ec\/#\/schema\/person\/b0c9e7b1ead7725994d1e319e8825234"},"headline":"Avanzan sin contratiempos los trabajos de rehabilitaci\u00f3n de la v\u00eda Vuelta Larga \u2013 Tabiazo \u2013 Carlos Concha.","datePublished":"2021-09-17T15:30:53+00:00","dateModified":"2021-09-17T15:31:24+00:00","mainEntityOfPage":{"@id":"https:\/\/prefecturadeesmeraldas.gob.ec\/index.php\/2021\/09\/17\/avanzan-sin-contratiempos-los-trabajos-de-rehabilitacion-de-la-via-vuelta-larga-tabiazo-carlos-concha\/"},"wordCount":181,"publisher":{"@id":"https:\/\/prefecturadeesmeraldas.gob.ec\/#organization"},"image":{"@id":"https:\/\/prefecturadeesmeraldas.gob.ec\/index.php\/2021\/09\/17\/avanzan-sin-contratiempos-los-trabajos-de-rehabilitacion-de-la-via-vuelta-larga-tabiazo-carlos-concha\/#primaryimage"},"thumbnailUrl":"https:\/\/prefecturadeesmeraldas.gob.ec\/wp-content\/uploads\/2021\/09\/WhatsApp-Image-2021-09-15-at-15.32.38-1.jpeg","articleSection":["Vialidad"],"inLanguage":"es"},{"@type":"WebPage","@id":"https:\/\/prefecturadeesmeraldas.gob.ec\/index.php\/2021\/09\/17\/avanzan-sin-contratiempos-los-trabajos-de-rehabilitacion-de-la-via-vuelta-larga-tabiazo-carlos-concha\/","url":"https:\/\/prefecturadeesmeraldas.gob.ec\/index.php\/2021\/09\/17\/avanzan-sin-contratiempos-los-trabajos-de-rehabilitacion-de-la-via-vuelta-larga-tabiazo-carlos-concha\/","name":"Avanzan sin contratiempos los trabajos de rehabilitaci\u00f3n de la v\u00eda Vuelta Larga \u2013 Tabiazo \u2013 Carlos Concha. - Gobierno Aut\u00f3nomo Descentralizado de la Provincia de Esmeraldas","isPartOf":{"@id":"https:\/\/prefecturadeesmeraldas.gob.ec\/#website"},"primaryImageOfPage":{"@id":"https:\/\/prefecturadeesmeraldas.gob.ec\/index.php\/2021\/09\/17\/avanzan-sin-contratiempos-los-trabajos-de-rehabilitacion-de-la-via-vuelta-larga-tabiazo-carlos-concha\/#primaryimage"},"image":{"@id":"https:\/\/prefecturadeesmeraldas.gob.ec\/index.php\/2021\/09\/17\/avanzan-sin-contratiempos-los-trabajos-de-rehabilitacion-de-la-via-vuelta-larga-tabiazo-carlos-concha\/#primaryimage"},"thumbnailUrl":"https:\/\/prefecturadeesmeraldas.gob.ec\/wp-content\/uploads\/2021\/09\/WhatsApp-Image-2021-09-15-at-15.32.38-1.jpeg","datePublished":"2021-09-17T15:30:53+00:00","dateModified":"2021-09-17T15:31:24+00:00","breadcrumb":{"@id":"https:\/\/prefecturadeesmeraldas.gob.ec\/index.php\/2021\/09\/17\/avanzan-sin-contratiempos-los-trabajos-de-rehabilitacion-de-la-via-vuelta-larga-tabiazo-carlos-concha\/#breadcrumb"},"inLanguage":"es","potentialAction":[{"@type":"ReadAction","target":["https:\/\/prefecturadeesmeraldas.gob.ec\/index.php\/2021\/09\/17\/avanzan-sin-contratiempos-los-trabajos-de-rehabilitacion-de-la-via-vuelta-larga-tabiazo-carlos-concha\/"]}]},{"@type":"ImageObject","inLanguage":"es","@id":"https:\/\/prefecturadeesmeraldas.gob.ec\/index.php\/2021\/09\/17\/avanzan-sin-contratiempos-los-trabajos-de-rehabilitacion-de-la-via-vuelta-larga-tabiazo-carlos-concha\/#primaryimage","url":"https:\/\/prefecturadeesmeraldas.gob.ec\/wp-content\/uploads\/2021\/09\/WhatsApp-Image-2021-09-15-at-15.32.38-1.jpeg","contentUrl":"https:\/\/prefecturadeesmeraldas.gob.ec\/wp-content\/uploads\/2021\/09\/WhatsApp-Image-2021-09-15-at-15.32.38-1.jpeg","width":1280,"height":1280},{"@type":"BreadcrumbList","@id":"https:\/\/prefecturadeesmeraldas.gob.ec\/index.php\/2021\/09\/17\/avanzan-sin-contratiempos-los-trabajos-de-rehabilitacion-de-la-via-vuelta-larga-tabiazo-carlos-concha\/#breadcrumb","itemListElement":[{"@type":"ListItem","position":1,"name":"Home","item":"https:\/\/prefecturadeesmeraldas.gob.ec\/"},{"@type":"ListItem","position":2,"name":"Avanzan sin contratiempos los trabajos de rehabilitaci\u00f3n de la v\u00eda Vuelta Larga \u2013 Tabiazo \u2013 Carlos Concha."}]},{"@type":"WebSite","@id":"https:\/\/prefecturadeesmeraldas.gob.ec\/#website","url":"https:\/\/prefecturadeesmeraldas.gob.ec\/","name":"Gobierno Aut\u00f3nomo Descentralizado de la Provincia de Esmeraldas","description":"Gobierno Aut\u00f3nomo Descentralizado de la Provincia de Esmeraldas","publisher":{"@id":"https:\/\/prefecturadeesmeraldas.gob.ec\/#organization"},"potentialAction":[{"@type":"SearchAction","target":{"@type":"EntryPoint","urlTemplate":"https:\/\/prefecturadeesmeraldas.gob.ec\/?s={search_term_string}"},"query-input":{"@type":"PropertyValueSpecification","valueRequired":true,"valueName":"search_term_string"}}],"inLanguage":"es"},{"@type":"Organization","@id":"https:\/\/prefecturadeesmeraldas.gob.ec\/#organization","name":"Gobierno Aut\u00f3nomo Descentralizado de la Provincia de Esmeraldas","url":"https:\/\/prefecturadeesmeraldas.gob.ec\/","logo":{"@type":"ImageObject","inLanguage":"es","@id":"https:\/\/prefecturadeesmeraldas.gob.ec\/#\/schema\/logo\/image\/","url":"https:\/\/prefecturadeesmeraldas.gob.ec\/wp-content\/uploads\/2019\/06\/logo.png","contentUrl":"https:\/\/prefecturadeesmeraldas.gob.ec\/wp-content\/uploads\/2019\/06\/logo.png","width":859,"height":448,"caption":"Gobierno Aut\u00f3nomo Descentralizado de la Provincia de Esmeraldas"},"image":{"@id":"https:\/\/prefecturadeesmeraldas.gob.ec\/#\/schema\/logo\/image\/"},"sameAs":["https:\/\/www.facebook.com\/PrefecturaEsmeraldas\/"]},{"@type":"Person","@id":"https:\/\/prefecturadeesmeraldas.gob.ec\/#\/schema\/person\/b0c9e7b1ead7725994d1e319e8825234","name":"Direcci\u00f3n de Comunicaci\u00f3n","image":{"@type":"ImageObject","inLanguage":"es","@id":"https:\/\/prefecturadeesmeraldas.gob.ec\/#\/schema\/person\/image\/","url":"https:\/\/secure.gravatar.com\/avatar\/74a3870a946f5d774ade3569af61a72308e07ad3346f370c4b468ee2a9858658?s=96&d=mm&r=g","contentUrl":"https:\/\/secure.gravatar.com\/avatar\/74a3870a946f5d774ade3569af61a72308e07ad3346f370c4b468ee2a9858658?s=96&d=mm&r=g","caption":"Direcci\u00f3n de Comunicaci\u00f3n"}}]}},"_links":{"self":[{"href":"https:\/\/prefecturadeesmeraldas.gob.ec\/index.php\/wp-json\/wp\/v2\/posts\/12718","targetHints":{"allow":["GET"]}}],"collection":[{"href":"https:\/\/prefecturadeesmeraldas.gob.ec\/index.php\/wp-json\/wp\/v2\/posts"}],"about":[{"href":"https:\/\/prefecturadeesmeraldas.gob.ec\/index.php\/wp-json\/wp\/v2\/types\/post"}],"author":[{"embeddable":true,"href":"https:\/\/prefecturadeesmeraldas.gob.ec\/index.php\/wp-json\/wp\/v2\/users\/2"}],"replies":[{"embeddable":true,"href":"https:\/\/prefecturadeesmeraldas.gob.ec\/index.php\/wp-json\/wp\/v2\/comments?post=12718"}],"version-history":[{"count":0,"href":"https:\/\/prefecturadeesmeraldas.gob.ec\/index.php\/wp-json\/wp\/v2\/posts\/12718\/revisions"}],"wp:featuredmedia":[{"embeddable":true,"href":"https:\/\/prefecturadeesmeraldas.gob.ec\/index.php\/wp-json\/wp\/v2\/media\/12719"}],"wp:attachment":[{"href":"https:\/\/prefecturadeesmeraldas.gob.ec\/index.php\/wp-json\/wp\/v2\/media?parent=12718"}],"wp:term":[{"taxonomy":"category","embeddable":true,"href":"https:\/\/prefecturadeesmeraldas.gob.ec\/index.php\/wp-json\/wp\/v2\/categories?post=12718"},{"taxonomy":"post_tag","embeddable":true,"href":"https:\/\/prefecturadeesmeraldas.gob.ec\/index.php\/wp-json\/wp\/v2\/tags?post=12718"}],"curies":[{"name":"wp","href":"https:\/\/api.w.org\/{rel}","templated":true}]}}