{"id":12669,"date":"2021-09-15T10:21:09","date_gmt":"2021-09-15T15:21:09","guid":{"rendered":"https:\/\/prefecturadeesmeraldas.gob.ec\/?p=12669"},"modified":"2021-09-15T12:13:23","modified_gmt":"2021-09-15T17:13:23","slug":"prefectura-de-esmeraldas-cumple-con-el-asfaltado-de-una-nueva-via-en-san-lorenzo","status":"publish","type":"post","link":"https:\/\/prefecturadeesmeraldas.gob.ec\/index.php\/2021\/09\/15\/prefectura-de-esmeraldas-cumple-con-el-asfaltado-de-una-nueva-via-en-san-lorenzo\/","title":{"rendered":"Prefectura de Esmeraldas cumple con el asfaltado de una nueva v\u00eda en San Lorenzo."},"content":{"rendered":"\t\t<div data-elementor-type=\"wp-post\" data-elementor-id=\"12669\" class=\"elementor elementor-12669\">\n\t\t\t\t\t\t<section class=\"elementor-section elementor-top-section elementor-element elementor-element-3e944ce elementor-section-boxed elementor-section-height-default elementor-section-height-default\" data-id=\"3e944ce\" data-element_type=\"section\">\n\t\t\t\t\t\t<div class=\"elementor-container elementor-column-gap-default\">\n\t\t\t\t\t<div class=\"elementor-column elementor-col-100 elementor-top-column elementor-element elementor-element-a8f42d2\" data-id=\"a8f42d2\" data-element_type=\"column\">\n\t\t\t<div class=\"elementor-widget-wrap elementor-element-populated\">\n\t\t\t\t\t\t<div class=\"elementor-element elementor-element-53d5498 elementor-widget elementor-widget-image\" data-id=\"53d5498\" data-element_type=\"widget\" data-widget_type=\"image.default\">\n\t\t\t\t<div class=\"elementor-widget-container\">\n\t\t\t\t\t\t\t\t\t\t\t\t\t\t\t<img fetchpriority=\"high\" decoding=\"async\" width=\"985\" height=\"985\" src=\"https:\/\/prefecturadeesmeraldas.gob.ec\/wp-content\/uploads\/2021\/09\/Imagen8.png\" class=\"attachment-large size-large wp-image-12670\" alt=\"\" srcset=\"https:\/\/prefecturadeesmeraldas.gob.ec\/wp-content\/uploads\/2021\/09\/Imagen8.png 985w, https:\/\/prefecturadeesmeraldas.gob.ec\/wp-content\/uploads\/2021\/09\/Imagen8-240x240.png 240w, https:\/\/prefecturadeesmeraldas.gob.ec\/wp-content\/uploads\/2021\/09\/Imagen8-150x150.png 150w, https:\/\/prefecturadeesmeraldas.gob.ec\/wp-content\/uploads\/2021\/09\/Imagen8-300x300.png 300w, https:\/\/prefecturadeesmeraldas.gob.ec\/wp-content\/uploads\/2021\/09\/Imagen8-768x768.png 768w\" sizes=\"(max-width: 985px) 100vw, 985px\" \/>\t\t\t\t\t\t\t\t\t\t\t\t\t\t\t<\/div>\n\t\t\t\t<\/div>\n\t\t\t\t\t<\/div>\n\t\t<\/div>\n\t\t\t\t\t<\/div>\n\t\t<\/section>\n\t\t\t\t<section class=\"elementor-section elementor-top-section elementor-element elementor-element-7f6335c elementor-section-boxed elementor-section-height-default elementor-section-height-default\" data-id=\"7f6335c\" data-element_type=\"section\">\n\t\t\t\t\t\t<div class=\"elementor-container elementor-column-gap-default\">\n\t\t\t\t\t<div class=\"elementor-column elementor-col-100 elementor-top-column elementor-element elementor-element-65192b7\" data-id=\"65192b7\" data-element_type=\"column\">\n\t\t\t<div class=\"elementor-widget-wrap elementor-element-populated\">\n\t\t\t\t\t\t<div class=\"elementor-element elementor-element-50bc048 elementor-widget elementor-widget-text-editor\" data-id=\"50bc048\" data-element_type=\"widget\" data-widget_type=\"text-editor.default\">\n\t\t\t\t<div class=\"elementor-widget-container\">\n\t\t\t\t\t\t\t\t\t<p>Trabajos emergentes permitieron asfaltar la principal v\u00eda de acceso a la comunidad de Guadual, en la parroquia Alto Tambo del cant\u00f3n San Lorenzo.<\/p><p>Mediante un trabajo coordinado, t\u00e9cnicos, operadores y maquinaria de la Prefectura de Esmeraldas, cumplieron la disposici\u00f3n impartida por la Direcci\u00f3n de Infraestructura Vial y Desarrollo, respecto al mejoramiento de la v\u00eda, brindando mayor bienestar a los habitantes, agricultores, comerciantes y visitantes que ejercen actividades desde y hacia esta zona del norte de la provincia.<\/p><p><strong>Jairo Arteaga<\/strong>, ingeniero de la Direcci\u00f3n de Infraestructural Vial y Desarrollo de la Prefectura, explic\u00f3 que, mediante un acuerdo con la comunidad, se logr\u00f3 realizar la intervenci\u00f3n que, permiti\u00f3 mejorar la estructura de la v\u00eda hasta llegar al nivel de asfalto.<\/p><p>Seg\u00fan palabras de<strong> Di\u00f3genes Rodr\u00edguez<\/strong>, miembro del recinto Guadual, la decisi\u00f3n tomada por la prefecta Roberta Zambrano Ortiz es digna de un agradecimiento, por su accionar en favor del sector rural de la provincia\u201d.\u00a0<\/p><p><strong>Danilo Qui\u00f1ones<\/strong>, presidente de Guadual, insisti\u00f3 en que, la acci\u00f3n, permiti\u00f3 cumplir el sue\u00f1o de muchas familias, afectadas constantemente por las dificultades que implica tener una v\u00eda en malas condiciones.<\/p><p>Entre los trabajos efectuados se ejecut\u00f3 la limpieza de la v\u00eda, reconformaci\u00f3n, colocaci\u00f3n de material, compactado, sellado hasta llegar al nivel de asfalto mediante una carpeta de dos pulgadas.<\/p>\t\t\t\t\t\t\t\t<\/div>\n\t\t\t\t<\/div>\n\t\t\t\t\t<\/div>\n\t\t<\/div>\n\t\t\t\t\t<\/div>\n\t\t<\/section>\n\t\t\t\t<\/div>\n\t\t","protected":false},"excerpt":{"rendered":"<p>Trabajos emergentes permitieron asfaltar la principal v\u00eda de acceso a la comunidad de Guadual, en la parroquia Alto Tambo del cant\u00f3n San Lorenzo. Mediante un trabajo coordinado, t\u00e9cnicos, operadores y maquinaria de la Prefectura de Esmeraldas, cumplieron la disposici\u00f3n impartida por la Direcci\u00f3n de Infraestructura Vial y Desarrollo, respecto al mejoramiento de la v\u00eda, brindando [&hellip;]<\/p>\n","protected":false},"author":2,"featured_media":12670,"comment_status":"closed","ping_status":"open","sticky":false,"template":"","format":"standard","meta":{"footnotes":""},"categories":[14],"tags":[],"class_list":["post-12669","post","type-post","status-publish","format-standard","has-post-thumbnail","hentry","category-vialidad"],"yoast_head":"<!-- This site is optimized with the Yoast SEO plugin v25.7 - https:\/\/yoast.com\/wordpress\/plugins\/seo\/ -->\n<title>Prefectura de Esmeraldas cumple con el asfaltado de una nueva v\u00eda en San Lorenzo. - Gobierno Aut\u00f3nomo Descentralizado de la Provincia de Esmeraldas<\/title>\n<meta name=\"robots\" content=\"index, follow, max-snippet:-1, max-image-preview:large, max-video-preview:-1\" \/>\n<link rel=\"canonical\" href=\"https:\/\/prefecturadeesmeraldas.gob.ec\/index.php\/2021\/09\/15\/prefectura-de-esmeraldas-cumple-con-el-asfaltado-de-una-nueva-via-en-san-lorenzo\/\" \/>\n<meta property=\"og:locale\" content=\"es_ES\" \/>\n<meta property=\"og:type\" content=\"article\" \/>\n<meta property=\"og:title\" content=\"Prefectura de Esmeraldas cumple con el asfaltado de una nueva v\u00eda en San Lorenzo. - Gobierno Aut\u00f3nomo Descentralizado de la Provincia de Esmeraldas\" \/>\n<meta property=\"og:description\" content=\"Trabajos emergentes permitieron asfaltar la principal v\u00eda de acceso a la comunidad de Guadual, en la parroquia Alto Tambo del cant\u00f3n San Lorenzo. Mediante un trabajo coordinado, t\u00e9cnicos, operadores y maquinaria de la Prefectura de Esmeraldas, cumplieron la disposici\u00f3n impartida por la Direcci\u00f3n de Infraestructura Vial y Desarrollo, respecto al mejoramiento de la v\u00eda, brindando [&hellip;]\" \/>\n<meta property=\"og:url\" content=\"https:\/\/prefecturadeesmeraldas.gob.ec\/index.php\/2021\/09\/15\/prefectura-de-esmeraldas-cumple-con-el-asfaltado-de-una-nueva-via-en-san-lorenzo\/\" \/>\n<meta property=\"og:site_name\" content=\"Gobierno Aut\u00f3nomo Descentralizado de la Provincia de Esmeraldas\" \/>\n<meta property=\"article:publisher\" content=\"https:\/\/www.facebook.com\/PrefecturaEsmeraldas\/\" \/>\n<meta property=\"article:published_time\" content=\"2021-09-15T15:21:09+00:00\" \/>\n<meta property=\"article:modified_time\" content=\"2021-09-15T17:13:23+00:00\" \/>\n<meta property=\"og:image\" content=\"https:\/\/prefecturadeesmeraldas.gob.ec\/wp-content\/uploads\/2021\/09\/Imagen8.png\" \/>\n\t<meta property=\"og:image:width\" content=\"985\" \/>\n\t<meta property=\"og:image:height\" content=\"985\" \/>\n\t<meta property=\"og:image:type\" content=\"image\/png\" \/>\n<meta name=\"author\" content=\"Direcci\u00f3n de Comunicaci\u00f3n\" \/>\n<meta name=\"twitter:card\" content=\"summary_large_image\" \/>\n<meta name=\"twitter:label1\" content=\"Escrito por\" \/>\n\t<meta name=\"twitter:data1\" content=\"Direcci\u00f3n de Comunicaci\u00f3n\" \/>\n\t<meta name=\"twitter:label2\" content=\"Tiempo de lectura\" \/>\n\t<meta name=\"twitter:data2\" content=\"1 minuto\" \/>\n<script type=\"application\/ld+json\" class=\"yoast-schema-graph\">{\"@context\":\"https:\/\/schema.org\",\"@graph\":[{\"@type\":\"Article\",\"@id\":\"https:\/\/prefecturadeesmeraldas.gob.ec\/index.php\/2021\/09\/15\/prefectura-de-esmeraldas-cumple-con-el-asfaltado-de-una-nueva-via-en-san-lorenzo\/#article\",\"isPartOf\":{\"@id\":\"https:\/\/prefecturadeesmeraldas.gob.ec\/index.php\/2021\/09\/15\/prefectura-de-esmeraldas-cumple-con-el-asfaltado-de-una-nueva-via-en-san-lorenzo\/\"},\"author\":{\"name\":\"Direcci\u00f3n de Comunicaci\u00f3n\",\"@id\":\"https:\/\/prefecturadeesmeraldas.gob.ec\/#\/schema\/person\/b0c9e7b1ead7725994d1e319e8825234\"},\"headline\":\"Prefectura de Esmeraldas cumple con el asfaltado de una nueva v\u00eda en San Lorenzo.\",\"datePublished\":\"2021-09-15T15:21:09+00:00\",\"dateModified\":\"2021-09-15T17:13:23+00:00\",\"mainEntityOfPage\":{\"@id\":\"https:\/\/prefecturadeesmeraldas.gob.ec\/index.php\/2021\/09\/15\/prefectura-de-esmeraldas-cumple-con-el-asfaltado-de-una-nueva-via-en-san-lorenzo\/\"},\"wordCount\":247,\"publisher\":{\"@id\":\"https:\/\/prefecturadeesmeraldas.gob.ec\/#organization\"},\"image\":{\"@id\":\"https:\/\/prefecturadeesmeraldas.gob.ec\/index.php\/2021\/09\/15\/prefectura-de-esmeraldas-cumple-con-el-asfaltado-de-una-nueva-via-en-san-lorenzo\/#primaryimage\"},\"thumbnailUrl\":\"https:\/\/prefecturadeesmeraldas.gob.ec\/wp-content\/uploads\/2021\/09\/Imagen8.png\",\"articleSection\":[\"Vialidad\"],\"inLanguage\":\"es\"},{\"@type\":\"WebPage\",\"@id\":\"https:\/\/prefecturadeesmeraldas.gob.ec\/index.php\/2021\/09\/15\/prefectura-de-esmeraldas-cumple-con-el-asfaltado-de-una-nueva-via-en-san-lorenzo\/\",\"url\":\"https:\/\/prefecturadeesmeraldas.gob.ec\/index.php\/2021\/09\/15\/prefectura-de-esmeraldas-cumple-con-el-asfaltado-de-una-nueva-via-en-san-lorenzo\/\",\"name\":\"Prefectura de Esmeraldas cumple con el asfaltado de una nueva v\u00eda en San Lorenzo. - Gobierno Aut\u00f3nomo Descentralizado de la Provincia de Esmeraldas\",\"isPartOf\":{\"@id\":\"https:\/\/prefecturadeesmeraldas.gob.ec\/#website\"},\"primaryImageOfPage\":{\"@id\":\"https:\/\/prefecturadeesmeraldas.gob.ec\/index.php\/2021\/09\/15\/prefectura-de-esmeraldas-cumple-con-el-asfaltado-de-una-nueva-via-en-san-lorenzo\/#primaryimage\"},\"image\":{\"@id\":\"https:\/\/prefecturadeesmeraldas.gob.ec\/index.php\/2021\/09\/15\/prefectura-de-esmeraldas-cumple-con-el-asfaltado-de-una-nueva-via-en-san-lorenzo\/#primaryimage\"},\"thumbnailUrl\":\"https:\/\/prefecturadeesmeraldas.gob.ec\/wp-content\/uploads\/2021\/09\/Imagen8.png\",\"datePublished\":\"2021-09-15T15:21:09+00:00\",\"dateModified\":\"2021-09-15T17:13:23+00:00\",\"breadcrumb\":{\"@id\":\"https:\/\/prefecturadeesmeraldas.gob.ec\/index.php\/2021\/09\/15\/prefectura-de-esmeraldas-cumple-con-el-asfaltado-de-una-nueva-via-en-san-lorenzo\/#breadcrumb\"},\"inLanguage\":\"es\",\"potentialAction\":[{\"@type\":\"ReadAction\",\"target\":[\"https:\/\/prefecturadeesmeraldas.gob.ec\/index.php\/2021\/09\/15\/prefectura-de-esmeraldas-cumple-con-el-asfaltado-de-una-nueva-via-en-san-lorenzo\/\"]}]},{\"@type\":\"ImageObject\",\"inLanguage\":\"es\",\"@id\":\"https:\/\/prefecturadeesmeraldas.gob.ec\/index.php\/2021\/09\/15\/prefectura-de-esmeraldas-cumple-con-el-asfaltado-de-una-nueva-via-en-san-lorenzo\/#primaryimage\",\"url\":\"https:\/\/prefecturadeesmeraldas.gob.ec\/wp-content\/uploads\/2021\/09\/Imagen8.png\",\"contentUrl\":\"https:\/\/prefecturadeesmeraldas.gob.ec\/wp-content\/uploads\/2021\/09\/Imagen8.png\",\"width\":985,\"height\":985},{\"@type\":\"BreadcrumbList\",\"@id\":\"https:\/\/prefecturadeesmeraldas.gob.ec\/index.php\/2021\/09\/15\/prefectura-de-esmeraldas-cumple-con-el-asfaltado-de-una-nueva-via-en-san-lorenzo\/#breadcrumb\",\"itemListElement\":[{\"@type\":\"ListItem\",\"position\":1,\"name\":\"Home\",\"item\":\"https:\/\/prefecturadeesmeraldas.gob.ec\/\"},{\"@type\":\"ListItem\",\"position\":2,\"name\":\"Prefectura de Esmeraldas cumple con el asfaltado de una nueva v\u00eda en San Lorenzo.\"}]},{\"@type\":\"WebSite\",\"@id\":\"https:\/\/prefecturadeesmeraldas.gob.ec\/#website\",\"url\":\"https:\/\/prefecturadeesmeraldas.gob.ec\/\",\"name\":\"Gobierno Aut\u00f3nomo Descentralizado de la Provincia de Esmeraldas\",\"description\":\"Gobierno Aut\u00f3nomo Descentralizado de la Provincia de Esmeraldas\",\"publisher\":{\"@id\":\"https:\/\/prefecturadeesmeraldas.gob.ec\/#organization\"},\"potentialAction\":[{\"@type\":\"SearchAction\",\"target\":{\"@type\":\"EntryPoint\",\"urlTemplate\":\"https:\/\/prefecturadeesmeraldas.gob.ec\/?s={search_term_string}\"},\"query-input\":{\"@type\":\"PropertyValueSpecification\",\"valueRequired\":true,\"valueName\":\"search_term_string\"}}],\"inLanguage\":\"es\"},{\"@type\":\"Organization\",\"@id\":\"https:\/\/prefecturadeesmeraldas.gob.ec\/#organization\",\"name\":\"Gobierno Aut\u00f3nomo Descentralizado de la Provincia de Esmeraldas\",\"url\":\"https:\/\/prefecturadeesmeraldas.gob.ec\/\",\"logo\":{\"@type\":\"ImageObject\",\"inLanguage\":\"es\",\"@id\":\"https:\/\/prefecturadeesmeraldas.gob.ec\/#\/schema\/logo\/image\/\",\"url\":\"https:\/\/prefecturadeesmeraldas.gob.ec\/wp-content\/uploads\/2019\/06\/logo.png\",\"contentUrl\":\"https:\/\/prefecturadeesmeraldas.gob.ec\/wp-content\/uploads\/2019\/06\/logo.png\",\"width\":859,\"height\":448,\"caption\":\"Gobierno Aut\u00f3nomo Descentralizado de la Provincia de Esmeraldas\"},\"image\":{\"@id\":\"https:\/\/prefecturadeesmeraldas.gob.ec\/#\/schema\/logo\/image\/\"},\"sameAs\":[\"https:\/\/www.facebook.com\/PrefecturaEsmeraldas\/\"]},{\"@type\":\"Person\",\"@id\":\"https:\/\/prefecturadeesmeraldas.gob.ec\/#\/schema\/person\/b0c9e7b1ead7725994d1e319e8825234\",\"name\":\"Direcci\u00f3n de Comunicaci\u00f3n\",\"image\":{\"@type\":\"ImageObject\",\"inLanguage\":\"es\",\"@id\":\"https:\/\/prefecturadeesmeraldas.gob.ec\/#\/schema\/person\/image\/\",\"url\":\"https:\/\/secure.gravatar.com\/avatar\/74a3870a946f5d774ade3569af61a72308e07ad3346f370c4b468ee2a9858658?s=96&d=mm&r=g\",\"contentUrl\":\"https:\/\/secure.gravatar.com\/avatar\/74a3870a946f5d774ade3569af61a72308e07ad3346f370c4b468ee2a9858658?s=96&d=mm&r=g\",\"caption\":\"Direcci\u00f3n de Comunicaci\u00f3n\"}}]}<\/script>\n<!-- \/ Yoast SEO plugin. -->","yoast_head_json":{"title":"Prefectura de Esmeraldas cumple con el asfaltado de una nueva v\u00eda en San Lorenzo. - Gobierno Aut\u00f3nomo Descentralizado de la Provincia de Esmeraldas","robots":{"index":"index","follow":"follow","max-snippet":"max-snippet:-1","max-image-preview":"max-image-preview:large","max-video-preview":"max-video-preview:-1"},"canonical":"https:\/\/prefecturadeesmeraldas.gob.ec\/index.php\/2021\/09\/15\/prefectura-de-esmeraldas-cumple-con-el-asfaltado-de-una-nueva-via-en-san-lorenzo\/","og_locale":"es_ES","og_type":"article","og_title":"Prefectura de Esmeraldas cumple con el asfaltado de una nueva v\u00eda en San Lorenzo. - Gobierno Aut\u00f3nomo Descentralizado de la Provincia de Esmeraldas","og_description":"Trabajos emergentes permitieron asfaltar la principal v\u00eda de acceso a la comunidad de Guadual, en la parroquia Alto Tambo del cant\u00f3n San Lorenzo. Mediante un trabajo coordinado, t\u00e9cnicos, operadores y maquinaria de la Prefectura de Esmeraldas, cumplieron la disposici\u00f3n impartida por la Direcci\u00f3n de Infraestructura Vial y Desarrollo, respecto al mejoramiento de la v\u00eda, brindando [&hellip;]","og_url":"https:\/\/prefecturadeesmeraldas.gob.ec\/index.php\/2021\/09\/15\/prefectura-de-esmeraldas-cumple-con-el-asfaltado-de-una-nueva-via-en-san-lorenzo\/","og_site_name":"Gobierno Aut\u00f3nomo Descentralizado de la Provincia de Esmeraldas","article_publisher":"https:\/\/www.facebook.com\/PrefecturaEsmeraldas\/","article_published_time":"2021-09-15T15:21:09+00:00","article_modified_time":"2021-09-15T17:13:23+00:00","og_image":[{"width":985,"height":985,"url":"https:\/\/prefecturadeesmeraldas.gob.ec\/wp-content\/uploads\/2021\/09\/Imagen8.png","type":"image\/png"}],"author":"Direcci\u00f3n de Comunicaci\u00f3n","twitter_card":"summary_large_image","twitter_misc":{"Escrito por":"Direcci\u00f3n de Comunicaci\u00f3n","Tiempo de lectura":"1 minuto"},"schema":{"@context":"https:\/\/schema.org","@graph":[{"@type":"Article","@id":"https:\/\/prefecturadeesmeraldas.gob.ec\/index.php\/2021\/09\/15\/prefectura-de-esmeraldas-cumple-con-el-asfaltado-de-una-nueva-via-en-san-lorenzo\/#article","isPartOf":{"@id":"https:\/\/prefecturadeesmeraldas.gob.ec\/index.php\/2021\/09\/15\/prefectura-de-esmeraldas-cumple-con-el-asfaltado-de-una-nueva-via-en-san-lorenzo\/"},"author":{"name":"Direcci\u00f3n de Comunicaci\u00f3n","@id":"https:\/\/prefecturadeesmeraldas.gob.ec\/#\/schema\/person\/b0c9e7b1ead7725994d1e319e8825234"},"headline":"Prefectura de Esmeraldas cumple con el asfaltado de una nueva v\u00eda en San Lorenzo.","datePublished":"2021-09-15T15:21:09+00:00","dateModified":"2021-09-15T17:13:23+00:00","mainEntityOfPage":{"@id":"https:\/\/prefecturadeesmeraldas.gob.ec\/index.php\/2021\/09\/15\/prefectura-de-esmeraldas-cumple-con-el-asfaltado-de-una-nueva-via-en-san-lorenzo\/"},"wordCount":247,"publisher":{"@id":"https:\/\/prefecturadeesmeraldas.gob.ec\/#organization"},"image":{"@id":"https:\/\/prefecturadeesmeraldas.gob.ec\/index.php\/2021\/09\/15\/prefectura-de-esmeraldas-cumple-con-el-asfaltado-de-una-nueva-via-en-san-lorenzo\/#primaryimage"},"thumbnailUrl":"https:\/\/prefecturadeesmeraldas.gob.ec\/wp-content\/uploads\/2021\/09\/Imagen8.png","articleSection":["Vialidad"],"inLanguage":"es"},{"@type":"WebPage","@id":"https:\/\/prefecturadeesmeraldas.gob.ec\/index.php\/2021\/09\/15\/prefectura-de-esmeraldas-cumple-con-el-asfaltado-de-una-nueva-via-en-san-lorenzo\/","url":"https:\/\/prefecturadeesmeraldas.gob.ec\/index.php\/2021\/09\/15\/prefectura-de-esmeraldas-cumple-con-el-asfaltado-de-una-nueva-via-en-san-lorenzo\/","name":"Prefectura de Esmeraldas cumple con el asfaltado de una nueva v\u00eda en San Lorenzo. - Gobierno Aut\u00f3nomo Descentralizado de la Provincia de Esmeraldas","isPartOf":{"@id":"https:\/\/prefecturadeesmeraldas.gob.ec\/#website"},"primaryImageOfPage":{"@id":"https:\/\/prefecturadeesmeraldas.gob.ec\/index.php\/2021\/09\/15\/prefectura-de-esmeraldas-cumple-con-el-asfaltado-de-una-nueva-via-en-san-lorenzo\/#primaryimage"},"image":{"@id":"https:\/\/prefecturadeesmeraldas.gob.ec\/index.php\/2021\/09\/15\/prefectura-de-esmeraldas-cumple-con-el-asfaltado-de-una-nueva-via-en-san-lorenzo\/#primaryimage"},"thumbnailUrl":"https:\/\/prefecturadeesmeraldas.gob.ec\/wp-content\/uploads\/2021\/09\/Imagen8.png","datePublished":"2021-09-15T15:21:09+00:00","dateModified":"2021-09-15T17:13:23+00:00","breadcrumb":{"@id":"https:\/\/prefecturadeesmeraldas.gob.ec\/index.php\/2021\/09\/15\/prefectura-de-esmeraldas-cumple-con-el-asfaltado-de-una-nueva-via-en-san-lorenzo\/#breadcrumb"},"inLanguage":"es","potentialAction":[{"@type":"ReadAction","target":["https:\/\/prefecturadeesmeraldas.gob.ec\/index.php\/2021\/09\/15\/prefectura-de-esmeraldas-cumple-con-el-asfaltado-de-una-nueva-via-en-san-lorenzo\/"]}]},{"@type":"ImageObject","inLanguage":"es","@id":"https:\/\/prefecturadeesmeraldas.gob.ec\/index.php\/2021\/09\/15\/prefectura-de-esmeraldas-cumple-con-el-asfaltado-de-una-nueva-via-en-san-lorenzo\/#primaryimage","url":"https:\/\/prefecturadeesmeraldas.gob.ec\/wp-content\/uploads\/2021\/09\/Imagen8.png","contentUrl":"https:\/\/prefecturadeesmeraldas.gob.ec\/wp-content\/uploads\/2021\/09\/Imagen8.png","width":985,"height":985},{"@type":"BreadcrumbList","@id":"https:\/\/prefecturadeesmeraldas.gob.ec\/index.php\/2021\/09\/15\/prefectura-de-esmeraldas-cumple-con-el-asfaltado-de-una-nueva-via-en-san-lorenzo\/#breadcrumb","itemListElement":[{"@type":"ListItem","position":1,"name":"Home","item":"https:\/\/prefecturadeesmeraldas.gob.ec\/"},{"@type":"ListItem","position":2,"name":"Prefectura de Esmeraldas cumple con el asfaltado de una nueva v\u00eda en San Lorenzo."}]},{"@type":"WebSite","@id":"https:\/\/prefecturadeesmeraldas.gob.ec\/#website","url":"https:\/\/prefecturadeesmeraldas.gob.ec\/","name":"Gobierno Aut\u00f3nomo Descentralizado de la Provincia de Esmeraldas","description":"Gobierno Aut\u00f3nomo Descentralizado de la Provincia de Esmeraldas","publisher":{"@id":"https:\/\/prefecturadeesmeraldas.gob.ec\/#organization"},"potentialAction":[{"@type":"SearchAction","target":{"@type":"EntryPoint","urlTemplate":"https:\/\/prefecturadeesmeraldas.gob.ec\/?s={search_term_string}"},"query-input":{"@type":"PropertyValueSpecification","valueRequired":true,"valueName":"search_term_string"}}],"inLanguage":"es"},{"@type":"Organization","@id":"https:\/\/prefecturadeesmeraldas.gob.ec\/#organization","name":"Gobierno Aut\u00f3nomo Descentralizado de la Provincia de Esmeraldas","url":"https:\/\/prefecturadeesmeraldas.gob.ec\/","logo":{"@type":"ImageObject","inLanguage":"es","@id":"https:\/\/prefecturadeesmeraldas.gob.ec\/#\/schema\/logo\/image\/","url":"https:\/\/prefecturadeesmeraldas.gob.ec\/wp-content\/uploads\/2019\/06\/logo.png","contentUrl":"https:\/\/prefecturadeesmeraldas.gob.ec\/wp-content\/uploads\/2019\/06\/logo.png","width":859,"height":448,"caption":"Gobierno Aut\u00f3nomo Descentralizado de la Provincia de Esmeraldas"},"image":{"@id":"https:\/\/prefecturadeesmeraldas.gob.ec\/#\/schema\/logo\/image\/"},"sameAs":["https:\/\/www.facebook.com\/PrefecturaEsmeraldas\/"]},{"@type":"Person","@id":"https:\/\/prefecturadeesmeraldas.gob.ec\/#\/schema\/person\/b0c9e7b1ead7725994d1e319e8825234","name":"Direcci\u00f3n de Comunicaci\u00f3n","image":{"@type":"ImageObject","inLanguage":"es","@id":"https:\/\/prefecturadeesmeraldas.gob.ec\/#\/schema\/person\/image\/","url":"https:\/\/secure.gravatar.com\/avatar\/74a3870a946f5d774ade3569af61a72308e07ad3346f370c4b468ee2a9858658?s=96&d=mm&r=g","contentUrl":"https:\/\/secure.gravatar.com\/avatar\/74a3870a946f5d774ade3569af61a72308e07ad3346f370c4b468ee2a9858658?s=96&d=mm&r=g","caption":"Direcci\u00f3n de Comunicaci\u00f3n"}}]}},"_links":{"self":[{"href":"https:\/\/prefecturadeesmeraldas.gob.ec\/index.php\/wp-json\/wp\/v2\/posts\/12669","targetHints":{"allow":["GET"]}}],"collection":[{"href":"https:\/\/prefecturadeesmeraldas.gob.ec\/index.php\/wp-json\/wp\/v2\/posts"}],"about":[{"href":"https:\/\/prefecturadeesmeraldas.gob.ec\/index.php\/wp-json\/wp\/v2\/types\/post"}],"author":[{"embeddable":true,"href":"https:\/\/prefecturadeesmeraldas.gob.ec\/index.php\/wp-json\/wp\/v2\/users\/2"}],"replies":[{"embeddable":true,"href":"https:\/\/prefecturadeesmeraldas.gob.ec\/index.php\/wp-json\/wp\/v2\/comments?post=12669"}],"version-history":[{"count":0,"href":"https:\/\/prefecturadeesmeraldas.gob.ec\/index.php\/wp-json\/wp\/v2\/posts\/12669\/revisions"}],"wp:featuredmedia":[{"embeddable":true,"href":"https:\/\/prefecturadeesmeraldas.gob.ec\/index.php\/wp-json\/wp\/v2\/media\/12670"}],"wp:attachment":[{"href":"https:\/\/prefecturadeesmeraldas.gob.ec\/index.php\/wp-json\/wp\/v2\/media?parent=12669"}],"wp:term":[{"taxonomy":"category","embeddable":true,"href":"https:\/\/prefecturadeesmeraldas.gob.ec\/index.php\/wp-json\/wp\/v2\/categories?post=12669"},{"taxonomy":"post_tag","embeddable":true,"href":"https:\/\/prefecturadeesmeraldas.gob.ec\/index.php\/wp-json\/wp\/v2\/tags?post=12669"}],"curies":[{"name":"wp","href":"https:\/\/api.w.org\/{rel}","templated":true}]}}