{"id":12481,"date":"2021-09-06T14:32:38","date_gmt":"2021-09-06T19:32:38","guid":{"rendered":"https:\/\/prefecturadeesmeraldas.gob.ec\/?p=12481"},"modified":"2021-09-06T14:33:15","modified_gmt":"2021-09-06T19:33:15","slug":"moradores-de-concepcion-reciben-atencion-en-salud-gracias-a-la-prefectura","status":"publish","type":"post","link":"https:\/\/prefecturadeesmeraldas.gob.ec\/index.php\/2021\/09\/06\/moradores-de-concepcion-reciben-atencion-en-salud-gracias-a-la-prefectura\/","title":{"rendered":"Moradores de concepci\u00f3n reciben atenci\u00f3n en salud gracias a la Prefectura."},"content":{"rendered":"\t\t<div data-elementor-type=\"wp-post\" data-elementor-id=\"12481\" class=\"elementor elementor-12481\">\n\t\t\t\t\t\t<section class=\"elementor-section elementor-top-section elementor-element elementor-element-c0b06c0 elementor-section-boxed elementor-section-height-default elementor-section-height-default\" data-id=\"c0b06c0\" data-element_type=\"section\">\n\t\t\t\t\t\t<div class=\"elementor-container elementor-column-gap-default\">\n\t\t\t\t\t<div class=\"elementor-column elementor-col-100 elementor-top-column elementor-element elementor-element-3603387\" data-id=\"3603387\" data-element_type=\"column\">\n\t\t\t<div class=\"elementor-widget-wrap elementor-element-populated\">\n\t\t\t\t\t\t<div class=\"elementor-element elementor-element-f0cc7e0 elementor-widget elementor-widget-image\" data-id=\"f0cc7e0\" data-element_type=\"widget\" data-widget_type=\"image.default\">\n\t\t\t\t<div class=\"elementor-widget-container\">\n\t\t\t\t\t\t\t\t\t\t\t\t\t\t\t<img fetchpriority=\"high\" decoding=\"async\" width=\"566\" height=\"425\" src=\"https:\/\/prefecturadeesmeraldas.gob.ec\/wp-content\/uploads\/2021\/09\/BOLETIN-0822.jpg\" class=\"attachment-large size-large wp-image-12438\" alt=\"\" srcset=\"https:\/\/prefecturadeesmeraldas.gob.ec\/wp-content\/uploads\/2021\/09\/BOLETIN-0822.jpg 566w, https:\/\/prefecturadeesmeraldas.gob.ec\/wp-content\/uploads\/2021\/09\/BOLETIN-0822-300x225.jpg 300w\" sizes=\"(max-width: 566px) 100vw, 566px\" \/>\t\t\t\t\t\t\t\t\t\t\t\t\t\t\t<\/div>\n\t\t\t\t<\/div>\n\t\t\t\t\t<\/div>\n\t\t<\/div>\n\t\t\t\t\t<\/div>\n\t\t<\/section>\n\t\t\t\t<section class=\"elementor-section elementor-top-section elementor-element elementor-element-a35b88f elementor-section-boxed elementor-section-height-default elementor-section-height-default\" data-id=\"a35b88f\" data-element_type=\"section\">\n\t\t\t\t\t\t<div class=\"elementor-container elementor-column-gap-default\">\n\t\t\t\t\t<div class=\"elementor-column elementor-col-100 elementor-top-column elementor-element elementor-element-1cea18b\" data-id=\"1cea18b\" data-element_type=\"column\">\n\t\t\t<div class=\"elementor-widget-wrap elementor-element-populated\">\n\t\t\t\t\t\t<div class=\"elementor-element elementor-element-b01dc52 elementor-widget elementor-widget-text-editor\" data-id=\"b01dc52\" data-element_type=\"widget\" data-widget_type=\"text-editor.default\">\n\t\t\t\t<div class=\"elementor-widget-container\">\n\t\t\t\t\t\t\t\t\t<p>En la parroquia Concepci\u00f3n del cant\u00f3n San Lorenzo, la Prefectura de Esmeraldas, a trav\u00e9s de UNAMYDESC, realiz\u00f3 una brigada m\u00e9dica de especialidades, donde adem\u00e1s se realiz\u00f3 la donaci\u00f3n de medicamentos.<\/p><p><\/p><p>En la Casa Comunal se ubicaron los consultorios de los especialistas en medicina general, pediatr\u00eda, odontolog\u00eda, neumolog\u00eda y ginecolog\u00eda; y de acuerdo con el diagn\u00f3stico m\u00e9dico, se entregaron gratuitamente los medicamentos a m\u00e1s de 250 personas de diversas edades, que asistieron a esta actividad de salud preventiva promocionada por la prefecta, Roberta Zambrano Ortiz.<\/p><p><\/p><p>Pablo Valencia, morador de Concepci\u00f3n, manifest\u00f3 que est\u00e1 contento con la asistencia m\u00e9dica que se entreg\u00f3 a la comunidad. Dijo sentirse agradecido con la prefecta, Roberta Zambrano, ya que no s\u00f3lo es con esta brigada, sino que tambi\u00e9n se ha trabajado con campa\u00f1as preventivas de Covid-19, de desparasitaci\u00f3n y la entrega de vitaminas.<\/p><p><\/p><p>Por su parte, Derkis Estupi\u00f1\u00e1n Angulo, presidente de la Junta Parroquial de Concepci\u00f3n, manifest\u00f3 que continuar\u00e1n trabajando con la prefecta Roberta Zambrano, coordinadamente, para poder beneficiar con las diferentes acciones, tanto con la obra de asfalto como con la salud, y la parte social a los san lorence\u00f1os.<\/p><p><\/p><p>Mientras tanto, el coordinador general de UNAMYDESC, Lino Espinoza Basurto, explic\u00f3 que durante en estos \u00faltimos meses del a\u00f1o 2021 se continuar\u00e1 trabajando cada semana con las brigadas m\u00e9dicas en las comunidades rurales marginales de nuestra provincia para entregar salud integral.<\/p>\t\t\t\t\t\t\t\t<\/div>\n\t\t\t\t<\/div>\n\t\t\t\t\t<\/div>\n\t\t<\/div>\n\t\t\t\t\t<\/div>\n\t\t<\/section>\n\t\t\t\t<\/div>\n\t\t","protected":false},"excerpt":{"rendered":"<p>En la parroquia Concepci\u00f3n del cant\u00f3n San Lorenzo, la Prefectura de Esmeraldas, a trav\u00e9s de UNAMYDESC, realiz\u00f3 una brigada m\u00e9dica de especialidades, donde adem\u00e1s se realiz\u00f3 la donaci\u00f3n de medicamentos. En la Casa Comunal se ubicaron los consultorios de los especialistas en medicina general, pediatr\u00eda, odontolog\u00eda, neumolog\u00eda y ginecolog\u00eda; y de acuerdo con el diagn\u00f3stico [&hellip;]<\/p>\n","protected":false},"author":2,"featured_media":12438,"comment_status":"closed","ping_status":"open","sticky":false,"template":"","format":"standard","meta":{"footnotes":""},"categories":[13],"tags":[],"class_list":["post-12481","post","type-post","status-publish","format-standard","has-post-thumbnail","hentry","category-patronato"],"yoast_head":"<!-- This site is optimized with the Yoast SEO plugin v25.7 - https:\/\/yoast.com\/wordpress\/plugins\/seo\/ -->\n<title>Moradores de concepci\u00f3n reciben atenci\u00f3n en salud gracias a la Prefectura. - Gobierno Aut\u00f3nomo Descentralizado de la Provincia de Esmeraldas<\/title>\n<meta name=\"robots\" content=\"index, follow, max-snippet:-1, max-image-preview:large, max-video-preview:-1\" \/>\n<link rel=\"canonical\" href=\"https:\/\/prefecturadeesmeraldas.gob.ec\/index.php\/2021\/09\/06\/moradores-de-concepcion-reciben-atencion-en-salud-gracias-a-la-prefectura\/\" \/>\n<meta property=\"og:locale\" content=\"es_ES\" \/>\n<meta property=\"og:type\" content=\"article\" \/>\n<meta property=\"og:title\" content=\"Moradores de concepci\u00f3n reciben atenci\u00f3n en salud gracias a la Prefectura. - Gobierno Aut\u00f3nomo Descentralizado de la Provincia de Esmeraldas\" \/>\n<meta property=\"og:description\" content=\"En la parroquia Concepci\u00f3n del cant\u00f3n San Lorenzo, la Prefectura de Esmeraldas, a trav\u00e9s de UNAMYDESC, realiz\u00f3 una brigada m\u00e9dica de especialidades, donde adem\u00e1s se realiz\u00f3 la donaci\u00f3n de medicamentos. En la Casa Comunal se ubicaron los consultorios de los especialistas en medicina general, pediatr\u00eda, odontolog\u00eda, neumolog\u00eda y ginecolog\u00eda; y de acuerdo con el diagn\u00f3stico [&hellip;]\" \/>\n<meta property=\"og:url\" content=\"https:\/\/prefecturadeesmeraldas.gob.ec\/index.php\/2021\/09\/06\/moradores-de-concepcion-reciben-atencion-en-salud-gracias-a-la-prefectura\/\" \/>\n<meta property=\"og:site_name\" content=\"Gobierno Aut\u00f3nomo Descentralizado de la Provincia de Esmeraldas\" \/>\n<meta property=\"article:publisher\" content=\"https:\/\/www.facebook.com\/PrefecturaEsmeraldas\/\" \/>\n<meta property=\"article:published_time\" content=\"2021-09-06T19:32:38+00:00\" \/>\n<meta property=\"article:modified_time\" content=\"2021-09-06T19:33:15+00:00\" \/>\n<meta property=\"og:image\" content=\"https:\/\/prefecturadeesmeraldas.gob.ec\/wp-content\/uploads\/2021\/09\/BOLETIN-0822.jpg\" \/>\n\t<meta property=\"og:image:width\" content=\"566\" \/>\n\t<meta property=\"og:image:height\" content=\"425\" \/>\n\t<meta property=\"og:image:type\" content=\"image\/jpeg\" \/>\n<meta name=\"author\" content=\"Direcci\u00f3n de Comunicaci\u00f3n\" \/>\n<meta name=\"twitter:card\" content=\"summary_large_image\" \/>\n<meta name=\"twitter:label1\" content=\"Escrito por\" \/>\n\t<meta name=\"twitter:data1\" content=\"Direcci\u00f3n de Comunicaci\u00f3n\" \/>\n\t<meta name=\"twitter:label2\" content=\"Tiempo de lectura\" \/>\n\t<meta name=\"twitter:data2\" content=\"1 minuto\" \/>\n<script type=\"application\/ld+json\" class=\"yoast-schema-graph\">{\"@context\":\"https:\/\/schema.org\",\"@graph\":[{\"@type\":\"Article\",\"@id\":\"https:\/\/prefecturadeesmeraldas.gob.ec\/index.php\/2021\/09\/06\/moradores-de-concepcion-reciben-atencion-en-salud-gracias-a-la-prefectura\/#article\",\"isPartOf\":{\"@id\":\"https:\/\/prefecturadeesmeraldas.gob.ec\/index.php\/2021\/09\/06\/moradores-de-concepcion-reciben-atencion-en-salud-gracias-a-la-prefectura\/\"},\"author\":{\"name\":\"Direcci\u00f3n de Comunicaci\u00f3n\",\"@id\":\"https:\/\/prefecturadeesmeraldas.gob.ec\/#\/schema\/person\/b0c9e7b1ead7725994d1e319e8825234\"},\"headline\":\"Moradores de concepci\u00f3n reciben atenci\u00f3n en salud gracias a la Prefectura.\",\"datePublished\":\"2021-09-06T19:32:38+00:00\",\"dateModified\":\"2021-09-06T19:33:15+00:00\",\"mainEntityOfPage\":{\"@id\":\"https:\/\/prefecturadeesmeraldas.gob.ec\/index.php\/2021\/09\/06\/moradores-de-concepcion-reciben-atencion-en-salud-gracias-a-la-prefectura\/\"},\"wordCount\":262,\"publisher\":{\"@id\":\"https:\/\/prefecturadeesmeraldas.gob.ec\/#organization\"},\"image\":{\"@id\":\"https:\/\/prefecturadeesmeraldas.gob.ec\/index.php\/2021\/09\/06\/moradores-de-concepcion-reciben-atencion-en-salud-gracias-a-la-prefectura\/#primaryimage\"},\"thumbnailUrl\":\"https:\/\/prefecturadeesmeraldas.gob.ec\/wp-content\/uploads\/2021\/09\/BOLETIN-0822.jpg\",\"articleSection\":[\"UNAMYDESC\"],\"inLanguage\":\"es\"},{\"@type\":\"WebPage\",\"@id\":\"https:\/\/prefecturadeesmeraldas.gob.ec\/index.php\/2021\/09\/06\/moradores-de-concepcion-reciben-atencion-en-salud-gracias-a-la-prefectura\/\",\"url\":\"https:\/\/prefecturadeesmeraldas.gob.ec\/index.php\/2021\/09\/06\/moradores-de-concepcion-reciben-atencion-en-salud-gracias-a-la-prefectura\/\",\"name\":\"Moradores de concepci\u00f3n reciben atenci\u00f3n en salud gracias a la Prefectura. - Gobierno Aut\u00f3nomo Descentralizado de la Provincia de Esmeraldas\",\"isPartOf\":{\"@id\":\"https:\/\/prefecturadeesmeraldas.gob.ec\/#website\"},\"primaryImageOfPage\":{\"@id\":\"https:\/\/prefecturadeesmeraldas.gob.ec\/index.php\/2021\/09\/06\/moradores-de-concepcion-reciben-atencion-en-salud-gracias-a-la-prefectura\/#primaryimage\"},\"image\":{\"@id\":\"https:\/\/prefecturadeesmeraldas.gob.ec\/index.php\/2021\/09\/06\/moradores-de-concepcion-reciben-atencion-en-salud-gracias-a-la-prefectura\/#primaryimage\"},\"thumbnailUrl\":\"https:\/\/prefecturadeesmeraldas.gob.ec\/wp-content\/uploads\/2021\/09\/BOLETIN-0822.jpg\",\"datePublished\":\"2021-09-06T19:32:38+00:00\",\"dateModified\":\"2021-09-06T19:33:15+00:00\",\"breadcrumb\":{\"@id\":\"https:\/\/prefecturadeesmeraldas.gob.ec\/index.php\/2021\/09\/06\/moradores-de-concepcion-reciben-atencion-en-salud-gracias-a-la-prefectura\/#breadcrumb\"},\"inLanguage\":\"es\",\"potentialAction\":[{\"@type\":\"ReadAction\",\"target\":[\"https:\/\/prefecturadeesmeraldas.gob.ec\/index.php\/2021\/09\/06\/moradores-de-concepcion-reciben-atencion-en-salud-gracias-a-la-prefectura\/\"]}]},{\"@type\":\"ImageObject\",\"inLanguage\":\"es\",\"@id\":\"https:\/\/prefecturadeesmeraldas.gob.ec\/index.php\/2021\/09\/06\/moradores-de-concepcion-reciben-atencion-en-salud-gracias-a-la-prefectura\/#primaryimage\",\"url\":\"https:\/\/prefecturadeesmeraldas.gob.ec\/wp-content\/uploads\/2021\/09\/BOLETIN-0822.jpg\",\"contentUrl\":\"https:\/\/prefecturadeesmeraldas.gob.ec\/wp-content\/uploads\/2021\/09\/BOLETIN-0822.jpg\",\"width\":566,\"height\":425},{\"@type\":\"BreadcrumbList\",\"@id\":\"https:\/\/prefecturadeesmeraldas.gob.ec\/index.php\/2021\/09\/06\/moradores-de-concepcion-reciben-atencion-en-salud-gracias-a-la-prefectura\/#breadcrumb\",\"itemListElement\":[{\"@type\":\"ListItem\",\"position\":1,\"name\":\"Home\",\"item\":\"https:\/\/prefecturadeesmeraldas.gob.ec\/\"},{\"@type\":\"ListItem\",\"position\":2,\"name\":\"Moradores de concepci\u00f3n reciben atenci\u00f3n en salud gracias a la Prefectura.\"}]},{\"@type\":\"WebSite\",\"@id\":\"https:\/\/prefecturadeesmeraldas.gob.ec\/#website\",\"url\":\"https:\/\/prefecturadeesmeraldas.gob.ec\/\",\"name\":\"Gobierno Aut\u00f3nomo Descentralizado de la Provincia de Esmeraldas\",\"description\":\"Gobierno Aut\u00f3nomo Descentralizado de la Provincia de Esmeraldas\",\"publisher\":{\"@id\":\"https:\/\/prefecturadeesmeraldas.gob.ec\/#organization\"},\"potentialAction\":[{\"@type\":\"SearchAction\",\"target\":{\"@type\":\"EntryPoint\",\"urlTemplate\":\"https:\/\/prefecturadeesmeraldas.gob.ec\/?s={search_term_string}\"},\"query-input\":{\"@type\":\"PropertyValueSpecification\",\"valueRequired\":true,\"valueName\":\"search_term_string\"}}],\"inLanguage\":\"es\"},{\"@type\":\"Organization\",\"@id\":\"https:\/\/prefecturadeesmeraldas.gob.ec\/#organization\",\"name\":\"Gobierno Aut\u00f3nomo Descentralizado de la Provincia de Esmeraldas\",\"url\":\"https:\/\/prefecturadeesmeraldas.gob.ec\/\",\"logo\":{\"@type\":\"ImageObject\",\"inLanguage\":\"es\",\"@id\":\"https:\/\/prefecturadeesmeraldas.gob.ec\/#\/schema\/logo\/image\/\",\"url\":\"https:\/\/prefecturadeesmeraldas.gob.ec\/wp-content\/uploads\/2019\/06\/logo.png\",\"contentUrl\":\"https:\/\/prefecturadeesmeraldas.gob.ec\/wp-content\/uploads\/2019\/06\/logo.png\",\"width\":859,\"height\":448,\"caption\":\"Gobierno Aut\u00f3nomo Descentralizado de la Provincia de Esmeraldas\"},\"image\":{\"@id\":\"https:\/\/prefecturadeesmeraldas.gob.ec\/#\/schema\/logo\/image\/\"},\"sameAs\":[\"https:\/\/www.facebook.com\/PrefecturaEsmeraldas\/\"]},{\"@type\":\"Person\",\"@id\":\"https:\/\/prefecturadeesmeraldas.gob.ec\/#\/schema\/person\/b0c9e7b1ead7725994d1e319e8825234\",\"name\":\"Direcci\u00f3n de Comunicaci\u00f3n\",\"image\":{\"@type\":\"ImageObject\",\"inLanguage\":\"es\",\"@id\":\"https:\/\/prefecturadeesmeraldas.gob.ec\/#\/schema\/person\/image\/\",\"url\":\"https:\/\/secure.gravatar.com\/avatar\/74a3870a946f5d774ade3569af61a72308e07ad3346f370c4b468ee2a9858658?s=96&d=mm&r=g\",\"contentUrl\":\"https:\/\/secure.gravatar.com\/avatar\/74a3870a946f5d774ade3569af61a72308e07ad3346f370c4b468ee2a9858658?s=96&d=mm&r=g\",\"caption\":\"Direcci\u00f3n de Comunicaci\u00f3n\"}}]}<\/script>\n<!-- \/ Yoast SEO plugin. -->","yoast_head_json":{"title":"Moradores de concepci\u00f3n reciben atenci\u00f3n en salud gracias a la Prefectura. - Gobierno Aut\u00f3nomo Descentralizado de la Provincia de Esmeraldas","robots":{"index":"index","follow":"follow","max-snippet":"max-snippet:-1","max-image-preview":"max-image-preview:large","max-video-preview":"max-video-preview:-1"},"canonical":"https:\/\/prefecturadeesmeraldas.gob.ec\/index.php\/2021\/09\/06\/moradores-de-concepcion-reciben-atencion-en-salud-gracias-a-la-prefectura\/","og_locale":"es_ES","og_type":"article","og_title":"Moradores de concepci\u00f3n reciben atenci\u00f3n en salud gracias a la Prefectura. - Gobierno Aut\u00f3nomo Descentralizado de la Provincia de Esmeraldas","og_description":"En la parroquia Concepci\u00f3n del cant\u00f3n San Lorenzo, la Prefectura de Esmeraldas, a trav\u00e9s de UNAMYDESC, realiz\u00f3 una brigada m\u00e9dica de especialidades, donde adem\u00e1s se realiz\u00f3 la donaci\u00f3n de medicamentos. En la Casa Comunal se ubicaron los consultorios de los especialistas en medicina general, pediatr\u00eda, odontolog\u00eda, neumolog\u00eda y ginecolog\u00eda; y de acuerdo con el diagn\u00f3stico [&hellip;]","og_url":"https:\/\/prefecturadeesmeraldas.gob.ec\/index.php\/2021\/09\/06\/moradores-de-concepcion-reciben-atencion-en-salud-gracias-a-la-prefectura\/","og_site_name":"Gobierno Aut\u00f3nomo Descentralizado de la Provincia de Esmeraldas","article_publisher":"https:\/\/www.facebook.com\/PrefecturaEsmeraldas\/","article_published_time":"2021-09-06T19:32:38+00:00","article_modified_time":"2021-09-06T19:33:15+00:00","og_image":[{"width":566,"height":425,"url":"https:\/\/prefecturadeesmeraldas.gob.ec\/wp-content\/uploads\/2021\/09\/BOLETIN-0822.jpg","type":"image\/jpeg"}],"author":"Direcci\u00f3n de Comunicaci\u00f3n","twitter_card":"summary_large_image","twitter_misc":{"Escrito por":"Direcci\u00f3n de Comunicaci\u00f3n","Tiempo de lectura":"1 minuto"},"schema":{"@context":"https:\/\/schema.org","@graph":[{"@type":"Article","@id":"https:\/\/prefecturadeesmeraldas.gob.ec\/index.php\/2021\/09\/06\/moradores-de-concepcion-reciben-atencion-en-salud-gracias-a-la-prefectura\/#article","isPartOf":{"@id":"https:\/\/prefecturadeesmeraldas.gob.ec\/index.php\/2021\/09\/06\/moradores-de-concepcion-reciben-atencion-en-salud-gracias-a-la-prefectura\/"},"author":{"name":"Direcci\u00f3n de Comunicaci\u00f3n","@id":"https:\/\/prefecturadeesmeraldas.gob.ec\/#\/schema\/person\/b0c9e7b1ead7725994d1e319e8825234"},"headline":"Moradores de concepci\u00f3n reciben atenci\u00f3n en salud gracias a la Prefectura.","datePublished":"2021-09-06T19:32:38+00:00","dateModified":"2021-09-06T19:33:15+00:00","mainEntityOfPage":{"@id":"https:\/\/prefecturadeesmeraldas.gob.ec\/index.php\/2021\/09\/06\/moradores-de-concepcion-reciben-atencion-en-salud-gracias-a-la-prefectura\/"},"wordCount":262,"publisher":{"@id":"https:\/\/prefecturadeesmeraldas.gob.ec\/#organization"},"image":{"@id":"https:\/\/prefecturadeesmeraldas.gob.ec\/index.php\/2021\/09\/06\/moradores-de-concepcion-reciben-atencion-en-salud-gracias-a-la-prefectura\/#primaryimage"},"thumbnailUrl":"https:\/\/prefecturadeesmeraldas.gob.ec\/wp-content\/uploads\/2021\/09\/BOLETIN-0822.jpg","articleSection":["UNAMYDESC"],"inLanguage":"es"},{"@type":"WebPage","@id":"https:\/\/prefecturadeesmeraldas.gob.ec\/index.php\/2021\/09\/06\/moradores-de-concepcion-reciben-atencion-en-salud-gracias-a-la-prefectura\/","url":"https:\/\/prefecturadeesmeraldas.gob.ec\/index.php\/2021\/09\/06\/moradores-de-concepcion-reciben-atencion-en-salud-gracias-a-la-prefectura\/","name":"Moradores de concepci\u00f3n reciben atenci\u00f3n en salud gracias a la Prefectura. - Gobierno Aut\u00f3nomo Descentralizado de la Provincia de Esmeraldas","isPartOf":{"@id":"https:\/\/prefecturadeesmeraldas.gob.ec\/#website"},"primaryImageOfPage":{"@id":"https:\/\/prefecturadeesmeraldas.gob.ec\/index.php\/2021\/09\/06\/moradores-de-concepcion-reciben-atencion-en-salud-gracias-a-la-prefectura\/#primaryimage"},"image":{"@id":"https:\/\/prefecturadeesmeraldas.gob.ec\/index.php\/2021\/09\/06\/moradores-de-concepcion-reciben-atencion-en-salud-gracias-a-la-prefectura\/#primaryimage"},"thumbnailUrl":"https:\/\/prefecturadeesmeraldas.gob.ec\/wp-content\/uploads\/2021\/09\/BOLETIN-0822.jpg","datePublished":"2021-09-06T19:32:38+00:00","dateModified":"2021-09-06T19:33:15+00:00","breadcrumb":{"@id":"https:\/\/prefecturadeesmeraldas.gob.ec\/index.php\/2021\/09\/06\/moradores-de-concepcion-reciben-atencion-en-salud-gracias-a-la-prefectura\/#breadcrumb"},"inLanguage":"es","potentialAction":[{"@type":"ReadAction","target":["https:\/\/prefecturadeesmeraldas.gob.ec\/index.php\/2021\/09\/06\/moradores-de-concepcion-reciben-atencion-en-salud-gracias-a-la-prefectura\/"]}]},{"@type":"ImageObject","inLanguage":"es","@id":"https:\/\/prefecturadeesmeraldas.gob.ec\/index.php\/2021\/09\/06\/moradores-de-concepcion-reciben-atencion-en-salud-gracias-a-la-prefectura\/#primaryimage","url":"https:\/\/prefecturadeesmeraldas.gob.ec\/wp-content\/uploads\/2021\/09\/BOLETIN-0822.jpg","contentUrl":"https:\/\/prefecturadeesmeraldas.gob.ec\/wp-content\/uploads\/2021\/09\/BOLETIN-0822.jpg","width":566,"height":425},{"@type":"BreadcrumbList","@id":"https:\/\/prefecturadeesmeraldas.gob.ec\/index.php\/2021\/09\/06\/moradores-de-concepcion-reciben-atencion-en-salud-gracias-a-la-prefectura\/#breadcrumb","itemListElement":[{"@type":"ListItem","position":1,"name":"Home","item":"https:\/\/prefecturadeesmeraldas.gob.ec\/"},{"@type":"ListItem","position":2,"name":"Moradores de concepci\u00f3n reciben atenci\u00f3n en salud gracias a la Prefectura."}]},{"@type":"WebSite","@id":"https:\/\/prefecturadeesmeraldas.gob.ec\/#website","url":"https:\/\/prefecturadeesmeraldas.gob.ec\/","name":"Gobierno Aut\u00f3nomo Descentralizado de la Provincia de Esmeraldas","description":"Gobierno Aut\u00f3nomo Descentralizado de la Provincia de Esmeraldas","publisher":{"@id":"https:\/\/prefecturadeesmeraldas.gob.ec\/#organization"},"potentialAction":[{"@type":"SearchAction","target":{"@type":"EntryPoint","urlTemplate":"https:\/\/prefecturadeesmeraldas.gob.ec\/?s={search_term_string}"},"query-input":{"@type":"PropertyValueSpecification","valueRequired":true,"valueName":"search_term_string"}}],"inLanguage":"es"},{"@type":"Organization","@id":"https:\/\/prefecturadeesmeraldas.gob.ec\/#organization","name":"Gobierno Aut\u00f3nomo Descentralizado de la Provincia de Esmeraldas","url":"https:\/\/prefecturadeesmeraldas.gob.ec\/","logo":{"@type":"ImageObject","inLanguage":"es","@id":"https:\/\/prefecturadeesmeraldas.gob.ec\/#\/schema\/logo\/image\/","url":"https:\/\/prefecturadeesmeraldas.gob.ec\/wp-content\/uploads\/2019\/06\/logo.png","contentUrl":"https:\/\/prefecturadeesmeraldas.gob.ec\/wp-content\/uploads\/2019\/06\/logo.png","width":859,"height":448,"caption":"Gobierno Aut\u00f3nomo Descentralizado de la Provincia de Esmeraldas"},"image":{"@id":"https:\/\/prefecturadeesmeraldas.gob.ec\/#\/schema\/logo\/image\/"},"sameAs":["https:\/\/www.facebook.com\/PrefecturaEsmeraldas\/"]},{"@type":"Person","@id":"https:\/\/prefecturadeesmeraldas.gob.ec\/#\/schema\/person\/b0c9e7b1ead7725994d1e319e8825234","name":"Direcci\u00f3n de Comunicaci\u00f3n","image":{"@type":"ImageObject","inLanguage":"es","@id":"https:\/\/prefecturadeesmeraldas.gob.ec\/#\/schema\/person\/image\/","url":"https:\/\/secure.gravatar.com\/avatar\/74a3870a946f5d774ade3569af61a72308e07ad3346f370c4b468ee2a9858658?s=96&d=mm&r=g","contentUrl":"https:\/\/secure.gravatar.com\/avatar\/74a3870a946f5d774ade3569af61a72308e07ad3346f370c4b468ee2a9858658?s=96&d=mm&r=g","caption":"Direcci\u00f3n de Comunicaci\u00f3n"}}]}},"_links":{"self":[{"href":"https:\/\/prefecturadeesmeraldas.gob.ec\/index.php\/wp-json\/wp\/v2\/posts\/12481","targetHints":{"allow":["GET"]}}],"collection":[{"href":"https:\/\/prefecturadeesmeraldas.gob.ec\/index.php\/wp-json\/wp\/v2\/posts"}],"about":[{"href":"https:\/\/prefecturadeesmeraldas.gob.ec\/index.php\/wp-json\/wp\/v2\/types\/post"}],"author":[{"embeddable":true,"href":"https:\/\/prefecturadeesmeraldas.gob.ec\/index.php\/wp-json\/wp\/v2\/users\/2"}],"replies":[{"embeddable":true,"href":"https:\/\/prefecturadeesmeraldas.gob.ec\/index.php\/wp-json\/wp\/v2\/comments?post=12481"}],"version-history":[{"count":0,"href":"https:\/\/prefecturadeesmeraldas.gob.ec\/index.php\/wp-json\/wp\/v2\/posts\/12481\/revisions"}],"wp:featuredmedia":[{"embeddable":true,"href":"https:\/\/prefecturadeesmeraldas.gob.ec\/index.php\/wp-json\/wp\/v2\/media\/12438"}],"wp:attachment":[{"href":"https:\/\/prefecturadeesmeraldas.gob.ec\/index.php\/wp-json\/wp\/v2\/media?parent=12481"}],"wp:term":[{"taxonomy":"category","embeddable":true,"href":"https:\/\/prefecturadeesmeraldas.gob.ec\/index.php\/wp-json\/wp\/v2\/categories?post=12481"},{"taxonomy":"post_tag","embeddable":true,"href":"https:\/\/prefecturadeesmeraldas.gob.ec\/index.php\/wp-json\/wp\/v2\/tags?post=12481"}],"curies":[{"name":"wp","href":"https:\/\/api.w.org\/{rel}","templated":true}]}}