{"id":12434,"date":"2021-09-01T15:43:57","date_gmt":"2021-09-01T20:43:57","guid":{"rendered":"https:\/\/prefecturadeesmeraldas.gob.ec\/?p=12434"},"modified":"2021-09-01T15:44:26","modified_gmt":"2021-09-01T20:44:26","slug":"a-traves-de-los-acus-prefectura-de-esmeraldas-aporta-al-turismo-sustentable","status":"publish","type":"post","link":"https:\/\/prefecturadeesmeraldas.gob.ec\/index.php\/2021\/09\/01\/a-traves-de-los-acus-prefectura-de-esmeraldas-aporta-al-turismo-sustentable\/","title":{"rendered":"A trav\u00e9s de los ACUS, Prefectura de Esmeraldas aporta al turismo sustentable."},"content":{"rendered":"\t\t<div data-elementor-type=\"wp-post\" data-elementor-id=\"12434\" class=\"elementor elementor-12434\">\n\t\t\t\t\t\t<section class=\"elementor-section elementor-top-section elementor-element elementor-element-55b0498 elementor-section-boxed elementor-section-height-default elementor-section-height-default\" data-id=\"55b0498\" data-element_type=\"section\">\n\t\t\t\t\t\t<div class=\"elementor-container elementor-column-gap-default\">\n\t\t\t\t\t<div class=\"elementor-column elementor-col-100 elementor-top-column elementor-element elementor-element-dcb1a7a\" data-id=\"dcb1a7a\" data-element_type=\"column\">\n\t\t\t<div class=\"elementor-widget-wrap elementor-element-populated\">\n\t\t\t\t\t\t<div class=\"elementor-element elementor-element-a0a3ac5 elementor-widget elementor-widget-image\" data-id=\"a0a3ac5\" data-element_type=\"widget\" data-widget_type=\"image.default\">\n\t\t\t\t<div class=\"elementor-widget-container\">\n\t\t\t\t\t\t\t\t\t\t\t\t\t\t\t<img fetchpriority=\"high\" decoding=\"async\" width=\"1024\" height=\"1024\" src=\"https:\/\/prefecturadeesmeraldas.gob.ec\/wp-content\/uploads\/2021\/09\/WhatsApp-Image-2021-08-26-at-08.55.34-1.jpeg\" class=\"attachment-large size-large wp-image-12435\" alt=\"\" srcset=\"https:\/\/prefecturadeesmeraldas.gob.ec\/wp-content\/uploads\/2021\/09\/WhatsApp-Image-2021-08-26-at-08.55.34-1.jpeg 1024w, https:\/\/prefecturadeesmeraldas.gob.ec\/wp-content\/uploads\/2021\/09\/WhatsApp-Image-2021-08-26-at-08.55.34-1-240x240.jpeg 240w, https:\/\/prefecturadeesmeraldas.gob.ec\/wp-content\/uploads\/2021\/09\/WhatsApp-Image-2021-08-26-at-08.55.34-1-150x150.jpeg 150w, https:\/\/prefecturadeesmeraldas.gob.ec\/wp-content\/uploads\/2021\/09\/WhatsApp-Image-2021-08-26-at-08.55.34-1-300x300.jpeg 300w, https:\/\/prefecturadeesmeraldas.gob.ec\/wp-content\/uploads\/2021\/09\/WhatsApp-Image-2021-08-26-at-08.55.34-1-768x768.jpeg 768w\" sizes=\"(max-width: 1024px) 100vw, 1024px\" \/>\t\t\t\t\t\t\t\t\t\t\t\t\t\t\t<\/div>\n\t\t\t\t<\/div>\n\t\t\t\t\t<\/div>\n\t\t<\/div>\n\t\t\t\t\t<\/div>\n\t\t<\/section>\n\t\t\t\t<section class=\"elementor-section elementor-top-section elementor-element elementor-element-babc9c8 elementor-section-boxed elementor-section-height-default elementor-section-height-default\" data-id=\"babc9c8\" data-element_type=\"section\">\n\t\t\t\t\t\t<div class=\"elementor-container elementor-column-gap-default\">\n\t\t\t\t\t<div class=\"elementor-column elementor-col-100 elementor-top-column elementor-element elementor-element-e250bbb\" data-id=\"e250bbb\" data-element_type=\"column\">\n\t\t\t<div class=\"elementor-widget-wrap elementor-element-populated\">\n\t\t\t\t\t\t<div class=\"elementor-element elementor-element-e1c8f58 elementor-widget elementor-widget-text-editor\" data-id=\"e1c8f58\" data-element_type=\"widget\" data-widget_type=\"text-editor.default\">\n\t\t\t\t<div class=\"elementor-widget-container\">\n\t\t\t\t\t\t\t\t\t<p>En la comunidad Chapil, situada en la parroquia Tonsupa del cant\u00f3n Atacames, se encuentra la Finca Integral Jehov\u00e1 Shalom. Posee un gran ecosistema, haciendo de este sitio un importante escenario diverso de flora y fauna.<\/p><p><\/p><p>Este sitio se encuentra en proceso de declaraci\u00f3n como \u00c1rea de Conservaci\u00f3n y Uso Sustentable (ACUS), gracias a la iniciativa de la Direcci\u00f3n de <strong>Gesti\u00f3n Ambiental<\/strong> de la Prefectura de Esmeraldas.<\/p><p><\/p><p>Margoth Proa\u00f1o, propietaria de la Finca Integral Jehov\u00e1 Shalom, agradeci\u00f3 a la prefecta Roberta Zambrano por impulsar el fortalecimiento de \u00e1reas protegidas, a la vez manifest\u00f3 que, en esta zona ecol\u00f3gica, se realiza turismo y pr\u00e1ctica de conservaci\u00f3n del ecosistema, respetando y manteniendo los recursos naturales intactos.<\/p><p><\/p><p>Jarer Ben\u00edtez, coordinador de la Direcci\u00f3n de Gesti\u00f3n Ambiental, argument\u00f3 que la Prefectura de Esmeraldas est\u00e1 en proceso de declarar esta zona como ACUS, convirtiendola en la quinta Are\u00e1 de Conservaci\u00f3n y Uso Sustentable, manifestando que la instituci\u00f3n d\u00eda a d\u00eda se esfuerza en seguir cuidando y protegiendo la flora y fauna de la provincia.<\/p>\t\t\t\t\t\t\t\t<\/div>\n\t\t\t\t<\/div>\n\t\t\t\t\t<\/div>\n\t\t<\/div>\n\t\t\t\t\t<\/div>\n\t\t<\/section>\n\t\t\t\t<\/div>\n\t\t","protected":false},"excerpt":{"rendered":"<p>En la comunidad Chapil, situada en la parroquia Tonsupa del cant\u00f3n Atacames, se encuentra la Finca Integral Jehov\u00e1 Shalom. Posee un gran ecosistema, haciendo de este sitio un importante escenario diverso de flora y fauna. Este sitio se encuentra en proceso de declaraci\u00f3n como \u00c1rea de Conservaci\u00f3n y Uso Sustentable (ACUS), gracias a la iniciativa [&hellip;]<\/p>\n","protected":false},"author":2,"featured_media":12435,"comment_status":"closed","ping_status":"open","sticky":false,"template":"","format":"standard","meta":{"footnotes":""},"categories":[16,18],"tags":[],"class_list":["post-12434","post","type-post","status-publish","format-standard","has-post-thumbnail","hentry","category-ambiental","category-turismo"],"yoast_head":"<!-- This site is optimized with the Yoast SEO plugin v25.7 - https:\/\/yoast.com\/wordpress\/plugins\/seo\/ -->\n<title>A trav\u00e9s de los ACUS, Prefectura de Esmeraldas aporta al turismo sustentable. - Gobierno Aut\u00f3nomo Descentralizado de la Provincia de Esmeraldas<\/title>\n<meta name=\"robots\" content=\"index, follow, max-snippet:-1, max-image-preview:large, max-video-preview:-1\" \/>\n<link rel=\"canonical\" href=\"https:\/\/prefecturadeesmeraldas.gob.ec\/index.php\/2021\/09\/01\/a-traves-de-los-acus-prefectura-de-esmeraldas-aporta-al-turismo-sustentable\/\" \/>\n<meta property=\"og:locale\" content=\"es_ES\" \/>\n<meta property=\"og:type\" content=\"article\" \/>\n<meta property=\"og:title\" content=\"A trav\u00e9s de los ACUS, Prefectura de Esmeraldas aporta al turismo sustentable. - Gobierno Aut\u00f3nomo Descentralizado de la Provincia de Esmeraldas\" \/>\n<meta property=\"og:description\" content=\"En la comunidad Chapil, situada en la parroquia Tonsupa del cant\u00f3n Atacames, se encuentra la Finca Integral Jehov\u00e1 Shalom. Posee un gran ecosistema, haciendo de este sitio un importante escenario diverso de flora y fauna. Este sitio se encuentra en proceso de declaraci\u00f3n como \u00c1rea de Conservaci\u00f3n y Uso Sustentable (ACUS), gracias a la iniciativa [&hellip;]\" \/>\n<meta property=\"og:url\" content=\"https:\/\/prefecturadeesmeraldas.gob.ec\/index.php\/2021\/09\/01\/a-traves-de-los-acus-prefectura-de-esmeraldas-aporta-al-turismo-sustentable\/\" \/>\n<meta property=\"og:site_name\" content=\"Gobierno Aut\u00f3nomo Descentralizado de la Provincia de Esmeraldas\" \/>\n<meta property=\"article:publisher\" content=\"https:\/\/www.facebook.com\/PrefecturaEsmeraldas\/\" \/>\n<meta property=\"article:published_time\" content=\"2021-09-01T20:43:57+00:00\" \/>\n<meta property=\"article:modified_time\" content=\"2021-09-01T20:44:26+00:00\" \/>\n<meta property=\"og:image\" content=\"https:\/\/prefecturadeesmeraldas.gob.ec\/wp-content\/uploads\/2021\/09\/WhatsApp-Image-2021-08-26-at-08.55.34-1.jpeg\" \/>\n\t<meta property=\"og:image:width\" content=\"1024\" \/>\n\t<meta property=\"og:image:height\" content=\"1024\" \/>\n\t<meta property=\"og:image:type\" content=\"image\/jpeg\" \/>\n<meta name=\"author\" content=\"Direcci\u00f3n de Comunicaci\u00f3n\" \/>\n<meta name=\"twitter:card\" content=\"summary_large_image\" \/>\n<meta name=\"twitter:label1\" content=\"Escrito por\" \/>\n\t<meta name=\"twitter:data1\" content=\"Direcci\u00f3n de Comunicaci\u00f3n\" \/>\n\t<meta name=\"twitter:label2\" content=\"Tiempo de lectura\" \/>\n\t<meta name=\"twitter:data2\" content=\"1 minuto\" \/>\n<script type=\"application\/ld+json\" class=\"yoast-schema-graph\">{\"@context\":\"https:\/\/schema.org\",\"@graph\":[{\"@type\":\"Article\",\"@id\":\"https:\/\/prefecturadeesmeraldas.gob.ec\/index.php\/2021\/09\/01\/a-traves-de-los-acus-prefectura-de-esmeraldas-aporta-al-turismo-sustentable\/#article\",\"isPartOf\":{\"@id\":\"https:\/\/prefecturadeesmeraldas.gob.ec\/index.php\/2021\/09\/01\/a-traves-de-los-acus-prefectura-de-esmeraldas-aporta-al-turismo-sustentable\/\"},\"author\":{\"name\":\"Direcci\u00f3n de Comunicaci\u00f3n\",\"@id\":\"https:\/\/prefecturadeesmeraldas.gob.ec\/#\/schema\/person\/b0c9e7b1ead7725994d1e319e8825234\"},\"headline\":\"A trav\u00e9s de los ACUS, Prefectura de Esmeraldas aporta al turismo sustentable.\",\"datePublished\":\"2021-09-01T20:43:57+00:00\",\"dateModified\":\"2021-09-01T20:44:26+00:00\",\"mainEntityOfPage\":{\"@id\":\"https:\/\/prefecturadeesmeraldas.gob.ec\/index.php\/2021\/09\/01\/a-traves-de-los-acus-prefectura-de-esmeraldas-aporta-al-turismo-sustentable\/\"},\"wordCount\":197,\"publisher\":{\"@id\":\"https:\/\/prefecturadeesmeraldas.gob.ec\/#organization\"},\"image\":{\"@id\":\"https:\/\/prefecturadeesmeraldas.gob.ec\/index.php\/2021\/09\/01\/a-traves-de-los-acus-prefectura-de-esmeraldas-aporta-al-turismo-sustentable\/#primaryimage\"},\"thumbnailUrl\":\"https:\/\/prefecturadeesmeraldas.gob.ec\/wp-content\/uploads\/2021\/09\/WhatsApp-Image-2021-08-26-at-08.55.34-1.jpeg\",\"articleSection\":[\"Ambiental\",\"Turismo\"],\"inLanguage\":\"es\"},{\"@type\":\"WebPage\",\"@id\":\"https:\/\/prefecturadeesmeraldas.gob.ec\/index.php\/2021\/09\/01\/a-traves-de-los-acus-prefectura-de-esmeraldas-aporta-al-turismo-sustentable\/\",\"url\":\"https:\/\/prefecturadeesmeraldas.gob.ec\/index.php\/2021\/09\/01\/a-traves-de-los-acus-prefectura-de-esmeraldas-aporta-al-turismo-sustentable\/\",\"name\":\"A trav\u00e9s de los ACUS, Prefectura de Esmeraldas aporta al turismo sustentable. - Gobierno Aut\u00f3nomo Descentralizado de la Provincia de Esmeraldas\",\"isPartOf\":{\"@id\":\"https:\/\/prefecturadeesmeraldas.gob.ec\/#website\"},\"primaryImageOfPage\":{\"@id\":\"https:\/\/prefecturadeesmeraldas.gob.ec\/index.php\/2021\/09\/01\/a-traves-de-los-acus-prefectura-de-esmeraldas-aporta-al-turismo-sustentable\/#primaryimage\"},\"image\":{\"@id\":\"https:\/\/prefecturadeesmeraldas.gob.ec\/index.php\/2021\/09\/01\/a-traves-de-los-acus-prefectura-de-esmeraldas-aporta-al-turismo-sustentable\/#primaryimage\"},\"thumbnailUrl\":\"https:\/\/prefecturadeesmeraldas.gob.ec\/wp-content\/uploads\/2021\/09\/WhatsApp-Image-2021-08-26-at-08.55.34-1.jpeg\",\"datePublished\":\"2021-09-01T20:43:57+00:00\",\"dateModified\":\"2021-09-01T20:44:26+00:00\",\"breadcrumb\":{\"@id\":\"https:\/\/prefecturadeesmeraldas.gob.ec\/index.php\/2021\/09\/01\/a-traves-de-los-acus-prefectura-de-esmeraldas-aporta-al-turismo-sustentable\/#breadcrumb\"},\"inLanguage\":\"es\",\"potentialAction\":[{\"@type\":\"ReadAction\",\"target\":[\"https:\/\/prefecturadeesmeraldas.gob.ec\/index.php\/2021\/09\/01\/a-traves-de-los-acus-prefectura-de-esmeraldas-aporta-al-turismo-sustentable\/\"]}]},{\"@type\":\"ImageObject\",\"inLanguage\":\"es\",\"@id\":\"https:\/\/prefecturadeesmeraldas.gob.ec\/index.php\/2021\/09\/01\/a-traves-de-los-acus-prefectura-de-esmeraldas-aporta-al-turismo-sustentable\/#primaryimage\",\"url\":\"https:\/\/prefecturadeesmeraldas.gob.ec\/wp-content\/uploads\/2021\/09\/WhatsApp-Image-2021-08-26-at-08.55.34-1.jpeg\",\"contentUrl\":\"https:\/\/prefecturadeesmeraldas.gob.ec\/wp-content\/uploads\/2021\/09\/WhatsApp-Image-2021-08-26-at-08.55.34-1.jpeg\",\"width\":1024,\"height\":1024},{\"@type\":\"BreadcrumbList\",\"@id\":\"https:\/\/prefecturadeesmeraldas.gob.ec\/index.php\/2021\/09\/01\/a-traves-de-los-acus-prefectura-de-esmeraldas-aporta-al-turismo-sustentable\/#breadcrumb\",\"itemListElement\":[{\"@type\":\"ListItem\",\"position\":1,\"name\":\"Home\",\"item\":\"https:\/\/prefecturadeesmeraldas.gob.ec\/\"},{\"@type\":\"ListItem\",\"position\":2,\"name\":\"A trav\u00e9s de los ACUS, Prefectura de Esmeraldas aporta al turismo sustentable.\"}]},{\"@type\":\"WebSite\",\"@id\":\"https:\/\/prefecturadeesmeraldas.gob.ec\/#website\",\"url\":\"https:\/\/prefecturadeesmeraldas.gob.ec\/\",\"name\":\"Gobierno Aut\u00f3nomo Descentralizado de la Provincia de Esmeraldas\",\"description\":\"Gobierno Aut\u00f3nomo Descentralizado de la Provincia de Esmeraldas\",\"publisher\":{\"@id\":\"https:\/\/prefecturadeesmeraldas.gob.ec\/#organization\"},\"potentialAction\":[{\"@type\":\"SearchAction\",\"target\":{\"@type\":\"EntryPoint\",\"urlTemplate\":\"https:\/\/prefecturadeesmeraldas.gob.ec\/?s={search_term_string}\"},\"query-input\":{\"@type\":\"PropertyValueSpecification\",\"valueRequired\":true,\"valueName\":\"search_term_string\"}}],\"inLanguage\":\"es\"},{\"@type\":\"Organization\",\"@id\":\"https:\/\/prefecturadeesmeraldas.gob.ec\/#organization\",\"name\":\"Gobierno Aut\u00f3nomo Descentralizado de la Provincia de Esmeraldas\",\"url\":\"https:\/\/prefecturadeesmeraldas.gob.ec\/\",\"logo\":{\"@type\":\"ImageObject\",\"inLanguage\":\"es\",\"@id\":\"https:\/\/prefecturadeesmeraldas.gob.ec\/#\/schema\/logo\/image\/\",\"url\":\"https:\/\/prefecturadeesmeraldas.gob.ec\/wp-content\/uploads\/2019\/06\/logo.png\",\"contentUrl\":\"https:\/\/prefecturadeesmeraldas.gob.ec\/wp-content\/uploads\/2019\/06\/logo.png\",\"width\":859,\"height\":448,\"caption\":\"Gobierno Aut\u00f3nomo Descentralizado de la Provincia de Esmeraldas\"},\"image\":{\"@id\":\"https:\/\/prefecturadeesmeraldas.gob.ec\/#\/schema\/logo\/image\/\"},\"sameAs\":[\"https:\/\/www.facebook.com\/PrefecturaEsmeraldas\/\"]},{\"@type\":\"Person\",\"@id\":\"https:\/\/prefecturadeesmeraldas.gob.ec\/#\/schema\/person\/b0c9e7b1ead7725994d1e319e8825234\",\"name\":\"Direcci\u00f3n de Comunicaci\u00f3n\",\"image\":{\"@type\":\"ImageObject\",\"inLanguage\":\"es\",\"@id\":\"https:\/\/prefecturadeesmeraldas.gob.ec\/#\/schema\/person\/image\/\",\"url\":\"https:\/\/secure.gravatar.com\/avatar\/74a3870a946f5d774ade3569af61a72308e07ad3346f370c4b468ee2a9858658?s=96&d=mm&r=g\",\"contentUrl\":\"https:\/\/secure.gravatar.com\/avatar\/74a3870a946f5d774ade3569af61a72308e07ad3346f370c4b468ee2a9858658?s=96&d=mm&r=g\",\"caption\":\"Direcci\u00f3n de Comunicaci\u00f3n\"}}]}<\/script>\n<!-- \/ Yoast SEO plugin. -->","yoast_head_json":{"title":"A trav\u00e9s de los ACUS, Prefectura de Esmeraldas aporta al turismo sustentable. - Gobierno Aut\u00f3nomo Descentralizado de la Provincia de Esmeraldas","robots":{"index":"index","follow":"follow","max-snippet":"max-snippet:-1","max-image-preview":"max-image-preview:large","max-video-preview":"max-video-preview:-1"},"canonical":"https:\/\/prefecturadeesmeraldas.gob.ec\/index.php\/2021\/09\/01\/a-traves-de-los-acus-prefectura-de-esmeraldas-aporta-al-turismo-sustentable\/","og_locale":"es_ES","og_type":"article","og_title":"A trav\u00e9s de los ACUS, Prefectura de Esmeraldas aporta al turismo sustentable. - Gobierno Aut\u00f3nomo Descentralizado de la Provincia de Esmeraldas","og_description":"En la comunidad Chapil, situada en la parroquia Tonsupa del cant\u00f3n Atacames, se encuentra la Finca Integral Jehov\u00e1 Shalom. Posee un gran ecosistema, haciendo de este sitio un importante escenario diverso de flora y fauna. Este sitio se encuentra en proceso de declaraci\u00f3n como \u00c1rea de Conservaci\u00f3n y Uso Sustentable (ACUS), gracias a la iniciativa [&hellip;]","og_url":"https:\/\/prefecturadeesmeraldas.gob.ec\/index.php\/2021\/09\/01\/a-traves-de-los-acus-prefectura-de-esmeraldas-aporta-al-turismo-sustentable\/","og_site_name":"Gobierno Aut\u00f3nomo Descentralizado de la Provincia de Esmeraldas","article_publisher":"https:\/\/www.facebook.com\/PrefecturaEsmeraldas\/","article_published_time":"2021-09-01T20:43:57+00:00","article_modified_time":"2021-09-01T20:44:26+00:00","og_image":[{"width":1024,"height":1024,"url":"https:\/\/prefecturadeesmeraldas.gob.ec\/wp-content\/uploads\/2021\/09\/WhatsApp-Image-2021-08-26-at-08.55.34-1.jpeg","type":"image\/jpeg"}],"author":"Direcci\u00f3n de Comunicaci\u00f3n","twitter_card":"summary_large_image","twitter_misc":{"Escrito por":"Direcci\u00f3n de Comunicaci\u00f3n","Tiempo de lectura":"1 minuto"},"schema":{"@context":"https:\/\/schema.org","@graph":[{"@type":"Article","@id":"https:\/\/prefecturadeesmeraldas.gob.ec\/index.php\/2021\/09\/01\/a-traves-de-los-acus-prefectura-de-esmeraldas-aporta-al-turismo-sustentable\/#article","isPartOf":{"@id":"https:\/\/prefecturadeesmeraldas.gob.ec\/index.php\/2021\/09\/01\/a-traves-de-los-acus-prefectura-de-esmeraldas-aporta-al-turismo-sustentable\/"},"author":{"name":"Direcci\u00f3n de Comunicaci\u00f3n","@id":"https:\/\/prefecturadeesmeraldas.gob.ec\/#\/schema\/person\/b0c9e7b1ead7725994d1e319e8825234"},"headline":"A trav\u00e9s de los ACUS, Prefectura de Esmeraldas aporta al turismo sustentable.","datePublished":"2021-09-01T20:43:57+00:00","dateModified":"2021-09-01T20:44:26+00:00","mainEntityOfPage":{"@id":"https:\/\/prefecturadeesmeraldas.gob.ec\/index.php\/2021\/09\/01\/a-traves-de-los-acus-prefectura-de-esmeraldas-aporta-al-turismo-sustentable\/"},"wordCount":197,"publisher":{"@id":"https:\/\/prefecturadeesmeraldas.gob.ec\/#organization"},"image":{"@id":"https:\/\/prefecturadeesmeraldas.gob.ec\/index.php\/2021\/09\/01\/a-traves-de-los-acus-prefectura-de-esmeraldas-aporta-al-turismo-sustentable\/#primaryimage"},"thumbnailUrl":"https:\/\/prefecturadeesmeraldas.gob.ec\/wp-content\/uploads\/2021\/09\/WhatsApp-Image-2021-08-26-at-08.55.34-1.jpeg","articleSection":["Ambiental","Turismo"],"inLanguage":"es"},{"@type":"WebPage","@id":"https:\/\/prefecturadeesmeraldas.gob.ec\/index.php\/2021\/09\/01\/a-traves-de-los-acus-prefectura-de-esmeraldas-aporta-al-turismo-sustentable\/","url":"https:\/\/prefecturadeesmeraldas.gob.ec\/index.php\/2021\/09\/01\/a-traves-de-los-acus-prefectura-de-esmeraldas-aporta-al-turismo-sustentable\/","name":"A trav\u00e9s de los ACUS, Prefectura de Esmeraldas aporta al turismo sustentable. - Gobierno Aut\u00f3nomo Descentralizado de la Provincia de Esmeraldas","isPartOf":{"@id":"https:\/\/prefecturadeesmeraldas.gob.ec\/#website"},"primaryImageOfPage":{"@id":"https:\/\/prefecturadeesmeraldas.gob.ec\/index.php\/2021\/09\/01\/a-traves-de-los-acus-prefectura-de-esmeraldas-aporta-al-turismo-sustentable\/#primaryimage"},"image":{"@id":"https:\/\/prefecturadeesmeraldas.gob.ec\/index.php\/2021\/09\/01\/a-traves-de-los-acus-prefectura-de-esmeraldas-aporta-al-turismo-sustentable\/#primaryimage"},"thumbnailUrl":"https:\/\/prefecturadeesmeraldas.gob.ec\/wp-content\/uploads\/2021\/09\/WhatsApp-Image-2021-08-26-at-08.55.34-1.jpeg","datePublished":"2021-09-01T20:43:57+00:00","dateModified":"2021-09-01T20:44:26+00:00","breadcrumb":{"@id":"https:\/\/prefecturadeesmeraldas.gob.ec\/index.php\/2021\/09\/01\/a-traves-de-los-acus-prefectura-de-esmeraldas-aporta-al-turismo-sustentable\/#breadcrumb"},"inLanguage":"es","potentialAction":[{"@type":"ReadAction","target":["https:\/\/prefecturadeesmeraldas.gob.ec\/index.php\/2021\/09\/01\/a-traves-de-los-acus-prefectura-de-esmeraldas-aporta-al-turismo-sustentable\/"]}]},{"@type":"ImageObject","inLanguage":"es","@id":"https:\/\/prefecturadeesmeraldas.gob.ec\/index.php\/2021\/09\/01\/a-traves-de-los-acus-prefectura-de-esmeraldas-aporta-al-turismo-sustentable\/#primaryimage","url":"https:\/\/prefecturadeesmeraldas.gob.ec\/wp-content\/uploads\/2021\/09\/WhatsApp-Image-2021-08-26-at-08.55.34-1.jpeg","contentUrl":"https:\/\/prefecturadeesmeraldas.gob.ec\/wp-content\/uploads\/2021\/09\/WhatsApp-Image-2021-08-26-at-08.55.34-1.jpeg","width":1024,"height":1024},{"@type":"BreadcrumbList","@id":"https:\/\/prefecturadeesmeraldas.gob.ec\/index.php\/2021\/09\/01\/a-traves-de-los-acus-prefectura-de-esmeraldas-aporta-al-turismo-sustentable\/#breadcrumb","itemListElement":[{"@type":"ListItem","position":1,"name":"Home","item":"https:\/\/prefecturadeesmeraldas.gob.ec\/"},{"@type":"ListItem","position":2,"name":"A trav\u00e9s de los ACUS, Prefectura de Esmeraldas aporta al turismo sustentable."}]},{"@type":"WebSite","@id":"https:\/\/prefecturadeesmeraldas.gob.ec\/#website","url":"https:\/\/prefecturadeesmeraldas.gob.ec\/","name":"Gobierno Aut\u00f3nomo Descentralizado de la Provincia de Esmeraldas","description":"Gobierno Aut\u00f3nomo Descentralizado de la Provincia de Esmeraldas","publisher":{"@id":"https:\/\/prefecturadeesmeraldas.gob.ec\/#organization"},"potentialAction":[{"@type":"SearchAction","target":{"@type":"EntryPoint","urlTemplate":"https:\/\/prefecturadeesmeraldas.gob.ec\/?s={search_term_string}"},"query-input":{"@type":"PropertyValueSpecification","valueRequired":true,"valueName":"search_term_string"}}],"inLanguage":"es"},{"@type":"Organization","@id":"https:\/\/prefecturadeesmeraldas.gob.ec\/#organization","name":"Gobierno Aut\u00f3nomo Descentralizado de la Provincia de Esmeraldas","url":"https:\/\/prefecturadeesmeraldas.gob.ec\/","logo":{"@type":"ImageObject","inLanguage":"es","@id":"https:\/\/prefecturadeesmeraldas.gob.ec\/#\/schema\/logo\/image\/","url":"https:\/\/prefecturadeesmeraldas.gob.ec\/wp-content\/uploads\/2019\/06\/logo.png","contentUrl":"https:\/\/prefecturadeesmeraldas.gob.ec\/wp-content\/uploads\/2019\/06\/logo.png","width":859,"height":448,"caption":"Gobierno Aut\u00f3nomo Descentralizado de la Provincia de Esmeraldas"},"image":{"@id":"https:\/\/prefecturadeesmeraldas.gob.ec\/#\/schema\/logo\/image\/"},"sameAs":["https:\/\/www.facebook.com\/PrefecturaEsmeraldas\/"]},{"@type":"Person","@id":"https:\/\/prefecturadeesmeraldas.gob.ec\/#\/schema\/person\/b0c9e7b1ead7725994d1e319e8825234","name":"Direcci\u00f3n de Comunicaci\u00f3n","image":{"@type":"ImageObject","inLanguage":"es","@id":"https:\/\/prefecturadeesmeraldas.gob.ec\/#\/schema\/person\/image\/","url":"https:\/\/secure.gravatar.com\/avatar\/74a3870a946f5d774ade3569af61a72308e07ad3346f370c4b468ee2a9858658?s=96&d=mm&r=g","contentUrl":"https:\/\/secure.gravatar.com\/avatar\/74a3870a946f5d774ade3569af61a72308e07ad3346f370c4b468ee2a9858658?s=96&d=mm&r=g","caption":"Direcci\u00f3n de Comunicaci\u00f3n"}}]}},"_links":{"self":[{"href":"https:\/\/prefecturadeesmeraldas.gob.ec\/index.php\/wp-json\/wp\/v2\/posts\/12434","targetHints":{"allow":["GET"]}}],"collection":[{"href":"https:\/\/prefecturadeesmeraldas.gob.ec\/index.php\/wp-json\/wp\/v2\/posts"}],"about":[{"href":"https:\/\/prefecturadeesmeraldas.gob.ec\/index.php\/wp-json\/wp\/v2\/types\/post"}],"author":[{"embeddable":true,"href":"https:\/\/prefecturadeesmeraldas.gob.ec\/index.php\/wp-json\/wp\/v2\/users\/2"}],"replies":[{"embeddable":true,"href":"https:\/\/prefecturadeesmeraldas.gob.ec\/index.php\/wp-json\/wp\/v2\/comments?post=12434"}],"version-history":[{"count":0,"href":"https:\/\/prefecturadeesmeraldas.gob.ec\/index.php\/wp-json\/wp\/v2\/posts\/12434\/revisions"}],"wp:featuredmedia":[{"embeddable":true,"href":"https:\/\/prefecturadeesmeraldas.gob.ec\/index.php\/wp-json\/wp\/v2\/media\/12435"}],"wp:attachment":[{"href":"https:\/\/prefecturadeesmeraldas.gob.ec\/index.php\/wp-json\/wp\/v2\/media?parent=12434"}],"wp:term":[{"taxonomy":"category","embeddable":true,"href":"https:\/\/prefecturadeesmeraldas.gob.ec\/index.php\/wp-json\/wp\/v2\/categories?post=12434"},{"taxonomy":"post_tag","embeddable":true,"href":"https:\/\/prefecturadeesmeraldas.gob.ec\/index.php\/wp-json\/wp\/v2\/tags?post=12434"}],"curies":[{"name":"wp","href":"https:\/\/api.w.org\/{rel}","templated":true}]}}