{"id":12360,"date":"2021-08-26T09:20:03","date_gmt":"2021-08-26T14:20:03","guid":{"rendered":"http:\/\/prefecturadeesmeraldas.gob.ec\/?p=12360"},"modified":"2021-08-26T09:21:14","modified_gmt":"2021-08-26T14:21:14","slug":"bienestar-y-desarrollo-economico-dos-propuestas-de-la-prefectura-de-esmeraldas-con-el-mejoramiento-de-la-via-tazone-agua-fria-playon","status":"publish","type":"post","link":"https:\/\/prefecturadeesmeraldas.gob.ec\/index.php\/2021\/08\/26\/bienestar-y-desarrollo-economico-dos-propuestas-de-la-prefectura-de-esmeraldas-con-el-mejoramiento-de-la-via-tazone-agua-fria-playon\/","title":{"rendered":"Bienestar y desarrollo econ\u00f3mico: dos propuestas de la Prefectura de Esmeraldas con el mejoramiento de la v\u00eda Tazone \u2013 Agua Fr\u00eda \u2013 Play\u00f3n."},"content":{"rendered":"\t\t<div data-elementor-type=\"wp-post\" data-elementor-id=\"12360\" class=\"elementor elementor-12360\">\n\t\t\t\t\t\t<section class=\"elementor-section elementor-top-section elementor-element elementor-element-74514d0 elementor-section-boxed elementor-section-height-default elementor-section-height-default\" data-id=\"74514d0\" data-element_type=\"section\">\n\t\t\t\t\t\t<div class=\"elementor-container elementor-column-gap-default\">\n\t\t\t\t\t<div class=\"elementor-column elementor-col-100 elementor-top-column elementor-element elementor-element-e19aa3d\" data-id=\"e19aa3d\" data-element_type=\"column\">\n\t\t\t<div class=\"elementor-widget-wrap elementor-element-populated\">\n\t\t\t\t\t\t<div class=\"elementor-element elementor-element-e6f426e elementor-widget elementor-widget-image\" data-id=\"e6f426e\" data-element_type=\"widget\" data-widget_type=\"image.default\">\n\t\t\t\t<div class=\"elementor-widget-container\">\n\t\t\t\t\t\t\t\t\t\t\t\t\t\t\t<img fetchpriority=\"high\" decoding=\"async\" width=\"891\" height=\"891\" src=\"https:\/\/prefecturadeesmeraldas.gob.ec\/wp-content\/uploads\/2021\/08\/Imagen8.jpg\" class=\"attachment-large size-large wp-image-12361\" alt=\"\" srcset=\"https:\/\/prefecturadeesmeraldas.gob.ec\/wp-content\/uploads\/2021\/08\/Imagen8.jpg 891w, https:\/\/prefecturadeesmeraldas.gob.ec\/wp-content\/uploads\/2021\/08\/Imagen8-240x240.jpg 240w, https:\/\/prefecturadeesmeraldas.gob.ec\/wp-content\/uploads\/2021\/08\/Imagen8-150x150.jpg 150w, https:\/\/prefecturadeesmeraldas.gob.ec\/wp-content\/uploads\/2021\/08\/Imagen8-300x300.jpg 300w, https:\/\/prefecturadeesmeraldas.gob.ec\/wp-content\/uploads\/2021\/08\/Imagen8-768x768.jpg 768w\" sizes=\"(max-width: 891px) 100vw, 891px\" \/>\t\t\t\t\t\t\t\t\t\t\t\t\t\t\t<\/div>\n\t\t\t\t<\/div>\n\t\t\t\t\t<\/div>\n\t\t<\/div>\n\t\t\t\t\t<\/div>\n\t\t<\/section>\n\t\t\t\t<section class=\"elementor-section elementor-top-section elementor-element elementor-element-9eaad36 elementor-section-boxed elementor-section-height-default elementor-section-height-default\" data-id=\"9eaad36\" data-element_type=\"section\">\n\t\t\t\t\t\t<div class=\"elementor-container elementor-column-gap-default\">\n\t\t\t\t\t<div class=\"elementor-column elementor-col-100 elementor-top-column elementor-element elementor-element-0b83c6f\" data-id=\"0b83c6f\" data-element_type=\"column\">\n\t\t\t<div class=\"elementor-widget-wrap elementor-element-populated\">\n\t\t\t\t\t\t<div class=\"elementor-element elementor-element-96a1ed3 elementor-widget elementor-widget-text-editor\" data-id=\"96a1ed3\" data-element_type=\"widget\" data-widget_type=\"text-editor.default\">\n\t\t\t\t<div class=\"elementor-widget-container\">\n\t\t\t\t\t\t\t\t\t<p>Existe emoci\u00f3n entre los habitantes de tres comunidades de la parroquia La Uni\u00f3n, del cant\u00f3n Atacames. El mejoramiento de los 9.3 kil\u00f3metros que tiene la v\u00eda Tazone, Agua Fr\u00eda y Play\u00f3n, despierta gran inter\u00e9s entre los habitantes, entorno a la generaci\u00f3n de bienestar y nuevas posibilidades de desarrollo econ\u00f3mico que brindar\u00e1 el proyecto liderado por la Prefectura de Esmeraldas, gracias a la inversi\u00f3n de 2 millones, 927 mil, 641 d\u00f3lares con 19 centavos.<\/p><p>Para <strong>Heriberto Carvajal<\/strong>, m\u00e1s conocido como \u201cDon Buca\u201d, el proyecto de ampliaci\u00f3n, mejoramiento y asfaltado con doble tratamiento superficial bituminoso pondr\u00e1 fin a toda una historia de dificultades.<\/p><p>Agreg\u00f3 que, la gesti\u00f3n realizada por la prefecta de Esmeraldas Roberta Zambrano ante el Banco de Desarrollo del Ecuador, es un gran aporte para el cambio de las condiciones de vida de los habitantes, que por d\u00e9cadas anhelaron un cambio.<\/p><p>Por su parte, <strong>Javier Pozo<\/strong>, ingeniero representante del Consorcio Vial Tazone, encargado de la construcci\u00f3n de la v\u00eda, manifest\u00f3 que, la realizaci\u00f3n de los trabajos efectuados con estricto cumplimiento a los lineamientos establecidos dentro del contrato est\u00e1 generando la ocupaci\u00f3n de la mano de obra local.\u00a0<\/p><p>Adem\u00e1s, explic\u00f3 que, en torno a los trabajos que son ejecutados, conductores y transportistas pueden transitar con normalidad, teniendo en cuenta las debidas precauciones, ya que la obra incluye grandes movimientos de tierra, la construcci\u00f3n de tres alcantarillas y sus cabezales.<\/p><p>Cabe destacar que, en esta zona existe gran confianza de la poblaci\u00f3n hacia la gesti\u00f3n de Roberta Zambrano al frente de la Prefectura de Esmeraldas, ya que meses atr\u00e1s realiz\u00f3 el asfaltado de la v\u00eda La Uni\u00f3n hasta Bocas de Tazone, beneficiando a la sociedad civil, ganaderos y agricultores de la zona.<\/p>\t\t\t\t\t\t\t\t<\/div>\n\t\t\t\t<\/div>\n\t\t\t\t\t<\/div>\n\t\t<\/div>\n\t\t\t\t\t<\/div>\n\t\t<\/section>\n\t\t\t\t<\/div>\n\t\t","protected":false},"excerpt":{"rendered":"<p>Existe emoci\u00f3n entre los habitantes de tres comunidades de la parroquia La Uni\u00f3n, del cant\u00f3n Atacames. El mejoramiento de los 9.3 kil\u00f3metros que tiene la v\u00eda Tazone, Agua Fr\u00eda y Play\u00f3n, despierta gran inter\u00e9s entre los habitantes, entorno a la generaci\u00f3n de bienestar y nuevas posibilidades de desarrollo econ\u00f3mico que brindar\u00e1 el proyecto liderado por [&hellip;]<\/p>\n","protected":false},"author":2,"featured_media":12361,"comment_status":"closed","ping_status":"open","sticky":false,"template":"","format":"standard","meta":{"footnotes":""},"categories":[14],"tags":[],"class_list":["post-12360","post","type-post","status-publish","format-standard","has-post-thumbnail","hentry","category-vialidad"],"yoast_head":"<!-- This site is optimized with the Yoast SEO plugin v25.7 - https:\/\/yoast.com\/wordpress\/plugins\/seo\/ -->\n<title>Bienestar y desarrollo econ\u00f3mico: dos propuestas de la Prefectura de Esmeraldas con el mejoramiento de la v\u00eda Tazone \u2013 Agua Fr\u00eda \u2013 Play\u00f3n. - Gobierno Aut\u00f3nomo Descentralizado de la Provincia de Esmeraldas<\/title>\n<meta name=\"robots\" content=\"index, follow, max-snippet:-1, max-image-preview:large, max-video-preview:-1\" \/>\n<link rel=\"canonical\" href=\"https:\/\/prefecturadeesmeraldas.gob.ec\/index.php\/2021\/08\/26\/bienestar-y-desarrollo-economico-dos-propuestas-de-la-prefectura-de-esmeraldas-con-el-mejoramiento-de-la-via-tazone-agua-fria-playon\/\" \/>\n<meta property=\"og:locale\" content=\"es_ES\" \/>\n<meta property=\"og:type\" content=\"article\" \/>\n<meta property=\"og:title\" content=\"Bienestar y desarrollo econ\u00f3mico: dos propuestas de la Prefectura de Esmeraldas con el mejoramiento de la v\u00eda Tazone \u2013 Agua Fr\u00eda \u2013 Play\u00f3n. - Gobierno Aut\u00f3nomo Descentralizado de la Provincia de Esmeraldas\" \/>\n<meta property=\"og:description\" content=\"Existe emoci\u00f3n entre los habitantes de tres comunidades de la parroquia La Uni\u00f3n, del cant\u00f3n Atacames. El mejoramiento de los 9.3 kil\u00f3metros que tiene la v\u00eda Tazone, Agua Fr\u00eda y Play\u00f3n, despierta gran inter\u00e9s entre los habitantes, entorno a la generaci\u00f3n de bienestar y nuevas posibilidades de desarrollo econ\u00f3mico que brindar\u00e1 el proyecto liderado por [&hellip;]\" \/>\n<meta property=\"og:url\" content=\"https:\/\/prefecturadeesmeraldas.gob.ec\/index.php\/2021\/08\/26\/bienestar-y-desarrollo-economico-dos-propuestas-de-la-prefectura-de-esmeraldas-con-el-mejoramiento-de-la-via-tazone-agua-fria-playon\/\" \/>\n<meta property=\"og:site_name\" content=\"Gobierno Aut\u00f3nomo Descentralizado de la Provincia de Esmeraldas\" \/>\n<meta property=\"article:publisher\" content=\"https:\/\/www.facebook.com\/PrefecturaEsmeraldas\/\" \/>\n<meta property=\"article:published_time\" content=\"2021-08-26T14:20:03+00:00\" \/>\n<meta property=\"article:modified_time\" content=\"2021-08-26T14:21:14+00:00\" \/>\n<meta property=\"og:image\" content=\"https:\/\/prefecturadeesmeraldas.gob.ec\/wp-content\/uploads\/2021\/08\/Imagen8.jpg\" \/>\n\t<meta property=\"og:image:width\" content=\"891\" \/>\n\t<meta property=\"og:image:height\" content=\"891\" \/>\n\t<meta property=\"og:image:type\" content=\"image\/jpeg\" \/>\n<meta name=\"author\" content=\"Direcci\u00f3n de Comunicaci\u00f3n\" \/>\n<meta name=\"twitter:card\" content=\"summary_large_image\" \/>\n<meta name=\"twitter:label1\" content=\"Escrito por\" \/>\n\t<meta name=\"twitter:data1\" content=\"Direcci\u00f3n de Comunicaci\u00f3n\" \/>\n\t<meta name=\"twitter:label2\" content=\"Tiempo de lectura\" \/>\n\t<meta name=\"twitter:data2\" content=\"2 minutos\" \/>\n<script type=\"application\/ld+json\" class=\"yoast-schema-graph\">{\"@context\":\"https:\/\/schema.org\",\"@graph\":[{\"@type\":\"Article\",\"@id\":\"https:\/\/prefecturadeesmeraldas.gob.ec\/index.php\/2021\/08\/26\/bienestar-y-desarrollo-economico-dos-propuestas-de-la-prefectura-de-esmeraldas-con-el-mejoramiento-de-la-via-tazone-agua-fria-playon\/#article\",\"isPartOf\":{\"@id\":\"https:\/\/prefecturadeesmeraldas.gob.ec\/index.php\/2021\/08\/26\/bienestar-y-desarrollo-economico-dos-propuestas-de-la-prefectura-de-esmeraldas-con-el-mejoramiento-de-la-via-tazone-agua-fria-playon\/\"},\"author\":{\"name\":\"Direcci\u00f3n de Comunicaci\u00f3n\",\"@id\":\"https:\/\/prefecturadeesmeraldas.gob.ec\/#\/schema\/person\/b0c9e7b1ead7725994d1e319e8825234\"},\"headline\":\"Bienestar y desarrollo econ\u00f3mico: dos propuestas de la Prefectura de Esmeraldas con el mejoramiento de la v\u00eda Tazone \u2013 Agua Fr\u00eda \u2013 Play\u00f3n.\",\"datePublished\":\"2021-08-26T14:20:03+00:00\",\"dateModified\":\"2021-08-26T14:21:14+00:00\",\"mainEntityOfPage\":{\"@id\":\"https:\/\/prefecturadeesmeraldas.gob.ec\/index.php\/2021\/08\/26\/bienestar-y-desarrollo-economico-dos-propuestas-de-la-prefectura-de-esmeraldas-con-el-mejoramiento-de-la-via-tazone-agua-fria-playon\/\"},\"wordCount\":328,\"publisher\":{\"@id\":\"https:\/\/prefecturadeesmeraldas.gob.ec\/#organization\"},\"image\":{\"@id\":\"https:\/\/prefecturadeesmeraldas.gob.ec\/index.php\/2021\/08\/26\/bienestar-y-desarrollo-economico-dos-propuestas-de-la-prefectura-de-esmeraldas-con-el-mejoramiento-de-la-via-tazone-agua-fria-playon\/#primaryimage\"},\"thumbnailUrl\":\"https:\/\/prefecturadeesmeraldas.gob.ec\/wp-content\/uploads\/2021\/08\/Imagen8.jpg\",\"articleSection\":[\"Vialidad\"],\"inLanguage\":\"es\"},{\"@type\":\"WebPage\",\"@id\":\"https:\/\/prefecturadeesmeraldas.gob.ec\/index.php\/2021\/08\/26\/bienestar-y-desarrollo-economico-dos-propuestas-de-la-prefectura-de-esmeraldas-con-el-mejoramiento-de-la-via-tazone-agua-fria-playon\/\",\"url\":\"https:\/\/prefecturadeesmeraldas.gob.ec\/index.php\/2021\/08\/26\/bienestar-y-desarrollo-economico-dos-propuestas-de-la-prefectura-de-esmeraldas-con-el-mejoramiento-de-la-via-tazone-agua-fria-playon\/\",\"name\":\"Bienestar y desarrollo econ\u00f3mico: dos propuestas de la Prefectura de Esmeraldas con el mejoramiento de la v\u00eda Tazone \u2013 Agua Fr\u00eda \u2013 Play\u00f3n. - Gobierno Aut\u00f3nomo Descentralizado de la Provincia de Esmeraldas\",\"isPartOf\":{\"@id\":\"https:\/\/prefecturadeesmeraldas.gob.ec\/#website\"},\"primaryImageOfPage\":{\"@id\":\"https:\/\/prefecturadeesmeraldas.gob.ec\/index.php\/2021\/08\/26\/bienestar-y-desarrollo-economico-dos-propuestas-de-la-prefectura-de-esmeraldas-con-el-mejoramiento-de-la-via-tazone-agua-fria-playon\/#primaryimage\"},\"image\":{\"@id\":\"https:\/\/prefecturadeesmeraldas.gob.ec\/index.php\/2021\/08\/26\/bienestar-y-desarrollo-economico-dos-propuestas-de-la-prefectura-de-esmeraldas-con-el-mejoramiento-de-la-via-tazone-agua-fria-playon\/#primaryimage\"},\"thumbnailUrl\":\"https:\/\/prefecturadeesmeraldas.gob.ec\/wp-content\/uploads\/2021\/08\/Imagen8.jpg\",\"datePublished\":\"2021-08-26T14:20:03+00:00\",\"dateModified\":\"2021-08-26T14:21:14+00:00\",\"breadcrumb\":{\"@id\":\"https:\/\/prefecturadeesmeraldas.gob.ec\/index.php\/2021\/08\/26\/bienestar-y-desarrollo-economico-dos-propuestas-de-la-prefectura-de-esmeraldas-con-el-mejoramiento-de-la-via-tazone-agua-fria-playon\/#breadcrumb\"},\"inLanguage\":\"es\",\"potentialAction\":[{\"@type\":\"ReadAction\",\"target\":[\"https:\/\/prefecturadeesmeraldas.gob.ec\/index.php\/2021\/08\/26\/bienestar-y-desarrollo-economico-dos-propuestas-de-la-prefectura-de-esmeraldas-con-el-mejoramiento-de-la-via-tazone-agua-fria-playon\/\"]}]},{\"@type\":\"ImageObject\",\"inLanguage\":\"es\",\"@id\":\"https:\/\/prefecturadeesmeraldas.gob.ec\/index.php\/2021\/08\/26\/bienestar-y-desarrollo-economico-dos-propuestas-de-la-prefectura-de-esmeraldas-con-el-mejoramiento-de-la-via-tazone-agua-fria-playon\/#primaryimage\",\"url\":\"https:\/\/prefecturadeesmeraldas.gob.ec\/wp-content\/uploads\/2021\/08\/Imagen8.jpg\",\"contentUrl\":\"https:\/\/prefecturadeesmeraldas.gob.ec\/wp-content\/uploads\/2021\/08\/Imagen8.jpg\",\"width\":891,\"height\":891},{\"@type\":\"BreadcrumbList\",\"@id\":\"https:\/\/prefecturadeesmeraldas.gob.ec\/index.php\/2021\/08\/26\/bienestar-y-desarrollo-economico-dos-propuestas-de-la-prefectura-de-esmeraldas-con-el-mejoramiento-de-la-via-tazone-agua-fria-playon\/#breadcrumb\",\"itemListElement\":[{\"@type\":\"ListItem\",\"position\":1,\"name\":\"Home\",\"item\":\"https:\/\/prefecturadeesmeraldas.gob.ec\/\"},{\"@type\":\"ListItem\",\"position\":2,\"name\":\"Bienestar y desarrollo econ\u00f3mico: dos propuestas de la Prefectura de Esmeraldas con el mejoramiento de la v\u00eda Tazone \u2013 Agua Fr\u00eda \u2013 Play\u00f3n.\"}]},{\"@type\":\"WebSite\",\"@id\":\"https:\/\/prefecturadeesmeraldas.gob.ec\/#website\",\"url\":\"https:\/\/prefecturadeesmeraldas.gob.ec\/\",\"name\":\"Gobierno Aut\u00f3nomo Descentralizado de la Provincia de Esmeraldas\",\"description\":\"Gobierno Aut\u00f3nomo Descentralizado de la Provincia de Esmeraldas\",\"publisher\":{\"@id\":\"https:\/\/prefecturadeesmeraldas.gob.ec\/#organization\"},\"potentialAction\":[{\"@type\":\"SearchAction\",\"target\":{\"@type\":\"EntryPoint\",\"urlTemplate\":\"https:\/\/prefecturadeesmeraldas.gob.ec\/?s={search_term_string}\"},\"query-input\":{\"@type\":\"PropertyValueSpecification\",\"valueRequired\":true,\"valueName\":\"search_term_string\"}}],\"inLanguage\":\"es\"},{\"@type\":\"Organization\",\"@id\":\"https:\/\/prefecturadeesmeraldas.gob.ec\/#organization\",\"name\":\"Gobierno Aut\u00f3nomo Descentralizado de la Provincia de Esmeraldas\",\"url\":\"https:\/\/prefecturadeesmeraldas.gob.ec\/\",\"logo\":{\"@type\":\"ImageObject\",\"inLanguage\":\"es\",\"@id\":\"https:\/\/prefecturadeesmeraldas.gob.ec\/#\/schema\/logo\/image\/\",\"url\":\"https:\/\/prefecturadeesmeraldas.gob.ec\/wp-content\/uploads\/2019\/06\/logo.png\",\"contentUrl\":\"https:\/\/prefecturadeesmeraldas.gob.ec\/wp-content\/uploads\/2019\/06\/logo.png\",\"width\":859,\"height\":448,\"caption\":\"Gobierno Aut\u00f3nomo Descentralizado de la Provincia de Esmeraldas\"},\"image\":{\"@id\":\"https:\/\/prefecturadeesmeraldas.gob.ec\/#\/schema\/logo\/image\/\"},\"sameAs\":[\"https:\/\/www.facebook.com\/PrefecturaEsmeraldas\/\"]},{\"@type\":\"Person\",\"@id\":\"https:\/\/prefecturadeesmeraldas.gob.ec\/#\/schema\/person\/b0c9e7b1ead7725994d1e319e8825234\",\"name\":\"Direcci\u00f3n de Comunicaci\u00f3n\",\"image\":{\"@type\":\"ImageObject\",\"inLanguage\":\"es\",\"@id\":\"https:\/\/prefecturadeesmeraldas.gob.ec\/#\/schema\/person\/image\/\",\"url\":\"https:\/\/secure.gravatar.com\/avatar\/74a3870a946f5d774ade3569af61a72308e07ad3346f370c4b468ee2a9858658?s=96&d=mm&r=g\",\"contentUrl\":\"https:\/\/secure.gravatar.com\/avatar\/74a3870a946f5d774ade3569af61a72308e07ad3346f370c4b468ee2a9858658?s=96&d=mm&r=g\",\"caption\":\"Direcci\u00f3n de Comunicaci\u00f3n\"}}]}<\/script>\n<!-- \/ Yoast SEO plugin. -->","yoast_head_json":{"title":"Bienestar y desarrollo econ\u00f3mico: dos propuestas de la Prefectura de Esmeraldas con el mejoramiento de la v\u00eda Tazone \u2013 Agua Fr\u00eda \u2013 Play\u00f3n. - Gobierno Aut\u00f3nomo Descentralizado de la Provincia de Esmeraldas","robots":{"index":"index","follow":"follow","max-snippet":"max-snippet:-1","max-image-preview":"max-image-preview:large","max-video-preview":"max-video-preview:-1"},"canonical":"https:\/\/prefecturadeesmeraldas.gob.ec\/index.php\/2021\/08\/26\/bienestar-y-desarrollo-economico-dos-propuestas-de-la-prefectura-de-esmeraldas-con-el-mejoramiento-de-la-via-tazone-agua-fria-playon\/","og_locale":"es_ES","og_type":"article","og_title":"Bienestar y desarrollo econ\u00f3mico: dos propuestas de la Prefectura de Esmeraldas con el mejoramiento de la v\u00eda Tazone \u2013 Agua Fr\u00eda \u2013 Play\u00f3n. - Gobierno Aut\u00f3nomo Descentralizado de la Provincia de Esmeraldas","og_description":"Existe emoci\u00f3n entre los habitantes de tres comunidades de la parroquia La Uni\u00f3n, del cant\u00f3n Atacames. El mejoramiento de los 9.3 kil\u00f3metros que tiene la v\u00eda Tazone, Agua Fr\u00eda y Play\u00f3n, despierta gran inter\u00e9s entre los habitantes, entorno a la generaci\u00f3n de bienestar y nuevas posibilidades de desarrollo econ\u00f3mico que brindar\u00e1 el proyecto liderado por [&hellip;]","og_url":"https:\/\/prefecturadeesmeraldas.gob.ec\/index.php\/2021\/08\/26\/bienestar-y-desarrollo-economico-dos-propuestas-de-la-prefectura-de-esmeraldas-con-el-mejoramiento-de-la-via-tazone-agua-fria-playon\/","og_site_name":"Gobierno Aut\u00f3nomo Descentralizado de la Provincia de Esmeraldas","article_publisher":"https:\/\/www.facebook.com\/PrefecturaEsmeraldas\/","article_published_time":"2021-08-26T14:20:03+00:00","article_modified_time":"2021-08-26T14:21:14+00:00","og_image":[{"width":891,"height":891,"url":"https:\/\/prefecturadeesmeraldas.gob.ec\/wp-content\/uploads\/2021\/08\/Imagen8.jpg","type":"image\/jpeg"}],"author":"Direcci\u00f3n de Comunicaci\u00f3n","twitter_card":"summary_large_image","twitter_misc":{"Escrito por":"Direcci\u00f3n de Comunicaci\u00f3n","Tiempo de lectura":"2 minutos"},"schema":{"@context":"https:\/\/schema.org","@graph":[{"@type":"Article","@id":"https:\/\/prefecturadeesmeraldas.gob.ec\/index.php\/2021\/08\/26\/bienestar-y-desarrollo-economico-dos-propuestas-de-la-prefectura-de-esmeraldas-con-el-mejoramiento-de-la-via-tazone-agua-fria-playon\/#article","isPartOf":{"@id":"https:\/\/prefecturadeesmeraldas.gob.ec\/index.php\/2021\/08\/26\/bienestar-y-desarrollo-economico-dos-propuestas-de-la-prefectura-de-esmeraldas-con-el-mejoramiento-de-la-via-tazone-agua-fria-playon\/"},"author":{"name":"Direcci\u00f3n de Comunicaci\u00f3n","@id":"https:\/\/prefecturadeesmeraldas.gob.ec\/#\/schema\/person\/b0c9e7b1ead7725994d1e319e8825234"},"headline":"Bienestar y desarrollo econ\u00f3mico: dos propuestas de la Prefectura de Esmeraldas con el mejoramiento de la v\u00eda Tazone \u2013 Agua Fr\u00eda \u2013 Play\u00f3n.","datePublished":"2021-08-26T14:20:03+00:00","dateModified":"2021-08-26T14:21:14+00:00","mainEntityOfPage":{"@id":"https:\/\/prefecturadeesmeraldas.gob.ec\/index.php\/2021\/08\/26\/bienestar-y-desarrollo-economico-dos-propuestas-de-la-prefectura-de-esmeraldas-con-el-mejoramiento-de-la-via-tazone-agua-fria-playon\/"},"wordCount":328,"publisher":{"@id":"https:\/\/prefecturadeesmeraldas.gob.ec\/#organization"},"image":{"@id":"https:\/\/prefecturadeesmeraldas.gob.ec\/index.php\/2021\/08\/26\/bienestar-y-desarrollo-economico-dos-propuestas-de-la-prefectura-de-esmeraldas-con-el-mejoramiento-de-la-via-tazone-agua-fria-playon\/#primaryimage"},"thumbnailUrl":"https:\/\/prefecturadeesmeraldas.gob.ec\/wp-content\/uploads\/2021\/08\/Imagen8.jpg","articleSection":["Vialidad"],"inLanguage":"es"},{"@type":"WebPage","@id":"https:\/\/prefecturadeesmeraldas.gob.ec\/index.php\/2021\/08\/26\/bienestar-y-desarrollo-economico-dos-propuestas-de-la-prefectura-de-esmeraldas-con-el-mejoramiento-de-la-via-tazone-agua-fria-playon\/","url":"https:\/\/prefecturadeesmeraldas.gob.ec\/index.php\/2021\/08\/26\/bienestar-y-desarrollo-economico-dos-propuestas-de-la-prefectura-de-esmeraldas-con-el-mejoramiento-de-la-via-tazone-agua-fria-playon\/","name":"Bienestar y desarrollo econ\u00f3mico: dos propuestas de la Prefectura de Esmeraldas con el mejoramiento de la v\u00eda Tazone \u2013 Agua Fr\u00eda \u2013 Play\u00f3n. - Gobierno Aut\u00f3nomo Descentralizado de la Provincia de Esmeraldas","isPartOf":{"@id":"https:\/\/prefecturadeesmeraldas.gob.ec\/#website"},"primaryImageOfPage":{"@id":"https:\/\/prefecturadeesmeraldas.gob.ec\/index.php\/2021\/08\/26\/bienestar-y-desarrollo-economico-dos-propuestas-de-la-prefectura-de-esmeraldas-con-el-mejoramiento-de-la-via-tazone-agua-fria-playon\/#primaryimage"},"image":{"@id":"https:\/\/prefecturadeesmeraldas.gob.ec\/index.php\/2021\/08\/26\/bienestar-y-desarrollo-economico-dos-propuestas-de-la-prefectura-de-esmeraldas-con-el-mejoramiento-de-la-via-tazone-agua-fria-playon\/#primaryimage"},"thumbnailUrl":"https:\/\/prefecturadeesmeraldas.gob.ec\/wp-content\/uploads\/2021\/08\/Imagen8.jpg","datePublished":"2021-08-26T14:20:03+00:00","dateModified":"2021-08-26T14:21:14+00:00","breadcrumb":{"@id":"https:\/\/prefecturadeesmeraldas.gob.ec\/index.php\/2021\/08\/26\/bienestar-y-desarrollo-economico-dos-propuestas-de-la-prefectura-de-esmeraldas-con-el-mejoramiento-de-la-via-tazone-agua-fria-playon\/#breadcrumb"},"inLanguage":"es","potentialAction":[{"@type":"ReadAction","target":["https:\/\/prefecturadeesmeraldas.gob.ec\/index.php\/2021\/08\/26\/bienestar-y-desarrollo-economico-dos-propuestas-de-la-prefectura-de-esmeraldas-con-el-mejoramiento-de-la-via-tazone-agua-fria-playon\/"]}]},{"@type":"ImageObject","inLanguage":"es","@id":"https:\/\/prefecturadeesmeraldas.gob.ec\/index.php\/2021\/08\/26\/bienestar-y-desarrollo-economico-dos-propuestas-de-la-prefectura-de-esmeraldas-con-el-mejoramiento-de-la-via-tazone-agua-fria-playon\/#primaryimage","url":"https:\/\/prefecturadeesmeraldas.gob.ec\/wp-content\/uploads\/2021\/08\/Imagen8.jpg","contentUrl":"https:\/\/prefecturadeesmeraldas.gob.ec\/wp-content\/uploads\/2021\/08\/Imagen8.jpg","width":891,"height":891},{"@type":"BreadcrumbList","@id":"https:\/\/prefecturadeesmeraldas.gob.ec\/index.php\/2021\/08\/26\/bienestar-y-desarrollo-economico-dos-propuestas-de-la-prefectura-de-esmeraldas-con-el-mejoramiento-de-la-via-tazone-agua-fria-playon\/#breadcrumb","itemListElement":[{"@type":"ListItem","position":1,"name":"Home","item":"https:\/\/prefecturadeesmeraldas.gob.ec\/"},{"@type":"ListItem","position":2,"name":"Bienestar y desarrollo econ\u00f3mico: dos propuestas de la Prefectura de Esmeraldas con el mejoramiento de la v\u00eda Tazone \u2013 Agua Fr\u00eda \u2013 Play\u00f3n."}]},{"@type":"WebSite","@id":"https:\/\/prefecturadeesmeraldas.gob.ec\/#website","url":"https:\/\/prefecturadeesmeraldas.gob.ec\/","name":"Gobierno Aut\u00f3nomo Descentralizado de la Provincia de Esmeraldas","description":"Gobierno Aut\u00f3nomo Descentralizado de la Provincia de Esmeraldas","publisher":{"@id":"https:\/\/prefecturadeesmeraldas.gob.ec\/#organization"},"potentialAction":[{"@type":"SearchAction","target":{"@type":"EntryPoint","urlTemplate":"https:\/\/prefecturadeesmeraldas.gob.ec\/?s={search_term_string}"},"query-input":{"@type":"PropertyValueSpecification","valueRequired":true,"valueName":"search_term_string"}}],"inLanguage":"es"},{"@type":"Organization","@id":"https:\/\/prefecturadeesmeraldas.gob.ec\/#organization","name":"Gobierno Aut\u00f3nomo Descentralizado de la Provincia de Esmeraldas","url":"https:\/\/prefecturadeesmeraldas.gob.ec\/","logo":{"@type":"ImageObject","inLanguage":"es","@id":"https:\/\/prefecturadeesmeraldas.gob.ec\/#\/schema\/logo\/image\/","url":"https:\/\/prefecturadeesmeraldas.gob.ec\/wp-content\/uploads\/2019\/06\/logo.png","contentUrl":"https:\/\/prefecturadeesmeraldas.gob.ec\/wp-content\/uploads\/2019\/06\/logo.png","width":859,"height":448,"caption":"Gobierno Aut\u00f3nomo Descentralizado de la Provincia de Esmeraldas"},"image":{"@id":"https:\/\/prefecturadeesmeraldas.gob.ec\/#\/schema\/logo\/image\/"},"sameAs":["https:\/\/www.facebook.com\/PrefecturaEsmeraldas\/"]},{"@type":"Person","@id":"https:\/\/prefecturadeesmeraldas.gob.ec\/#\/schema\/person\/b0c9e7b1ead7725994d1e319e8825234","name":"Direcci\u00f3n de Comunicaci\u00f3n","image":{"@type":"ImageObject","inLanguage":"es","@id":"https:\/\/prefecturadeesmeraldas.gob.ec\/#\/schema\/person\/image\/","url":"https:\/\/secure.gravatar.com\/avatar\/74a3870a946f5d774ade3569af61a72308e07ad3346f370c4b468ee2a9858658?s=96&d=mm&r=g","contentUrl":"https:\/\/secure.gravatar.com\/avatar\/74a3870a946f5d774ade3569af61a72308e07ad3346f370c4b468ee2a9858658?s=96&d=mm&r=g","caption":"Direcci\u00f3n de Comunicaci\u00f3n"}}]}},"_links":{"self":[{"href":"https:\/\/prefecturadeesmeraldas.gob.ec\/index.php\/wp-json\/wp\/v2\/posts\/12360","targetHints":{"allow":["GET"]}}],"collection":[{"href":"https:\/\/prefecturadeesmeraldas.gob.ec\/index.php\/wp-json\/wp\/v2\/posts"}],"about":[{"href":"https:\/\/prefecturadeesmeraldas.gob.ec\/index.php\/wp-json\/wp\/v2\/types\/post"}],"author":[{"embeddable":true,"href":"https:\/\/prefecturadeesmeraldas.gob.ec\/index.php\/wp-json\/wp\/v2\/users\/2"}],"replies":[{"embeddable":true,"href":"https:\/\/prefecturadeesmeraldas.gob.ec\/index.php\/wp-json\/wp\/v2\/comments?post=12360"}],"version-history":[{"count":0,"href":"https:\/\/prefecturadeesmeraldas.gob.ec\/index.php\/wp-json\/wp\/v2\/posts\/12360\/revisions"}],"wp:featuredmedia":[{"embeddable":true,"href":"https:\/\/prefecturadeesmeraldas.gob.ec\/index.php\/wp-json\/wp\/v2\/media\/12361"}],"wp:attachment":[{"href":"https:\/\/prefecturadeesmeraldas.gob.ec\/index.php\/wp-json\/wp\/v2\/media?parent=12360"}],"wp:term":[{"taxonomy":"category","embeddable":true,"href":"https:\/\/prefecturadeesmeraldas.gob.ec\/index.php\/wp-json\/wp\/v2\/categories?post=12360"},{"taxonomy":"post_tag","embeddable":true,"href":"https:\/\/prefecturadeesmeraldas.gob.ec\/index.php\/wp-json\/wp\/v2\/tags?post=12360"}],"curies":[{"name":"wp","href":"https:\/\/api.w.org\/{rel}","templated":true}]}}