{"id":1236,"date":"2019-09-09T08:10:17","date_gmt":"2019-09-09T13:10:17","guid":{"rendered":"http:\/\/prefecturadeesmeraldas.gob.ec\/?p=1236"},"modified":"2019-09-09T08:14:47","modified_gmt":"2019-09-09T13:14:47","slug":"el-ministro-de-hidrocarburos-y-el-gerente-de-petroecuador-se-reunieron-con-la-prefecta-roberta-zambrano","status":"publish","type":"post","link":"https:\/\/prefecturadeesmeraldas.gob.ec\/index.php\/2019\/09\/09\/el-ministro-de-hidrocarburos-y-el-gerente-de-petroecuador-se-reunieron-con-la-prefecta-roberta-zambrano\/","title":{"rendered":"El ministro de hidrocarburos y el gerente de Petroecuador se reunieron con la Prefecta Roberta Zambrano"},"content":{"rendered":"\t\t<div data-elementor-type=\"wp-post\" data-elementor-id=\"1236\" class=\"elementor elementor-1236\">\n\t\t\t\t\t\t<section class=\"elementor-section elementor-top-section elementor-element elementor-element-2d4ed66 elementor-section-boxed elementor-section-height-default elementor-section-height-default\" data-id=\"2d4ed66\" data-element_type=\"section\">\n\t\t\t\t\t\t<div class=\"elementor-container elementor-column-gap-default\">\n\t\t\t\t\t<div class=\"elementor-column elementor-col-100 elementor-top-column elementor-element elementor-element-8a448d1\" data-id=\"8a448d1\" data-element_type=\"column\">\n\t\t\t<div class=\"elementor-widget-wrap elementor-element-populated\">\n\t\t\t\t\t\t<div class=\"elementor-element elementor-element-e8c38c9 elementor-widget elementor-widget-text-editor\" data-id=\"e8c38c9\" data-element_type=\"widget\" data-widget_type=\"text-editor.default\">\n\t\t\t\t<div class=\"elementor-widget-container\">\n\t\t\t\t\t\t\t\t\t<p>Durante 1 hora y 45 minutos, la Prefecta de Esmeraldas y Presidenta del Comit\u00e9 C\u00edvico Provincial, abogada <strong>Roberta Zambrano Ortiz<\/strong>, mantuvo una reuni\u00f3n t\u00e9cnica de trabajo con el<strong> Ministro de Hidrocarburos Carlos P\u00e9rez, el Gerente de Petroecuador Pablo Flores y ex t\u00e9cnicos de la Refiner\u00eda de Esmeraldas<\/strong>.<\/p><p>La Prefecta dijo, que el Ministro acogi\u00f3 el llamado que le realiz\u00f3 el Comit\u00e9 C\u00edvico para que visite Esmeraldas. <strong>No al cierre de la Refiner\u00eda, s\u00ed al final de la contaminaci\u00f3n con la construcci\u00f3n de una planta hidrodesulfuradora<\/strong>, el no al despido de trabajadores y que se escuche el asesoramiento de t\u00e9cnicos que conocen esta refiner\u00eda porque laboraron durante muchos a\u00f1os en la misma, fueron algunos de los planteamientos que se realizaron por parte de la abogada Roberta Zambrano.<\/p><p>R\u00f3bert Vera, ex trabajador de la Refiner\u00eda y miembro de la Comisi\u00f3n T\u00e9cnica del Comit\u00e9 C\u00edvico, <strong>destac\u00f3 el liderazgo de la Prefecta Roberta Zambrano<\/strong> quien provoc\u00f3 esta reuni\u00f3n y una vez que se ha dado el primer paso los di\u00e1logos lograr\u00e1n evitar la privatizaci\u00f3n y cierre de la planta.<\/p><p>Es as\u00ed, que el ministro escuch\u00f3 las sugerencias planteadas.<strong> \u201cEsto es un gran paso, hemos logrado que venga a Esmeraldas y conversar sobre este tema que nos preocupa a los esmeralde\u00f1os\u201d, dijo la Prefecta.\u00a0<\/strong><\/p><p>El Presidente del Colegio de Ingenieros Qu\u00edmicos de Esmeraldas, Fulton Camino, quien trabaj\u00f3 durante 23 a\u00f1os en la Refiner\u00eda, dijo que <strong>entregaron un documento con una propuesta al Ministro para mejorar la calidad de los combustibles y las emisiones al ambiente<\/strong>.<\/p><p>Wilfrido Sierra, ex superintendente de la planta, es otro de los que particip\u00f3 de la reuni\u00f3n y declar\u00f3 que el Ministro se fue contento ya que no esperaba que en Esmeraldas les presentaran alterativas de soluci\u00f3n al cierre de la Refiner\u00eda.<\/p>\t\t\t\t\t\t\t\t<\/div>\n\t\t\t\t<\/div>\n\t\t\t\t\t<\/div>\n\t\t<\/div>\n\t\t\t\t\t<\/div>\n\t\t<\/section>\n\t\t\t\t<section class=\"elementor-section elementor-top-section elementor-element elementor-element-fa50440 elementor-section-boxed elementor-section-height-default elementor-section-height-default\" data-id=\"fa50440\" data-element_type=\"section\">\n\t\t\t\t\t\t<div class=\"elementor-container elementor-column-gap-default\">\n\t\t\t\t\t<div class=\"elementor-column elementor-col-100 elementor-top-column elementor-element elementor-element-166c89a\" data-id=\"166c89a\" data-element_type=\"column\">\n\t\t\t<div class=\"elementor-widget-wrap elementor-element-populated\">\n\t\t\t\t\t\t<div class=\"elementor-element elementor-element-54ba5f7 elementor-widget elementor-widget-image\" data-id=\"54ba5f7\" data-element_type=\"widget\" data-widget_type=\"image.default\">\n\t\t\t\t<div class=\"elementor-widget-container\">\n\t\t\t\t\t\t\t\t\t\t\t\t\t\t\t<img fetchpriority=\"high\" decoding=\"async\" width=\"960\" height=\"503\" src=\"https:\/\/prefecturadeesmeraldas.gob.ec\/wp-content\/uploads\/2019\/09\/69737487_432347400821658_7043847657948708864_n.jpg\" class=\"attachment-large size-large wp-image-1237\" alt=\"\" srcset=\"https:\/\/prefecturadeesmeraldas.gob.ec\/wp-content\/uploads\/2019\/09\/69737487_432347400821658_7043847657948708864_n.jpg 960w, https:\/\/prefecturadeesmeraldas.gob.ec\/wp-content\/uploads\/2019\/09\/69737487_432347400821658_7043847657948708864_n-300x157.jpg 300w, https:\/\/prefecturadeesmeraldas.gob.ec\/wp-content\/uploads\/2019\/09\/69737487_432347400821658_7043847657948708864_n-768x402.jpg 768w\" sizes=\"(max-width: 960px) 100vw, 960px\" \/>\t\t\t\t\t\t\t\t\t\t\t\t\t\t\t<\/div>\n\t\t\t\t<\/div>\n\t\t\t\t\t<\/div>\n\t\t<\/div>\n\t\t\t\t\t<\/div>\n\t\t<\/section>\n\t\t\t\t<section class=\"elementor-section elementor-top-section elementor-element elementor-element-7a70108 elementor-section-boxed elementor-section-height-default elementor-section-height-default\" data-id=\"7a70108\" data-element_type=\"section\">\n\t\t\t\t\t\t<div class=\"elementor-container elementor-column-gap-default\">\n\t\t\t\t\t<div class=\"elementor-column elementor-col-100 elementor-top-column elementor-element elementor-element-43e83ad\" data-id=\"43e83ad\" data-element_type=\"column\">\n\t\t\t<div class=\"elementor-widget-wrap elementor-element-populated\">\n\t\t\t\t\t\t<div class=\"elementor-element elementor-element-228cc03 elementor-widget elementor-widget-image\" data-id=\"228cc03\" data-element_type=\"widget\" data-widget_type=\"image.default\">\n\t\t\t\t<div class=\"elementor-widget-container\">\n\t\t\t\t\t\t\t\t\t\t\t\t\t\t\t<img decoding=\"async\" width=\"960\" height=\"503\" src=\"https:\/\/prefecturadeesmeraldas.gob.ec\/wp-content\/uploads\/2019\/09\/69933758_432347364154995_415034947649142784_n.jpg\" class=\"attachment-large size-large wp-image-1239\" alt=\"\" srcset=\"https:\/\/prefecturadeesmeraldas.gob.ec\/wp-content\/uploads\/2019\/09\/69933758_432347364154995_415034947649142784_n.jpg 960w, https:\/\/prefecturadeesmeraldas.gob.ec\/wp-content\/uploads\/2019\/09\/69933758_432347364154995_415034947649142784_n-300x157.jpg 300w, https:\/\/prefecturadeesmeraldas.gob.ec\/wp-content\/uploads\/2019\/09\/69933758_432347364154995_415034947649142784_n-768x402.jpg 768w\" sizes=\"(max-width: 960px) 100vw, 960px\" \/>\t\t\t\t\t\t\t\t\t\t\t\t\t\t\t<\/div>\n\t\t\t\t<\/div>\n\t\t\t\t\t<\/div>\n\t\t<\/div>\n\t\t\t\t\t<\/div>\n\t\t<\/section>\n\t\t\t\t<section class=\"elementor-section elementor-top-section elementor-element elementor-element-c1b959a elementor-section-boxed elementor-section-height-default elementor-section-height-default\" data-id=\"c1b959a\" data-element_type=\"section\">\n\t\t\t\t\t\t<div class=\"elementor-container elementor-column-gap-default\">\n\t\t\t\t\t<div class=\"elementor-column elementor-col-100 elementor-top-column elementor-element elementor-element-8b845a6\" data-id=\"8b845a6\" data-element_type=\"column\">\n\t\t\t<div class=\"elementor-widget-wrap elementor-element-populated\">\n\t\t\t\t\t\t<div class=\"elementor-element elementor-element-61d0025 elementor-widget elementor-widget-image\" data-id=\"61d0025\" data-element_type=\"widget\" data-widget_type=\"image.default\">\n\t\t\t\t<div class=\"elementor-widget-container\">\n\t\t\t\t\t\t\t\t\t\t\t\t\t\t\t<img decoding=\"async\" width=\"960\" height=\"503\" src=\"https:\/\/prefecturadeesmeraldas.gob.ec\/wp-content\/uploads\/2019\/09\/70416308_432492150807183_8351894619553792_n.jpg\" class=\"attachment-large size-large wp-image-1240\" alt=\"\" srcset=\"https:\/\/prefecturadeesmeraldas.gob.ec\/wp-content\/uploads\/2019\/09\/70416308_432492150807183_8351894619553792_n.jpg 960w, https:\/\/prefecturadeesmeraldas.gob.ec\/wp-content\/uploads\/2019\/09\/70416308_432492150807183_8351894619553792_n-300x157.jpg 300w, https:\/\/prefecturadeesmeraldas.gob.ec\/wp-content\/uploads\/2019\/09\/70416308_432492150807183_8351894619553792_n-768x402.jpg 768w\" sizes=\"(max-width: 960px) 100vw, 960px\" \/>\t\t\t\t\t\t\t\t\t\t\t\t\t\t\t<\/div>\n\t\t\t\t<\/div>\n\t\t\t\t\t<\/div>\n\t\t<\/div>\n\t\t\t\t\t<\/div>\n\t\t<\/section>\n\t\t\t\t<\/div>\n\t\t","protected":false},"excerpt":{"rendered":"<p>Durante 1 hora y 45 minutos, la Prefecta de Esmeraldas y Presidenta del Comit\u00e9 C\u00edvico Provincial, abogada Roberta Zambrano Ortiz, mantuvo una reuni\u00f3n t\u00e9cnica de trabajo con el Ministro de Hidrocarburos Carlos P\u00e9rez, el Gerente de Petroecuador Pablo Flores y ex t\u00e9cnicos de la Refiner\u00eda de Esmeraldas. La Prefecta dijo, que el Ministro acogi\u00f3 el [&hellip;]<\/p>\n","protected":false},"author":2,"featured_media":1237,"comment_status":"closed","ping_status":"open","sticky":false,"template":"","format":"standard","meta":{"footnotes":""},"categories":[11],"tags":[],"class_list":["post-1236","post","type-post","status-publish","format-standard","has-post-thumbnail","hentry","category-noticias"],"yoast_head":"<!-- This site is optimized with the Yoast SEO plugin v25.7 - https:\/\/yoast.com\/wordpress\/plugins\/seo\/ -->\n<title>El ministro de hidrocarburos y el gerente de Petroecuador se reunieron con la Prefecta Roberta Zambrano - Gobierno Aut\u00f3nomo Descentralizado de la Provincia de Esmeraldas<\/title>\n<meta name=\"robots\" content=\"index, follow, max-snippet:-1, max-image-preview:large, max-video-preview:-1\" \/>\n<link rel=\"canonical\" href=\"https:\/\/prefecturadeesmeraldas.gob.ec\/index.php\/2019\/09\/09\/el-ministro-de-hidrocarburos-y-el-gerente-de-petroecuador-se-reunieron-con-la-prefecta-roberta-zambrano\/\" \/>\n<meta property=\"og:locale\" content=\"es_ES\" \/>\n<meta property=\"og:type\" content=\"article\" \/>\n<meta property=\"og:title\" content=\"El ministro de hidrocarburos y el gerente de Petroecuador se reunieron con la Prefecta Roberta Zambrano - Gobierno Aut\u00f3nomo Descentralizado de la Provincia de Esmeraldas\" \/>\n<meta property=\"og:description\" content=\"Durante 1 hora y 45 minutos, la Prefecta de Esmeraldas y Presidenta del Comit\u00e9 C\u00edvico Provincial, abogada Roberta Zambrano Ortiz, mantuvo una reuni\u00f3n t\u00e9cnica de trabajo con el Ministro de Hidrocarburos Carlos P\u00e9rez, el Gerente de Petroecuador Pablo Flores y ex t\u00e9cnicos de la Refiner\u00eda de Esmeraldas. La Prefecta dijo, que el Ministro acogi\u00f3 el [&hellip;]\" \/>\n<meta property=\"og:url\" content=\"https:\/\/prefecturadeesmeraldas.gob.ec\/index.php\/2019\/09\/09\/el-ministro-de-hidrocarburos-y-el-gerente-de-petroecuador-se-reunieron-con-la-prefecta-roberta-zambrano\/\" \/>\n<meta property=\"og:site_name\" content=\"Gobierno Aut\u00f3nomo Descentralizado de la Provincia de Esmeraldas\" \/>\n<meta property=\"article:publisher\" content=\"https:\/\/www.facebook.com\/PrefecturaEsmeraldas\/\" \/>\n<meta property=\"article:published_time\" content=\"2019-09-09T13:10:17+00:00\" \/>\n<meta property=\"article:modified_time\" content=\"2019-09-09T13:14:47+00:00\" \/>\n<meta property=\"og:image\" content=\"https:\/\/prefecturadeesmeraldas.gob.ec\/wp-content\/uploads\/2019\/09\/69737487_432347400821658_7043847657948708864_n.jpg\" \/>\n\t<meta property=\"og:image:width\" content=\"960\" \/>\n\t<meta property=\"og:image:height\" content=\"503\" \/>\n\t<meta property=\"og:image:type\" content=\"image\/jpeg\" \/>\n<meta name=\"author\" content=\"Direcci\u00f3n de Comunicaci\u00f3n\" \/>\n<meta name=\"twitter:card\" content=\"summary_large_image\" \/>\n<meta name=\"twitter:label1\" content=\"Escrito por\" \/>\n\t<meta name=\"twitter:data1\" content=\"Direcci\u00f3n de Comunicaci\u00f3n\" \/>\n\t<meta name=\"twitter:label2\" content=\"Tiempo de lectura\" \/>\n\t<meta name=\"twitter:data2\" content=\"2 minutos\" \/>\n<script type=\"application\/ld+json\" class=\"yoast-schema-graph\">{\"@context\":\"https:\/\/schema.org\",\"@graph\":[{\"@type\":\"Article\",\"@id\":\"https:\/\/prefecturadeesmeraldas.gob.ec\/index.php\/2019\/09\/09\/el-ministro-de-hidrocarburos-y-el-gerente-de-petroecuador-se-reunieron-con-la-prefecta-roberta-zambrano\/#article\",\"isPartOf\":{\"@id\":\"https:\/\/prefecturadeesmeraldas.gob.ec\/index.php\/2019\/09\/09\/el-ministro-de-hidrocarburos-y-el-gerente-de-petroecuador-se-reunieron-con-la-prefecta-roberta-zambrano\/\"},\"author\":{\"name\":\"Direcci\u00f3n de Comunicaci\u00f3n\",\"@id\":\"https:\/\/prefecturadeesmeraldas.gob.ec\/#\/schema\/person\/b0c9e7b1ead7725994d1e319e8825234\"},\"headline\":\"El ministro de hidrocarburos y el gerente de Petroecuador se reunieron con la Prefecta Roberta Zambrano\",\"datePublished\":\"2019-09-09T13:10:17+00:00\",\"dateModified\":\"2019-09-09T13:14:47+00:00\",\"mainEntityOfPage\":{\"@id\":\"https:\/\/prefecturadeesmeraldas.gob.ec\/index.php\/2019\/09\/09\/el-ministro-de-hidrocarburos-y-el-gerente-de-petroecuador-se-reunieron-con-la-prefecta-roberta-zambrano\/\"},\"wordCount\":333,\"publisher\":{\"@id\":\"https:\/\/prefecturadeesmeraldas.gob.ec\/#organization\"},\"image\":{\"@id\":\"https:\/\/prefecturadeesmeraldas.gob.ec\/index.php\/2019\/09\/09\/el-ministro-de-hidrocarburos-y-el-gerente-de-petroecuador-se-reunieron-con-la-prefecta-roberta-zambrano\/#primaryimage\"},\"thumbnailUrl\":\"https:\/\/prefecturadeesmeraldas.gob.ec\/wp-content\/uploads\/2019\/09\/69737487_432347400821658_7043847657948708864_n.jpg\",\"articleSection\":[\"Noticias\"],\"inLanguage\":\"es\"},{\"@type\":\"WebPage\",\"@id\":\"https:\/\/prefecturadeesmeraldas.gob.ec\/index.php\/2019\/09\/09\/el-ministro-de-hidrocarburos-y-el-gerente-de-petroecuador-se-reunieron-con-la-prefecta-roberta-zambrano\/\",\"url\":\"https:\/\/prefecturadeesmeraldas.gob.ec\/index.php\/2019\/09\/09\/el-ministro-de-hidrocarburos-y-el-gerente-de-petroecuador-se-reunieron-con-la-prefecta-roberta-zambrano\/\",\"name\":\"El ministro de hidrocarburos y el gerente de Petroecuador se reunieron con la Prefecta Roberta Zambrano - Gobierno Aut\u00f3nomo Descentralizado de la Provincia de Esmeraldas\",\"isPartOf\":{\"@id\":\"https:\/\/prefecturadeesmeraldas.gob.ec\/#website\"},\"primaryImageOfPage\":{\"@id\":\"https:\/\/prefecturadeesmeraldas.gob.ec\/index.php\/2019\/09\/09\/el-ministro-de-hidrocarburos-y-el-gerente-de-petroecuador-se-reunieron-con-la-prefecta-roberta-zambrano\/#primaryimage\"},\"image\":{\"@id\":\"https:\/\/prefecturadeesmeraldas.gob.ec\/index.php\/2019\/09\/09\/el-ministro-de-hidrocarburos-y-el-gerente-de-petroecuador-se-reunieron-con-la-prefecta-roberta-zambrano\/#primaryimage\"},\"thumbnailUrl\":\"https:\/\/prefecturadeesmeraldas.gob.ec\/wp-content\/uploads\/2019\/09\/69737487_432347400821658_7043847657948708864_n.jpg\",\"datePublished\":\"2019-09-09T13:10:17+00:00\",\"dateModified\":\"2019-09-09T13:14:47+00:00\",\"breadcrumb\":{\"@id\":\"https:\/\/prefecturadeesmeraldas.gob.ec\/index.php\/2019\/09\/09\/el-ministro-de-hidrocarburos-y-el-gerente-de-petroecuador-se-reunieron-con-la-prefecta-roberta-zambrano\/#breadcrumb\"},\"inLanguage\":\"es\",\"potentialAction\":[{\"@type\":\"ReadAction\",\"target\":[\"https:\/\/prefecturadeesmeraldas.gob.ec\/index.php\/2019\/09\/09\/el-ministro-de-hidrocarburos-y-el-gerente-de-petroecuador-se-reunieron-con-la-prefecta-roberta-zambrano\/\"]}]},{\"@type\":\"ImageObject\",\"inLanguage\":\"es\",\"@id\":\"https:\/\/prefecturadeesmeraldas.gob.ec\/index.php\/2019\/09\/09\/el-ministro-de-hidrocarburos-y-el-gerente-de-petroecuador-se-reunieron-con-la-prefecta-roberta-zambrano\/#primaryimage\",\"url\":\"https:\/\/prefecturadeesmeraldas.gob.ec\/wp-content\/uploads\/2019\/09\/69737487_432347400821658_7043847657948708864_n.jpg\",\"contentUrl\":\"https:\/\/prefecturadeesmeraldas.gob.ec\/wp-content\/uploads\/2019\/09\/69737487_432347400821658_7043847657948708864_n.jpg\",\"width\":960,\"height\":503},{\"@type\":\"BreadcrumbList\",\"@id\":\"https:\/\/prefecturadeesmeraldas.gob.ec\/index.php\/2019\/09\/09\/el-ministro-de-hidrocarburos-y-el-gerente-de-petroecuador-se-reunieron-con-la-prefecta-roberta-zambrano\/#breadcrumb\",\"itemListElement\":[{\"@type\":\"ListItem\",\"position\":1,\"name\":\"Home\",\"item\":\"https:\/\/prefecturadeesmeraldas.gob.ec\/\"},{\"@type\":\"ListItem\",\"position\":2,\"name\":\"El ministro de hidrocarburos y el gerente de Petroecuador se reunieron con la Prefecta Roberta Zambrano\"}]},{\"@type\":\"WebSite\",\"@id\":\"https:\/\/prefecturadeesmeraldas.gob.ec\/#website\",\"url\":\"https:\/\/prefecturadeesmeraldas.gob.ec\/\",\"name\":\"Gobierno Aut\u00f3nomo Descentralizado de la Provincia de Esmeraldas\",\"description\":\"Gobierno Aut\u00f3nomo Descentralizado de la Provincia de Esmeraldas\",\"publisher\":{\"@id\":\"https:\/\/prefecturadeesmeraldas.gob.ec\/#organization\"},\"potentialAction\":[{\"@type\":\"SearchAction\",\"target\":{\"@type\":\"EntryPoint\",\"urlTemplate\":\"https:\/\/prefecturadeesmeraldas.gob.ec\/?s={search_term_string}\"},\"query-input\":{\"@type\":\"PropertyValueSpecification\",\"valueRequired\":true,\"valueName\":\"search_term_string\"}}],\"inLanguage\":\"es\"},{\"@type\":\"Organization\",\"@id\":\"https:\/\/prefecturadeesmeraldas.gob.ec\/#organization\",\"name\":\"Gobierno Aut\u00f3nomo Descentralizado de la Provincia de Esmeraldas\",\"url\":\"https:\/\/prefecturadeesmeraldas.gob.ec\/\",\"logo\":{\"@type\":\"ImageObject\",\"inLanguage\":\"es\",\"@id\":\"https:\/\/prefecturadeesmeraldas.gob.ec\/#\/schema\/logo\/image\/\",\"url\":\"https:\/\/prefecturadeesmeraldas.gob.ec\/wp-content\/uploads\/2019\/06\/logo.png\",\"contentUrl\":\"https:\/\/prefecturadeesmeraldas.gob.ec\/wp-content\/uploads\/2019\/06\/logo.png\",\"width\":859,\"height\":448,\"caption\":\"Gobierno Aut\u00f3nomo Descentralizado de la Provincia de Esmeraldas\"},\"image\":{\"@id\":\"https:\/\/prefecturadeesmeraldas.gob.ec\/#\/schema\/logo\/image\/\"},\"sameAs\":[\"https:\/\/www.facebook.com\/PrefecturaEsmeraldas\/\"]},{\"@type\":\"Person\",\"@id\":\"https:\/\/prefecturadeesmeraldas.gob.ec\/#\/schema\/person\/b0c9e7b1ead7725994d1e319e8825234\",\"name\":\"Direcci\u00f3n de Comunicaci\u00f3n\",\"image\":{\"@type\":\"ImageObject\",\"inLanguage\":\"es\",\"@id\":\"https:\/\/prefecturadeesmeraldas.gob.ec\/#\/schema\/person\/image\/\",\"url\":\"https:\/\/secure.gravatar.com\/avatar\/74a3870a946f5d774ade3569af61a72308e07ad3346f370c4b468ee2a9858658?s=96&d=mm&r=g\",\"contentUrl\":\"https:\/\/secure.gravatar.com\/avatar\/74a3870a946f5d774ade3569af61a72308e07ad3346f370c4b468ee2a9858658?s=96&d=mm&r=g\",\"caption\":\"Direcci\u00f3n de Comunicaci\u00f3n\"}}]}<\/script>\n<!-- \/ Yoast SEO plugin. -->","yoast_head_json":{"title":"El ministro de hidrocarburos y el gerente de Petroecuador se reunieron con la Prefecta Roberta Zambrano - Gobierno Aut\u00f3nomo Descentralizado de la Provincia de Esmeraldas","robots":{"index":"index","follow":"follow","max-snippet":"max-snippet:-1","max-image-preview":"max-image-preview:large","max-video-preview":"max-video-preview:-1"},"canonical":"https:\/\/prefecturadeesmeraldas.gob.ec\/index.php\/2019\/09\/09\/el-ministro-de-hidrocarburos-y-el-gerente-de-petroecuador-se-reunieron-con-la-prefecta-roberta-zambrano\/","og_locale":"es_ES","og_type":"article","og_title":"El ministro de hidrocarburos y el gerente de Petroecuador se reunieron con la Prefecta Roberta Zambrano - Gobierno Aut\u00f3nomo Descentralizado de la Provincia de Esmeraldas","og_description":"Durante 1 hora y 45 minutos, la Prefecta de Esmeraldas y Presidenta del Comit\u00e9 C\u00edvico Provincial, abogada Roberta Zambrano Ortiz, mantuvo una reuni\u00f3n t\u00e9cnica de trabajo con el Ministro de Hidrocarburos Carlos P\u00e9rez, el Gerente de Petroecuador Pablo Flores y ex t\u00e9cnicos de la Refiner\u00eda de Esmeraldas. La Prefecta dijo, que el Ministro acogi\u00f3 el [&hellip;]","og_url":"https:\/\/prefecturadeesmeraldas.gob.ec\/index.php\/2019\/09\/09\/el-ministro-de-hidrocarburos-y-el-gerente-de-petroecuador-se-reunieron-con-la-prefecta-roberta-zambrano\/","og_site_name":"Gobierno Aut\u00f3nomo Descentralizado de la Provincia de Esmeraldas","article_publisher":"https:\/\/www.facebook.com\/PrefecturaEsmeraldas\/","article_published_time":"2019-09-09T13:10:17+00:00","article_modified_time":"2019-09-09T13:14:47+00:00","og_image":[{"width":960,"height":503,"url":"https:\/\/prefecturadeesmeraldas.gob.ec\/wp-content\/uploads\/2019\/09\/69737487_432347400821658_7043847657948708864_n.jpg","type":"image\/jpeg"}],"author":"Direcci\u00f3n de Comunicaci\u00f3n","twitter_card":"summary_large_image","twitter_misc":{"Escrito por":"Direcci\u00f3n de Comunicaci\u00f3n","Tiempo de lectura":"2 minutos"},"schema":{"@context":"https:\/\/schema.org","@graph":[{"@type":"Article","@id":"https:\/\/prefecturadeesmeraldas.gob.ec\/index.php\/2019\/09\/09\/el-ministro-de-hidrocarburos-y-el-gerente-de-petroecuador-se-reunieron-con-la-prefecta-roberta-zambrano\/#article","isPartOf":{"@id":"https:\/\/prefecturadeesmeraldas.gob.ec\/index.php\/2019\/09\/09\/el-ministro-de-hidrocarburos-y-el-gerente-de-petroecuador-se-reunieron-con-la-prefecta-roberta-zambrano\/"},"author":{"name":"Direcci\u00f3n de Comunicaci\u00f3n","@id":"https:\/\/prefecturadeesmeraldas.gob.ec\/#\/schema\/person\/b0c9e7b1ead7725994d1e319e8825234"},"headline":"El ministro de hidrocarburos y el gerente de Petroecuador se reunieron con la Prefecta Roberta Zambrano","datePublished":"2019-09-09T13:10:17+00:00","dateModified":"2019-09-09T13:14:47+00:00","mainEntityOfPage":{"@id":"https:\/\/prefecturadeesmeraldas.gob.ec\/index.php\/2019\/09\/09\/el-ministro-de-hidrocarburos-y-el-gerente-de-petroecuador-se-reunieron-con-la-prefecta-roberta-zambrano\/"},"wordCount":333,"publisher":{"@id":"https:\/\/prefecturadeesmeraldas.gob.ec\/#organization"},"image":{"@id":"https:\/\/prefecturadeesmeraldas.gob.ec\/index.php\/2019\/09\/09\/el-ministro-de-hidrocarburos-y-el-gerente-de-petroecuador-se-reunieron-con-la-prefecta-roberta-zambrano\/#primaryimage"},"thumbnailUrl":"https:\/\/prefecturadeesmeraldas.gob.ec\/wp-content\/uploads\/2019\/09\/69737487_432347400821658_7043847657948708864_n.jpg","articleSection":["Noticias"],"inLanguage":"es"},{"@type":"WebPage","@id":"https:\/\/prefecturadeesmeraldas.gob.ec\/index.php\/2019\/09\/09\/el-ministro-de-hidrocarburos-y-el-gerente-de-petroecuador-se-reunieron-con-la-prefecta-roberta-zambrano\/","url":"https:\/\/prefecturadeesmeraldas.gob.ec\/index.php\/2019\/09\/09\/el-ministro-de-hidrocarburos-y-el-gerente-de-petroecuador-se-reunieron-con-la-prefecta-roberta-zambrano\/","name":"El ministro de hidrocarburos y el gerente de Petroecuador se reunieron con la Prefecta Roberta Zambrano - Gobierno Aut\u00f3nomo Descentralizado de la Provincia de Esmeraldas","isPartOf":{"@id":"https:\/\/prefecturadeesmeraldas.gob.ec\/#website"},"primaryImageOfPage":{"@id":"https:\/\/prefecturadeesmeraldas.gob.ec\/index.php\/2019\/09\/09\/el-ministro-de-hidrocarburos-y-el-gerente-de-petroecuador-se-reunieron-con-la-prefecta-roberta-zambrano\/#primaryimage"},"image":{"@id":"https:\/\/prefecturadeesmeraldas.gob.ec\/index.php\/2019\/09\/09\/el-ministro-de-hidrocarburos-y-el-gerente-de-petroecuador-se-reunieron-con-la-prefecta-roberta-zambrano\/#primaryimage"},"thumbnailUrl":"https:\/\/prefecturadeesmeraldas.gob.ec\/wp-content\/uploads\/2019\/09\/69737487_432347400821658_7043847657948708864_n.jpg","datePublished":"2019-09-09T13:10:17+00:00","dateModified":"2019-09-09T13:14:47+00:00","breadcrumb":{"@id":"https:\/\/prefecturadeesmeraldas.gob.ec\/index.php\/2019\/09\/09\/el-ministro-de-hidrocarburos-y-el-gerente-de-petroecuador-se-reunieron-con-la-prefecta-roberta-zambrano\/#breadcrumb"},"inLanguage":"es","potentialAction":[{"@type":"ReadAction","target":["https:\/\/prefecturadeesmeraldas.gob.ec\/index.php\/2019\/09\/09\/el-ministro-de-hidrocarburos-y-el-gerente-de-petroecuador-se-reunieron-con-la-prefecta-roberta-zambrano\/"]}]},{"@type":"ImageObject","inLanguage":"es","@id":"https:\/\/prefecturadeesmeraldas.gob.ec\/index.php\/2019\/09\/09\/el-ministro-de-hidrocarburos-y-el-gerente-de-petroecuador-se-reunieron-con-la-prefecta-roberta-zambrano\/#primaryimage","url":"https:\/\/prefecturadeesmeraldas.gob.ec\/wp-content\/uploads\/2019\/09\/69737487_432347400821658_7043847657948708864_n.jpg","contentUrl":"https:\/\/prefecturadeesmeraldas.gob.ec\/wp-content\/uploads\/2019\/09\/69737487_432347400821658_7043847657948708864_n.jpg","width":960,"height":503},{"@type":"BreadcrumbList","@id":"https:\/\/prefecturadeesmeraldas.gob.ec\/index.php\/2019\/09\/09\/el-ministro-de-hidrocarburos-y-el-gerente-de-petroecuador-se-reunieron-con-la-prefecta-roberta-zambrano\/#breadcrumb","itemListElement":[{"@type":"ListItem","position":1,"name":"Home","item":"https:\/\/prefecturadeesmeraldas.gob.ec\/"},{"@type":"ListItem","position":2,"name":"El ministro de hidrocarburos y el gerente de Petroecuador se reunieron con la Prefecta Roberta Zambrano"}]},{"@type":"WebSite","@id":"https:\/\/prefecturadeesmeraldas.gob.ec\/#website","url":"https:\/\/prefecturadeesmeraldas.gob.ec\/","name":"Gobierno Aut\u00f3nomo Descentralizado de la Provincia de Esmeraldas","description":"Gobierno Aut\u00f3nomo Descentralizado de la Provincia de Esmeraldas","publisher":{"@id":"https:\/\/prefecturadeesmeraldas.gob.ec\/#organization"},"potentialAction":[{"@type":"SearchAction","target":{"@type":"EntryPoint","urlTemplate":"https:\/\/prefecturadeesmeraldas.gob.ec\/?s={search_term_string}"},"query-input":{"@type":"PropertyValueSpecification","valueRequired":true,"valueName":"search_term_string"}}],"inLanguage":"es"},{"@type":"Organization","@id":"https:\/\/prefecturadeesmeraldas.gob.ec\/#organization","name":"Gobierno Aut\u00f3nomo Descentralizado de la Provincia de Esmeraldas","url":"https:\/\/prefecturadeesmeraldas.gob.ec\/","logo":{"@type":"ImageObject","inLanguage":"es","@id":"https:\/\/prefecturadeesmeraldas.gob.ec\/#\/schema\/logo\/image\/","url":"https:\/\/prefecturadeesmeraldas.gob.ec\/wp-content\/uploads\/2019\/06\/logo.png","contentUrl":"https:\/\/prefecturadeesmeraldas.gob.ec\/wp-content\/uploads\/2019\/06\/logo.png","width":859,"height":448,"caption":"Gobierno Aut\u00f3nomo Descentralizado de la Provincia de Esmeraldas"},"image":{"@id":"https:\/\/prefecturadeesmeraldas.gob.ec\/#\/schema\/logo\/image\/"},"sameAs":["https:\/\/www.facebook.com\/PrefecturaEsmeraldas\/"]},{"@type":"Person","@id":"https:\/\/prefecturadeesmeraldas.gob.ec\/#\/schema\/person\/b0c9e7b1ead7725994d1e319e8825234","name":"Direcci\u00f3n de Comunicaci\u00f3n","image":{"@type":"ImageObject","inLanguage":"es","@id":"https:\/\/prefecturadeesmeraldas.gob.ec\/#\/schema\/person\/image\/","url":"https:\/\/secure.gravatar.com\/avatar\/74a3870a946f5d774ade3569af61a72308e07ad3346f370c4b468ee2a9858658?s=96&d=mm&r=g","contentUrl":"https:\/\/secure.gravatar.com\/avatar\/74a3870a946f5d774ade3569af61a72308e07ad3346f370c4b468ee2a9858658?s=96&d=mm&r=g","caption":"Direcci\u00f3n de Comunicaci\u00f3n"}}]}},"_links":{"self":[{"href":"https:\/\/prefecturadeesmeraldas.gob.ec\/index.php\/wp-json\/wp\/v2\/posts\/1236","targetHints":{"allow":["GET"]}}],"collection":[{"href":"https:\/\/prefecturadeesmeraldas.gob.ec\/index.php\/wp-json\/wp\/v2\/posts"}],"about":[{"href":"https:\/\/prefecturadeesmeraldas.gob.ec\/index.php\/wp-json\/wp\/v2\/types\/post"}],"author":[{"embeddable":true,"href":"https:\/\/prefecturadeesmeraldas.gob.ec\/index.php\/wp-json\/wp\/v2\/users\/2"}],"replies":[{"embeddable":true,"href":"https:\/\/prefecturadeesmeraldas.gob.ec\/index.php\/wp-json\/wp\/v2\/comments?post=1236"}],"version-history":[{"count":0,"href":"https:\/\/prefecturadeesmeraldas.gob.ec\/index.php\/wp-json\/wp\/v2\/posts\/1236\/revisions"}],"wp:featuredmedia":[{"embeddable":true,"href":"https:\/\/prefecturadeesmeraldas.gob.ec\/index.php\/wp-json\/wp\/v2\/media\/1237"}],"wp:attachment":[{"href":"https:\/\/prefecturadeesmeraldas.gob.ec\/index.php\/wp-json\/wp\/v2\/media?parent=1236"}],"wp:term":[{"taxonomy":"category","embeddable":true,"href":"https:\/\/prefecturadeesmeraldas.gob.ec\/index.php\/wp-json\/wp\/v2\/categories?post=1236"},{"taxonomy":"post_tag","embeddable":true,"href":"https:\/\/prefecturadeesmeraldas.gob.ec\/index.php\/wp-json\/wp\/v2\/tags?post=1236"}],"curies":[{"name":"wp","href":"https:\/\/api.w.org\/{rel}","templated":true}]}}