{"id":12354,"date":"2021-08-26T08:59:37","date_gmt":"2021-08-26T13:59:37","guid":{"rendered":"http:\/\/prefecturadeesmeraldas.gob.ec\/?p=12354"},"modified":"2021-08-26T09:00:08","modified_gmt":"2021-08-26T14:00:08","slug":"unamydesc-ejecuto-brigada-medica-en-la-parroquia-tonsupa","status":"publish","type":"post","link":"https:\/\/prefecturadeesmeraldas.gob.ec\/index.php\/2021\/08\/26\/unamydesc-ejecuto-brigada-medica-en-la-parroquia-tonsupa\/","title":{"rendered":"UNAMYDESC ejecut\u00f3 brigada m\u00e9dica en la parroquia Tonsupa."},"content":{"rendered":"\t\t<div data-elementor-type=\"wp-post\" data-elementor-id=\"12354\" class=\"elementor elementor-12354\">\n\t\t\t\t\t\t<section class=\"elementor-section elementor-top-section elementor-element elementor-element-cfad0c4 elementor-section-boxed elementor-section-height-default elementor-section-height-default\" data-id=\"cfad0c4\" data-element_type=\"section\">\n\t\t\t\t\t\t<div class=\"elementor-container elementor-column-gap-default\">\n\t\t\t\t\t<div class=\"elementor-column elementor-col-100 elementor-top-column elementor-element elementor-element-a25284a\" data-id=\"a25284a\" data-element_type=\"column\">\n\t\t\t<div class=\"elementor-widget-wrap elementor-element-populated\">\n\t\t\t\t\t\t<div class=\"elementor-element elementor-element-93ce9bf elementor-widget elementor-widget-image\" data-id=\"93ce9bf\" data-element_type=\"widget\" data-widget_type=\"image.default\">\n\t\t\t\t<div class=\"elementor-widget-container\">\n\t\t\t\t\t\t\t\t\t\t\t\t\t\t\t<img fetchpriority=\"high\" decoding=\"async\" width=\"567\" height=\"425\" src=\"https:\/\/prefecturadeesmeraldas.gob.ec\/wp-content\/uploads\/2021\/08\/BOLETIN-0798.jpg\" class=\"attachment-large size-large wp-image-12349\" alt=\"\" srcset=\"https:\/\/prefecturadeesmeraldas.gob.ec\/wp-content\/uploads\/2021\/08\/BOLETIN-0798.jpg 567w, https:\/\/prefecturadeesmeraldas.gob.ec\/wp-content\/uploads\/2021\/08\/BOLETIN-0798-300x225.jpg 300w\" sizes=\"(max-width: 567px) 100vw, 567px\" \/>\t\t\t\t\t\t\t\t\t\t\t\t\t\t\t<\/div>\n\t\t\t\t<\/div>\n\t\t\t\t\t<\/div>\n\t\t<\/div>\n\t\t\t\t\t<\/div>\n\t\t<\/section>\n\t\t\t\t<section class=\"elementor-section elementor-top-section elementor-element elementor-element-1e7749a elementor-section-boxed elementor-section-height-default elementor-section-height-default\" data-id=\"1e7749a\" data-element_type=\"section\">\n\t\t\t\t\t\t<div class=\"elementor-container elementor-column-gap-default\">\n\t\t\t\t\t<div class=\"elementor-column elementor-col-100 elementor-top-column elementor-element elementor-element-a73a9f3\" data-id=\"a73a9f3\" data-element_type=\"column\">\n\t\t\t<div class=\"elementor-widget-wrap elementor-element-populated\">\n\t\t\t\t\t\t<div class=\"elementor-element elementor-element-3dd04ba elementor-widget elementor-widget-text-editor\" data-id=\"3dd04ba\" data-element_type=\"widget\" data-widget_type=\"text-editor.default\">\n\t\t\t\t<div class=\"elementor-widget-container\">\n\t\t\t\t\t\t\t\t\t<p>La Prefectura de Esmeraldas a trav\u00e9s de la Unidad de Asistencia M\u00e9dica, Desarrollo Social y Cultural (Unamydesc), en coordinaci\u00f3n con el Gad Parroquial de Tonsupa, realiz\u00f3 una brigada m\u00e9dica en dicha cabecera parroquial, con la finalidad de brindar el servicio de atenci\u00f3n de salud para los grupos prioritarios.<\/p><p><\/p><p>La brigada cont\u00f3 con una amplia concurrencia de pacientes. Se etendi\u00f3 en las especialidades de medicina general, ginecolog\u00eda, neumolog\u00eda y pediatr\u00eda. Tambi\u00e9n se realizaron ex\u00e1menes de glucosa y entrega de medicamentos gratuitos.<\/p><p><\/p><p>La doctora Marlene Ch\u00e1vez, explic\u00f3 que hubo una gran concuerrencia de familias, donde se antendi\u00f3 en la mayoria a ni\u00f1os con patolog\u00eda predominantes como la anemia, infecciones de la piel y gastrointestinales. Se\u00f1al\u00f3 que, adem\u00e1s de un buen chequeo m\u00e9dico, recomend\u00f3 que toda la familia que mantenga buena higiene personal, limpiar constantemente los almacenamientos de agua y tener una buena alimentaci\u00f3n.<\/p><p><\/p><p>Por su parte, Enrique Land\u00e1zuri, del sector Guayacanes Etapa 2, agradeci\u00f3 por esta noble causa, adem\u00e1s, indic\u00f3 que con esta importante contribuci\u00f3n la Prefectura de Esmeraldas mejora la atenci\u00f3n m\u00e9dica en el cant\u00f3n Atacames.<\/p><p><\/p><p>\u201cLlegu\u00e9 junto a mis hijos y los m\u00e9dicos nos brindaron una atenci\u00f3n de calidad, agradezco a la prefecta Roberta Zambrano por pensar en el bienestar de las familias que habitamos en la parroquia Tonsupa\u201d, manifest\u00f3 Mar\u00eda Calder\u00f3n.<\/p><p><\/p><p>Di\u00f3genes Gonz\u00e1lez, presidente del Gad Parroquial, felicit\u00f3 a la Prefectura de Esmeraldas y UNAMYDESC por ejecutar esta concurrida brigada m\u00e9dica que se ejecut\u00f3 de manera integral, beneficiando a ni\u00f1os, j\u00f3venes, adultos y personas de la tercera edad.<\/p>\t\t\t\t\t\t\t\t<\/div>\n\t\t\t\t<\/div>\n\t\t\t\t\t<\/div>\n\t\t<\/div>\n\t\t\t\t\t<\/div>\n\t\t<\/section>\n\t\t\t\t<\/div>\n\t\t","protected":false},"excerpt":{"rendered":"<p>La Prefectura de Esmeraldas a trav\u00e9s de la Unidad de Asistencia M\u00e9dica, Desarrollo Social y Cultural (Unamydesc), en coordinaci\u00f3n con el Gad Parroquial de Tonsupa, realiz\u00f3 una brigada m\u00e9dica en dicha cabecera parroquial, con la finalidad de brindar el servicio de atenci\u00f3n de salud para los grupos prioritarios. La brigada cont\u00f3 con una amplia concurrencia [&hellip;]<\/p>\n","protected":false},"author":2,"featured_media":12349,"comment_status":"closed","ping_status":"open","sticky":false,"template":"","format":"standard","meta":{"footnotes":""},"categories":[13],"tags":[],"class_list":["post-12354","post","type-post","status-publish","format-standard","has-post-thumbnail","hentry","category-patronato"],"yoast_head":"<!-- This site is optimized with the Yoast SEO plugin v25.7 - https:\/\/yoast.com\/wordpress\/plugins\/seo\/ -->\n<title>UNAMYDESC ejecut\u00f3 brigada m\u00e9dica en la parroquia Tonsupa. - Gobierno Aut\u00f3nomo Descentralizado de la Provincia de Esmeraldas<\/title>\n<meta name=\"robots\" content=\"index, follow, max-snippet:-1, max-image-preview:large, max-video-preview:-1\" \/>\n<link rel=\"canonical\" href=\"https:\/\/prefecturadeesmeraldas.gob.ec\/index.php\/2021\/08\/26\/unamydesc-ejecuto-brigada-medica-en-la-parroquia-tonsupa\/\" \/>\n<meta property=\"og:locale\" content=\"es_ES\" \/>\n<meta property=\"og:type\" content=\"article\" \/>\n<meta property=\"og:title\" content=\"UNAMYDESC ejecut\u00f3 brigada m\u00e9dica en la parroquia Tonsupa. - Gobierno Aut\u00f3nomo Descentralizado de la Provincia de Esmeraldas\" \/>\n<meta property=\"og:description\" content=\"La Prefectura de Esmeraldas a trav\u00e9s de la Unidad de Asistencia M\u00e9dica, Desarrollo Social y Cultural (Unamydesc), en coordinaci\u00f3n con el Gad Parroquial de Tonsupa, realiz\u00f3 una brigada m\u00e9dica en dicha cabecera parroquial, con la finalidad de brindar el servicio de atenci\u00f3n de salud para los grupos prioritarios. La brigada cont\u00f3 con una amplia concurrencia [&hellip;]\" \/>\n<meta property=\"og:url\" content=\"https:\/\/prefecturadeesmeraldas.gob.ec\/index.php\/2021\/08\/26\/unamydesc-ejecuto-brigada-medica-en-la-parroquia-tonsupa\/\" \/>\n<meta property=\"og:site_name\" content=\"Gobierno Aut\u00f3nomo Descentralizado de la Provincia de Esmeraldas\" \/>\n<meta property=\"article:publisher\" content=\"https:\/\/www.facebook.com\/PrefecturaEsmeraldas\/\" \/>\n<meta property=\"article:published_time\" content=\"2021-08-26T13:59:37+00:00\" \/>\n<meta property=\"article:modified_time\" content=\"2021-08-26T14:00:08+00:00\" \/>\n<meta property=\"og:image\" content=\"https:\/\/prefecturadeesmeraldas.gob.ec\/wp-content\/uploads\/2021\/08\/BOLETIN-0798.jpg\" \/>\n\t<meta property=\"og:image:width\" content=\"567\" \/>\n\t<meta property=\"og:image:height\" content=\"425\" \/>\n\t<meta property=\"og:image:type\" content=\"image\/jpeg\" \/>\n<meta name=\"author\" content=\"Direcci\u00f3n de Comunicaci\u00f3n\" \/>\n<meta name=\"twitter:card\" content=\"summary_large_image\" \/>\n<meta name=\"twitter:label1\" content=\"Escrito por\" \/>\n\t<meta name=\"twitter:data1\" content=\"Direcci\u00f3n de Comunicaci\u00f3n\" \/>\n\t<meta name=\"twitter:label2\" content=\"Tiempo de lectura\" \/>\n\t<meta name=\"twitter:data2\" content=\"1 minuto\" \/>\n<script type=\"application\/ld+json\" class=\"yoast-schema-graph\">{\"@context\":\"https:\/\/schema.org\",\"@graph\":[{\"@type\":\"Article\",\"@id\":\"https:\/\/prefecturadeesmeraldas.gob.ec\/index.php\/2021\/08\/26\/unamydesc-ejecuto-brigada-medica-en-la-parroquia-tonsupa\/#article\",\"isPartOf\":{\"@id\":\"https:\/\/prefecturadeesmeraldas.gob.ec\/index.php\/2021\/08\/26\/unamydesc-ejecuto-brigada-medica-en-la-parroquia-tonsupa\/\"},\"author\":{\"name\":\"Direcci\u00f3n de Comunicaci\u00f3n\",\"@id\":\"https:\/\/prefecturadeesmeraldas.gob.ec\/#\/schema\/person\/b0c9e7b1ead7725994d1e319e8825234\"},\"headline\":\"UNAMYDESC ejecut\u00f3 brigada m\u00e9dica en la parroquia Tonsupa.\",\"datePublished\":\"2021-08-26T13:59:37+00:00\",\"dateModified\":\"2021-08-26T14:00:08+00:00\",\"mainEntityOfPage\":{\"@id\":\"https:\/\/prefecturadeesmeraldas.gob.ec\/index.php\/2021\/08\/26\/unamydesc-ejecuto-brigada-medica-en-la-parroquia-tonsupa\/\"},\"wordCount\":289,\"publisher\":{\"@id\":\"https:\/\/prefecturadeesmeraldas.gob.ec\/#organization\"},\"image\":{\"@id\":\"https:\/\/prefecturadeesmeraldas.gob.ec\/index.php\/2021\/08\/26\/unamydesc-ejecuto-brigada-medica-en-la-parroquia-tonsupa\/#primaryimage\"},\"thumbnailUrl\":\"https:\/\/prefecturadeesmeraldas.gob.ec\/wp-content\/uploads\/2021\/08\/BOLETIN-0798.jpg\",\"articleSection\":[\"UNAMYDESC\"],\"inLanguage\":\"es\"},{\"@type\":\"WebPage\",\"@id\":\"https:\/\/prefecturadeesmeraldas.gob.ec\/index.php\/2021\/08\/26\/unamydesc-ejecuto-brigada-medica-en-la-parroquia-tonsupa\/\",\"url\":\"https:\/\/prefecturadeesmeraldas.gob.ec\/index.php\/2021\/08\/26\/unamydesc-ejecuto-brigada-medica-en-la-parroquia-tonsupa\/\",\"name\":\"UNAMYDESC ejecut\u00f3 brigada m\u00e9dica en la parroquia Tonsupa. - Gobierno Aut\u00f3nomo Descentralizado de la Provincia de Esmeraldas\",\"isPartOf\":{\"@id\":\"https:\/\/prefecturadeesmeraldas.gob.ec\/#website\"},\"primaryImageOfPage\":{\"@id\":\"https:\/\/prefecturadeesmeraldas.gob.ec\/index.php\/2021\/08\/26\/unamydesc-ejecuto-brigada-medica-en-la-parroquia-tonsupa\/#primaryimage\"},\"image\":{\"@id\":\"https:\/\/prefecturadeesmeraldas.gob.ec\/index.php\/2021\/08\/26\/unamydesc-ejecuto-brigada-medica-en-la-parroquia-tonsupa\/#primaryimage\"},\"thumbnailUrl\":\"https:\/\/prefecturadeesmeraldas.gob.ec\/wp-content\/uploads\/2021\/08\/BOLETIN-0798.jpg\",\"datePublished\":\"2021-08-26T13:59:37+00:00\",\"dateModified\":\"2021-08-26T14:00:08+00:00\",\"breadcrumb\":{\"@id\":\"https:\/\/prefecturadeesmeraldas.gob.ec\/index.php\/2021\/08\/26\/unamydesc-ejecuto-brigada-medica-en-la-parroquia-tonsupa\/#breadcrumb\"},\"inLanguage\":\"es\",\"potentialAction\":[{\"@type\":\"ReadAction\",\"target\":[\"https:\/\/prefecturadeesmeraldas.gob.ec\/index.php\/2021\/08\/26\/unamydesc-ejecuto-brigada-medica-en-la-parroquia-tonsupa\/\"]}]},{\"@type\":\"ImageObject\",\"inLanguage\":\"es\",\"@id\":\"https:\/\/prefecturadeesmeraldas.gob.ec\/index.php\/2021\/08\/26\/unamydesc-ejecuto-brigada-medica-en-la-parroquia-tonsupa\/#primaryimage\",\"url\":\"https:\/\/prefecturadeesmeraldas.gob.ec\/wp-content\/uploads\/2021\/08\/BOLETIN-0798.jpg\",\"contentUrl\":\"https:\/\/prefecturadeesmeraldas.gob.ec\/wp-content\/uploads\/2021\/08\/BOLETIN-0798.jpg\",\"width\":567,\"height\":425},{\"@type\":\"BreadcrumbList\",\"@id\":\"https:\/\/prefecturadeesmeraldas.gob.ec\/index.php\/2021\/08\/26\/unamydesc-ejecuto-brigada-medica-en-la-parroquia-tonsupa\/#breadcrumb\",\"itemListElement\":[{\"@type\":\"ListItem\",\"position\":1,\"name\":\"Home\",\"item\":\"https:\/\/prefecturadeesmeraldas.gob.ec\/\"},{\"@type\":\"ListItem\",\"position\":2,\"name\":\"UNAMYDESC ejecut\u00f3 brigada m\u00e9dica en la parroquia Tonsupa.\"}]},{\"@type\":\"WebSite\",\"@id\":\"https:\/\/prefecturadeesmeraldas.gob.ec\/#website\",\"url\":\"https:\/\/prefecturadeesmeraldas.gob.ec\/\",\"name\":\"Gobierno Aut\u00f3nomo Descentralizado de la Provincia de Esmeraldas\",\"description\":\"Gobierno Aut\u00f3nomo Descentralizado de la Provincia de Esmeraldas\",\"publisher\":{\"@id\":\"https:\/\/prefecturadeesmeraldas.gob.ec\/#organization\"},\"potentialAction\":[{\"@type\":\"SearchAction\",\"target\":{\"@type\":\"EntryPoint\",\"urlTemplate\":\"https:\/\/prefecturadeesmeraldas.gob.ec\/?s={search_term_string}\"},\"query-input\":{\"@type\":\"PropertyValueSpecification\",\"valueRequired\":true,\"valueName\":\"search_term_string\"}}],\"inLanguage\":\"es\"},{\"@type\":\"Organization\",\"@id\":\"https:\/\/prefecturadeesmeraldas.gob.ec\/#organization\",\"name\":\"Gobierno Aut\u00f3nomo Descentralizado de la Provincia de Esmeraldas\",\"url\":\"https:\/\/prefecturadeesmeraldas.gob.ec\/\",\"logo\":{\"@type\":\"ImageObject\",\"inLanguage\":\"es\",\"@id\":\"https:\/\/prefecturadeesmeraldas.gob.ec\/#\/schema\/logo\/image\/\",\"url\":\"https:\/\/prefecturadeesmeraldas.gob.ec\/wp-content\/uploads\/2019\/06\/logo.png\",\"contentUrl\":\"https:\/\/prefecturadeesmeraldas.gob.ec\/wp-content\/uploads\/2019\/06\/logo.png\",\"width\":859,\"height\":448,\"caption\":\"Gobierno Aut\u00f3nomo Descentralizado de la Provincia de Esmeraldas\"},\"image\":{\"@id\":\"https:\/\/prefecturadeesmeraldas.gob.ec\/#\/schema\/logo\/image\/\"},\"sameAs\":[\"https:\/\/www.facebook.com\/PrefecturaEsmeraldas\/\"]},{\"@type\":\"Person\",\"@id\":\"https:\/\/prefecturadeesmeraldas.gob.ec\/#\/schema\/person\/b0c9e7b1ead7725994d1e319e8825234\",\"name\":\"Direcci\u00f3n de Comunicaci\u00f3n\",\"image\":{\"@type\":\"ImageObject\",\"inLanguage\":\"es\",\"@id\":\"https:\/\/prefecturadeesmeraldas.gob.ec\/#\/schema\/person\/image\/\",\"url\":\"https:\/\/secure.gravatar.com\/avatar\/74a3870a946f5d774ade3569af61a72308e07ad3346f370c4b468ee2a9858658?s=96&d=mm&r=g\",\"contentUrl\":\"https:\/\/secure.gravatar.com\/avatar\/74a3870a946f5d774ade3569af61a72308e07ad3346f370c4b468ee2a9858658?s=96&d=mm&r=g\",\"caption\":\"Direcci\u00f3n de Comunicaci\u00f3n\"}}]}<\/script>\n<!-- \/ Yoast SEO plugin. -->","yoast_head_json":{"title":"UNAMYDESC ejecut\u00f3 brigada m\u00e9dica en la parroquia Tonsupa. - Gobierno Aut\u00f3nomo Descentralizado de la Provincia de Esmeraldas","robots":{"index":"index","follow":"follow","max-snippet":"max-snippet:-1","max-image-preview":"max-image-preview:large","max-video-preview":"max-video-preview:-1"},"canonical":"https:\/\/prefecturadeesmeraldas.gob.ec\/index.php\/2021\/08\/26\/unamydesc-ejecuto-brigada-medica-en-la-parroquia-tonsupa\/","og_locale":"es_ES","og_type":"article","og_title":"UNAMYDESC ejecut\u00f3 brigada m\u00e9dica en la parroquia Tonsupa. - Gobierno Aut\u00f3nomo Descentralizado de la Provincia de Esmeraldas","og_description":"La Prefectura de Esmeraldas a trav\u00e9s de la Unidad de Asistencia M\u00e9dica, Desarrollo Social y Cultural (Unamydesc), en coordinaci\u00f3n con el Gad Parroquial de Tonsupa, realiz\u00f3 una brigada m\u00e9dica en dicha cabecera parroquial, con la finalidad de brindar el servicio de atenci\u00f3n de salud para los grupos prioritarios. La brigada cont\u00f3 con una amplia concurrencia [&hellip;]","og_url":"https:\/\/prefecturadeesmeraldas.gob.ec\/index.php\/2021\/08\/26\/unamydesc-ejecuto-brigada-medica-en-la-parroquia-tonsupa\/","og_site_name":"Gobierno Aut\u00f3nomo Descentralizado de la Provincia de Esmeraldas","article_publisher":"https:\/\/www.facebook.com\/PrefecturaEsmeraldas\/","article_published_time":"2021-08-26T13:59:37+00:00","article_modified_time":"2021-08-26T14:00:08+00:00","og_image":[{"width":567,"height":425,"url":"https:\/\/prefecturadeesmeraldas.gob.ec\/wp-content\/uploads\/2021\/08\/BOLETIN-0798.jpg","type":"image\/jpeg"}],"author":"Direcci\u00f3n de Comunicaci\u00f3n","twitter_card":"summary_large_image","twitter_misc":{"Escrito por":"Direcci\u00f3n de Comunicaci\u00f3n","Tiempo de lectura":"1 minuto"},"schema":{"@context":"https:\/\/schema.org","@graph":[{"@type":"Article","@id":"https:\/\/prefecturadeesmeraldas.gob.ec\/index.php\/2021\/08\/26\/unamydesc-ejecuto-brigada-medica-en-la-parroquia-tonsupa\/#article","isPartOf":{"@id":"https:\/\/prefecturadeesmeraldas.gob.ec\/index.php\/2021\/08\/26\/unamydesc-ejecuto-brigada-medica-en-la-parroquia-tonsupa\/"},"author":{"name":"Direcci\u00f3n de Comunicaci\u00f3n","@id":"https:\/\/prefecturadeesmeraldas.gob.ec\/#\/schema\/person\/b0c9e7b1ead7725994d1e319e8825234"},"headline":"UNAMYDESC ejecut\u00f3 brigada m\u00e9dica en la parroquia Tonsupa.","datePublished":"2021-08-26T13:59:37+00:00","dateModified":"2021-08-26T14:00:08+00:00","mainEntityOfPage":{"@id":"https:\/\/prefecturadeesmeraldas.gob.ec\/index.php\/2021\/08\/26\/unamydesc-ejecuto-brigada-medica-en-la-parroquia-tonsupa\/"},"wordCount":289,"publisher":{"@id":"https:\/\/prefecturadeesmeraldas.gob.ec\/#organization"},"image":{"@id":"https:\/\/prefecturadeesmeraldas.gob.ec\/index.php\/2021\/08\/26\/unamydesc-ejecuto-brigada-medica-en-la-parroquia-tonsupa\/#primaryimage"},"thumbnailUrl":"https:\/\/prefecturadeesmeraldas.gob.ec\/wp-content\/uploads\/2021\/08\/BOLETIN-0798.jpg","articleSection":["UNAMYDESC"],"inLanguage":"es"},{"@type":"WebPage","@id":"https:\/\/prefecturadeesmeraldas.gob.ec\/index.php\/2021\/08\/26\/unamydesc-ejecuto-brigada-medica-en-la-parroquia-tonsupa\/","url":"https:\/\/prefecturadeesmeraldas.gob.ec\/index.php\/2021\/08\/26\/unamydesc-ejecuto-brigada-medica-en-la-parroquia-tonsupa\/","name":"UNAMYDESC ejecut\u00f3 brigada m\u00e9dica en la parroquia Tonsupa. - Gobierno Aut\u00f3nomo Descentralizado de la Provincia de Esmeraldas","isPartOf":{"@id":"https:\/\/prefecturadeesmeraldas.gob.ec\/#website"},"primaryImageOfPage":{"@id":"https:\/\/prefecturadeesmeraldas.gob.ec\/index.php\/2021\/08\/26\/unamydesc-ejecuto-brigada-medica-en-la-parroquia-tonsupa\/#primaryimage"},"image":{"@id":"https:\/\/prefecturadeesmeraldas.gob.ec\/index.php\/2021\/08\/26\/unamydesc-ejecuto-brigada-medica-en-la-parroquia-tonsupa\/#primaryimage"},"thumbnailUrl":"https:\/\/prefecturadeesmeraldas.gob.ec\/wp-content\/uploads\/2021\/08\/BOLETIN-0798.jpg","datePublished":"2021-08-26T13:59:37+00:00","dateModified":"2021-08-26T14:00:08+00:00","breadcrumb":{"@id":"https:\/\/prefecturadeesmeraldas.gob.ec\/index.php\/2021\/08\/26\/unamydesc-ejecuto-brigada-medica-en-la-parroquia-tonsupa\/#breadcrumb"},"inLanguage":"es","potentialAction":[{"@type":"ReadAction","target":["https:\/\/prefecturadeesmeraldas.gob.ec\/index.php\/2021\/08\/26\/unamydesc-ejecuto-brigada-medica-en-la-parroquia-tonsupa\/"]}]},{"@type":"ImageObject","inLanguage":"es","@id":"https:\/\/prefecturadeesmeraldas.gob.ec\/index.php\/2021\/08\/26\/unamydesc-ejecuto-brigada-medica-en-la-parroquia-tonsupa\/#primaryimage","url":"https:\/\/prefecturadeesmeraldas.gob.ec\/wp-content\/uploads\/2021\/08\/BOLETIN-0798.jpg","contentUrl":"https:\/\/prefecturadeesmeraldas.gob.ec\/wp-content\/uploads\/2021\/08\/BOLETIN-0798.jpg","width":567,"height":425},{"@type":"BreadcrumbList","@id":"https:\/\/prefecturadeesmeraldas.gob.ec\/index.php\/2021\/08\/26\/unamydesc-ejecuto-brigada-medica-en-la-parroquia-tonsupa\/#breadcrumb","itemListElement":[{"@type":"ListItem","position":1,"name":"Home","item":"https:\/\/prefecturadeesmeraldas.gob.ec\/"},{"@type":"ListItem","position":2,"name":"UNAMYDESC ejecut\u00f3 brigada m\u00e9dica en la parroquia Tonsupa."}]},{"@type":"WebSite","@id":"https:\/\/prefecturadeesmeraldas.gob.ec\/#website","url":"https:\/\/prefecturadeesmeraldas.gob.ec\/","name":"Gobierno Aut\u00f3nomo Descentralizado de la Provincia de Esmeraldas","description":"Gobierno Aut\u00f3nomo Descentralizado de la Provincia de Esmeraldas","publisher":{"@id":"https:\/\/prefecturadeesmeraldas.gob.ec\/#organization"},"potentialAction":[{"@type":"SearchAction","target":{"@type":"EntryPoint","urlTemplate":"https:\/\/prefecturadeesmeraldas.gob.ec\/?s={search_term_string}"},"query-input":{"@type":"PropertyValueSpecification","valueRequired":true,"valueName":"search_term_string"}}],"inLanguage":"es"},{"@type":"Organization","@id":"https:\/\/prefecturadeesmeraldas.gob.ec\/#organization","name":"Gobierno Aut\u00f3nomo Descentralizado de la Provincia de Esmeraldas","url":"https:\/\/prefecturadeesmeraldas.gob.ec\/","logo":{"@type":"ImageObject","inLanguage":"es","@id":"https:\/\/prefecturadeesmeraldas.gob.ec\/#\/schema\/logo\/image\/","url":"https:\/\/prefecturadeesmeraldas.gob.ec\/wp-content\/uploads\/2019\/06\/logo.png","contentUrl":"https:\/\/prefecturadeesmeraldas.gob.ec\/wp-content\/uploads\/2019\/06\/logo.png","width":859,"height":448,"caption":"Gobierno Aut\u00f3nomo Descentralizado de la Provincia de Esmeraldas"},"image":{"@id":"https:\/\/prefecturadeesmeraldas.gob.ec\/#\/schema\/logo\/image\/"},"sameAs":["https:\/\/www.facebook.com\/PrefecturaEsmeraldas\/"]},{"@type":"Person","@id":"https:\/\/prefecturadeesmeraldas.gob.ec\/#\/schema\/person\/b0c9e7b1ead7725994d1e319e8825234","name":"Direcci\u00f3n de Comunicaci\u00f3n","image":{"@type":"ImageObject","inLanguage":"es","@id":"https:\/\/prefecturadeesmeraldas.gob.ec\/#\/schema\/person\/image\/","url":"https:\/\/secure.gravatar.com\/avatar\/74a3870a946f5d774ade3569af61a72308e07ad3346f370c4b468ee2a9858658?s=96&d=mm&r=g","contentUrl":"https:\/\/secure.gravatar.com\/avatar\/74a3870a946f5d774ade3569af61a72308e07ad3346f370c4b468ee2a9858658?s=96&d=mm&r=g","caption":"Direcci\u00f3n de Comunicaci\u00f3n"}}]}},"_links":{"self":[{"href":"https:\/\/prefecturadeesmeraldas.gob.ec\/index.php\/wp-json\/wp\/v2\/posts\/12354","targetHints":{"allow":["GET"]}}],"collection":[{"href":"https:\/\/prefecturadeesmeraldas.gob.ec\/index.php\/wp-json\/wp\/v2\/posts"}],"about":[{"href":"https:\/\/prefecturadeesmeraldas.gob.ec\/index.php\/wp-json\/wp\/v2\/types\/post"}],"author":[{"embeddable":true,"href":"https:\/\/prefecturadeesmeraldas.gob.ec\/index.php\/wp-json\/wp\/v2\/users\/2"}],"replies":[{"embeddable":true,"href":"https:\/\/prefecturadeesmeraldas.gob.ec\/index.php\/wp-json\/wp\/v2\/comments?post=12354"}],"version-history":[{"count":0,"href":"https:\/\/prefecturadeesmeraldas.gob.ec\/index.php\/wp-json\/wp\/v2\/posts\/12354\/revisions"}],"wp:featuredmedia":[{"embeddable":true,"href":"https:\/\/prefecturadeesmeraldas.gob.ec\/index.php\/wp-json\/wp\/v2\/media\/12349"}],"wp:attachment":[{"href":"https:\/\/prefecturadeesmeraldas.gob.ec\/index.php\/wp-json\/wp\/v2\/media?parent=12354"}],"wp:term":[{"taxonomy":"category","embeddable":true,"href":"https:\/\/prefecturadeesmeraldas.gob.ec\/index.php\/wp-json\/wp\/v2\/categories?post=12354"},{"taxonomy":"post_tag","embeddable":true,"href":"https:\/\/prefecturadeesmeraldas.gob.ec\/index.php\/wp-json\/wp\/v2\/tags?post=12354"}],"curies":[{"name":"wp","href":"https:\/\/api.w.org\/{rel}","templated":true}]}}