{"id":12336,"date":"2021-08-23T15:07:30","date_gmt":"2021-08-23T20:07:30","guid":{"rendered":"http:\/\/prefecturadeesmeraldas.gob.ec\/?p=12336"},"modified":"2021-08-23T15:09:06","modified_gmt":"2021-08-23T20:09:06","slug":"prefectura-fortalece-los-conocimientos-de-emprendedores-de-la-parroquia-cabo-de-san-francisco","status":"publish","type":"post","link":"https:\/\/prefecturadeesmeraldas.gob.ec\/index.php\/2021\/08\/23\/prefectura-fortalece-los-conocimientos-de-emprendedores-de-la-parroquia-cabo-de-san-francisco\/","title":{"rendered":"Prefectura fortalece los conocimientos de emprendedores de la parroquia Cabo de San Francisco."},"content":{"rendered":"\t\t<div data-elementor-type=\"wp-post\" data-elementor-id=\"12336\" class=\"elementor elementor-12336\">\n\t\t\t\t\t\t<section class=\"elementor-section elementor-top-section elementor-element elementor-element-d6825b6 elementor-section-boxed elementor-section-height-default elementor-section-height-default\" data-id=\"d6825b6\" data-element_type=\"section\">\n\t\t\t\t\t\t<div class=\"elementor-container elementor-column-gap-default\">\n\t\t\t\t\t<div class=\"elementor-column elementor-col-100 elementor-top-column elementor-element elementor-element-e4ad201\" data-id=\"e4ad201\" data-element_type=\"column\">\n\t\t\t<div class=\"elementor-widget-wrap elementor-element-populated\">\n\t\t\t\t\t\t<div class=\"elementor-element elementor-element-7edbd49 elementor-widget elementor-widget-image\" data-id=\"7edbd49\" data-element_type=\"widget\" data-widget_type=\"image.default\">\n\t\t\t\t<div class=\"elementor-widget-container\">\n\t\t\t\t\t\t\t\t\t\t\t\t\t\t\t<img fetchpriority=\"high\" decoding=\"async\" width=\"974\" height=\"974\" src=\"https:\/\/prefecturadeesmeraldas.gob.ec\/wp-content\/uploads\/2021\/08\/Imagen7-1.jpg\" class=\"attachment-large size-large wp-image-12338\" alt=\"\" srcset=\"https:\/\/prefecturadeesmeraldas.gob.ec\/wp-content\/uploads\/2021\/08\/Imagen7-1.jpg 974w, https:\/\/prefecturadeesmeraldas.gob.ec\/wp-content\/uploads\/2021\/08\/Imagen7-1-240x240.jpg 240w, https:\/\/prefecturadeesmeraldas.gob.ec\/wp-content\/uploads\/2021\/08\/Imagen7-1-150x150.jpg 150w, https:\/\/prefecturadeesmeraldas.gob.ec\/wp-content\/uploads\/2021\/08\/Imagen7-1-300x300.jpg 300w, https:\/\/prefecturadeesmeraldas.gob.ec\/wp-content\/uploads\/2021\/08\/Imagen7-1-768x768.jpg 768w\" sizes=\"(max-width: 974px) 100vw, 974px\" \/>\t\t\t\t\t\t\t\t\t\t\t\t\t\t\t<\/div>\n\t\t\t\t<\/div>\n\t\t\t\t\t<\/div>\n\t\t<\/div>\n\t\t\t\t\t<\/div>\n\t\t<\/section>\n\t\t\t\t<section class=\"elementor-section elementor-top-section elementor-element elementor-element-427d735 elementor-section-boxed elementor-section-height-default elementor-section-height-default\" data-id=\"427d735\" data-element_type=\"section\">\n\t\t\t\t\t\t<div class=\"elementor-container elementor-column-gap-default\">\n\t\t\t\t\t<div class=\"elementor-column elementor-col-100 elementor-top-column elementor-element elementor-element-15ac7d5\" data-id=\"15ac7d5\" data-element_type=\"column\">\n\t\t\t<div class=\"elementor-widget-wrap elementor-element-populated\">\n\t\t\t\t\t\t<div class=\"elementor-element elementor-element-667b466 elementor-widget elementor-widget-text-editor\" data-id=\"667b466\" data-element_type=\"widget\" data-widget_type=\"text-editor.default\">\n\t\t\t\t<div class=\"elementor-widget-container\">\n\t\t\t\t\t\t\t\t\t<p>Con la finalidad de reactivar la econom\u00eda del cant\u00f3n Muisne, la Prefectura de Esmeraldas en coordinaci\u00f3n con la Universidad Cat\u00f3lica del Ecuador -Sede Esmeraldas y el Fondo de Innovaci\u00f3n financiado por la GIZ Ecuador, desarrollaron el taller \u201c<strong>Conservaci\u00f3n con \u00e9nfasis en preservado, secado y almacenamiento de ca\u00f1a guadua y bamb\u00fa<\/strong>\u201d, en la comunidad Bunche, situada en la parroquia Cabo de San Francisco.<\/p><p><\/p><p>El tallerista internacional PhD. Jorge Augusto Montoya, fue el encargado de brindar la capacitaci\u00f3n te\u00f3rica &#8211; pr\u00e1ctica con una duraci\u00f3n de 3 d\u00edas, donde se fortalecieron los conocimientos y capacidades de los integrantes de Asoprobamb\u00fa y otras asociaciones.<\/p><p><\/p><p><strong>Diego Simisterra<\/strong>, miembro de Asoprobamb\u00fa, indic\u00f3 sentirse muy feliz y contento por todos los conocimientos, tanto pr\u00e1cticos como te\u00f3ricos, que adquiri\u00f3 en el taller. Agradeci\u00f3 a la prefecta Roberta Zambrano por todo el apoyo que contin\u00faa brindando a la comunidad de Bunche.<\/p><p><\/p><p><strong>Lady Cede\u00f1o<\/strong>, directora de Cooperaci\u00f3n Internacional, aprovech\u00f3 la oportunidad para informar que el Centro de Preservado de Bamb\u00fa est\u00e1 totalmente construido y pronto va a inaugurarse. Destac\u00f3 que todos los integrantes de la Asociaci\u00f3n de Producci\u00f3n Artesanal Bambuseros de Bunche (ASOPROBAMB\u00da), estudiantes universitarios y personas que se dedican a esta actividad econ\u00f3mica, participaron en este importante taller que les permitir\u00e1 aplicar todos los conocimientos adquiridos para fortalecer sus habilidades y dinamizar la econom\u00eda.<\/p><p><\/p><p>Por su parte, Jorge Augusto Montoya, docente de la Universidad Tecnol\u00f3gica de Pereira, que cuenta con amplia trayectoria de 22 a\u00f1os en la preservaci\u00f3n y secado del bamb\u00fa, lleg\u00f3 desde Colombia para brindar el taller. Destac\u00f3 que, los conocimientos que est\u00e1 brindando, servir\u00e1n para que, al momento de la apertura de la Planta de Preservado, los miembros de Asoprobamb\u00fa manejen muy bien los diferentes tipos de<\/p><p><\/p><p><\/p><p><\/p><p>tratamientos y m\u00e9todos de secado de este material, permitiendo obtener productos de excelente calidad.<\/p>\t\t\t\t\t\t\t\t<\/div>\n\t\t\t\t<\/div>\n\t\t\t\t\t<\/div>\n\t\t<\/div>\n\t\t\t\t\t<\/div>\n\t\t<\/section>\n\t\t\t\t<\/div>\n\t\t","protected":false},"excerpt":{"rendered":"<p>Con la finalidad de reactivar la econom\u00eda del cant\u00f3n Muisne, la Prefectura de Esmeraldas en coordinaci\u00f3n con la Universidad Cat\u00f3lica del Ecuador -Sede Esmeraldas y el Fondo de Innovaci\u00f3n financiado por la GIZ Ecuador, desarrollaron el taller \u201cConservaci\u00f3n con \u00e9nfasis en preservado, secado y almacenamiento de ca\u00f1a guadua y bamb\u00fa\u201d, en la comunidad Bunche, situada [&hellip;]<\/p>\n","protected":false},"author":2,"featured_media":12338,"comment_status":"closed","ping_status":"open","sticky":false,"template":"","format":"standard","meta":{"footnotes":""},"categories":[24],"tags":[],"class_list":["post-12336","post","type-post","status-publish","format-standard","has-post-thumbnail","hentry","category-cooperacion-internacional"],"yoast_head":"<!-- This site is optimized with the Yoast SEO plugin v25.7 - https:\/\/yoast.com\/wordpress\/plugins\/seo\/ -->\n<title>Prefectura fortalece los conocimientos de emprendedores de la parroquia Cabo de San Francisco. - Gobierno Aut\u00f3nomo Descentralizado de la Provincia de Esmeraldas<\/title>\n<meta name=\"robots\" content=\"index, follow, max-snippet:-1, max-image-preview:large, max-video-preview:-1\" \/>\n<link rel=\"canonical\" href=\"https:\/\/prefecturadeesmeraldas.gob.ec\/index.php\/2021\/08\/23\/prefectura-fortalece-los-conocimientos-de-emprendedores-de-la-parroquia-cabo-de-san-francisco\/\" \/>\n<meta property=\"og:locale\" content=\"es_ES\" \/>\n<meta property=\"og:type\" content=\"article\" \/>\n<meta property=\"og:title\" content=\"Prefectura fortalece los conocimientos de emprendedores de la parroquia Cabo de San Francisco. - Gobierno Aut\u00f3nomo Descentralizado de la Provincia de Esmeraldas\" \/>\n<meta property=\"og:description\" content=\"Con la finalidad de reactivar la econom\u00eda del cant\u00f3n Muisne, la Prefectura de Esmeraldas en coordinaci\u00f3n con la Universidad Cat\u00f3lica del Ecuador -Sede Esmeraldas y el Fondo de Innovaci\u00f3n financiado por la GIZ Ecuador, desarrollaron el taller \u201cConservaci\u00f3n con \u00e9nfasis en preservado, secado y almacenamiento de ca\u00f1a guadua y bamb\u00fa\u201d, en la comunidad Bunche, situada [&hellip;]\" \/>\n<meta property=\"og:url\" content=\"https:\/\/prefecturadeesmeraldas.gob.ec\/index.php\/2021\/08\/23\/prefectura-fortalece-los-conocimientos-de-emprendedores-de-la-parroquia-cabo-de-san-francisco\/\" \/>\n<meta property=\"og:site_name\" content=\"Gobierno Aut\u00f3nomo Descentralizado de la Provincia de Esmeraldas\" \/>\n<meta property=\"article:publisher\" content=\"https:\/\/www.facebook.com\/PrefecturaEsmeraldas\/\" \/>\n<meta property=\"article:published_time\" content=\"2021-08-23T20:07:30+00:00\" \/>\n<meta property=\"article:modified_time\" content=\"2021-08-23T20:09:06+00:00\" \/>\n<meta property=\"og:image\" content=\"https:\/\/prefecturadeesmeraldas.gob.ec\/wp-content\/uploads\/2021\/08\/Imagen7-1.jpg\" \/>\n\t<meta property=\"og:image:width\" content=\"974\" \/>\n\t<meta property=\"og:image:height\" content=\"974\" \/>\n\t<meta property=\"og:image:type\" content=\"image\/jpeg\" \/>\n<meta name=\"author\" content=\"Direcci\u00f3n de Comunicaci\u00f3n\" \/>\n<meta name=\"twitter:card\" content=\"summary_large_image\" \/>\n<meta name=\"twitter:label1\" content=\"Escrito por\" \/>\n\t<meta name=\"twitter:data1\" content=\"Direcci\u00f3n de Comunicaci\u00f3n\" \/>\n\t<meta name=\"twitter:label2\" content=\"Tiempo de lectura\" \/>\n\t<meta name=\"twitter:data2\" content=\"2 minutos\" \/>\n<script type=\"application\/ld+json\" class=\"yoast-schema-graph\">{\"@context\":\"https:\/\/schema.org\",\"@graph\":[{\"@type\":\"Article\",\"@id\":\"https:\/\/prefecturadeesmeraldas.gob.ec\/index.php\/2021\/08\/23\/prefectura-fortalece-los-conocimientos-de-emprendedores-de-la-parroquia-cabo-de-san-francisco\/#article\",\"isPartOf\":{\"@id\":\"https:\/\/prefecturadeesmeraldas.gob.ec\/index.php\/2021\/08\/23\/prefectura-fortalece-los-conocimientos-de-emprendedores-de-la-parroquia-cabo-de-san-francisco\/\"},\"author\":{\"name\":\"Direcci\u00f3n de Comunicaci\u00f3n\",\"@id\":\"https:\/\/prefecturadeesmeraldas.gob.ec\/#\/schema\/person\/b0c9e7b1ead7725994d1e319e8825234\"},\"headline\":\"Prefectura fortalece los conocimientos de emprendedores de la parroquia Cabo de San Francisco.\",\"datePublished\":\"2021-08-23T20:07:30+00:00\",\"dateModified\":\"2021-08-23T20:09:06+00:00\",\"mainEntityOfPage\":{\"@id\":\"https:\/\/prefecturadeesmeraldas.gob.ec\/index.php\/2021\/08\/23\/prefectura-fortalece-los-conocimientos-de-emprendedores-de-la-parroquia-cabo-de-san-francisco\/\"},\"wordCount\":332,\"publisher\":{\"@id\":\"https:\/\/prefecturadeesmeraldas.gob.ec\/#organization\"},\"image\":{\"@id\":\"https:\/\/prefecturadeesmeraldas.gob.ec\/index.php\/2021\/08\/23\/prefectura-fortalece-los-conocimientos-de-emprendedores-de-la-parroquia-cabo-de-san-francisco\/#primaryimage\"},\"thumbnailUrl\":\"https:\/\/prefecturadeesmeraldas.gob.ec\/wp-content\/uploads\/2021\/08\/Imagen7-1.jpg\",\"articleSection\":[\"Cooperaci\u00f3n Internacional\"],\"inLanguage\":\"es\"},{\"@type\":\"WebPage\",\"@id\":\"https:\/\/prefecturadeesmeraldas.gob.ec\/index.php\/2021\/08\/23\/prefectura-fortalece-los-conocimientos-de-emprendedores-de-la-parroquia-cabo-de-san-francisco\/\",\"url\":\"https:\/\/prefecturadeesmeraldas.gob.ec\/index.php\/2021\/08\/23\/prefectura-fortalece-los-conocimientos-de-emprendedores-de-la-parroquia-cabo-de-san-francisco\/\",\"name\":\"Prefectura fortalece los conocimientos de emprendedores de la parroquia Cabo de San Francisco. - Gobierno Aut\u00f3nomo Descentralizado de la Provincia de Esmeraldas\",\"isPartOf\":{\"@id\":\"https:\/\/prefecturadeesmeraldas.gob.ec\/#website\"},\"primaryImageOfPage\":{\"@id\":\"https:\/\/prefecturadeesmeraldas.gob.ec\/index.php\/2021\/08\/23\/prefectura-fortalece-los-conocimientos-de-emprendedores-de-la-parroquia-cabo-de-san-francisco\/#primaryimage\"},\"image\":{\"@id\":\"https:\/\/prefecturadeesmeraldas.gob.ec\/index.php\/2021\/08\/23\/prefectura-fortalece-los-conocimientos-de-emprendedores-de-la-parroquia-cabo-de-san-francisco\/#primaryimage\"},\"thumbnailUrl\":\"https:\/\/prefecturadeesmeraldas.gob.ec\/wp-content\/uploads\/2021\/08\/Imagen7-1.jpg\",\"datePublished\":\"2021-08-23T20:07:30+00:00\",\"dateModified\":\"2021-08-23T20:09:06+00:00\",\"breadcrumb\":{\"@id\":\"https:\/\/prefecturadeesmeraldas.gob.ec\/index.php\/2021\/08\/23\/prefectura-fortalece-los-conocimientos-de-emprendedores-de-la-parroquia-cabo-de-san-francisco\/#breadcrumb\"},\"inLanguage\":\"es\",\"potentialAction\":[{\"@type\":\"ReadAction\",\"target\":[\"https:\/\/prefecturadeesmeraldas.gob.ec\/index.php\/2021\/08\/23\/prefectura-fortalece-los-conocimientos-de-emprendedores-de-la-parroquia-cabo-de-san-francisco\/\"]}]},{\"@type\":\"ImageObject\",\"inLanguage\":\"es\",\"@id\":\"https:\/\/prefecturadeesmeraldas.gob.ec\/index.php\/2021\/08\/23\/prefectura-fortalece-los-conocimientos-de-emprendedores-de-la-parroquia-cabo-de-san-francisco\/#primaryimage\",\"url\":\"https:\/\/prefecturadeesmeraldas.gob.ec\/wp-content\/uploads\/2021\/08\/Imagen7-1.jpg\",\"contentUrl\":\"https:\/\/prefecturadeesmeraldas.gob.ec\/wp-content\/uploads\/2021\/08\/Imagen7-1.jpg\",\"width\":974,\"height\":974},{\"@type\":\"BreadcrumbList\",\"@id\":\"https:\/\/prefecturadeesmeraldas.gob.ec\/index.php\/2021\/08\/23\/prefectura-fortalece-los-conocimientos-de-emprendedores-de-la-parroquia-cabo-de-san-francisco\/#breadcrumb\",\"itemListElement\":[{\"@type\":\"ListItem\",\"position\":1,\"name\":\"Home\",\"item\":\"https:\/\/prefecturadeesmeraldas.gob.ec\/\"},{\"@type\":\"ListItem\",\"position\":2,\"name\":\"Prefectura fortalece los conocimientos de emprendedores de la parroquia Cabo de San Francisco.\"}]},{\"@type\":\"WebSite\",\"@id\":\"https:\/\/prefecturadeesmeraldas.gob.ec\/#website\",\"url\":\"https:\/\/prefecturadeesmeraldas.gob.ec\/\",\"name\":\"Gobierno Aut\u00f3nomo Descentralizado de la Provincia de Esmeraldas\",\"description\":\"Gobierno Aut\u00f3nomo Descentralizado de la Provincia de Esmeraldas\",\"publisher\":{\"@id\":\"https:\/\/prefecturadeesmeraldas.gob.ec\/#organization\"},\"potentialAction\":[{\"@type\":\"SearchAction\",\"target\":{\"@type\":\"EntryPoint\",\"urlTemplate\":\"https:\/\/prefecturadeesmeraldas.gob.ec\/?s={search_term_string}\"},\"query-input\":{\"@type\":\"PropertyValueSpecification\",\"valueRequired\":true,\"valueName\":\"search_term_string\"}}],\"inLanguage\":\"es\"},{\"@type\":\"Organization\",\"@id\":\"https:\/\/prefecturadeesmeraldas.gob.ec\/#organization\",\"name\":\"Gobierno Aut\u00f3nomo Descentralizado de la Provincia de Esmeraldas\",\"url\":\"https:\/\/prefecturadeesmeraldas.gob.ec\/\",\"logo\":{\"@type\":\"ImageObject\",\"inLanguage\":\"es\",\"@id\":\"https:\/\/prefecturadeesmeraldas.gob.ec\/#\/schema\/logo\/image\/\",\"url\":\"https:\/\/prefecturadeesmeraldas.gob.ec\/wp-content\/uploads\/2019\/06\/logo.png\",\"contentUrl\":\"https:\/\/prefecturadeesmeraldas.gob.ec\/wp-content\/uploads\/2019\/06\/logo.png\",\"width\":859,\"height\":448,\"caption\":\"Gobierno Aut\u00f3nomo Descentralizado de la Provincia de Esmeraldas\"},\"image\":{\"@id\":\"https:\/\/prefecturadeesmeraldas.gob.ec\/#\/schema\/logo\/image\/\"},\"sameAs\":[\"https:\/\/www.facebook.com\/PrefecturaEsmeraldas\/\"]},{\"@type\":\"Person\",\"@id\":\"https:\/\/prefecturadeesmeraldas.gob.ec\/#\/schema\/person\/b0c9e7b1ead7725994d1e319e8825234\",\"name\":\"Direcci\u00f3n de Comunicaci\u00f3n\",\"image\":{\"@type\":\"ImageObject\",\"inLanguage\":\"es\",\"@id\":\"https:\/\/prefecturadeesmeraldas.gob.ec\/#\/schema\/person\/image\/\",\"url\":\"https:\/\/secure.gravatar.com\/avatar\/74a3870a946f5d774ade3569af61a72308e07ad3346f370c4b468ee2a9858658?s=96&d=mm&r=g\",\"contentUrl\":\"https:\/\/secure.gravatar.com\/avatar\/74a3870a946f5d774ade3569af61a72308e07ad3346f370c4b468ee2a9858658?s=96&d=mm&r=g\",\"caption\":\"Direcci\u00f3n de Comunicaci\u00f3n\"}}]}<\/script>\n<!-- \/ Yoast SEO plugin. -->","yoast_head_json":{"title":"Prefectura fortalece los conocimientos de emprendedores de la parroquia Cabo de San Francisco. - Gobierno Aut\u00f3nomo Descentralizado de la Provincia de Esmeraldas","robots":{"index":"index","follow":"follow","max-snippet":"max-snippet:-1","max-image-preview":"max-image-preview:large","max-video-preview":"max-video-preview:-1"},"canonical":"https:\/\/prefecturadeesmeraldas.gob.ec\/index.php\/2021\/08\/23\/prefectura-fortalece-los-conocimientos-de-emprendedores-de-la-parroquia-cabo-de-san-francisco\/","og_locale":"es_ES","og_type":"article","og_title":"Prefectura fortalece los conocimientos de emprendedores de la parroquia Cabo de San Francisco. - Gobierno Aut\u00f3nomo Descentralizado de la Provincia de Esmeraldas","og_description":"Con la finalidad de reactivar la econom\u00eda del cant\u00f3n Muisne, la Prefectura de Esmeraldas en coordinaci\u00f3n con la Universidad Cat\u00f3lica del Ecuador -Sede Esmeraldas y el Fondo de Innovaci\u00f3n financiado por la GIZ Ecuador, desarrollaron el taller \u201cConservaci\u00f3n con \u00e9nfasis en preservado, secado y almacenamiento de ca\u00f1a guadua y bamb\u00fa\u201d, en la comunidad Bunche, situada [&hellip;]","og_url":"https:\/\/prefecturadeesmeraldas.gob.ec\/index.php\/2021\/08\/23\/prefectura-fortalece-los-conocimientos-de-emprendedores-de-la-parroquia-cabo-de-san-francisco\/","og_site_name":"Gobierno Aut\u00f3nomo Descentralizado de la Provincia de Esmeraldas","article_publisher":"https:\/\/www.facebook.com\/PrefecturaEsmeraldas\/","article_published_time":"2021-08-23T20:07:30+00:00","article_modified_time":"2021-08-23T20:09:06+00:00","og_image":[{"width":974,"height":974,"url":"https:\/\/prefecturadeesmeraldas.gob.ec\/wp-content\/uploads\/2021\/08\/Imagen7-1.jpg","type":"image\/jpeg"}],"author":"Direcci\u00f3n de Comunicaci\u00f3n","twitter_card":"summary_large_image","twitter_misc":{"Escrito por":"Direcci\u00f3n de Comunicaci\u00f3n","Tiempo de lectura":"2 minutos"},"schema":{"@context":"https:\/\/schema.org","@graph":[{"@type":"Article","@id":"https:\/\/prefecturadeesmeraldas.gob.ec\/index.php\/2021\/08\/23\/prefectura-fortalece-los-conocimientos-de-emprendedores-de-la-parroquia-cabo-de-san-francisco\/#article","isPartOf":{"@id":"https:\/\/prefecturadeesmeraldas.gob.ec\/index.php\/2021\/08\/23\/prefectura-fortalece-los-conocimientos-de-emprendedores-de-la-parroquia-cabo-de-san-francisco\/"},"author":{"name":"Direcci\u00f3n de Comunicaci\u00f3n","@id":"https:\/\/prefecturadeesmeraldas.gob.ec\/#\/schema\/person\/b0c9e7b1ead7725994d1e319e8825234"},"headline":"Prefectura fortalece los conocimientos de emprendedores de la parroquia Cabo de San Francisco.","datePublished":"2021-08-23T20:07:30+00:00","dateModified":"2021-08-23T20:09:06+00:00","mainEntityOfPage":{"@id":"https:\/\/prefecturadeesmeraldas.gob.ec\/index.php\/2021\/08\/23\/prefectura-fortalece-los-conocimientos-de-emprendedores-de-la-parroquia-cabo-de-san-francisco\/"},"wordCount":332,"publisher":{"@id":"https:\/\/prefecturadeesmeraldas.gob.ec\/#organization"},"image":{"@id":"https:\/\/prefecturadeesmeraldas.gob.ec\/index.php\/2021\/08\/23\/prefectura-fortalece-los-conocimientos-de-emprendedores-de-la-parroquia-cabo-de-san-francisco\/#primaryimage"},"thumbnailUrl":"https:\/\/prefecturadeesmeraldas.gob.ec\/wp-content\/uploads\/2021\/08\/Imagen7-1.jpg","articleSection":["Cooperaci\u00f3n Internacional"],"inLanguage":"es"},{"@type":"WebPage","@id":"https:\/\/prefecturadeesmeraldas.gob.ec\/index.php\/2021\/08\/23\/prefectura-fortalece-los-conocimientos-de-emprendedores-de-la-parroquia-cabo-de-san-francisco\/","url":"https:\/\/prefecturadeesmeraldas.gob.ec\/index.php\/2021\/08\/23\/prefectura-fortalece-los-conocimientos-de-emprendedores-de-la-parroquia-cabo-de-san-francisco\/","name":"Prefectura fortalece los conocimientos de emprendedores de la parroquia Cabo de San Francisco. - Gobierno Aut\u00f3nomo Descentralizado de la Provincia de Esmeraldas","isPartOf":{"@id":"https:\/\/prefecturadeesmeraldas.gob.ec\/#website"},"primaryImageOfPage":{"@id":"https:\/\/prefecturadeesmeraldas.gob.ec\/index.php\/2021\/08\/23\/prefectura-fortalece-los-conocimientos-de-emprendedores-de-la-parroquia-cabo-de-san-francisco\/#primaryimage"},"image":{"@id":"https:\/\/prefecturadeesmeraldas.gob.ec\/index.php\/2021\/08\/23\/prefectura-fortalece-los-conocimientos-de-emprendedores-de-la-parroquia-cabo-de-san-francisco\/#primaryimage"},"thumbnailUrl":"https:\/\/prefecturadeesmeraldas.gob.ec\/wp-content\/uploads\/2021\/08\/Imagen7-1.jpg","datePublished":"2021-08-23T20:07:30+00:00","dateModified":"2021-08-23T20:09:06+00:00","breadcrumb":{"@id":"https:\/\/prefecturadeesmeraldas.gob.ec\/index.php\/2021\/08\/23\/prefectura-fortalece-los-conocimientos-de-emprendedores-de-la-parroquia-cabo-de-san-francisco\/#breadcrumb"},"inLanguage":"es","potentialAction":[{"@type":"ReadAction","target":["https:\/\/prefecturadeesmeraldas.gob.ec\/index.php\/2021\/08\/23\/prefectura-fortalece-los-conocimientos-de-emprendedores-de-la-parroquia-cabo-de-san-francisco\/"]}]},{"@type":"ImageObject","inLanguage":"es","@id":"https:\/\/prefecturadeesmeraldas.gob.ec\/index.php\/2021\/08\/23\/prefectura-fortalece-los-conocimientos-de-emprendedores-de-la-parroquia-cabo-de-san-francisco\/#primaryimage","url":"https:\/\/prefecturadeesmeraldas.gob.ec\/wp-content\/uploads\/2021\/08\/Imagen7-1.jpg","contentUrl":"https:\/\/prefecturadeesmeraldas.gob.ec\/wp-content\/uploads\/2021\/08\/Imagen7-1.jpg","width":974,"height":974},{"@type":"BreadcrumbList","@id":"https:\/\/prefecturadeesmeraldas.gob.ec\/index.php\/2021\/08\/23\/prefectura-fortalece-los-conocimientos-de-emprendedores-de-la-parroquia-cabo-de-san-francisco\/#breadcrumb","itemListElement":[{"@type":"ListItem","position":1,"name":"Home","item":"https:\/\/prefecturadeesmeraldas.gob.ec\/"},{"@type":"ListItem","position":2,"name":"Prefectura fortalece los conocimientos de emprendedores de la parroquia Cabo de San Francisco."}]},{"@type":"WebSite","@id":"https:\/\/prefecturadeesmeraldas.gob.ec\/#website","url":"https:\/\/prefecturadeesmeraldas.gob.ec\/","name":"Gobierno Aut\u00f3nomo Descentralizado de la Provincia de Esmeraldas","description":"Gobierno Aut\u00f3nomo Descentralizado de la Provincia de Esmeraldas","publisher":{"@id":"https:\/\/prefecturadeesmeraldas.gob.ec\/#organization"},"potentialAction":[{"@type":"SearchAction","target":{"@type":"EntryPoint","urlTemplate":"https:\/\/prefecturadeesmeraldas.gob.ec\/?s={search_term_string}"},"query-input":{"@type":"PropertyValueSpecification","valueRequired":true,"valueName":"search_term_string"}}],"inLanguage":"es"},{"@type":"Organization","@id":"https:\/\/prefecturadeesmeraldas.gob.ec\/#organization","name":"Gobierno Aut\u00f3nomo Descentralizado de la Provincia de Esmeraldas","url":"https:\/\/prefecturadeesmeraldas.gob.ec\/","logo":{"@type":"ImageObject","inLanguage":"es","@id":"https:\/\/prefecturadeesmeraldas.gob.ec\/#\/schema\/logo\/image\/","url":"https:\/\/prefecturadeesmeraldas.gob.ec\/wp-content\/uploads\/2019\/06\/logo.png","contentUrl":"https:\/\/prefecturadeesmeraldas.gob.ec\/wp-content\/uploads\/2019\/06\/logo.png","width":859,"height":448,"caption":"Gobierno Aut\u00f3nomo Descentralizado de la Provincia de Esmeraldas"},"image":{"@id":"https:\/\/prefecturadeesmeraldas.gob.ec\/#\/schema\/logo\/image\/"},"sameAs":["https:\/\/www.facebook.com\/PrefecturaEsmeraldas\/"]},{"@type":"Person","@id":"https:\/\/prefecturadeesmeraldas.gob.ec\/#\/schema\/person\/b0c9e7b1ead7725994d1e319e8825234","name":"Direcci\u00f3n de Comunicaci\u00f3n","image":{"@type":"ImageObject","inLanguage":"es","@id":"https:\/\/prefecturadeesmeraldas.gob.ec\/#\/schema\/person\/image\/","url":"https:\/\/secure.gravatar.com\/avatar\/74a3870a946f5d774ade3569af61a72308e07ad3346f370c4b468ee2a9858658?s=96&d=mm&r=g","contentUrl":"https:\/\/secure.gravatar.com\/avatar\/74a3870a946f5d774ade3569af61a72308e07ad3346f370c4b468ee2a9858658?s=96&d=mm&r=g","caption":"Direcci\u00f3n de Comunicaci\u00f3n"}}]}},"_links":{"self":[{"href":"https:\/\/prefecturadeesmeraldas.gob.ec\/index.php\/wp-json\/wp\/v2\/posts\/12336","targetHints":{"allow":["GET"]}}],"collection":[{"href":"https:\/\/prefecturadeesmeraldas.gob.ec\/index.php\/wp-json\/wp\/v2\/posts"}],"about":[{"href":"https:\/\/prefecturadeesmeraldas.gob.ec\/index.php\/wp-json\/wp\/v2\/types\/post"}],"author":[{"embeddable":true,"href":"https:\/\/prefecturadeesmeraldas.gob.ec\/index.php\/wp-json\/wp\/v2\/users\/2"}],"replies":[{"embeddable":true,"href":"https:\/\/prefecturadeesmeraldas.gob.ec\/index.php\/wp-json\/wp\/v2\/comments?post=12336"}],"version-history":[{"count":0,"href":"https:\/\/prefecturadeesmeraldas.gob.ec\/index.php\/wp-json\/wp\/v2\/posts\/12336\/revisions"}],"wp:featuredmedia":[{"embeddable":true,"href":"https:\/\/prefecturadeesmeraldas.gob.ec\/index.php\/wp-json\/wp\/v2\/media\/12338"}],"wp:attachment":[{"href":"https:\/\/prefecturadeesmeraldas.gob.ec\/index.php\/wp-json\/wp\/v2\/media?parent=12336"}],"wp:term":[{"taxonomy":"category","embeddable":true,"href":"https:\/\/prefecturadeesmeraldas.gob.ec\/index.php\/wp-json\/wp\/v2\/categories?post=12336"},{"taxonomy":"post_tag","embeddable":true,"href":"https:\/\/prefecturadeesmeraldas.gob.ec\/index.php\/wp-json\/wp\/v2\/tags?post=12336"}],"curies":[{"name":"wp","href":"https:\/\/api.w.org\/{rel}","templated":true}]}}