{"id":12332,"date":"2021-08-23T15:05:55","date_gmt":"2021-08-23T20:05:55","guid":{"rendered":"http:\/\/prefecturadeesmeraldas.gob.ec\/?p=12332"},"modified":"2021-08-23T15:06:31","modified_gmt":"2021-08-23T20:06:31","slug":"prefectura-de-esmeraldas-avanza-en-la-rehabilitacion-y-asfaltado-de-la-via-cupa-mancha-de-cana-el-libertador","status":"publish","type":"post","link":"https:\/\/prefecturadeesmeraldas.gob.ec\/index.php\/2021\/08\/23\/prefectura-de-esmeraldas-avanza-en-la-rehabilitacion-y-asfaltado-de-la-via-cupa-mancha-de-cana-el-libertador\/","title":{"rendered":"Prefectura de Esmeraldas avanza en la rehabilitaci\u00f3n y asfaltado de la v\u00eda Cupa \u2013 Mancha de Ca\u00f1a \u2013 El Libertador."},"content":{"rendered":"\t\t<div data-elementor-type=\"wp-post\" data-elementor-id=\"12332\" class=\"elementor elementor-12332\">\n\t\t\t\t\t\t<section class=\"elementor-section elementor-top-section elementor-element elementor-element-03f2cc3 elementor-section-boxed elementor-section-height-default elementor-section-height-default\" data-id=\"03f2cc3\" data-element_type=\"section\">\n\t\t\t\t\t\t<div class=\"elementor-container elementor-column-gap-default\">\n\t\t\t\t\t<div class=\"elementor-column elementor-col-100 elementor-top-column elementor-element elementor-element-f27fb67\" data-id=\"f27fb67\" data-element_type=\"column\">\n\t\t\t<div class=\"elementor-widget-wrap elementor-element-populated\">\n\t\t\t\t\t\t<div class=\"elementor-element elementor-element-ec588e3 elementor-widget elementor-widget-image\" data-id=\"ec588e3\" data-element_type=\"widget\" data-widget_type=\"image.default\">\n\t\t\t\t<div class=\"elementor-widget-container\">\n\t\t\t\t\t\t\t\t\t\t\t\t\t\t\t<img fetchpriority=\"high\" decoding=\"async\" width=\"749\" height=\"749\" src=\"https:\/\/prefecturadeesmeraldas.gob.ec\/wp-content\/uploads\/2021\/08\/Imagen6.jpg\" class=\"attachment-large size-large wp-image-12333\" alt=\"\" srcset=\"https:\/\/prefecturadeesmeraldas.gob.ec\/wp-content\/uploads\/2021\/08\/Imagen6.jpg 749w, https:\/\/prefecturadeesmeraldas.gob.ec\/wp-content\/uploads\/2021\/08\/Imagen6-240x240.jpg 240w, https:\/\/prefecturadeesmeraldas.gob.ec\/wp-content\/uploads\/2021\/08\/Imagen6-150x150.jpg 150w, https:\/\/prefecturadeesmeraldas.gob.ec\/wp-content\/uploads\/2021\/08\/Imagen6-300x300.jpg 300w\" sizes=\"(max-width: 749px) 100vw, 749px\" \/>\t\t\t\t\t\t\t\t\t\t\t\t\t\t\t<\/div>\n\t\t\t\t<\/div>\n\t\t\t\t\t<\/div>\n\t\t<\/div>\n\t\t\t\t\t<\/div>\n\t\t<\/section>\n\t\t\t\t<section class=\"elementor-section elementor-top-section elementor-element elementor-element-fa7a647 elementor-section-boxed elementor-section-height-default elementor-section-height-default\" data-id=\"fa7a647\" data-element_type=\"section\">\n\t\t\t\t\t\t<div class=\"elementor-container elementor-column-gap-default\">\n\t\t\t\t\t<div class=\"elementor-column elementor-col-100 elementor-top-column elementor-element elementor-element-71c2aa2\" data-id=\"71c2aa2\" data-element_type=\"column\">\n\t\t\t<div class=\"elementor-widget-wrap elementor-element-populated\">\n\t\t\t\t\t\t<div class=\"elementor-element elementor-element-32e5300 elementor-widget elementor-widget-text-editor\" data-id=\"32e5300\" data-element_type=\"widget\" data-widget_type=\"text-editor.default\">\n\t\t\t\t<div class=\"elementor-widget-container\">\n\t\t\t\t\t\t\t\t\t<p>Tras una visita t\u00e9cnica, se conoci\u00f3 que, avanzan en un 16% los trabajos, en el proyecto de rehabilitaci\u00f3n y asfaltado de los cerca de 10 kil\u00f3metros que tiene la v\u00eda Cupa \u2013 Mancha de Ca\u00f1a \u2013 El Libertador, ejecutados en la parroquia Rosa Z\u00e1rate del cant\u00f3n Quinind\u00e9. Hasta el lugar, llegaron t\u00e9cnicos de Petroecuador, de la Prefectura de Esmeraldas y la empresa contratista, para evidenciar el avance de la obra.<\/p><p>La visita, fue liderada por <strong>Roberta Zambrano<\/strong>, prefecta de la provincia de Esmeraldas, y ello permiti\u00f3 conocer el avance de los trabajos, en la que se invierte cerca de un mill\u00f3n novecientos mil d\u00f3lares, que, adem\u00e1s, ha generado la ocupaci\u00f3n de la mano de obra local.<\/p><p>Dando continuidad a los trabajos, <strong>Francisco Santa Mar\u00eda<\/strong> ingeniero residente de la obra, manifest\u00f3 que, la actividad de concentra en varios frentes de trabajo, en la colocaci\u00f3n o tendido del material de mejoramiento, teniendo como meta finalizar el proyecto al finalizar el a\u00f1o.<\/p><p>El vice prefecto de Esmeraldas, Diego Zambrano, indic\u00f3 que, una de las principales metas de la administraci\u00f3n que lidera Roberta Zambrano, es recuperar la confianza de la poblaci\u00f3n, a trav\u00e9s de una gesti\u00f3n honesta y comprometida con el campo.<\/p><p>Mientras que, para <strong>Maurchell Vallejo<\/strong>, concejal del cant\u00f3n Quinind\u00e9, la realidad del sector rural de Quinind\u00e9 no era la anunciada por las pasadas autoridades provinciales. Motivo por el que agreg\u00f3, estar agradecido por el tipo de trabajos que ejecuta la presente administraci\u00f3n de la Prefectura de Esmeraldas\u201d.<\/p>\t\t\t\t\t\t\t\t<\/div>\n\t\t\t\t<\/div>\n\t\t\t\t\t<\/div>\n\t\t<\/div>\n\t\t\t\t\t<\/div>\n\t\t<\/section>\n\t\t\t\t<\/div>\n\t\t","protected":false},"excerpt":{"rendered":"<p>Tras una visita t\u00e9cnica, se conoci\u00f3 que, avanzan en un 16% los trabajos, en el proyecto de rehabilitaci\u00f3n y asfaltado de los cerca de 10 kil\u00f3metros que tiene la v\u00eda Cupa \u2013 Mancha de Ca\u00f1a \u2013 El Libertador, ejecutados en la parroquia Rosa Z\u00e1rate del cant\u00f3n Quinind\u00e9. Hasta el lugar, llegaron t\u00e9cnicos de Petroecuador, de [&hellip;]<\/p>\n","protected":false},"author":2,"featured_media":12333,"comment_status":"closed","ping_status":"open","sticky":false,"template":"","format":"standard","meta":{"footnotes":""},"categories":[14],"tags":[],"class_list":["post-12332","post","type-post","status-publish","format-standard","has-post-thumbnail","hentry","category-vialidad"],"yoast_head":"<!-- This site is optimized with the Yoast SEO plugin v25.7 - https:\/\/yoast.com\/wordpress\/plugins\/seo\/ -->\n<title>Prefectura de Esmeraldas avanza en la rehabilitaci\u00f3n y asfaltado de la v\u00eda Cupa \u2013 Mancha de Ca\u00f1a \u2013 El Libertador. - Gobierno Aut\u00f3nomo Descentralizado de la Provincia de Esmeraldas<\/title>\n<meta name=\"robots\" content=\"index, follow, max-snippet:-1, max-image-preview:large, max-video-preview:-1\" \/>\n<link rel=\"canonical\" href=\"https:\/\/prefecturadeesmeraldas.gob.ec\/index.php\/2021\/08\/23\/prefectura-de-esmeraldas-avanza-en-la-rehabilitacion-y-asfaltado-de-la-via-cupa-mancha-de-cana-el-libertador\/\" \/>\n<meta property=\"og:locale\" content=\"es_ES\" \/>\n<meta property=\"og:type\" content=\"article\" \/>\n<meta property=\"og:title\" content=\"Prefectura de Esmeraldas avanza en la rehabilitaci\u00f3n y asfaltado de la v\u00eda Cupa \u2013 Mancha de Ca\u00f1a \u2013 El Libertador. - Gobierno Aut\u00f3nomo Descentralizado de la Provincia de Esmeraldas\" \/>\n<meta property=\"og:description\" content=\"Tras una visita t\u00e9cnica, se conoci\u00f3 que, avanzan en un 16% los trabajos, en el proyecto de rehabilitaci\u00f3n y asfaltado de los cerca de 10 kil\u00f3metros que tiene la v\u00eda Cupa \u2013 Mancha de Ca\u00f1a \u2013 El Libertador, ejecutados en la parroquia Rosa Z\u00e1rate del cant\u00f3n Quinind\u00e9. Hasta el lugar, llegaron t\u00e9cnicos de Petroecuador, de [&hellip;]\" \/>\n<meta property=\"og:url\" content=\"https:\/\/prefecturadeesmeraldas.gob.ec\/index.php\/2021\/08\/23\/prefectura-de-esmeraldas-avanza-en-la-rehabilitacion-y-asfaltado-de-la-via-cupa-mancha-de-cana-el-libertador\/\" \/>\n<meta property=\"og:site_name\" content=\"Gobierno Aut\u00f3nomo Descentralizado de la Provincia de Esmeraldas\" \/>\n<meta property=\"article:publisher\" content=\"https:\/\/www.facebook.com\/PrefecturaEsmeraldas\/\" \/>\n<meta property=\"article:published_time\" content=\"2021-08-23T20:05:55+00:00\" \/>\n<meta property=\"article:modified_time\" content=\"2021-08-23T20:06:31+00:00\" \/>\n<meta property=\"og:image\" content=\"https:\/\/prefecturadeesmeraldas.gob.ec\/wp-content\/uploads\/2021\/08\/Imagen6.jpg\" \/>\n\t<meta property=\"og:image:width\" content=\"749\" \/>\n\t<meta property=\"og:image:height\" content=\"749\" \/>\n\t<meta property=\"og:image:type\" content=\"image\/jpeg\" \/>\n<meta name=\"author\" content=\"Direcci\u00f3n de Comunicaci\u00f3n\" \/>\n<meta name=\"twitter:card\" content=\"summary_large_image\" \/>\n<meta name=\"twitter:label1\" content=\"Escrito por\" \/>\n\t<meta name=\"twitter:data1\" content=\"Direcci\u00f3n de Comunicaci\u00f3n\" \/>\n\t<meta name=\"twitter:label2\" content=\"Tiempo de lectura\" \/>\n\t<meta name=\"twitter:data2\" content=\"1 minuto\" \/>\n<script type=\"application\/ld+json\" class=\"yoast-schema-graph\">{\"@context\":\"https:\/\/schema.org\",\"@graph\":[{\"@type\":\"Article\",\"@id\":\"https:\/\/prefecturadeesmeraldas.gob.ec\/index.php\/2021\/08\/23\/prefectura-de-esmeraldas-avanza-en-la-rehabilitacion-y-asfaltado-de-la-via-cupa-mancha-de-cana-el-libertador\/#article\",\"isPartOf\":{\"@id\":\"https:\/\/prefecturadeesmeraldas.gob.ec\/index.php\/2021\/08\/23\/prefectura-de-esmeraldas-avanza-en-la-rehabilitacion-y-asfaltado-de-la-via-cupa-mancha-de-cana-el-libertador\/\"},\"author\":{\"name\":\"Direcci\u00f3n de Comunicaci\u00f3n\",\"@id\":\"https:\/\/prefecturadeesmeraldas.gob.ec\/#\/schema\/person\/b0c9e7b1ead7725994d1e319e8825234\"},\"headline\":\"Prefectura de Esmeraldas avanza en la rehabilitaci\u00f3n y asfaltado de la v\u00eda Cupa \u2013 Mancha de Ca\u00f1a \u2013 El Libertador.\",\"datePublished\":\"2021-08-23T20:05:55+00:00\",\"dateModified\":\"2021-08-23T20:06:31+00:00\",\"mainEntityOfPage\":{\"@id\":\"https:\/\/prefecturadeesmeraldas.gob.ec\/index.php\/2021\/08\/23\/prefectura-de-esmeraldas-avanza-en-la-rehabilitacion-y-asfaltado-de-la-via-cupa-mancha-de-cana-el-libertador\/\"},\"wordCount\":283,\"publisher\":{\"@id\":\"https:\/\/prefecturadeesmeraldas.gob.ec\/#organization\"},\"image\":{\"@id\":\"https:\/\/prefecturadeesmeraldas.gob.ec\/index.php\/2021\/08\/23\/prefectura-de-esmeraldas-avanza-en-la-rehabilitacion-y-asfaltado-de-la-via-cupa-mancha-de-cana-el-libertador\/#primaryimage\"},\"thumbnailUrl\":\"https:\/\/prefecturadeesmeraldas.gob.ec\/wp-content\/uploads\/2021\/08\/Imagen6.jpg\",\"articleSection\":[\"Vialidad\"],\"inLanguage\":\"es\"},{\"@type\":\"WebPage\",\"@id\":\"https:\/\/prefecturadeesmeraldas.gob.ec\/index.php\/2021\/08\/23\/prefectura-de-esmeraldas-avanza-en-la-rehabilitacion-y-asfaltado-de-la-via-cupa-mancha-de-cana-el-libertador\/\",\"url\":\"https:\/\/prefecturadeesmeraldas.gob.ec\/index.php\/2021\/08\/23\/prefectura-de-esmeraldas-avanza-en-la-rehabilitacion-y-asfaltado-de-la-via-cupa-mancha-de-cana-el-libertador\/\",\"name\":\"Prefectura de Esmeraldas avanza en la rehabilitaci\u00f3n y asfaltado de la v\u00eda Cupa \u2013 Mancha de Ca\u00f1a \u2013 El Libertador. - Gobierno Aut\u00f3nomo Descentralizado de la Provincia de Esmeraldas\",\"isPartOf\":{\"@id\":\"https:\/\/prefecturadeesmeraldas.gob.ec\/#website\"},\"primaryImageOfPage\":{\"@id\":\"https:\/\/prefecturadeesmeraldas.gob.ec\/index.php\/2021\/08\/23\/prefectura-de-esmeraldas-avanza-en-la-rehabilitacion-y-asfaltado-de-la-via-cupa-mancha-de-cana-el-libertador\/#primaryimage\"},\"image\":{\"@id\":\"https:\/\/prefecturadeesmeraldas.gob.ec\/index.php\/2021\/08\/23\/prefectura-de-esmeraldas-avanza-en-la-rehabilitacion-y-asfaltado-de-la-via-cupa-mancha-de-cana-el-libertador\/#primaryimage\"},\"thumbnailUrl\":\"https:\/\/prefecturadeesmeraldas.gob.ec\/wp-content\/uploads\/2021\/08\/Imagen6.jpg\",\"datePublished\":\"2021-08-23T20:05:55+00:00\",\"dateModified\":\"2021-08-23T20:06:31+00:00\",\"breadcrumb\":{\"@id\":\"https:\/\/prefecturadeesmeraldas.gob.ec\/index.php\/2021\/08\/23\/prefectura-de-esmeraldas-avanza-en-la-rehabilitacion-y-asfaltado-de-la-via-cupa-mancha-de-cana-el-libertador\/#breadcrumb\"},\"inLanguage\":\"es\",\"potentialAction\":[{\"@type\":\"ReadAction\",\"target\":[\"https:\/\/prefecturadeesmeraldas.gob.ec\/index.php\/2021\/08\/23\/prefectura-de-esmeraldas-avanza-en-la-rehabilitacion-y-asfaltado-de-la-via-cupa-mancha-de-cana-el-libertador\/\"]}]},{\"@type\":\"ImageObject\",\"inLanguage\":\"es\",\"@id\":\"https:\/\/prefecturadeesmeraldas.gob.ec\/index.php\/2021\/08\/23\/prefectura-de-esmeraldas-avanza-en-la-rehabilitacion-y-asfaltado-de-la-via-cupa-mancha-de-cana-el-libertador\/#primaryimage\",\"url\":\"https:\/\/prefecturadeesmeraldas.gob.ec\/wp-content\/uploads\/2021\/08\/Imagen6.jpg\",\"contentUrl\":\"https:\/\/prefecturadeesmeraldas.gob.ec\/wp-content\/uploads\/2021\/08\/Imagen6.jpg\",\"width\":749,\"height\":749},{\"@type\":\"BreadcrumbList\",\"@id\":\"https:\/\/prefecturadeesmeraldas.gob.ec\/index.php\/2021\/08\/23\/prefectura-de-esmeraldas-avanza-en-la-rehabilitacion-y-asfaltado-de-la-via-cupa-mancha-de-cana-el-libertador\/#breadcrumb\",\"itemListElement\":[{\"@type\":\"ListItem\",\"position\":1,\"name\":\"Home\",\"item\":\"https:\/\/prefecturadeesmeraldas.gob.ec\/\"},{\"@type\":\"ListItem\",\"position\":2,\"name\":\"Prefectura de Esmeraldas avanza en la rehabilitaci\u00f3n y asfaltado de la v\u00eda Cupa \u2013 Mancha de Ca\u00f1a \u2013 El Libertador.\"}]},{\"@type\":\"WebSite\",\"@id\":\"https:\/\/prefecturadeesmeraldas.gob.ec\/#website\",\"url\":\"https:\/\/prefecturadeesmeraldas.gob.ec\/\",\"name\":\"Gobierno Aut\u00f3nomo Descentralizado de la Provincia de Esmeraldas\",\"description\":\"Gobierno Aut\u00f3nomo Descentralizado de la Provincia de Esmeraldas\",\"publisher\":{\"@id\":\"https:\/\/prefecturadeesmeraldas.gob.ec\/#organization\"},\"potentialAction\":[{\"@type\":\"SearchAction\",\"target\":{\"@type\":\"EntryPoint\",\"urlTemplate\":\"https:\/\/prefecturadeesmeraldas.gob.ec\/?s={search_term_string}\"},\"query-input\":{\"@type\":\"PropertyValueSpecification\",\"valueRequired\":true,\"valueName\":\"search_term_string\"}}],\"inLanguage\":\"es\"},{\"@type\":\"Organization\",\"@id\":\"https:\/\/prefecturadeesmeraldas.gob.ec\/#organization\",\"name\":\"Gobierno Aut\u00f3nomo Descentralizado de la Provincia de Esmeraldas\",\"url\":\"https:\/\/prefecturadeesmeraldas.gob.ec\/\",\"logo\":{\"@type\":\"ImageObject\",\"inLanguage\":\"es\",\"@id\":\"https:\/\/prefecturadeesmeraldas.gob.ec\/#\/schema\/logo\/image\/\",\"url\":\"https:\/\/prefecturadeesmeraldas.gob.ec\/wp-content\/uploads\/2019\/06\/logo.png\",\"contentUrl\":\"https:\/\/prefecturadeesmeraldas.gob.ec\/wp-content\/uploads\/2019\/06\/logo.png\",\"width\":859,\"height\":448,\"caption\":\"Gobierno Aut\u00f3nomo Descentralizado de la Provincia de Esmeraldas\"},\"image\":{\"@id\":\"https:\/\/prefecturadeesmeraldas.gob.ec\/#\/schema\/logo\/image\/\"},\"sameAs\":[\"https:\/\/www.facebook.com\/PrefecturaEsmeraldas\/\"]},{\"@type\":\"Person\",\"@id\":\"https:\/\/prefecturadeesmeraldas.gob.ec\/#\/schema\/person\/b0c9e7b1ead7725994d1e319e8825234\",\"name\":\"Direcci\u00f3n de Comunicaci\u00f3n\",\"image\":{\"@type\":\"ImageObject\",\"inLanguage\":\"es\",\"@id\":\"https:\/\/prefecturadeesmeraldas.gob.ec\/#\/schema\/person\/image\/\",\"url\":\"https:\/\/secure.gravatar.com\/avatar\/74a3870a946f5d774ade3569af61a72308e07ad3346f370c4b468ee2a9858658?s=96&d=mm&r=g\",\"contentUrl\":\"https:\/\/secure.gravatar.com\/avatar\/74a3870a946f5d774ade3569af61a72308e07ad3346f370c4b468ee2a9858658?s=96&d=mm&r=g\",\"caption\":\"Direcci\u00f3n de Comunicaci\u00f3n\"}}]}<\/script>\n<!-- \/ Yoast SEO plugin. -->","yoast_head_json":{"title":"Prefectura de Esmeraldas avanza en la rehabilitaci\u00f3n y asfaltado de la v\u00eda Cupa \u2013 Mancha de Ca\u00f1a \u2013 El Libertador. - Gobierno Aut\u00f3nomo Descentralizado de la Provincia de Esmeraldas","robots":{"index":"index","follow":"follow","max-snippet":"max-snippet:-1","max-image-preview":"max-image-preview:large","max-video-preview":"max-video-preview:-1"},"canonical":"https:\/\/prefecturadeesmeraldas.gob.ec\/index.php\/2021\/08\/23\/prefectura-de-esmeraldas-avanza-en-la-rehabilitacion-y-asfaltado-de-la-via-cupa-mancha-de-cana-el-libertador\/","og_locale":"es_ES","og_type":"article","og_title":"Prefectura de Esmeraldas avanza en la rehabilitaci\u00f3n y asfaltado de la v\u00eda Cupa \u2013 Mancha de Ca\u00f1a \u2013 El Libertador. - Gobierno Aut\u00f3nomo Descentralizado de la Provincia de Esmeraldas","og_description":"Tras una visita t\u00e9cnica, se conoci\u00f3 que, avanzan en un 16% los trabajos, en el proyecto de rehabilitaci\u00f3n y asfaltado de los cerca de 10 kil\u00f3metros que tiene la v\u00eda Cupa \u2013 Mancha de Ca\u00f1a \u2013 El Libertador, ejecutados en la parroquia Rosa Z\u00e1rate del cant\u00f3n Quinind\u00e9. Hasta el lugar, llegaron t\u00e9cnicos de Petroecuador, de [&hellip;]","og_url":"https:\/\/prefecturadeesmeraldas.gob.ec\/index.php\/2021\/08\/23\/prefectura-de-esmeraldas-avanza-en-la-rehabilitacion-y-asfaltado-de-la-via-cupa-mancha-de-cana-el-libertador\/","og_site_name":"Gobierno Aut\u00f3nomo Descentralizado de la Provincia de Esmeraldas","article_publisher":"https:\/\/www.facebook.com\/PrefecturaEsmeraldas\/","article_published_time":"2021-08-23T20:05:55+00:00","article_modified_time":"2021-08-23T20:06:31+00:00","og_image":[{"width":749,"height":749,"url":"https:\/\/prefecturadeesmeraldas.gob.ec\/wp-content\/uploads\/2021\/08\/Imagen6.jpg","type":"image\/jpeg"}],"author":"Direcci\u00f3n de Comunicaci\u00f3n","twitter_card":"summary_large_image","twitter_misc":{"Escrito por":"Direcci\u00f3n de Comunicaci\u00f3n","Tiempo de lectura":"1 minuto"},"schema":{"@context":"https:\/\/schema.org","@graph":[{"@type":"Article","@id":"https:\/\/prefecturadeesmeraldas.gob.ec\/index.php\/2021\/08\/23\/prefectura-de-esmeraldas-avanza-en-la-rehabilitacion-y-asfaltado-de-la-via-cupa-mancha-de-cana-el-libertador\/#article","isPartOf":{"@id":"https:\/\/prefecturadeesmeraldas.gob.ec\/index.php\/2021\/08\/23\/prefectura-de-esmeraldas-avanza-en-la-rehabilitacion-y-asfaltado-de-la-via-cupa-mancha-de-cana-el-libertador\/"},"author":{"name":"Direcci\u00f3n de Comunicaci\u00f3n","@id":"https:\/\/prefecturadeesmeraldas.gob.ec\/#\/schema\/person\/b0c9e7b1ead7725994d1e319e8825234"},"headline":"Prefectura de Esmeraldas avanza en la rehabilitaci\u00f3n y asfaltado de la v\u00eda Cupa \u2013 Mancha de Ca\u00f1a \u2013 El Libertador.","datePublished":"2021-08-23T20:05:55+00:00","dateModified":"2021-08-23T20:06:31+00:00","mainEntityOfPage":{"@id":"https:\/\/prefecturadeesmeraldas.gob.ec\/index.php\/2021\/08\/23\/prefectura-de-esmeraldas-avanza-en-la-rehabilitacion-y-asfaltado-de-la-via-cupa-mancha-de-cana-el-libertador\/"},"wordCount":283,"publisher":{"@id":"https:\/\/prefecturadeesmeraldas.gob.ec\/#organization"},"image":{"@id":"https:\/\/prefecturadeesmeraldas.gob.ec\/index.php\/2021\/08\/23\/prefectura-de-esmeraldas-avanza-en-la-rehabilitacion-y-asfaltado-de-la-via-cupa-mancha-de-cana-el-libertador\/#primaryimage"},"thumbnailUrl":"https:\/\/prefecturadeesmeraldas.gob.ec\/wp-content\/uploads\/2021\/08\/Imagen6.jpg","articleSection":["Vialidad"],"inLanguage":"es"},{"@type":"WebPage","@id":"https:\/\/prefecturadeesmeraldas.gob.ec\/index.php\/2021\/08\/23\/prefectura-de-esmeraldas-avanza-en-la-rehabilitacion-y-asfaltado-de-la-via-cupa-mancha-de-cana-el-libertador\/","url":"https:\/\/prefecturadeesmeraldas.gob.ec\/index.php\/2021\/08\/23\/prefectura-de-esmeraldas-avanza-en-la-rehabilitacion-y-asfaltado-de-la-via-cupa-mancha-de-cana-el-libertador\/","name":"Prefectura de Esmeraldas avanza en la rehabilitaci\u00f3n y asfaltado de la v\u00eda Cupa \u2013 Mancha de Ca\u00f1a \u2013 El Libertador. - Gobierno Aut\u00f3nomo Descentralizado de la Provincia de Esmeraldas","isPartOf":{"@id":"https:\/\/prefecturadeesmeraldas.gob.ec\/#website"},"primaryImageOfPage":{"@id":"https:\/\/prefecturadeesmeraldas.gob.ec\/index.php\/2021\/08\/23\/prefectura-de-esmeraldas-avanza-en-la-rehabilitacion-y-asfaltado-de-la-via-cupa-mancha-de-cana-el-libertador\/#primaryimage"},"image":{"@id":"https:\/\/prefecturadeesmeraldas.gob.ec\/index.php\/2021\/08\/23\/prefectura-de-esmeraldas-avanza-en-la-rehabilitacion-y-asfaltado-de-la-via-cupa-mancha-de-cana-el-libertador\/#primaryimage"},"thumbnailUrl":"https:\/\/prefecturadeesmeraldas.gob.ec\/wp-content\/uploads\/2021\/08\/Imagen6.jpg","datePublished":"2021-08-23T20:05:55+00:00","dateModified":"2021-08-23T20:06:31+00:00","breadcrumb":{"@id":"https:\/\/prefecturadeesmeraldas.gob.ec\/index.php\/2021\/08\/23\/prefectura-de-esmeraldas-avanza-en-la-rehabilitacion-y-asfaltado-de-la-via-cupa-mancha-de-cana-el-libertador\/#breadcrumb"},"inLanguage":"es","potentialAction":[{"@type":"ReadAction","target":["https:\/\/prefecturadeesmeraldas.gob.ec\/index.php\/2021\/08\/23\/prefectura-de-esmeraldas-avanza-en-la-rehabilitacion-y-asfaltado-de-la-via-cupa-mancha-de-cana-el-libertador\/"]}]},{"@type":"ImageObject","inLanguage":"es","@id":"https:\/\/prefecturadeesmeraldas.gob.ec\/index.php\/2021\/08\/23\/prefectura-de-esmeraldas-avanza-en-la-rehabilitacion-y-asfaltado-de-la-via-cupa-mancha-de-cana-el-libertador\/#primaryimage","url":"https:\/\/prefecturadeesmeraldas.gob.ec\/wp-content\/uploads\/2021\/08\/Imagen6.jpg","contentUrl":"https:\/\/prefecturadeesmeraldas.gob.ec\/wp-content\/uploads\/2021\/08\/Imagen6.jpg","width":749,"height":749},{"@type":"BreadcrumbList","@id":"https:\/\/prefecturadeesmeraldas.gob.ec\/index.php\/2021\/08\/23\/prefectura-de-esmeraldas-avanza-en-la-rehabilitacion-y-asfaltado-de-la-via-cupa-mancha-de-cana-el-libertador\/#breadcrumb","itemListElement":[{"@type":"ListItem","position":1,"name":"Home","item":"https:\/\/prefecturadeesmeraldas.gob.ec\/"},{"@type":"ListItem","position":2,"name":"Prefectura de Esmeraldas avanza en la rehabilitaci\u00f3n y asfaltado de la v\u00eda Cupa \u2013 Mancha de Ca\u00f1a \u2013 El Libertador."}]},{"@type":"WebSite","@id":"https:\/\/prefecturadeesmeraldas.gob.ec\/#website","url":"https:\/\/prefecturadeesmeraldas.gob.ec\/","name":"Gobierno Aut\u00f3nomo Descentralizado de la Provincia de Esmeraldas","description":"Gobierno Aut\u00f3nomo Descentralizado de la Provincia de Esmeraldas","publisher":{"@id":"https:\/\/prefecturadeesmeraldas.gob.ec\/#organization"},"potentialAction":[{"@type":"SearchAction","target":{"@type":"EntryPoint","urlTemplate":"https:\/\/prefecturadeesmeraldas.gob.ec\/?s={search_term_string}"},"query-input":{"@type":"PropertyValueSpecification","valueRequired":true,"valueName":"search_term_string"}}],"inLanguage":"es"},{"@type":"Organization","@id":"https:\/\/prefecturadeesmeraldas.gob.ec\/#organization","name":"Gobierno Aut\u00f3nomo Descentralizado de la Provincia de Esmeraldas","url":"https:\/\/prefecturadeesmeraldas.gob.ec\/","logo":{"@type":"ImageObject","inLanguage":"es","@id":"https:\/\/prefecturadeesmeraldas.gob.ec\/#\/schema\/logo\/image\/","url":"https:\/\/prefecturadeesmeraldas.gob.ec\/wp-content\/uploads\/2019\/06\/logo.png","contentUrl":"https:\/\/prefecturadeesmeraldas.gob.ec\/wp-content\/uploads\/2019\/06\/logo.png","width":859,"height":448,"caption":"Gobierno Aut\u00f3nomo Descentralizado de la Provincia de Esmeraldas"},"image":{"@id":"https:\/\/prefecturadeesmeraldas.gob.ec\/#\/schema\/logo\/image\/"},"sameAs":["https:\/\/www.facebook.com\/PrefecturaEsmeraldas\/"]},{"@type":"Person","@id":"https:\/\/prefecturadeesmeraldas.gob.ec\/#\/schema\/person\/b0c9e7b1ead7725994d1e319e8825234","name":"Direcci\u00f3n de Comunicaci\u00f3n","image":{"@type":"ImageObject","inLanguage":"es","@id":"https:\/\/prefecturadeesmeraldas.gob.ec\/#\/schema\/person\/image\/","url":"https:\/\/secure.gravatar.com\/avatar\/74a3870a946f5d774ade3569af61a72308e07ad3346f370c4b468ee2a9858658?s=96&d=mm&r=g","contentUrl":"https:\/\/secure.gravatar.com\/avatar\/74a3870a946f5d774ade3569af61a72308e07ad3346f370c4b468ee2a9858658?s=96&d=mm&r=g","caption":"Direcci\u00f3n de Comunicaci\u00f3n"}}]}},"_links":{"self":[{"href":"https:\/\/prefecturadeesmeraldas.gob.ec\/index.php\/wp-json\/wp\/v2\/posts\/12332","targetHints":{"allow":["GET"]}}],"collection":[{"href":"https:\/\/prefecturadeesmeraldas.gob.ec\/index.php\/wp-json\/wp\/v2\/posts"}],"about":[{"href":"https:\/\/prefecturadeesmeraldas.gob.ec\/index.php\/wp-json\/wp\/v2\/types\/post"}],"author":[{"embeddable":true,"href":"https:\/\/prefecturadeesmeraldas.gob.ec\/index.php\/wp-json\/wp\/v2\/users\/2"}],"replies":[{"embeddable":true,"href":"https:\/\/prefecturadeesmeraldas.gob.ec\/index.php\/wp-json\/wp\/v2\/comments?post=12332"}],"version-history":[{"count":0,"href":"https:\/\/prefecturadeesmeraldas.gob.ec\/index.php\/wp-json\/wp\/v2\/posts\/12332\/revisions"}],"wp:featuredmedia":[{"embeddable":true,"href":"https:\/\/prefecturadeesmeraldas.gob.ec\/index.php\/wp-json\/wp\/v2\/media\/12333"}],"wp:attachment":[{"href":"https:\/\/prefecturadeesmeraldas.gob.ec\/index.php\/wp-json\/wp\/v2\/media?parent=12332"}],"wp:term":[{"taxonomy":"category","embeddable":true,"href":"https:\/\/prefecturadeesmeraldas.gob.ec\/index.php\/wp-json\/wp\/v2\/categories?post=12332"},{"taxonomy":"post_tag","embeddable":true,"href":"https:\/\/prefecturadeesmeraldas.gob.ec\/index.php\/wp-json\/wp\/v2\/tags?post=12332"}],"curies":[{"name":"wp","href":"https:\/\/api.w.org\/{rel}","templated":true}]}}