{"id":12328,"date":"2021-08-23T15:04:02","date_gmt":"2021-08-23T20:04:02","guid":{"rendered":"http:\/\/prefecturadeesmeraldas.gob.ec\/?p=12328"},"modified":"2021-08-23T15:04:34","modified_gmt":"2021-08-23T20:04:34","slug":"prefectura-de-esmeraldas-sigue-gestionando-los-recursos-para-el-mejoramiento-de-la-via-viche-el-albe-la-chorrera-en-el-canton-quininde","status":"publish","type":"post","link":"https:\/\/prefecturadeesmeraldas.gob.ec\/index.php\/2021\/08\/23\/prefectura-de-esmeraldas-sigue-gestionando-los-recursos-para-el-mejoramiento-de-la-via-viche-el-albe-la-chorrera-en-el-canton-quininde\/","title":{"rendered":"Prefectura de Esmeraldas sigue gestionando los recursos para el mejoramiento de la v\u00eda Viche \u2013 El Albe \u2013 La Chorrera, en el cant\u00f3n Quinind\u00e9."},"content":{"rendered":"\t\t<div data-elementor-type=\"wp-post\" data-elementor-id=\"12328\" class=\"elementor elementor-12328\">\n\t\t\t\t\t\t<section class=\"elementor-section elementor-top-section elementor-element elementor-element-54d1364 elementor-section-boxed elementor-section-height-default elementor-section-height-default\" data-id=\"54d1364\" data-element_type=\"section\">\n\t\t\t\t\t\t<div class=\"elementor-container elementor-column-gap-default\">\n\t\t\t\t\t<div class=\"elementor-column elementor-col-100 elementor-top-column elementor-element elementor-element-0bc04f9\" data-id=\"0bc04f9\" data-element_type=\"column\">\n\t\t\t<div class=\"elementor-widget-wrap elementor-element-populated\">\n\t\t\t\t\t\t<div class=\"elementor-element elementor-element-18033a8 elementor-widget elementor-widget-image\" data-id=\"18033a8\" data-element_type=\"widget\" data-widget_type=\"image.default\">\n\t\t\t\t<div class=\"elementor-widget-container\">\n\t\t\t\t\t\t\t\t\t\t\t\t\t\t\t<img fetchpriority=\"high\" decoding=\"async\" width=\"412\" height=\"412\" src=\"https:\/\/prefecturadeesmeraldas.gob.ec\/wp-content\/uploads\/2021\/08\/Imagen5-2.jpg\" class=\"attachment-large size-large wp-image-12329\" alt=\"\" srcset=\"https:\/\/prefecturadeesmeraldas.gob.ec\/wp-content\/uploads\/2021\/08\/Imagen5-2.jpg 412w, https:\/\/prefecturadeesmeraldas.gob.ec\/wp-content\/uploads\/2021\/08\/Imagen5-2-240x240.jpg 240w, https:\/\/prefecturadeesmeraldas.gob.ec\/wp-content\/uploads\/2021\/08\/Imagen5-2-150x150.jpg 150w, https:\/\/prefecturadeesmeraldas.gob.ec\/wp-content\/uploads\/2021\/08\/Imagen5-2-300x300.jpg 300w\" sizes=\"(max-width: 412px) 100vw, 412px\" \/>\t\t\t\t\t\t\t\t\t\t\t\t\t\t\t<\/div>\n\t\t\t\t<\/div>\n\t\t\t\t\t<\/div>\n\t\t<\/div>\n\t\t\t\t\t<\/div>\n\t\t<\/section>\n\t\t\t\t<section class=\"elementor-section elementor-top-section elementor-element elementor-element-2dc08fc elementor-section-boxed elementor-section-height-default elementor-section-height-default\" data-id=\"2dc08fc\" data-element_type=\"section\">\n\t\t\t\t\t\t<div class=\"elementor-container elementor-column-gap-default\">\n\t\t\t\t\t<div class=\"elementor-column elementor-col-100 elementor-top-column elementor-element elementor-element-a6b6a13\" data-id=\"a6b6a13\" data-element_type=\"column\">\n\t\t\t<div class=\"elementor-widget-wrap elementor-element-populated\">\n\t\t\t\t\t\t<div class=\"elementor-element elementor-element-1e81a14 elementor-widget elementor-widget-text-editor\" data-id=\"1e81a14\" data-element_type=\"widget\" data-widget_type=\"text-editor.default\">\n\t\t\t\t<div class=\"elementor-widget-container\">\n\t\t\t\t\t\t\t\t\t<p>De manera reciente, autoridades de la prefectura de Esmeraldas recorrieron la v\u00eda que, desde la parroquia Viche, conduce hasta las comunidades de El Albe y La Chorrera en el cant\u00f3n Quinind\u00e9. A trav\u00e9s de gestiones ante Petroecuador, la prefectura de Esmeraldas busca obtener los recursos que le permitan rehabilitar y asfaltar los cerca de 10 kil\u00f3metros que tiene el trayecto.<\/p><p>Junto a uno de los t\u00e9cnicos de Petroecuador, la prefecta de Esmeraldas, <strong>Roberta Zambrano Ortiz<\/strong>, demostr\u00f3 las cualidades productivas que tienen los habitantes de la zona rural de la provincia y la necesidad de tener una buena carretera, como punto de partida para la implementaci\u00f3n de nuevos proyectos de desarrollo.<\/p><p>Fruto del abandono y falta de acciones preventivas de mantenimiento, <strong>Maritza Guerrero<\/strong>, vicepresidenta del Gobierno Parroquial de Viche, asegur\u00f3 que, el cambio de las condiciones actuales de esta v\u00eda es el anhelo de los habitantes de m\u00e1s 20 comunidades que conviven en la zona.<\/p><p>La gesti\u00f3n realizada por el equipo t\u00e9cnico que lidera la prefecta de Esmeraldas Roberta Zambrano ya fue presentada mediante un proyecto de financiamiento ante la gerencia de Petroecuador, por un valor aproximado a los 2 millones 800 mil d\u00f3lares. Una raz\u00f3n por la que <strong>Fabi\u00e1n Mendoza<\/strong>, dirigente campesino, indic\u00f3 sentir gran confianza en la prefecta.<\/p>\t\t\t\t\t\t\t\t<\/div>\n\t\t\t\t<\/div>\n\t\t\t\t\t<\/div>\n\t\t<\/div>\n\t\t\t\t\t<\/div>\n\t\t<\/section>\n\t\t\t\t<\/div>\n\t\t","protected":false},"excerpt":{"rendered":"<p>De manera reciente, autoridades de la prefectura de Esmeraldas recorrieron la v\u00eda que, desde la parroquia Viche, conduce hasta las comunidades de El Albe y La Chorrera en el cant\u00f3n Quinind\u00e9. A trav\u00e9s de gestiones ante Petroecuador, la prefectura de Esmeraldas busca obtener los recursos que le permitan rehabilitar y asfaltar los cerca de 10 [&hellip;]<\/p>\n","protected":false},"author":2,"featured_media":12329,"comment_status":"closed","ping_status":"open","sticky":false,"template":"","format":"standard","meta":{"footnotes":""},"categories":[14],"tags":[],"class_list":["post-12328","post","type-post","status-publish","format-standard","has-post-thumbnail","hentry","category-vialidad"],"yoast_head":"<!-- This site is optimized with the Yoast SEO plugin v25.7 - https:\/\/yoast.com\/wordpress\/plugins\/seo\/ -->\n<title>Prefectura de Esmeraldas sigue gestionando los recursos para el mejoramiento de la v\u00eda Viche \u2013 El Albe \u2013 La Chorrera, en el cant\u00f3n Quinind\u00e9. - Gobierno Aut\u00f3nomo Descentralizado de la Provincia de Esmeraldas<\/title>\n<meta name=\"robots\" content=\"index, follow, max-snippet:-1, max-image-preview:large, max-video-preview:-1\" \/>\n<link rel=\"canonical\" href=\"https:\/\/prefecturadeesmeraldas.gob.ec\/index.php\/2021\/08\/23\/prefectura-de-esmeraldas-sigue-gestionando-los-recursos-para-el-mejoramiento-de-la-via-viche-el-albe-la-chorrera-en-el-canton-quininde\/\" \/>\n<meta property=\"og:locale\" content=\"es_ES\" \/>\n<meta property=\"og:type\" content=\"article\" \/>\n<meta property=\"og:title\" content=\"Prefectura de Esmeraldas sigue gestionando los recursos para el mejoramiento de la v\u00eda Viche \u2013 El Albe \u2013 La Chorrera, en el cant\u00f3n Quinind\u00e9. - Gobierno Aut\u00f3nomo Descentralizado de la Provincia de Esmeraldas\" \/>\n<meta property=\"og:description\" content=\"De manera reciente, autoridades de la prefectura de Esmeraldas recorrieron la v\u00eda que, desde la parroquia Viche, conduce hasta las comunidades de El Albe y La Chorrera en el cant\u00f3n Quinind\u00e9. A trav\u00e9s de gestiones ante Petroecuador, la prefectura de Esmeraldas busca obtener los recursos que le permitan rehabilitar y asfaltar los cerca de 10 [&hellip;]\" \/>\n<meta property=\"og:url\" content=\"https:\/\/prefecturadeesmeraldas.gob.ec\/index.php\/2021\/08\/23\/prefectura-de-esmeraldas-sigue-gestionando-los-recursos-para-el-mejoramiento-de-la-via-viche-el-albe-la-chorrera-en-el-canton-quininde\/\" \/>\n<meta property=\"og:site_name\" content=\"Gobierno Aut\u00f3nomo Descentralizado de la Provincia de Esmeraldas\" \/>\n<meta property=\"article:publisher\" content=\"https:\/\/www.facebook.com\/PrefecturaEsmeraldas\/\" \/>\n<meta property=\"article:published_time\" content=\"2021-08-23T20:04:02+00:00\" \/>\n<meta property=\"article:modified_time\" content=\"2021-08-23T20:04:34+00:00\" \/>\n<meta property=\"og:image\" content=\"https:\/\/prefecturadeesmeraldas.gob.ec\/wp-content\/uploads\/2021\/08\/Imagen5-2.jpg\" \/>\n\t<meta property=\"og:image:width\" content=\"412\" \/>\n\t<meta property=\"og:image:height\" content=\"412\" \/>\n\t<meta property=\"og:image:type\" content=\"image\/jpeg\" \/>\n<meta name=\"author\" content=\"Direcci\u00f3n de Comunicaci\u00f3n\" \/>\n<meta name=\"twitter:card\" content=\"summary_large_image\" \/>\n<meta name=\"twitter:label1\" content=\"Escrito por\" \/>\n\t<meta name=\"twitter:data1\" content=\"Direcci\u00f3n de Comunicaci\u00f3n\" \/>\n\t<meta name=\"twitter:label2\" content=\"Tiempo de lectura\" \/>\n\t<meta name=\"twitter:data2\" content=\"1 minuto\" \/>\n<script type=\"application\/ld+json\" class=\"yoast-schema-graph\">{\"@context\":\"https:\/\/schema.org\",\"@graph\":[{\"@type\":\"Article\",\"@id\":\"https:\/\/prefecturadeesmeraldas.gob.ec\/index.php\/2021\/08\/23\/prefectura-de-esmeraldas-sigue-gestionando-los-recursos-para-el-mejoramiento-de-la-via-viche-el-albe-la-chorrera-en-el-canton-quininde\/#article\",\"isPartOf\":{\"@id\":\"https:\/\/prefecturadeesmeraldas.gob.ec\/index.php\/2021\/08\/23\/prefectura-de-esmeraldas-sigue-gestionando-los-recursos-para-el-mejoramiento-de-la-via-viche-el-albe-la-chorrera-en-el-canton-quininde\/\"},\"author\":{\"name\":\"Direcci\u00f3n de Comunicaci\u00f3n\",\"@id\":\"https:\/\/prefecturadeesmeraldas.gob.ec\/#\/schema\/person\/b0c9e7b1ead7725994d1e319e8825234\"},\"headline\":\"Prefectura de Esmeraldas sigue gestionando los recursos para el mejoramiento de la v\u00eda Viche \u2013 El Albe \u2013 La Chorrera, en el cant\u00f3n Quinind\u00e9.\",\"datePublished\":\"2021-08-23T20:04:02+00:00\",\"dateModified\":\"2021-08-23T20:04:34+00:00\",\"mainEntityOfPage\":{\"@id\":\"https:\/\/prefecturadeesmeraldas.gob.ec\/index.php\/2021\/08\/23\/prefectura-de-esmeraldas-sigue-gestionando-los-recursos-para-el-mejoramiento-de-la-via-viche-el-albe-la-chorrera-en-el-canton-quininde\/\"},\"wordCount\":242,\"publisher\":{\"@id\":\"https:\/\/prefecturadeesmeraldas.gob.ec\/#organization\"},\"image\":{\"@id\":\"https:\/\/prefecturadeesmeraldas.gob.ec\/index.php\/2021\/08\/23\/prefectura-de-esmeraldas-sigue-gestionando-los-recursos-para-el-mejoramiento-de-la-via-viche-el-albe-la-chorrera-en-el-canton-quininde\/#primaryimage\"},\"thumbnailUrl\":\"https:\/\/prefecturadeesmeraldas.gob.ec\/wp-content\/uploads\/2021\/08\/Imagen5-2.jpg\",\"articleSection\":[\"Vialidad\"],\"inLanguage\":\"es\"},{\"@type\":\"WebPage\",\"@id\":\"https:\/\/prefecturadeesmeraldas.gob.ec\/index.php\/2021\/08\/23\/prefectura-de-esmeraldas-sigue-gestionando-los-recursos-para-el-mejoramiento-de-la-via-viche-el-albe-la-chorrera-en-el-canton-quininde\/\",\"url\":\"https:\/\/prefecturadeesmeraldas.gob.ec\/index.php\/2021\/08\/23\/prefectura-de-esmeraldas-sigue-gestionando-los-recursos-para-el-mejoramiento-de-la-via-viche-el-albe-la-chorrera-en-el-canton-quininde\/\",\"name\":\"Prefectura de Esmeraldas sigue gestionando los recursos para el mejoramiento de la v\u00eda Viche \u2013 El Albe \u2013 La Chorrera, en el cant\u00f3n Quinind\u00e9. - Gobierno Aut\u00f3nomo Descentralizado de la Provincia de Esmeraldas\",\"isPartOf\":{\"@id\":\"https:\/\/prefecturadeesmeraldas.gob.ec\/#website\"},\"primaryImageOfPage\":{\"@id\":\"https:\/\/prefecturadeesmeraldas.gob.ec\/index.php\/2021\/08\/23\/prefectura-de-esmeraldas-sigue-gestionando-los-recursos-para-el-mejoramiento-de-la-via-viche-el-albe-la-chorrera-en-el-canton-quininde\/#primaryimage\"},\"image\":{\"@id\":\"https:\/\/prefecturadeesmeraldas.gob.ec\/index.php\/2021\/08\/23\/prefectura-de-esmeraldas-sigue-gestionando-los-recursos-para-el-mejoramiento-de-la-via-viche-el-albe-la-chorrera-en-el-canton-quininde\/#primaryimage\"},\"thumbnailUrl\":\"https:\/\/prefecturadeesmeraldas.gob.ec\/wp-content\/uploads\/2021\/08\/Imagen5-2.jpg\",\"datePublished\":\"2021-08-23T20:04:02+00:00\",\"dateModified\":\"2021-08-23T20:04:34+00:00\",\"breadcrumb\":{\"@id\":\"https:\/\/prefecturadeesmeraldas.gob.ec\/index.php\/2021\/08\/23\/prefectura-de-esmeraldas-sigue-gestionando-los-recursos-para-el-mejoramiento-de-la-via-viche-el-albe-la-chorrera-en-el-canton-quininde\/#breadcrumb\"},\"inLanguage\":\"es\",\"potentialAction\":[{\"@type\":\"ReadAction\",\"target\":[\"https:\/\/prefecturadeesmeraldas.gob.ec\/index.php\/2021\/08\/23\/prefectura-de-esmeraldas-sigue-gestionando-los-recursos-para-el-mejoramiento-de-la-via-viche-el-albe-la-chorrera-en-el-canton-quininde\/\"]}]},{\"@type\":\"ImageObject\",\"inLanguage\":\"es\",\"@id\":\"https:\/\/prefecturadeesmeraldas.gob.ec\/index.php\/2021\/08\/23\/prefectura-de-esmeraldas-sigue-gestionando-los-recursos-para-el-mejoramiento-de-la-via-viche-el-albe-la-chorrera-en-el-canton-quininde\/#primaryimage\",\"url\":\"https:\/\/prefecturadeesmeraldas.gob.ec\/wp-content\/uploads\/2021\/08\/Imagen5-2.jpg\",\"contentUrl\":\"https:\/\/prefecturadeesmeraldas.gob.ec\/wp-content\/uploads\/2021\/08\/Imagen5-2.jpg\",\"width\":412,\"height\":412},{\"@type\":\"BreadcrumbList\",\"@id\":\"https:\/\/prefecturadeesmeraldas.gob.ec\/index.php\/2021\/08\/23\/prefectura-de-esmeraldas-sigue-gestionando-los-recursos-para-el-mejoramiento-de-la-via-viche-el-albe-la-chorrera-en-el-canton-quininde\/#breadcrumb\",\"itemListElement\":[{\"@type\":\"ListItem\",\"position\":1,\"name\":\"Home\",\"item\":\"https:\/\/prefecturadeesmeraldas.gob.ec\/\"},{\"@type\":\"ListItem\",\"position\":2,\"name\":\"Prefectura de Esmeraldas sigue gestionando los recursos para el mejoramiento de la v\u00eda Viche \u2013 El Albe \u2013 La Chorrera, en el cant\u00f3n Quinind\u00e9.\"}]},{\"@type\":\"WebSite\",\"@id\":\"https:\/\/prefecturadeesmeraldas.gob.ec\/#website\",\"url\":\"https:\/\/prefecturadeesmeraldas.gob.ec\/\",\"name\":\"Gobierno Aut\u00f3nomo Descentralizado de la Provincia de Esmeraldas\",\"description\":\"Gobierno Aut\u00f3nomo Descentralizado de la Provincia de Esmeraldas\",\"publisher\":{\"@id\":\"https:\/\/prefecturadeesmeraldas.gob.ec\/#organization\"},\"potentialAction\":[{\"@type\":\"SearchAction\",\"target\":{\"@type\":\"EntryPoint\",\"urlTemplate\":\"https:\/\/prefecturadeesmeraldas.gob.ec\/?s={search_term_string}\"},\"query-input\":{\"@type\":\"PropertyValueSpecification\",\"valueRequired\":true,\"valueName\":\"search_term_string\"}}],\"inLanguage\":\"es\"},{\"@type\":\"Organization\",\"@id\":\"https:\/\/prefecturadeesmeraldas.gob.ec\/#organization\",\"name\":\"Gobierno Aut\u00f3nomo Descentralizado de la Provincia de Esmeraldas\",\"url\":\"https:\/\/prefecturadeesmeraldas.gob.ec\/\",\"logo\":{\"@type\":\"ImageObject\",\"inLanguage\":\"es\",\"@id\":\"https:\/\/prefecturadeesmeraldas.gob.ec\/#\/schema\/logo\/image\/\",\"url\":\"https:\/\/prefecturadeesmeraldas.gob.ec\/wp-content\/uploads\/2019\/06\/logo.png\",\"contentUrl\":\"https:\/\/prefecturadeesmeraldas.gob.ec\/wp-content\/uploads\/2019\/06\/logo.png\",\"width\":859,\"height\":448,\"caption\":\"Gobierno Aut\u00f3nomo Descentralizado de la Provincia de Esmeraldas\"},\"image\":{\"@id\":\"https:\/\/prefecturadeesmeraldas.gob.ec\/#\/schema\/logo\/image\/\"},\"sameAs\":[\"https:\/\/www.facebook.com\/PrefecturaEsmeraldas\/\"]},{\"@type\":\"Person\",\"@id\":\"https:\/\/prefecturadeesmeraldas.gob.ec\/#\/schema\/person\/b0c9e7b1ead7725994d1e319e8825234\",\"name\":\"Direcci\u00f3n de Comunicaci\u00f3n\",\"image\":{\"@type\":\"ImageObject\",\"inLanguage\":\"es\",\"@id\":\"https:\/\/prefecturadeesmeraldas.gob.ec\/#\/schema\/person\/image\/\",\"url\":\"https:\/\/secure.gravatar.com\/avatar\/74a3870a946f5d774ade3569af61a72308e07ad3346f370c4b468ee2a9858658?s=96&d=mm&r=g\",\"contentUrl\":\"https:\/\/secure.gravatar.com\/avatar\/74a3870a946f5d774ade3569af61a72308e07ad3346f370c4b468ee2a9858658?s=96&d=mm&r=g\",\"caption\":\"Direcci\u00f3n de Comunicaci\u00f3n\"}}]}<\/script>\n<!-- \/ Yoast SEO plugin. -->","yoast_head_json":{"title":"Prefectura de Esmeraldas sigue gestionando los recursos para el mejoramiento de la v\u00eda Viche \u2013 El Albe \u2013 La Chorrera, en el cant\u00f3n Quinind\u00e9. - Gobierno Aut\u00f3nomo Descentralizado de la Provincia de Esmeraldas","robots":{"index":"index","follow":"follow","max-snippet":"max-snippet:-1","max-image-preview":"max-image-preview:large","max-video-preview":"max-video-preview:-1"},"canonical":"https:\/\/prefecturadeesmeraldas.gob.ec\/index.php\/2021\/08\/23\/prefectura-de-esmeraldas-sigue-gestionando-los-recursos-para-el-mejoramiento-de-la-via-viche-el-albe-la-chorrera-en-el-canton-quininde\/","og_locale":"es_ES","og_type":"article","og_title":"Prefectura de Esmeraldas sigue gestionando los recursos para el mejoramiento de la v\u00eda Viche \u2013 El Albe \u2013 La Chorrera, en el cant\u00f3n Quinind\u00e9. - Gobierno Aut\u00f3nomo Descentralizado de la Provincia de Esmeraldas","og_description":"De manera reciente, autoridades de la prefectura de Esmeraldas recorrieron la v\u00eda que, desde la parroquia Viche, conduce hasta las comunidades de El Albe y La Chorrera en el cant\u00f3n Quinind\u00e9. A trav\u00e9s de gestiones ante Petroecuador, la prefectura de Esmeraldas busca obtener los recursos que le permitan rehabilitar y asfaltar los cerca de 10 [&hellip;]","og_url":"https:\/\/prefecturadeesmeraldas.gob.ec\/index.php\/2021\/08\/23\/prefectura-de-esmeraldas-sigue-gestionando-los-recursos-para-el-mejoramiento-de-la-via-viche-el-albe-la-chorrera-en-el-canton-quininde\/","og_site_name":"Gobierno Aut\u00f3nomo Descentralizado de la Provincia de Esmeraldas","article_publisher":"https:\/\/www.facebook.com\/PrefecturaEsmeraldas\/","article_published_time":"2021-08-23T20:04:02+00:00","article_modified_time":"2021-08-23T20:04:34+00:00","og_image":[{"width":412,"height":412,"url":"https:\/\/prefecturadeesmeraldas.gob.ec\/wp-content\/uploads\/2021\/08\/Imagen5-2.jpg","type":"image\/jpeg"}],"author":"Direcci\u00f3n de Comunicaci\u00f3n","twitter_card":"summary_large_image","twitter_misc":{"Escrito por":"Direcci\u00f3n de Comunicaci\u00f3n","Tiempo de lectura":"1 minuto"},"schema":{"@context":"https:\/\/schema.org","@graph":[{"@type":"Article","@id":"https:\/\/prefecturadeesmeraldas.gob.ec\/index.php\/2021\/08\/23\/prefectura-de-esmeraldas-sigue-gestionando-los-recursos-para-el-mejoramiento-de-la-via-viche-el-albe-la-chorrera-en-el-canton-quininde\/#article","isPartOf":{"@id":"https:\/\/prefecturadeesmeraldas.gob.ec\/index.php\/2021\/08\/23\/prefectura-de-esmeraldas-sigue-gestionando-los-recursos-para-el-mejoramiento-de-la-via-viche-el-albe-la-chorrera-en-el-canton-quininde\/"},"author":{"name":"Direcci\u00f3n de Comunicaci\u00f3n","@id":"https:\/\/prefecturadeesmeraldas.gob.ec\/#\/schema\/person\/b0c9e7b1ead7725994d1e319e8825234"},"headline":"Prefectura de Esmeraldas sigue gestionando los recursos para el mejoramiento de la v\u00eda Viche \u2013 El Albe \u2013 La Chorrera, en el cant\u00f3n Quinind\u00e9.","datePublished":"2021-08-23T20:04:02+00:00","dateModified":"2021-08-23T20:04:34+00:00","mainEntityOfPage":{"@id":"https:\/\/prefecturadeesmeraldas.gob.ec\/index.php\/2021\/08\/23\/prefectura-de-esmeraldas-sigue-gestionando-los-recursos-para-el-mejoramiento-de-la-via-viche-el-albe-la-chorrera-en-el-canton-quininde\/"},"wordCount":242,"publisher":{"@id":"https:\/\/prefecturadeesmeraldas.gob.ec\/#organization"},"image":{"@id":"https:\/\/prefecturadeesmeraldas.gob.ec\/index.php\/2021\/08\/23\/prefectura-de-esmeraldas-sigue-gestionando-los-recursos-para-el-mejoramiento-de-la-via-viche-el-albe-la-chorrera-en-el-canton-quininde\/#primaryimage"},"thumbnailUrl":"https:\/\/prefecturadeesmeraldas.gob.ec\/wp-content\/uploads\/2021\/08\/Imagen5-2.jpg","articleSection":["Vialidad"],"inLanguage":"es"},{"@type":"WebPage","@id":"https:\/\/prefecturadeesmeraldas.gob.ec\/index.php\/2021\/08\/23\/prefectura-de-esmeraldas-sigue-gestionando-los-recursos-para-el-mejoramiento-de-la-via-viche-el-albe-la-chorrera-en-el-canton-quininde\/","url":"https:\/\/prefecturadeesmeraldas.gob.ec\/index.php\/2021\/08\/23\/prefectura-de-esmeraldas-sigue-gestionando-los-recursos-para-el-mejoramiento-de-la-via-viche-el-albe-la-chorrera-en-el-canton-quininde\/","name":"Prefectura de Esmeraldas sigue gestionando los recursos para el mejoramiento de la v\u00eda Viche \u2013 El Albe \u2013 La Chorrera, en el cant\u00f3n Quinind\u00e9. - Gobierno Aut\u00f3nomo Descentralizado de la Provincia de Esmeraldas","isPartOf":{"@id":"https:\/\/prefecturadeesmeraldas.gob.ec\/#website"},"primaryImageOfPage":{"@id":"https:\/\/prefecturadeesmeraldas.gob.ec\/index.php\/2021\/08\/23\/prefectura-de-esmeraldas-sigue-gestionando-los-recursos-para-el-mejoramiento-de-la-via-viche-el-albe-la-chorrera-en-el-canton-quininde\/#primaryimage"},"image":{"@id":"https:\/\/prefecturadeesmeraldas.gob.ec\/index.php\/2021\/08\/23\/prefectura-de-esmeraldas-sigue-gestionando-los-recursos-para-el-mejoramiento-de-la-via-viche-el-albe-la-chorrera-en-el-canton-quininde\/#primaryimage"},"thumbnailUrl":"https:\/\/prefecturadeesmeraldas.gob.ec\/wp-content\/uploads\/2021\/08\/Imagen5-2.jpg","datePublished":"2021-08-23T20:04:02+00:00","dateModified":"2021-08-23T20:04:34+00:00","breadcrumb":{"@id":"https:\/\/prefecturadeesmeraldas.gob.ec\/index.php\/2021\/08\/23\/prefectura-de-esmeraldas-sigue-gestionando-los-recursos-para-el-mejoramiento-de-la-via-viche-el-albe-la-chorrera-en-el-canton-quininde\/#breadcrumb"},"inLanguage":"es","potentialAction":[{"@type":"ReadAction","target":["https:\/\/prefecturadeesmeraldas.gob.ec\/index.php\/2021\/08\/23\/prefectura-de-esmeraldas-sigue-gestionando-los-recursos-para-el-mejoramiento-de-la-via-viche-el-albe-la-chorrera-en-el-canton-quininde\/"]}]},{"@type":"ImageObject","inLanguage":"es","@id":"https:\/\/prefecturadeesmeraldas.gob.ec\/index.php\/2021\/08\/23\/prefectura-de-esmeraldas-sigue-gestionando-los-recursos-para-el-mejoramiento-de-la-via-viche-el-albe-la-chorrera-en-el-canton-quininde\/#primaryimage","url":"https:\/\/prefecturadeesmeraldas.gob.ec\/wp-content\/uploads\/2021\/08\/Imagen5-2.jpg","contentUrl":"https:\/\/prefecturadeesmeraldas.gob.ec\/wp-content\/uploads\/2021\/08\/Imagen5-2.jpg","width":412,"height":412},{"@type":"BreadcrumbList","@id":"https:\/\/prefecturadeesmeraldas.gob.ec\/index.php\/2021\/08\/23\/prefectura-de-esmeraldas-sigue-gestionando-los-recursos-para-el-mejoramiento-de-la-via-viche-el-albe-la-chorrera-en-el-canton-quininde\/#breadcrumb","itemListElement":[{"@type":"ListItem","position":1,"name":"Home","item":"https:\/\/prefecturadeesmeraldas.gob.ec\/"},{"@type":"ListItem","position":2,"name":"Prefectura de Esmeraldas sigue gestionando los recursos para el mejoramiento de la v\u00eda Viche \u2013 El Albe \u2013 La Chorrera, en el cant\u00f3n Quinind\u00e9."}]},{"@type":"WebSite","@id":"https:\/\/prefecturadeesmeraldas.gob.ec\/#website","url":"https:\/\/prefecturadeesmeraldas.gob.ec\/","name":"Gobierno Aut\u00f3nomo Descentralizado de la Provincia de Esmeraldas","description":"Gobierno Aut\u00f3nomo Descentralizado de la Provincia de Esmeraldas","publisher":{"@id":"https:\/\/prefecturadeesmeraldas.gob.ec\/#organization"},"potentialAction":[{"@type":"SearchAction","target":{"@type":"EntryPoint","urlTemplate":"https:\/\/prefecturadeesmeraldas.gob.ec\/?s={search_term_string}"},"query-input":{"@type":"PropertyValueSpecification","valueRequired":true,"valueName":"search_term_string"}}],"inLanguage":"es"},{"@type":"Organization","@id":"https:\/\/prefecturadeesmeraldas.gob.ec\/#organization","name":"Gobierno Aut\u00f3nomo Descentralizado de la Provincia de Esmeraldas","url":"https:\/\/prefecturadeesmeraldas.gob.ec\/","logo":{"@type":"ImageObject","inLanguage":"es","@id":"https:\/\/prefecturadeesmeraldas.gob.ec\/#\/schema\/logo\/image\/","url":"https:\/\/prefecturadeesmeraldas.gob.ec\/wp-content\/uploads\/2019\/06\/logo.png","contentUrl":"https:\/\/prefecturadeesmeraldas.gob.ec\/wp-content\/uploads\/2019\/06\/logo.png","width":859,"height":448,"caption":"Gobierno Aut\u00f3nomo Descentralizado de la Provincia de Esmeraldas"},"image":{"@id":"https:\/\/prefecturadeesmeraldas.gob.ec\/#\/schema\/logo\/image\/"},"sameAs":["https:\/\/www.facebook.com\/PrefecturaEsmeraldas\/"]},{"@type":"Person","@id":"https:\/\/prefecturadeesmeraldas.gob.ec\/#\/schema\/person\/b0c9e7b1ead7725994d1e319e8825234","name":"Direcci\u00f3n de Comunicaci\u00f3n","image":{"@type":"ImageObject","inLanguage":"es","@id":"https:\/\/prefecturadeesmeraldas.gob.ec\/#\/schema\/person\/image\/","url":"https:\/\/secure.gravatar.com\/avatar\/74a3870a946f5d774ade3569af61a72308e07ad3346f370c4b468ee2a9858658?s=96&d=mm&r=g","contentUrl":"https:\/\/secure.gravatar.com\/avatar\/74a3870a946f5d774ade3569af61a72308e07ad3346f370c4b468ee2a9858658?s=96&d=mm&r=g","caption":"Direcci\u00f3n de Comunicaci\u00f3n"}}]}},"_links":{"self":[{"href":"https:\/\/prefecturadeesmeraldas.gob.ec\/index.php\/wp-json\/wp\/v2\/posts\/12328","targetHints":{"allow":["GET"]}}],"collection":[{"href":"https:\/\/prefecturadeesmeraldas.gob.ec\/index.php\/wp-json\/wp\/v2\/posts"}],"about":[{"href":"https:\/\/prefecturadeesmeraldas.gob.ec\/index.php\/wp-json\/wp\/v2\/types\/post"}],"author":[{"embeddable":true,"href":"https:\/\/prefecturadeesmeraldas.gob.ec\/index.php\/wp-json\/wp\/v2\/users\/2"}],"replies":[{"embeddable":true,"href":"https:\/\/prefecturadeesmeraldas.gob.ec\/index.php\/wp-json\/wp\/v2\/comments?post=12328"}],"version-history":[{"count":0,"href":"https:\/\/prefecturadeesmeraldas.gob.ec\/index.php\/wp-json\/wp\/v2\/posts\/12328\/revisions"}],"wp:featuredmedia":[{"embeddable":true,"href":"https:\/\/prefecturadeesmeraldas.gob.ec\/index.php\/wp-json\/wp\/v2\/media\/12329"}],"wp:attachment":[{"href":"https:\/\/prefecturadeesmeraldas.gob.ec\/index.php\/wp-json\/wp\/v2\/media?parent=12328"}],"wp:term":[{"taxonomy":"category","embeddable":true,"href":"https:\/\/prefecturadeesmeraldas.gob.ec\/index.php\/wp-json\/wp\/v2\/categories?post=12328"},{"taxonomy":"post_tag","embeddable":true,"href":"https:\/\/prefecturadeesmeraldas.gob.ec\/index.php\/wp-json\/wp\/v2\/tags?post=12328"}],"curies":[{"name":"wp","href":"https:\/\/api.w.org\/{rel}","templated":true}]}}