{"id":12284,"date":"2021-08-19T10:08:17","date_gmt":"2021-08-19T15:08:17","guid":{"rendered":"http:\/\/prefecturadeesmeraldas.gob.ec\/?p=12284"},"modified":"2021-08-19T10:11:38","modified_gmt":"2021-08-19T15:11:38","slug":"prefectura-de-esmeraldas-reduce-factores-de-riesgo-que-amenazaban-la-vida-de-campesinos-en-la-parroquia-la-union-del-canton-quininde","status":"publish","type":"post","link":"https:\/\/prefecturadeesmeraldas.gob.ec\/index.php\/2021\/08\/19\/prefectura-de-esmeraldas-reduce-factores-de-riesgo-que-amenazaban-la-vida-de-campesinos-en-la-parroquia-la-union-del-canton-quininde\/","title":{"rendered":"Prefectura de Esmeraldas reduce factores de riesgo que amenazaban la vida de campesinos, en la parroquia La Uni\u00f3n del cant\u00f3n Quinind\u00e9."},"content":{"rendered":"\t\t<div data-elementor-type=\"wp-post\" data-elementor-id=\"12284\" class=\"elementor elementor-12284\">\n\t\t\t\t\t\t<section class=\"elementor-section elementor-top-section elementor-element elementor-element-444e8cb elementor-section-boxed elementor-section-height-default elementor-section-height-default\" data-id=\"444e8cb\" data-element_type=\"section\">\n\t\t\t\t\t\t<div class=\"elementor-container elementor-column-gap-default\">\n\t\t\t\t\t<div class=\"elementor-column elementor-col-100 elementor-top-column elementor-element elementor-element-0f08a0b\" data-id=\"0f08a0b\" data-element_type=\"column\">\n\t\t\t<div class=\"elementor-widget-wrap elementor-element-populated\">\n\t\t\t\t\t\t<div class=\"elementor-element elementor-element-ff4d1b6 elementor-widget elementor-widget-image\" data-id=\"ff4d1b6\" data-element_type=\"widget\" data-widget_type=\"image.default\">\n\t\t\t\t<div class=\"elementor-widget-container\">\n\t\t\t\t\t\t\t\t\t\t\t\t\t\t\t<img fetchpriority=\"high\" decoding=\"async\" width=\"455\" height=\"455\" src=\"https:\/\/prefecturadeesmeraldas.gob.ec\/wp-content\/uploads\/2021\/08\/BOLETIN-0780.jpg\" class=\"attachment-large size-large wp-image-12255\" alt=\"\" srcset=\"https:\/\/prefecturadeesmeraldas.gob.ec\/wp-content\/uploads\/2021\/08\/BOLETIN-0780.jpg 455w, https:\/\/prefecturadeesmeraldas.gob.ec\/wp-content\/uploads\/2021\/08\/BOLETIN-0780-240x240.jpg 240w, https:\/\/prefecturadeesmeraldas.gob.ec\/wp-content\/uploads\/2021\/08\/BOLETIN-0780-150x150.jpg 150w, https:\/\/prefecturadeesmeraldas.gob.ec\/wp-content\/uploads\/2021\/08\/BOLETIN-0780-300x300.jpg 300w\" sizes=\"(max-width: 455px) 100vw, 455px\" \/>\t\t\t\t\t\t\t\t\t\t\t\t\t\t\t<\/div>\n\t\t\t\t<\/div>\n\t\t\t\t\t<\/div>\n\t\t<\/div>\n\t\t\t\t\t<\/div>\n\t\t<\/section>\n\t\t\t\t<section class=\"elementor-section elementor-top-section elementor-element elementor-element-a58c616 elementor-section-boxed elementor-section-height-default elementor-section-height-default\" data-id=\"a58c616\" data-element_type=\"section\">\n\t\t\t\t\t\t<div class=\"elementor-container elementor-column-gap-default\">\n\t\t\t\t\t<div class=\"elementor-column elementor-col-100 elementor-top-column elementor-element elementor-element-88331ec\" data-id=\"88331ec\" data-element_type=\"column\">\n\t\t\t<div class=\"elementor-widget-wrap elementor-element-populated\">\n\t\t\t\t\t\t<div class=\"elementor-element elementor-element-2cba917 elementor-widget elementor-widget-text-editor\" data-id=\"2cba917\" data-element_type=\"widget\" data-widget_type=\"text-editor.default\">\n\t\t\t\t<div class=\"elementor-widget-container\">\n\t\t\t\t\t\t\t\t\t<p>Gracias a la construcci\u00f3n de dos ductos caj\u00f3n y tres alcantarillas, mediante contrataci\u00f3n por parte de la Prefectura de Esmeraldas, el invierno dejar\u00e1 de ser un factor de riesgo para los habitantes de las comunidades de Cupita y Lajero, situadas en zona rural de la parroquia La Uni\u00f3n, en el cant\u00f3n Quinind\u00e9.<\/p><p><strong>Ram\u00f3n Pico<\/strong>, habitante del sector, narr\u00f3 que, gracias al proyecto en ejecuci\u00f3n, se est\u00e1 cambiando la historia de una zona altamente productiva; pero olvidada. Con las fuerzas que lo acompa\u00f1an, luego de a\u00f1os de trajinar, tambi\u00e9n dijo que, se les devuelven la esperanza y la tranquilidad.<\/p><p><strong>Juan Carlos Lucas<\/strong>, agricultor y motociclista, calific\u00f3 al proyecto como conveniente, en vista de las penosas dificultades que, producto de las inclemencias del clima, ten\u00edan que enfrentar como comunidad, siendo testigos de m\u00faltiples accidentes ocurridos debido al lamentable estado en que se encontraba la v\u00eda.<\/p><p>De la misma forma, <strong>Beatriz Chiguango<\/strong>, su esposa, indic\u00f3 que, como mujer y madre de familia, siempre mantuvo grandes preocupaciones cuando su familia ten\u00eda que movilizarse por la v\u00eda, conociendo el riesgo y las dificultades que implicaba su traslado.<\/p><p><strong>F\u00e9lix Bravo<\/strong> fue otro de los habitantes que se sum\u00f3 a los agradecimientos, ante la firme decisi\u00f3n tomada por el equipo t\u00e9cnico que acompa\u00f1a a la prefecta de Esmeraldas Roberta Zambrano, permitiendo llevar adelante una obra que dijo: \u201caportar\u00e1 significativamente al desarrollo y econom\u00eda de los habitantes de la zona\u201d.<\/p>\t\t\t\t\t\t\t\t<\/div>\n\t\t\t\t<\/div>\n\t\t\t\t\t<\/div>\n\t\t<\/div>\n\t\t\t\t\t<\/div>\n\t\t<\/section>\n\t\t\t\t<\/div>\n\t\t","protected":false},"excerpt":{"rendered":"<p>Gracias a la construcci\u00f3n de dos ductos caj\u00f3n y tres alcantarillas, mediante contrataci\u00f3n por parte de la Prefectura de Esmeraldas, el invierno dejar\u00e1 de ser un factor de riesgo para los habitantes de las comunidades de Cupita y Lajero, situadas en zona rural de la parroquia La Uni\u00f3n, en el cant\u00f3n Quinind\u00e9. Ram\u00f3n Pico, habitante [&hellip;]<\/p>\n","protected":false},"author":2,"featured_media":12255,"comment_status":"closed","ping_status":"open","sticky":false,"template":"","format":"standard","meta":{"footnotes":""},"categories":[14],"tags":[],"class_list":["post-12284","post","type-post","status-publish","format-standard","has-post-thumbnail","hentry","category-vialidad"],"yoast_head":"<!-- This site is optimized with the Yoast SEO plugin v25.7 - https:\/\/yoast.com\/wordpress\/plugins\/seo\/ -->\n<title>Prefectura de Esmeraldas reduce factores de riesgo que amenazaban la vida de campesinos, en la parroquia La Uni\u00f3n del cant\u00f3n Quinind\u00e9. - Gobierno Aut\u00f3nomo Descentralizado de la Provincia de Esmeraldas<\/title>\n<meta name=\"robots\" content=\"index, follow, max-snippet:-1, max-image-preview:large, max-video-preview:-1\" \/>\n<link rel=\"canonical\" href=\"https:\/\/prefecturadeesmeraldas.gob.ec\/index.php\/2021\/08\/19\/prefectura-de-esmeraldas-reduce-factores-de-riesgo-que-amenazaban-la-vida-de-campesinos-en-la-parroquia-la-union-del-canton-quininde\/\" \/>\n<meta property=\"og:locale\" content=\"es_ES\" \/>\n<meta property=\"og:type\" content=\"article\" \/>\n<meta property=\"og:title\" content=\"Prefectura de Esmeraldas reduce factores de riesgo que amenazaban la vida de campesinos, en la parroquia La Uni\u00f3n del cant\u00f3n Quinind\u00e9. - Gobierno Aut\u00f3nomo Descentralizado de la Provincia de Esmeraldas\" \/>\n<meta property=\"og:description\" content=\"Gracias a la construcci\u00f3n de dos ductos caj\u00f3n y tres alcantarillas, mediante contrataci\u00f3n por parte de la Prefectura de Esmeraldas, el invierno dejar\u00e1 de ser un factor de riesgo para los habitantes de las comunidades de Cupita y Lajero, situadas en zona rural de la parroquia La Uni\u00f3n, en el cant\u00f3n Quinind\u00e9. Ram\u00f3n Pico, habitante [&hellip;]\" \/>\n<meta property=\"og:url\" content=\"https:\/\/prefecturadeesmeraldas.gob.ec\/index.php\/2021\/08\/19\/prefectura-de-esmeraldas-reduce-factores-de-riesgo-que-amenazaban-la-vida-de-campesinos-en-la-parroquia-la-union-del-canton-quininde\/\" \/>\n<meta property=\"og:site_name\" content=\"Gobierno Aut\u00f3nomo Descentralizado de la Provincia de Esmeraldas\" \/>\n<meta property=\"article:publisher\" content=\"https:\/\/www.facebook.com\/PrefecturaEsmeraldas\/\" \/>\n<meta property=\"article:published_time\" content=\"2021-08-19T15:08:17+00:00\" \/>\n<meta property=\"article:modified_time\" content=\"2021-08-19T15:11:38+00:00\" \/>\n<meta property=\"og:image\" content=\"https:\/\/prefecturadeesmeraldas.gob.ec\/wp-content\/uploads\/2021\/08\/BOLETIN-0780.jpg\" \/>\n\t<meta property=\"og:image:width\" content=\"455\" \/>\n\t<meta property=\"og:image:height\" content=\"455\" \/>\n\t<meta property=\"og:image:type\" content=\"image\/jpeg\" \/>\n<meta name=\"author\" content=\"Direcci\u00f3n de Comunicaci\u00f3n\" \/>\n<meta name=\"twitter:card\" content=\"summary_large_image\" \/>\n<meta name=\"twitter:label1\" content=\"Escrito por\" \/>\n\t<meta name=\"twitter:data1\" content=\"Direcci\u00f3n de Comunicaci\u00f3n\" \/>\n\t<meta name=\"twitter:label2\" content=\"Tiempo de lectura\" \/>\n\t<meta name=\"twitter:data2\" content=\"1 minuto\" \/>\n<script type=\"application\/ld+json\" class=\"yoast-schema-graph\">{\"@context\":\"https:\/\/schema.org\",\"@graph\":[{\"@type\":\"Article\",\"@id\":\"https:\/\/prefecturadeesmeraldas.gob.ec\/index.php\/2021\/08\/19\/prefectura-de-esmeraldas-reduce-factores-de-riesgo-que-amenazaban-la-vida-de-campesinos-en-la-parroquia-la-union-del-canton-quininde\/#article\",\"isPartOf\":{\"@id\":\"https:\/\/prefecturadeesmeraldas.gob.ec\/index.php\/2021\/08\/19\/prefectura-de-esmeraldas-reduce-factores-de-riesgo-que-amenazaban-la-vida-de-campesinos-en-la-parroquia-la-union-del-canton-quininde\/\"},\"author\":{\"name\":\"Direcci\u00f3n de Comunicaci\u00f3n\",\"@id\":\"https:\/\/prefecturadeesmeraldas.gob.ec\/#\/schema\/person\/b0c9e7b1ead7725994d1e319e8825234\"},\"headline\":\"Prefectura de Esmeraldas reduce factores de riesgo que amenazaban la vida de campesinos, en la parroquia La Uni\u00f3n del cant\u00f3n Quinind\u00e9.\",\"datePublished\":\"2021-08-19T15:08:17+00:00\",\"dateModified\":\"2021-08-19T15:11:38+00:00\",\"mainEntityOfPage\":{\"@id\":\"https:\/\/prefecturadeesmeraldas.gob.ec\/index.php\/2021\/08\/19\/prefectura-de-esmeraldas-reduce-factores-de-riesgo-que-amenazaban-la-vida-de-campesinos-en-la-parroquia-la-union-del-canton-quininde\/\"},\"wordCount\":275,\"publisher\":{\"@id\":\"https:\/\/prefecturadeesmeraldas.gob.ec\/#organization\"},\"image\":{\"@id\":\"https:\/\/prefecturadeesmeraldas.gob.ec\/index.php\/2021\/08\/19\/prefectura-de-esmeraldas-reduce-factores-de-riesgo-que-amenazaban-la-vida-de-campesinos-en-la-parroquia-la-union-del-canton-quininde\/#primaryimage\"},\"thumbnailUrl\":\"https:\/\/prefecturadeesmeraldas.gob.ec\/wp-content\/uploads\/2021\/08\/BOLETIN-0780.jpg\",\"articleSection\":[\"Vialidad\"],\"inLanguage\":\"es\"},{\"@type\":\"WebPage\",\"@id\":\"https:\/\/prefecturadeesmeraldas.gob.ec\/index.php\/2021\/08\/19\/prefectura-de-esmeraldas-reduce-factores-de-riesgo-que-amenazaban-la-vida-de-campesinos-en-la-parroquia-la-union-del-canton-quininde\/\",\"url\":\"https:\/\/prefecturadeesmeraldas.gob.ec\/index.php\/2021\/08\/19\/prefectura-de-esmeraldas-reduce-factores-de-riesgo-que-amenazaban-la-vida-de-campesinos-en-la-parroquia-la-union-del-canton-quininde\/\",\"name\":\"Prefectura de Esmeraldas reduce factores de riesgo que amenazaban la vida de campesinos, en la parroquia La Uni\u00f3n del cant\u00f3n Quinind\u00e9. - Gobierno Aut\u00f3nomo Descentralizado de la Provincia de Esmeraldas\",\"isPartOf\":{\"@id\":\"https:\/\/prefecturadeesmeraldas.gob.ec\/#website\"},\"primaryImageOfPage\":{\"@id\":\"https:\/\/prefecturadeesmeraldas.gob.ec\/index.php\/2021\/08\/19\/prefectura-de-esmeraldas-reduce-factores-de-riesgo-que-amenazaban-la-vida-de-campesinos-en-la-parroquia-la-union-del-canton-quininde\/#primaryimage\"},\"image\":{\"@id\":\"https:\/\/prefecturadeesmeraldas.gob.ec\/index.php\/2021\/08\/19\/prefectura-de-esmeraldas-reduce-factores-de-riesgo-que-amenazaban-la-vida-de-campesinos-en-la-parroquia-la-union-del-canton-quininde\/#primaryimage\"},\"thumbnailUrl\":\"https:\/\/prefecturadeesmeraldas.gob.ec\/wp-content\/uploads\/2021\/08\/BOLETIN-0780.jpg\",\"datePublished\":\"2021-08-19T15:08:17+00:00\",\"dateModified\":\"2021-08-19T15:11:38+00:00\",\"breadcrumb\":{\"@id\":\"https:\/\/prefecturadeesmeraldas.gob.ec\/index.php\/2021\/08\/19\/prefectura-de-esmeraldas-reduce-factores-de-riesgo-que-amenazaban-la-vida-de-campesinos-en-la-parroquia-la-union-del-canton-quininde\/#breadcrumb\"},\"inLanguage\":\"es\",\"potentialAction\":[{\"@type\":\"ReadAction\",\"target\":[\"https:\/\/prefecturadeesmeraldas.gob.ec\/index.php\/2021\/08\/19\/prefectura-de-esmeraldas-reduce-factores-de-riesgo-que-amenazaban-la-vida-de-campesinos-en-la-parroquia-la-union-del-canton-quininde\/\"]}]},{\"@type\":\"ImageObject\",\"inLanguage\":\"es\",\"@id\":\"https:\/\/prefecturadeesmeraldas.gob.ec\/index.php\/2021\/08\/19\/prefectura-de-esmeraldas-reduce-factores-de-riesgo-que-amenazaban-la-vida-de-campesinos-en-la-parroquia-la-union-del-canton-quininde\/#primaryimage\",\"url\":\"https:\/\/prefecturadeesmeraldas.gob.ec\/wp-content\/uploads\/2021\/08\/BOLETIN-0780.jpg\",\"contentUrl\":\"https:\/\/prefecturadeesmeraldas.gob.ec\/wp-content\/uploads\/2021\/08\/BOLETIN-0780.jpg\",\"width\":455,\"height\":455},{\"@type\":\"BreadcrumbList\",\"@id\":\"https:\/\/prefecturadeesmeraldas.gob.ec\/index.php\/2021\/08\/19\/prefectura-de-esmeraldas-reduce-factores-de-riesgo-que-amenazaban-la-vida-de-campesinos-en-la-parroquia-la-union-del-canton-quininde\/#breadcrumb\",\"itemListElement\":[{\"@type\":\"ListItem\",\"position\":1,\"name\":\"Home\",\"item\":\"https:\/\/prefecturadeesmeraldas.gob.ec\/\"},{\"@type\":\"ListItem\",\"position\":2,\"name\":\"Prefectura de Esmeraldas reduce factores de riesgo que amenazaban la vida de campesinos, en la parroquia La Uni\u00f3n del cant\u00f3n Quinind\u00e9.\"}]},{\"@type\":\"WebSite\",\"@id\":\"https:\/\/prefecturadeesmeraldas.gob.ec\/#website\",\"url\":\"https:\/\/prefecturadeesmeraldas.gob.ec\/\",\"name\":\"Gobierno Aut\u00f3nomo Descentralizado de la Provincia de Esmeraldas\",\"description\":\"Gobierno Aut\u00f3nomo Descentralizado de la Provincia de Esmeraldas\",\"publisher\":{\"@id\":\"https:\/\/prefecturadeesmeraldas.gob.ec\/#organization\"},\"potentialAction\":[{\"@type\":\"SearchAction\",\"target\":{\"@type\":\"EntryPoint\",\"urlTemplate\":\"https:\/\/prefecturadeesmeraldas.gob.ec\/?s={search_term_string}\"},\"query-input\":{\"@type\":\"PropertyValueSpecification\",\"valueRequired\":true,\"valueName\":\"search_term_string\"}}],\"inLanguage\":\"es\"},{\"@type\":\"Organization\",\"@id\":\"https:\/\/prefecturadeesmeraldas.gob.ec\/#organization\",\"name\":\"Gobierno Aut\u00f3nomo Descentralizado de la Provincia de Esmeraldas\",\"url\":\"https:\/\/prefecturadeesmeraldas.gob.ec\/\",\"logo\":{\"@type\":\"ImageObject\",\"inLanguage\":\"es\",\"@id\":\"https:\/\/prefecturadeesmeraldas.gob.ec\/#\/schema\/logo\/image\/\",\"url\":\"https:\/\/prefecturadeesmeraldas.gob.ec\/wp-content\/uploads\/2019\/06\/logo.png\",\"contentUrl\":\"https:\/\/prefecturadeesmeraldas.gob.ec\/wp-content\/uploads\/2019\/06\/logo.png\",\"width\":859,\"height\":448,\"caption\":\"Gobierno Aut\u00f3nomo Descentralizado de la Provincia de Esmeraldas\"},\"image\":{\"@id\":\"https:\/\/prefecturadeesmeraldas.gob.ec\/#\/schema\/logo\/image\/\"},\"sameAs\":[\"https:\/\/www.facebook.com\/PrefecturaEsmeraldas\/\"]},{\"@type\":\"Person\",\"@id\":\"https:\/\/prefecturadeesmeraldas.gob.ec\/#\/schema\/person\/b0c9e7b1ead7725994d1e319e8825234\",\"name\":\"Direcci\u00f3n de Comunicaci\u00f3n\",\"image\":{\"@type\":\"ImageObject\",\"inLanguage\":\"es\",\"@id\":\"https:\/\/prefecturadeesmeraldas.gob.ec\/#\/schema\/person\/image\/\",\"url\":\"https:\/\/secure.gravatar.com\/avatar\/74a3870a946f5d774ade3569af61a72308e07ad3346f370c4b468ee2a9858658?s=96&d=mm&r=g\",\"contentUrl\":\"https:\/\/secure.gravatar.com\/avatar\/74a3870a946f5d774ade3569af61a72308e07ad3346f370c4b468ee2a9858658?s=96&d=mm&r=g\",\"caption\":\"Direcci\u00f3n de Comunicaci\u00f3n\"}}]}<\/script>\n<!-- \/ Yoast SEO plugin. -->","yoast_head_json":{"title":"Prefectura de Esmeraldas reduce factores de riesgo que amenazaban la vida de campesinos, en la parroquia La Uni\u00f3n del cant\u00f3n Quinind\u00e9. - Gobierno Aut\u00f3nomo Descentralizado de la Provincia de Esmeraldas","robots":{"index":"index","follow":"follow","max-snippet":"max-snippet:-1","max-image-preview":"max-image-preview:large","max-video-preview":"max-video-preview:-1"},"canonical":"https:\/\/prefecturadeesmeraldas.gob.ec\/index.php\/2021\/08\/19\/prefectura-de-esmeraldas-reduce-factores-de-riesgo-que-amenazaban-la-vida-de-campesinos-en-la-parroquia-la-union-del-canton-quininde\/","og_locale":"es_ES","og_type":"article","og_title":"Prefectura de Esmeraldas reduce factores de riesgo que amenazaban la vida de campesinos, en la parroquia La Uni\u00f3n del cant\u00f3n Quinind\u00e9. - Gobierno Aut\u00f3nomo Descentralizado de la Provincia de Esmeraldas","og_description":"Gracias a la construcci\u00f3n de dos ductos caj\u00f3n y tres alcantarillas, mediante contrataci\u00f3n por parte de la Prefectura de Esmeraldas, el invierno dejar\u00e1 de ser un factor de riesgo para los habitantes de las comunidades de Cupita y Lajero, situadas en zona rural de la parroquia La Uni\u00f3n, en el cant\u00f3n Quinind\u00e9. Ram\u00f3n Pico, habitante [&hellip;]","og_url":"https:\/\/prefecturadeesmeraldas.gob.ec\/index.php\/2021\/08\/19\/prefectura-de-esmeraldas-reduce-factores-de-riesgo-que-amenazaban-la-vida-de-campesinos-en-la-parroquia-la-union-del-canton-quininde\/","og_site_name":"Gobierno Aut\u00f3nomo Descentralizado de la Provincia de Esmeraldas","article_publisher":"https:\/\/www.facebook.com\/PrefecturaEsmeraldas\/","article_published_time":"2021-08-19T15:08:17+00:00","article_modified_time":"2021-08-19T15:11:38+00:00","og_image":[{"width":455,"height":455,"url":"https:\/\/prefecturadeesmeraldas.gob.ec\/wp-content\/uploads\/2021\/08\/BOLETIN-0780.jpg","type":"image\/jpeg"}],"author":"Direcci\u00f3n de Comunicaci\u00f3n","twitter_card":"summary_large_image","twitter_misc":{"Escrito por":"Direcci\u00f3n de Comunicaci\u00f3n","Tiempo de lectura":"1 minuto"},"schema":{"@context":"https:\/\/schema.org","@graph":[{"@type":"Article","@id":"https:\/\/prefecturadeesmeraldas.gob.ec\/index.php\/2021\/08\/19\/prefectura-de-esmeraldas-reduce-factores-de-riesgo-que-amenazaban-la-vida-de-campesinos-en-la-parroquia-la-union-del-canton-quininde\/#article","isPartOf":{"@id":"https:\/\/prefecturadeesmeraldas.gob.ec\/index.php\/2021\/08\/19\/prefectura-de-esmeraldas-reduce-factores-de-riesgo-que-amenazaban-la-vida-de-campesinos-en-la-parroquia-la-union-del-canton-quininde\/"},"author":{"name":"Direcci\u00f3n de Comunicaci\u00f3n","@id":"https:\/\/prefecturadeesmeraldas.gob.ec\/#\/schema\/person\/b0c9e7b1ead7725994d1e319e8825234"},"headline":"Prefectura de Esmeraldas reduce factores de riesgo que amenazaban la vida de campesinos, en la parroquia La Uni\u00f3n del cant\u00f3n Quinind\u00e9.","datePublished":"2021-08-19T15:08:17+00:00","dateModified":"2021-08-19T15:11:38+00:00","mainEntityOfPage":{"@id":"https:\/\/prefecturadeesmeraldas.gob.ec\/index.php\/2021\/08\/19\/prefectura-de-esmeraldas-reduce-factores-de-riesgo-que-amenazaban-la-vida-de-campesinos-en-la-parroquia-la-union-del-canton-quininde\/"},"wordCount":275,"publisher":{"@id":"https:\/\/prefecturadeesmeraldas.gob.ec\/#organization"},"image":{"@id":"https:\/\/prefecturadeesmeraldas.gob.ec\/index.php\/2021\/08\/19\/prefectura-de-esmeraldas-reduce-factores-de-riesgo-que-amenazaban-la-vida-de-campesinos-en-la-parroquia-la-union-del-canton-quininde\/#primaryimage"},"thumbnailUrl":"https:\/\/prefecturadeesmeraldas.gob.ec\/wp-content\/uploads\/2021\/08\/BOLETIN-0780.jpg","articleSection":["Vialidad"],"inLanguage":"es"},{"@type":"WebPage","@id":"https:\/\/prefecturadeesmeraldas.gob.ec\/index.php\/2021\/08\/19\/prefectura-de-esmeraldas-reduce-factores-de-riesgo-que-amenazaban-la-vida-de-campesinos-en-la-parroquia-la-union-del-canton-quininde\/","url":"https:\/\/prefecturadeesmeraldas.gob.ec\/index.php\/2021\/08\/19\/prefectura-de-esmeraldas-reduce-factores-de-riesgo-que-amenazaban-la-vida-de-campesinos-en-la-parroquia-la-union-del-canton-quininde\/","name":"Prefectura de Esmeraldas reduce factores de riesgo que amenazaban la vida de campesinos, en la parroquia La Uni\u00f3n del cant\u00f3n Quinind\u00e9. - Gobierno Aut\u00f3nomo Descentralizado de la Provincia de Esmeraldas","isPartOf":{"@id":"https:\/\/prefecturadeesmeraldas.gob.ec\/#website"},"primaryImageOfPage":{"@id":"https:\/\/prefecturadeesmeraldas.gob.ec\/index.php\/2021\/08\/19\/prefectura-de-esmeraldas-reduce-factores-de-riesgo-que-amenazaban-la-vida-de-campesinos-en-la-parroquia-la-union-del-canton-quininde\/#primaryimage"},"image":{"@id":"https:\/\/prefecturadeesmeraldas.gob.ec\/index.php\/2021\/08\/19\/prefectura-de-esmeraldas-reduce-factores-de-riesgo-que-amenazaban-la-vida-de-campesinos-en-la-parroquia-la-union-del-canton-quininde\/#primaryimage"},"thumbnailUrl":"https:\/\/prefecturadeesmeraldas.gob.ec\/wp-content\/uploads\/2021\/08\/BOLETIN-0780.jpg","datePublished":"2021-08-19T15:08:17+00:00","dateModified":"2021-08-19T15:11:38+00:00","breadcrumb":{"@id":"https:\/\/prefecturadeesmeraldas.gob.ec\/index.php\/2021\/08\/19\/prefectura-de-esmeraldas-reduce-factores-de-riesgo-que-amenazaban-la-vida-de-campesinos-en-la-parroquia-la-union-del-canton-quininde\/#breadcrumb"},"inLanguage":"es","potentialAction":[{"@type":"ReadAction","target":["https:\/\/prefecturadeesmeraldas.gob.ec\/index.php\/2021\/08\/19\/prefectura-de-esmeraldas-reduce-factores-de-riesgo-que-amenazaban-la-vida-de-campesinos-en-la-parroquia-la-union-del-canton-quininde\/"]}]},{"@type":"ImageObject","inLanguage":"es","@id":"https:\/\/prefecturadeesmeraldas.gob.ec\/index.php\/2021\/08\/19\/prefectura-de-esmeraldas-reduce-factores-de-riesgo-que-amenazaban-la-vida-de-campesinos-en-la-parroquia-la-union-del-canton-quininde\/#primaryimage","url":"https:\/\/prefecturadeesmeraldas.gob.ec\/wp-content\/uploads\/2021\/08\/BOLETIN-0780.jpg","contentUrl":"https:\/\/prefecturadeesmeraldas.gob.ec\/wp-content\/uploads\/2021\/08\/BOLETIN-0780.jpg","width":455,"height":455},{"@type":"BreadcrumbList","@id":"https:\/\/prefecturadeesmeraldas.gob.ec\/index.php\/2021\/08\/19\/prefectura-de-esmeraldas-reduce-factores-de-riesgo-que-amenazaban-la-vida-de-campesinos-en-la-parroquia-la-union-del-canton-quininde\/#breadcrumb","itemListElement":[{"@type":"ListItem","position":1,"name":"Home","item":"https:\/\/prefecturadeesmeraldas.gob.ec\/"},{"@type":"ListItem","position":2,"name":"Prefectura de Esmeraldas reduce factores de riesgo que amenazaban la vida de campesinos, en la parroquia La Uni\u00f3n del cant\u00f3n Quinind\u00e9."}]},{"@type":"WebSite","@id":"https:\/\/prefecturadeesmeraldas.gob.ec\/#website","url":"https:\/\/prefecturadeesmeraldas.gob.ec\/","name":"Gobierno Aut\u00f3nomo Descentralizado de la Provincia de Esmeraldas","description":"Gobierno Aut\u00f3nomo Descentralizado de la Provincia de Esmeraldas","publisher":{"@id":"https:\/\/prefecturadeesmeraldas.gob.ec\/#organization"},"potentialAction":[{"@type":"SearchAction","target":{"@type":"EntryPoint","urlTemplate":"https:\/\/prefecturadeesmeraldas.gob.ec\/?s={search_term_string}"},"query-input":{"@type":"PropertyValueSpecification","valueRequired":true,"valueName":"search_term_string"}}],"inLanguage":"es"},{"@type":"Organization","@id":"https:\/\/prefecturadeesmeraldas.gob.ec\/#organization","name":"Gobierno Aut\u00f3nomo Descentralizado de la Provincia de Esmeraldas","url":"https:\/\/prefecturadeesmeraldas.gob.ec\/","logo":{"@type":"ImageObject","inLanguage":"es","@id":"https:\/\/prefecturadeesmeraldas.gob.ec\/#\/schema\/logo\/image\/","url":"https:\/\/prefecturadeesmeraldas.gob.ec\/wp-content\/uploads\/2019\/06\/logo.png","contentUrl":"https:\/\/prefecturadeesmeraldas.gob.ec\/wp-content\/uploads\/2019\/06\/logo.png","width":859,"height":448,"caption":"Gobierno Aut\u00f3nomo Descentralizado de la Provincia de Esmeraldas"},"image":{"@id":"https:\/\/prefecturadeesmeraldas.gob.ec\/#\/schema\/logo\/image\/"},"sameAs":["https:\/\/www.facebook.com\/PrefecturaEsmeraldas\/"]},{"@type":"Person","@id":"https:\/\/prefecturadeesmeraldas.gob.ec\/#\/schema\/person\/b0c9e7b1ead7725994d1e319e8825234","name":"Direcci\u00f3n de Comunicaci\u00f3n","image":{"@type":"ImageObject","inLanguage":"es","@id":"https:\/\/prefecturadeesmeraldas.gob.ec\/#\/schema\/person\/image\/","url":"https:\/\/secure.gravatar.com\/avatar\/74a3870a946f5d774ade3569af61a72308e07ad3346f370c4b468ee2a9858658?s=96&d=mm&r=g","contentUrl":"https:\/\/secure.gravatar.com\/avatar\/74a3870a946f5d774ade3569af61a72308e07ad3346f370c4b468ee2a9858658?s=96&d=mm&r=g","caption":"Direcci\u00f3n de Comunicaci\u00f3n"}}]}},"_links":{"self":[{"href":"https:\/\/prefecturadeesmeraldas.gob.ec\/index.php\/wp-json\/wp\/v2\/posts\/12284","targetHints":{"allow":["GET"]}}],"collection":[{"href":"https:\/\/prefecturadeesmeraldas.gob.ec\/index.php\/wp-json\/wp\/v2\/posts"}],"about":[{"href":"https:\/\/prefecturadeesmeraldas.gob.ec\/index.php\/wp-json\/wp\/v2\/types\/post"}],"author":[{"embeddable":true,"href":"https:\/\/prefecturadeesmeraldas.gob.ec\/index.php\/wp-json\/wp\/v2\/users\/2"}],"replies":[{"embeddable":true,"href":"https:\/\/prefecturadeesmeraldas.gob.ec\/index.php\/wp-json\/wp\/v2\/comments?post=12284"}],"version-history":[{"count":0,"href":"https:\/\/prefecturadeesmeraldas.gob.ec\/index.php\/wp-json\/wp\/v2\/posts\/12284\/revisions"}],"wp:featuredmedia":[{"embeddable":true,"href":"https:\/\/prefecturadeesmeraldas.gob.ec\/index.php\/wp-json\/wp\/v2\/media\/12255"}],"wp:attachment":[{"href":"https:\/\/prefecturadeesmeraldas.gob.ec\/index.php\/wp-json\/wp\/v2\/media?parent=12284"}],"wp:term":[{"taxonomy":"category","embeddable":true,"href":"https:\/\/prefecturadeesmeraldas.gob.ec\/index.php\/wp-json\/wp\/v2\/categories?post=12284"},{"taxonomy":"post_tag","embeddable":true,"href":"https:\/\/prefecturadeesmeraldas.gob.ec\/index.php\/wp-json\/wp\/v2\/tags?post=12284"}],"curies":[{"name":"wp","href":"https:\/\/api.w.org\/{rel}","templated":true}]}}