{"id":12281,"date":"2021-08-19T10:02:10","date_gmt":"2021-08-19T15:02:10","guid":{"rendered":"http:\/\/prefecturadeesmeraldas.gob.ec\/?p=12281"},"modified":"2021-08-19T10:02:46","modified_gmt":"2021-08-19T15:02:46","slug":"proyecto-de-mejoramiento-vial-e15-daule-en-el-canton-musine-permitira-diversificar-la-economia-de-las-familias","status":"publish","type":"post","link":"https:\/\/prefecturadeesmeraldas.gob.ec\/index.php\/2021\/08\/19\/proyecto-de-mejoramiento-vial-e15-daule-en-el-canton-musine-permitira-diversificar-la-economia-de-las-familias\/","title":{"rendered":"Proyecto de mejoramiento vial E15 \u2013 Daule en el cant\u00f3n Musine, permitir\u00e1 diversificar la econom\u00eda de las familias."},"content":{"rendered":"\t\t<div data-elementor-type=\"wp-post\" data-elementor-id=\"12281\" class=\"elementor elementor-12281\">\n\t\t\t\t\t\t<section class=\"elementor-section elementor-top-section elementor-element elementor-element-82aa191 elementor-section-boxed elementor-section-height-default elementor-section-height-default\" data-id=\"82aa191\" data-element_type=\"section\">\n\t\t\t\t\t\t<div class=\"elementor-container elementor-column-gap-default\">\n\t\t\t\t\t<div class=\"elementor-column elementor-col-100 elementor-top-column elementor-element elementor-element-d89cff7\" data-id=\"d89cff7\" data-element_type=\"column\">\n\t\t\t<div class=\"elementor-widget-wrap elementor-element-populated\">\n\t\t\t\t\t\t<div class=\"elementor-element elementor-element-cb6c132 elementor-widget elementor-widget-image\" data-id=\"cb6c132\" data-element_type=\"widget\" data-widget_type=\"image.default\">\n\t\t\t\t<div class=\"elementor-widget-container\">\n\t\t\t\t\t\t\t\t\t\t\t\t\t\t\t<img fetchpriority=\"high\" decoding=\"async\" width=\"635\" height=\"431\" src=\"https:\/\/prefecturadeesmeraldas.gob.ec\/wp-content\/uploads\/2021\/08\/BOLETIN-0779.jpg\" class=\"attachment-large size-large wp-image-12254\" alt=\"\" srcset=\"https:\/\/prefecturadeesmeraldas.gob.ec\/wp-content\/uploads\/2021\/08\/BOLETIN-0779.jpg 635w, https:\/\/prefecturadeesmeraldas.gob.ec\/wp-content\/uploads\/2021\/08\/BOLETIN-0779-300x204.jpg 300w\" sizes=\"(max-width: 635px) 100vw, 635px\" \/>\t\t\t\t\t\t\t\t\t\t\t\t\t\t\t<\/div>\n\t\t\t\t<\/div>\n\t\t\t\t\t<\/div>\n\t\t<\/div>\n\t\t\t\t\t<\/div>\n\t\t<\/section>\n\t\t\t\t<section class=\"elementor-section elementor-top-section elementor-element elementor-element-7f0095c elementor-section-boxed elementor-section-height-default elementor-section-height-default\" data-id=\"7f0095c\" data-element_type=\"section\">\n\t\t\t\t\t\t<div class=\"elementor-container elementor-column-gap-default\">\n\t\t\t\t\t<div class=\"elementor-column elementor-col-100 elementor-top-column elementor-element elementor-element-032cfd3\" data-id=\"032cfd3\" data-element_type=\"column\">\n\t\t\t<div class=\"elementor-widget-wrap elementor-element-populated\">\n\t\t\t\t\t\t<div class=\"elementor-element elementor-element-3c2b73c elementor-widget elementor-widget-text-editor\" data-id=\"3c2b73c\" data-element_type=\"widget\" data-widget_type=\"text-editor.default\">\n\t\t\t\t<div class=\"elementor-widget-container\">\n\t\t\t\t\t\t\t\t\t<p>Luego de 60 a\u00f1os de creaci\u00f3n, la colocaci\u00f3n del doble tratamiento superficial bituminoso a lo largo de los 2,8 kil\u00f3metros de longitud, que desde la v\u00eda estatal 15 conduce hasta la cabecera parroquial de Daule, en el cant\u00f3n Muisne, tiene entre sus objetivos generar una reactivaci\u00f3n econ\u00f3mica de los habitantes de la parroquia, como un incentivo a la implementaci\u00f3n de proyectos tur\u00edsticos, que tengan un anclaje con las actividades pesqueras y acu\u00edcolas realizadas en la zona.<\/p><p>De esta forma, para <strong>Samuel C\u00e9lleri,<\/strong> director de Acci\u00f3n Social, Inclusi\u00f3n y Participaci\u00f3n de la Prefectura de Esmeraldas, el inicio de un proceso de cambio es llevar bienestar a una determinada comunidad, mediante la correcta inversi\u00f3n de los recursos p\u00fablicos.<\/p><p>La opini\u00f3n, vertida en medio del evento de colocaci\u00f3n de la primera piedra para el inicio de los trabajos, transmitida en vivo, pudo mostrar que, mediante la acci\u00f3n misma de empezar con la ejecuci\u00f3n del proyecto de cambio, la actividad econ\u00f3mica local se dinamiz\u00f3, tras la presencia de varios grupos de habitantes de comunidades vecinas, que visitaron la parroquia.<\/p><p>Siendo una zona productiva, que ejerce su actividad econ\u00f3mica en dif\u00edciles condiciones, seg\u00fan expres\u00f3 <strong>Patricio L\u00f3pez<\/strong>, director de Fomento y Desarrollo Productivo de la instituci\u00f3n provincial, estos trabajos van a permitir la planificaci\u00f3n e inversi\u00f3n de recursos para el desarrollo de nuevos sistemas de producci\u00f3n entre los que se deber\u00eda destacar el turismo.\u00a0\u00a0<\/p><p>Es as\u00ed como, un compromiso por parte del fomento tur\u00edstico a ser cumplido durante el a\u00f1o 2022 es el apoyar con herramientas especiales para la pr\u00e1ctica de la pesca deportiva y apoyo para el dise\u00f1o de un campeonato nacional que atraiga la visita de turistas.<\/p>\t\t\t\t\t\t\t\t<\/div>\n\t\t\t\t<\/div>\n\t\t\t\t\t<\/div>\n\t\t<\/div>\n\t\t\t\t\t<\/div>\n\t\t<\/section>\n\t\t\t\t<\/div>\n\t\t","protected":false},"excerpt":{"rendered":"<p>Luego de 60 a\u00f1os de creaci\u00f3n, la colocaci\u00f3n del doble tratamiento superficial bituminoso a lo largo de los 2,8 kil\u00f3metros de longitud, que desde la v\u00eda estatal 15 conduce hasta la cabecera parroquial de Daule, en el cant\u00f3n Muisne, tiene entre sus objetivos generar una reactivaci\u00f3n econ\u00f3mica de los habitantes de la parroquia, como un [&hellip;]<\/p>\n","protected":false},"author":2,"featured_media":12254,"comment_status":"closed","ping_status":"open","sticky":false,"template":"","format":"standard","meta":{"footnotes":""},"categories":[14],"tags":[],"class_list":["post-12281","post","type-post","status-publish","format-standard","has-post-thumbnail","hentry","category-vialidad"],"yoast_head":"<!-- This site is optimized with the Yoast SEO plugin v25.7 - https:\/\/yoast.com\/wordpress\/plugins\/seo\/ -->\n<title>Proyecto de mejoramiento vial E15 \u2013 Daule en el cant\u00f3n Musine, permitir\u00e1 diversificar la econom\u00eda de las familias. - Gobierno Aut\u00f3nomo Descentralizado de la Provincia de Esmeraldas<\/title>\n<meta name=\"robots\" content=\"index, follow, max-snippet:-1, max-image-preview:large, max-video-preview:-1\" \/>\n<link rel=\"canonical\" href=\"https:\/\/prefecturadeesmeraldas.gob.ec\/index.php\/2021\/08\/19\/proyecto-de-mejoramiento-vial-e15-daule-en-el-canton-musine-permitira-diversificar-la-economia-de-las-familias\/\" \/>\n<meta property=\"og:locale\" content=\"es_ES\" \/>\n<meta property=\"og:type\" content=\"article\" \/>\n<meta property=\"og:title\" content=\"Proyecto de mejoramiento vial E15 \u2013 Daule en el cant\u00f3n Musine, permitir\u00e1 diversificar la econom\u00eda de las familias. - Gobierno Aut\u00f3nomo Descentralizado de la Provincia de Esmeraldas\" \/>\n<meta property=\"og:description\" content=\"Luego de 60 a\u00f1os de creaci\u00f3n, la colocaci\u00f3n del doble tratamiento superficial bituminoso a lo largo de los 2,8 kil\u00f3metros de longitud, que desde la v\u00eda estatal 15 conduce hasta la cabecera parroquial de Daule, en el cant\u00f3n Muisne, tiene entre sus objetivos generar una reactivaci\u00f3n econ\u00f3mica de los habitantes de la parroquia, como un [&hellip;]\" \/>\n<meta property=\"og:url\" content=\"https:\/\/prefecturadeesmeraldas.gob.ec\/index.php\/2021\/08\/19\/proyecto-de-mejoramiento-vial-e15-daule-en-el-canton-musine-permitira-diversificar-la-economia-de-las-familias\/\" \/>\n<meta property=\"og:site_name\" content=\"Gobierno Aut\u00f3nomo Descentralizado de la Provincia de Esmeraldas\" \/>\n<meta property=\"article:publisher\" content=\"https:\/\/www.facebook.com\/PrefecturaEsmeraldas\/\" \/>\n<meta property=\"article:published_time\" content=\"2021-08-19T15:02:10+00:00\" \/>\n<meta property=\"article:modified_time\" content=\"2021-08-19T15:02:46+00:00\" \/>\n<meta property=\"og:image\" content=\"https:\/\/prefecturadeesmeraldas.gob.ec\/wp-content\/uploads\/2021\/08\/BOLETIN-0779.jpg\" \/>\n\t<meta property=\"og:image:width\" content=\"635\" \/>\n\t<meta property=\"og:image:height\" content=\"431\" \/>\n\t<meta property=\"og:image:type\" content=\"image\/jpeg\" \/>\n<meta name=\"author\" content=\"Direcci\u00f3n de Comunicaci\u00f3n\" \/>\n<meta name=\"twitter:card\" content=\"summary_large_image\" \/>\n<meta name=\"twitter:label1\" content=\"Escrito por\" \/>\n\t<meta name=\"twitter:data1\" content=\"Direcci\u00f3n de Comunicaci\u00f3n\" \/>\n\t<meta name=\"twitter:label2\" content=\"Tiempo de lectura\" \/>\n\t<meta name=\"twitter:data2\" content=\"2 minutos\" \/>\n<script type=\"application\/ld+json\" class=\"yoast-schema-graph\">{\"@context\":\"https:\/\/schema.org\",\"@graph\":[{\"@type\":\"Article\",\"@id\":\"https:\/\/prefecturadeesmeraldas.gob.ec\/index.php\/2021\/08\/19\/proyecto-de-mejoramiento-vial-e15-daule-en-el-canton-musine-permitira-diversificar-la-economia-de-las-familias\/#article\",\"isPartOf\":{\"@id\":\"https:\/\/prefecturadeesmeraldas.gob.ec\/index.php\/2021\/08\/19\/proyecto-de-mejoramiento-vial-e15-daule-en-el-canton-musine-permitira-diversificar-la-economia-de-las-familias\/\"},\"author\":{\"name\":\"Direcci\u00f3n de Comunicaci\u00f3n\",\"@id\":\"https:\/\/prefecturadeesmeraldas.gob.ec\/#\/schema\/person\/b0c9e7b1ead7725994d1e319e8825234\"},\"headline\":\"Proyecto de mejoramiento vial E15 \u2013 Daule en el cant\u00f3n Musine, permitir\u00e1 diversificar la econom\u00eda de las familias.\",\"datePublished\":\"2021-08-19T15:02:10+00:00\",\"dateModified\":\"2021-08-19T15:02:46+00:00\",\"mainEntityOfPage\":{\"@id\":\"https:\/\/prefecturadeesmeraldas.gob.ec\/index.php\/2021\/08\/19\/proyecto-de-mejoramiento-vial-e15-daule-en-el-canton-musine-permitira-diversificar-la-economia-de-las-familias\/\"},\"wordCount\":323,\"publisher\":{\"@id\":\"https:\/\/prefecturadeesmeraldas.gob.ec\/#organization\"},\"image\":{\"@id\":\"https:\/\/prefecturadeesmeraldas.gob.ec\/index.php\/2021\/08\/19\/proyecto-de-mejoramiento-vial-e15-daule-en-el-canton-musine-permitira-diversificar-la-economia-de-las-familias\/#primaryimage\"},\"thumbnailUrl\":\"https:\/\/prefecturadeesmeraldas.gob.ec\/wp-content\/uploads\/2021\/08\/BOLETIN-0779.jpg\",\"articleSection\":[\"Vialidad\"],\"inLanguage\":\"es\"},{\"@type\":\"WebPage\",\"@id\":\"https:\/\/prefecturadeesmeraldas.gob.ec\/index.php\/2021\/08\/19\/proyecto-de-mejoramiento-vial-e15-daule-en-el-canton-musine-permitira-diversificar-la-economia-de-las-familias\/\",\"url\":\"https:\/\/prefecturadeesmeraldas.gob.ec\/index.php\/2021\/08\/19\/proyecto-de-mejoramiento-vial-e15-daule-en-el-canton-musine-permitira-diversificar-la-economia-de-las-familias\/\",\"name\":\"Proyecto de mejoramiento vial E15 \u2013 Daule en el cant\u00f3n Musine, permitir\u00e1 diversificar la econom\u00eda de las familias. - Gobierno Aut\u00f3nomo Descentralizado de la Provincia de Esmeraldas\",\"isPartOf\":{\"@id\":\"https:\/\/prefecturadeesmeraldas.gob.ec\/#website\"},\"primaryImageOfPage\":{\"@id\":\"https:\/\/prefecturadeesmeraldas.gob.ec\/index.php\/2021\/08\/19\/proyecto-de-mejoramiento-vial-e15-daule-en-el-canton-musine-permitira-diversificar-la-economia-de-las-familias\/#primaryimage\"},\"image\":{\"@id\":\"https:\/\/prefecturadeesmeraldas.gob.ec\/index.php\/2021\/08\/19\/proyecto-de-mejoramiento-vial-e15-daule-en-el-canton-musine-permitira-diversificar-la-economia-de-las-familias\/#primaryimage\"},\"thumbnailUrl\":\"https:\/\/prefecturadeesmeraldas.gob.ec\/wp-content\/uploads\/2021\/08\/BOLETIN-0779.jpg\",\"datePublished\":\"2021-08-19T15:02:10+00:00\",\"dateModified\":\"2021-08-19T15:02:46+00:00\",\"breadcrumb\":{\"@id\":\"https:\/\/prefecturadeesmeraldas.gob.ec\/index.php\/2021\/08\/19\/proyecto-de-mejoramiento-vial-e15-daule-en-el-canton-musine-permitira-diversificar-la-economia-de-las-familias\/#breadcrumb\"},\"inLanguage\":\"es\",\"potentialAction\":[{\"@type\":\"ReadAction\",\"target\":[\"https:\/\/prefecturadeesmeraldas.gob.ec\/index.php\/2021\/08\/19\/proyecto-de-mejoramiento-vial-e15-daule-en-el-canton-musine-permitira-diversificar-la-economia-de-las-familias\/\"]}]},{\"@type\":\"ImageObject\",\"inLanguage\":\"es\",\"@id\":\"https:\/\/prefecturadeesmeraldas.gob.ec\/index.php\/2021\/08\/19\/proyecto-de-mejoramiento-vial-e15-daule-en-el-canton-musine-permitira-diversificar-la-economia-de-las-familias\/#primaryimage\",\"url\":\"https:\/\/prefecturadeesmeraldas.gob.ec\/wp-content\/uploads\/2021\/08\/BOLETIN-0779.jpg\",\"contentUrl\":\"https:\/\/prefecturadeesmeraldas.gob.ec\/wp-content\/uploads\/2021\/08\/BOLETIN-0779.jpg\",\"width\":635,\"height\":431},{\"@type\":\"BreadcrumbList\",\"@id\":\"https:\/\/prefecturadeesmeraldas.gob.ec\/index.php\/2021\/08\/19\/proyecto-de-mejoramiento-vial-e15-daule-en-el-canton-musine-permitira-diversificar-la-economia-de-las-familias\/#breadcrumb\",\"itemListElement\":[{\"@type\":\"ListItem\",\"position\":1,\"name\":\"Home\",\"item\":\"https:\/\/prefecturadeesmeraldas.gob.ec\/\"},{\"@type\":\"ListItem\",\"position\":2,\"name\":\"Proyecto de mejoramiento vial E15 \u2013 Daule en el cant\u00f3n Musine, permitir\u00e1 diversificar la econom\u00eda de las familias.\"}]},{\"@type\":\"WebSite\",\"@id\":\"https:\/\/prefecturadeesmeraldas.gob.ec\/#website\",\"url\":\"https:\/\/prefecturadeesmeraldas.gob.ec\/\",\"name\":\"Gobierno Aut\u00f3nomo Descentralizado de la Provincia de Esmeraldas\",\"description\":\"Gobierno Aut\u00f3nomo Descentralizado de la Provincia de Esmeraldas\",\"publisher\":{\"@id\":\"https:\/\/prefecturadeesmeraldas.gob.ec\/#organization\"},\"potentialAction\":[{\"@type\":\"SearchAction\",\"target\":{\"@type\":\"EntryPoint\",\"urlTemplate\":\"https:\/\/prefecturadeesmeraldas.gob.ec\/?s={search_term_string}\"},\"query-input\":{\"@type\":\"PropertyValueSpecification\",\"valueRequired\":true,\"valueName\":\"search_term_string\"}}],\"inLanguage\":\"es\"},{\"@type\":\"Organization\",\"@id\":\"https:\/\/prefecturadeesmeraldas.gob.ec\/#organization\",\"name\":\"Gobierno Aut\u00f3nomo Descentralizado de la Provincia de Esmeraldas\",\"url\":\"https:\/\/prefecturadeesmeraldas.gob.ec\/\",\"logo\":{\"@type\":\"ImageObject\",\"inLanguage\":\"es\",\"@id\":\"https:\/\/prefecturadeesmeraldas.gob.ec\/#\/schema\/logo\/image\/\",\"url\":\"https:\/\/prefecturadeesmeraldas.gob.ec\/wp-content\/uploads\/2019\/06\/logo.png\",\"contentUrl\":\"https:\/\/prefecturadeesmeraldas.gob.ec\/wp-content\/uploads\/2019\/06\/logo.png\",\"width\":859,\"height\":448,\"caption\":\"Gobierno Aut\u00f3nomo Descentralizado de la Provincia de Esmeraldas\"},\"image\":{\"@id\":\"https:\/\/prefecturadeesmeraldas.gob.ec\/#\/schema\/logo\/image\/\"},\"sameAs\":[\"https:\/\/www.facebook.com\/PrefecturaEsmeraldas\/\"]},{\"@type\":\"Person\",\"@id\":\"https:\/\/prefecturadeesmeraldas.gob.ec\/#\/schema\/person\/b0c9e7b1ead7725994d1e319e8825234\",\"name\":\"Direcci\u00f3n de Comunicaci\u00f3n\",\"image\":{\"@type\":\"ImageObject\",\"inLanguage\":\"es\",\"@id\":\"https:\/\/prefecturadeesmeraldas.gob.ec\/#\/schema\/person\/image\/\",\"url\":\"https:\/\/secure.gravatar.com\/avatar\/74a3870a946f5d774ade3569af61a72308e07ad3346f370c4b468ee2a9858658?s=96&d=mm&r=g\",\"contentUrl\":\"https:\/\/secure.gravatar.com\/avatar\/74a3870a946f5d774ade3569af61a72308e07ad3346f370c4b468ee2a9858658?s=96&d=mm&r=g\",\"caption\":\"Direcci\u00f3n de Comunicaci\u00f3n\"}}]}<\/script>\n<!-- \/ Yoast SEO plugin. -->","yoast_head_json":{"title":"Proyecto de mejoramiento vial E15 \u2013 Daule en el cant\u00f3n Musine, permitir\u00e1 diversificar la econom\u00eda de las familias. - Gobierno Aut\u00f3nomo Descentralizado de la Provincia de Esmeraldas","robots":{"index":"index","follow":"follow","max-snippet":"max-snippet:-1","max-image-preview":"max-image-preview:large","max-video-preview":"max-video-preview:-1"},"canonical":"https:\/\/prefecturadeesmeraldas.gob.ec\/index.php\/2021\/08\/19\/proyecto-de-mejoramiento-vial-e15-daule-en-el-canton-musine-permitira-diversificar-la-economia-de-las-familias\/","og_locale":"es_ES","og_type":"article","og_title":"Proyecto de mejoramiento vial E15 \u2013 Daule en el cant\u00f3n Musine, permitir\u00e1 diversificar la econom\u00eda de las familias. - Gobierno Aut\u00f3nomo Descentralizado de la Provincia de Esmeraldas","og_description":"Luego de 60 a\u00f1os de creaci\u00f3n, la colocaci\u00f3n del doble tratamiento superficial bituminoso a lo largo de los 2,8 kil\u00f3metros de longitud, que desde la v\u00eda estatal 15 conduce hasta la cabecera parroquial de Daule, en el cant\u00f3n Muisne, tiene entre sus objetivos generar una reactivaci\u00f3n econ\u00f3mica de los habitantes de la parroquia, como un [&hellip;]","og_url":"https:\/\/prefecturadeesmeraldas.gob.ec\/index.php\/2021\/08\/19\/proyecto-de-mejoramiento-vial-e15-daule-en-el-canton-musine-permitira-diversificar-la-economia-de-las-familias\/","og_site_name":"Gobierno Aut\u00f3nomo Descentralizado de la Provincia de Esmeraldas","article_publisher":"https:\/\/www.facebook.com\/PrefecturaEsmeraldas\/","article_published_time":"2021-08-19T15:02:10+00:00","article_modified_time":"2021-08-19T15:02:46+00:00","og_image":[{"width":635,"height":431,"url":"https:\/\/prefecturadeesmeraldas.gob.ec\/wp-content\/uploads\/2021\/08\/BOLETIN-0779.jpg","type":"image\/jpeg"}],"author":"Direcci\u00f3n de Comunicaci\u00f3n","twitter_card":"summary_large_image","twitter_misc":{"Escrito por":"Direcci\u00f3n de Comunicaci\u00f3n","Tiempo de lectura":"2 minutos"},"schema":{"@context":"https:\/\/schema.org","@graph":[{"@type":"Article","@id":"https:\/\/prefecturadeesmeraldas.gob.ec\/index.php\/2021\/08\/19\/proyecto-de-mejoramiento-vial-e15-daule-en-el-canton-musine-permitira-diversificar-la-economia-de-las-familias\/#article","isPartOf":{"@id":"https:\/\/prefecturadeesmeraldas.gob.ec\/index.php\/2021\/08\/19\/proyecto-de-mejoramiento-vial-e15-daule-en-el-canton-musine-permitira-diversificar-la-economia-de-las-familias\/"},"author":{"name":"Direcci\u00f3n de Comunicaci\u00f3n","@id":"https:\/\/prefecturadeesmeraldas.gob.ec\/#\/schema\/person\/b0c9e7b1ead7725994d1e319e8825234"},"headline":"Proyecto de mejoramiento vial E15 \u2013 Daule en el cant\u00f3n Musine, permitir\u00e1 diversificar la econom\u00eda de las familias.","datePublished":"2021-08-19T15:02:10+00:00","dateModified":"2021-08-19T15:02:46+00:00","mainEntityOfPage":{"@id":"https:\/\/prefecturadeesmeraldas.gob.ec\/index.php\/2021\/08\/19\/proyecto-de-mejoramiento-vial-e15-daule-en-el-canton-musine-permitira-diversificar-la-economia-de-las-familias\/"},"wordCount":323,"publisher":{"@id":"https:\/\/prefecturadeesmeraldas.gob.ec\/#organization"},"image":{"@id":"https:\/\/prefecturadeesmeraldas.gob.ec\/index.php\/2021\/08\/19\/proyecto-de-mejoramiento-vial-e15-daule-en-el-canton-musine-permitira-diversificar-la-economia-de-las-familias\/#primaryimage"},"thumbnailUrl":"https:\/\/prefecturadeesmeraldas.gob.ec\/wp-content\/uploads\/2021\/08\/BOLETIN-0779.jpg","articleSection":["Vialidad"],"inLanguage":"es"},{"@type":"WebPage","@id":"https:\/\/prefecturadeesmeraldas.gob.ec\/index.php\/2021\/08\/19\/proyecto-de-mejoramiento-vial-e15-daule-en-el-canton-musine-permitira-diversificar-la-economia-de-las-familias\/","url":"https:\/\/prefecturadeesmeraldas.gob.ec\/index.php\/2021\/08\/19\/proyecto-de-mejoramiento-vial-e15-daule-en-el-canton-musine-permitira-diversificar-la-economia-de-las-familias\/","name":"Proyecto de mejoramiento vial E15 \u2013 Daule en el cant\u00f3n Musine, permitir\u00e1 diversificar la econom\u00eda de las familias. - Gobierno Aut\u00f3nomo Descentralizado de la Provincia de Esmeraldas","isPartOf":{"@id":"https:\/\/prefecturadeesmeraldas.gob.ec\/#website"},"primaryImageOfPage":{"@id":"https:\/\/prefecturadeesmeraldas.gob.ec\/index.php\/2021\/08\/19\/proyecto-de-mejoramiento-vial-e15-daule-en-el-canton-musine-permitira-diversificar-la-economia-de-las-familias\/#primaryimage"},"image":{"@id":"https:\/\/prefecturadeesmeraldas.gob.ec\/index.php\/2021\/08\/19\/proyecto-de-mejoramiento-vial-e15-daule-en-el-canton-musine-permitira-diversificar-la-economia-de-las-familias\/#primaryimage"},"thumbnailUrl":"https:\/\/prefecturadeesmeraldas.gob.ec\/wp-content\/uploads\/2021\/08\/BOLETIN-0779.jpg","datePublished":"2021-08-19T15:02:10+00:00","dateModified":"2021-08-19T15:02:46+00:00","breadcrumb":{"@id":"https:\/\/prefecturadeesmeraldas.gob.ec\/index.php\/2021\/08\/19\/proyecto-de-mejoramiento-vial-e15-daule-en-el-canton-musine-permitira-diversificar-la-economia-de-las-familias\/#breadcrumb"},"inLanguage":"es","potentialAction":[{"@type":"ReadAction","target":["https:\/\/prefecturadeesmeraldas.gob.ec\/index.php\/2021\/08\/19\/proyecto-de-mejoramiento-vial-e15-daule-en-el-canton-musine-permitira-diversificar-la-economia-de-las-familias\/"]}]},{"@type":"ImageObject","inLanguage":"es","@id":"https:\/\/prefecturadeesmeraldas.gob.ec\/index.php\/2021\/08\/19\/proyecto-de-mejoramiento-vial-e15-daule-en-el-canton-musine-permitira-diversificar-la-economia-de-las-familias\/#primaryimage","url":"https:\/\/prefecturadeesmeraldas.gob.ec\/wp-content\/uploads\/2021\/08\/BOLETIN-0779.jpg","contentUrl":"https:\/\/prefecturadeesmeraldas.gob.ec\/wp-content\/uploads\/2021\/08\/BOLETIN-0779.jpg","width":635,"height":431},{"@type":"BreadcrumbList","@id":"https:\/\/prefecturadeesmeraldas.gob.ec\/index.php\/2021\/08\/19\/proyecto-de-mejoramiento-vial-e15-daule-en-el-canton-musine-permitira-diversificar-la-economia-de-las-familias\/#breadcrumb","itemListElement":[{"@type":"ListItem","position":1,"name":"Home","item":"https:\/\/prefecturadeesmeraldas.gob.ec\/"},{"@type":"ListItem","position":2,"name":"Proyecto de mejoramiento vial E15 \u2013 Daule en el cant\u00f3n Musine, permitir\u00e1 diversificar la econom\u00eda de las familias."}]},{"@type":"WebSite","@id":"https:\/\/prefecturadeesmeraldas.gob.ec\/#website","url":"https:\/\/prefecturadeesmeraldas.gob.ec\/","name":"Gobierno Aut\u00f3nomo Descentralizado de la Provincia de Esmeraldas","description":"Gobierno Aut\u00f3nomo Descentralizado de la Provincia de Esmeraldas","publisher":{"@id":"https:\/\/prefecturadeesmeraldas.gob.ec\/#organization"},"potentialAction":[{"@type":"SearchAction","target":{"@type":"EntryPoint","urlTemplate":"https:\/\/prefecturadeesmeraldas.gob.ec\/?s={search_term_string}"},"query-input":{"@type":"PropertyValueSpecification","valueRequired":true,"valueName":"search_term_string"}}],"inLanguage":"es"},{"@type":"Organization","@id":"https:\/\/prefecturadeesmeraldas.gob.ec\/#organization","name":"Gobierno Aut\u00f3nomo Descentralizado de la Provincia de Esmeraldas","url":"https:\/\/prefecturadeesmeraldas.gob.ec\/","logo":{"@type":"ImageObject","inLanguage":"es","@id":"https:\/\/prefecturadeesmeraldas.gob.ec\/#\/schema\/logo\/image\/","url":"https:\/\/prefecturadeesmeraldas.gob.ec\/wp-content\/uploads\/2019\/06\/logo.png","contentUrl":"https:\/\/prefecturadeesmeraldas.gob.ec\/wp-content\/uploads\/2019\/06\/logo.png","width":859,"height":448,"caption":"Gobierno Aut\u00f3nomo Descentralizado de la Provincia de Esmeraldas"},"image":{"@id":"https:\/\/prefecturadeesmeraldas.gob.ec\/#\/schema\/logo\/image\/"},"sameAs":["https:\/\/www.facebook.com\/PrefecturaEsmeraldas\/"]},{"@type":"Person","@id":"https:\/\/prefecturadeesmeraldas.gob.ec\/#\/schema\/person\/b0c9e7b1ead7725994d1e319e8825234","name":"Direcci\u00f3n de Comunicaci\u00f3n","image":{"@type":"ImageObject","inLanguage":"es","@id":"https:\/\/prefecturadeesmeraldas.gob.ec\/#\/schema\/person\/image\/","url":"https:\/\/secure.gravatar.com\/avatar\/74a3870a946f5d774ade3569af61a72308e07ad3346f370c4b468ee2a9858658?s=96&d=mm&r=g","contentUrl":"https:\/\/secure.gravatar.com\/avatar\/74a3870a946f5d774ade3569af61a72308e07ad3346f370c4b468ee2a9858658?s=96&d=mm&r=g","caption":"Direcci\u00f3n de Comunicaci\u00f3n"}}]}},"_links":{"self":[{"href":"https:\/\/prefecturadeesmeraldas.gob.ec\/index.php\/wp-json\/wp\/v2\/posts\/12281","targetHints":{"allow":["GET"]}}],"collection":[{"href":"https:\/\/prefecturadeesmeraldas.gob.ec\/index.php\/wp-json\/wp\/v2\/posts"}],"about":[{"href":"https:\/\/prefecturadeesmeraldas.gob.ec\/index.php\/wp-json\/wp\/v2\/types\/post"}],"author":[{"embeddable":true,"href":"https:\/\/prefecturadeesmeraldas.gob.ec\/index.php\/wp-json\/wp\/v2\/users\/2"}],"replies":[{"embeddable":true,"href":"https:\/\/prefecturadeesmeraldas.gob.ec\/index.php\/wp-json\/wp\/v2\/comments?post=12281"}],"version-history":[{"count":0,"href":"https:\/\/prefecturadeesmeraldas.gob.ec\/index.php\/wp-json\/wp\/v2\/posts\/12281\/revisions"}],"wp:featuredmedia":[{"embeddable":true,"href":"https:\/\/prefecturadeesmeraldas.gob.ec\/index.php\/wp-json\/wp\/v2\/media\/12254"}],"wp:attachment":[{"href":"https:\/\/prefecturadeesmeraldas.gob.ec\/index.php\/wp-json\/wp\/v2\/media?parent=12281"}],"wp:term":[{"taxonomy":"category","embeddable":true,"href":"https:\/\/prefecturadeesmeraldas.gob.ec\/index.php\/wp-json\/wp\/v2\/categories?post=12281"},{"taxonomy":"post_tag","embeddable":true,"href":"https:\/\/prefecturadeesmeraldas.gob.ec\/index.php\/wp-json\/wp\/v2\/tags?post=12281"}],"curies":[{"name":"wp","href":"https:\/\/api.w.org\/{rel}","templated":true}]}}