{"id":12158,"date":"2021-08-12T09:20:53","date_gmt":"2021-08-12T14:20:53","guid":{"rendered":"http:\/\/prefecturadeesmeraldas.gob.ec\/?p=12158"},"modified":"2021-08-12T09:21:36","modified_gmt":"2021-08-12T14:21:36","slug":"fomento-productivo-destaca-los-proyectos-que-ejecuta-la-prefectura-en-el-sector-rural-de-la-provincia","status":"publish","type":"post","link":"https:\/\/prefecturadeesmeraldas.gob.ec\/index.php\/2021\/08\/12\/fomento-productivo-destaca-los-proyectos-que-ejecuta-la-prefectura-en-el-sector-rural-de-la-provincia\/","title":{"rendered":"Fomento Productivo destaca los proyectos que ejecuta la Prefectura en el sector rural de la provincia."},"content":{"rendered":"\t\t<div data-elementor-type=\"wp-post\" data-elementor-id=\"12158\" class=\"elementor elementor-12158\">\n\t\t\t\t\t\t<section class=\"elementor-section elementor-top-section elementor-element elementor-element-7b97834 elementor-section-boxed elementor-section-height-default elementor-section-height-default\" data-id=\"7b97834\" data-element_type=\"section\">\n\t\t\t\t\t\t<div class=\"elementor-container elementor-column-gap-default\">\n\t\t\t\t\t<div class=\"elementor-column elementor-col-100 elementor-top-column elementor-element elementor-element-7a874e7\" data-id=\"7a874e7\" data-element_type=\"column\">\n\t\t\t<div class=\"elementor-widget-wrap elementor-element-populated\">\n\t\t\t\t\t\t<div class=\"elementor-element elementor-element-aaffff5 elementor-widget elementor-widget-image\" data-id=\"aaffff5\" data-element_type=\"widget\" data-widget_type=\"image.default\">\n\t\t\t\t<div class=\"elementor-widget-container\">\n\t\t\t\t\t\t\t\t\t\t\t\t\t\t\t<img fetchpriority=\"high\" decoding=\"async\" width=\"566\" height=\"423\" src=\"https:\/\/prefecturadeesmeraldas.gob.ec\/wp-content\/uploads\/2021\/08\/Imagen4-1.jpg\" class=\"attachment-large size-large wp-image-12159\" alt=\"\" srcset=\"https:\/\/prefecturadeesmeraldas.gob.ec\/wp-content\/uploads\/2021\/08\/Imagen4-1.jpg 566w, https:\/\/prefecturadeesmeraldas.gob.ec\/wp-content\/uploads\/2021\/08\/Imagen4-1-300x224.jpg 300w\" sizes=\"(max-width: 566px) 100vw, 566px\" \/>\t\t\t\t\t\t\t\t\t\t\t\t\t\t\t<\/div>\n\t\t\t\t<\/div>\n\t\t\t\t\t<\/div>\n\t\t<\/div>\n\t\t\t\t\t<\/div>\n\t\t<\/section>\n\t\t\t\t<section class=\"elementor-section elementor-top-section elementor-element elementor-element-a64e299 elementor-section-boxed elementor-section-height-default elementor-section-height-default\" data-id=\"a64e299\" data-element_type=\"section\">\n\t\t\t\t\t\t<div class=\"elementor-container elementor-column-gap-default\">\n\t\t\t\t\t<div class=\"elementor-column elementor-col-100 elementor-top-column elementor-element elementor-element-a8aff08\" data-id=\"a8aff08\" data-element_type=\"column\">\n\t\t\t<div class=\"elementor-widget-wrap elementor-element-populated\">\n\t\t\t\t\t\t<div class=\"elementor-element elementor-element-2ff8af8 elementor-widget elementor-widget-text-editor\" data-id=\"2ff8af8\" data-element_type=\"widget\" data-widget_type=\"text-editor.default\">\n\t\t\t\t<div class=\"elementor-widget-container\">\n\t\t\t\t\t\t\t\t\t<p>La Prefectura de Esmeraldas, a trav\u00e9s Fomento Productivo, fue parte activa de las festividades cinco agostinas y en coordinaci\u00f3n con la Asociaci\u00f3n de Ganaderos, se instal\u00f3 un stand en el Recinto Ferial que fue muy visitado por la comunidad.<\/p><p>Mediante este stand, se difundieron las actividades que realiza la Prefectura en el \u00e1rea de Fomento Productivo, mostrando las ventajas de los programas que se desarrollan en beneficio del sector rural, destacando las cercas el\u00e9ctricas, soberan\u00eda alimentaria, gallinas ponedoras, ganader\u00eda, cultivos ancestrales y otros.<\/p><p>Desde el <strong>jueves 4 de agosto y hasta domingo 8<\/strong>, se comparti\u00f3 con el pueblo conocimientos e informaci\u00f3n sobre el progreso y el cambio que se viene dando en Fomento Productivo, gracias al liderazgo de la prefecta <strong>Roberta Zambrano<\/strong>.<\/p><p>El ingeniero Patricio L\u00f3pez, director de Fomento Productivo, destac\u00f3 el trabajo realizado e indic\u00f3 que al socializar el trabajo que se hace se incentiva a que los esmeralde\u00f1os sigamos trabajando por la verdadera reactivaci\u00f3n econ\u00f3mica.<\/p>\t\t\t\t\t\t\t\t<\/div>\n\t\t\t\t<\/div>\n\t\t\t\t\t<\/div>\n\t\t<\/div>\n\t\t\t\t\t<\/div>\n\t\t<\/section>\n\t\t\t\t<\/div>\n\t\t","protected":false},"excerpt":{"rendered":"<p>La Prefectura de Esmeraldas, a trav\u00e9s Fomento Productivo, fue parte activa de las festividades cinco agostinas y en coordinaci\u00f3n con la Asociaci\u00f3n de Ganaderos, se instal\u00f3 un stand en el Recinto Ferial que fue muy visitado por la comunidad. Mediante este stand, se difundieron las actividades que realiza la Prefectura en el \u00e1rea de Fomento [&hellip;]<\/p>\n","protected":false},"author":2,"featured_media":12159,"comment_status":"closed","ping_status":"open","sticky":false,"template":"","format":"standard","meta":{"footnotes":""},"categories":[12],"tags":[],"class_list":["post-12158","post","type-post","status-publish","format-standard","has-post-thumbnail","hentry","category-fomento_productivo_2019"],"yoast_head":"<!-- This site is optimized with the Yoast SEO plugin v25.7 - https:\/\/yoast.com\/wordpress\/plugins\/seo\/ -->\n<title>Fomento Productivo destaca los proyectos que ejecuta la Prefectura en el sector rural de la provincia. - Gobierno Aut\u00f3nomo Descentralizado de la Provincia de Esmeraldas<\/title>\n<meta name=\"robots\" content=\"index, follow, max-snippet:-1, max-image-preview:large, max-video-preview:-1\" \/>\n<link rel=\"canonical\" href=\"https:\/\/prefecturadeesmeraldas.gob.ec\/index.php\/2021\/08\/12\/fomento-productivo-destaca-los-proyectos-que-ejecuta-la-prefectura-en-el-sector-rural-de-la-provincia\/\" \/>\n<meta property=\"og:locale\" content=\"es_ES\" \/>\n<meta property=\"og:type\" content=\"article\" \/>\n<meta property=\"og:title\" content=\"Fomento Productivo destaca los proyectos que ejecuta la Prefectura en el sector rural de la provincia. - Gobierno Aut\u00f3nomo Descentralizado de la Provincia de Esmeraldas\" \/>\n<meta property=\"og:description\" content=\"La Prefectura de Esmeraldas, a trav\u00e9s Fomento Productivo, fue parte activa de las festividades cinco agostinas y en coordinaci\u00f3n con la Asociaci\u00f3n de Ganaderos, se instal\u00f3 un stand en el Recinto Ferial que fue muy visitado por la comunidad. Mediante este stand, se difundieron las actividades que realiza la Prefectura en el \u00e1rea de Fomento [&hellip;]\" \/>\n<meta property=\"og:url\" content=\"https:\/\/prefecturadeesmeraldas.gob.ec\/index.php\/2021\/08\/12\/fomento-productivo-destaca-los-proyectos-que-ejecuta-la-prefectura-en-el-sector-rural-de-la-provincia\/\" \/>\n<meta property=\"og:site_name\" content=\"Gobierno Aut\u00f3nomo Descentralizado de la Provincia de Esmeraldas\" \/>\n<meta property=\"article:publisher\" content=\"https:\/\/www.facebook.com\/PrefecturaEsmeraldas\/\" \/>\n<meta property=\"article:published_time\" content=\"2021-08-12T14:20:53+00:00\" \/>\n<meta property=\"article:modified_time\" content=\"2021-08-12T14:21:36+00:00\" \/>\n<meta property=\"og:image\" content=\"https:\/\/prefecturadeesmeraldas.gob.ec\/wp-content\/uploads\/2021\/08\/Imagen4-1.jpg\" \/>\n\t<meta property=\"og:image:width\" content=\"566\" \/>\n\t<meta property=\"og:image:height\" content=\"423\" \/>\n\t<meta property=\"og:image:type\" content=\"image\/jpeg\" \/>\n<meta name=\"author\" content=\"Direcci\u00f3n de Comunicaci\u00f3n\" \/>\n<meta name=\"twitter:card\" content=\"summary_large_image\" \/>\n<meta name=\"twitter:label1\" content=\"Escrito por\" \/>\n\t<meta name=\"twitter:data1\" content=\"Direcci\u00f3n de Comunicaci\u00f3n\" \/>\n\t<meta name=\"twitter:label2\" content=\"Tiempo de lectura\" \/>\n\t<meta name=\"twitter:data2\" content=\"1 minuto\" \/>\n<script type=\"application\/ld+json\" class=\"yoast-schema-graph\">{\"@context\":\"https:\/\/schema.org\",\"@graph\":[{\"@type\":\"Article\",\"@id\":\"https:\/\/prefecturadeesmeraldas.gob.ec\/index.php\/2021\/08\/12\/fomento-productivo-destaca-los-proyectos-que-ejecuta-la-prefectura-en-el-sector-rural-de-la-provincia\/#article\",\"isPartOf\":{\"@id\":\"https:\/\/prefecturadeesmeraldas.gob.ec\/index.php\/2021\/08\/12\/fomento-productivo-destaca-los-proyectos-que-ejecuta-la-prefectura-en-el-sector-rural-de-la-provincia\/\"},\"author\":{\"name\":\"Direcci\u00f3n de Comunicaci\u00f3n\",\"@id\":\"https:\/\/prefecturadeesmeraldas.gob.ec\/#\/schema\/person\/b0c9e7b1ead7725994d1e319e8825234\"},\"headline\":\"Fomento Productivo destaca los proyectos que ejecuta la Prefectura en el sector rural de la provincia.\",\"datePublished\":\"2021-08-12T14:20:53+00:00\",\"dateModified\":\"2021-08-12T14:21:36+00:00\",\"mainEntityOfPage\":{\"@id\":\"https:\/\/prefecturadeesmeraldas.gob.ec\/index.php\/2021\/08\/12\/fomento-productivo-destaca-los-proyectos-que-ejecuta-la-prefectura-en-el-sector-rural-de-la-provincia\/\"},\"wordCount\":182,\"publisher\":{\"@id\":\"https:\/\/prefecturadeesmeraldas.gob.ec\/#organization\"},\"image\":{\"@id\":\"https:\/\/prefecturadeesmeraldas.gob.ec\/index.php\/2021\/08\/12\/fomento-productivo-destaca-los-proyectos-que-ejecuta-la-prefectura-en-el-sector-rural-de-la-provincia\/#primaryimage\"},\"thumbnailUrl\":\"https:\/\/prefecturadeesmeraldas.gob.ec\/wp-content\/uploads\/2021\/08\/Imagen4-1.jpg\",\"articleSection\":[\"Fomento Productivo\"],\"inLanguage\":\"es\"},{\"@type\":\"WebPage\",\"@id\":\"https:\/\/prefecturadeesmeraldas.gob.ec\/index.php\/2021\/08\/12\/fomento-productivo-destaca-los-proyectos-que-ejecuta-la-prefectura-en-el-sector-rural-de-la-provincia\/\",\"url\":\"https:\/\/prefecturadeesmeraldas.gob.ec\/index.php\/2021\/08\/12\/fomento-productivo-destaca-los-proyectos-que-ejecuta-la-prefectura-en-el-sector-rural-de-la-provincia\/\",\"name\":\"Fomento Productivo destaca los proyectos que ejecuta la Prefectura en el sector rural de la provincia. - Gobierno Aut\u00f3nomo Descentralizado de la Provincia de Esmeraldas\",\"isPartOf\":{\"@id\":\"https:\/\/prefecturadeesmeraldas.gob.ec\/#website\"},\"primaryImageOfPage\":{\"@id\":\"https:\/\/prefecturadeesmeraldas.gob.ec\/index.php\/2021\/08\/12\/fomento-productivo-destaca-los-proyectos-que-ejecuta-la-prefectura-en-el-sector-rural-de-la-provincia\/#primaryimage\"},\"image\":{\"@id\":\"https:\/\/prefecturadeesmeraldas.gob.ec\/index.php\/2021\/08\/12\/fomento-productivo-destaca-los-proyectos-que-ejecuta-la-prefectura-en-el-sector-rural-de-la-provincia\/#primaryimage\"},\"thumbnailUrl\":\"https:\/\/prefecturadeesmeraldas.gob.ec\/wp-content\/uploads\/2021\/08\/Imagen4-1.jpg\",\"datePublished\":\"2021-08-12T14:20:53+00:00\",\"dateModified\":\"2021-08-12T14:21:36+00:00\",\"breadcrumb\":{\"@id\":\"https:\/\/prefecturadeesmeraldas.gob.ec\/index.php\/2021\/08\/12\/fomento-productivo-destaca-los-proyectos-que-ejecuta-la-prefectura-en-el-sector-rural-de-la-provincia\/#breadcrumb\"},\"inLanguage\":\"es\",\"potentialAction\":[{\"@type\":\"ReadAction\",\"target\":[\"https:\/\/prefecturadeesmeraldas.gob.ec\/index.php\/2021\/08\/12\/fomento-productivo-destaca-los-proyectos-que-ejecuta-la-prefectura-en-el-sector-rural-de-la-provincia\/\"]}]},{\"@type\":\"ImageObject\",\"inLanguage\":\"es\",\"@id\":\"https:\/\/prefecturadeesmeraldas.gob.ec\/index.php\/2021\/08\/12\/fomento-productivo-destaca-los-proyectos-que-ejecuta-la-prefectura-en-el-sector-rural-de-la-provincia\/#primaryimage\",\"url\":\"https:\/\/prefecturadeesmeraldas.gob.ec\/wp-content\/uploads\/2021\/08\/Imagen4-1.jpg\",\"contentUrl\":\"https:\/\/prefecturadeesmeraldas.gob.ec\/wp-content\/uploads\/2021\/08\/Imagen4-1.jpg\",\"width\":566,\"height\":423},{\"@type\":\"BreadcrumbList\",\"@id\":\"https:\/\/prefecturadeesmeraldas.gob.ec\/index.php\/2021\/08\/12\/fomento-productivo-destaca-los-proyectos-que-ejecuta-la-prefectura-en-el-sector-rural-de-la-provincia\/#breadcrumb\",\"itemListElement\":[{\"@type\":\"ListItem\",\"position\":1,\"name\":\"Home\",\"item\":\"https:\/\/prefecturadeesmeraldas.gob.ec\/\"},{\"@type\":\"ListItem\",\"position\":2,\"name\":\"Fomento Productivo destaca los proyectos que ejecuta la Prefectura en el sector rural de la provincia.\"}]},{\"@type\":\"WebSite\",\"@id\":\"https:\/\/prefecturadeesmeraldas.gob.ec\/#website\",\"url\":\"https:\/\/prefecturadeesmeraldas.gob.ec\/\",\"name\":\"Gobierno Aut\u00f3nomo Descentralizado de la Provincia de Esmeraldas\",\"description\":\"Gobierno Aut\u00f3nomo Descentralizado de la Provincia de Esmeraldas\",\"publisher\":{\"@id\":\"https:\/\/prefecturadeesmeraldas.gob.ec\/#organization\"},\"potentialAction\":[{\"@type\":\"SearchAction\",\"target\":{\"@type\":\"EntryPoint\",\"urlTemplate\":\"https:\/\/prefecturadeesmeraldas.gob.ec\/?s={search_term_string}\"},\"query-input\":{\"@type\":\"PropertyValueSpecification\",\"valueRequired\":true,\"valueName\":\"search_term_string\"}}],\"inLanguage\":\"es\"},{\"@type\":\"Organization\",\"@id\":\"https:\/\/prefecturadeesmeraldas.gob.ec\/#organization\",\"name\":\"Gobierno Aut\u00f3nomo Descentralizado de la Provincia de Esmeraldas\",\"url\":\"https:\/\/prefecturadeesmeraldas.gob.ec\/\",\"logo\":{\"@type\":\"ImageObject\",\"inLanguage\":\"es\",\"@id\":\"https:\/\/prefecturadeesmeraldas.gob.ec\/#\/schema\/logo\/image\/\",\"url\":\"https:\/\/prefecturadeesmeraldas.gob.ec\/wp-content\/uploads\/2019\/06\/logo.png\",\"contentUrl\":\"https:\/\/prefecturadeesmeraldas.gob.ec\/wp-content\/uploads\/2019\/06\/logo.png\",\"width\":859,\"height\":448,\"caption\":\"Gobierno Aut\u00f3nomo Descentralizado de la Provincia de Esmeraldas\"},\"image\":{\"@id\":\"https:\/\/prefecturadeesmeraldas.gob.ec\/#\/schema\/logo\/image\/\"},\"sameAs\":[\"https:\/\/www.facebook.com\/PrefecturaEsmeraldas\/\"]},{\"@type\":\"Person\",\"@id\":\"https:\/\/prefecturadeesmeraldas.gob.ec\/#\/schema\/person\/b0c9e7b1ead7725994d1e319e8825234\",\"name\":\"Direcci\u00f3n de Comunicaci\u00f3n\",\"image\":{\"@type\":\"ImageObject\",\"inLanguage\":\"es\",\"@id\":\"https:\/\/prefecturadeesmeraldas.gob.ec\/#\/schema\/person\/image\/\",\"url\":\"https:\/\/secure.gravatar.com\/avatar\/74a3870a946f5d774ade3569af61a72308e07ad3346f370c4b468ee2a9858658?s=96&d=mm&r=g\",\"contentUrl\":\"https:\/\/secure.gravatar.com\/avatar\/74a3870a946f5d774ade3569af61a72308e07ad3346f370c4b468ee2a9858658?s=96&d=mm&r=g\",\"caption\":\"Direcci\u00f3n de Comunicaci\u00f3n\"}}]}<\/script>\n<!-- \/ Yoast SEO plugin. -->","yoast_head_json":{"title":"Fomento Productivo destaca los proyectos que ejecuta la Prefectura en el sector rural de la provincia. - Gobierno Aut\u00f3nomo Descentralizado de la Provincia de Esmeraldas","robots":{"index":"index","follow":"follow","max-snippet":"max-snippet:-1","max-image-preview":"max-image-preview:large","max-video-preview":"max-video-preview:-1"},"canonical":"https:\/\/prefecturadeesmeraldas.gob.ec\/index.php\/2021\/08\/12\/fomento-productivo-destaca-los-proyectos-que-ejecuta-la-prefectura-en-el-sector-rural-de-la-provincia\/","og_locale":"es_ES","og_type":"article","og_title":"Fomento Productivo destaca los proyectos que ejecuta la Prefectura en el sector rural de la provincia. - Gobierno Aut\u00f3nomo Descentralizado de la Provincia de Esmeraldas","og_description":"La Prefectura de Esmeraldas, a trav\u00e9s Fomento Productivo, fue parte activa de las festividades cinco agostinas y en coordinaci\u00f3n con la Asociaci\u00f3n de Ganaderos, se instal\u00f3 un stand en el Recinto Ferial que fue muy visitado por la comunidad. Mediante este stand, se difundieron las actividades que realiza la Prefectura en el \u00e1rea de Fomento [&hellip;]","og_url":"https:\/\/prefecturadeesmeraldas.gob.ec\/index.php\/2021\/08\/12\/fomento-productivo-destaca-los-proyectos-que-ejecuta-la-prefectura-en-el-sector-rural-de-la-provincia\/","og_site_name":"Gobierno Aut\u00f3nomo Descentralizado de la Provincia de Esmeraldas","article_publisher":"https:\/\/www.facebook.com\/PrefecturaEsmeraldas\/","article_published_time":"2021-08-12T14:20:53+00:00","article_modified_time":"2021-08-12T14:21:36+00:00","og_image":[{"width":566,"height":423,"url":"https:\/\/prefecturadeesmeraldas.gob.ec\/wp-content\/uploads\/2021\/08\/Imagen4-1.jpg","type":"image\/jpeg"}],"author":"Direcci\u00f3n de Comunicaci\u00f3n","twitter_card":"summary_large_image","twitter_misc":{"Escrito por":"Direcci\u00f3n de Comunicaci\u00f3n","Tiempo de lectura":"1 minuto"},"schema":{"@context":"https:\/\/schema.org","@graph":[{"@type":"Article","@id":"https:\/\/prefecturadeesmeraldas.gob.ec\/index.php\/2021\/08\/12\/fomento-productivo-destaca-los-proyectos-que-ejecuta-la-prefectura-en-el-sector-rural-de-la-provincia\/#article","isPartOf":{"@id":"https:\/\/prefecturadeesmeraldas.gob.ec\/index.php\/2021\/08\/12\/fomento-productivo-destaca-los-proyectos-que-ejecuta-la-prefectura-en-el-sector-rural-de-la-provincia\/"},"author":{"name":"Direcci\u00f3n de Comunicaci\u00f3n","@id":"https:\/\/prefecturadeesmeraldas.gob.ec\/#\/schema\/person\/b0c9e7b1ead7725994d1e319e8825234"},"headline":"Fomento Productivo destaca los proyectos que ejecuta la Prefectura en el sector rural de la provincia.","datePublished":"2021-08-12T14:20:53+00:00","dateModified":"2021-08-12T14:21:36+00:00","mainEntityOfPage":{"@id":"https:\/\/prefecturadeesmeraldas.gob.ec\/index.php\/2021\/08\/12\/fomento-productivo-destaca-los-proyectos-que-ejecuta-la-prefectura-en-el-sector-rural-de-la-provincia\/"},"wordCount":182,"publisher":{"@id":"https:\/\/prefecturadeesmeraldas.gob.ec\/#organization"},"image":{"@id":"https:\/\/prefecturadeesmeraldas.gob.ec\/index.php\/2021\/08\/12\/fomento-productivo-destaca-los-proyectos-que-ejecuta-la-prefectura-en-el-sector-rural-de-la-provincia\/#primaryimage"},"thumbnailUrl":"https:\/\/prefecturadeesmeraldas.gob.ec\/wp-content\/uploads\/2021\/08\/Imagen4-1.jpg","articleSection":["Fomento Productivo"],"inLanguage":"es"},{"@type":"WebPage","@id":"https:\/\/prefecturadeesmeraldas.gob.ec\/index.php\/2021\/08\/12\/fomento-productivo-destaca-los-proyectos-que-ejecuta-la-prefectura-en-el-sector-rural-de-la-provincia\/","url":"https:\/\/prefecturadeesmeraldas.gob.ec\/index.php\/2021\/08\/12\/fomento-productivo-destaca-los-proyectos-que-ejecuta-la-prefectura-en-el-sector-rural-de-la-provincia\/","name":"Fomento Productivo destaca los proyectos que ejecuta la Prefectura en el sector rural de la provincia. - Gobierno Aut\u00f3nomo Descentralizado de la Provincia de Esmeraldas","isPartOf":{"@id":"https:\/\/prefecturadeesmeraldas.gob.ec\/#website"},"primaryImageOfPage":{"@id":"https:\/\/prefecturadeesmeraldas.gob.ec\/index.php\/2021\/08\/12\/fomento-productivo-destaca-los-proyectos-que-ejecuta-la-prefectura-en-el-sector-rural-de-la-provincia\/#primaryimage"},"image":{"@id":"https:\/\/prefecturadeesmeraldas.gob.ec\/index.php\/2021\/08\/12\/fomento-productivo-destaca-los-proyectos-que-ejecuta-la-prefectura-en-el-sector-rural-de-la-provincia\/#primaryimage"},"thumbnailUrl":"https:\/\/prefecturadeesmeraldas.gob.ec\/wp-content\/uploads\/2021\/08\/Imagen4-1.jpg","datePublished":"2021-08-12T14:20:53+00:00","dateModified":"2021-08-12T14:21:36+00:00","breadcrumb":{"@id":"https:\/\/prefecturadeesmeraldas.gob.ec\/index.php\/2021\/08\/12\/fomento-productivo-destaca-los-proyectos-que-ejecuta-la-prefectura-en-el-sector-rural-de-la-provincia\/#breadcrumb"},"inLanguage":"es","potentialAction":[{"@type":"ReadAction","target":["https:\/\/prefecturadeesmeraldas.gob.ec\/index.php\/2021\/08\/12\/fomento-productivo-destaca-los-proyectos-que-ejecuta-la-prefectura-en-el-sector-rural-de-la-provincia\/"]}]},{"@type":"ImageObject","inLanguage":"es","@id":"https:\/\/prefecturadeesmeraldas.gob.ec\/index.php\/2021\/08\/12\/fomento-productivo-destaca-los-proyectos-que-ejecuta-la-prefectura-en-el-sector-rural-de-la-provincia\/#primaryimage","url":"https:\/\/prefecturadeesmeraldas.gob.ec\/wp-content\/uploads\/2021\/08\/Imagen4-1.jpg","contentUrl":"https:\/\/prefecturadeesmeraldas.gob.ec\/wp-content\/uploads\/2021\/08\/Imagen4-1.jpg","width":566,"height":423},{"@type":"BreadcrumbList","@id":"https:\/\/prefecturadeesmeraldas.gob.ec\/index.php\/2021\/08\/12\/fomento-productivo-destaca-los-proyectos-que-ejecuta-la-prefectura-en-el-sector-rural-de-la-provincia\/#breadcrumb","itemListElement":[{"@type":"ListItem","position":1,"name":"Home","item":"https:\/\/prefecturadeesmeraldas.gob.ec\/"},{"@type":"ListItem","position":2,"name":"Fomento Productivo destaca los proyectos que ejecuta la Prefectura en el sector rural de la provincia."}]},{"@type":"WebSite","@id":"https:\/\/prefecturadeesmeraldas.gob.ec\/#website","url":"https:\/\/prefecturadeesmeraldas.gob.ec\/","name":"Gobierno Aut\u00f3nomo Descentralizado de la Provincia de Esmeraldas","description":"Gobierno Aut\u00f3nomo Descentralizado de la Provincia de Esmeraldas","publisher":{"@id":"https:\/\/prefecturadeesmeraldas.gob.ec\/#organization"},"potentialAction":[{"@type":"SearchAction","target":{"@type":"EntryPoint","urlTemplate":"https:\/\/prefecturadeesmeraldas.gob.ec\/?s={search_term_string}"},"query-input":{"@type":"PropertyValueSpecification","valueRequired":true,"valueName":"search_term_string"}}],"inLanguage":"es"},{"@type":"Organization","@id":"https:\/\/prefecturadeesmeraldas.gob.ec\/#organization","name":"Gobierno Aut\u00f3nomo Descentralizado de la Provincia de Esmeraldas","url":"https:\/\/prefecturadeesmeraldas.gob.ec\/","logo":{"@type":"ImageObject","inLanguage":"es","@id":"https:\/\/prefecturadeesmeraldas.gob.ec\/#\/schema\/logo\/image\/","url":"https:\/\/prefecturadeesmeraldas.gob.ec\/wp-content\/uploads\/2019\/06\/logo.png","contentUrl":"https:\/\/prefecturadeesmeraldas.gob.ec\/wp-content\/uploads\/2019\/06\/logo.png","width":859,"height":448,"caption":"Gobierno Aut\u00f3nomo Descentralizado de la Provincia de Esmeraldas"},"image":{"@id":"https:\/\/prefecturadeesmeraldas.gob.ec\/#\/schema\/logo\/image\/"},"sameAs":["https:\/\/www.facebook.com\/PrefecturaEsmeraldas\/"]},{"@type":"Person","@id":"https:\/\/prefecturadeesmeraldas.gob.ec\/#\/schema\/person\/b0c9e7b1ead7725994d1e319e8825234","name":"Direcci\u00f3n de Comunicaci\u00f3n","image":{"@type":"ImageObject","inLanguage":"es","@id":"https:\/\/prefecturadeesmeraldas.gob.ec\/#\/schema\/person\/image\/","url":"https:\/\/secure.gravatar.com\/avatar\/74a3870a946f5d774ade3569af61a72308e07ad3346f370c4b468ee2a9858658?s=96&d=mm&r=g","contentUrl":"https:\/\/secure.gravatar.com\/avatar\/74a3870a946f5d774ade3569af61a72308e07ad3346f370c4b468ee2a9858658?s=96&d=mm&r=g","caption":"Direcci\u00f3n de Comunicaci\u00f3n"}}]}},"_links":{"self":[{"href":"https:\/\/prefecturadeesmeraldas.gob.ec\/index.php\/wp-json\/wp\/v2\/posts\/12158","targetHints":{"allow":["GET"]}}],"collection":[{"href":"https:\/\/prefecturadeesmeraldas.gob.ec\/index.php\/wp-json\/wp\/v2\/posts"}],"about":[{"href":"https:\/\/prefecturadeesmeraldas.gob.ec\/index.php\/wp-json\/wp\/v2\/types\/post"}],"author":[{"embeddable":true,"href":"https:\/\/prefecturadeesmeraldas.gob.ec\/index.php\/wp-json\/wp\/v2\/users\/2"}],"replies":[{"embeddable":true,"href":"https:\/\/prefecturadeesmeraldas.gob.ec\/index.php\/wp-json\/wp\/v2\/comments?post=12158"}],"version-history":[{"count":0,"href":"https:\/\/prefecturadeesmeraldas.gob.ec\/index.php\/wp-json\/wp\/v2\/posts\/12158\/revisions"}],"wp:featuredmedia":[{"embeddable":true,"href":"https:\/\/prefecturadeesmeraldas.gob.ec\/index.php\/wp-json\/wp\/v2\/media\/12159"}],"wp:attachment":[{"href":"https:\/\/prefecturadeesmeraldas.gob.ec\/index.php\/wp-json\/wp\/v2\/media?parent=12158"}],"wp:term":[{"taxonomy":"category","embeddable":true,"href":"https:\/\/prefecturadeesmeraldas.gob.ec\/index.php\/wp-json\/wp\/v2\/categories?post=12158"},{"taxonomy":"post_tag","embeddable":true,"href":"https:\/\/prefecturadeesmeraldas.gob.ec\/index.php\/wp-json\/wp\/v2\/tags?post=12158"}],"curies":[{"name":"wp","href":"https:\/\/api.w.org\/{rel}","templated":true}]}}