{"id":12093,"date":"2021-08-03T09:49:29","date_gmt":"2021-08-03T14:49:29","guid":{"rendered":"http:\/\/prefecturadeesmeraldas.gob.ec\/?p=12093"},"modified":"2021-08-03T09:50:09","modified_gmt":"2021-08-03T14:50:09","slug":"prefecta-participo-de-ceremonia-de-ascensos-hablo-de-seguridad-y-de-su-papel-como-nueva-presidenta-de-la-mancomunidad-del-norte","status":"publish","type":"post","link":"https:\/\/prefecturadeesmeraldas.gob.ec\/index.php\/2021\/08\/03\/prefecta-participo-de-ceremonia-de-ascensos-hablo-de-seguridad-y-de-su-papel-como-nueva-presidenta-de-la-mancomunidad-del-norte\/","title":{"rendered":"Prefecta particip\u00f3 de ceremonia de ascensos; habl\u00f3 de seguridad y de su papel como nueva Presidenta de la Mancomunidad del Norte."},"content":{"rendered":"\t\t<div data-elementor-type=\"wp-post\" data-elementor-id=\"12093\" class=\"elementor elementor-12093\">\n\t\t\t\t\t\t<section class=\"elementor-section elementor-top-section elementor-element elementor-element-83761c6 elementor-section-boxed elementor-section-height-default elementor-section-height-default\" data-id=\"83761c6\" data-element_type=\"section\">\n\t\t\t\t\t\t<div class=\"elementor-container elementor-column-gap-default\">\n\t\t\t\t\t<div class=\"elementor-column elementor-col-100 elementor-top-column elementor-element elementor-element-0003c4f\" data-id=\"0003c4f\" data-element_type=\"column\">\n\t\t\t<div class=\"elementor-widget-wrap elementor-element-populated\">\n\t\t\t\t\t\t<div class=\"elementor-element elementor-element-f05f62e elementor-widget elementor-widget-image\" data-id=\"f05f62e\" data-element_type=\"widget\" data-widget_type=\"image.default\">\n\t\t\t\t<div class=\"elementor-widget-container\">\n\t\t\t\t\t\t\t\t\t\t\t\t\t\t\t<img fetchpriority=\"high\" decoding=\"async\" width=\"1024\" height=\"1024\" src=\"https:\/\/prefecturadeesmeraldas.gob.ec\/wp-content\/uploads\/2021\/08\/WhatsApp-Image-2021-07-30-at-12.25.17-1024x1024.jpeg\" class=\"attachment-large size-large wp-image-12094\" alt=\"\" srcset=\"https:\/\/prefecturadeesmeraldas.gob.ec\/wp-content\/uploads\/2021\/08\/WhatsApp-Image-2021-07-30-at-12.25.17-1024x1024.jpeg 1024w, https:\/\/prefecturadeesmeraldas.gob.ec\/wp-content\/uploads\/2021\/08\/WhatsApp-Image-2021-07-30-at-12.25.17-240x240.jpeg 240w, https:\/\/prefecturadeesmeraldas.gob.ec\/wp-content\/uploads\/2021\/08\/WhatsApp-Image-2021-07-30-at-12.25.17-1080x1080.jpeg 1080w, https:\/\/prefecturadeesmeraldas.gob.ec\/wp-content\/uploads\/2021\/08\/WhatsApp-Image-2021-07-30-at-12.25.17-150x150.jpeg 150w, https:\/\/prefecturadeesmeraldas.gob.ec\/wp-content\/uploads\/2021\/08\/WhatsApp-Image-2021-07-30-at-12.25.17-300x300.jpeg 300w, https:\/\/prefecturadeesmeraldas.gob.ec\/wp-content\/uploads\/2021\/08\/WhatsApp-Image-2021-07-30-at-12.25.17-768x768.jpeg 768w, https:\/\/prefecturadeesmeraldas.gob.ec\/wp-content\/uploads\/2021\/08\/WhatsApp-Image-2021-07-30-at-12.25.17.jpeg 1280w\" sizes=\"(max-width: 1024px) 100vw, 1024px\" \/>\t\t\t\t\t\t\t\t\t\t\t\t\t\t\t<\/div>\n\t\t\t\t<\/div>\n\t\t\t\t\t<\/div>\n\t\t<\/div>\n\t\t\t\t\t<\/div>\n\t\t<\/section>\n\t\t\t\t<section class=\"elementor-section elementor-top-section elementor-element elementor-element-4b71d9c elementor-section-boxed elementor-section-height-default elementor-section-height-default\" data-id=\"4b71d9c\" data-element_type=\"section\">\n\t\t\t\t\t\t<div class=\"elementor-container elementor-column-gap-default\">\n\t\t\t\t\t<div class=\"elementor-column elementor-col-100 elementor-top-column elementor-element elementor-element-fbf74d3\" data-id=\"fbf74d3\" data-element_type=\"column\">\n\t\t\t<div class=\"elementor-widget-wrap elementor-element-populated\">\n\t\t\t\t\t\t<div class=\"elementor-element elementor-element-6ebd6b1 elementor-widget elementor-widget-text-editor\" data-id=\"6ebd6b1\" data-element_type=\"widget\" data-widget_type=\"text-editor.default\">\n\t\t\t\t<div class=\"elementor-widget-container\">\n\t\t\t\t\t\t\t\t\t<p>En la ciudad de Esmeraldas, el pasado viernes 30 de julio, se realiz\u00f3 la ceremonia de ascensos al inmediato grado superior de oficiales, suboficiales y soldados voluntarios del Ej\u00e9rcito Nacional. La prefecta de Esmeraldas estuvo presente durante el evento, junto a otras autoridades locales, del mando militar y familiares de los m\u00e1s de 60 integrantes ascendidos. El acto se desarroll\u00f3 en las instalaciones del Batall\u00f3n de Infanter\u00eda Motorizado n\u00famero 13 (BIMOT).<\/p><p>La Prefecta de Esmeraldas, <strong>Roberta Zambrano Ortiz<\/strong>, resalt\u00f3 la emotiva importancia que tienen este tipo de actos para quienes son los encargados de salvaguardar la soberan\u00eda del territorio ecuatoriano.<\/p><p>Pese a que la seguridad no es una competencia directa de la Prefectura de Esmeraldas, la Prefecta aprovech\u00f3 el acto para insistir a las autoridades que se intensifiquen los controles y se trabaje por salvaguardar y mantener el orden p\u00fablico necesario para que Esmeraldas avance.<\/p><p>Del mismo modo, se refiri\u00f3 a su nueva designaci\u00f3n como presidenta de la Mancomunidad del Norte, responsabilidad en la que dijo centrar\u00e1 su atenci\u00f3n para que se haga una correcta aplicaci\u00f3n de la Ley Fronteriza.<\/p><p>En medio del evento, <strong>Wilson Danilo Godoy<\/strong>, actual comandante del Batall\u00f3n de Infanter\u00eda Motorizado n\u00famero 13 de Esmeraldas, record\u00f3 la responsabilidad de sus actividades al servicio de los ecuatorianos.<\/p><p>Mientras que, <strong>Duval Garz\u00f3n<\/strong>, oficial ascendido al grado de Mayor, manifest\u00f3 que, tras las palabras de la autoridad, su obligaci\u00f3n permanente ser\u00e1 la de garantizar que haya tranquilidad entre la sociedad y disposici\u00f3n de trabajar en equipo, junto otras fuerzas de control.<\/p>\t\t\t\t\t\t\t\t<\/div>\n\t\t\t\t<\/div>\n\t\t\t\t\t<\/div>\n\t\t<\/div>\n\t\t\t\t\t<\/div>\n\t\t<\/section>\n\t\t\t\t<\/div>\n\t\t","protected":false},"excerpt":{"rendered":"<p>En la ciudad de Esmeraldas, el pasado viernes 30 de julio, se realiz\u00f3 la ceremonia de ascensos al inmediato grado superior de oficiales, suboficiales y soldados voluntarios del Ej\u00e9rcito Nacional. La prefecta de Esmeraldas estuvo presente durante el evento, junto a otras autoridades locales, del mando militar y familiares de los m\u00e1s de 60 integrantes [&hellip;]<\/p>\n","protected":false},"author":2,"featured_media":12094,"comment_status":"closed","ping_status":"open","sticky":false,"template":"","format":"standard","meta":{"footnotes":""},"categories":[3],"tags":[],"class_list":["post-12093","post","type-post","status-publish","format-standard","has-post-thumbnail","hentry","category-institucional"],"yoast_head":"<!-- This site is optimized with the Yoast SEO plugin v25.7 - https:\/\/yoast.com\/wordpress\/plugins\/seo\/ -->\n<title>Prefecta particip\u00f3 de ceremonia de ascensos; habl\u00f3 de seguridad y de su papel como nueva Presidenta de la Mancomunidad del Norte. - Gobierno Aut\u00f3nomo Descentralizado de la Provincia de Esmeraldas<\/title>\n<meta name=\"robots\" content=\"index, follow, max-snippet:-1, max-image-preview:large, max-video-preview:-1\" \/>\n<link rel=\"canonical\" href=\"https:\/\/prefecturadeesmeraldas.gob.ec\/index.php\/2021\/08\/03\/prefecta-participo-de-ceremonia-de-ascensos-hablo-de-seguridad-y-de-su-papel-como-nueva-presidenta-de-la-mancomunidad-del-norte\/\" \/>\n<meta property=\"og:locale\" content=\"es_ES\" \/>\n<meta property=\"og:type\" content=\"article\" \/>\n<meta property=\"og:title\" content=\"Prefecta particip\u00f3 de ceremonia de ascensos; habl\u00f3 de seguridad y de su papel como nueva Presidenta de la Mancomunidad del Norte. - Gobierno Aut\u00f3nomo Descentralizado de la Provincia de Esmeraldas\" \/>\n<meta property=\"og:description\" content=\"En la ciudad de Esmeraldas, el pasado viernes 30 de julio, se realiz\u00f3 la ceremonia de ascensos al inmediato grado superior de oficiales, suboficiales y soldados voluntarios del Ej\u00e9rcito Nacional. La prefecta de Esmeraldas estuvo presente durante el evento, junto a otras autoridades locales, del mando militar y familiares de los m\u00e1s de 60 integrantes [&hellip;]\" \/>\n<meta property=\"og:url\" content=\"https:\/\/prefecturadeesmeraldas.gob.ec\/index.php\/2021\/08\/03\/prefecta-participo-de-ceremonia-de-ascensos-hablo-de-seguridad-y-de-su-papel-como-nueva-presidenta-de-la-mancomunidad-del-norte\/\" \/>\n<meta property=\"og:site_name\" content=\"Gobierno Aut\u00f3nomo Descentralizado de la Provincia de Esmeraldas\" \/>\n<meta property=\"article:publisher\" content=\"https:\/\/www.facebook.com\/PrefecturaEsmeraldas\/\" \/>\n<meta property=\"article:published_time\" content=\"2021-08-03T14:49:29+00:00\" \/>\n<meta property=\"article:modified_time\" content=\"2021-08-03T14:50:09+00:00\" \/>\n<meta property=\"og:image\" content=\"https:\/\/prefecturadeesmeraldas.gob.ec\/wp-content\/uploads\/2021\/08\/WhatsApp-Image-2021-07-30-at-12.25.17.jpeg\" \/>\n\t<meta property=\"og:image:width\" content=\"1280\" \/>\n\t<meta property=\"og:image:height\" content=\"1280\" \/>\n\t<meta property=\"og:image:type\" content=\"image\/jpeg\" \/>\n<meta name=\"author\" content=\"Direcci\u00f3n de Comunicaci\u00f3n\" \/>\n<meta name=\"twitter:card\" content=\"summary_large_image\" \/>\n<meta name=\"twitter:label1\" content=\"Escrito por\" \/>\n\t<meta name=\"twitter:data1\" content=\"Direcci\u00f3n de Comunicaci\u00f3n\" \/>\n\t<meta name=\"twitter:label2\" content=\"Tiempo de lectura\" \/>\n\t<meta name=\"twitter:data2\" content=\"1 minuto\" \/>\n<script type=\"application\/ld+json\" class=\"yoast-schema-graph\">{\"@context\":\"https:\/\/schema.org\",\"@graph\":[{\"@type\":\"Article\",\"@id\":\"https:\/\/prefecturadeesmeraldas.gob.ec\/index.php\/2021\/08\/03\/prefecta-participo-de-ceremonia-de-ascensos-hablo-de-seguridad-y-de-su-papel-como-nueva-presidenta-de-la-mancomunidad-del-norte\/#article\",\"isPartOf\":{\"@id\":\"https:\/\/prefecturadeesmeraldas.gob.ec\/index.php\/2021\/08\/03\/prefecta-participo-de-ceremonia-de-ascensos-hablo-de-seguridad-y-de-su-papel-como-nueva-presidenta-de-la-mancomunidad-del-norte\/\"},\"author\":{\"name\":\"Direcci\u00f3n de Comunicaci\u00f3n\",\"@id\":\"https:\/\/prefecturadeesmeraldas.gob.ec\/#\/schema\/person\/b0c9e7b1ead7725994d1e319e8825234\"},\"headline\":\"Prefecta particip\u00f3 de ceremonia de ascensos; habl\u00f3 de seguridad y de su papel como nueva Presidenta de la Mancomunidad del Norte.\",\"datePublished\":\"2021-08-03T14:49:29+00:00\",\"dateModified\":\"2021-08-03T14:50:09+00:00\",\"mainEntityOfPage\":{\"@id\":\"https:\/\/prefecturadeesmeraldas.gob.ec\/index.php\/2021\/08\/03\/prefecta-participo-de-ceremonia-de-ascensos-hablo-de-seguridad-y-de-su-papel-como-nueva-presidenta-de-la-mancomunidad-del-norte\/\"},\"wordCount\":284,\"publisher\":{\"@id\":\"https:\/\/prefecturadeesmeraldas.gob.ec\/#organization\"},\"image\":{\"@id\":\"https:\/\/prefecturadeesmeraldas.gob.ec\/index.php\/2021\/08\/03\/prefecta-participo-de-ceremonia-de-ascensos-hablo-de-seguridad-y-de-su-papel-como-nueva-presidenta-de-la-mancomunidad-del-norte\/#primaryimage\"},\"thumbnailUrl\":\"https:\/\/prefecturadeesmeraldas.gob.ec\/wp-content\/uploads\/2021\/08\/WhatsApp-Image-2021-07-30-at-12.25.17.jpeg\",\"articleSection\":[\"Institucional\"],\"inLanguage\":\"es\"},{\"@type\":\"WebPage\",\"@id\":\"https:\/\/prefecturadeesmeraldas.gob.ec\/index.php\/2021\/08\/03\/prefecta-participo-de-ceremonia-de-ascensos-hablo-de-seguridad-y-de-su-papel-como-nueva-presidenta-de-la-mancomunidad-del-norte\/\",\"url\":\"https:\/\/prefecturadeesmeraldas.gob.ec\/index.php\/2021\/08\/03\/prefecta-participo-de-ceremonia-de-ascensos-hablo-de-seguridad-y-de-su-papel-como-nueva-presidenta-de-la-mancomunidad-del-norte\/\",\"name\":\"Prefecta particip\u00f3 de ceremonia de ascensos; habl\u00f3 de seguridad y de su papel como nueva Presidenta de la Mancomunidad del Norte. - Gobierno Aut\u00f3nomo Descentralizado de la Provincia de Esmeraldas\",\"isPartOf\":{\"@id\":\"https:\/\/prefecturadeesmeraldas.gob.ec\/#website\"},\"primaryImageOfPage\":{\"@id\":\"https:\/\/prefecturadeesmeraldas.gob.ec\/index.php\/2021\/08\/03\/prefecta-participo-de-ceremonia-de-ascensos-hablo-de-seguridad-y-de-su-papel-como-nueva-presidenta-de-la-mancomunidad-del-norte\/#primaryimage\"},\"image\":{\"@id\":\"https:\/\/prefecturadeesmeraldas.gob.ec\/index.php\/2021\/08\/03\/prefecta-participo-de-ceremonia-de-ascensos-hablo-de-seguridad-y-de-su-papel-como-nueva-presidenta-de-la-mancomunidad-del-norte\/#primaryimage\"},\"thumbnailUrl\":\"https:\/\/prefecturadeesmeraldas.gob.ec\/wp-content\/uploads\/2021\/08\/WhatsApp-Image-2021-07-30-at-12.25.17.jpeg\",\"datePublished\":\"2021-08-03T14:49:29+00:00\",\"dateModified\":\"2021-08-03T14:50:09+00:00\",\"breadcrumb\":{\"@id\":\"https:\/\/prefecturadeesmeraldas.gob.ec\/index.php\/2021\/08\/03\/prefecta-participo-de-ceremonia-de-ascensos-hablo-de-seguridad-y-de-su-papel-como-nueva-presidenta-de-la-mancomunidad-del-norte\/#breadcrumb\"},\"inLanguage\":\"es\",\"potentialAction\":[{\"@type\":\"ReadAction\",\"target\":[\"https:\/\/prefecturadeesmeraldas.gob.ec\/index.php\/2021\/08\/03\/prefecta-participo-de-ceremonia-de-ascensos-hablo-de-seguridad-y-de-su-papel-como-nueva-presidenta-de-la-mancomunidad-del-norte\/\"]}]},{\"@type\":\"ImageObject\",\"inLanguage\":\"es\",\"@id\":\"https:\/\/prefecturadeesmeraldas.gob.ec\/index.php\/2021\/08\/03\/prefecta-participo-de-ceremonia-de-ascensos-hablo-de-seguridad-y-de-su-papel-como-nueva-presidenta-de-la-mancomunidad-del-norte\/#primaryimage\",\"url\":\"https:\/\/prefecturadeesmeraldas.gob.ec\/wp-content\/uploads\/2021\/08\/WhatsApp-Image-2021-07-30-at-12.25.17.jpeg\",\"contentUrl\":\"https:\/\/prefecturadeesmeraldas.gob.ec\/wp-content\/uploads\/2021\/08\/WhatsApp-Image-2021-07-30-at-12.25.17.jpeg\",\"width\":1280,\"height\":1280},{\"@type\":\"BreadcrumbList\",\"@id\":\"https:\/\/prefecturadeesmeraldas.gob.ec\/index.php\/2021\/08\/03\/prefecta-participo-de-ceremonia-de-ascensos-hablo-de-seguridad-y-de-su-papel-como-nueva-presidenta-de-la-mancomunidad-del-norte\/#breadcrumb\",\"itemListElement\":[{\"@type\":\"ListItem\",\"position\":1,\"name\":\"Home\",\"item\":\"https:\/\/prefecturadeesmeraldas.gob.ec\/\"},{\"@type\":\"ListItem\",\"position\":2,\"name\":\"Prefecta particip\u00f3 de ceremonia de ascensos; habl\u00f3 de seguridad y de su papel como nueva Presidenta de la Mancomunidad del Norte.\"}]},{\"@type\":\"WebSite\",\"@id\":\"https:\/\/prefecturadeesmeraldas.gob.ec\/#website\",\"url\":\"https:\/\/prefecturadeesmeraldas.gob.ec\/\",\"name\":\"Gobierno Aut\u00f3nomo Descentralizado de la Provincia de Esmeraldas\",\"description\":\"Gobierno Aut\u00f3nomo Descentralizado de la Provincia de Esmeraldas\",\"publisher\":{\"@id\":\"https:\/\/prefecturadeesmeraldas.gob.ec\/#organization\"},\"potentialAction\":[{\"@type\":\"SearchAction\",\"target\":{\"@type\":\"EntryPoint\",\"urlTemplate\":\"https:\/\/prefecturadeesmeraldas.gob.ec\/?s={search_term_string}\"},\"query-input\":{\"@type\":\"PropertyValueSpecification\",\"valueRequired\":true,\"valueName\":\"search_term_string\"}}],\"inLanguage\":\"es\"},{\"@type\":\"Organization\",\"@id\":\"https:\/\/prefecturadeesmeraldas.gob.ec\/#organization\",\"name\":\"Gobierno Aut\u00f3nomo Descentralizado de la Provincia de Esmeraldas\",\"url\":\"https:\/\/prefecturadeesmeraldas.gob.ec\/\",\"logo\":{\"@type\":\"ImageObject\",\"inLanguage\":\"es\",\"@id\":\"https:\/\/prefecturadeesmeraldas.gob.ec\/#\/schema\/logo\/image\/\",\"url\":\"https:\/\/prefecturadeesmeraldas.gob.ec\/wp-content\/uploads\/2019\/06\/logo.png\",\"contentUrl\":\"https:\/\/prefecturadeesmeraldas.gob.ec\/wp-content\/uploads\/2019\/06\/logo.png\",\"width\":859,\"height\":448,\"caption\":\"Gobierno Aut\u00f3nomo Descentralizado de la Provincia de Esmeraldas\"},\"image\":{\"@id\":\"https:\/\/prefecturadeesmeraldas.gob.ec\/#\/schema\/logo\/image\/\"},\"sameAs\":[\"https:\/\/www.facebook.com\/PrefecturaEsmeraldas\/\"]},{\"@type\":\"Person\",\"@id\":\"https:\/\/prefecturadeesmeraldas.gob.ec\/#\/schema\/person\/b0c9e7b1ead7725994d1e319e8825234\",\"name\":\"Direcci\u00f3n de Comunicaci\u00f3n\",\"image\":{\"@type\":\"ImageObject\",\"inLanguage\":\"es\",\"@id\":\"https:\/\/prefecturadeesmeraldas.gob.ec\/#\/schema\/person\/image\/\",\"url\":\"https:\/\/secure.gravatar.com\/avatar\/74a3870a946f5d774ade3569af61a72308e07ad3346f370c4b468ee2a9858658?s=96&d=mm&r=g\",\"contentUrl\":\"https:\/\/secure.gravatar.com\/avatar\/74a3870a946f5d774ade3569af61a72308e07ad3346f370c4b468ee2a9858658?s=96&d=mm&r=g\",\"caption\":\"Direcci\u00f3n de Comunicaci\u00f3n\"}}]}<\/script>\n<!-- \/ Yoast SEO plugin. -->","yoast_head_json":{"title":"Prefecta particip\u00f3 de ceremonia de ascensos; habl\u00f3 de seguridad y de su papel como nueva Presidenta de la Mancomunidad del Norte. - Gobierno Aut\u00f3nomo Descentralizado de la Provincia de Esmeraldas","robots":{"index":"index","follow":"follow","max-snippet":"max-snippet:-1","max-image-preview":"max-image-preview:large","max-video-preview":"max-video-preview:-1"},"canonical":"https:\/\/prefecturadeesmeraldas.gob.ec\/index.php\/2021\/08\/03\/prefecta-participo-de-ceremonia-de-ascensos-hablo-de-seguridad-y-de-su-papel-como-nueva-presidenta-de-la-mancomunidad-del-norte\/","og_locale":"es_ES","og_type":"article","og_title":"Prefecta particip\u00f3 de ceremonia de ascensos; habl\u00f3 de seguridad y de su papel como nueva Presidenta de la Mancomunidad del Norte. - Gobierno Aut\u00f3nomo Descentralizado de la Provincia de Esmeraldas","og_description":"En la ciudad de Esmeraldas, el pasado viernes 30 de julio, se realiz\u00f3 la ceremonia de ascensos al inmediato grado superior de oficiales, suboficiales y soldados voluntarios del Ej\u00e9rcito Nacional. La prefecta de Esmeraldas estuvo presente durante el evento, junto a otras autoridades locales, del mando militar y familiares de los m\u00e1s de 60 integrantes [&hellip;]","og_url":"https:\/\/prefecturadeesmeraldas.gob.ec\/index.php\/2021\/08\/03\/prefecta-participo-de-ceremonia-de-ascensos-hablo-de-seguridad-y-de-su-papel-como-nueva-presidenta-de-la-mancomunidad-del-norte\/","og_site_name":"Gobierno Aut\u00f3nomo Descentralizado de la Provincia de Esmeraldas","article_publisher":"https:\/\/www.facebook.com\/PrefecturaEsmeraldas\/","article_published_time":"2021-08-03T14:49:29+00:00","article_modified_time":"2021-08-03T14:50:09+00:00","og_image":[{"width":1280,"height":1280,"url":"https:\/\/prefecturadeesmeraldas.gob.ec\/wp-content\/uploads\/2021\/08\/WhatsApp-Image-2021-07-30-at-12.25.17.jpeg","type":"image\/jpeg"}],"author":"Direcci\u00f3n de Comunicaci\u00f3n","twitter_card":"summary_large_image","twitter_misc":{"Escrito por":"Direcci\u00f3n de Comunicaci\u00f3n","Tiempo de lectura":"1 minuto"},"schema":{"@context":"https:\/\/schema.org","@graph":[{"@type":"Article","@id":"https:\/\/prefecturadeesmeraldas.gob.ec\/index.php\/2021\/08\/03\/prefecta-participo-de-ceremonia-de-ascensos-hablo-de-seguridad-y-de-su-papel-como-nueva-presidenta-de-la-mancomunidad-del-norte\/#article","isPartOf":{"@id":"https:\/\/prefecturadeesmeraldas.gob.ec\/index.php\/2021\/08\/03\/prefecta-participo-de-ceremonia-de-ascensos-hablo-de-seguridad-y-de-su-papel-como-nueva-presidenta-de-la-mancomunidad-del-norte\/"},"author":{"name":"Direcci\u00f3n de Comunicaci\u00f3n","@id":"https:\/\/prefecturadeesmeraldas.gob.ec\/#\/schema\/person\/b0c9e7b1ead7725994d1e319e8825234"},"headline":"Prefecta particip\u00f3 de ceremonia de ascensos; habl\u00f3 de seguridad y de su papel como nueva Presidenta de la Mancomunidad del Norte.","datePublished":"2021-08-03T14:49:29+00:00","dateModified":"2021-08-03T14:50:09+00:00","mainEntityOfPage":{"@id":"https:\/\/prefecturadeesmeraldas.gob.ec\/index.php\/2021\/08\/03\/prefecta-participo-de-ceremonia-de-ascensos-hablo-de-seguridad-y-de-su-papel-como-nueva-presidenta-de-la-mancomunidad-del-norte\/"},"wordCount":284,"publisher":{"@id":"https:\/\/prefecturadeesmeraldas.gob.ec\/#organization"},"image":{"@id":"https:\/\/prefecturadeesmeraldas.gob.ec\/index.php\/2021\/08\/03\/prefecta-participo-de-ceremonia-de-ascensos-hablo-de-seguridad-y-de-su-papel-como-nueva-presidenta-de-la-mancomunidad-del-norte\/#primaryimage"},"thumbnailUrl":"https:\/\/prefecturadeesmeraldas.gob.ec\/wp-content\/uploads\/2021\/08\/WhatsApp-Image-2021-07-30-at-12.25.17.jpeg","articleSection":["Institucional"],"inLanguage":"es"},{"@type":"WebPage","@id":"https:\/\/prefecturadeesmeraldas.gob.ec\/index.php\/2021\/08\/03\/prefecta-participo-de-ceremonia-de-ascensos-hablo-de-seguridad-y-de-su-papel-como-nueva-presidenta-de-la-mancomunidad-del-norte\/","url":"https:\/\/prefecturadeesmeraldas.gob.ec\/index.php\/2021\/08\/03\/prefecta-participo-de-ceremonia-de-ascensos-hablo-de-seguridad-y-de-su-papel-como-nueva-presidenta-de-la-mancomunidad-del-norte\/","name":"Prefecta particip\u00f3 de ceremonia de ascensos; habl\u00f3 de seguridad y de su papel como nueva Presidenta de la Mancomunidad del Norte. - Gobierno Aut\u00f3nomo Descentralizado de la Provincia de Esmeraldas","isPartOf":{"@id":"https:\/\/prefecturadeesmeraldas.gob.ec\/#website"},"primaryImageOfPage":{"@id":"https:\/\/prefecturadeesmeraldas.gob.ec\/index.php\/2021\/08\/03\/prefecta-participo-de-ceremonia-de-ascensos-hablo-de-seguridad-y-de-su-papel-como-nueva-presidenta-de-la-mancomunidad-del-norte\/#primaryimage"},"image":{"@id":"https:\/\/prefecturadeesmeraldas.gob.ec\/index.php\/2021\/08\/03\/prefecta-participo-de-ceremonia-de-ascensos-hablo-de-seguridad-y-de-su-papel-como-nueva-presidenta-de-la-mancomunidad-del-norte\/#primaryimage"},"thumbnailUrl":"https:\/\/prefecturadeesmeraldas.gob.ec\/wp-content\/uploads\/2021\/08\/WhatsApp-Image-2021-07-30-at-12.25.17.jpeg","datePublished":"2021-08-03T14:49:29+00:00","dateModified":"2021-08-03T14:50:09+00:00","breadcrumb":{"@id":"https:\/\/prefecturadeesmeraldas.gob.ec\/index.php\/2021\/08\/03\/prefecta-participo-de-ceremonia-de-ascensos-hablo-de-seguridad-y-de-su-papel-como-nueva-presidenta-de-la-mancomunidad-del-norte\/#breadcrumb"},"inLanguage":"es","potentialAction":[{"@type":"ReadAction","target":["https:\/\/prefecturadeesmeraldas.gob.ec\/index.php\/2021\/08\/03\/prefecta-participo-de-ceremonia-de-ascensos-hablo-de-seguridad-y-de-su-papel-como-nueva-presidenta-de-la-mancomunidad-del-norte\/"]}]},{"@type":"ImageObject","inLanguage":"es","@id":"https:\/\/prefecturadeesmeraldas.gob.ec\/index.php\/2021\/08\/03\/prefecta-participo-de-ceremonia-de-ascensos-hablo-de-seguridad-y-de-su-papel-como-nueva-presidenta-de-la-mancomunidad-del-norte\/#primaryimage","url":"https:\/\/prefecturadeesmeraldas.gob.ec\/wp-content\/uploads\/2021\/08\/WhatsApp-Image-2021-07-30-at-12.25.17.jpeg","contentUrl":"https:\/\/prefecturadeesmeraldas.gob.ec\/wp-content\/uploads\/2021\/08\/WhatsApp-Image-2021-07-30-at-12.25.17.jpeg","width":1280,"height":1280},{"@type":"BreadcrumbList","@id":"https:\/\/prefecturadeesmeraldas.gob.ec\/index.php\/2021\/08\/03\/prefecta-participo-de-ceremonia-de-ascensos-hablo-de-seguridad-y-de-su-papel-como-nueva-presidenta-de-la-mancomunidad-del-norte\/#breadcrumb","itemListElement":[{"@type":"ListItem","position":1,"name":"Home","item":"https:\/\/prefecturadeesmeraldas.gob.ec\/"},{"@type":"ListItem","position":2,"name":"Prefecta particip\u00f3 de ceremonia de ascensos; habl\u00f3 de seguridad y de su papel como nueva Presidenta de la Mancomunidad del Norte."}]},{"@type":"WebSite","@id":"https:\/\/prefecturadeesmeraldas.gob.ec\/#website","url":"https:\/\/prefecturadeesmeraldas.gob.ec\/","name":"Gobierno Aut\u00f3nomo Descentralizado de la Provincia de Esmeraldas","description":"Gobierno Aut\u00f3nomo Descentralizado de la Provincia de Esmeraldas","publisher":{"@id":"https:\/\/prefecturadeesmeraldas.gob.ec\/#organization"},"potentialAction":[{"@type":"SearchAction","target":{"@type":"EntryPoint","urlTemplate":"https:\/\/prefecturadeesmeraldas.gob.ec\/?s={search_term_string}"},"query-input":{"@type":"PropertyValueSpecification","valueRequired":true,"valueName":"search_term_string"}}],"inLanguage":"es"},{"@type":"Organization","@id":"https:\/\/prefecturadeesmeraldas.gob.ec\/#organization","name":"Gobierno Aut\u00f3nomo Descentralizado de la Provincia de Esmeraldas","url":"https:\/\/prefecturadeesmeraldas.gob.ec\/","logo":{"@type":"ImageObject","inLanguage":"es","@id":"https:\/\/prefecturadeesmeraldas.gob.ec\/#\/schema\/logo\/image\/","url":"https:\/\/prefecturadeesmeraldas.gob.ec\/wp-content\/uploads\/2019\/06\/logo.png","contentUrl":"https:\/\/prefecturadeesmeraldas.gob.ec\/wp-content\/uploads\/2019\/06\/logo.png","width":859,"height":448,"caption":"Gobierno Aut\u00f3nomo Descentralizado de la Provincia de Esmeraldas"},"image":{"@id":"https:\/\/prefecturadeesmeraldas.gob.ec\/#\/schema\/logo\/image\/"},"sameAs":["https:\/\/www.facebook.com\/PrefecturaEsmeraldas\/"]},{"@type":"Person","@id":"https:\/\/prefecturadeesmeraldas.gob.ec\/#\/schema\/person\/b0c9e7b1ead7725994d1e319e8825234","name":"Direcci\u00f3n de Comunicaci\u00f3n","image":{"@type":"ImageObject","inLanguage":"es","@id":"https:\/\/prefecturadeesmeraldas.gob.ec\/#\/schema\/person\/image\/","url":"https:\/\/secure.gravatar.com\/avatar\/74a3870a946f5d774ade3569af61a72308e07ad3346f370c4b468ee2a9858658?s=96&d=mm&r=g","contentUrl":"https:\/\/secure.gravatar.com\/avatar\/74a3870a946f5d774ade3569af61a72308e07ad3346f370c4b468ee2a9858658?s=96&d=mm&r=g","caption":"Direcci\u00f3n de Comunicaci\u00f3n"}}]}},"_links":{"self":[{"href":"https:\/\/prefecturadeesmeraldas.gob.ec\/index.php\/wp-json\/wp\/v2\/posts\/12093","targetHints":{"allow":["GET"]}}],"collection":[{"href":"https:\/\/prefecturadeesmeraldas.gob.ec\/index.php\/wp-json\/wp\/v2\/posts"}],"about":[{"href":"https:\/\/prefecturadeesmeraldas.gob.ec\/index.php\/wp-json\/wp\/v2\/types\/post"}],"author":[{"embeddable":true,"href":"https:\/\/prefecturadeesmeraldas.gob.ec\/index.php\/wp-json\/wp\/v2\/users\/2"}],"replies":[{"embeddable":true,"href":"https:\/\/prefecturadeesmeraldas.gob.ec\/index.php\/wp-json\/wp\/v2\/comments?post=12093"}],"version-history":[{"count":0,"href":"https:\/\/prefecturadeesmeraldas.gob.ec\/index.php\/wp-json\/wp\/v2\/posts\/12093\/revisions"}],"wp:featuredmedia":[{"embeddable":true,"href":"https:\/\/prefecturadeesmeraldas.gob.ec\/index.php\/wp-json\/wp\/v2\/media\/12094"}],"wp:attachment":[{"href":"https:\/\/prefecturadeesmeraldas.gob.ec\/index.php\/wp-json\/wp\/v2\/media?parent=12093"}],"wp:term":[{"taxonomy":"category","embeddable":true,"href":"https:\/\/prefecturadeesmeraldas.gob.ec\/index.php\/wp-json\/wp\/v2\/categories?post=12093"},{"taxonomy":"post_tag","embeddable":true,"href":"https:\/\/prefecturadeesmeraldas.gob.ec\/index.php\/wp-json\/wp\/v2\/tags?post=12093"}],"curies":[{"name":"wp","href":"https:\/\/api.w.org\/{rel}","templated":true}]}}