{"id":12084,"date":"2021-08-03T09:43:03","date_gmt":"2021-08-03T14:43:03","guid":{"rendered":"http:\/\/prefecturadeesmeraldas.gob.ec\/?p=12084"},"modified":"2021-08-03T09:45:21","modified_gmt":"2021-08-03T14:45:21","slug":"la-tercera-edicion-del-concurso-de-fotografia-yo-soy-esmeraldas-ya-tiene-finalistas","status":"publish","type":"post","link":"https:\/\/prefecturadeesmeraldas.gob.ec\/index.php\/2021\/08\/03\/la-tercera-edicion-del-concurso-de-fotografia-yo-soy-esmeraldas-ya-tiene-finalistas\/","title":{"rendered":"La tercera edici\u00f3n del concurso de fotograf\u00eda Yo Soy Esmeraldas ya tiene finalistas."},"content":{"rendered":"\t\t<div data-elementor-type=\"wp-post\" data-elementor-id=\"12084\" class=\"elementor elementor-12084\">\n\t\t\t\t\t\t<section class=\"elementor-section elementor-top-section elementor-element elementor-element-29c3c00 elementor-section-boxed elementor-section-height-default elementor-section-height-default\" data-id=\"29c3c00\" data-element_type=\"section\">\n\t\t\t\t\t\t<div class=\"elementor-container elementor-column-gap-default\">\n\t\t\t\t\t<div class=\"elementor-column elementor-col-100 elementor-top-column elementor-element elementor-element-ccedffb\" data-id=\"ccedffb\" data-element_type=\"column\">\n\t\t\t<div class=\"elementor-widget-wrap elementor-element-populated\">\n\t\t\t\t\t\t<div class=\"elementor-element elementor-element-8f3094d elementor-widget elementor-widget-image\" data-id=\"8f3094d\" data-element_type=\"widget\" data-widget_type=\"image.default\">\n\t\t\t\t<div class=\"elementor-widget-container\">\n\t\t\t\t\t\t\t\t\t\t\t\t\t\t\t<img fetchpriority=\"high\" decoding=\"async\" width=\"1024\" height=\"1024\" src=\"https:\/\/prefecturadeesmeraldas.gob.ec\/wp-content\/uploads\/2021\/08\/WhatsApp-Image-2021-07-30-at-13.09.51-1024x1024.jpeg\" class=\"attachment-large size-large wp-image-12085\" alt=\"\" srcset=\"https:\/\/prefecturadeesmeraldas.gob.ec\/wp-content\/uploads\/2021\/08\/WhatsApp-Image-2021-07-30-at-13.09.51-1024x1024.jpeg 1024w, https:\/\/prefecturadeesmeraldas.gob.ec\/wp-content\/uploads\/2021\/08\/WhatsApp-Image-2021-07-30-at-13.09.51-240x240.jpeg 240w, https:\/\/prefecturadeesmeraldas.gob.ec\/wp-content\/uploads\/2021\/08\/WhatsApp-Image-2021-07-30-at-13.09.51-1080x1080.jpeg 1080w, https:\/\/prefecturadeesmeraldas.gob.ec\/wp-content\/uploads\/2021\/08\/WhatsApp-Image-2021-07-30-at-13.09.51-150x150.jpeg 150w, https:\/\/prefecturadeesmeraldas.gob.ec\/wp-content\/uploads\/2021\/08\/WhatsApp-Image-2021-07-30-at-13.09.51-300x300.jpeg 300w, https:\/\/prefecturadeesmeraldas.gob.ec\/wp-content\/uploads\/2021\/08\/WhatsApp-Image-2021-07-30-at-13.09.51-768x768.jpeg 768w, https:\/\/prefecturadeesmeraldas.gob.ec\/wp-content\/uploads\/2021\/08\/WhatsApp-Image-2021-07-30-at-13.09.51.jpeg 1280w\" sizes=\"(max-width: 1024px) 100vw, 1024px\" \/>\t\t\t\t\t\t\t\t\t\t\t\t\t\t\t<\/div>\n\t\t\t\t<\/div>\n\t\t\t\t\t<\/div>\n\t\t<\/div>\n\t\t\t\t\t<\/div>\n\t\t<\/section>\n\t\t\t\t<section class=\"elementor-section elementor-top-section elementor-element elementor-element-c17d241 elementor-section-boxed elementor-section-height-default elementor-section-height-default\" data-id=\"c17d241\" data-element_type=\"section\">\n\t\t\t\t\t\t<div class=\"elementor-container elementor-column-gap-default\">\n\t\t\t\t\t<div class=\"elementor-column elementor-col-100 elementor-top-column elementor-element elementor-element-056e709\" data-id=\"056e709\" data-element_type=\"column\">\n\t\t\t<div class=\"elementor-widget-wrap elementor-element-populated\">\n\t\t\t\t\t\t<div class=\"elementor-element elementor-element-9a5df5e elementor-widget elementor-widget-text-editor\" data-id=\"9a5df5e\" data-element_type=\"widget\" data-widget_type=\"text-editor.default\">\n\t\t\t\t<div class=\"elementor-widget-container\">\n\t\t\t\t\t\t\t\t\t<p>Un arduo trabajo tuvo el jurado calificador, que el pasado viernes 30 de julio, se reuni\u00f3 para seleccionar a las 10 mejores fotograf\u00edas de entre cientos de participantes que se unieron por tercer a\u00f1o consecutivo a la iniciativa de la Direcci\u00f3n de Comunicaci\u00f3n de la Prefectura de Esmeraldas, de organizar un concurso donde se resalte la belleza de nuestra tierra, su cultura, gastronom\u00eda y arte.<\/p><p>Los reconocidos profesionales Julia Albuja, Carol Rincones, Cristhian L\u00f3pez y Marco Polo, fueron los encargados de apreciar y calificar el talento de los participantes que enviaron sus fotograf\u00edas v\u00eda email, y, pese a que casi todas las fotos ten\u00edan excelentes enfoques, las reglas determinaban que solamente 10 ser\u00edan seleccionadas para participar de la final.<\/p><p>Es as\u00ed como las fotograf\u00edas de los participantes Katherin Nohem\u00ed Aguas Guerrero, Joel Bonce, Juan Jos\u00e9 Briones Trivi\u00f1o, Isaac Cort\u00e9s, Hugo Leonel Le\u00f3n Santill\u00e1n, Diana Loaiza, Felipe Fernando Lucas Esmeraldas, C\u00e9sar Augusto Rojas Calero, Simone Morales Ortiz, Leslie Anthonella Mu\u00f1oz Garc\u00eda, fueron las seleccionadas.<\/p><p>Las fotos se encuentran publicadas en la cuenta de Facebook de la Prefectura de Esmeraldas y ganar\u00e1 la que m\u00e1s like o me gusta consiga hasta la noche del 4 de agosto. El concurso cuenta con el auspicio de Corporaci\u00f3n Favorita y habr\u00e1 3 ganadores.<\/p>\t\t\t\t\t\t\t\t<\/div>\n\t\t\t\t<\/div>\n\t\t\t\t\t<\/div>\n\t\t<\/div>\n\t\t\t\t\t<\/div>\n\t\t<\/section>\n\t\t\t\t<\/div>\n\t\t","protected":false},"excerpt":{"rendered":"<p>Un arduo trabajo tuvo el jurado calificador, que el pasado viernes 30 de julio, se reuni\u00f3 para seleccionar a las 10 mejores fotograf\u00edas de entre cientos de participantes que se unieron por tercer a\u00f1o consecutivo a la iniciativa de la Direcci\u00f3n de Comunicaci\u00f3n de la Prefectura de Esmeraldas, de organizar un concurso donde se resalte [&hellip;]<\/p>\n","protected":false},"author":2,"featured_media":12085,"comment_status":"closed","ping_status":"open","sticky":false,"template":"","format":"standard","meta":{"footnotes":""},"categories":[25],"tags":[],"class_list":["post-12084","post","type-post","status-publish","format-standard","has-post-thumbnail","hentry","category-comunicacion-social"],"yoast_head":"<!-- This site is optimized with the Yoast SEO plugin v25.7 - https:\/\/yoast.com\/wordpress\/plugins\/seo\/ -->\n<title>La tercera edici\u00f3n del concurso de fotograf\u00eda Yo Soy Esmeraldas ya tiene finalistas. - Gobierno Aut\u00f3nomo Descentralizado de la Provincia de Esmeraldas<\/title>\n<meta name=\"robots\" content=\"index, follow, max-snippet:-1, max-image-preview:large, max-video-preview:-1\" \/>\n<link rel=\"canonical\" href=\"https:\/\/prefecturadeesmeraldas.gob.ec\/index.php\/2021\/08\/03\/la-tercera-edicion-del-concurso-de-fotografia-yo-soy-esmeraldas-ya-tiene-finalistas\/\" \/>\n<meta property=\"og:locale\" content=\"es_ES\" \/>\n<meta property=\"og:type\" content=\"article\" \/>\n<meta property=\"og:title\" content=\"La tercera edici\u00f3n del concurso de fotograf\u00eda Yo Soy Esmeraldas ya tiene finalistas. - Gobierno Aut\u00f3nomo Descentralizado de la Provincia de Esmeraldas\" \/>\n<meta property=\"og:description\" content=\"Un arduo trabajo tuvo el jurado calificador, que el pasado viernes 30 de julio, se reuni\u00f3 para seleccionar a las 10 mejores fotograf\u00edas de entre cientos de participantes que se unieron por tercer a\u00f1o consecutivo a la iniciativa de la Direcci\u00f3n de Comunicaci\u00f3n de la Prefectura de Esmeraldas, de organizar un concurso donde se resalte [&hellip;]\" \/>\n<meta property=\"og:url\" content=\"https:\/\/prefecturadeesmeraldas.gob.ec\/index.php\/2021\/08\/03\/la-tercera-edicion-del-concurso-de-fotografia-yo-soy-esmeraldas-ya-tiene-finalistas\/\" \/>\n<meta property=\"og:site_name\" content=\"Gobierno Aut\u00f3nomo Descentralizado de la Provincia de Esmeraldas\" \/>\n<meta property=\"article:publisher\" content=\"https:\/\/www.facebook.com\/PrefecturaEsmeraldas\/\" \/>\n<meta property=\"article:published_time\" content=\"2021-08-03T14:43:03+00:00\" \/>\n<meta property=\"article:modified_time\" content=\"2021-08-03T14:45:21+00:00\" \/>\n<meta property=\"og:image\" content=\"https:\/\/prefecturadeesmeraldas.gob.ec\/wp-content\/uploads\/2021\/08\/WhatsApp-Image-2021-07-30-at-13.09.51.jpeg\" \/>\n\t<meta property=\"og:image:width\" content=\"1280\" \/>\n\t<meta property=\"og:image:height\" content=\"1280\" \/>\n\t<meta property=\"og:image:type\" content=\"image\/jpeg\" \/>\n<meta name=\"author\" content=\"Direcci\u00f3n de Comunicaci\u00f3n\" \/>\n<meta name=\"twitter:card\" content=\"summary_large_image\" \/>\n<meta name=\"twitter:label1\" content=\"Escrito por\" \/>\n\t<meta name=\"twitter:data1\" content=\"Direcci\u00f3n de Comunicaci\u00f3n\" \/>\n\t<meta name=\"twitter:label2\" content=\"Tiempo de lectura\" \/>\n\t<meta name=\"twitter:data2\" content=\"1 minuto\" \/>\n<script type=\"application\/ld+json\" class=\"yoast-schema-graph\">{\"@context\":\"https:\/\/schema.org\",\"@graph\":[{\"@type\":\"Article\",\"@id\":\"https:\/\/prefecturadeesmeraldas.gob.ec\/index.php\/2021\/08\/03\/la-tercera-edicion-del-concurso-de-fotografia-yo-soy-esmeraldas-ya-tiene-finalistas\/#article\",\"isPartOf\":{\"@id\":\"https:\/\/prefecturadeesmeraldas.gob.ec\/index.php\/2021\/08\/03\/la-tercera-edicion-del-concurso-de-fotografia-yo-soy-esmeraldas-ya-tiene-finalistas\/\"},\"author\":{\"name\":\"Direcci\u00f3n de Comunicaci\u00f3n\",\"@id\":\"https:\/\/prefecturadeesmeraldas.gob.ec\/#\/schema\/person\/b0c9e7b1ead7725994d1e319e8825234\"},\"headline\":\"La tercera edici\u00f3n del concurso de fotograf\u00eda Yo Soy Esmeraldas ya tiene finalistas.\",\"datePublished\":\"2021-08-03T14:43:03+00:00\",\"dateModified\":\"2021-08-03T14:45:21+00:00\",\"mainEntityOfPage\":{\"@id\":\"https:\/\/prefecturadeesmeraldas.gob.ec\/index.php\/2021\/08\/03\/la-tercera-edicion-del-concurso-de-fotografia-yo-soy-esmeraldas-ya-tiene-finalistas\/\"},\"wordCount\":238,\"publisher\":{\"@id\":\"https:\/\/prefecturadeesmeraldas.gob.ec\/#organization\"},\"image\":{\"@id\":\"https:\/\/prefecturadeesmeraldas.gob.ec\/index.php\/2021\/08\/03\/la-tercera-edicion-del-concurso-de-fotografia-yo-soy-esmeraldas-ya-tiene-finalistas\/#primaryimage\"},\"thumbnailUrl\":\"https:\/\/prefecturadeesmeraldas.gob.ec\/wp-content\/uploads\/2021\/08\/WhatsApp-Image-2021-07-30-at-13.09.51.jpeg\",\"articleSection\":[\"Comunicaci\u00f3n Social\"],\"inLanguage\":\"es\"},{\"@type\":\"WebPage\",\"@id\":\"https:\/\/prefecturadeesmeraldas.gob.ec\/index.php\/2021\/08\/03\/la-tercera-edicion-del-concurso-de-fotografia-yo-soy-esmeraldas-ya-tiene-finalistas\/\",\"url\":\"https:\/\/prefecturadeesmeraldas.gob.ec\/index.php\/2021\/08\/03\/la-tercera-edicion-del-concurso-de-fotografia-yo-soy-esmeraldas-ya-tiene-finalistas\/\",\"name\":\"La tercera edici\u00f3n del concurso de fotograf\u00eda Yo Soy Esmeraldas ya tiene finalistas. - Gobierno Aut\u00f3nomo Descentralizado de la Provincia de Esmeraldas\",\"isPartOf\":{\"@id\":\"https:\/\/prefecturadeesmeraldas.gob.ec\/#website\"},\"primaryImageOfPage\":{\"@id\":\"https:\/\/prefecturadeesmeraldas.gob.ec\/index.php\/2021\/08\/03\/la-tercera-edicion-del-concurso-de-fotografia-yo-soy-esmeraldas-ya-tiene-finalistas\/#primaryimage\"},\"image\":{\"@id\":\"https:\/\/prefecturadeesmeraldas.gob.ec\/index.php\/2021\/08\/03\/la-tercera-edicion-del-concurso-de-fotografia-yo-soy-esmeraldas-ya-tiene-finalistas\/#primaryimage\"},\"thumbnailUrl\":\"https:\/\/prefecturadeesmeraldas.gob.ec\/wp-content\/uploads\/2021\/08\/WhatsApp-Image-2021-07-30-at-13.09.51.jpeg\",\"datePublished\":\"2021-08-03T14:43:03+00:00\",\"dateModified\":\"2021-08-03T14:45:21+00:00\",\"breadcrumb\":{\"@id\":\"https:\/\/prefecturadeesmeraldas.gob.ec\/index.php\/2021\/08\/03\/la-tercera-edicion-del-concurso-de-fotografia-yo-soy-esmeraldas-ya-tiene-finalistas\/#breadcrumb\"},\"inLanguage\":\"es\",\"potentialAction\":[{\"@type\":\"ReadAction\",\"target\":[\"https:\/\/prefecturadeesmeraldas.gob.ec\/index.php\/2021\/08\/03\/la-tercera-edicion-del-concurso-de-fotografia-yo-soy-esmeraldas-ya-tiene-finalistas\/\"]}]},{\"@type\":\"ImageObject\",\"inLanguage\":\"es\",\"@id\":\"https:\/\/prefecturadeesmeraldas.gob.ec\/index.php\/2021\/08\/03\/la-tercera-edicion-del-concurso-de-fotografia-yo-soy-esmeraldas-ya-tiene-finalistas\/#primaryimage\",\"url\":\"https:\/\/prefecturadeesmeraldas.gob.ec\/wp-content\/uploads\/2021\/08\/WhatsApp-Image-2021-07-30-at-13.09.51.jpeg\",\"contentUrl\":\"https:\/\/prefecturadeesmeraldas.gob.ec\/wp-content\/uploads\/2021\/08\/WhatsApp-Image-2021-07-30-at-13.09.51.jpeg\",\"width\":1280,\"height\":1280},{\"@type\":\"BreadcrumbList\",\"@id\":\"https:\/\/prefecturadeesmeraldas.gob.ec\/index.php\/2021\/08\/03\/la-tercera-edicion-del-concurso-de-fotografia-yo-soy-esmeraldas-ya-tiene-finalistas\/#breadcrumb\",\"itemListElement\":[{\"@type\":\"ListItem\",\"position\":1,\"name\":\"Home\",\"item\":\"https:\/\/prefecturadeesmeraldas.gob.ec\/\"},{\"@type\":\"ListItem\",\"position\":2,\"name\":\"La tercera edici\u00f3n del concurso de fotograf\u00eda Yo Soy Esmeraldas ya tiene finalistas.\"}]},{\"@type\":\"WebSite\",\"@id\":\"https:\/\/prefecturadeesmeraldas.gob.ec\/#website\",\"url\":\"https:\/\/prefecturadeesmeraldas.gob.ec\/\",\"name\":\"Gobierno Aut\u00f3nomo Descentralizado de la Provincia de Esmeraldas\",\"description\":\"Gobierno Aut\u00f3nomo Descentralizado de la Provincia de Esmeraldas\",\"publisher\":{\"@id\":\"https:\/\/prefecturadeesmeraldas.gob.ec\/#organization\"},\"potentialAction\":[{\"@type\":\"SearchAction\",\"target\":{\"@type\":\"EntryPoint\",\"urlTemplate\":\"https:\/\/prefecturadeesmeraldas.gob.ec\/?s={search_term_string}\"},\"query-input\":{\"@type\":\"PropertyValueSpecification\",\"valueRequired\":true,\"valueName\":\"search_term_string\"}}],\"inLanguage\":\"es\"},{\"@type\":\"Organization\",\"@id\":\"https:\/\/prefecturadeesmeraldas.gob.ec\/#organization\",\"name\":\"Gobierno Aut\u00f3nomo Descentralizado de la Provincia de Esmeraldas\",\"url\":\"https:\/\/prefecturadeesmeraldas.gob.ec\/\",\"logo\":{\"@type\":\"ImageObject\",\"inLanguage\":\"es\",\"@id\":\"https:\/\/prefecturadeesmeraldas.gob.ec\/#\/schema\/logo\/image\/\",\"url\":\"https:\/\/prefecturadeesmeraldas.gob.ec\/wp-content\/uploads\/2019\/06\/logo.png\",\"contentUrl\":\"https:\/\/prefecturadeesmeraldas.gob.ec\/wp-content\/uploads\/2019\/06\/logo.png\",\"width\":859,\"height\":448,\"caption\":\"Gobierno Aut\u00f3nomo Descentralizado de la Provincia de Esmeraldas\"},\"image\":{\"@id\":\"https:\/\/prefecturadeesmeraldas.gob.ec\/#\/schema\/logo\/image\/\"},\"sameAs\":[\"https:\/\/www.facebook.com\/PrefecturaEsmeraldas\/\"]},{\"@type\":\"Person\",\"@id\":\"https:\/\/prefecturadeesmeraldas.gob.ec\/#\/schema\/person\/b0c9e7b1ead7725994d1e319e8825234\",\"name\":\"Direcci\u00f3n de Comunicaci\u00f3n\",\"image\":{\"@type\":\"ImageObject\",\"inLanguage\":\"es\",\"@id\":\"https:\/\/prefecturadeesmeraldas.gob.ec\/#\/schema\/person\/image\/\",\"url\":\"https:\/\/secure.gravatar.com\/avatar\/74a3870a946f5d774ade3569af61a72308e07ad3346f370c4b468ee2a9858658?s=96&d=mm&r=g\",\"contentUrl\":\"https:\/\/secure.gravatar.com\/avatar\/74a3870a946f5d774ade3569af61a72308e07ad3346f370c4b468ee2a9858658?s=96&d=mm&r=g\",\"caption\":\"Direcci\u00f3n de Comunicaci\u00f3n\"}}]}<\/script>\n<!-- \/ Yoast SEO plugin. -->","yoast_head_json":{"title":"La tercera edici\u00f3n del concurso de fotograf\u00eda Yo Soy Esmeraldas ya tiene finalistas. - Gobierno Aut\u00f3nomo Descentralizado de la Provincia de Esmeraldas","robots":{"index":"index","follow":"follow","max-snippet":"max-snippet:-1","max-image-preview":"max-image-preview:large","max-video-preview":"max-video-preview:-1"},"canonical":"https:\/\/prefecturadeesmeraldas.gob.ec\/index.php\/2021\/08\/03\/la-tercera-edicion-del-concurso-de-fotografia-yo-soy-esmeraldas-ya-tiene-finalistas\/","og_locale":"es_ES","og_type":"article","og_title":"La tercera edici\u00f3n del concurso de fotograf\u00eda Yo Soy Esmeraldas ya tiene finalistas. - Gobierno Aut\u00f3nomo Descentralizado de la Provincia de Esmeraldas","og_description":"Un arduo trabajo tuvo el jurado calificador, que el pasado viernes 30 de julio, se reuni\u00f3 para seleccionar a las 10 mejores fotograf\u00edas de entre cientos de participantes que se unieron por tercer a\u00f1o consecutivo a la iniciativa de la Direcci\u00f3n de Comunicaci\u00f3n de la Prefectura de Esmeraldas, de organizar un concurso donde se resalte [&hellip;]","og_url":"https:\/\/prefecturadeesmeraldas.gob.ec\/index.php\/2021\/08\/03\/la-tercera-edicion-del-concurso-de-fotografia-yo-soy-esmeraldas-ya-tiene-finalistas\/","og_site_name":"Gobierno Aut\u00f3nomo Descentralizado de la Provincia de Esmeraldas","article_publisher":"https:\/\/www.facebook.com\/PrefecturaEsmeraldas\/","article_published_time":"2021-08-03T14:43:03+00:00","article_modified_time":"2021-08-03T14:45:21+00:00","og_image":[{"width":1280,"height":1280,"url":"https:\/\/prefecturadeesmeraldas.gob.ec\/wp-content\/uploads\/2021\/08\/WhatsApp-Image-2021-07-30-at-13.09.51.jpeg","type":"image\/jpeg"}],"author":"Direcci\u00f3n de Comunicaci\u00f3n","twitter_card":"summary_large_image","twitter_misc":{"Escrito por":"Direcci\u00f3n de Comunicaci\u00f3n","Tiempo de lectura":"1 minuto"},"schema":{"@context":"https:\/\/schema.org","@graph":[{"@type":"Article","@id":"https:\/\/prefecturadeesmeraldas.gob.ec\/index.php\/2021\/08\/03\/la-tercera-edicion-del-concurso-de-fotografia-yo-soy-esmeraldas-ya-tiene-finalistas\/#article","isPartOf":{"@id":"https:\/\/prefecturadeesmeraldas.gob.ec\/index.php\/2021\/08\/03\/la-tercera-edicion-del-concurso-de-fotografia-yo-soy-esmeraldas-ya-tiene-finalistas\/"},"author":{"name":"Direcci\u00f3n de Comunicaci\u00f3n","@id":"https:\/\/prefecturadeesmeraldas.gob.ec\/#\/schema\/person\/b0c9e7b1ead7725994d1e319e8825234"},"headline":"La tercera edici\u00f3n del concurso de fotograf\u00eda Yo Soy Esmeraldas ya tiene finalistas.","datePublished":"2021-08-03T14:43:03+00:00","dateModified":"2021-08-03T14:45:21+00:00","mainEntityOfPage":{"@id":"https:\/\/prefecturadeesmeraldas.gob.ec\/index.php\/2021\/08\/03\/la-tercera-edicion-del-concurso-de-fotografia-yo-soy-esmeraldas-ya-tiene-finalistas\/"},"wordCount":238,"publisher":{"@id":"https:\/\/prefecturadeesmeraldas.gob.ec\/#organization"},"image":{"@id":"https:\/\/prefecturadeesmeraldas.gob.ec\/index.php\/2021\/08\/03\/la-tercera-edicion-del-concurso-de-fotografia-yo-soy-esmeraldas-ya-tiene-finalistas\/#primaryimage"},"thumbnailUrl":"https:\/\/prefecturadeesmeraldas.gob.ec\/wp-content\/uploads\/2021\/08\/WhatsApp-Image-2021-07-30-at-13.09.51.jpeg","articleSection":["Comunicaci\u00f3n Social"],"inLanguage":"es"},{"@type":"WebPage","@id":"https:\/\/prefecturadeesmeraldas.gob.ec\/index.php\/2021\/08\/03\/la-tercera-edicion-del-concurso-de-fotografia-yo-soy-esmeraldas-ya-tiene-finalistas\/","url":"https:\/\/prefecturadeesmeraldas.gob.ec\/index.php\/2021\/08\/03\/la-tercera-edicion-del-concurso-de-fotografia-yo-soy-esmeraldas-ya-tiene-finalistas\/","name":"La tercera edici\u00f3n del concurso de fotograf\u00eda Yo Soy Esmeraldas ya tiene finalistas. - Gobierno Aut\u00f3nomo Descentralizado de la Provincia de Esmeraldas","isPartOf":{"@id":"https:\/\/prefecturadeesmeraldas.gob.ec\/#website"},"primaryImageOfPage":{"@id":"https:\/\/prefecturadeesmeraldas.gob.ec\/index.php\/2021\/08\/03\/la-tercera-edicion-del-concurso-de-fotografia-yo-soy-esmeraldas-ya-tiene-finalistas\/#primaryimage"},"image":{"@id":"https:\/\/prefecturadeesmeraldas.gob.ec\/index.php\/2021\/08\/03\/la-tercera-edicion-del-concurso-de-fotografia-yo-soy-esmeraldas-ya-tiene-finalistas\/#primaryimage"},"thumbnailUrl":"https:\/\/prefecturadeesmeraldas.gob.ec\/wp-content\/uploads\/2021\/08\/WhatsApp-Image-2021-07-30-at-13.09.51.jpeg","datePublished":"2021-08-03T14:43:03+00:00","dateModified":"2021-08-03T14:45:21+00:00","breadcrumb":{"@id":"https:\/\/prefecturadeesmeraldas.gob.ec\/index.php\/2021\/08\/03\/la-tercera-edicion-del-concurso-de-fotografia-yo-soy-esmeraldas-ya-tiene-finalistas\/#breadcrumb"},"inLanguage":"es","potentialAction":[{"@type":"ReadAction","target":["https:\/\/prefecturadeesmeraldas.gob.ec\/index.php\/2021\/08\/03\/la-tercera-edicion-del-concurso-de-fotografia-yo-soy-esmeraldas-ya-tiene-finalistas\/"]}]},{"@type":"ImageObject","inLanguage":"es","@id":"https:\/\/prefecturadeesmeraldas.gob.ec\/index.php\/2021\/08\/03\/la-tercera-edicion-del-concurso-de-fotografia-yo-soy-esmeraldas-ya-tiene-finalistas\/#primaryimage","url":"https:\/\/prefecturadeesmeraldas.gob.ec\/wp-content\/uploads\/2021\/08\/WhatsApp-Image-2021-07-30-at-13.09.51.jpeg","contentUrl":"https:\/\/prefecturadeesmeraldas.gob.ec\/wp-content\/uploads\/2021\/08\/WhatsApp-Image-2021-07-30-at-13.09.51.jpeg","width":1280,"height":1280},{"@type":"BreadcrumbList","@id":"https:\/\/prefecturadeesmeraldas.gob.ec\/index.php\/2021\/08\/03\/la-tercera-edicion-del-concurso-de-fotografia-yo-soy-esmeraldas-ya-tiene-finalistas\/#breadcrumb","itemListElement":[{"@type":"ListItem","position":1,"name":"Home","item":"https:\/\/prefecturadeesmeraldas.gob.ec\/"},{"@type":"ListItem","position":2,"name":"La tercera edici\u00f3n del concurso de fotograf\u00eda Yo Soy Esmeraldas ya tiene finalistas."}]},{"@type":"WebSite","@id":"https:\/\/prefecturadeesmeraldas.gob.ec\/#website","url":"https:\/\/prefecturadeesmeraldas.gob.ec\/","name":"Gobierno Aut\u00f3nomo Descentralizado de la Provincia de Esmeraldas","description":"Gobierno Aut\u00f3nomo Descentralizado de la Provincia de Esmeraldas","publisher":{"@id":"https:\/\/prefecturadeesmeraldas.gob.ec\/#organization"},"potentialAction":[{"@type":"SearchAction","target":{"@type":"EntryPoint","urlTemplate":"https:\/\/prefecturadeesmeraldas.gob.ec\/?s={search_term_string}"},"query-input":{"@type":"PropertyValueSpecification","valueRequired":true,"valueName":"search_term_string"}}],"inLanguage":"es"},{"@type":"Organization","@id":"https:\/\/prefecturadeesmeraldas.gob.ec\/#organization","name":"Gobierno Aut\u00f3nomo Descentralizado de la Provincia de Esmeraldas","url":"https:\/\/prefecturadeesmeraldas.gob.ec\/","logo":{"@type":"ImageObject","inLanguage":"es","@id":"https:\/\/prefecturadeesmeraldas.gob.ec\/#\/schema\/logo\/image\/","url":"https:\/\/prefecturadeesmeraldas.gob.ec\/wp-content\/uploads\/2019\/06\/logo.png","contentUrl":"https:\/\/prefecturadeesmeraldas.gob.ec\/wp-content\/uploads\/2019\/06\/logo.png","width":859,"height":448,"caption":"Gobierno Aut\u00f3nomo Descentralizado de la Provincia de Esmeraldas"},"image":{"@id":"https:\/\/prefecturadeesmeraldas.gob.ec\/#\/schema\/logo\/image\/"},"sameAs":["https:\/\/www.facebook.com\/PrefecturaEsmeraldas\/"]},{"@type":"Person","@id":"https:\/\/prefecturadeesmeraldas.gob.ec\/#\/schema\/person\/b0c9e7b1ead7725994d1e319e8825234","name":"Direcci\u00f3n de Comunicaci\u00f3n","image":{"@type":"ImageObject","inLanguage":"es","@id":"https:\/\/prefecturadeesmeraldas.gob.ec\/#\/schema\/person\/image\/","url":"https:\/\/secure.gravatar.com\/avatar\/74a3870a946f5d774ade3569af61a72308e07ad3346f370c4b468ee2a9858658?s=96&d=mm&r=g","contentUrl":"https:\/\/secure.gravatar.com\/avatar\/74a3870a946f5d774ade3569af61a72308e07ad3346f370c4b468ee2a9858658?s=96&d=mm&r=g","caption":"Direcci\u00f3n de Comunicaci\u00f3n"}}]}},"_links":{"self":[{"href":"https:\/\/prefecturadeesmeraldas.gob.ec\/index.php\/wp-json\/wp\/v2\/posts\/12084","targetHints":{"allow":["GET"]}}],"collection":[{"href":"https:\/\/prefecturadeesmeraldas.gob.ec\/index.php\/wp-json\/wp\/v2\/posts"}],"about":[{"href":"https:\/\/prefecturadeesmeraldas.gob.ec\/index.php\/wp-json\/wp\/v2\/types\/post"}],"author":[{"embeddable":true,"href":"https:\/\/prefecturadeesmeraldas.gob.ec\/index.php\/wp-json\/wp\/v2\/users\/2"}],"replies":[{"embeddable":true,"href":"https:\/\/prefecturadeesmeraldas.gob.ec\/index.php\/wp-json\/wp\/v2\/comments?post=12084"}],"version-history":[{"count":0,"href":"https:\/\/prefecturadeesmeraldas.gob.ec\/index.php\/wp-json\/wp\/v2\/posts\/12084\/revisions"}],"wp:featuredmedia":[{"embeddable":true,"href":"https:\/\/prefecturadeesmeraldas.gob.ec\/index.php\/wp-json\/wp\/v2\/media\/12085"}],"wp:attachment":[{"href":"https:\/\/prefecturadeesmeraldas.gob.ec\/index.php\/wp-json\/wp\/v2\/media?parent=12084"}],"wp:term":[{"taxonomy":"category","embeddable":true,"href":"https:\/\/prefecturadeesmeraldas.gob.ec\/index.php\/wp-json\/wp\/v2\/categories?post=12084"},{"taxonomy":"post_tag","embeddable":true,"href":"https:\/\/prefecturadeesmeraldas.gob.ec\/index.php\/wp-json\/wp\/v2\/tags?post=12084"}],"curies":[{"name":"wp","href":"https:\/\/api.w.org\/{rel}","templated":true}]}}