{"id":12080,"date":"2021-08-03T09:36:36","date_gmt":"2021-08-03T14:36:36","guid":{"rendered":"http:\/\/prefecturadeesmeraldas.gob.ec\/?p=12080"},"modified":"2021-08-03T09:37:13","modified_gmt":"2021-08-03T14:37:13","slug":"avanza-el-mejoramiento-de-la-via-brazo-largo-herrera-tramo-1-impulsado-por-la-prefectura-de-esmeraldas","status":"publish","type":"post","link":"https:\/\/prefecturadeesmeraldas.gob.ec\/index.php\/2021\/08\/03\/avanza-el-mejoramiento-de-la-via-brazo-largo-herrera-tramo-1-impulsado-por-la-prefectura-de-esmeraldas\/","title":{"rendered":"Avanza el mejoramiento de la v\u00eda Brazo Largo &#8211; Herrera Tramo 1, impulsado por la Prefectura de Esmeraldas."},"content":{"rendered":"\t\t<div data-elementor-type=\"wp-post\" data-elementor-id=\"12080\" class=\"elementor elementor-12080\">\n\t\t\t\t\t\t<section class=\"elementor-section elementor-top-section elementor-element elementor-element-b505147 elementor-section-boxed elementor-section-height-default elementor-section-height-default\" data-id=\"b505147\" data-element_type=\"section\">\n\t\t\t\t\t\t<div class=\"elementor-container elementor-column-gap-default\">\n\t\t\t\t\t<div class=\"elementor-column elementor-col-100 elementor-top-column elementor-element elementor-element-602e487\" data-id=\"602e487\" data-element_type=\"column\">\n\t\t\t<div class=\"elementor-widget-wrap elementor-element-populated\">\n\t\t\t\t\t\t<div class=\"elementor-element elementor-element-965b068 elementor-widget elementor-widget-image\" data-id=\"965b068\" data-element_type=\"widget\" data-widget_type=\"image.default\">\n\t\t\t\t<div class=\"elementor-widget-container\">\n\t\t\t\t\t\t\t\t\t\t\t\t\t\t\t<img fetchpriority=\"high\" decoding=\"async\" width=\"427\" height=\"427\" src=\"https:\/\/prefecturadeesmeraldas.gob.ec\/wp-content\/uploads\/2021\/08\/Imagen5.jpg\" class=\"attachment-large size-large wp-image-12081\" alt=\"\" srcset=\"https:\/\/prefecturadeesmeraldas.gob.ec\/wp-content\/uploads\/2021\/08\/Imagen5.jpg 427w, https:\/\/prefecturadeesmeraldas.gob.ec\/wp-content\/uploads\/2021\/08\/Imagen5-240x240.jpg 240w, https:\/\/prefecturadeesmeraldas.gob.ec\/wp-content\/uploads\/2021\/08\/Imagen5-150x150.jpg 150w, https:\/\/prefecturadeesmeraldas.gob.ec\/wp-content\/uploads\/2021\/08\/Imagen5-300x300.jpg 300w\" sizes=\"(max-width: 427px) 100vw, 427px\" \/>\t\t\t\t\t\t\t\t\t\t\t\t\t\t\t<\/div>\n\t\t\t\t<\/div>\n\t\t\t\t\t<\/div>\n\t\t<\/div>\n\t\t\t\t\t<\/div>\n\t\t<\/section>\n\t\t\t\t<section class=\"elementor-section elementor-top-section elementor-element elementor-element-897cdf8 elementor-section-boxed elementor-section-height-default elementor-section-height-default\" data-id=\"897cdf8\" data-element_type=\"section\">\n\t\t\t\t\t\t<div class=\"elementor-container elementor-column-gap-default\">\n\t\t\t\t\t<div class=\"elementor-column elementor-col-100 elementor-top-column elementor-element elementor-element-84a461b\" data-id=\"84a461b\" data-element_type=\"column\">\n\t\t\t<div class=\"elementor-widget-wrap elementor-element-populated\">\n\t\t\t\t\t\t<div class=\"elementor-element elementor-element-092532c elementor-widget elementor-widget-text-editor\" data-id=\"092532c\" data-element_type=\"widget\" data-widget_type=\"text-editor.default\">\n\t\t\t\t<div class=\"elementor-widget-container\">\n\t\t\t\t\t\t\t\t\t<p>Con el tendido del material p\u00e9treo que conformar\u00e1 la estructura del suelo a nivel de subbase, avanza el proyecto de mejoramiento impulsado por la Prefectura de Esmeradas sobre la v\u00eda Brazo Largo \u2013 Nueva Esperanza tramo 1, situada en las inmediaciones de las parroquias Roza Z\u00e1rate y Cube del cant\u00f3n Quinind\u00e9. A la fecha, el tramo de 7,6 kil\u00f3metros intervenido presenta un avance aproximado al 5%, en el que, gracias a los procesos de ampliaci\u00f3n y rehabilitaci\u00f3n, se transita con mayor facilidad.<\/p><p><strong>John Hidalgo<\/strong>, ingeniero civil residente del proyecto, explic\u00f3 que, respecto a los trabajos de mejoramiento de la estructura del suelo a nivel de subbase, se ha logrado avanzar con 2.5 kil\u00f3metros, cumpliendo el tiempo y las metas establecidas dentro del contrato.<\/p><p>El tr\u00e1nsito vehicular, que fluye diariamente sobre la v\u00eda intervenida, est\u00e1 siendo controlado, una acci\u00f3n que, sumado al proceso de mejoramiento llevado a cabo bajo la administraci\u00f3n de Roberta y Diego Zambrano, genera gran satisfacci\u00f3n a los conductores, entre ellos, <strong>Edwin Verdesoto<\/strong>.<\/p><p>Para <strong>Jos\u00e9 Briones<\/strong>, agricultor y habitante de la zona, los trabajos recibidos con satisfacci\u00f3n representan un cambio de las dif\u00edciles condiciones en que como productores deb\u00edan transportarse.<\/p><p>Mientras que, <strong>Jean Carlo Sun\u00edn<\/strong>, motociclista, dijo sentir admiraci\u00f3n al ser testigo del cambio positivo de la v\u00eda, tras conocerla en muy mal estado a\u00f1os atr\u00e1s.<\/p><p>Para este proyecto, la Prefectura de Esmeraldas invierte 1 mill\u00f3n, 843 mil 703 d\u00f3lares con 92 centavos, a trav\u00e9s de un cr\u00e9dito efectuado con el Banco de Desarrollo del Ecuador BP.<\/p>\t\t\t\t\t\t\t\t<\/div>\n\t\t\t\t<\/div>\n\t\t\t\t\t<\/div>\n\t\t<\/div>\n\t\t\t\t\t<\/div>\n\t\t<\/section>\n\t\t\t\t<\/div>\n\t\t","protected":false},"excerpt":{"rendered":"<p>Con el tendido del material p\u00e9treo que conformar\u00e1 la estructura del suelo a nivel de subbase, avanza el proyecto de mejoramiento impulsado por la Prefectura de Esmeradas sobre la v\u00eda Brazo Largo \u2013 Nueva Esperanza tramo 1, situada en las inmediaciones de las parroquias Roza Z\u00e1rate y Cube del cant\u00f3n Quinind\u00e9. A la fecha, el [&hellip;]<\/p>\n","protected":false},"author":2,"featured_media":12081,"comment_status":"closed","ping_status":"open","sticky":false,"template":"","format":"standard","meta":{"footnotes":""},"categories":[14],"tags":[],"class_list":["post-12080","post","type-post","status-publish","format-standard","has-post-thumbnail","hentry","category-vialidad"],"yoast_head":"<!-- This site is optimized with the Yoast SEO plugin v25.7 - https:\/\/yoast.com\/wordpress\/plugins\/seo\/ -->\n<title>Avanza el mejoramiento de la v\u00eda Brazo Largo - Herrera Tramo 1, impulsado por la Prefectura de Esmeraldas. - Gobierno Aut\u00f3nomo Descentralizado de la Provincia de Esmeraldas<\/title>\n<meta name=\"robots\" content=\"index, follow, max-snippet:-1, max-image-preview:large, max-video-preview:-1\" \/>\n<link rel=\"canonical\" href=\"https:\/\/prefecturadeesmeraldas.gob.ec\/index.php\/2021\/08\/03\/avanza-el-mejoramiento-de-la-via-brazo-largo-herrera-tramo-1-impulsado-por-la-prefectura-de-esmeraldas\/\" \/>\n<meta property=\"og:locale\" content=\"es_ES\" \/>\n<meta property=\"og:type\" content=\"article\" \/>\n<meta property=\"og:title\" content=\"Avanza el mejoramiento de la v\u00eda Brazo Largo - Herrera Tramo 1, impulsado por la Prefectura de Esmeraldas. - Gobierno Aut\u00f3nomo Descentralizado de la Provincia de Esmeraldas\" \/>\n<meta property=\"og:description\" content=\"Con el tendido del material p\u00e9treo que conformar\u00e1 la estructura del suelo a nivel de subbase, avanza el proyecto de mejoramiento impulsado por la Prefectura de Esmeradas sobre la v\u00eda Brazo Largo \u2013 Nueva Esperanza tramo 1, situada en las inmediaciones de las parroquias Roza Z\u00e1rate y Cube del cant\u00f3n Quinind\u00e9. A la fecha, el [&hellip;]\" \/>\n<meta property=\"og:url\" content=\"https:\/\/prefecturadeesmeraldas.gob.ec\/index.php\/2021\/08\/03\/avanza-el-mejoramiento-de-la-via-brazo-largo-herrera-tramo-1-impulsado-por-la-prefectura-de-esmeraldas\/\" \/>\n<meta property=\"og:site_name\" content=\"Gobierno Aut\u00f3nomo Descentralizado de la Provincia de Esmeraldas\" \/>\n<meta property=\"article:publisher\" content=\"https:\/\/www.facebook.com\/PrefecturaEsmeraldas\/\" \/>\n<meta property=\"article:published_time\" content=\"2021-08-03T14:36:36+00:00\" \/>\n<meta property=\"article:modified_time\" content=\"2021-08-03T14:37:13+00:00\" \/>\n<meta property=\"og:image\" content=\"https:\/\/prefecturadeesmeraldas.gob.ec\/wp-content\/uploads\/2021\/08\/Imagen5.jpg\" \/>\n\t<meta property=\"og:image:width\" content=\"427\" \/>\n\t<meta property=\"og:image:height\" content=\"427\" \/>\n\t<meta property=\"og:image:type\" content=\"image\/jpeg\" \/>\n<meta name=\"author\" content=\"Direcci\u00f3n de Comunicaci\u00f3n\" \/>\n<meta name=\"twitter:card\" content=\"summary_large_image\" \/>\n<meta name=\"twitter:label1\" content=\"Escrito por\" \/>\n\t<meta name=\"twitter:data1\" content=\"Direcci\u00f3n de Comunicaci\u00f3n\" \/>\n\t<meta name=\"twitter:label2\" content=\"Tiempo de lectura\" \/>\n\t<meta name=\"twitter:data2\" content=\"1 minuto\" \/>\n<script type=\"application\/ld+json\" class=\"yoast-schema-graph\">{\"@context\":\"https:\/\/schema.org\",\"@graph\":[{\"@type\":\"Article\",\"@id\":\"https:\/\/prefecturadeesmeraldas.gob.ec\/index.php\/2021\/08\/03\/avanza-el-mejoramiento-de-la-via-brazo-largo-herrera-tramo-1-impulsado-por-la-prefectura-de-esmeraldas\/#article\",\"isPartOf\":{\"@id\":\"https:\/\/prefecturadeesmeraldas.gob.ec\/index.php\/2021\/08\/03\/avanza-el-mejoramiento-de-la-via-brazo-largo-herrera-tramo-1-impulsado-por-la-prefectura-de-esmeraldas\/\"},\"author\":{\"name\":\"Direcci\u00f3n de Comunicaci\u00f3n\",\"@id\":\"https:\/\/prefecturadeesmeraldas.gob.ec\/#\/schema\/person\/b0c9e7b1ead7725994d1e319e8825234\"},\"headline\":\"Avanza el mejoramiento de la v\u00eda Brazo Largo &#8211; Herrera Tramo 1, impulsado por la Prefectura de Esmeraldas.\",\"datePublished\":\"2021-08-03T14:36:36+00:00\",\"dateModified\":\"2021-08-03T14:37:13+00:00\",\"mainEntityOfPage\":{\"@id\":\"https:\/\/prefecturadeesmeraldas.gob.ec\/index.php\/2021\/08\/03\/avanza-el-mejoramiento-de-la-via-brazo-largo-herrera-tramo-1-impulsado-por-la-prefectura-de-esmeraldas\/\"},\"wordCount\":283,\"publisher\":{\"@id\":\"https:\/\/prefecturadeesmeraldas.gob.ec\/#organization\"},\"image\":{\"@id\":\"https:\/\/prefecturadeesmeraldas.gob.ec\/index.php\/2021\/08\/03\/avanza-el-mejoramiento-de-la-via-brazo-largo-herrera-tramo-1-impulsado-por-la-prefectura-de-esmeraldas\/#primaryimage\"},\"thumbnailUrl\":\"https:\/\/prefecturadeesmeraldas.gob.ec\/wp-content\/uploads\/2021\/08\/Imagen5.jpg\",\"articleSection\":[\"Vialidad\"],\"inLanguage\":\"es\"},{\"@type\":\"WebPage\",\"@id\":\"https:\/\/prefecturadeesmeraldas.gob.ec\/index.php\/2021\/08\/03\/avanza-el-mejoramiento-de-la-via-brazo-largo-herrera-tramo-1-impulsado-por-la-prefectura-de-esmeraldas\/\",\"url\":\"https:\/\/prefecturadeesmeraldas.gob.ec\/index.php\/2021\/08\/03\/avanza-el-mejoramiento-de-la-via-brazo-largo-herrera-tramo-1-impulsado-por-la-prefectura-de-esmeraldas\/\",\"name\":\"Avanza el mejoramiento de la v\u00eda Brazo Largo - Herrera Tramo 1, impulsado por la Prefectura de Esmeraldas. - Gobierno Aut\u00f3nomo Descentralizado de la Provincia de Esmeraldas\",\"isPartOf\":{\"@id\":\"https:\/\/prefecturadeesmeraldas.gob.ec\/#website\"},\"primaryImageOfPage\":{\"@id\":\"https:\/\/prefecturadeesmeraldas.gob.ec\/index.php\/2021\/08\/03\/avanza-el-mejoramiento-de-la-via-brazo-largo-herrera-tramo-1-impulsado-por-la-prefectura-de-esmeraldas\/#primaryimage\"},\"image\":{\"@id\":\"https:\/\/prefecturadeesmeraldas.gob.ec\/index.php\/2021\/08\/03\/avanza-el-mejoramiento-de-la-via-brazo-largo-herrera-tramo-1-impulsado-por-la-prefectura-de-esmeraldas\/#primaryimage\"},\"thumbnailUrl\":\"https:\/\/prefecturadeesmeraldas.gob.ec\/wp-content\/uploads\/2021\/08\/Imagen5.jpg\",\"datePublished\":\"2021-08-03T14:36:36+00:00\",\"dateModified\":\"2021-08-03T14:37:13+00:00\",\"breadcrumb\":{\"@id\":\"https:\/\/prefecturadeesmeraldas.gob.ec\/index.php\/2021\/08\/03\/avanza-el-mejoramiento-de-la-via-brazo-largo-herrera-tramo-1-impulsado-por-la-prefectura-de-esmeraldas\/#breadcrumb\"},\"inLanguage\":\"es\",\"potentialAction\":[{\"@type\":\"ReadAction\",\"target\":[\"https:\/\/prefecturadeesmeraldas.gob.ec\/index.php\/2021\/08\/03\/avanza-el-mejoramiento-de-la-via-brazo-largo-herrera-tramo-1-impulsado-por-la-prefectura-de-esmeraldas\/\"]}]},{\"@type\":\"ImageObject\",\"inLanguage\":\"es\",\"@id\":\"https:\/\/prefecturadeesmeraldas.gob.ec\/index.php\/2021\/08\/03\/avanza-el-mejoramiento-de-la-via-brazo-largo-herrera-tramo-1-impulsado-por-la-prefectura-de-esmeraldas\/#primaryimage\",\"url\":\"https:\/\/prefecturadeesmeraldas.gob.ec\/wp-content\/uploads\/2021\/08\/Imagen5.jpg\",\"contentUrl\":\"https:\/\/prefecturadeesmeraldas.gob.ec\/wp-content\/uploads\/2021\/08\/Imagen5.jpg\",\"width\":427,\"height\":427},{\"@type\":\"BreadcrumbList\",\"@id\":\"https:\/\/prefecturadeesmeraldas.gob.ec\/index.php\/2021\/08\/03\/avanza-el-mejoramiento-de-la-via-brazo-largo-herrera-tramo-1-impulsado-por-la-prefectura-de-esmeraldas\/#breadcrumb\",\"itemListElement\":[{\"@type\":\"ListItem\",\"position\":1,\"name\":\"Home\",\"item\":\"https:\/\/prefecturadeesmeraldas.gob.ec\/\"},{\"@type\":\"ListItem\",\"position\":2,\"name\":\"Avanza el mejoramiento de la v\u00eda Brazo Largo &#8211; Herrera Tramo 1, impulsado por la Prefectura de Esmeraldas.\"}]},{\"@type\":\"WebSite\",\"@id\":\"https:\/\/prefecturadeesmeraldas.gob.ec\/#website\",\"url\":\"https:\/\/prefecturadeesmeraldas.gob.ec\/\",\"name\":\"Gobierno Aut\u00f3nomo Descentralizado de la Provincia de Esmeraldas\",\"description\":\"Gobierno Aut\u00f3nomo Descentralizado de la Provincia de Esmeraldas\",\"publisher\":{\"@id\":\"https:\/\/prefecturadeesmeraldas.gob.ec\/#organization\"},\"potentialAction\":[{\"@type\":\"SearchAction\",\"target\":{\"@type\":\"EntryPoint\",\"urlTemplate\":\"https:\/\/prefecturadeesmeraldas.gob.ec\/?s={search_term_string}\"},\"query-input\":{\"@type\":\"PropertyValueSpecification\",\"valueRequired\":true,\"valueName\":\"search_term_string\"}}],\"inLanguage\":\"es\"},{\"@type\":\"Organization\",\"@id\":\"https:\/\/prefecturadeesmeraldas.gob.ec\/#organization\",\"name\":\"Gobierno Aut\u00f3nomo Descentralizado de la Provincia de Esmeraldas\",\"url\":\"https:\/\/prefecturadeesmeraldas.gob.ec\/\",\"logo\":{\"@type\":\"ImageObject\",\"inLanguage\":\"es\",\"@id\":\"https:\/\/prefecturadeesmeraldas.gob.ec\/#\/schema\/logo\/image\/\",\"url\":\"https:\/\/prefecturadeesmeraldas.gob.ec\/wp-content\/uploads\/2019\/06\/logo.png\",\"contentUrl\":\"https:\/\/prefecturadeesmeraldas.gob.ec\/wp-content\/uploads\/2019\/06\/logo.png\",\"width\":859,\"height\":448,\"caption\":\"Gobierno Aut\u00f3nomo Descentralizado de la Provincia de Esmeraldas\"},\"image\":{\"@id\":\"https:\/\/prefecturadeesmeraldas.gob.ec\/#\/schema\/logo\/image\/\"},\"sameAs\":[\"https:\/\/www.facebook.com\/PrefecturaEsmeraldas\/\"]},{\"@type\":\"Person\",\"@id\":\"https:\/\/prefecturadeesmeraldas.gob.ec\/#\/schema\/person\/b0c9e7b1ead7725994d1e319e8825234\",\"name\":\"Direcci\u00f3n de Comunicaci\u00f3n\",\"image\":{\"@type\":\"ImageObject\",\"inLanguage\":\"es\",\"@id\":\"https:\/\/prefecturadeesmeraldas.gob.ec\/#\/schema\/person\/image\/\",\"url\":\"https:\/\/secure.gravatar.com\/avatar\/74a3870a946f5d774ade3569af61a72308e07ad3346f370c4b468ee2a9858658?s=96&d=mm&r=g\",\"contentUrl\":\"https:\/\/secure.gravatar.com\/avatar\/74a3870a946f5d774ade3569af61a72308e07ad3346f370c4b468ee2a9858658?s=96&d=mm&r=g\",\"caption\":\"Direcci\u00f3n de Comunicaci\u00f3n\"}}]}<\/script>\n<!-- \/ Yoast SEO plugin. -->","yoast_head_json":{"title":"Avanza el mejoramiento de la v\u00eda Brazo Largo - Herrera Tramo 1, impulsado por la Prefectura de Esmeraldas. - Gobierno Aut\u00f3nomo Descentralizado de la Provincia de Esmeraldas","robots":{"index":"index","follow":"follow","max-snippet":"max-snippet:-1","max-image-preview":"max-image-preview:large","max-video-preview":"max-video-preview:-1"},"canonical":"https:\/\/prefecturadeesmeraldas.gob.ec\/index.php\/2021\/08\/03\/avanza-el-mejoramiento-de-la-via-brazo-largo-herrera-tramo-1-impulsado-por-la-prefectura-de-esmeraldas\/","og_locale":"es_ES","og_type":"article","og_title":"Avanza el mejoramiento de la v\u00eda Brazo Largo - Herrera Tramo 1, impulsado por la Prefectura de Esmeraldas. - Gobierno Aut\u00f3nomo Descentralizado de la Provincia de Esmeraldas","og_description":"Con el tendido del material p\u00e9treo que conformar\u00e1 la estructura del suelo a nivel de subbase, avanza el proyecto de mejoramiento impulsado por la Prefectura de Esmeradas sobre la v\u00eda Brazo Largo \u2013 Nueva Esperanza tramo 1, situada en las inmediaciones de las parroquias Roza Z\u00e1rate y Cube del cant\u00f3n Quinind\u00e9. A la fecha, el [&hellip;]","og_url":"https:\/\/prefecturadeesmeraldas.gob.ec\/index.php\/2021\/08\/03\/avanza-el-mejoramiento-de-la-via-brazo-largo-herrera-tramo-1-impulsado-por-la-prefectura-de-esmeraldas\/","og_site_name":"Gobierno Aut\u00f3nomo Descentralizado de la Provincia de Esmeraldas","article_publisher":"https:\/\/www.facebook.com\/PrefecturaEsmeraldas\/","article_published_time":"2021-08-03T14:36:36+00:00","article_modified_time":"2021-08-03T14:37:13+00:00","og_image":[{"width":427,"height":427,"url":"https:\/\/prefecturadeesmeraldas.gob.ec\/wp-content\/uploads\/2021\/08\/Imagen5.jpg","type":"image\/jpeg"}],"author":"Direcci\u00f3n de Comunicaci\u00f3n","twitter_card":"summary_large_image","twitter_misc":{"Escrito por":"Direcci\u00f3n de Comunicaci\u00f3n","Tiempo de lectura":"1 minuto"},"schema":{"@context":"https:\/\/schema.org","@graph":[{"@type":"Article","@id":"https:\/\/prefecturadeesmeraldas.gob.ec\/index.php\/2021\/08\/03\/avanza-el-mejoramiento-de-la-via-brazo-largo-herrera-tramo-1-impulsado-por-la-prefectura-de-esmeraldas\/#article","isPartOf":{"@id":"https:\/\/prefecturadeesmeraldas.gob.ec\/index.php\/2021\/08\/03\/avanza-el-mejoramiento-de-la-via-brazo-largo-herrera-tramo-1-impulsado-por-la-prefectura-de-esmeraldas\/"},"author":{"name":"Direcci\u00f3n de Comunicaci\u00f3n","@id":"https:\/\/prefecturadeesmeraldas.gob.ec\/#\/schema\/person\/b0c9e7b1ead7725994d1e319e8825234"},"headline":"Avanza el mejoramiento de la v\u00eda Brazo Largo &#8211; Herrera Tramo 1, impulsado por la Prefectura de Esmeraldas.","datePublished":"2021-08-03T14:36:36+00:00","dateModified":"2021-08-03T14:37:13+00:00","mainEntityOfPage":{"@id":"https:\/\/prefecturadeesmeraldas.gob.ec\/index.php\/2021\/08\/03\/avanza-el-mejoramiento-de-la-via-brazo-largo-herrera-tramo-1-impulsado-por-la-prefectura-de-esmeraldas\/"},"wordCount":283,"publisher":{"@id":"https:\/\/prefecturadeesmeraldas.gob.ec\/#organization"},"image":{"@id":"https:\/\/prefecturadeesmeraldas.gob.ec\/index.php\/2021\/08\/03\/avanza-el-mejoramiento-de-la-via-brazo-largo-herrera-tramo-1-impulsado-por-la-prefectura-de-esmeraldas\/#primaryimage"},"thumbnailUrl":"https:\/\/prefecturadeesmeraldas.gob.ec\/wp-content\/uploads\/2021\/08\/Imagen5.jpg","articleSection":["Vialidad"],"inLanguage":"es"},{"@type":"WebPage","@id":"https:\/\/prefecturadeesmeraldas.gob.ec\/index.php\/2021\/08\/03\/avanza-el-mejoramiento-de-la-via-brazo-largo-herrera-tramo-1-impulsado-por-la-prefectura-de-esmeraldas\/","url":"https:\/\/prefecturadeesmeraldas.gob.ec\/index.php\/2021\/08\/03\/avanza-el-mejoramiento-de-la-via-brazo-largo-herrera-tramo-1-impulsado-por-la-prefectura-de-esmeraldas\/","name":"Avanza el mejoramiento de la v\u00eda Brazo Largo - Herrera Tramo 1, impulsado por la Prefectura de Esmeraldas. - Gobierno Aut\u00f3nomo Descentralizado de la Provincia de Esmeraldas","isPartOf":{"@id":"https:\/\/prefecturadeesmeraldas.gob.ec\/#website"},"primaryImageOfPage":{"@id":"https:\/\/prefecturadeesmeraldas.gob.ec\/index.php\/2021\/08\/03\/avanza-el-mejoramiento-de-la-via-brazo-largo-herrera-tramo-1-impulsado-por-la-prefectura-de-esmeraldas\/#primaryimage"},"image":{"@id":"https:\/\/prefecturadeesmeraldas.gob.ec\/index.php\/2021\/08\/03\/avanza-el-mejoramiento-de-la-via-brazo-largo-herrera-tramo-1-impulsado-por-la-prefectura-de-esmeraldas\/#primaryimage"},"thumbnailUrl":"https:\/\/prefecturadeesmeraldas.gob.ec\/wp-content\/uploads\/2021\/08\/Imagen5.jpg","datePublished":"2021-08-03T14:36:36+00:00","dateModified":"2021-08-03T14:37:13+00:00","breadcrumb":{"@id":"https:\/\/prefecturadeesmeraldas.gob.ec\/index.php\/2021\/08\/03\/avanza-el-mejoramiento-de-la-via-brazo-largo-herrera-tramo-1-impulsado-por-la-prefectura-de-esmeraldas\/#breadcrumb"},"inLanguage":"es","potentialAction":[{"@type":"ReadAction","target":["https:\/\/prefecturadeesmeraldas.gob.ec\/index.php\/2021\/08\/03\/avanza-el-mejoramiento-de-la-via-brazo-largo-herrera-tramo-1-impulsado-por-la-prefectura-de-esmeraldas\/"]}]},{"@type":"ImageObject","inLanguage":"es","@id":"https:\/\/prefecturadeesmeraldas.gob.ec\/index.php\/2021\/08\/03\/avanza-el-mejoramiento-de-la-via-brazo-largo-herrera-tramo-1-impulsado-por-la-prefectura-de-esmeraldas\/#primaryimage","url":"https:\/\/prefecturadeesmeraldas.gob.ec\/wp-content\/uploads\/2021\/08\/Imagen5.jpg","contentUrl":"https:\/\/prefecturadeesmeraldas.gob.ec\/wp-content\/uploads\/2021\/08\/Imagen5.jpg","width":427,"height":427},{"@type":"BreadcrumbList","@id":"https:\/\/prefecturadeesmeraldas.gob.ec\/index.php\/2021\/08\/03\/avanza-el-mejoramiento-de-la-via-brazo-largo-herrera-tramo-1-impulsado-por-la-prefectura-de-esmeraldas\/#breadcrumb","itemListElement":[{"@type":"ListItem","position":1,"name":"Home","item":"https:\/\/prefecturadeesmeraldas.gob.ec\/"},{"@type":"ListItem","position":2,"name":"Avanza el mejoramiento de la v\u00eda Brazo Largo &#8211; Herrera Tramo 1, impulsado por la Prefectura de Esmeraldas."}]},{"@type":"WebSite","@id":"https:\/\/prefecturadeesmeraldas.gob.ec\/#website","url":"https:\/\/prefecturadeesmeraldas.gob.ec\/","name":"Gobierno Aut\u00f3nomo Descentralizado de la Provincia de Esmeraldas","description":"Gobierno Aut\u00f3nomo Descentralizado de la Provincia de Esmeraldas","publisher":{"@id":"https:\/\/prefecturadeesmeraldas.gob.ec\/#organization"},"potentialAction":[{"@type":"SearchAction","target":{"@type":"EntryPoint","urlTemplate":"https:\/\/prefecturadeesmeraldas.gob.ec\/?s={search_term_string}"},"query-input":{"@type":"PropertyValueSpecification","valueRequired":true,"valueName":"search_term_string"}}],"inLanguage":"es"},{"@type":"Organization","@id":"https:\/\/prefecturadeesmeraldas.gob.ec\/#organization","name":"Gobierno Aut\u00f3nomo Descentralizado de la Provincia de Esmeraldas","url":"https:\/\/prefecturadeesmeraldas.gob.ec\/","logo":{"@type":"ImageObject","inLanguage":"es","@id":"https:\/\/prefecturadeesmeraldas.gob.ec\/#\/schema\/logo\/image\/","url":"https:\/\/prefecturadeesmeraldas.gob.ec\/wp-content\/uploads\/2019\/06\/logo.png","contentUrl":"https:\/\/prefecturadeesmeraldas.gob.ec\/wp-content\/uploads\/2019\/06\/logo.png","width":859,"height":448,"caption":"Gobierno Aut\u00f3nomo Descentralizado de la Provincia de Esmeraldas"},"image":{"@id":"https:\/\/prefecturadeesmeraldas.gob.ec\/#\/schema\/logo\/image\/"},"sameAs":["https:\/\/www.facebook.com\/PrefecturaEsmeraldas\/"]},{"@type":"Person","@id":"https:\/\/prefecturadeesmeraldas.gob.ec\/#\/schema\/person\/b0c9e7b1ead7725994d1e319e8825234","name":"Direcci\u00f3n de Comunicaci\u00f3n","image":{"@type":"ImageObject","inLanguage":"es","@id":"https:\/\/prefecturadeesmeraldas.gob.ec\/#\/schema\/person\/image\/","url":"https:\/\/secure.gravatar.com\/avatar\/74a3870a946f5d774ade3569af61a72308e07ad3346f370c4b468ee2a9858658?s=96&d=mm&r=g","contentUrl":"https:\/\/secure.gravatar.com\/avatar\/74a3870a946f5d774ade3569af61a72308e07ad3346f370c4b468ee2a9858658?s=96&d=mm&r=g","caption":"Direcci\u00f3n de Comunicaci\u00f3n"}}]}},"_links":{"self":[{"href":"https:\/\/prefecturadeesmeraldas.gob.ec\/index.php\/wp-json\/wp\/v2\/posts\/12080","targetHints":{"allow":["GET"]}}],"collection":[{"href":"https:\/\/prefecturadeesmeraldas.gob.ec\/index.php\/wp-json\/wp\/v2\/posts"}],"about":[{"href":"https:\/\/prefecturadeesmeraldas.gob.ec\/index.php\/wp-json\/wp\/v2\/types\/post"}],"author":[{"embeddable":true,"href":"https:\/\/prefecturadeesmeraldas.gob.ec\/index.php\/wp-json\/wp\/v2\/users\/2"}],"replies":[{"embeddable":true,"href":"https:\/\/prefecturadeesmeraldas.gob.ec\/index.php\/wp-json\/wp\/v2\/comments?post=12080"}],"version-history":[{"count":0,"href":"https:\/\/prefecturadeesmeraldas.gob.ec\/index.php\/wp-json\/wp\/v2\/posts\/12080\/revisions"}],"wp:featuredmedia":[{"embeddable":true,"href":"https:\/\/prefecturadeesmeraldas.gob.ec\/index.php\/wp-json\/wp\/v2\/media\/12081"}],"wp:attachment":[{"href":"https:\/\/prefecturadeesmeraldas.gob.ec\/index.php\/wp-json\/wp\/v2\/media?parent=12080"}],"wp:term":[{"taxonomy":"category","embeddable":true,"href":"https:\/\/prefecturadeesmeraldas.gob.ec\/index.php\/wp-json\/wp\/v2\/categories?post=12080"},{"taxonomy":"post_tag","embeddable":true,"href":"https:\/\/prefecturadeesmeraldas.gob.ec\/index.php\/wp-json\/wp\/v2\/tags?post=12080"}],"curies":[{"name":"wp","href":"https:\/\/api.w.org\/{rel}","templated":true}]}}