{"id":12001,"date":"2021-07-27T10:52:30","date_gmt":"2021-07-27T15:52:30","guid":{"rendered":"http:\/\/prefecturadeesmeraldas.gob.ec\/?p=12001"},"modified":"2021-07-27T10:53:34","modified_gmt":"2021-07-27T15:53:34","slug":"prefecta-de-esmeraldas-dialogo-con-lideres-del-recinto-libertad-lojana-en-la-parroquia-cube","status":"publish","type":"post","link":"https:\/\/prefecturadeesmeraldas.gob.ec\/index.php\/2021\/07\/27\/prefecta-de-esmeraldas-dialogo-con-lideres-del-recinto-libertad-lojana-en-la-parroquia-cube\/","title":{"rendered":"Prefecta de Esmeraldas dialog\u00f3 con l\u00edderes del recinto Libertad Lojana, en la parroquia Cube."},"content":{"rendered":"\t\t<div data-elementor-type=\"wp-post\" data-elementor-id=\"12001\" class=\"elementor elementor-12001\">\n\t\t\t\t\t\t<section class=\"elementor-section elementor-top-section elementor-element elementor-element-b1439d0 elementor-section-boxed elementor-section-height-default elementor-section-height-default\" data-id=\"b1439d0\" data-element_type=\"section\">\n\t\t\t\t\t\t<div class=\"elementor-container elementor-column-gap-default\">\n\t\t\t\t\t<div class=\"elementor-column elementor-col-100 elementor-top-column elementor-element elementor-element-ad7f241\" data-id=\"ad7f241\" data-element_type=\"column\">\n\t\t\t<div class=\"elementor-widget-wrap elementor-element-populated\">\n\t\t\t\t\t\t<div class=\"elementor-element elementor-element-948d091 elementor-widget elementor-widget-image\" data-id=\"948d091\" data-element_type=\"widget\" data-widget_type=\"image.default\">\n\t\t\t\t<div class=\"elementor-widget-container\">\n\t\t\t\t\t\t\t\t\t\t\t\t\t\t\t<img fetchpriority=\"high\" decoding=\"async\" width=\"400\" height=\"400\" src=\"https:\/\/prefecturadeesmeraldas.gob.ec\/wp-content\/uploads\/2021\/07\/Imagen1-4.jpg\" class=\"attachment-large size-large wp-image-12002\" alt=\"\" srcset=\"https:\/\/prefecturadeesmeraldas.gob.ec\/wp-content\/uploads\/2021\/07\/Imagen1-4.jpg 400w, https:\/\/prefecturadeesmeraldas.gob.ec\/wp-content\/uploads\/2021\/07\/Imagen1-4-240x240.jpg 240w, https:\/\/prefecturadeesmeraldas.gob.ec\/wp-content\/uploads\/2021\/07\/Imagen1-4-150x150.jpg 150w, https:\/\/prefecturadeesmeraldas.gob.ec\/wp-content\/uploads\/2021\/07\/Imagen1-4-300x300.jpg 300w\" sizes=\"(max-width: 400px) 100vw, 400px\" \/>\t\t\t\t\t\t\t\t\t\t\t\t\t\t\t<\/div>\n\t\t\t\t<\/div>\n\t\t\t\t\t<\/div>\n\t\t<\/div>\n\t\t\t\t\t<\/div>\n\t\t<\/section>\n\t\t\t\t<section class=\"elementor-section elementor-top-section elementor-element elementor-element-cbffbd0 elementor-section-boxed elementor-section-height-default elementor-section-height-default\" data-id=\"cbffbd0\" data-element_type=\"section\">\n\t\t\t\t\t\t<div class=\"elementor-container elementor-column-gap-default\">\n\t\t\t\t\t<div class=\"elementor-column elementor-col-100 elementor-top-column elementor-element elementor-element-255e37d\" data-id=\"255e37d\" data-element_type=\"column\">\n\t\t\t<div class=\"elementor-widget-wrap elementor-element-populated\">\n\t\t\t\t\t\t<div class=\"elementor-element elementor-element-536ce17 elementor-widget elementor-widget-text-editor\" data-id=\"536ce17\" data-element_type=\"widget\" data-widget_type=\"text-editor.default\">\n\t\t\t\t<div class=\"elementor-widget-container\">\n\t\t\t\t\t\t\t\t\t<p>En di\u00e1logo permanente con las comunidades rurales, la prefecta de Esmeraldas, Roberta Zambrano Ortiz, escuch\u00f3 a dirigentes de la comunidad Libertad Lojana, para coordinar acciones que permitan garantizar las condiciones de movilidad hacia su comunidad. La reuni\u00f3n se registr\u00f3 durante el m\u00e1s reciente recorrido hecho por la autoridad provincial al cant\u00f3n Quinind\u00e9, donde adem\u00e1s socializ\u00f3 el avance de las obras en ejecuci\u00f3n y nuevos proyectos de mejoramiento.<\/p><p>El objetivo de los dirigentes, entre ellos el de <strong>Julio Qui\u00f1ones<\/strong>, l\u00edder de la comunidad rural de Libertad Lojana, fue conocer diversas labores de mantenimiento vial del trayecto que, entrando por El Achiote, conduce hasta su comunidad, a la que se llega desde la E20, por la entrada a San Carlos de Chura, entre las parroquias Chura y Cube, del cant\u00f3n Quinind\u00e9.<\/p><p><strong>Roberta Zambrano<\/strong>, prefecta de Esmeraldas, dispuso ingresar el pedido hecho por los habitantes de la comunidad, para ser ejecutado a la brevedad posible, seg\u00fan la disponibilidad de la maquinaria.<\/p><p>Por su parte, <strong>Diego Zambrano<\/strong>, vice prefecto de Esmeraldas, indic\u00f3 que, se busca trasladar el equipo de trabajo que intervienen la v\u00eda Mirador \u2013 La Juanita, una vez que culminen los trabajos para satisfacer el pedido de los comuneros.<\/p><p>De esa forma, se lleg\u00f3 a un acuerdo con los representantes de la comunidad, quienes afirmaron sentir gran confianza en la gesti\u00f3n desarrollada por Roberta y Diego Zambrano, durante los apenas dos a\u00f1os que lleva su administraci\u00f3n.<\/p>\t\t\t\t\t\t\t\t<\/div>\n\t\t\t\t<\/div>\n\t\t\t\t\t<\/div>\n\t\t<\/div>\n\t\t\t\t\t<\/div>\n\t\t<\/section>\n\t\t\t\t<\/div>\n\t\t","protected":false},"excerpt":{"rendered":"<p>En di\u00e1logo permanente con las comunidades rurales, la prefecta de Esmeraldas, Roberta Zambrano Ortiz, escuch\u00f3 a dirigentes de la comunidad Libertad Lojana, para coordinar acciones que permitan garantizar las condiciones de movilidad hacia su comunidad. La reuni\u00f3n se registr\u00f3 durante el m\u00e1s reciente recorrido hecho por la autoridad provincial al cant\u00f3n Quinind\u00e9, donde adem\u00e1s socializ\u00f3 [&hellip;]<\/p>\n","protected":false},"author":2,"featured_media":12002,"comment_status":"closed","ping_status":"open","sticky":false,"template":"","format":"standard","meta":{"footnotes":""},"categories":[3],"tags":[],"class_list":["post-12001","post","type-post","status-publish","format-standard","has-post-thumbnail","hentry","category-institucional"],"yoast_head":"<!-- This site is optimized with the Yoast SEO plugin v25.7 - https:\/\/yoast.com\/wordpress\/plugins\/seo\/ -->\n<title>Prefecta de Esmeraldas dialog\u00f3 con l\u00edderes del recinto Libertad Lojana, en la parroquia Cube. - Gobierno Aut\u00f3nomo Descentralizado de la Provincia de Esmeraldas<\/title>\n<meta name=\"robots\" content=\"index, follow, max-snippet:-1, max-image-preview:large, max-video-preview:-1\" \/>\n<link rel=\"canonical\" href=\"https:\/\/prefecturadeesmeraldas.gob.ec\/index.php\/2021\/07\/27\/prefecta-de-esmeraldas-dialogo-con-lideres-del-recinto-libertad-lojana-en-la-parroquia-cube\/\" \/>\n<meta property=\"og:locale\" content=\"es_ES\" \/>\n<meta property=\"og:type\" content=\"article\" \/>\n<meta property=\"og:title\" content=\"Prefecta de Esmeraldas dialog\u00f3 con l\u00edderes del recinto Libertad Lojana, en la parroquia Cube. - Gobierno Aut\u00f3nomo Descentralizado de la Provincia de Esmeraldas\" \/>\n<meta property=\"og:description\" content=\"En di\u00e1logo permanente con las comunidades rurales, la prefecta de Esmeraldas, Roberta Zambrano Ortiz, escuch\u00f3 a dirigentes de la comunidad Libertad Lojana, para coordinar acciones que permitan garantizar las condiciones de movilidad hacia su comunidad. La reuni\u00f3n se registr\u00f3 durante el m\u00e1s reciente recorrido hecho por la autoridad provincial al cant\u00f3n Quinind\u00e9, donde adem\u00e1s socializ\u00f3 [&hellip;]\" \/>\n<meta property=\"og:url\" content=\"https:\/\/prefecturadeesmeraldas.gob.ec\/index.php\/2021\/07\/27\/prefecta-de-esmeraldas-dialogo-con-lideres-del-recinto-libertad-lojana-en-la-parroquia-cube\/\" \/>\n<meta property=\"og:site_name\" content=\"Gobierno Aut\u00f3nomo Descentralizado de la Provincia de Esmeraldas\" \/>\n<meta property=\"article:publisher\" content=\"https:\/\/www.facebook.com\/PrefecturaEsmeraldas\/\" \/>\n<meta property=\"article:published_time\" content=\"2021-07-27T15:52:30+00:00\" \/>\n<meta property=\"article:modified_time\" content=\"2021-07-27T15:53:34+00:00\" \/>\n<meta property=\"og:image\" content=\"https:\/\/prefecturadeesmeraldas.gob.ec\/wp-content\/uploads\/2021\/07\/Imagen1-4.jpg\" \/>\n\t<meta property=\"og:image:width\" content=\"400\" \/>\n\t<meta property=\"og:image:height\" content=\"400\" \/>\n\t<meta property=\"og:image:type\" content=\"image\/jpeg\" \/>\n<meta name=\"author\" content=\"Direcci\u00f3n de Comunicaci\u00f3n\" \/>\n<meta name=\"twitter:card\" content=\"summary_large_image\" \/>\n<meta name=\"twitter:label1\" content=\"Escrito por\" \/>\n\t<meta name=\"twitter:data1\" content=\"Direcci\u00f3n de Comunicaci\u00f3n\" \/>\n\t<meta name=\"twitter:label2\" content=\"Tiempo de lectura\" \/>\n\t<meta name=\"twitter:data2\" content=\"1 minuto\" \/>\n<script type=\"application\/ld+json\" class=\"yoast-schema-graph\">{\"@context\":\"https:\/\/schema.org\",\"@graph\":[{\"@type\":\"Article\",\"@id\":\"https:\/\/prefecturadeesmeraldas.gob.ec\/index.php\/2021\/07\/27\/prefecta-de-esmeraldas-dialogo-con-lideres-del-recinto-libertad-lojana-en-la-parroquia-cube\/#article\",\"isPartOf\":{\"@id\":\"https:\/\/prefecturadeesmeraldas.gob.ec\/index.php\/2021\/07\/27\/prefecta-de-esmeraldas-dialogo-con-lideres-del-recinto-libertad-lojana-en-la-parroquia-cube\/\"},\"author\":{\"name\":\"Direcci\u00f3n de Comunicaci\u00f3n\",\"@id\":\"https:\/\/prefecturadeesmeraldas.gob.ec\/#\/schema\/person\/b0c9e7b1ead7725994d1e319e8825234\"},\"headline\":\"Prefecta de Esmeraldas dialog\u00f3 con l\u00edderes del recinto Libertad Lojana, en la parroquia Cube.\",\"datePublished\":\"2021-07-27T15:52:30+00:00\",\"dateModified\":\"2021-07-27T15:53:34+00:00\",\"mainEntityOfPage\":{\"@id\":\"https:\/\/prefecturadeesmeraldas.gob.ec\/index.php\/2021\/07\/27\/prefecta-de-esmeraldas-dialogo-con-lideres-del-recinto-libertad-lojana-en-la-parroquia-cube\/\"},\"wordCount\":262,\"publisher\":{\"@id\":\"https:\/\/prefecturadeesmeraldas.gob.ec\/#organization\"},\"image\":{\"@id\":\"https:\/\/prefecturadeesmeraldas.gob.ec\/index.php\/2021\/07\/27\/prefecta-de-esmeraldas-dialogo-con-lideres-del-recinto-libertad-lojana-en-la-parroquia-cube\/#primaryimage\"},\"thumbnailUrl\":\"https:\/\/prefecturadeesmeraldas.gob.ec\/wp-content\/uploads\/2021\/07\/Imagen1-4.jpg\",\"articleSection\":[\"Institucional\"],\"inLanguage\":\"es\"},{\"@type\":\"WebPage\",\"@id\":\"https:\/\/prefecturadeesmeraldas.gob.ec\/index.php\/2021\/07\/27\/prefecta-de-esmeraldas-dialogo-con-lideres-del-recinto-libertad-lojana-en-la-parroquia-cube\/\",\"url\":\"https:\/\/prefecturadeesmeraldas.gob.ec\/index.php\/2021\/07\/27\/prefecta-de-esmeraldas-dialogo-con-lideres-del-recinto-libertad-lojana-en-la-parroquia-cube\/\",\"name\":\"Prefecta de Esmeraldas dialog\u00f3 con l\u00edderes del recinto Libertad Lojana, en la parroquia Cube. - Gobierno Aut\u00f3nomo Descentralizado de la Provincia de Esmeraldas\",\"isPartOf\":{\"@id\":\"https:\/\/prefecturadeesmeraldas.gob.ec\/#website\"},\"primaryImageOfPage\":{\"@id\":\"https:\/\/prefecturadeesmeraldas.gob.ec\/index.php\/2021\/07\/27\/prefecta-de-esmeraldas-dialogo-con-lideres-del-recinto-libertad-lojana-en-la-parroquia-cube\/#primaryimage\"},\"image\":{\"@id\":\"https:\/\/prefecturadeesmeraldas.gob.ec\/index.php\/2021\/07\/27\/prefecta-de-esmeraldas-dialogo-con-lideres-del-recinto-libertad-lojana-en-la-parroquia-cube\/#primaryimage\"},\"thumbnailUrl\":\"https:\/\/prefecturadeesmeraldas.gob.ec\/wp-content\/uploads\/2021\/07\/Imagen1-4.jpg\",\"datePublished\":\"2021-07-27T15:52:30+00:00\",\"dateModified\":\"2021-07-27T15:53:34+00:00\",\"breadcrumb\":{\"@id\":\"https:\/\/prefecturadeesmeraldas.gob.ec\/index.php\/2021\/07\/27\/prefecta-de-esmeraldas-dialogo-con-lideres-del-recinto-libertad-lojana-en-la-parroquia-cube\/#breadcrumb\"},\"inLanguage\":\"es\",\"potentialAction\":[{\"@type\":\"ReadAction\",\"target\":[\"https:\/\/prefecturadeesmeraldas.gob.ec\/index.php\/2021\/07\/27\/prefecta-de-esmeraldas-dialogo-con-lideres-del-recinto-libertad-lojana-en-la-parroquia-cube\/\"]}]},{\"@type\":\"ImageObject\",\"inLanguage\":\"es\",\"@id\":\"https:\/\/prefecturadeesmeraldas.gob.ec\/index.php\/2021\/07\/27\/prefecta-de-esmeraldas-dialogo-con-lideres-del-recinto-libertad-lojana-en-la-parroquia-cube\/#primaryimage\",\"url\":\"https:\/\/prefecturadeesmeraldas.gob.ec\/wp-content\/uploads\/2021\/07\/Imagen1-4.jpg\",\"contentUrl\":\"https:\/\/prefecturadeesmeraldas.gob.ec\/wp-content\/uploads\/2021\/07\/Imagen1-4.jpg\",\"width\":400,\"height\":400},{\"@type\":\"BreadcrumbList\",\"@id\":\"https:\/\/prefecturadeesmeraldas.gob.ec\/index.php\/2021\/07\/27\/prefecta-de-esmeraldas-dialogo-con-lideres-del-recinto-libertad-lojana-en-la-parroquia-cube\/#breadcrumb\",\"itemListElement\":[{\"@type\":\"ListItem\",\"position\":1,\"name\":\"Home\",\"item\":\"https:\/\/prefecturadeesmeraldas.gob.ec\/\"},{\"@type\":\"ListItem\",\"position\":2,\"name\":\"Prefecta de Esmeraldas dialog\u00f3 con l\u00edderes del recinto Libertad Lojana, en la parroquia Cube.\"}]},{\"@type\":\"WebSite\",\"@id\":\"https:\/\/prefecturadeesmeraldas.gob.ec\/#website\",\"url\":\"https:\/\/prefecturadeesmeraldas.gob.ec\/\",\"name\":\"Gobierno Aut\u00f3nomo Descentralizado de la Provincia de Esmeraldas\",\"description\":\"Gobierno Aut\u00f3nomo Descentralizado de la Provincia de Esmeraldas\",\"publisher\":{\"@id\":\"https:\/\/prefecturadeesmeraldas.gob.ec\/#organization\"},\"potentialAction\":[{\"@type\":\"SearchAction\",\"target\":{\"@type\":\"EntryPoint\",\"urlTemplate\":\"https:\/\/prefecturadeesmeraldas.gob.ec\/?s={search_term_string}\"},\"query-input\":{\"@type\":\"PropertyValueSpecification\",\"valueRequired\":true,\"valueName\":\"search_term_string\"}}],\"inLanguage\":\"es\"},{\"@type\":\"Organization\",\"@id\":\"https:\/\/prefecturadeesmeraldas.gob.ec\/#organization\",\"name\":\"Gobierno Aut\u00f3nomo Descentralizado de la Provincia de Esmeraldas\",\"url\":\"https:\/\/prefecturadeesmeraldas.gob.ec\/\",\"logo\":{\"@type\":\"ImageObject\",\"inLanguage\":\"es\",\"@id\":\"https:\/\/prefecturadeesmeraldas.gob.ec\/#\/schema\/logo\/image\/\",\"url\":\"https:\/\/prefecturadeesmeraldas.gob.ec\/wp-content\/uploads\/2019\/06\/logo.png\",\"contentUrl\":\"https:\/\/prefecturadeesmeraldas.gob.ec\/wp-content\/uploads\/2019\/06\/logo.png\",\"width\":859,\"height\":448,\"caption\":\"Gobierno Aut\u00f3nomo Descentralizado de la Provincia de Esmeraldas\"},\"image\":{\"@id\":\"https:\/\/prefecturadeesmeraldas.gob.ec\/#\/schema\/logo\/image\/\"},\"sameAs\":[\"https:\/\/www.facebook.com\/PrefecturaEsmeraldas\/\"]},{\"@type\":\"Person\",\"@id\":\"https:\/\/prefecturadeesmeraldas.gob.ec\/#\/schema\/person\/b0c9e7b1ead7725994d1e319e8825234\",\"name\":\"Direcci\u00f3n de Comunicaci\u00f3n\",\"image\":{\"@type\":\"ImageObject\",\"inLanguage\":\"es\",\"@id\":\"https:\/\/prefecturadeesmeraldas.gob.ec\/#\/schema\/person\/image\/\",\"url\":\"https:\/\/secure.gravatar.com\/avatar\/74a3870a946f5d774ade3569af61a72308e07ad3346f370c4b468ee2a9858658?s=96&d=mm&r=g\",\"contentUrl\":\"https:\/\/secure.gravatar.com\/avatar\/74a3870a946f5d774ade3569af61a72308e07ad3346f370c4b468ee2a9858658?s=96&d=mm&r=g\",\"caption\":\"Direcci\u00f3n de Comunicaci\u00f3n\"}}]}<\/script>\n<!-- \/ Yoast SEO plugin. -->","yoast_head_json":{"title":"Prefecta de Esmeraldas dialog\u00f3 con l\u00edderes del recinto Libertad Lojana, en la parroquia Cube. - Gobierno Aut\u00f3nomo Descentralizado de la Provincia de Esmeraldas","robots":{"index":"index","follow":"follow","max-snippet":"max-snippet:-1","max-image-preview":"max-image-preview:large","max-video-preview":"max-video-preview:-1"},"canonical":"https:\/\/prefecturadeesmeraldas.gob.ec\/index.php\/2021\/07\/27\/prefecta-de-esmeraldas-dialogo-con-lideres-del-recinto-libertad-lojana-en-la-parroquia-cube\/","og_locale":"es_ES","og_type":"article","og_title":"Prefecta de Esmeraldas dialog\u00f3 con l\u00edderes del recinto Libertad Lojana, en la parroquia Cube. - Gobierno Aut\u00f3nomo Descentralizado de la Provincia de Esmeraldas","og_description":"En di\u00e1logo permanente con las comunidades rurales, la prefecta de Esmeraldas, Roberta Zambrano Ortiz, escuch\u00f3 a dirigentes de la comunidad Libertad Lojana, para coordinar acciones que permitan garantizar las condiciones de movilidad hacia su comunidad. La reuni\u00f3n se registr\u00f3 durante el m\u00e1s reciente recorrido hecho por la autoridad provincial al cant\u00f3n Quinind\u00e9, donde adem\u00e1s socializ\u00f3 [&hellip;]","og_url":"https:\/\/prefecturadeesmeraldas.gob.ec\/index.php\/2021\/07\/27\/prefecta-de-esmeraldas-dialogo-con-lideres-del-recinto-libertad-lojana-en-la-parroquia-cube\/","og_site_name":"Gobierno Aut\u00f3nomo Descentralizado de la Provincia de Esmeraldas","article_publisher":"https:\/\/www.facebook.com\/PrefecturaEsmeraldas\/","article_published_time":"2021-07-27T15:52:30+00:00","article_modified_time":"2021-07-27T15:53:34+00:00","og_image":[{"width":400,"height":400,"url":"https:\/\/prefecturadeesmeraldas.gob.ec\/wp-content\/uploads\/2021\/07\/Imagen1-4.jpg","type":"image\/jpeg"}],"author":"Direcci\u00f3n de Comunicaci\u00f3n","twitter_card":"summary_large_image","twitter_misc":{"Escrito por":"Direcci\u00f3n de Comunicaci\u00f3n","Tiempo de lectura":"1 minuto"},"schema":{"@context":"https:\/\/schema.org","@graph":[{"@type":"Article","@id":"https:\/\/prefecturadeesmeraldas.gob.ec\/index.php\/2021\/07\/27\/prefecta-de-esmeraldas-dialogo-con-lideres-del-recinto-libertad-lojana-en-la-parroquia-cube\/#article","isPartOf":{"@id":"https:\/\/prefecturadeesmeraldas.gob.ec\/index.php\/2021\/07\/27\/prefecta-de-esmeraldas-dialogo-con-lideres-del-recinto-libertad-lojana-en-la-parroquia-cube\/"},"author":{"name":"Direcci\u00f3n de Comunicaci\u00f3n","@id":"https:\/\/prefecturadeesmeraldas.gob.ec\/#\/schema\/person\/b0c9e7b1ead7725994d1e319e8825234"},"headline":"Prefecta de Esmeraldas dialog\u00f3 con l\u00edderes del recinto Libertad Lojana, en la parroquia Cube.","datePublished":"2021-07-27T15:52:30+00:00","dateModified":"2021-07-27T15:53:34+00:00","mainEntityOfPage":{"@id":"https:\/\/prefecturadeesmeraldas.gob.ec\/index.php\/2021\/07\/27\/prefecta-de-esmeraldas-dialogo-con-lideres-del-recinto-libertad-lojana-en-la-parroquia-cube\/"},"wordCount":262,"publisher":{"@id":"https:\/\/prefecturadeesmeraldas.gob.ec\/#organization"},"image":{"@id":"https:\/\/prefecturadeesmeraldas.gob.ec\/index.php\/2021\/07\/27\/prefecta-de-esmeraldas-dialogo-con-lideres-del-recinto-libertad-lojana-en-la-parroquia-cube\/#primaryimage"},"thumbnailUrl":"https:\/\/prefecturadeesmeraldas.gob.ec\/wp-content\/uploads\/2021\/07\/Imagen1-4.jpg","articleSection":["Institucional"],"inLanguage":"es"},{"@type":"WebPage","@id":"https:\/\/prefecturadeesmeraldas.gob.ec\/index.php\/2021\/07\/27\/prefecta-de-esmeraldas-dialogo-con-lideres-del-recinto-libertad-lojana-en-la-parroquia-cube\/","url":"https:\/\/prefecturadeesmeraldas.gob.ec\/index.php\/2021\/07\/27\/prefecta-de-esmeraldas-dialogo-con-lideres-del-recinto-libertad-lojana-en-la-parroquia-cube\/","name":"Prefecta de Esmeraldas dialog\u00f3 con l\u00edderes del recinto Libertad Lojana, en la parroquia Cube. - Gobierno Aut\u00f3nomo Descentralizado de la Provincia de Esmeraldas","isPartOf":{"@id":"https:\/\/prefecturadeesmeraldas.gob.ec\/#website"},"primaryImageOfPage":{"@id":"https:\/\/prefecturadeesmeraldas.gob.ec\/index.php\/2021\/07\/27\/prefecta-de-esmeraldas-dialogo-con-lideres-del-recinto-libertad-lojana-en-la-parroquia-cube\/#primaryimage"},"image":{"@id":"https:\/\/prefecturadeesmeraldas.gob.ec\/index.php\/2021\/07\/27\/prefecta-de-esmeraldas-dialogo-con-lideres-del-recinto-libertad-lojana-en-la-parroquia-cube\/#primaryimage"},"thumbnailUrl":"https:\/\/prefecturadeesmeraldas.gob.ec\/wp-content\/uploads\/2021\/07\/Imagen1-4.jpg","datePublished":"2021-07-27T15:52:30+00:00","dateModified":"2021-07-27T15:53:34+00:00","breadcrumb":{"@id":"https:\/\/prefecturadeesmeraldas.gob.ec\/index.php\/2021\/07\/27\/prefecta-de-esmeraldas-dialogo-con-lideres-del-recinto-libertad-lojana-en-la-parroquia-cube\/#breadcrumb"},"inLanguage":"es","potentialAction":[{"@type":"ReadAction","target":["https:\/\/prefecturadeesmeraldas.gob.ec\/index.php\/2021\/07\/27\/prefecta-de-esmeraldas-dialogo-con-lideres-del-recinto-libertad-lojana-en-la-parroquia-cube\/"]}]},{"@type":"ImageObject","inLanguage":"es","@id":"https:\/\/prefecturadeesmeraldas.gob.ec\/index.php\/2021\/07\/27\/prefecta-de-esmeraldas-dialogo-con-lideres-del-recinto-libertad-lojana-en-la-parroquia-cube\/#primaryimage","url":"https:\/\/prefecturadeesmeraldas.gob.ec\/wp-content\/uploads\/2021\/07\/Imagen1-4.jpg","contentUrl":"https:\/\/prefecturadeesmeraldas.gob.ec\/wp-content\/uploads\/2021\/07\/Imagen1-4.jpg","width":400,"height":400},{"@type":"BreadcrumbList","@id":"https:\/\/prefecturadeesmeraldas.gob.ec\/index.php\/2021\/07\/27\/prefecta-de-esmeraldas-dialogo-con-lideres-del-recinto-libertad-lojana-en-la-parroquia-cube\/#breadcrumb","itemListElement":[{"@type":"ListItem","position":1,"name":"Home","item":"https:\/\/prefecturadeesmeraldas.gob.ec\/"},{"@type":"ListItem","position":2,"name":"Prefecta de Esmeraldas dialog\u00f3 con l\u00edderes del recinto Libertad Lojana, en la parroquia Cube."}]},{"@type":"WebSite","@id":"https:\/\/prefecturadeesmeraldas.gob.ec\/#website","url":"https:\/\/prefecturadeesmeraldas.gob.ec\/","name":"Gobierno Aut\u00f3nomo Descentralizado de la Provincia de Esmeraldas","description":"Gobierno Aut\u00f3nomo Descentralizado de la Provincia de Esmeraldas","publisher":{"@id":"https:\/\/prefecturadeesmeraldas.gob.ec\/#organization"},"potentialAction":[{"@type":"SearchAction","target":{"@type":"EntryPoint","urlTemplate":"https:\/\/prefecturadeesmeraldas.gob.ec\/?s={search_term_string}"},"query-input":{"@type":"PropertyValueSpecification","valueRequired":true,"valueName":"search_term_string"}}],"inLanguage":"es"},{"@type":"Organization","@id":"https:\/\/prefecturadeesmeraldas.gob.ec\/#organization","name":"Gobierno Aut\u00f3nomo Descentralizado de la Provincia de Esmeraldas","url":"https:\/\/prefecturadeesmeraldas.gob.ec\/","logo":{"@type":"ImageObject","inLanguage":"es","@id":"https:\/\/prefecturadeesmeraldas.gob.ec\/#\/schema\/logo\/image\/","url":"https:\/\/prefecturadeesmeraldas.gob.ec\/wp-content\/uploads\/2019\/06\/logo.png","contentUrl":"https:\/\/prefecturadeesmeraldas.gob.ec\/wp-content\/uploads\/2019\/06\/logo.png","width":859,"height":448,"caption":"Gobierno Aut\u00f3nomo Descentralizado de la Provincia de Esmeraldas"},"image":{"@id":"https:\/\/prefecturadeesmeraldas.gob.ec\/#\/schema\/logo\/image\/"},"sameAs":["https:\/\/www.facebook.com\/PrefecturaEsmeraldas\/"]},{"@type":"Person","@id":"https:\/\/prefecturadeesmeraldas.gob.ec\/#\/schema\/person\/b0c9e7b1ead7725994d1e319e8825234","name":"Direcci\u00f3n de Comunicaci\u00f3n","image":{"@type":"ImageObject","inLanguage":"es","@id":"https:\/\/prefecturadeesmeraldas.gob.ec\/#\/schema\/person\/image\/","url":"https:\/\/secure.gravatar.com\/avatar\/74a3870a946f5d774ade3569af61a72308e07ad3346f370c4b468ee2a9858658?s=96&d=mm&r=g","contentUrl":"https:\/\/secure.gravatar.com\/avatar\/74a3870a946f5d774ade3569af61a72308e07ad3346f370c4b468ee2a9858658?s=96&d=mm&r=g","caption":"Direcci\u00f3n de Comunicaci\u00f3n"}}]}},"_links":{"self":[{"href":"https:\/\/prefecturadeesmeraldas.gob.ec\/index.php\/wp-json\/wp\/v2\/posts\/12001","targetHints":{"allow":["GET"]}}],"collection":[{"href":"https:\/\/prefecturadeesmeraldas.gob.ec\/index.php\/wp-json\/wp\/v2\/posts"}],"about":[{"href":"https:\/\/prefecturadeesmeraldas.gob.ec\/index.php\/wp-json\/wp\/v2\/types\/post"}],"author":[{"embeddable":true,"href":"https:\/\/prefecturadeesmeraldas.gob.ec\/index.php\/wp-json\/wp\/v2\/users\/2"}],"replies":[{"embeddable":true,"href":"https:\/\/prefecturadeesmeraldas.gob.ec\/index.php\/wp-json\/wp\/v2\/comments?post=12001"}],"version-history":[{"count":0,"href":"https:\/\/prefecturadeesmeraldas.gob.ec\/index.php\/wp-json\/wp\/v2\/posts\/12001\/revisions"}],"wp:featuredmedia":[{"embeddable":true,"href":"https:\/\/prefecturadeesmeraldas.gob.ec\/index.php\/wp-json\/wp\/v2\/media\/12002"}],"wp:attachment":[{"href":"https:\/\/prefecturadeesmeraldas.gob.ec\/index.php\/wp-json\/wp\/v2\/media?parent=12001"}],"wp:term":[{"taxonomy":"category","embeddable":true,"href":"https:\/\/prefecturadeesmeraldas.gob.ec\/index.php\/wp-json\/wp\/v2\/categories?post=12001"},{"taxonomy":"post_tag","embeddable":true,"href":"https:\/\/prefecturadeesmeraldas.gob.ec\/index.php\/wp-json\/wp\/v2\/tags?post=12001"}],"curies":[{"name":"wp","href":"https:\/\/api.w.org\/{rel}","templated":true}]}}