{"id":11978,"date":"2021-07-23T10:54:38","date_gmt":"2021-07-23T15:54:38","guid":{"rendered":"http:\/\/prefecturadeesmeraldas.gob.ec\/?p=11978"},"modified":"2021-07-23T10:54:54","modified_gmt":"2021-07-23T15:54:54","slug":"infraestructura-vial-de-la-prefectura-emprende-labor-de-mantenimiento-vial-entre-las-comunidades-el-mirador-y-las-juanitas","status":"publish","type":"post","link":"https:\/\/prefecturadeesmeraldas.gob.ec\/index.php\/2021\/07\/23\/infraestructura-vial-de-la-prefectura-emprende-labor-de-mantenimiento-vial-entre-las-comunidades-el-mirador-y-las-juanitas\/","title":{"rendered":"Infraestructura vial de la Prefectura, emprende labor de mantenimiento vial entre las comunidades El Mirador y Las Juanitas."},"content":{"rendered":"\t\t<div data-elementor-type=\"wp-post\" data-elementor-id=\"11978\" class=\"elementor elementor-11978\">\n\t\t\t\t\t\t<section class=\"elementor-section elementor-top-section elementor-element elementor-element-60c5df2 elementor-section-boxed elementor-section-height-default elementor-section-height-default\" data-id=\"60c5df2\" data-element_type=\"section\">\n\t\t\t\t\t\t<div class=\"elementor-container elementor-column-gap-default\">\n\t\t\t\t\t<div class=\"elementor-column elementor-col-100 elementor-top-column elementor-element elementor-element-40764af\" data-id=\"40764af\" data-element_type=\"column\">\n\t\t\t<div class=\"elementor-widget-wrap elementor-element-populated\">\n\t\t\t\t\t\t<div class=\"elementor-element elementor-element-6885a69 elementor-widget elementor-widget-image\" data-id=\"6885a69\" data-element_type=\"widget\" data-widget_type=\"image.default\">\n\t\t\t\t<div class=\"elementor-widget-container\">\n\t\t\t\t\t\t\t\t\t\t\t\t\t\t\t<img fetchpriority=\"high\" decoding=\"async\" width=\"497\" height=\"497\" src=\"https:\/\/prefecturadeesmeraldas.gob.ec\/wp-content\/uploads\/2021\/07\/Imagen10.jpg\" class=\"attachment-large size-large wp-image-11979\" alt=\"\" srcset=\"https:\/\/prefecturadeesmeraldas.gob.ec\/wp-content\/uploads\/2021\/07\/Imagen10.jpg 497w, https:\/\/prefecturadeesmeraldas.gob.ec\/wp-content\/uploads\/2021\/07\/Imagen10-240x240.jpg 240w, https:\/\/prefecturadeesmeraldas.gob.ec\/wp-content\/uploads\/2021\/07\/Imagen10-150x150.jpg 150w, https:\/\/prefecturadeesmeraldas.gob.ec\/wp-content\/uploads\/2021\/07\/Imagen10-300x300.jpg 300w\" sizes=\"(max-width: 497px) 100vw, 497px\" \/>\t\t\t\t\t\t\t\t\t\t\t\t\t\t\t<\/div>\n\t\t\t\t<\/div>\n\t\t\t\t\t<\/div>\n\t\t<\/div>\n\t\t\t\t\t<\/div>\n\t\t<\/section>\n\t\t\t\t<section class=\"elementor-section elementor-top-section elementor-element elementor-element-c650f3e elementor-section-boxed elementor-section-height-default elementor-section-height-default\" data-id=\"c650f3e\" data-element_type=\"section\">\n\t\t\t\t\t\t<div class=\"elementor-container elementor-column-gap-default\">\n\t\t\t\t\t<div class=\"elementor-column elementor-col-100 elementor-top-column elementor-element elementor-element-4424242\" data-id=\"4424242\" data-element_type=\"column\">\n\t\t\t<div class=\"elementor-widget-wrap elementor-element-populated\">\n\t\t\t\t\t\t<div class=\"elementor-element elementor-element-6cb0f22 elementor-widget elementor-widget-text-editor\" data-id=\"6cb0f22\" data-element_type=\"widget\" data-widget_type=\"text-editor.default\">\n\t\t\t\t<div class=\"elementor-widget-container\">\n\t\t\t\t\t\t\t\t\t<p>Paralelamente a la soluci\u00f3n de una falla geol\u00f3gica situada en el kil\u00f3metro 3, de la <strong>v\u00eda El Mirador &#8211; Las Juanitas<\/strong>, operadores y maquinaria de la <strong>Prefectura de Esmeraldas<\/strong>, realizan el mantenimiento general de la v\u00eda de aproximadamente <strong>8 kil\u00f3metros<\/strong>, por la que diariamente circulan personas de comunidades como <strong>Naranjal<\/strong>, <strong>Las Mercedes<\/strong>, <strong>La Esperanza<\/strong>, <strong>Libertad Lojana<\/strong>, <strong>Tachina Cabecera<\/strong> y <strong>Las Juanitas<\/strong>, pertenecientes a la parroquia <strong>Cube<\/strong>, del cant\u00f3n <strong>Quinind\u00e9<\/strong>.<\/p><p>Con la utilizaci\u00f3n de una retroexcavadora, una motoniveladora y una aplanadora, para la ejecuci\u00f3n de labores de limpieza y reconformaci\u00f3n de la v\u00eda, avanzan los trabajos de mantenimiento de la red vial rural de segundo y tercer orden en la provincia.<\/p><p>La ejecuci\u00f3n de los trabajos representa un cambio positivo para <strong>Fernando Jos\u00e9 Olmedo<\/strong>, joven conductor, quien describi\u00f3 los beneficios que, producto de las acciones desarrolladas, mejoran la calidad de vida de la poblaci\u00f3n.<\/p><p>A bordo de una motocicleta, <strong>Jordi Bonilla<\/strong>, habitante de comunidad Las Juanitas, dijo empezar a sentir una mejora en las condiciones de tr\u00e1nsito y movilidad, esto al percibir c\u00f3mo se hace m\u00e1s sencillo manejar.<\/p><p>Expres\u00f3 sentir mucha confianza en que la administraci\u00f3n de la prefecta <strong>Roberta Zambrano Ortiz<\/strong> y del viceprefecto <strong>Diego Zambrano Loor<\/strong>, sigan trabajando en favor de la comunidad rural de la provincia de Esmeraldas.<\/p>\t\t\t\t\t\t\t\t<\/div>\n\t\t\t\t<\/div>\n\t\t\t\t\t<\/div>\n\t\t<\/div>\n\t\t\t\t\t<\/div>\n\t\t<\/section>\n\t\t\t\t<\/div>\n\t\t","protected":false},"excerpt":{"rendered":"<p>Paralelamente a la soluci\u00f3n de una falla geol\u00f3gica situada en el kil\u00f3metro 3, de la v\u00eda El Mirador &#8211; Las Juanitas, operadores y maquinaria de la Prefectura de Esmeraldas, realizan el mantenimiento general de la v\u00eda de aproximadamente 8 kil\u00f3metros, por la que diariamente circulan personas de comunidades como Naranjal, Las Mercedes, La Esperanza, Libertad [&hellip;]<\/p>\n","protected":false},"author":2,"featured_media":11979,"comment_status":"closed","ping_status":"open","sticky":false,"template":"","format":"standard","meta":{"footnotes":""},"categories":[14],"tags":[],"class_list":["post-11978","post","type-post","status-publish","format-standard","has-post-thumbnail","hentry","category-vialidad"],"yoast_head":"<!-- This site is optimized with the Yoast SEO plugin v25.7 - https:\/\/yoast.com\/wordpress\/plugins\/seo\/ -->\n<title>Infraestructura vial de la Prefectura, emprende labor de mantenimiento vial entre las comunidades El Mirador y Las Juanitas. - Gobierno Aut\u00f3nomo Descentralizado de la Provincia de Esmeraldas<\/title>\n<meta name=\"robots\" content=\"index, follow, max-snippet:-1, max-image-preview:large, max-video-preview:-1\" \/>\n<link rel=\"canonical\" href=\"https:\/\/prefecturadeesmeraldas.gob.ec\/index.php\/2021\/07\/23\/infraestructura-vial-de-la-prefectura-emprende-labor-de-mantenimiento-vial-entre-las-comunidades-el-mirador-y-las-juanitas\/\" \/>\n<meta property=\"og:locale\" content=\"es_ES\" \/>\n<meta property=\"og:type\" content=\"article\" \/>\n<meta property=\"og:title\" content=\"Infraestructura vial de la Prefectura, emprende labor de mantenimiento vial entre las comunidades El Mirador y Las Juanitas. - Gobierno Aut\u00f3nomo Descentralizado de la Provincia de Esmeraldas\" \/>\n<meta property=\"og:description\" content=\"Paralelamente a la soluci\u00f3n de una falla geol\u00f3gica situada en el kil\u00f3metro 3, de la v\u00eda El Mirador &#8211; Las Juanitas, operadores y maquinaria de la Prefectura de Esmeraldas, realizan el mantenimiento general de la v\u00eda de aproximadamente 8 kil\u00f3metros, por la que diariamente circulan personas de comunidades como Naranjal, Las Mercedes, La Esperanza, Libertad [&hellip;]\" \/>\n<meta property=\"og:url\" content=\"https:\/\/prefecturadeesmeraldas.gob.ec\/index.php\/2021\/07\/23\/infraestructura-vial-de-la-prefectura-emprende-labor-de-mantenimiento-vial-entre-las-comunidades-el-mirador-y-las-juanitas\/\" \/>\n<meta property=\"og:site_name\" content=\"Gobierno Aut\u00f3nomo Descentralizado de la Provincia de Esmeraldas\" \/>\n<meta property=\"article:publisher\" content=\"https:\/\/www.facebook.com\/PrefecturaEsmeraldas\/\" \/>\n<meta property=\"article:published_time\" content=\"2021-07-23T15:54:38+00:00\" \/>\n<meta property=\"article:modified_time\" content=\"2021-07-23T15:54:54+00:00\" \/>\n<meta property=\"og:image\" content=\"https:\/\/prefecturadeesmeraldas.gob.ec\/wp-content\/uploads\/2021\/07\/Imagen10.jpg\" \/>\n\t<meta property=\"og:image:width\" content=\"497\" \/>\n\t<meta property=\"og:image:height\" content=\"497\" \/>\n\t<meta property=\"og:image:type\" content=\"image\/jpeg\" \/>\n<meta name=\"author\" content=\"Direcci\u00f3n de Comunicaci\u00f3n\" \/>\n<meta name=\"twitter:card\" content=\"summary_large_image\" \/>\n<meta name=\"twitter:label1\" content=\"Escrito por\" \/>\n\t<meta name=\"twitter:data1\" content=\"Direcci\u00f3n de Comunicaci\u00f3n\" \/>\n\t<meta name=\"twitter:label2\" content=\"Tiempo de lectura\" \/>\n\t<meta name=\"twitter:data2\" content=\"1 minuto\" \/>\n<script type=\"application\/ld+json\" class=\"yoast-schema-graph\">{\"@context\":\"https:\/\/schema.org\",\"@graph\":[{\"@type\":\"Article\",\"@id\":\"https:\/\/prefecturadeesmeraldas.gob.ec\/index.php\/2021\/07\/23\/infraestructura-vial-de-la-prefectura-emprende-labor-de-mantenimiento-vial-entre-las-comunidades-el-mirador-y-las-juanitas\/#article\",\"isPartOf\":{\"@id\":\"https:\/\/prefecturadeesmeraldas.gob.ec\/index.php\/2021\/07\/23\/infraestructura-vial-de-la-prefectura-emprende-labor-de-mantenimiento-vial-entre-las-comunidades-el-mirador-y-las-juanitas\/\"},\"author\":{\"name\":\"Direcci\u00f3n de Comunicaci\u00f3n\",\"@id\":\"https:\/\/prefecturadeesmeraldas.gob.ec\/#\/schema\/person\/b0c9e7b1ead7725994d1e319e8825234\"},\"headline\":\"Infraestructura vial de la Prefectura, emprende labor de mantenimiento vial entre las comunidades El Mirador y Las Juanitas.\",\"datePublished\":\"2021-07-23T15:54:38+00:00\",\"dateModified\":\"2021-07-23T15:54:54+00:00\",\"mainEntityOfPage\":{\"@id\":\"https:\/\/prefecturadeesmeraldas.gob.ec\/index.php\/2021\/07\/23\/infraestructura-vial-de-la-prefectura-emprende-labor-de-mantenimiento-vial-entre-las-comunidades-el-mirador-y-las-juanitas\/\"},\"wordCount\":243,\"publisher\":{\"@id\":\"https:\/\/prefecturadeesmeraldas.gob.ec\/#organization\"},\"image\":{\"@id\":\"https:\/\/prefecturadeesmeraldas.gob.ec\/index.php\/2021\/07\/23\/infraestructura-vial-de-la-prefectura-emprende-labor-de-mantenimiento-vial-entre-las-comunidades-el-mirador-y-las-juanitas\/#primaryimage\"},\"thumbnailUrl\":\"https:\/\/prefecturadeesmeraldas.gob.ec\/wp-content\/uploads\/2021\/07\/Imagen10.jpg\",\"articleSection\":[\"Vialidad\"],\"inLanguage\":\"es\"},{\"@type\":\"WebPage\",\"@id\":\"https:\/\/prefecturadeesmeraldas.gob.ec\/index.php\/2021\/07\/23\/infraestructura-vial-de-la-prefectura-emprende-labor-de-mantenimiento-vial-entre-las-comunidades-el-mirador-y-las-juanitas\/\",\"url\":\"https:\/\/prefecturadeesmeraldas.gob.ec\/index.php\/2021\/07\/23\/infraestructura-vial-de-la-prefectura-emprende-labor-de-mantenimiento-vial-entre-las-comunidades-el-mirador-y-las-juanitas\/\",\"name\":\"Infraestructura vial de la Prefectura, emprende labor de mantenimiento vial entre las comunidades El Mirador y Las Juanitas. - Gobierno Aut\u00f3nomo Descentralizado de la Provincia de Esmeraldas\",\"isPartOf\":{\"@id\":\"https:\/\/prefecturadeesmeraldas.gob.ec\/#website\"},\"primaryImageOfPage\":{\"@id\":\"https:\/\/prefecturadeesmeraldas.gob.ec\/index.php\/2021\/07\/23\/infraestructura-vial-de-la-prefectura-emprende-labor-de-mantenimiento-vial-entre-las-comunidades-el-mirador-y-las-juanitas\/#primaryimage\"},\"image\":{\"@id\":\"https:\/\/prefecturadeesmeraldas.gob.ec\/index.php\/2021\/07\/23\/infraestructura-vial-de-la-prefectura-emprende-labor-de-mantenimiento-vial-entre-las-comunidades-el-mirador-y-las-juanitas\/#primaryimage\"},\"thumbnailUrl\":\"https:\/\/prefecturadeesmeraldas.gob.ec\/wp-content\/uploads\/2021\/07\/Imagen10.jpg\",\"datePublished\":\"2021-07-23T15:54:38+00:00\",\"dateModified\":\"2021-07-23T15:54:54+00:00\",\"breadcrumb\":{\"@id\":\"https:\/\/prefecturadeesmeraldas.gob.ec\/index.php\/2021\/07\/23\/infraestructura-vial-de-la-prefectura-emprende-labor-de-mantenimiento-vial-entre-las-comunidades-el-mirador-y-las-juanitas\/#breadcrumb\"},\"inLanguage\":\"es\",\"potentialAction\":[{\"@type\":\"ReadAction\",\"target\":[\"https:\/\/prefecturadeesmeraldas.gob.ec\/index.php\/2021\/07\/23\/infraestructura-vial-de-la-prefectura-emprende-labor-de-mantenimiento-vial-entre-las-comunidades-el-mirador-y-las-juanitas\/\"]}]},{\"@type\":\"ImageObject\",\"inLanguage\":\"es\",\"@id\":\"https:\/\/prefecturadeesmeraldas.gob.ec\/index.php\/2021\/07\/23\/infraestructura-vial-de-la-prefectura-emprende-labor-de-mantenimiento-vial-entre-las-comunidades-el-mirador-y-las-juanitas\/#primaryimage\",\"url\":\"https:\/\/prefecturadeesmeraldas.gob.ec\/wp-content\/uploads\/2021\/07\/Imagen10.jpg\",\"contentUrl\":\"https:\/\/prefecturadeesmeraldas.gob.ec\/wp-content\/uploads\/2021\/07\/Imagen10.jpg\",\"width\":497,\"height\":497},{\"@type\":\"BreadcrumbList\",\"@id\":\"https:\/\/prefecturadeesmeraldas.gob.ec\/index.php\/2021\/07\/23\/infraestructura-vial-de-la-prefectura-emprende-labor-de-mantenimiento-vial-entre-las-comunidades-el-mirador-y-las-juanitas\/#breadcrumb\",\"itemListElement\":[{\"@type\":\"ListItem\",\"position\":1,\"name\":\"Home\",\"item\":\"https:\/\/prefecturadeesmeraldas.gob.ec\/\"},{\"@type\":\"ListItem\",\"position\":2,\"name\":\"Infraestructura vial de la Prefectura, emprende labor de mantenimiento vial entre las comunidades El Mirador y Las Juanitas.\"}]},{\"@type\":\"WebSite\",\"@id\":\"https:\/\/prefecturadeesmeraldas.gob.ec\/#website\",\"url\":\"https:\/\/prefecturadeesmeraldas.gob.ec\/\",\"name\":\"Gobierno Aut\u00f3nomo Descentralizado de la Provincia de Esmeraldas\",\"description\":\"Gobierno Aut\u00f3nomo Descentralizado de la Provincia de Esmeraldas\",\"publisher\":{\"@id\":\"https:\/\/prefecturadeesmeraldas.gob.ec\/#organization\"},\"potentialAction\":[{\"@type\":\"SearchAction\",\"target\":{\"@type\":\"EntryPoint\",\"urlTemplate\":\"https:\/\/prefecturadeesmeraldas.gob.ec\/?s={search_term_string}\"},\"query-input\":{\"@type\":\"PropertyValueSpecification\",\"valueRequired\":true,\"valueName\":\"search_term_string\"}}],\"inLanguage\":\"es\"},{\"@type\":\"Organization\",\"@id\":\"https:\/\/prefecturadeesmeraldas.gob.ec\/#organization\",\"name\":\"Gobierno Aut\u00f3nomo Descentralizado de la Provincia de Esmeraldas\",\"url\":\"https:\/\/prefecturadeesmeraldas.gob.ec\/\",\"logo\":{\"@type\":\"ImageObject\",\"inLanguage\":\"es\",\"@id\":\"https:\/\/prefecturadeesmeraldas.gob.ec\/#\/schema\/logo\/image\/\",\"url\":\"https:\/\/prefecturadeesmeraldas.gob.ec\/wp-content\/uploads\/2019\/06\/logo.png\",\"contentUrl\":\"https:\/\/prefecturadeesmeraldas.gob.ec\/wp-content\/uploads\/2019\/06\/logo.png\",\"width\":859,\"height\":448,\"caption\":\"Gobierno Aut\u00f3nomo Descentralizado de la Provincia de Esmeraldas\"},\"image\":{\"@id\":\"https:\/\/prefecturadeesmeraldas.gob.ec\/#\/schema\/logo\/image\/\"},\"sameAs\":[\"https:\/\/www.facebook.com\/PrefecturaEsmeraldas\/\"]},{\"@type\":\"Person\",\"@id\":\"https:\/\/prefecturadeesmeraldas.gob.ec\/#\/schema\/person\/b0c9e7b1ead7725994d1e319e8825234\",\"name\":\"Direcci\u00f3n de Comunicaci\u00f3n\",\"image\":{\"@type\":\"ImageObject\",\"inLanguage\":\"es\",\"@id\":\"https:\/\/prefecturadeesmeraldas.gob.ec\/#\/schema\/person\/image\/\",\"url\":\"https:\/\/secure.gravatar.com\/avatar\/74a3870a946f5d774ade3569af61a72308e07ad3346f370c4b468ee2a9858658?s=96&d=mm&r=g\",\"contentUrl\":\"https:\/\/secure.gravatar.com\/avatar\/74a3870a946f5d774ade3569af61a72308e07ad3346f370c4b468ee2a9858658?s=96&d=mm&r=g\",\"caption\":\"Direcci\u00f3n de Comunicaci\u00f3n\"}}]}<\/script>\n<!-- \/ Yoast SEO plugin. -->","yoast_head_json":{"title":"Infraestructura vial de la Prefectura, emprende labor de mantenimiento vial entre las comunidades El Mirador y Las Juanitas. - Gobierno Aut\u00f3nomo Descentralizado de la Provincia de Esmeraldas","robots":{"index":"index","follow":"follow","max-snippet":"max-snippet:-1","max-image-preview":"max-image-preview:large","max-video-preview":"max-video-preview:-1"},"canonical":"https:\/\/prefecturadeesmeraldas.gob.ec\/index.php\/2021\/07\/23\/infraestructura-vial-de-la-prefectura-emprende-labor-de-mantenimiento-vial-entre-las-comunidades-el-mirador-y-las-juanitas\/","og_locale":"es_ES","og_type":"article","og_title":"Infraestructura vial de la Prefectura, emprende labor de mantenimiento vial entre las comunidades El Mirador y Las Juanitas. - Gobierno Aut\u00f3nomo Descentralizado de la Provincia de Esmeraldas","og_description":"Paralelamente a la soluci\u00f3n de una falla geol\u00f3gica situada en el kil\u00f3metro 3, de la v\u00eda El Mirador &#8211; Las Juanitas, operadores y maquinaria de la Prefectura de Esmeraldas, realizan el mantenimiento general de la v\u00eda de aproximadamente 8 kil\u00f3metros, por la que diariamente circulan personas de comunidades como Naranjal, Las Mercedes, La Esperanza, Libertad [&hellip;]","og_url":"https:\/\/prefecturadeesmeraldas.gob.ec\/index.php\/2021\/07\/23\/infraestructura-vial-de-la-prefectura-emprende-labor-de-mantenimiento-vial-entre-las-comunidades-el-mirador-y-las-juanitas\/","og_site_name":"Gobierno Aut\u00f3nomo Descentralizado de la Provincia de Esmeraldas","article_publisher":"https:\/\/www.facebook.com\/PrefecturaEsmeraldas\/","article_published_time":"2021-07-23T15:54:38+00:00","article_modified_time":"2021-07-23T15:54:54+00:00","og_image":[{"width":497,"height":497,"url":"https:\/\/prefecturadeesmeraldas.gob.ec\/wp-content\/uploads\/2021\/07\/Imagen10.jpg","type":"image\/jpeg"}],"author":"Direcci\u00f3n de Comunicaci\u00f3n","twitter_card":"summary_large_image","twitter_misc":{"Escrito por":"Direcci\u00f3n de Comunicaci\u00f3n","Tiempo de lectura":"1 minuto"},"schema":{"@context":"https:\/\/schema.org","@graph":[{"@type":"Article","@id":"https:\/\/prefecturadeesmeraldas.gob.ec\/index.php\/2021\/07\/23\/infraestructura-vial-de-la-prefectura-emprende-labor-de-mantenimiento-vial-entre-las-comunidades-el-mirador-y-las-juanitas\/#article","isPartOf":{"@id":"https:\/\/prefecturadeesmeraldas.gob.ec\/index.php\/2021\/07\/23\/infraestructura-vial-de-la-prefectura-emprende-labor-de-mantenimiento-vial-entre-las-comunidades-el-mirador-y-las-juanitas\/"},"author":{"name":"Direcci\u00f3n de Comunicaci\u00f3n","@id":"https:\/\/prefecturadeesmeraldas.gob.ec\/#\/schema\/person\/b0c9e7b1ead7725994d1e319e8825234"},"headline":"Infraestructura vial de la Prefectura, emprende labor de mantenimiento vial entre las comunidades El Mirador y Las Juanitas.","datePublished":"2021-07-23T15:54:38+00:00","dateModified":"2021-07-23T15:54:54+00:00","mainEntityOfPage":{"@id":"https:\/\/prefecturadeesmeraldas.gob.ec\/index.php\/2021\/07\/23\/infraestructura-vial-de-la-prefectura-emprende-labor-de-mantenimiento-vial-entre-las-comunidades-el-mirador-y-las-juanitas\/"},"wordCount":243,"publisher":{"@id":"https:\/\/prefecturadeesmeraldas.gob.ec\/#organization"},"image":{"@id":"https:\/\/prefecturadeesmeraldas.gob.ec\/index.php\/2021\/07\/23\/infraestructura-vial-de-la-prefectura-emprende-labor-de-mantenimiento-vial-entre-las-comunidades-el-mirador-y-las-juanitas\/#primaryimage"},"thumbnailUrl":"https:\/\/prefecturadeesmeraldas.gob.ec\/wp-content\/uploads\/2021\/07\/Imagen10.jpg","articleSection":["Vialidad"],"inLanguage":"es"},{"@type":"WebPage","@id":"https:\/\/prefecturadeesmeraldas.gob.ec\/index.php\/2021\/07\/23\/infraestructura-vial-de-la-prefectura-emprende-labor-de-mantenimiento-vial-entre-las-comunidades-el-mirador-y-las-juanitas\/","url":"https:\/\/prefecturadeesmeraldas.gob.ec\/index.php\/2021\/07\/23\/infraestructura-vial-de-la-prefectura-emprende-labor-de-mantenimiento-vial-entre-las-comunidades-el-mirador-y-las-juanitas\/","name":"Infraestructura vial de la Prefectura, emprende labor de mantenimiento vial entre las comunidades El Mirador y Las Juanitas. - Gobierno Aut\u00f3nomo Descentralizado de la Provincia de Esmeraldas","isPartOf":{"@id":"https:\/\/prefecturadeesmeraldas.gob.ec\/#website"},"primaryImageOfPage":{"@id":"https:\/\/prefecturadeesmeraldas.gob.ec\/index.php\/2021\/07\/23\/infraestructura-vial-de-la-prefectura-emprende-labor-de-mantenimiento-vial-entre-las-comunidades-el-mirador-y-las-juanitas\/#primaryimage"},"image":{"@id":"https:\/\/prefecturadeesmeraldas.gob.ec\/index.php\/2021\/07\/23\/infraestructura-vial-de-la-prefectura-emprende-labor-de-mantenimiento-vial-entre-las-comunidades-el-mirador-y-las-juanitas\/#primaryimage"},"thumbnailUrl":"https:\/\/prefecturadeesmeraldas.gob.ec\/wp-content\/uploads\/2021\/07\/Imagen10.jpg","datePublished":"2021-07-23T15:54:38+00:00","dateModified":"2021-07-23T15:54:54+00:00","breadcrumb":{"@id":"https:\/\/prefecturadeesmeraldas.gob.ec\/index.php\/2021\/07\/23\/infraestructura-vial-de-la-prefectura-emprende-labor-de-mantenimiento-vial-entre-las-comunidades-el-mirador-y-las-juanitas\/#breadcrumb"},"inLanguage":"es","potentialAction":[{"@type":"ReadAction","target":["https:\/\/prefecturadeesmeraldas.gob.ec\/index.php\/2021\/07\/23\/infraestructura-vial-de-la-prefectura-emprende-labor-de-mantenimiento-vial-entre-las-comunidades-el-mirador-y-las-juanitas\/"]}]},{"@type":"ImageObject","inLanguage":"es","@id":"https:\/\/prefecturadeesmeraldas.gob.ec\/index.php\/2021\/07\/23\/infraestructura-vial-de-la-prefectura-emprende-labor-de-mantenimiento-vial-entre-las-comunidades-el-mirador-y-las-juanitas\/#primaryimage","url":"https:\/\/prefecturadeesmeraldas.gob.ec\/wp-content\/uploads\/2021\/07\/Imagen10.jpg","contentUrl":"https:\/\/prefecturadeesmeraldas.gob.ec\/wp-content\/uploads\/2021\/07\/Imagen10.jpg","width":497,"height":497},{"@type":"BreadcrumbList","@id":"https:\/\/prefecturadeesmeraldas.gob.ec\/index.php\/2021\/07\/23\/infraestructura-vial-de-la-prefectura-emprende-labor-de-mantenimiento-vial-entre-las-comunidades-el-mirador-y-las-juanitas\/#breadcrumb","itemListElement":[{"@type":"ListItem","position":1,"name":"Home","item":"https:\/\/prefecturadeesmeraldas.gob.ec\/"},{"@type":"ListItem","position":2,"name":"Infraestructura vial de la Prefectura, emprende labor de mantenimiento vial entre las comunidades El Mirador y Las Juanitas."}]},{"@type":"WebSite","@id":"https:\/\/prefecturadeesmeraldas.gob.ec\/#website","url":"https:\/\/prefecturadeesmeraldas.gob.ec\/","name":"Gobierno Aut\u00f3nomo Descentralizado de la Provincia de Esmeraldas","description":"Gobierno Aut\u00f3nomo Descentralizado de la Provincia de Esmeraldas","publisher":{"@id":"https:\/\/prefecturadeesmeraldas.gob.ec\/#organization"},"potentialAction":[{"@type":"SearchAction","target":{"@type":"EntryPoint","urlTemplate":"https:\/\/prefecturadeesmeraldas.gob.ec\/?s={search_term_string}"},"query-input":{"@type":"PropertyValueSpecification","valueRequired":true,"valueName":"search_term_string"}}],"inLanguage":"es"},{"@type":"Organization","@id":"https:\/\/prefecturadeesmeraldas.gob.ec\/#organization","name":"Gobierno Aut\u00f3nomo Descentralizado de la Provincia de Esmeraldas","url":"https:\/\/prefecturadeesmeraldas.gob.ec\/","logo":{"@type":"ImageObject","inLanguage":"es","@id":"https:\/\/prefecturadeesmeraldas.gob.ec\/#\/schema\/logo\/image\/","url":"https:\/\/prefecturadeesmeraldas.gob.ec\/wp-content\/uploads\/2019\/06\/logo.png","contentUrl":"https:\/\/prefecturadeesmeraldas.gob.ec\/wp-content\/uploads\/2019\/06\/logo.png","width":859,"height":448,"caption":"Gobierno Aut\u00f3nomo Descentralizado de la Provincia de Esmeraldas"},"image":{"@id":"https:\/\/prefecturadeesmeraldas.gob.ec\/#\/schema\/logo\/image\/"},"sameAs":["https:\/\/www.facebook.com\/PrefecturaEsmeraldas\/"]},{"@type":"Person","@id":"https:\/\/prefecturadeesmeraldas.gob.ec\/#\/schema\/person\/b0c9e7b1ead7725994d1e319e8825234","name":"Direcci\u00f3n de Comunicaci\u00f3n","image":{"@type":"ImageObject","inLanguage":"es","@id":"https:\/\/prefecturadeesmeraldas.gob.ec\/#\/schema\/person\/image\/","url":"https:\/\/secure.gravatar.com\/avatar\/74a3870a946f5d774ade3569af61a72308e07ad3346f370c4b468ee2a9858658?s=96&d=mm&r=g","contentUrl":"https:\/\/secure.gravatar.com\/avatar\/74a3870a946f5d774ade3569af61a72308e07ad3346f370c4b468ee2a9858658?s=96&d=mm&r=g","caption":"Direcci\u00f3n de Comunicaci\u00f3n"}}]}},"_links":{"self":[{"href":"https:\/\/prefecturadeesmeraldas.gob.ec\/index.php\/wp-json\/wp\/v2\/posts\/11978","targetHints":{"allow":["GET"]}}],"collection":[{"href":"https:\/\/prefecturadeesmeraldas.gob.ec\/index.php\/wp-json\/wp\/v2\/posts"}],"about":[{"href":"https:\/\/prefecturadeesmeraldas.gob.ec\/index.php\/wp-json\/wp\/v2\/types\/post"}],"author":[{"embeddable":true,"href":"https:\/\/prefecturadeesmeraldas.gob.ec\/index.php\/wp-json\/wp\/v2\/users\/2"}],"replies":[{"embeddable":true,"href":"https:\/\/prefecturadeesmeraldas.gob.ec\/index.php\/wp-json\/wp\/v2\/comments?post=11978"}],"version-history":[{"count":0,"href":"https:\/\/prefecturadeesmeraldas.gob.ec\/index.php\/wp-json\/wp\/v2\/posts\/11978\/revisions"}],"wp:featuredmedia":[{"embeddable":true,"href":"https:\/\/prefecturadeesmeraldas.gob.ec\/index.php\/wp-json\/wp\/v2\/media\/11979"}],"wp:attachment":[{"href":"https:\/\/prefecturadeesmeraldas.gob.ec\/index.php\/wp-json\/wp\/v2\/media?parent=11978"}],"wp:term":[{"taxonomy":"category","embeddable":true,"href":"https:\/\/prefecturadeesmeraldas.gob.ec\/index.php\/wp-json\/wp\/v2\/categories?post=11978"},{"taxonomy":"post_tag","embeddable":true,"href":"https:\/\/prefecturadeesmeraldas.gob.ec\/index.php\/wp-json\/wp\/v2\/tags?post=11978"}],"curies":[{"name":"wp","href":"https:\/\/api.w.org\/{rel}","templated":true}]}}