{"id":11963,"date":"2021-07-23T10:43:05","date_gmt":"2021-07-23T15:43:05","guid":{"rendered":"http:\/\/prefecturadeesmeraldas.gob.ec\/?p=11963"},"modified":"2021-07-23T10:43:43","modified_gmt":"2021-07-23T15:43:43","slug":"direccion-de-accion-social-de-la-prefectura-de-esmeraldas-emprende-talleres-preparatorios-para-la-construccion-del-presupuesto-participativo-2022","status":"publish","type":"post","link":"https:\/\/prefecturadeesmeraldas.gob.ec\/index.php\/2021\/07\/23\/direccion-de-accion-social-de-la-prefectura-de-esmeraldas-emprende-talleres-preparatorios-para-la-construccion-del-presupuesto-participativo-2022\/","title":{"rendered":"Direcci\u00f3n de Acci\u00f3n Social de la Prefectura de Esmeraldas emprende talleres preparatorios para la construcci\u00f3n del presupuesto participativo 2022."},"content":{"rendered":"\t\t<div data-elementor-type=\"wp-post\" data-elementor-id=\"11963\" class=\"elementor elementor-11963\">\n\t\t\t\t\t\t<section class=\"elementor-section elementor-top-section elementor-element elementor-element-611175e elementor-section-boxed elementor-section-height-default elementor-section-height-default\" data-id=\"611175e\" data-element_type=\"section\">\n\t\t\t\t\t\t<div class=\"elementor-container elementor-column-gap-default\">\n\t\t\t\t\t<div class=\"elementor-column elementor-col-100 elementor-top-column elementor-element elementor-element-cbfcf4c\" data-id=\"cbfcf4c\" data-element_type=\"column\">\n\t\t\t<div class=\"elementor-widget-wrap elementor-element-populated\">\n\t\t\t\t\t\t<div class=\"elementor-element elementor-element-859b325 elementor-widget elementor-widget-image\" data-id=\"859b325\" data-element_type=\"widget\" data-widget_type=\"image.default\">\n\t\t\t\t<div class=\"elementor-widget-container\">\n\t\t\t\t\t\t\t\t\t\t\t\t\t\t\t<img fetchpriority=\"high\" decoding=\"async\" width=\"403\" height=\"403\" src=\"https:\/\/prefecturadeesmeraldas.gob.ec\/wp-content\/uploads\/2021\/07\/Imagen7-1.jpg\" class=\"attachment-large size-large wp-image-11964\" alt=\"\" srcset=\"https:\/\/prefecturadeesmeraldas.gob.ec\/wp-content\/uploads\/2021\/07\/Imagen7-1.jpg 403w, https:\/\/prefecturadeesmeraldas.gob.ec\/wp-content\/uploads\/2021\/07\/Imagen7-1-240x240.jpg 240w, https:\/\/prefecturadeesmeraldas.gob.ec\/wp-content\/uploads\/2021\/07\/Imagen7-1-150x150.jpg 150w, https:\/\/prefecturadeesmeraldas.gob.ec\/wp-content\/uploads\/2021\/07\/Imagen7-1-300x300.jpg 300w\" sizes=\"(max-width: 403px) 100vw, 403px\" \/>\t\t\t\t\t\t\t\t\t\t\t\t\t\t\t<\/div>\n\t\t\t\t<\/div>\n\t\t\t\t\t<\/div>\n\t\t<\/div>\n\t\t\t\t\t<\/div>\n\t\t<\/section>\n\t\t\t\t<section class=\"elementor-section elementor-top-section elementor-element elementor-element-a4bb485 elementor-section-boxed elementor-section-height-default elementor-section-height-default\" data-id=\"a4bb485\" data-element_type=\"section\">\n\t\t\t\t\t\t<div class=\"elementor-container elementor-column-gap-default\">\n\t\t\t\t\t<div class=\"elementor-column elementor-col-100 elementor-top-column elementor-element elementor-element-bf24f7e\" data-id=\"bf24f7e\" data-element_type=\"column\">\n\t\t\t<div class=\"elementor-widget-wrap elementor-element-populated\">\n\t\t\t\t\t\t<div class=\"elementor-element elementor-element-cdf516f elementor-widget elementor-widget-text-editor\" data-id=\"cdf516f\" data-element_type=\"widget\" data-widget_type=\"text-editor.default\">\n\t\t\t\t<div class=\"elementor-widget-container\">\n\t\t\t\t\t\t\t\t\t<p>Aplicando los mecanismos de participaci\u00f3n ciudadana, t\u00e9cnicos de la <strong>Direcci\u00f3n de Acci\u00f3n Social de la Prefectura de Esmeraldas<\/strong>, iniciaron la realizaci\u00f3n de varios talleres preparatorios para la construcci\u00f3n del presupuesto participativo 2022, que se realizar\u00e1 mediante asamblea.<\/p><p>De manera reciente, en la <strong>parroquia Camarones<\/strong>, culmin\u00f3 este proceso concerniente a la presentaci\u00f3n de requerimientos, en cada uno de los aspectos que maneja la instituci\u00f3n provincial (ambiente, infraestructura, fomento productivo y acceso a la tecnolog\u00eda entre otros), tras el an\u00e1lisis de las necesidades prioritarias que tienen las 8 parroquias que conforma el cant\u00f3n Esmeraldas.<\/p><p><strong>Samuel C\u00e9lleri<\/strong>, director de <strong>Acci\u00f3n Social, Inclusi\u00f3n y Participaci\u00f3n<\/strong>, ente encargado de liderar, as\u00ed como de desarrollar cada una de las jornadas efectuadas en la provincia, manifest\u00f3 que esto forma parte del cumplimiento a lo que dicta la Ley de Participaci\u00f3n, ya que en la Prefectura est\u00e1 abierta y predispuesta a trabajar con cada uno de los niveles de gobierno establecidos en la constituci\u00f3n.<\/p><p>Durante la reuni\u00f3n en la que participaron presidentes, vicepresidentes y vocales de las Juntas Parroquiales de San Mateo, Tachina y Camarones, <strong>Galo Cabezas Ca\u00f1ola<\/strong>, presidente del <strong>Comit\u00e9 de Participaci\u00f3n Ciudadana<\/strong>, detall\u00f3 que, d\u00edas atr\u00e1s, se cumpli\u00f3 este mismo acto con las autoridades de los gobiernos parroquiales de <strong>Majua<\/strong>, <strong>Chinca<\/strong>, <strong>Vuelta Larga<\/strong>, <strong>Tabiazo<\/strong> y <strong>Carlos Concha<\/strong>, completando as\u00ed el cant\u00f3n Esmeraldas.<\/p><p>El consenso, es uno de los conceptos fundamentales dentro de cada una de estas reuniones, seg\u00fan expres\u00f3 <strong>Annie Carranza<\/strong>, consejera provincial y presidenta del <strong>Gobierno Parroquial de Camarones<\/strong>, ya que lo que se busca es que llegue la obra p\u00fablica prioritaria, para ir resolviendo progresivamente las necesidades del sector rural, seg\u00fan detall\u00f3.<\/p>\t\t\t\t\t\t\t\t<\/div>\n\t\t\t\t<\/div>\n\t\t\t\t\t<\/div>\n\t\t<\/div>\n\t\t\t\t\t<\/div>\n\t\t<\/section>\n\t\t\t\t<\/div>\n\t\t","protected":false},"excerpt":{"rendered":"<p>Aplicando los mecanismos de participaci\u00f3n ciudadana, t\u00e9cnicos de la Direcci\u00f3n de Acci\u00f3n Social de la Prefectura de Esmeraldas, iniciaron la realizaci\u00f3n de varios talleres preparatorios para la construcci\u00f3n del presupuesto participativo 2022, que se realizar\u00e1 mediante asamblea. De manera reciente, en la parroquia Camarones, culmin\u00f3 este proceso concerniente a la presentaci\u00f3n de requerimientos, en cada [&hellip;]<\/p>\n","protected":false},"author":2,"featured_media":11964,"comment_status":"closed","ping_status":"open","sticky":false,"template":"","format":"standard","meta":{"footnotes":""},"categories":[23],"tags":[],"class_list":["post-11963","post","type-post","status-publish","format-standard","has-post-thumbnail","hentry","category-dasip"],"yoast_head":"<!-- This site is optimized with the Yoast SEO plugin v25.7 - https:\/\/yoast.com\/wordpress\/plugins\/seo\/ -->\n<title>Direcci\u00f3n de Acci\u00f3n Social de la Prefectura de Esmeraldas emprende talleres preparatorios para la construcci\u00f3n del presupuesto participativo 2022. - Gobierno Aut\u00f3nomo Descentralizado de la Provincia de Esmeraldas<\/title>\n<meta name=\"robots\" content=\"index, follow, max-snippet:-1, max-image-preview:large, max-video-preview:-1\" \/>\n<link rel=\"canonical\" href=\"https:\/\/prefecturadeesmeraldas.gob.ec\/index.php\/2021\/07\/23\/direccion-de-accion-social-de-la-prefectura-de-esmeraldas-emprende-talleres-preparatorios-para-la-construccion-del-presupuesto-participativo-2022\/\" \/>\n<meta property=\"og:locale\" content=\"es_ES\" \/>\n<meta property=\"og:type\" content=\"article\" \/>\n<meta property=\"og:title\" content=\"Direcci\u00f3n de Acci\u00f3n Social de la Prefectura de Esmeraldas emprende talleres preparatorios para la construcci\u00f3n del presupuesto participativo 2022. - Gobierno Aut\u00f3nomo Descentralizado de la Provincia de Esmeraldas\" \/>\n<meta property=\"og:description\" content=\"Aplicando los mecanismos de participaci\u00f3n ciudadana, t\u00e9cnicos de la Direcci\u00f3n de Acci\u00f3n Social de la Prefectura de Esmeraldas, iniciaron la realizaci\u00f3n de varios talleres preparatorios para la construcci\u00f3n del presupuesto participativo 2022, que se realizar\u00e1 mediante asamblea. De manera reciente, en la parroquia Camarones, culmin\u00f3 este proceso concerniente a la presentaci\u00f3n de requerimientos, en cada [&hellip;]\" \/>\n<meta property=\"og:url\" content=\"https:\/\/prefecturadeesmeraldas.gob.ec\/index.php\/2021\/07\/23\/direccion-de-accion-social-de-la-prefectura-de-esmeraldas-emprende-talleres-preparatorios-para-la-construccion-del-presupuesto-participativo-2022\/\" \/>\n<meta property=\"og:site_name\" content=\"Gobierno Aut\u00f3nomo Descentralizado de la Provincia de Esmeraldas\" \/>\n<meta property=\"article:publisher\" content=\"https:\/\/www.facebook.com\/PrefecturaEsmeraldas\/\" \/>\n<meta property=\"article:published_time\" content=\"2021-07-23T15:43:05+00:00\" \/>\n<meta property=\"article:modified_time\" content=\"2021-07-23T15:43:43+00:00\" \/>\n<meta property=\"og:image\" content=\"https:\/\/prefecturadeesmeraldas.gob.ec\/wp-content\/uploads\/2021\/07\/Imagen7-1.jpg\" \/>\n\t<meta property=\"og:image:width\" content=\"403\" \/>\n\t<meta property=\"og:image:height\" content=\"403\" \/>\n\t<meta property=\"og:image:type\" content=\"image\/jpeg\" \/>\n<meta name=\"author\" content=\"Direcci\u00f3n de Comunicaci\u00f3n\" \/>\n<meta name=\"twitter:card\" content=\"summary_large_image\" \/>\n<meta name=\"twitter:label1\" content=\"Escrito por\" \/>\n\t<meta name=\"twitter:data1\" content=\"Direcci\u00f3n de Comunicaci\u00f3n\" \/>\n\t<meta name=\"twitter:label2\" content=\"Tiempo de lectura\" \/>\n\t<meta name=\"twitter:data2\" content=\"1 minuto\" \/>\n<script type=\"application\/ld+json\" class=\"yoast-schema-graph\">{\"@context\":\"https:\/\/schema.org\",\"@graph\":[{\"@type\":\"Article\",\"@id\":\"https:\/\/prefecturadeesmeraldas.gob.ec\/index.php\/2021\/07\/23\/direccion-de-accion-social-de-la-prefectura-de-esmeraldas-emprende-talleres-preparatorios-para-la-construccion-del-presupuesto-participativo-2022\/#article\",\"isPartOf\":{\"@id\":\"https:\/\/prefecturadeesmeraldas.gob.ec\/index.php\/2021\/07\/23\/direccion-de-accion-social-de-la-prefectura-de-esmeraldas-emprende-talleres-preparatorios-para-la-construccion-del-presupuesto-participativo-2022\/\"},\"author\":{\"name\":\"Direcci\u00f3n de Comunicaci\u00f3n\",\"@id\":\"https:\/\/prefecturadeesmeraldas.gob.ec\/#\/schema\/person\/b0c9e7b1ead7725994d1e319e8825234\"},\"headline\":\"Direcci\u00f3n de Acci\u00f3n Social de la Prefectura de Esmeraldas emprende talleres preparatorios para la construcci\u00f3n del presupuesto participativo 2022.\",\"datePublished\":\"2021-07-23T15:43:05+00:00\",\"dateModified\":\"2021-07-23T15:43:43+00:00\",\"mainEntityOfPage\":{\"@id\":\"https:\/\/prefecturadeesmeraldas.gob.ec\/index.php\/2021\/07\/23\/direccion-de-accion-social-de-la-prefectura-de-esmeraldas-emprende-talleres-preparatorios-para-la-construccion-del-presupuesto-participativo-2022\/\"},\"wordCount\":313,\"publisher\":{\"@id\":\"https:\/\/prefecturadeesmeraldas.gob.ec\/#organization\"},\"image\":{\"@id\":\"https:\/\/prefecturadeesmeraldas.gob.ec\/index.php\/2021\/07\/23\/direccion-de-accion-social-de-la-prefectura-de-esmeraldas-emprende-talleres-preparatorios-para-la-construccion-del-presupuesto-participativo-2022\/#primaryimage\"},\"thumbnailUrl\":\"https:\/\/prefecturadeesmeraldas.gob.ec\/wp-content\/uploads\/2021\/07\/Imagen7-1.jpg\",\"articleSection\":[\"DASIP\"],\"inLanguage\":\"es\"},{\"@type\":\"WebPage\",\"@id\":\"https:\/\/prefecturadeesmeraldas.gob.ec\/index.php\/2021\/07\/23\/direccion-de-accion-social-de-la-prefectura-de-esmeraldas-emprende-talleres-preparatorios-para-la-construccion-del-presupuesto-participativo-2022\/\",\"url\":\"https:\/\/prefecturadeesmeraldas.gob.ec\/index.php\/2021\/07\/23\/direccion-de-accion-social-de-la-prefectura-de-esmeraldas-emprende-talleres-preparatorios-para-la-construccion-del-presupuesto-participativo-2022\/\",\"name\":\"Direcci\u00f3n de Acci\u00f3n Social de la Prefectura de Esmeraldas emprende talleres preparatorios para la construcci\u00f3n del presupuesto participativo 2022. - Gobierno Aut\u00f3nomo Descentralizado de la Provincia de Esmeraldas\",\"isPartOf\":{\"@id\":\"https:\/\/prefecturadeesmeraldas.gob.ec\/#website\"},\"primaryImageOfPage\":{\"@id\":\"https:\/\/prefecturadeesmeraldas.gob.ec\/index.php\/2021\/07\/23\/direccion-de-accion-social-de-la-prefectura-de-esmeraldas-emprende-talleres-preparatorios-para-la-construccion-del-presupuesto-participativo-2022\/#primaryimage\"},\"image\":{\"@id\":\"https:\/\/prefecturadeesmeraldas.gob.ec\/index.php\/2021\/07\/23\/direccion-de-accion-social-de-la-prefectura-de-esmeraldas-emprende-talleres-preparatorios-para-la-construccion-del-presupuesto-participativo-2022\/#primaryimage\"},\"thumbnailUrl\":\"https:\/\/prefecturadeesmeraldas.gob.ec\/wp-content\/uploads\/2021\/07\/Imagen7-1.jpg\",\"datePublished\":\"2021-07-23T15:43:05+00:00\",\"dateModified\":\"2021-07-23T15:43:43+00:00\",\"breadcrumb\":{\"@id\":\"https:\/\/prefecturadeesmeraldas.gob.ec\/index.php\/2021\/07\/23\/direccion-de-accion-social-de-la-prefectura-de-esmeraldas-emprende-talleres-preparatorios-para-la-construccion-del-presupuesto-participativo-2022\/#breadcrumb\"},\"inLanguage\":\"es\",\"potentialAction\":[{\"@type\":\"ReadAction\",\"target\":[\"https:\/\/prefecturadeesmeraldas.gob.ec\/index.php\/2021\/07\/23\/direccion-de-accion-social-de-la-prefectura-de-esmeraldas-emprende-talleres-preparatorios-para-la-construccion-del-presupuesto-participativo-2022\/\"]}]},{\"@type\":\"ImageObject\",\"inLanguage\":\"es\",\"@id\":\"https:\/\/prefecturadeesmeraldas.gob.ec\/index.php\/2021\/07\/23\/direccion-de-accion-social-de-la-prefectura-de-esmeraldas-emprende-talleres-preparatorios-para-la-construccion-del-presupuesto-participativo-2022\/#primaryimage\",\"url\":\"https:\/\/prefecturadeesmeraldas.gob.ec\/wp-content\/uploads\/2021\/07\/Imagen7-1.jpg\",\"contentUrl\":\"https:\/\/prefecturadeesmeraldas.gob.ec\/wp-content\/uploads\/2021\/07\/Imagen7-1.jpg\",\"width\":403,\"height\":403},{\"@type\":\"BreadcrumbList\",\"@id\":\"https:\/\/prefecturadeesmeraldas.gob.ec\/index.php\/2021\/07\/23\/direccion-de-accion-social-de-la-prefectura-de-esmeraldas-emprende-talleres-preparatorios-para-la-construccion-del-presupuesto-participativo-2022\/#breadcrumb\",\"itemListElement\":[{\"@type\":\"ListItem\",\"position\":1,\"name\":\"Home\",\"item\":\"https:\/\/prefecturadeesmeraldas.gob.ec\/\"},{\"@type\":\"ListItem\",\"position\":2,\"name\":\"Direcci\u00f3n de Acci\u00f3n Social de la Prefectura de Esmeraldas emprende talleres preparatorios para la construcci\u00f3n del presupuesto participativo 2022.\"}]},{\"@type\":\"WebSite\",\"@id\":\"https:\/\/prefecturadeesmeraldas.gob.ec\/#website\",\"url\":\"https:\/\/prefecturadeesmeraldas.gob.ec\/\",\"name\":\"Gobierno Aut\u00f3nomo Descentralizado de la Provincia de Esmeraldas\",\"description\":\"Gobierno Aut\u00f3nomo Descentralizado de la Provincia de Esmeraldas\",\"publisher\":{\"@id\":\"https:\/\/prefecturadeesmeraldas.gob.ec\/#organization\"},\"potentialAction\":[{\"@type\":\"SearchAction\",\"target\":{\"@type\":\"EntryPoint\",\"urlTemplate\":\"https:\/\/prefecturadeesmeraldas.gob.ec\/?s={search_term_string}\"},\"query-input\":{\"@type\":\"PropertyValueSpecification\",\"valueRequired\":true,\"valueName\":\"search_term_string\"}}],\"inLanguage\":\"es\"},{\"@type\":\"Organization\",\"@id\":\"https:\/\/prefecturadeesmeraldas.gob.ec\/#organization\",\"name\":\"Gobierno Aut\u00f3nomo Descentralizado de la Provincia de Esmeraldas\",\"url\":\"https:\/\/prefecturadeesmeraldas.gob.ec\/\",\"logo\":{\"@type\":\"ImageObject\",\"inLanguage\":\"es\",\"@id\":\"https:\/\/prefecturadeesmeraldas.gob.ec\/#\/schema\/logo\/image\/\",\"url\":\"https:\/\/prefecturadeesmeraldas.gob.ec\/wp-content\/uploads\/2019\/06\/logo.png\",\"contentUrl\":\"https:\/\/prefecturadeesmeraldas.gob.ec\/wp-content\/uploads\/2019\/06\/logo.png\",\"width\":859,\"height\":448,\"caption\":\"Gobierno Aut\u00f3nomo Descentralizado de la Provincia de Esmeraldas\"},\"image\":{\"@id\":\"https:\/\/prefecturadeesmeraldas.gob.ec\/#\/schema\/logo\/image\/\"},\"sameAs\":[\"https:\/\/www.facebook.com\/PrefecturaEsmeraldas\/\"]},{\"@type\":\"Person\",\"@id\":\"https:\/\/prefecturadeesmeraldas.gob.ec\/#\/schema\/person\/b0c9e7b1ead7725994d1e319e8825234\",\"name\":\"Direcci\u00f3n de Comunicaci\u00f3n\",\"image\":{\"@type\":\"ImageObject\",\"inLanguage\":\"es\",\"@id\":\"https:\/\/prefecturadeesmeraldas.gob.ec\/#\/schema\/person\/image\/\",\"url\":\"https:\/\/secure.gravatar.com\/avatar\/74a3870a946f5d774ade3569af61a72308e07ad3346f370c4b468ee2a9858658?s=96&d=mm&r=g\",\"contentUrl\":\"https:\/\/secure.gravatar.com\/avatar\/74a3870a946f5d774ade3569af61a72308e07ad3346f370c4b468ee2a9858658?s=96&d=mm&r=g\",\"caption\":\"Direcci\u00f3n de Comunicaci\u00f3n\"}}]}<\/script>\n<!-- \/ Yoast SEO plugin. -->","yoast_head_json":{"title":"Direcci\u00f3n de Acci\u00f3n Social de la Prefectura de Esmeraldas emprende talleres preparatorios para la construcci\u00f3n del presupuesto participativo 2022. - Gobierno Aut\u00f3nomo Descentralizado de la Provincia de Esmeraldas","robots":{"index":"index","follow":"follow","max-snippet":"max-snippet:-1","max-image-preview":"max-image-preview:large","max-video-preview":"max-video-preview:-1"},"canonical":"https:\/\/prefecturadeesmeraldas.gob.ec\/index.php\/2021\/07\/23\/direccion-de-accion-social-de-la-prefectura-de-esmeraldas-emprende-talleres-preparatorios-para-la-construccion-del-presupuesto-participativo-2022\/","og_locale":"es_ES","og_type":"article","og_title":"Direcci\u00f3n de Acci\u00f3n Social de la Prefectura de Esmeraldas emprende talleres preparatorios para la construcci\u00f3n del presupuesto participativo 2022. - Gobierno Aut\u00f3nomo Descentralizado de la Provincia de Esmeraldas","og_description":"Aplicando los mecanismos de participaci\u00f3n ciudadana, t\u00e9cnicos de la Direcci\u00f3n de Acci\u00f3n Social de la Prefectura de Esmeraldas, iniciaron la realizaci\u00f3n de varios talleres preparatorios para la construcci\u00f3n del presupuesto participativo 2022, que se realizar\u00e1 mediante asamblea. De manera reciente, en la parroquia Camarones, culmin\u00f3 este proceso concerniente a la presentaci\u00f3n de requerimientos, en cada [&hellip;]","og_url":"https:\/\/prefecturadeesmeraldas.gob.ec\/index.php\/2021\/07\/23\/direccion-de-accion-social-de-la-prefectura-de-esmeraldas-emprende-talleres-preparatorios-para-la-construccion-del-presupuesto-participativo-2022\/","og_site_name":"Gobierno Aut\u00f3nomo Descentralizado de la Provincia de Esmeraldas","article_publisher":"https:\/\/www.facebook.com\/PrefecturaEsmeraldas\/","article_published_time":"2021-07-23T15:43:05+00:00","article_modified_time":"2021-07-23T15:43:43+00:00","og_image":[{"width":403,"height":403,"url":"https:\/\/prefecturadeesmeraldas.gob.ec\/wp-content\/uploads\/2021\/07\/Imagen7-1.jpg","type":"image\/jpeg"}],"author":"Direcci\u00f3n de Comunicaci\u00f3n","twitter_card":"summary_large_image","twitter_misc":{"Escrito por":"Direcci\u00f3n de Comunicaci\u00f3n","Tiempo de lectura":"1 minuto"},"schema":{"@context":"https:\/\/schema.org","@graph":[{"@type":"Article","@id":"https:\/\/prefecturadeesmeraldas.gob.ec\/index.php\/2021\/07\/23\/direccion-de-accion-social-de-la-prefectura-de-esmeraldas-emprende-talleres-preparatorios-para-la-construccion-del-presupuesto-participativo-2022\/#article","isPartOf":{"@id":"https:\/\/prefecturadeesmeraldas.gob.ec\/index.php\/2021\/07\/23\/direccion-de-accion-social-de-la-prefectura-de-esmeraldas-emprende-talleres-preparatorios-para-la-construccion-del-presupuesto-participativo-2022\/"},"author":{"name":"Direcci\u00f3n de Comunicaci\u00f3n","@id":"https:\/\/prefecturadeesmeraldas.gob.ec\/#\/schema\/person\/b0c9e7b1ead7725994d1e319e8825234"},"headline":"Direcci\u00f3n de Acci\u00f3n Social de la Prefectura de Esmeraldas emprende talleres preparatorios para la construcci\u00f3n del presupuesto participativo 2022.","datePublished":"2021-07-23T15:43:05+00:00","dateModified":"2021-07-23T15:43:43+00:00","mainEntityOfPage":{"@id":"https:\/\/prefecturadeesmeraldas.gob.ec\/index.php\/2021\/07\/23\/direccion-de-accion-social-de-la-prefectura-de-esmeraldas-emprende-talleres-preparatorios-para-la-construccion-del-presupuesto-participativo-2022\/"},"wordCount":313,"publisher":{"@id":"https:\/\/prefecturadeesmeraldas.gob.ec\/#organization"},"image":{"@id":"https:\/\/prefecturadeesmeraldas.gob.ec\/index.php\/2021\/07\/23\/direccion-de-accion-social-de-la-prefectura-de-esmeraldas-emprende-talleres-preparatorios-para-la-construccion-del-presupuesto-participativo-2022\/#primaryimage"},"thumbnailUrl":"https:\/\/prefecturadeesmeraldas.gob.ec\/wp-content\/uploads\/2021\/07\/Imagen7-1.jpg","articleSection":["DASIP"],"inLanguage":"es"},{"@type":"WebPage","@id":"https:\/\/prefecturadeesmeraldas.gob.ec\/index.php\/2021\/07\/23\/direccion-de-accion-social-de-la-prefectura-de-esmeraldas-emprende-talleres-preparatorios-para-la-construccion-del-presupuesto-participativo-2022\/","url":"https:\/\/prefecturadeesmeraldas.gob.ec\/index.php\/2021\/07\/23\/direccion-de-accion-social-de-la-prefectura-de-esmeraldas-emprende-talleres-preparatorios-para-la-construccion-del-presupuesto-participativo-2022\/","name":"Direcci\u00f3n de Acci\u00f3n Social de la Prefectura de Esmeraldas emprende talleres preparatorios para la construcci\u00f3n del presupuesto participativo 2022. - Gobierno Aut\u00f3nomo Descentralizado de la Provincia de Esmeraldas","isPartOf":{"@id":"https:\/\/prefecturadeesmeraldas.gob.ec\/#website"},"primaryImageOfPage":{"@id":"https:\/\/prefecturadeesmeraldas.gob.ec\/index.php\/2021\/07\/23\/direccion-de-accion-social-de-la-prefectura-de-esmeraldas-emprende-talleres-preparatorios-para-la-construccion-del-presupuesto-participativo-2022\/#primaryimage"},"image":{"@id":"https:\/\/prefecturadeesmeraldas.gob.ec\/index.php\/2021\/07\/23\/direccion-de-accion-social-de-la-prefectura-de-esmeraldas-emprende-talleres-preparatorios-para-la-construccion-del-presupuesto-participativo-2022\/#primaryimage"},"thumbnailUrl":"https:\/\/prefecturadeesmeraldas.gob.ec\/wp-content\/uploads\/2021\/07\/Imagen7-1.jpg","datePublished":"2021-07-23T15:43:05+00:00","dateModified":"2021-07-23T15:43:43+00:00","breadcrumb":{"@id":"https:\/\/prefecturadeesmeraldas.gob.ec\/index.php\/2021\/07\/23\/direccion-de-accion-social-de-la-prefectura-de-esmeraldas-emprende-talleres-preparatorios-para-la-construccion-del-presupuesto-participativo-2022\/#breadcrumb"},"inLanguage":"es","potentialAction":[{"@type":"ReadAction","target":["https:\/\/prefecturadeesmeraldas.gob.ec\/index.php\/2021\/07\/23\/direccion-de-accion-social-de-la-prefectura-de-esmeraldas-emprende-talleres-preparatorios-para-la-construccion-del-presupuesto-participativo-2022\/"]}]},{"@type":"ImageObject","inLanguage":"es","@id":"https:\/\/prefecturadeesmeraldas.gob.ec\/index.php\/2021\/07\/23\/direccion-de-accion-social-de-la-prefectura-de-esmeraldas-emprende-talleres-preparatorios-para-la-construccion-del-presupuesto-participativo-2022\/#primaryimage","url":"https:\/\/prefecturadeesmeraldas.gob.ec\/wp-content\/uploads\/2021\/07\/Imagen7-1.jpg","contentUrl":"https:\/\/prefecturadeesmeraldas.gob.ec\/wp-content\/uploads\/2021\/07\/Imagen7-1.jpg","width":403,"height":403},{"@type":"BreadcrumbList","@id":"https:\/\/prefecturadeesmeraldas.gob.ec\/index.php\/2021\/07\/23\/direccion-de-accion-social-de-la-prefectura-de-esmeraldas-emprende-talleres-preparatorios-para-la-construccion-del-presupuesto-participativo-2022\/#breadcrumb","itemListElement":[{"@type":"ListItem","position":1,"name":"Home","item":"https:\/\/prefecturadeesmeraldas.gob.ec\/"},{"@type":"ListItem","position":2,"name":"Direcci\u00f3n de Acci\u00f3n Social de la Prefectura de Esmeraldas emprende talleres preparatorios para la construcci\u00f3n del presupuesto participativo 2022."}]},{"@type":"WebSite","@id":"https:\/\/prefecturadeesmeraldas.gob.ec\/#website","url":"https:\/\/prefecturadeesmeraldas.gob.ec\/","name":"Gobierno Aut\u00f3nomo Descentralizado de la Provincia de Esmeraldas","description":"Gobierno Aut\u00f3nomo Descentralizado de la Provincia de Esmeraldas","publisher":{"@id":"https:\/\/prefecturadeesmeraldas.gob.ec\/#organization"},"potentialAction":[{"@type":"SearchAction","target":{"@type":"EntryPoint","urlTemplate":"https:\/\/prefecturadeesmeraldas.gob.ec\/?s={search_term_string}"},"query-input":{"@type":"PropertyValueSpecification","valueRequired":true,"valueName":"search_term_string"}}],"inLanguage":"es"},{"@type":"Organization","@id":"https:\/\/prefecturadeesmeraldas.gob.ec\/#organization","name":"Gobierno Aut\u00f3nomo Descentralizado de la Provincia de Esmeraldas","url":"https:\/\/prefecturadeesmeraldas.gob.ec\/","logo":{"@type":"ImageObject","inLanguage":"es","@id":"https:\/\/prefecturadeesmeraldas.gob.ec\/#\/schema\/logo\/image\/","url":"https:\/\/prefecturadeesmeraldas.gob.ec\/wp-content\/uploads\/2019\/06\/logo.png","contentUrl":"https:\/\/prefecturadeesmeraldas.gob.ec\/wp-content\/uploads\/2019\/06\/logo.png","width":859,"height":448,"caption":"Gobierno Aut\u00f3nomo Descentralizado de la Provincia de Esmeraldas"},"image":{"@id":"https:\/\/prefecturadeesmeraldas.gob.ec\/#\/schema\/logo\/image\/"},"sameAs":["https:\/\/www.facebook.com\/PrefecturaEsmeraldas\/"]},{"@type":"Person","@id":"https:\/\/prefecturadeesmeraldas.gob.ec\/#\/schema\/person\/b0c9e7b1ead7725994d1e319e8825234","name":"Direcci\u00f3n de Comunicaci\u00f3n","image":{"@type":"ImageObject","inLanguage":"es","@id":"https:\/\/prefecturadeesmeraldas.gob.ec\/#\/schema\/person\/image\/","url":"https:\/\/secure.gravatar.com\/avatar\/74a3870a946f5d774ade3569af61a72308e07ad3346f370c4b468ee2a9858658?s=96&d=mm&r=g","contentUrl":"https:\/\/secure.gravatar.com\/avatar\/74a3870a946f5d774ade3569af61a72308e07ad3346f370c4b468ee2a9858658?s=96&d=mm&r=g","caption":"Direcci\u00f3n de Comunicaci\u00f3n"}}]}},"_links":{"self":[{"href":"https:\/\/prefecturadeesmeraldas.gob.ec\/index.php\/wp-json\/wp\/v2\/posts\/11963","targetHints":{"allow":["GET"]}}],"collection":[{"href":"https:\/\/prefecturadeesmeraldas.gob.ec\/index.php\/wp-json\/wp\/v2\/posts"}],"about":[{"href":"https:\/\/prefecturadeesmeraldas.gob.ec\/index.php\/wp-json\/wp\/v2\/types\/post"}],"author":[{"embeddable":true,"href":"https:\/\/prefecturadeesmeraldas.gob.ec\/index.php\/wp-json\/wp\/v2\/users\/2"}],"replies":[{"embeddable":true,"href":"https:\/\/prefecturadeesmeraldas.gob.ec\/index.php\/wp-json\/wp\/v2\/comments?post=11963"}],"version-history":[{"count":0,"href":"https:\/\/prefecturadeesmeraldas.gob.ec\/index.php\/wp-json\/wp\/v2\/posts\/11963\/revisions"}],"wp:featuredmedia":[{"embeddable":true,"href":"https:\/\/prefecturadeesmeraldas.gob.ec\/index.php\/wp-json\/wp\/v2\/media\/11964"}],"wp:attachment":[{"href":"https:\/\/prefecturadeesmeraldas.gob.ec\/index.php\/wp-json\/wp\/v2\/media?parent=11963"}],"wp:term":[{"taxonomy":"category","embeddable":true,"href":"https:\/\/prefecturadeesmeraldas.gob.ec\/index.php\/wp-json\/wp\/v2\/categories?post=11963"},{"taxonomy":"post_tag","embeddable":true,"href":"https:\/\/prefecturadeesmeraldas.gob.ec\/index.php\/wp-json\/wp\/v2\/tags?post=11963"}],"curies":[{"name":"wp","href":"https:\/\/api.w.org\/{rel}","templated":true}]}}