{"id":11735,"date":"2021-07-12T09:08:45","date_gmt":"2021-07-12T14:08:45","guid":{"rendered":"http:\/\/prefecturadeesmeraldas.gob.ec\/?p=11735"},"modified":"2021-07-12T09:10:01","modified_gmt":"2021-07-12T14:10:01","slug":"prefectura-de-esmeraldas-fomenta-estrategias-para-la-dinamizacion-economica-y-bienestar-en-la-frontera-norte","status":"publish","type":"post","link":"https:\/\/prefecturadeesmeraldas.gob.ec\/index.php\/2021\/07\/12\/prefectura-de-esmeraldas-fomenta-estrategias-para-la-dinamizacion-economica-y-bienestar-en-la-frontera-norte\/","title":{"rendered":"Prefectura de Esmeraldas fomenta estrategias para la dinamizaci\u00f3n econ\u00f3mica y bienestar en la frontera norte."},"content":{"rendered":"\t\t<div data-elementor-type=\"wp-post\" data-elementor-id=\"11735\" class=\"elementor elementor-11735\">\n\t\t\t\t\t\t<section class=\"elementor-section elementor-top-section elementor-element elementor-element-e8cfa1d elementor-section-boxed elementor-section-height-default elementor-section-height-default\" data-id=\"e8cfa1d\" data-element_type=\"section\">\n\t\t\t\t\t\t<div class=\"elementor-container elementor-column-gap-default\">\n\t\t\t\t\t<div class=\"elementor-column elementor-col-100 elementor-top-column elementor-element elementor-element-d0f1ca4\" data-id=\"d0f1ca4\" data-element_type=\"column\">\n\t\t\t<div class=\"elementor-widget-wrap elementor-element-populated\">\n\t\t\t\t\t\t<div class=\"elementor-element elementor-element-447496f elementor-widget elementor-widget-image\" data-id=\"447496f\" data-element_type=\"widget\" data-widget_type=\"image.default\">\n\t\t\t\t<div class=\"elementor-widget-container\">\n\t\t\t\t\t\t\t\t\t\t\t\t\t\t\t<img fetchpriority=\"high\" decoding=\"async\" width=\"1024\" height=\"1024\" src=\"https:\/\/prefecturadeesmeraldas.gob.ec\/wp-content\/uploads\/2021\/07\/BOLETIN-0669-1024x1024.jpg\" class=\"attachment-large size-large wp-image-11713\" alt=\"\" srcset=\"https:\/\/prefecturadeesmeraldas.gob.ec\/wp-content\/uploads\/2021\/07\/BOLETIN-0669-1024x1024.jpg 1024w, https:\/\/prefecturadeesmeraldas.gob.ec\/wp-content\/uploads\/2021\/07\/BOLETIN-0669-240x240.jpg 240w, https:\/\/prefecturadeesmeraldas.gob.ec\/wp-content\/uploads\/2021\/07\/BOLETIN-0669-1080x1080.jpg 1080w, https:\/\/prefecturadeesmeraldas.gob.ec\/wp-content\/uploads\/2021\/07\/BOLETIN-0669-150x150.jpg 150w, https:\/\/prefecturadeesmeraldas.gob.ec\/wp-content\/uploads\/2021\/07\/BOLETIN-0669-300x300.jpg 300w, https:\/\/prefecturadeesmeraldas.gob.ec\/wp-content\/uploads\/2021\/07\/BOLETIN-0669-768x768.jpg 768w, https:\/\/prefecturadeesmeraldas.gob.ec\/wp-content\/uploads\/2021\/07\/BOLETIN-0669.jpg 1169w\" sizes=\"(max-width: 1024px) 100vw, 1024px\" \/>\t\t\t\t\t\t\t\t\t\t\t\t\t\t\t<\/div>\n\t\t\t\t<\/div>\n\t\t\t\t\t<\/div>\n\t\t<\/div>\n\t\t\t\t\t<\/div>\n\t\t<\/section>\n\t\t\t\t<section class=\"elementor-section elementor-top-section elementor-element elementor-element-72ed1b1 elementor-section-boxed elementor-section-height-default elementor-section-height-default\" data-id=\"72ed1b1\" data-element_type=\"section\">\n\t\t\t\t\t\t<div class=\"elementor-container elementor-column-gap-default\">\n\t\t\t\t\t<div class=\"elementor-column elementor-col-100 elementor-top-column elementor-element elementor-element-ccf13d7\" data-id=\"ccf13d7\" data-element_type=\"column\">\n\t\t\t<div class=\"elementor-widget-wrap elementor-element-populated\">\n\t\t\t\t\t\t<div class=\"elementor-element elementor-element-4f23506 elementor-widget elementor-widget-text-editor\" data-id=\"4f23506\" data-element_type=\"widget\" data-widget_type=\"text-editor.default\">\n\t\t\t\t<div class=\"elementor-widget-container\">\n\t\t\t\t\t\t\t\t\t<p>Fortaleciendo el trabajo de la frontera norte de la provincia de Esmeraldas, en el cant\u00f3n San Lorenzo, se realiz\u00f3 el primer encuentro de la Red Provincial de Cooperaci\u00f3n Internacional, que tiene como finalidad fortalecer el trabajo en conjunto con Instituciones P\u00fablicas, organizaciones no gubernamentales y Fundaciones sin fines de lucro, para implementar proyectos en beneficio de la provincia de Esmeraldas.<\/p><p><\/p><p>Adem\u00e1s, la Prefectura de Esmeraldas articula, junto a las Acald\u00edas de Eloy Alfaro, San Lorenzo y los Gad Parroquiales de la zona, para el progreso y desarrollo de la frontera norte. Se gener\u00f3 un espacio de participaci\u00f3n donde se analizaron proyectos, se buscaron alianzas y se trabaj\u00f3 en los ejes de fortalecimiento organizativo, desarrollo econ\u00f3mico y pol\u00edtica ambiental.<\/p><p><\/p><p><strong>Lady Cede\u00f1o<\/strong>, directora de Cooperaci\u00f3n Internaciona de la Prefectura de Esmeraldasl, indic\u00f3 que, gracias a la decisi\u00f3n de la prefecta Roberta Zambrano, se ejecutan encuentros con organizaciones internacionales para afianzar lazos y as\u00ed permitir financiamiento y desarrollo en los cantones y parroquias de la zona norte de la provincia.<\/p><p><\/p><p>Por su parte, <strong>Diego Palomeque<\/strong>, funcionario de la Alcald\u00eda de San Lorenzo, calific\u00f3 de importante el acercamiento y trabajo por parte de la Prefectura de Esmeraldas para articular acciones en beneficio de la poblaci\u00f3n de los cantones Eloy Alfaro y San Lorenzo.<\/p><p><\/p><p>Adem\u00e1s, <strong>Karen Hurtado<\/strong>, del Grupo Social FEPP (Fondo ecuatoriano Populorum Progressio), expres\u00f3 que es fundamental que se realicen estas mesas de trabajo, porque permite el desarrollo territorial, social, cultural y econ\u00f3mico en favor de la frontera norte.<\/p>\t\t\t\t\t\t\t\t<\/div>\n\t\t\t\t<\/div>\n\t\t\t\t\t<\/div>\n\t\t<\/div>\n\t\t\t\t\t<\/div>\n\t\t<\/section>\n\t\t\t\t<\/div>\n\t\t","protected":false},"excerpt":{"rendered":"<p>Fortaleciendo el trabajo de la frontera norte de la provincia de Esmeraldas, en el cant\u00f3n San Lorenzo, se realiz\u00f3 el primer encuentro de la Red Provincial de Cooperaci\u00f3n Internacional, que tiene como finalidad fortalecer el trabajo en conjunto con Instituciones P\u00fablicas, organizaciones no gubernamentales y Fundaciones sin fines de lucro, para implementar proyectos en beneficio [&hellip;]<\/p>\n","protected":false},"author":2,"featured_media":11713,"comment_status":"closed","ping_status":"open","sticky":false,"template":"","format":"standard","meta":{"footnotes":""},"categories":[24],"tags":[],"class_list":["post-11735","post","type-post","status-publish","format-standard","has-post-thumbnail","hentry","category-cooperacion-internacional"],"yoast_head":"<!-- This site is optimized with the Yoast SEO plugin v25.7 - https:\/\/yoast.com\/wordpress\/plugins\/seo\/ -->\n<title>Prefectura de Esmeraldas fomenta estrategias para la dinamizaci\u00f3n econ\u00f3mica y bienestar en la frontera norte. - Gobierno Aut\u00f3nomo Descentralizado de la Provincia de Esmeraldas<\/title>\n<meta name=\"robots\" content=\"index, follow, max-snippet:-1, max-image-preview:large, max-video-preview:-1\" \/>\n<link rel=\"canonical\" href=\"https:\/\/prefecturadeesmeraldas.gob.ec\/index.php\/2021\/07\/12\/prefectura-de-esmeraldas-fomenta-estrategias-para-la-dinamizacion-economica-y-bienestar-en-la-frontera-norte\/\" \/>\n<meta property=\"og:locale\" content=\"es_ES\" \/>\n<meta property=\"og:type\" content=\"article\" \/>\n<meta property=\"og:title\" content=\"Prefectura de Esmeraldas fomenta estrategias para la dinamizaci\u00f3n econ\u00f3mica y bienestar en la frontera norte. - Gobierno Aut\u00f3nomo Descentralizado de la Provincia de Esmeraldas\" \/>\n<meta property=\"og:description\" content=\"Fortaleciendo el trabajo de la frontera norte de la provincia de Esmeraldas, en el cant\u00f3n San Lorenzo, se realiz\u00f3 el primer encuentro de la Red Provincial de Cooperaci\u00f3n Internacional, que tiene como finalidad fortalecer el trabajo en conjunto con Instituciones P\u00fablicas, organizaciones no gubernamentales y Fundaciones sin fines de lucro, para implementar proyectos en beneficio [&hellip;]\" \/>\n<meta property=\"og:url\" content=\"https:\/\/prefecturadeesmeraldas.gob.ec\/index.php\/2021\/07\/12\/prefectura-de-esmeraldas-fomenta-estrategias-para-la-dinamizacion-economica-y-bienestar-en-la-frontera-norte\/\" \/>\n<meta property=\"og:site_name\" content=\"Gobierno Aut\u00f3nomo Descentralizado de la Provincia de Esmeraldas\" \/>\n<meta property=\"article:publisher\" content=\"https:\/\/www.facebook.com\/PrefecturaEsmeraldas\/\" \/>\n<meta property=\"article:published_time\" content=\"2021-07-12T14:08:45+00:00\" \/>\n<meta property=\"article:modified_time\" content=\"2021-07-12T14:10:01+00:00\" \/>\n<meta property=\"og:image\" content=\"https:\/\/prefecturadeesmeraldas.gob.ec\/wp-content\/uploads\/2021\/07\/BOLETIN-0669.jpg\" \/>\n\t<meta property=\"og:image:width\" content=\"1169\" \/>\n\t<meta property=\"og:image:height\" content=\"1169\" \/>\n\t<meta property=\"og:image:type\" content=\"image\/jpeg\" \/>\n<meta name=\"author\" content=\"Direcci\u00f3n de Comunicaci\u00f3n\" \/>\n<meta name=\"twitter:card\" content=\"summary_large_image\" \/>\n<meta name=\"twitter:label1\" content=\"Escrito por\" \/>\n\t<meta name=\"twitter:data1\" content=\"Direcci\u00f3n de Comunicaci\u00f3n\" \/>\n\t<meta name=\"twitter:label2\" content=\"Tiempo de lectura\" \/>\n\t<meta name=\"twitter:data2\" content=\"1 minuto\" \/>\n<script type=\"application\/ld+json\" class=\"yoast-schema-graph\">{\"@context\":\"https:\/\/schema.org\",\"@graph\":[{\"@type\":\"Article\",\"@id\":\"https:\/\/prefecturadeesmeraldas.gob.ec\/index.php\/2021\/07\/12\/prefectura-de-esmeraldas-fomenta-estrategias-para-la-dinamizacion-economica-y-bienestar-en-la-frontera-norte\/#article\",\"isPartOf\":{\"@id\":\"https:\/\/prefecturadeesmeraldas.gob.ec\/index.php\/2021\/07\/12\/prefectura-de-esmeraldas-fomenta-estrategias-para-la-dinamizacion-economica-y-bienestar-en-la-frontera-norte\/\"},\"author\":{\"name\":\"Direcci\u00f3n de Comunicaci\u00f3n\",\"@id\":\"https:\/\/prefecturadeesmeraldas.gob.ec\/#\/schema\/person\/b0c9e7b1ead7725994d1e319e8825234\"},\"headline\":\"Prefectura de Esmeraldas fomenta estrategias para la dinamizaci\u00f3n econ\u00f3mica y bienestar en la frontera norte.\",\"datePublished\":\"2021-07-12T14:08:45+00:00\",\"dateModified\":\"2021-07-12T14:10:01+00:00\",\"mainEntityOfPage\":{\"@id\":\"https:\/\/prefecturadeesmeraldas.gob.ec\/index.php\/2021\/07\/12\/prefectura-de-esmeraldas-fomenta-estrategias-para-la-dinamizacion-economica-y-bienestar-en-la-frontera-norte\/\"},\"wordCount\":278,\"publisher\":{\"@id\":\"https:\/\/prefecturadeesmeraldas.gob.ec\/#organization\"},\"image\":{\"@id\":\"https:\/\/prefecturadeesmeraldas.gob.ec\/index.php\/2021\/07\/12\/prefectura-de-esmeraldas-fomenta-estrategias-para-la-dinamizacion-economica-y-bienestar-en-la-frontera-norte\/#primaryimage\"},\"thumbnailUrl\":\"https:\/\/prefecturadeesmeraldas.gob.ec\/wp-content\/uploads\/2021\/07\/BOLETIN-0669.jpg\",\"articleSection\":[\"Cooperaci\u00f3n Internacional\"],\"inLanguage\":\"es\"},{\"@type\":\"WebPage\",\"@id\":\"https:\/\/prefecturadeesmeraldas.gob.ec\/index.php\/2021\/07\/12\/prefectura-de-esmeraldas-fomenta-estrategias-para-la-dinamizacion-economica-y-bienestar-en-la-frontera-norte\/\",\"url\":\"https:\/\/prefecturadeesmeraldas.gob.ec\/index.php\/2021\/07\/12\/prefectura-de-esmeraldas-fomenta-estrategias-para-la-dinamizacion-economica-y-bienestar-en-la-frontera-norte\/\",\"name\":\"Prefectura de Esmeraldas fomenta estrategias para la dinamizaci\u00f3n econ\u00f3mica y bienestar en la frontera norte. - Gobierno Aut\u00f3nomo Descentralizado de la Provincia de Esmeraldas\",\"isPartOf\":{\"@id\":\"https:\/\/prefecturadeesmeraldas.gob.ec\/#website\"},\"primaryImageOfPage\":{\"@id\":\"https:\/\/prefecturadeesmeraldas.gob.ec\/index.php\/2021\/07\/12\/prefectura-de-esmeraldas-fomenta-estrategias-para-la-dinamizacion-economica-y-bienestar-en-la-frontera-norte\/#primaryimage\"},\"image\":{\"@id\":\"https:\/\/prefecturadeesmeraldas.gob.ec\/index.php\/2021\/07\/12\/prefectura-de-esmeraldas-fomenta-estrategias-para-la-dinamizacion-economica-y-bienestar-en-la-frontera-norte\/#primaryimage\"},\"thumbnailUrl\":\"https:\/\/prefecturadeesmeraldas.gob.ec\/wp-content\/uploads\/2021\/07\/BOLETIN-0669.jpg\",\"datePublished\":\"2021-07-12T14:08:45+00:00\",\"dateModified\":\"2021-07-12T14:10:01+00:00\",\"breadcrumb\":{\"@id\":\"https:\/\/prefecturadeesmeraldas.gob.ec\/index.php\/2021\/07\/12\/prefectura-de-esmeraldas-fomenta-estrategias-para-la-dinamizacion-economica-y-bienestar-en-la-frontera-norte\/#breadcrumb\"},\"inLanguage\":\"es\",\"potentialAction\":[{\"@type\":\"ReadAction\",\"target\":[\"https:\/\/prefecturadeesmeraldas.gob.ec\/index.php\/2021\/07\/12\/prefectura-de-esmeraldas-fomenta-estrategias-para-la-dinamizacion-economica-y-bienestar-en-la-frontera-norte\/\"]}]},{\"@type\":\"ImageObject\",\"inLanguage\":\"es\",\"@id\":\"https:\/\/prefecturadeesmeraldas.gob.ec\/index.php\/2021\/07\/12\/prefectura-de-esmeraldas-fomenta-estrategias-para-la-dinamizacion-economica-y-bienestar-en-la-frontera-norte\/#primaryimage\",\"url\":\"https:\/\/prefecturadeesmeraldas.gob.ec\/wp-content\/uploads\/2021\/07\/BOLETIN-0669.jpg\",\"contentUrl\":\"https:\/\/prefecturadeesmeraldas.gob.ec\/wp-content\/uploads\/2021\/07\/BOLETIN-0669.jpg\",\"width\":1169,\"height\":1169},{\"@type\":\"BreadcrumbList\",\"@id\":\"https:\/\/prefecturadeesmeraldas.gob.ec\/index.php\/2021\/07\/12\/prefectura-de-esmeraldas-fomenta-estrategias-para-la-dinamizacion-economica-y-bienestar-en-la-frontera-norte\/#breadcrumb\",\"itemListElement\":[{\"@type\":\"ListItem\",\"position\":1,\"name\":\"Home\",\"item\":\"https:\/\/prefecturadeesmeraldas.gob.ec\/\"},{\"@type\":\"ListItem\",\"position\":2,\"name\":\"Prefectura de Esmeraldas fomenta estrategias para la dinamizaci\u00f3n econ\u00f3mica y bienestar en la frontera norte.\"}]},{\"@type\":\"WebSite\",\"@id\":\"https:\/\/prefecturadeesmeraldas.gob.ec\/#website\",\"url\":\"https:\/\/prefecturadeesmeraldas.gob.ec\/\",\"name\":\"Gobierno Aut\u00f3nomo Descentralizado de la Provincia de Esmeraldas\",\"description\":\"Gobierno Aut\u00f3nomo Descentralizado de la Provincia de Esmeraldas\",\"publisher\":{\"@id\":\"https:\/\/prefecturadeesmeraldas.gob.ec\/#organization\"},\"potentialAction\":[{\"@type\":\"SearchAction\",\"target\":{\"@type\":\"EntryPoint\",\"urlTemplate\":\"https:\/\/prefecturadeesmeraldas.gob.ec\/?s={search_term_string}\"},\"query-input\":{\"@type\":\"PropertyValueSpecification\",\"valueRequired\":true,\"valueName\":\"search_term_string\"}}],\"inLanguage\":\"es\"},{\"@type\":\"Organization\",\"@id\":\"https:\/\/prefecturadeesmeraldas.gob.ec\/#organization\",\"name\":\"Gobierno Aut\u00f3nomo Descentralizado de la Provincia de Esmeraldas\",\"url\":\"https:\/\/prefecturadeesmeraldas.gob.ec\/\",\"logo\":{\"@type\":\"ImageObject\",\"inLanguage\":\"es\",\"@id\":\"https:\/\/prefecturadeesmeraldas.gob.ec\/#\/schema\/logo\/image\/\",\"url\":\"https:\/\/prefecturadeesmeraldas.gob.ec\/wp-content\/uploads\/2019\/06\/logo.png\",\"contentUrl\":\"https:\/\/prefecturadeesmeraldas.gob.ec\/wp-content\/uploads\/2019\/06\/logo.png\",\"width\":859,\"height\":448,\"caption\":\"Gobierno Aut\u00f3nomo Descentralizado de la Provincia de Esmeraldas\"},\"image\":{\"@id\":\"https:\/\/prefecturadeesmeraldas.gob.ec\/#\/schema\/logo\/image\/\"},\"sameAs\":[\"https:\/\/www.facebook.com\/PrefecturaEsmeraldas\/\"]},{\"@type\":\"Person\",\"@id\":\"https:\/\/prefecturadeesmeraldas.gob.ec\/#\/schema\/person\/b0c9e7b1ead7725994d1e319e8825234\",\"name\":\"Direcci\u00f3n de Comunicaci\u00f3n\",\"image\":{\"@type\":\"ImageObject\",\"inLanguage\":\"es\",\"@id\":\"https:\/\/prefecturadeesmeraldas.gob.ec\/#\/schema\/person\/image\/\",\"url\":\"https:\/\/secure.gravatar.com\/avatar\/74a3870a946f5d774ade3569af61a72308e07ad3346f370c4b468ee2a9858658?s=96&d=mm&r=g\",\"contentUrl\":\"https:\/\/secure.gravatar.com\/avatar\/74a3870a946f5d774ade3569af61a72308e07ad3346f370c4b468ee2a9858658?s=96&d=mm&r=g\",\"caption\":\"Direcci\u00f3n de Comunicaci\u00f3n\"}}]}<\/script>\n<!-- \/ Yoast SEO plugin. -->","yoast_head_json":{"title":"Prefectura de Esmeraldas fomenta estrategias para la dinamizaci\u00f3n econ\u00f3mica y bienestar en la frontera norte. - Gobierno Aut\u00f3nomo Descentralizado de la Provincia de Esmeraldas","robots":{"index":"index","follow":"follow","max-snippet":"max-snippet:-1","max-image-preview":"max-image-preview:large","max-video-preview":"max-video-preview:-1"},"canonical":"https:\/\/prefecturadeesmeraldas.gob.ec\/index.php\/2021\/07\/12\/prefectura-de-esmeraldas-fomenta-estrategias-para-la-dinamizacion-economica-y-bienestar-en-la-frontera-norte\/","og_locale":"es_ES","og_type":"article","og_title":"Prefectura de Esmeraldas fomenta estrategias para la dinamizaci\u00f3n econ\u00f3mica y bienestar en la frontera norte. - Gobierno Aut\u00f3nomo Descentralizado de la Provincia de Esmeraldas","og_description":"Fortaleciendo el trabajo de la frontera norte de la provincia de Esmeraldas, en el cant\u00f3n San Lorenzo, se realiz\u00f3 el primer encuentro de la Red Provincial de Cooperaci\u00f3n Internacional, que tiene como finalidad fortalecer el trabajo en conjunto con Instituciones P\u00fablicas, organizaciones no gubernamentales y Fundaciones sin fines de lucro, para implementar proyectos en beneficio [&hellip;]","og_url":"https:\/\/prefecturadeesmeraldas.gob.ec\/index.php\/2021\/07\/12\/prefectura-de-esmeraldas-fomenta-estrategias-para-la-dinamizacion-economica-y-bienestar-en-la-frontera-norte\/","og_site_name":"Gobierno Aut\u00f3nomo Descentralizado de la Provincia de Esmeraldas","article_publisher":"https:\/\/www.facebook.com\/PrefecturaEsmeraldas\/","article_published_time":"2021-07-12T14:08:45+00:00","article_modified_time":"2021-07-12T14:10:01+00:00","og_image":[{"width":1169,"height":1169,"url":"https:\/\/prefecturadeesmeraldas.gob.ec\/wp-content\/uploads\/2021\/07\/BOLETIN-0669.jpg","type":"image\/jpeg"}],"author":"Direcci\u00f3n de Comunicaci\u00f3n","twitter_card":"summary_large_image","twitter_misc":{"Escrito por":"Direcci\u00f3n de Comunicaci\u00f3n","Tiempo de lectura":"1 minuto"},"schema":{"@context":"https:\/\/schema.org","@graph":[{"@type":"Article","@id":"https:\/\/prefecturadeesmeraldas.gob.ec\/index.php\/2021\/07\/12\/prefectura-de-esmeraldas-fomenta-estrategias-para-la-dinamizacion-economica-y-bienestar-en-la-frontera-norte\/#article","isPartOf":{"@id":"https:\/\/prefecturadeesmeraldas.gob.ec\/index.php\/2021\/07\/12\/prefectura-de-esmeraldas-fomenta-estrategias-para-la-dinamizacion-economica-y-bienestar-en-la-frontera-norte\/"},"author":{"name":"Direcci\u00f3n de Comunicaci\u00f3n","@id":"https:\/\/prefecturadeesmeraldas.gob.ec\/#\/schema\/person\/b0c9e7b1ead7725994d1e319e8825234"},"headline":"Prefectura de Esmeraldas fomenta estrategias para la dinamizaci\u00f3n econ\u00f3mica y bienestar en la frontera norte.","datePublished":"2021-07-12T14:08:45+00:00","dateModified":"2021-07-12T14:10:01+00:00","mainEntityOfPage":{"@id":"https:\/\/prefecturadeesmeraldas.gob.ec\/index.php\/2021\/07\/12\/prefectura-de-esmeraldas-fomenta-estrategias-para-la-dinamizacion-economica-y-bienestar-en-la-frontera-norte\/"},"wordCount":278,"publisher":{"@id":"https:\/\/prefecturadeesmeraldas.gob.ec\/#organization"},"image":{"@id":"https:\/\/prefecturadeesmeraldas.gob.ec\/index.php\/2021\/07\/12\/prefectura-de-esmeraldas-fomenta-estrategias-para-la-dinamizacion-economica-y-bienestar-en-la-frontera-norte\/#primaryimage"},"thumbnailUrl":"https:\/\/prefecturadeesmeraldas.gob.ec\/wp-content\/uploads\/2021\/07\/BOLETIN-0669.jpg","articleSection":["Cooperaci\u00f3n Internacional"],"inLanguage":"es"},{"@type":"WebPage","@id":"https:\/\/prefecturadeesmeraldas.gob.ec\/index.php\/2021\/07\/12\/prefectura-de-esmeraldas-fomenta-estrategias-para-la-dinamizacion-economica-y-bienestar-en-la-frontera-norte\/","url":"https:\/\/prefecturadeesmeraldas.gob.ec\/index.php\/2021\/07\/12\/prefectura-de-esmeraldas-fomenta-estrategias-para-la-dinamizacion-economica-y-bienestar-en-la-frontera-norte\/","name":"Prefectura de Esmeraldas fomenta estrategias para la dinamizaci\u00f3n econ\u00f3mica y bienestar en la frontera norte. - Gobierno Aut\u00f3nomo Descentralizado de la Provincia de Esmeraldas","isPartOf":{"@id":"https:\/\/prefecturadeesmeraldas.gob.ec\/#website"},"primaryImageOfPage":{"@id":"https:\/\/prefecturadeesmeraldas.gob.ec\/index.php\/2021\/07\/12\/prefectura-de-esmeraldas-fomenta-estrategias-para-la-dinamizacion-economica-y-bienestar-en-la-frontera-norte\/#primaryimage"},"image":{"@id":"https:\/\/prefecturadeesmeraldas.gob.ec\/index.php\/2021\/07\/12\/prefectura-de-esmeraldas-fomenta-estrategias-para-la-dinamizacion-economica-y-bienestar-en-la-frontera-norte\/#primaryimage"},"thumbnailUrl":"https:\/\/prefecturadeesmeraldas.gob.ec\/wp-content\/uploads\/2021\/07\/BOLETIN-0669.jpg","datePublished":"2021-07-12T14:08:45+00:00","dateModified":"2021-07-12T14:10:01+00:00","breadcrumb":{"@id":"https:\/\/prefecturadeesmeraldas.gob.ec\/index.php\/2021\/07\/12\/prefectura-de-esmeraldas-fomenta-estrategias-para-la-dinamizacion-economica-y-bienestar-en-la-frontera-norte\/#breadcrumb"},"inLanguage":"es","potentialAction":[{"@type":"ReadAction","target":["https:\/\/prefecturadeesmeraldas.gob.ec\/index.php\/2021\/07\/12\/prefectura-de-esmeraldas-fomenta-estrategias-para-la-dinamizacion-economica-y-bienestar-en-la-frontera-norte\/"]}]},{"@type":"ImageObject","inLanguage":"es","@id":"https:\/\/prefecturadeesmeraldas.gob.ec\/index.php\/2021\/07\/12\/prefectura-de-esmeraldas-fomenta-estrategias-para-la-dinamizacion-economica-y-bienestar-en-la-frontera-norte\/#primaryimage","url":"https:\/\/prefecturadeesmeraldas.gob.ec\/wp-content\/uploads\/2021\/07\/BOLETIN-0669.jpg","contentUrl":"https:\/\/prefecturadeesmeraldas.gob.ec\/wp-content\/uploads\/2021\/07\/BOLETIN-0669.jpg","width":1169,"height":1169},{"@type":"BreadcrumbList","@id":"https:\/\/prefecturadeesmeraldas.gob.ec\/index.php\/2021\/07\/12\/prefectura-de-esmeraldas-fomenta-estrategias-para-la-dinamizacion-economica-y-bienestar-en-la-frontera-norte\/#breadcrumb","itemListElement":[{"@type":"ListItem","position":1,"name":"Home","item":"https:\/\/prefecturadeesmeraldas.gob.ec\/"},{"@type":"ListItem","position":2,"name":"Prefectura de Esmeraldas fomenta estrategias para la dinamizaci\u00f3n econ\u00f3mica y bienestar en la frontera norte."}]},{"@type":"WebSite","@id":"https:\/\/prefecturadeesmeraldas.gob.ec\/#website","url":"https:\/\/prefecturadeesmeraldas.gob.ec\/","name":"Gobierno Aut\u00f3nomo Descentralizado de la Provincia de Esmeraldas","description":"Gobierno Aut\u00f3nomo Descentralizado de la Provincia de Esmeraldas","publisher":{"@id":"https:\/\/prefecturadeesmeraldas.gob.ec\/#organization"},"potentialAction":[{"@type":"SearchAction","target":{"@type":"EntryPoint","urlTemplate":"https:\/\/prefecturadeesmeraldas.gob.ec\/?s={search_term_string}"},"query-input":{"@type":"PropertyValueSpecification","valueRequired":true,"valueName":"search_term_string"}}],"inLanguage":"es"},{"@type":"Organization","@id":"https:\/\/prefecturadeesmeraldas.gob.ec\/#organization","name":"Gobierno Aut\u00f3nomo Descentralizado de la Provincia de Esmeraldas","url":"https:\/\/prefecturadeesmeraldas.gob.ec\/","logo":{"@type":"ImageObject","inLanguage":"es","@id":"https:\/\/prefecturadeesmeraldas.gob.ec\/#\/schema\/logo\/image\/","url":"https:\/\/prefecturadeesmeraldas.gob.ec\/wp-content\/uploads\/2019\/06\/logo.png","contentUrl":"https:\/\/prefecturadeesmeraldas.gob.ec\/wp-content\/uploads\/2019\/06\/logo.png","width":859,"height":448,"caption":"Gobierno Aut\u00f3nomo Descentralizado de la Provincia de Esmeraldas"},"image":{"@id":"https:\/\/prefecturadeesmeraldas.gob.ec\/#\/schema\/logo\/image\/"},"sameAs":["https:\/\/www.facebook.com\/PrefecturaEsmeraldas\/"]},{"@type":"Person","@id":"https:\/\/prefecturadeesmeraldas.gob.ec\/#\/schema\/person\/b0c9e7b1ead7725994d1e319e8825234","name":"Direcci\u00f3n de Comunicaci\u00f3n","image":{"@type":"ImageObject","inLanguage":"es","@id":"https:\/\/prefecturadeesmeraldas.gob.ec\/#\/schema\/person\/image\/","url":"https:\/\/secure.gravatar.com\/avatar\/74a3870a946f5d774ade3569af61a72308e07ad3346f370c4b468ee2a9858658?s=96&d=mm&r=g","contentUrl":"https:\/\/secure.gravatar.com\/avatar\/74a3870a946f5d774ade3569af61a72308e07ad3346f370c4b468ee2a9858658?s=96&d=mm&r=g","caption":"Direcci\u00f3n de Comunicaci\u00f3n"}}]}},"_links":{"self":[{"href":"https:\/\/prefecturadeesmeraldas.gob.ec\/index.php\/wp-json\/wp\/v2\/posts\/11735","targetHints":{"allow":["GET"]}}],"collection":[{"href":"https:\/\/prefecturadeesmeraldas.gob.ec\/index.php\/wp-json\/wp\/v2\/posts"}],"about":[{"href":"https:\/\/prefecturadeesmeraldas.gob.ec\/index.php\/wp-json\/wp\/v2\/types\/post"}],"author":[{"embeddable":true,"href":"https:\/\/prefecturadeesmeraldas.gob.ec\/index.php\/wp-json\/wp\/v2\/users\/2"}],"replies":[{"embeddable":true,"href":"https:\/\/prefecturadeesmeraldas.gob.ec\/index.php\/wp-json\/wp\/v2\/comments?post=11735"}],"version-history":[{"count":0,"href":"https:\/\/prefecturadeesmeraldas.gob.ec\/index.php\/wp-json\/wp\/v2\/posts\/11735\/revisions"}],"wp:featuredmedia":[{"embeddable":true,"href":"https:\/\/prefecturadeesmeraldas.gob.ec\/index.php\/wp-json\/wp\/v2\/media\/11713"}],"wp:attachment":[{"href":"https:\/\/prefecturadeesmeraldas.gob.ec\/index.php\/wp-json\/wp\/v2\/media?parent=11735"}],"wp:term":[{"taxonomy":"category","embeddable":true,"href":"https:\/\/prefecturadeesmeraldas.gob.ec\/index.php\/wp-json\/wp\/v2\/categories?post=11735"},{"taxonomy":"post_tag","embeddable":true,"href":"https:\/\/prefecturadeesmeraldas.gob.ec\/index.php\/wp-json\/wp\/v2\/tags?post=11735"}],"curies":[{"name":"wp","href":"https:\/\/api.w.org\/{rel}","templated":true}]}}