{"id":11672,"date":"2021-07-06T10:57:42","date_gmt":"2021-07-06T15:57:42","guid":{"rendered":"http:\/\/prefecturadeesmeraldas.gob.ec\/?p=11672"},"modified":"2021-07-06T10:59:25","modified_gmt":"2021-07-06T15:59:25","slug":"conductores-satisfechos-con-el-avance-de-los-trabajos-en-la-via-la-t-zapallo","status":"publish","type":"post","link":"https:\/\/prefecturadeesmeraldas.gob.ec\/index.php\/2021\/07\/06\/conductores-satisfechos-con-el-avance-de-los-trabajos-en-la-via-la-t-zapallo\/","title":{"rendered":"Conductores satisfechos con el avance de los trabajos en la v\u00eda la T \u2013 Zapallo."},"content":{"rendered":"\t\t<div data-elementor-type=\"wp-post\" data-elementor-id=\"11672\" class=\"elementor elementor-11672\">\n\t\t\t\t\t\t<section class=\"elementor-section elementor-top-section elementor-element elementor-element-918962d elementor-section-boxed elementor-section-height-default elementor-section-height-default\" data-id=\"918962d\" data-element_type=\"section\">\n\t\t\t\t\t\t<div class=\"elementor-container elementor-column-gap-default\">\n\t\t\t\t\t<div class=\"elementor-column elementor-col-100 elementor-top-column elementor-element elementor-element-a996106\" data-id=\"a996106\" data-element_type=\"column\">\n\t\t\t<div class=\"elementor-widget-wrap elementor-element-populated\">\n\t\t\t\t\t\t<div class=\"elementor-element elementor-element-6e609ea elementor-widget elementor-widget-image\" data-id=\"6e609ea\" data-element_type=\"widget\" data-widget_type=\"image.default\">\n\t\t\t\t<div class=\"elementor-widget-container\">\n\t\t\t\t\t\t\t\t\t\t\t\t\t\t\t<img fetchpriority=\"high\" decoding=\"async\" width=\"1024\" height=\"1024\" src=\"https:\/\/prefecturadeesmeraldas.gob.ec\/wp-content\/uploads\/2021\/07\/BOLETIN-0652-1024x1024.jpg\" class=\"attachment-large size-large wp-image-11649\" alt=\"\" srcset=\"https:\/\/prefecturadeesmeraldas.gob.ec\/wp-content\/uploads\/2021\/07\/BOLETIN-0652-1024x1024.jpg 1024w, https:\/\/prefecturadeesmeraldas.gob.ec\/wp-content\/uploads\/2021\/07\/BOLETIN-0652-240x240.jpg 240w, https:\/\/prefecturadeesmeraldas.gob.ec\/wp-content\/uploads\/2021\/07\/BOLETIN-0652-1080x1080.jpg 1080w, https:\/\/prefecturadeesmeraldas.gob.ec\/wp-content\/uploads\/2021\/07\/BOLETIN-0652-150x150.jpg 150w, https:\/\/prefecturadeesmeraldas.gob.ec\/wp-content\/uploads\/2021\/07\/BOLETIN-0652-300x300.jpg 300w, https:\/\/prefecturadeesmeraldas.gob.ec\/wp-content\/uploads\/2021\/07\/BOLETIN-0652-768x768.jpg 768w, https:\/\/prefecturadeesmeraldas.gob.ec\/wp-content\/uploads\/2021\/07\/BOLETIN-0652.jpg 1205w\" sizes=\"(max-width: 1024px) 100vw, 1024px\" \/>\t\t\t\t\t\t\t\t\t\t\t\t\t\t\t<\/div>\n\t\t\t\t<\/div>\n\t\t\t\t\t<\/div>\n\t\t<\/div>\n\t\t\t\t\t<\/div>\n\t\t<\/section>\n\t\t\t\t<section class=\"elementor-section elementor-top-section elementor-element elementor-element-3523e65 elementor-section-boxed elementor-section-height-default elementor-section-height-default\" data-id=\"3523e65\" data-element_type=\"section\">\n\t\t\t\t\t\t<div class=\"elementor-container elementor-column-gap-default\">\n\t\t\t\t\t<div class=\"elementor-column elementor-col-100 elementor-top-column elementor-element elementor-element-932e122\" data-id=\"932e122\" data-element_type=\"column\">\n\t\t\t<div class=\"elementor-widget-wrap elementor-element-populated\">\n\t\t\t\t\t\t<div class=\"elementor-element elementor-element-63474b8 elementor-widget elementor-widget-text-editor\" data-id=\"63474b8\" data-element_type=\"widget\" data-widget_type=\"text-editor.default\">\n\t\t\t\t<div class=\"elementor-widget-container\">\n\t\t\t\t\t\t\t\t\t<p>Existe gran satisfacci\u00f3n entre los conductores de veh\u00edculos livianos y pesados, al ver c\u00f3mo avanzan los trabajos de ampliaci\u00f3n, rehabilitaci\u00f3n y asfaltado de la v\u00eda La <strong>T \u2013 Zapallo<\/strong>, en la parroquia <strong>Malimpia<\/strong> del cant\u00f3n <strong>Quinind\u00e9<\/strong>. Los trabajos se encuentran en la fase de colocaci\u00f3n de un geotextil y malla biaxial como parte del mejoramiento de la estructura del suelo que recibir\u00e1 la carpeta asf\u00e1ltica; tecnolog\u00eda moderna puesta al servicio de la comunidad.<\/p><p>Uno de estos conductores es <strong>H\u00e9ctor Vel\u00e1squez<\/strong>, transportista de carga pesada, quien afirm\u00f3 ver con gran optimismo el avance del proyecto requerido por m\u00e1s de una d\u00e9cada, donde en reiteradas ocasiones solicitaron la obra, sin que ninguna autoridad se haya interesado en mejorar la v\u00eda.<\/p><p><strong>Flavio Trujillo<\/strong>, motociclista e ind\u00edgena chachi, agradeci\u00f3 el trabajo de mejoramiento que reaviva el sue\u00f1o de que la obra llegue hasta su comunidad.<\/p><p>Para <strong>Jefferson Olaya<\/strong>, es notorio el cambio, tras la decisi\u00f3n tomada por <strong>Roberta y Diego Zambrano<\/strong> como autoridades que lideran la Prefectura de Esmeraldas, emprendiendo obras para el desarrollo del sector campesino agricultor y ganadero.<\/p><p><strong>Dar\u00edo Loor<\/strong>, otro motociclista, demostr\u00f3 que hasta para las emergencias es necesario poder tener una buena v\u00eda. Esto tras evidenciar la necesidad de comprar r\u00e1pidamente un medicamento para un familiar.\u00a0<\/p><p>En conclusi\u00f3n, un balance favorable a la gesti\u00f3n del proyecto, ejecutado por una administraci\u00f3n comprometida que, en apenas dos a\u00f1os, hace realidad obras que sirven para mejorar la calidad de vida de quienes habitan en el sector rural.<\/p>\t\t\t\t\t\t\t\t<\/div>\n\t\t\t\t<\/div>\n\t\t\t\t\t<\/div>\n\t\t<\/div>\n\t\t\t\t\t<\/div>\n\t\t<\/section>\n\t\t\t\t<\/div>\n\t\t","protected":false},"excerpt":{"rendered":"<p>Existe gran satisfacci\u00f3n entre los conductores de veh\u00edculos livianos y pesados, al ver c\u00f3mo avanzan los trabajos de ampliaci\u00f3n, rehabilitaci\u00f3n y asfaltado de la v\u00eda La T \u2013 Zapallo, en la parroquia Malimpia del cant\u00f3n Quinind\u00e9. Los trabajos se encuentran en la fase de colocaci\u00f3n de un geotextil y malla biaxial como parte del mejoramiento [&hellip;]<\/p>\n","protected":false},"author":2,"featured_media":11649,"comment_status":"closed","ping_status":"open","sticky":false,"template":"","format":"standard","meta":{"footnotes":""},"categories":[14],"tags":[],"class_list":["post-11672","post","type-post","status-publish","format-standard","has-post-thumbnail","hentry","category-vialidad"],"yoast_head":"<!-- This site is optimized with the Yoast SEO plugin v25.7 - https:\/\/yoast.com\/wordpress\/plugins\/seo\/ -->\n<title>Conductores satisfechos con el avance de los trabajos en la v\u00eda la T \u2013 Zapallo. - Gobierno Aut\u00f3nomo Descentralizado de la Provincia de Esmeraldas<\/title>\n<meta name=\"robots\" content=\"index, follow, max-snippet:-1, max-image-preview:large, max-video-preview:-1\" \/>\n<link rel=\"canonical\" href=\"https:\/\/prefecturadeesmeraldas.gob.ec\/index.php\/2021\/07\/06\/conductores-satisfechos-con-el-avance-de-los-trabajos-en-la-via-la-t-zapallo\/\" \/>\n<meta property=\"og:locale\" content=\"es_ES\" \/>\n<meta property=\"og:type\" content=\"article\" \/>\n<meta property=\"og:title\" content=\"Conductores satisfechos con el avance de los trabajos en la v\u00eda la T \u2013 Zapallo. - Gobierno Aut\u00f3nomo Descentralizado de la Provincia de Esmeraldas\" \/>\n<meta property=\"og:description\" content=\"Existe gran satisfacci\u00f3n entre los conductores de veh\u00edculos livianos y pesados, al ver c\u00f3mo avanzan los trabajos de ampliaci\u00f3n, rehabilitaci\u00f3n y asfaltado de la v\u00eda La T \u2013 Zapallo, en la parroquia Malimpia del cant\u00f3n Quinind\u00e9. Los trabajos se encuentran en la fase de colocaci\u00f3n de un geotextil y malla biaxial como parte del mejoramiento [&hellip;]\" \/>\n<meta property=\"og:url\" content=\"https:\/\/prefecturadeesmeraldas.gob.ec\/index.php\/2021\/07\/06\/conductores-satisfechos-con-el-avance-de-los-trabajos-en-la-via-la-t-zapallo\/\" \/>\n<meta property=\"og:site_name\" content=\"Gobierno Aut\u00f3nomo Descentralizado de la Provincia de Esmeraldas\" \/>\n<meta property=\"article:publisher\" content=\"https:\/\/www.facebook.com\/PrefecturaEsmeraldas\/\" \/>\n<meta property=\"article:published_time\" content=\"2021-07-06T15:57:42+00:00\" \/>\n<meta property=\"article:modified_time\" content=\"2021-07-06T15:59:25+00:00\" \/>\n<meta property=\"og:image\" content=\"https:\/\/prefecturadeesmeraldas.gob.ec\/wp-content\/uploads\/2021\/07\/BOLETIN-0652.jpg\" \/>\n\t<meta property=\"og:image:width\" content=\"1205\" \/>\n\t<meta property=\"og:image:height\" content=\"1205\" \/>\n\t<meta property=\"og:image:type\" content=\"image\/jpeg\" \/>\n<meta name=\"author\" content=\"Direcci\u00f3n de Comunicaci\u00f3n\" \/>\n<meta name=\"twitter:card\" content=\"summary_large_image\" \/>\n<meta name=\"twitter:label1\" content=\"Escrito por\" \/>\n\t<meta name=\"twitter:data1\" content=\"Direcci\u00f3n de Comunicaci\u00f3n\" \/>\n\t<meta name=\"twitter:label2\" content=\"Tiempo de lectura\" \/>\n\t<meta name=\"twitter:data2\" content=\"1 minuto\" \/>\n<script type=\"application\/ld+json\" class=\"yoast-schema-graph\">{\"@context\":\"https:\/\/schema.org\",\"@graph\":[{\"@type\":\"Article\",\"@id\":\"https:\/\/prefecturadeesmeraldas.gob.ec\/index.php\/2021\/07\/06\/conductores-satisfechos-con-el-avance-de-los-trabajos-en-la-via-la-t-zapallo\/#article\",\"isPartOf\":{\"@id\":\"https:\/\/prefecturadeesmeraldas.gob.ec\/index.php\/2021\/07\/06\/conductores-satisfechos-con-el-avance-de-los-trabajos-en-la-via-la-t-zapallo\/\"},\"author\":{\"name\":\"Direcci\u00f3n de Comunicaci\u00f3n\",\"@id\":\"https:\/\/prefecturadeesmeraldas.gob.ec\/#\/schema\/person\/b0c9e7b1ead7725994d1e319e8825234\"},\"headline\":\"Conductores satisfechos con el avance de los trabajos en la v\u00eda la T \u2013 Zapallo.\",\"datePublished\":\"2021-07-06T15:57:42+00:00\",\"dateModified\":\"2021-07-06T15:59:25+00:00\",\"mainEntityOfPage\":{\"@id\":\"https:\/\/prefecturadeesmeraldas.gob.ec\/index.php\/2021\/07\/06\/conductores-satisfechos-con-el-avance-de-los-trabajos-en-la-via-la-t-zapallo\/\"},\"wordCount\":283,\"publisher\":{\"@id\":\"https:\/\/prefecturadeesmeraldas.gob.ec\/#organization\"},\"image\":{\"@id\":\"https:\/\/prefecturadeesmeraldas.gob.ec\/index.php\/2021\/07\/06\/conductores-satisfechos-con-el-avance-de-los-trabajos-en-la-via-la-t-zapallo\/#primaryimage\"},\"thumbnailUrl\":\"https:\/\/prefecturadeesmeraldas.gob.ec\/wp-content\/uploads\/2021\/07\/BOLETIN-0652.jpg\",\"articleSection\":[\"Vialidad\"],\"inLanguage\":\"es\"},{\"@type\":\"WebPage\",\"@id\":\"https:\/\/prefecturadeesmeraldas.gob.ec\/index.php\/2021\/07\/06\/conductores-satisfechos-con-el-avance-de-los-trabajos-en-la-via-la-t-zapallo\/\",\"url\":\"https:\/\/prefecturadeesmeraldas.gob.ec\/index.php\/2021\/07\/06\/conductores-satisfechos-con-el-avance-de-los-trabajos-en-la-via-la-t-zapallo\/\",\"name\":\"Conductores satisfechos con el avance de los trabajos en la v\u00eda la T \u2013 Zapallo. - Gobierno Aut\u00f3nomo Descentralizado de la Provincia de Esmeraldas\",\"isPartOf\":{\"@id\":\"https:\/\/prefecturadeesmeraldas.gob.ec\/#website\"},\"primaryImageOfPage\":{\"@id\":\"https:\/\/prefecturadeesmeraldas.gob.ec\/index.php\/2021\/07\/06\/conductores-satisfechos-con-el-avance-de-los-trabajos-en-la-via-la-t-zapallo\/#primaryimage\"},\"image\":{\"@id\":\"https:\/\/prefecturadeesmeraldas.gob.ec\/index.php\/2021\/07\/06\/conductores-satisfechos-con-el-avance-de-los-trabajos-en-la-via-la-t-zapallo\/#primaryimage\"},\"thumbnailUrl\":\"https:\/\/prefecturadeesmeraldas.gob.ec\/wp-content\/uploads\/2021\/07\/BOLETIN-0652.jpg\",\"datePublished\":\"2021-07-06T15:57:42+00:00\",\"dateModified\":\"2021-07-06T15:59:25+00:00\",\"breadcrumb\":{\"@id\":\"https:\/\/prefecturadeesmeraldas.gob.ec\/index.php\/2021\/07\/06\/conductores-satisfechos-con-el-avance-de-los-trabajos-en-la-via-la-t-zapallo\/#breadcrumb\"},\"inLanguage\":\"es\",\"potentialAction\":[{\"@type\":\"ReadAction\",\"target\":[\"https:\/\/prefecturadeesmeraldas.gob.ec\/index.php\/2021\/07\/06\/conductores-satisfechos-con-el-avance-de-los-trabajos-en-la-via-la-t-zapallo\/\"]}]},{\"@type\":\"ImageObject\",\"inLanguage\":\"es\",\"@id\":\"https:\/\/prefecturadeesmeraldas.gob.ec\/index.php\/2021\/07\/06\/conductores-satisfechos-con-el-avance-de-los-trabajos-en-la-via-la-t-zapallo\/#primaryimage\",\"url\":\"https:\/\/prefecturadeesmeraldas.gob.ec\/wp-content\/uploads\/2021\/07\/BOLETIN-0652.jpg\",\"contentUrl\":\"https:\/\/prefecturadeesmeraldas.gob.ec\/wp-content\/uploads\/2021\/07\/BOLETIN-0652.jpg\",\"width\":1205,\"height\":1205},{\"@type\":\"BreadcrumbList\",\"@id\":\"https:\/\/prefecturadeesmeraldas.gob.ec\/index.php\/2021\/07\/06\/conductores-satisfechos-con-el-avance-de-los-trabajos-en-la-via-la-t-zapallo\/#breadcrumb\",\"itemListElement\":[{\"@type\":\"ListItem\",\"position\":1,\"name\":\"Home\",\"item\":\"https:\/\/prefecturadeesmeraldas.gob.ec\/\"},{\"@type\":\"ListItem\",\"position\":2,\"name\":\"Conductores satisfechos con el avance de los trabajos en la v\u00eda la T \u2013 Zapallo.\"}]},{\"@type\":\"WebSite\",\"@id\":\"https:\/\/prefecturadeesmeraldas.gob.ec\/#website\",\"url\":\"https:\/\/prefecturadeesmeraldas.gob.ec\/\",\"name\":\"Gobierno Aut\u00f3nomo Descentralizado de la Provincia de Esmeraldas\",\"description\":\"Gobierno Aut\u00f3nomo Descentralizado de la Provincia de Esmeraldas\",\"publisher\":{\"@id\":\"https:\/\/prefecturadeesmeraldas.gob.ec\/#organization\"},\"potentialAction\":[{\"@type\":\"SearchAction\",\"target\":{\"@type\":\"EntryPoint\",\"urlTemplate\":\"https:\/\/prefecturadeesmeraldas.gob.ec\/?s={search_term_string}\"},\"query-input\":{\"@type\":\"PropertyValueSpecification\",\"valueRequired\":true,\"valueName\":\"search_term_string\"}}],\"inLanguage\":\"es\"},{\"@type\":\"Organization\",\"@id\":\"https:\/\/prefecturadeesmeraldas.gob.ec\/#organization\",\"name\":\"Gobierno Aut\u00f3nomo Descentralizado de la Provincia de Esmeraldas\",\"url\":\"https:\/\/prefecturadeesmeraldas.gob.ec\/\",\"logo\":{\"@type\":\"ImageObject\",\"inLanguage\":\"es\",\"@id\":\"https:\/\/prefecturadeesmeraldas.gob.ec\/#\/schema\/logo\/image\/\",\"url\":\"https:\/\/prefecturadeesmeraldas.gob.ec\/wp-content\/uploads\/2019\/06\/logo.png\",\"contentUrl\":\"https:\/\/prefecturadeesmeraldas.gob.ec\/wp-content\/uploads\/2019\/06\/logo.png\",\"width\":859,\"height\":448,\"caption\":\"Gobierno Aut\u00f3nomo Descentralizado de la Provincia de Esmeraldas\"},\"image\":{\"@id\":\"https:\/\/prefecturadeesmeraldas.gob.ec\/#\/schema\/logo\/image\/\"},\"sameAs\":[\"https:\/\/www.facebook.com\/PrefecturaEsmeraldas\/\"]},{\"@type\":\"Person\",\"@id\":\"https:\/\/prefecturadeesmeraldas.gob.ec\/#\/schema\/person\/b0c9e7b1ead7725994d1e319e8825234\",\"name\":\"Direcci\u00f3n de Comunicaci\u00f3n\",\"image\":{\"@type\":\"ImageObject\",\"inLanguage\":\"es\",\"@id\":\"https:\/\/prefecturadeesmeraldas.gob.ec\/#\/schema\/person\/image\/\",\"url\":\"https:\/\/secure.gravatar.com\/avatar\/74a3870a946f5d774ade3569af61a72308e07ad3346f370c4b468ee2a9858658?s=96&d=mm&r=g\",\"contentUrl\":\"https:\/\/secure.gravatar.com\/avatar\/74a3870a946f5d774ade3569af61a72308e07ad3346f370c4b468ee2a9858658?s=96&d=mm&r=g\",\"caption\":\"Direcci\u00f3n de Comunicaci\u00f3n\"}}]}<\/script>\n<!-- \/ Yoast SEO plugin. -->","yoast_head_json":{"title":"Conductores satisfechos con el avance de los trabajos en la v\u00eda la T \u2013 Zapallo. - Gobierno Aut\u00f3nomo Descentralizado de la Provincia de Esmeraldas","robots":{"index":"index","follow":"follow","max-snippet":"max-snippet:-1","max-image-preview":"max-image-preview:large","max-video-preview":"max-video-preview:-1"},"canonical":"https:\/\/prefecturadeesmeraldas.gob.ec\/index.php\/2021\/07\/06\/conductores-satisfechos-con-el-avance-de-los-trabajos-en-la-via-la-t-zapallo\/","og_locale":"es_ES","og_type":"article","og_title":"Conductores satisfechos con el avance de los trabajos en la v\u00eda la T \u2013 Zapallo. - Gobierno Aut\u00f3nomo Descentralizado de la Provincia de Esmeraldas","og_description":"Existe gran satisfacci\u00f3n entre los conductores de veh\u00edculos livianos y pesados, al ver c\u00f3mo avanzan los trabajos de ampliaci\u00f3n, rehabilitaci\u00f3n y asfaltado de la v\u00eda La T \u2013 Zapallo, en la parroquia Malimpia del cant\u00f3n Quinind\u00e9. Los trabajos se encuentran en la fase de colocaci\u00f3n de un geotextil y malla biaxial como parte del mejoramiento [&hellip;]","og_url":"https:\/\/prefecturadeesmeraldas.gob.ec\/index.php\/2021\/07\/06\/conductores-satisfechos-con-el-avance-de-los-trabajos-en-la-via-la-t-zapallo\/","og_site_name":"Gobierno Aut\u00f3nomo Descentralizado de la Provincia de Esmeraldas","article_publisher":"https:\/\/www.facebook.com\/PrefecturaEsmeraldas\/","article_published_time":"2021-07-06T15:57:42+00:00","article_modified_time":"2021-07-06T15:59:25+00:00","og_image":[{"width":1205,"height":1205,"url":"https:\/\/prefecturadeesmeraldas.gob.ec\/wp-content\/uploads\/2021\/07\/BOLETIN-0652.jpg","type":"image\/jpeg"}],"author":"Direcci\u00f3n de Comunicaci\u00f3n","twitter_card":"summary_large_image","twitter_misc":{"Escrito por":"Direcci\u00f3n de Comunicaci\u00f3n","Tiempo de lectura":"1 minuto"},"schema":{"@context":"https:\/\/schema.org","@graph":[{"@type":"Article","@id":"https:\/\/prefecturadeesmeraldas.gob.ec\/index.php\/2021\/07\/06\/conductores-satisfechos-con-el-avance-de-los-trabajos-en-la-via-la-t-zapallo\/#article","isPartOf":{"@id":"https:\/\/prefecturadeesmeraldas.gob.ec\/index.php\/2021\/07\/06\/conductores-satisfechos-con-el-avance-de-los-trabajos-en-la-via-la-t-zapallo\/"},"author":{"name":"Direcci\u00f3n de Comunicaci\u00f3n","@id":"https:\/\/prefecturadeesmeraldas.gob.ec\/#\/schema\/person\/b0c9e7b1ead7725994d1e319e8825234"},"headline":"Conductores satisfechos con el avance de los trabajos en la v\u00eda la T \u2013 Zapallo.","datePublished":"2021-07-06T15:57:42+00:00","dateModified":"2021-07-06T15:59:25+00:00","mainEntityOfPage":{"@id":"https:\/\/prefecturadeesmeraldas.gob.ec\/index.php\/2021\/07\/06\/conductores-satisfechos-con-el-avance-de-los-trabajos-en-la-via-la-t-zapallo\/"},"wordCount":283,"publisher":{"@id":"https:\/\/prefecturadeesmeraldas.gob.ec\/#organization"},"image":{"@id":"https:\/\/prefecturadeesmeraldas.gob.ec\/index.php\/2021\/07\/06\/conductores-satisfechos-con-el-avance-de-los-trabajos-en-la-via-la-t-zapallo\/#primaryimage"},"thumbnailUrl":"https:\/\/prefecturadeesmeraldas.gob.ec\/wp-content\/uploads\/2021\/07\/BOLETIN-0652.jpg","articleSection":["Vialidad"],"inLanguage":"es"},{"@type":"WebPage","@id":"https:\/\/prefecturadeesmeraldas.gob.ec\/index.php\/2021\/07\/06\/conductores-satisfechos-con-el-avance-de-los-trabajos-en-la-via-la-t-zapallo\/","url":"https:\/\/prefecturadeesmeraldas.gob.ec\/index.php\/2021\/07\/06\/conductores-satisfechos-con-el-avance-de-los-trabajos-en-la-via-la-t-zapallo\/","name":"Conductores satisfechos con el avance de los trabajos en la v\u00eda la T \u2013 Zapallo. - Gobierno Aut\u00f3nomo Descentralizado de la Provincia de Esmeraldas","isPartOf":{"@id":"https:\/\/prefecturadeesmeraldas.gob.ec\/#website"},"primaryImageOfPage":{"@id":"https:\/\/prefecturadeesmeraldas.gob.ec\/index.php\/2021\/07\/06\/conductores-satisfechos-con-el-avance-de-los-trabajos-en-la-via-la-t-zapallo\/#primaryimage"},"image":{"@id":"https:\/\/prefecturadeesmeraldas.gob.ec\/index.php\/2021\/07\/06\/conductores-satisfechos-con-el-avance-de-los-trabajos-en-la-via-la-t-zapallo\/#primaryimage"},"thumbnailUrl":"https:\/\/prefecturadeesmeraldas.gob.ec\/wp-content\/uploads\/2021\/07\/BOLETIN-0652.jpg","datePublished":"2021-07-06T15:57:42+00:00","dateModified":"2021-07-06T15:59:25+00:00","breadcrumb":{"@id":"https:\/\/prefecturadeesmeraldas.gob.ec\/index.php\/2021\/07\/06\/conductores-satisfechos-con-el-avance-de-los-trabajos-en-la-via-la-t-zapallo\/#breadcrumb"},"inLanguage":"es","potentialAction":[{"@type":"ReadAction","target":["https:\/\/prefecturadeesmeraldas.gob.ec\/index.php\/2021\/07\/06\/conductores-satisfechos-con-el-avance-de-los-trabajos-en-la-via-la-t-zapallo\/"]}]},{"@type":"ImageObject","inLanguage":"es","@id":"https:\/\/prefecturadeesmeraldas.gob.ec\/index.php\/2021\/07\/06\/conductores-satisfechos-con-el-avance-de-los-trabajos-en-la-via-la-t-zapallo\/#primaryimage","url":"https:\/\/prefecturadeesmeraldas.gob.ec\/wp-content\/uploads\/2021\/07\/BOLETIN-0652.jpg","contentUrl":"https:\/\/prefecturadeesmeraldas.gob.ec\/wp-content\/uploads\/2021\/07\/BOLETIN-0652.jpg","width":1205,"height":1205},{"@type":"BreadcrumbList","@id":"https:\/\/prefecturadeesmeraldas.gob.ec\/index.php\/2021\/07\/06\/conductores-satisfechos-con-el-avance-de-los-trabajos-en-la-via-la-t-zapallo\/#breadcrumb","itemListElement":[{"@type":"ListItem","position":1,"name":"Home","item":"https:\/\/prefecturadeesmeraldas.gob.ec\/"},{"@type":"ListItem","position":2,"name":"Conductores satisfechos con el avance de los trabajos en la v\u00eda la T \u2013 Zapallo."}]},{"@type":"WebSite","@id":"https:\/\/prefecturadeesmeraldas.gob.ec\/#website","url":"https:\/\/prefecturadeesmeraldas.gob.ec\/","name":"Gobierno Aut\u00f3nomo Descentralizado de la Provincia de Esmeraldas","description":"Gobierno Aut\u00f3nomo Descentralizado de la Provincia de Esmeraldas","publisher":{"@id":"https:\/\/prefecturadeesmeraldas.gob.ec\/#organization"},"potentialAction":[{"@type":"SearchAction","target":{"@type":"EntryPoint","urlTemplate":"https:\/\/prefecturadeesmeraldas.gob.ec\/?s={search_term_string}"},"query-input":{"@type":"PropertyValueSpecification","valueRequired":true,"valueName":"search_term_string"}}],"inLanguage":"es"},{"@type":"Organization","@id":"https:\/\/prefecturadeesmeraldas.gob.ec\/#organization","name":"Gobierno Aut\u00f3nomo Descentralizado de la Provincia de Esmeraldas","url":"https:\/\/prefecturadeesmeraldas.gob.ec\/","logo":{"@type":"ImageObject","inLanguage":"es","@id":"https:\/\/prefecturadeesmeraldas.gob.ec\/#\/schema\/logo\/image\/","url":"https:\/\/prefecturadeesmeraldas.gob.ec\/wp-content\/uploads\/2019\/06\/logo.png","contentUrl":"https:\/\/prefecturadeesmeraldas.gob.ec\/wp-content\/uploads\/2019\/06\/logo.png","width":859,"height":448,"caption":"Gobierno Aut\u00f3nomo Descentralizado de la Provincia de Esmeraldas"},"image":{"@id":"https:\/\/prefecturadeesmeraldas.gob.ec\/#\/schema\/logo\/image\/"},"sameAs":["https:\/\/www.facebook.com\/PrefecturaEsmeraldas\/"]},{"@type":"Person","@id":"https:\/\/prefecturadeesmeraldas.gob.ec\/#\/schema\/person\/b0c9e7b1ead7725994d1e319e8825234","name":"Direcci\u00f3n de Comunicaci\u00f3n","image":{"@type":"ImageObject","inLanguage":"es","@id":"https:\/\/prefecturadeesmeraldas.gob.ec\/#\/schema\/person\/image\/","url":"https:\/\/secure.gravatar.com\/avatar\/74a3870a946f5d774ade3569af61a72308e07ad3346f370c4b468ee2a9858658?s=96&d=mm&r=g","contentUrl":"https:\/\/secure.gravatar.com\/avatar\/74a3870a946f5d774ade3569af61a72308e07ad3346f370c4b468ee2a9858658?s=96&d=mm&r=g","caption":"Direcci\u00f3n de Comunicaci\u00f3n"}}]}},"_links":{"self":[{"href":"https:\/\/prefecturadeesmeraldas.gob.ec\/index.php\/wp-json\/wp\/v2\/posts\/11672","targetHints":{"allow":["GET"]}}],"collection":[{"href":"https:\/\/prefecturadeesmeraldas.gob.ec\/index.php\/wp-json\/wp\/v2\/posts"}],"about":[{"href":"https:\/\/prefecturadeesmeraldas.gob.ec\/index.php\/wp-json\/wp\/v2\/types\/post"}],"author":[{"embeddable":true,"href":"https:\/\/prefecturadeesmeraldas.gob.ec\/index.php\/wp-json\/wp\/v2\/users\/2"}],"replies":[{"embeddable":true,"href":"https:\/\/prefecturadeesmeraldas.gob.ec\/index.php\/wp-json\/wp\/v2\/comments?post=11672"}],"version-history":[{"count":0,"href":"https:\/\/prefecturadeesmeraldas.gob.ec\/index.php\/wp-json\/wp\/v2\/posts\/11672\/revisions"}],"wp:featuredmedia":[{"embeddable":true,"href":"https:\/\/prefecturadeesmeraldas.gob.ec\/index.php\/wp-json\/wp\/v2\/media\/11649"}],"wp:attachment":[{"href":"https:\/\/prefecturadeesmeraldas.gob.ec\/index.php\/wp-json\/wp\/v2\/media?parent=11672"}],"wp:term":[{"taxonomy":"category","embeddable":true,"href":"https:\/\/prefecturadeesmeraldas.gob.ec\/index.php\/wp-json\/wp\/v2\/categories?post=11672"},{"taxonomy":"post_tag","embeddable":true,"href":"https:\/\/prefecturadeesmeraldas.gob.ec\/index.php\/wp-json\/wp\/v2\/tags?post=11672"}],"curies":[{"name":"wp","href":"https:\/\/api.w.org\/{rel}","templated":true}]}}