{"id":11265,"date":"2021-06-15T12:32:19","date_gmt":"2021-06-15T17:32:19","guid":{"rendered":"http:\/\/prefecturadeesmeraldas.gob.ec\/?p=11265"},"modified":"2021-06-15T12:32:48","modified_gmt":"2021-06-15T17:32:48","slug":"prefectura-de-esmeraldas-fortalece-capacidades-para-dinamizar-la-economia-en-zonas-de-fronteras","status":"publish","type":"post","link":"https:\/\/prefecturadeesmeraldas.gob.ec\/index.php\/2021\/06\/15\/prefectura-de-esmeraldas-fortalece-capacidades-para-dinamizar-la-economia-en-zonas-de-fronteras\/","title":{"rendered":"Prefectura de Esmeraldas fortalece capacidades para dinamizar la econom\u00eda en zonas de fronteras."},"content":{"rendered":"\t\t<div data-elementor-type=\"wp-post\" data-elementor-id=\"11265\" class=\"elementor elementor-11265\">\n\t\t\t\t\t\t<section class=\"elementor-section elementor-top-section elementor-element elementor-element-e6c9c98 elementor-section-boxed elementor-section-height-default elementor-section-height-default\" data-id=\"e6c9c98\" data-element_type=\"section\">\n\t\t\t\t\t\t<div class=\"elementor-container elementor-column-gap-default\">\n\t\t\t\t\t<div class=\"elementor-column elementor-col-100 elementor-top-column elementor-element elementor-element-8e21977\" data-id=\"8e21977\" data-element_type=\"column\">\n\t\t\t<div class=\"elementor-widget-wrap elementor-element-populated\">\n\t\t\t\t\t\t<div class=\"elementor-element elementor-element-913c09f elementor-widget elementor-widget-image\" data-id=\"913c09f\" data-element_type=\"widget\" data-widget_type=\"image.default\">\n\t\t\t\t<div class=\"elementor-widget-container\">\n\t\t\t\t\t\t\t\t\t\t\t\t\t\t\t<img fetchpriority=\"high\" decoding=\"async\" width=\"567\" height=\"563\" src=\"https:\/\/prefecturadeesmeraldas.gob.ec\/wp-content\/uploads\/2021\/06\/Imagen4.jpg\" class=\"attachment-large size-large wp-image-11266\" alt=\"\" srcset=\"https:\/\/prefecturadeesmeraldas.gob.ec\/wp-content\/uploads\/2021\/06\/Imagen4.jpg 567w, https:\/\/prefecturadeesmeraldas.gob.ec\/wp-content\/uploads\/2021\/06\/Imagen4-150x150.jpg 150w, https:\/\/prefecturadeesmeraldas.gob.ec\/wp-content\/uploads\/2021\/06\/Imagen4-300x298.jpg 300w\" sizes=\"(max-width: 567px) 100vw, 567px\" \/>\t\t\t\t\t\t\t\t\t\t\t\t\t\t\t<\/div>\n\t\t\t\t<\/div>\n\t\t\t\t\t<\/div>\n\t\t<\/div>\n\t\t\t\t\t<\/div>\n\t\t<\/section>\n\t\t\t\t<section class=\"elementor-section elementor-top-section elementor-element elementor-element-6c762a5 elementor-section-boxed elementor-section-height-default elementor-section-height-default\" data-id=\"6c762a5\" data-element_type=\"section\">\n\t\t\t\t\t\t<div class=\"elementor-container elementor-column-gap-default\">\n\t\t\t\t\t<div class=\"elementor-column elementor-col-100 elementor-top-column elementor-element elementor-element-8888970\" data-id=\"8888970\" data-element_type=\"column\">\n\t\t\t<div class=\"elementor-widget-wrap elementor-element-populated\">\n\t\t\t\t\t\t<div class=\"elementor-element elementor-element-4b44c63 elementor-widget elementor-widget-text-editor\" data-id=\"4b44c63\" data-element_type=\"widget\" data-widget_type=\"text-editor.default\">\n\t\t\t\t<div class=\"elementor-widget-container\">\n\t\t\t\t\t\t\t\t\t<p>En el <strong>cant\u00f3n San Lorenzo<\/strong>, se realiz\u00f3 el Taller de Fortalecimiento de Capacidades locales en materia de Cooperaci\u00f3n Transfronteriza para la Zona de Integraci\u00f3n Fronteriza Ecuador \u2013 Colombia, del \u00e1rea estrat\u00e9gica de desarrollo Pac\u00edfico 2021, desarrollado los d\u00edas 9 y 10 de junio del 2021.<\/p><p><\/p><p>Este importante encuentro, se lo ejecut\u00f3 gracias a la <strong>Direcci\u00f3n de Cooperaci\u00f3n Internacional<\/strong> de la Prefectura de Esmeraldas, con la finalidad de promoveer la generaci\u00f3n de conocimientos entre los actores territoriales en materia de cooperaci\u00f3n transfronteriza.<\/p><p><\/p><p>Participaron por parte de Ecuador, organizaciones de la sociedad civil, artesanos, comerciantes, adem\u00e1s, los Gads Municipales de San Lorenzo y Eloy Alfaro, mientras que, por el lado Colombiano, los Municipios de Tumaco y Barbacoa.<\/p><p><\/p><p><strong>Mar\u00eda Luisa Ayov\u00ed<\/strong>, <strong>vicealcaldesa del cant\u00f3n Eloy Alfaro<\/strong>, manifest\u00f3 que en este encuentro a m\u00e1s de fortalecer las capcidades de los presentes, tambi\u00e9n se elaboraron proyectos en beneficio de los territorios transfronterizos del Pac\u00edfico.<\/p><p><\/p><p><strong>Rider Hurtado<\/strong>, t\u00e9cnico de Cooperaci\u00f3n Internacional, se\u00f1al\u00f3 que la <strong>Prefectura de Esmeraldas<\/strong> trabaja de manera ardua y tambi\u00e9n articulada para fortalecer la hermandad con el pa\u00eds hermano de Colombia. Adem\u00e1s, dijo que la Prefecta <strong>Roberta Zambrano<\/strong>, con estas acciones fomenta e impulsa el progreso, desarrollo y dinamizaci\u00f3n\u00a0 de la econom\u00eda de los cantones fronterizos.<\/p><p><\/p><p>En los dos d\u00edas de jornada, los participantes, formaron mesas de trabajo para el fortalecimiento de capacidades locales en materia de cooperaci\u00f3n transfronteriza, trabajando en 3 proyectos: actividad productiva, desarrollo social y cultural.<\/p>\t\t\t\t\t\t\t\t<\/div>\n\t\t\t\t<\/div>\n\t\t\t\t\t<\/div>\n\t\t<\/div>\n\t\t\t\t\t<\/div>\n\t\t<\/section>\n\t\t\t\t<\/div>\n\t\t","protected":false},"excerpt":{"rendered":"<p>En el cant\u00f3n San Lorenzo, se realiz\u00f3 el Taller de Fortalecimiento de Capacidades locales en materia de Cooperaci\u00f3n Transfronteriza para la Zona de Integraci\u00f3n Fronteriza Ecuador \u2013 Colombia, del \u00e1rea estrat\u00e9gica de desarrollo Pac\u00edfico 2021, desarrollado los d\u00edas 9 y 10 de junio del 2021. Este importante encuentro, se lo ejecut\u00f3 gracias a la Direcci\u00f3n [&hellip;]<\/p>\n","protected":false},"author":2,"featured_media":11266,"comment_status":"closed","ping_status":"open","sticky":false,"template":"","format":"standard","meta":{"footnotes":""},"categories":[24],"tags":[],"class_list":["post-11265","post","type-post","status-publish","format-standard","has-post-thumbnail","hentry","category-cooperacion-internacional"],"yoast_head":"<!-- This site is optimized with the Yoast SEO plugin v25.7 - https:\/\/yoast.com\/wordpress\/plugins\/seo\/ -->\n<title>Prefectura de Esmeraldas fortalece capacidades para dinamizar la econom\u00eda en zonas de fronteras. - Gobierno Aut\u00f3nomo Descentralizado de la Provincia de Esmeraldas<\/title>\n<meta name=\"robots\" content=\"index, follow, max-snippet:-1, max-image-preview:large, max-video-preview:-1\" \/>\n<link rel=\"canonical\" href=\"https:\/\/prefecturadeesmeraldas.gob.ec\/index.php\/2021\/06\/15\/prefectura-de-esmeraldas-fortalece-capacidades-para-dinamizar-la-economia-en-zonas-de-fronteras\/\" \/>\n<meta property=\"og:locale\" content=\"es_ES\" \/>\n<meta property=\"og:type\" content=\"article\" \/>\n<meta property=\"og:title\" content=\"Prefectura de Esmeraldas fortalece capacidades para dinamizar la econom\u00eda en zonas de fronteras. - Gobierno Aut\u00f3nomo Descentralizado de la Provincia de Esmeraldas\" \/>\n<meta property=\"og:description\" content=\"En el cant\u00f3n San Lorenzo, se realiz\u00f3 el Taller de Fortalecimiento de Capacidades locales en materia de Cooperaci\u00f3n Transfronteriza para la Zona de Integraci\u00f3n Fronteriza Ecuador \u2013 Colombia, del \u00e1rea estrat\u00e9gica de desarrollo Pac\u00edfico 2021, desarrollado los d\u00edas 9 y 10 de junio del 2021. Este importante encuentro, se lo ejecut\u00f3 gracias a la Direcci\u00f3n [&hellip;]\" \/>\n<meta property=\"og:url\" content=\"https:\/\/prefecturadeesmeraldas.gob.ec\/index.php\/2021\/06\/15\/prefectura-de-esmeraldas-fortalece-capacidades-para-dinamizar-la-economia-en-zonas-de-fronteras\/\" \/>\n<meta property=\"og:site_name\" content=\"Gobierno Aut\u00f3nomo Descentralizado de la Provincia de Esmeraldas\" \/>\n<meta property=\"article:publisher\" content=\"https:\/\/www.facebook.com\/PrefecturaEsmeraldas\/\" \/>\n<meta property=\"article:published_time\" content=\"2021-06-15T17:32:19+00:00\" \/>\n<meta property=\"article:modified_time\" content=\"2021-06-15T17:32:48+00:00\" \/>\n<meta property=\"og:image\" content=\"https:\/\/prefecturadeesmeraldas.gob.ec\/wp-content\/uploads\/2021\/06\/Imagen4.jpg\" \/>\n\t<meta property=\"og:image:width\" content=\"567\" \/>\n\t<meta property=\"og:image:height\" content=\"563\" \/>\n\t<meta property=\"og:image:type\" content=\"image\/jpeg\" \/>\n<meta name=\"author\" content=\"Direcci\u00f3n de Comunicaci\u00f3n\" \/>\n<meta name=\"twitter:card\" content=\"summary_large_image\" \/>\n<meta name=\"twitter:label1\" content=\"Escrito por\" \/>\n\t<meta name=\"twitter:data1\" content=\"Direcci\u00f3n de Comunicaci\u00f3n\" \/>\n\t<meta name=\"twitter:label2\" content=\"Tiempo de lectura\" \/>\n\t<meta name=\"twitter:data2\" content=\"1 minuto\" \/>\n<script type=\"application\/ld+json\" class=\"yoast-schema-graph\">{\"@context\":\"https:\/\/schema.org\",\"@graph\":[{\"@type\":\"Article\",\"@id\":\"https:\/\/prefecturadeesmeraldas.gob.ec\/index.php\/2021\/06\/15\/prefectura-de-esmeraldas-fortalece-capacidades-para-dinamizar-la-economia-en-zonas-de-fronteras\/#article\",\"isPartOf\":{\"@id\":\"https:\/\/prefecturadeesmeraldas.gob.ec\/index.php\/2021\/06\/15\/prefectura-de-esmeraldas-fortalece-capacidades-para-dinamizar-la-economia-en-zonas-de-fronteras\/\"},\"author\":{\"name\":\"Direcci\u00f3n de Comunicaci\u00f3n\",\"@id\":\"https:\/\/prefecturadeesmeraldas.gob.ec\/#\/schema\/person\/b0c9e7b1ead7725994d1e319e8825234\"},\"headline\":\"Prefectura de Esmeraldas fortalece capacidades para dinamizar la econom\u00eda en zonas de fronteras.\",\"datePublished\":\"2021-06-15T17:32:19+00:00\",\"dateModified\":\"2021-06-15T17:32:48+00:00\",\"mainEntityOfPage\":{\"@id\":\"https:\/\/prefecturadeesmeraldas.gob.ec\/index.php\/2021\/06\/15\/prefectura-de-esmeraldas-fortalece-capacidades-para-dinamizar-la-economia-en-zonas-de-fronteras\/\"},\"wordCount\":270,\"publisher\":{\"@id\":\"https:\/\/prefecturadeesmeraldas.gob.ec\/#organization\"},\"image\":{\"@id\":\"https:\/\/prefecturadeesmeraldas.gob.ec\/index.php\/2021\/06\/15\/prefectura-de-esmeraldas-fortalece-capacidades-para-dinamizar-la-economia-en-zonas-de-fronteras\/#primaryimage\"},\"thumbnailUrl\":\"https:\/\/prefecturadeesmeraldas.gob.ec\/wp-content\/uploads\/2021\/06\/Imagen4.jpg\",\"articleSection\":[\"Cooperaci\u00f3n Internacional\"],\"inLanguage\":\"es\"},{\"@type\":\"WebPage\",\"@id\":\"https:\/\/prefecturadeesmeraldas.gob.ec\/index.php\/2021\/06\/15\/prefectura-de-esmeraldas-fortalece-capacidades-para-dinamizar-la-economia-en-zonas-de-fronteras\/\",\"url\":\"https:\/\/prefecturadeesmeraldas.gob.ec\/index.php\/2021\/06\/15\/prefectura-de-esmeraldas-fortalece-capacidades-para-dinamizar-la-economia-en-zonas-de-fronteras\/\",\"name\":\"Prefectura de Esmeraldas fortalece capacidades para dinamizar la econom\u00eda en zonas de fronteras. - Gobierno Aut\u00f3nomo Descentralizado de la Provincia de Esmeraldas\",\"isPartOf\":{\"@id\":\"https:\/\/prefecturadeesmeraldas.gob.ec\/#website\"},\"primaryImageOfPage\":{\"@id\":\"https:\/\/prefecturadeesmeraldas.gob.ec\/index.php\/2021\/06\/15\/prefectura-de-esmeraldas-fortalece-capacidades-para-dinamizar-la-economia-en-zonas-de-fronteras\/#primaryimage\"},\"image\":{\"@id\":\"https:\/\/prefecturadeesmeraldas.gob.ec\/index.php\/2021\/06\/15\/prefectura-de-esmeraldas-fortalece-capacidades-para-dinamizar-la-economia-en-zonas-de-fronteras\/#primaryimage\"},\"thumbnailUrl\":\"https:\/\/prefecturadeesmeraldas.gob.ec\/wp-content\/uploads\/2021\/06\/Imagen4.jpg\",\"datePublished\":\"2021-06-15T17:32:19+00:00\",\"dateModified\":\"2021-06-15T17:32:48+00:00\",\"breadcrumb\":{\"@id\":\"https:\/\/prefecturadeesmeraldas.gob.ec\/index.php\/2021\/06\/15\/prefectura-de-esmeraldas-fortalece-capacidades-para-dinamizar-la-economia-en-zonas-de-fronteras\/#breadcrumb\"},\"inLanguage\":\"es\",\"potentialAction\":[{\"@type\":\"ReadAction\",\"target\":[\"https:\/\/prefecturadeesmeraldas.gob.ec\/index.php\/2021\/06\/15\/prefectura-de-esmeraldas-fortalece-capacidades-para-dinamizar-la-economia-en-zonas-de-fronteras\/\"]}]},{\"@type\":\"ImageObject\",\"inLanguage\":\"es\",\"@id\":\"https:\/\/prefecturadeesmeraldas.gob.ec\/index.php\/2021\/06\/15\/prefectura-de-esmeraldas-fortalece-capacidades-para-dinamizar-la-economia-en-zonas-de-fronteras\/#primaryimage\",\"url\":\"https:\/\/prefecturadeesmeraldas.gob.ec\/wp-content\/uploads\/2021\/06\/Imagen4.jpg\",\"contentUrl\":\"https:\/\/prefecturadeesmeraldas.gob.ec\/wp-content\/uploads\/2021\/06\/Imagen4.jpg\",\"width\":567,\"height\":563},{\"@type\":\"BreadcrumbList\",\"@id\":\"https:\/\/prefecturadeesmeraldas.gob.ec\/index.php\/2021\/06\/15\/prefectura-de-esmeraldas-fortalece-capacidades-para-dinamizar-la-economia-en-zonas-de-fronteras\/#breadcrumb\",\"itemListElement\":[{\"@type\":\"ListItem\",\"position\":1,\"name\":\"Home\",\"item\":\"https:\/\/prefecturadeesmeraldas.gob.ec\/\"},{\"@type\":\"ListItem\",\"position\":2,\"name\":\"Prefectura de Esmeraldas fortalece capacidades para dinamizar la econom\u00eda en zonas de fronteras.\"}]},{\"@type\":\"WebSite\",\"@id\":\"https:\/\/prefecturadeesmeraldas.gob.ec\/#website\",\"url\":\"https:\/\/prefecturadeesmeraldas.gob.ec\/\",\"name\":\"Gobierno Aut\u00f3nomo Descentralizado de la Provincia de Esmeraldas\",\"description\":\"Gobierno Aut\u00f3nomo Descentralizado de la Provincia de Esmeraldas\",\"publisher\":{\"@id\":\"https:\/\/prefecturadeesmeraldas.gob.ec\/#organization\"},\"potentialAction\":[{\"@type\":\"SearchAction\",\"target\":{\"@type\":\"EntryPoint\",\"urlTemplate\":\"https:\/\/prefecturadeesmeraldas.gob.ec\/?s={search_term_string}\"},\"query-input\":{\"@type\":\"PropertyValueSpecification\",\"valueRequired\":true,\"valueName\":\"search_term_string\"}}],\"inLanguage\":\"es\"},{\"@type\":\"Organization\",\"@id\":\"https:\/\/prefecturadeesmeraldas.gob.ec\/#organization\",\"name\":\"Gobierno Aut\u00f3nomo Descentralizado de la Provincia de Esmeraldas\",\"url\":\"https:\/\/prefecturadeesmeraldas.gob.ec\/\",\"logo\":{\"@type\":\"ImageObject\",\"inLanguage\":\"es\",\"@id\":\"https:\/\/prefecturadeesmeraldas.gob.ec\/#\/schema\/logo\/image\/\",\"url\":\"https:\/\/prefecturadeesmeraldas.gob.ec\/wp-content\/uploads\/2019\/06\/logo.png\",\"contentUrl\":\"https:\/\/prefecturadeesmeraldas.gob.ec\/wp-content\/uploads\/2019\/06\/logo.png\",\"width\":859,\"height\":448,\"caption\":\"Gobierno Aut\u00f3nomo Descentralizado de la Provincia de Esmeraldas\"},\"image\":{\"@id\":\"https:\/\/prefecturadeesmeraldas.gob.ec\/#\/schema\/logo\/image\/\"},\"sameAs\":[\"https:\/\/www.facebook.com\/PrefecturaEsmeraldas\/\"]},{\"@type\":\"Person\",\"@id\":\"https:\/\/prefecturadeesmeraldas.gob.ec\/#\/schema\/person\/b0c9e7b1ead7725994d1e319e8825234\",\"name\":\"Direcci\u00f3n de Comunicaci\u00f3n\",\"image\":{\"@type\":\"ImageObject\",\"inLanguage\":\"es\",\"@id\":\"https:\/\/prefecturadeesmeraldas.gob.ec\/#\/schema\/person\/image\/\",\"url\":\"https:\/\/secure.gravatar.com\/avatar\/74a3870a946f5d774ade3569af61a72308e07ad3346f370c4b468ee2a9858658?s=96&d=mm&r=g\",\"contentUrl\":\"https:\/\/secure.gravatar.com\/avatar\/74a3870a946f5d774ade3569af61a72308e07ad3346f370c4b468ee2a9858658?s=96&d=mm&r=g\",\"caption\":\"Direcci\u00f3n de Comunicaci\u00f3n\"}}]}<\/script>\n<!-- \/ Yoast SEO plugin. -->","yoast_head_json":{"title":"Prefectura de Esmeraldas fortalece capacidades para dinamizar la econom\u00eda en zonas de fronteras. - Gobierno Aut\u00f3nomo Descentralizado de la Provincia de Esmeraldas","robots":{"index":"index","follow":"follow","max-snippet":"max-snippet:-1","max-image-preview":"max-image-preview:large","max-video-preview":"max-video-preview:-1"},"canonical":"https:\/\/prefecturadeesmeraldas.gob.ec\/index.php\/2021\/06\/15\/prefectura-de-esmeraldas-fortalece-capacidades-para-dinamizar-la-economia-en-zonas-de-fronteras\/","og_locale":"es_ES","og_type":"article","og_title":"Prefectura de Esmeraldas fortalece capacidades para dinamizar la econom\u00eda en zonas de fronteras. - Gobierno Aut\u00f3nomo Descentralizado de la Provincia de Esmeraldas","og_description":"En el cant\u00f3n San Lorenzo, se realiz\u00f3 el Taller de Fortalecimiento de Capacidades locales en materia de Cooperaci\u00f3n Transfronteriza para la Zona de Integraci\u00f3n Fronteriza Ecuador \u2013 Colombia, del \u00e1rea estrat\u00e9gica de desarrollo Pac\u00edfico 2021, desarrollado los d\u00edas 9 y 10 de junio del 2021. Este importante encuentro, se lo ejecut\u00f3 gracias a la Direcci\u00f3n [&hellip;]","og_url":"https:\/\/prefecturadeesmeraldas.gob.ec\/index.php\/2021\/06\/15\/prefectura-de-esmeraldas-fortalece-capacidades-para-dinamizar-la-economia-en-zonas-de-fronteras\/","og_site_name":"Gobierno Aut\u00f3nomo Descentralizado de la Provincia de Esmeraldas","article_publisher":"https:\/\/www.facebook.com\/PrefecturaEsmeraldas\/","article_published_time":"2021-06-15T17:32:19+00:00","article_modified_time":"2021-06-15T17:32:48+00:00","og_image":[{"width":567,"height":563,"url":"https:\/\/prefecturadeesmeraldas.gob.ec\/wp-content\/uploads\/2021\/06\/Imagen4.jpg","type":"image\/jpeg"}],"author":"Direcci\u00f3n de Comunicaci\u00f3n","twitter_card":"summary_large_image","twitter_misc":{"Escrito por":"Direcci\u00f3n de Comunicaci\u00f3n","Tiempo de lectura":"1 minuto"},"schema":{"@context":"https:\/\/schema.org","@graph":[{"@type":"Article","@id":"https:\/\/prefecturadeesmeraldas.gob.ec\/index.php\/2021\/06\/15\/prefectura-de-esmeraldas-fortalece-capacidades-para-dinamizar-la-economia-en-zonas-de-fronteras\/#article","isPartOf":{"@id":"https:\/\/prefecturadeesmeraldas.gob.ec\/index.php\/2021\/06\/15\/prefectura-de-esmeraldas-fortalece-capacidades-para-dinamizar-la-economia-en-zonas-de-fronteras\/"},"author":{"name":"Direcci\u00f3n de Comunicaci\u00f3n","@id":"https:\/\/prefecturadeesmeraldas.gob.ec\/#\/schema\/person\/b0c9e7b1ead7725994d1e319e8825234"},"headline":"Prefectura de Esmeraldas fortalece capacidades para dinamizar la econom\u00eda en zonas de fronteras.","datePublished":"2021-06-15T17:32:19+00:00","dateModified":"2021-06-15T17:32:48+00:00","mainEntityOfPage":{"@id":"https:\/\/prefecturadeesmeraldas.gob.ec\/index.php\/2021\/06\/15\/prefectura-de-esmeraldas-fortalece-capacidades-para-dinamizar-la-economia-en-zonas-de-fronteras\/"},"wordCount":270,"publisher":{"@id":"https:\/\/prefecturadeesmeraldas.gob.ec\/#organization"},"image":{"@id":"https:\/\/prefecturadeesmeraldas.gob.ec\/index.php\/2021\/06\/15\/prefectura-de-esmeraldas-fortalece-capacidades-para-dinamizar-la-economia-en-zonas-de-fronteras\/#primaryimage"},"thumbnailUrl":"https:\/\/prefecturadeesmeraldas.gob.ec\/wp-content\/uploads\/2021\/06\/Imagen4.jpg","articleSection":["Cooperaci\u00f3n Internacional"],"inLanguage":"es"},{"@type":"WebPage","@id":"https:\/\/prefecturadeesmeraldas.gob.ec\/index.php\/2021\/06\/15\/prefectura-de-esmeraldas-fortalece-capacidades-para-dinamizar-la-economia-en-zonas-de-fronteras\/","url":"https:\/\/prefecturadeesmeraldas.gob.ec\/index.php\/2021\/06\/15\/prefectura-de-esmeraldas-fortalece-capacidades-para-dinamizar-la-economia-en-zonas-de-fronteras\/","name":"Prefectura de Esmeraldas fortalece capacidades para dinamizar la econom\u00eda en zonas de fronteras. - Gobierno Aut\u00f3nomo Descentralizado de la Provincia de Esmeraldas","isPartOf":{"@id":"https:\/\/prefecturadeesmeraldas.gob.ec\/#website"},"primaryImageOfPage":{"@id":"https:\/\/prefecturadeesmeraldas.gob.ec\/index.php\/2021\/06\/15\/prefectura-de-esmeraldas-fortalece-capacidades-para-dinamizar-la-economia-en-zonas-de-fronteras\/#primaryimage"},"image":{"@id":"https:\/\/prefecturadeesmeraldas.gob.ec\/index.php\/2021\/06\/15\/prefectura-de-esmeraldas-fortalece-capacidades-para-dinamizar-la-economia-en-zonas-de-fronteras\/#primaryimage"},"thumbnailUrl":"https:\/\/prefecturadeesmeraldas.gob.ec\/wp-content\/uploads\/2021\/06\/Imagen4.jpg","datePublished":"2021-06-15T17:32:19+00:00","dateModified":"2021-06-15T17:32:48+00:00","breadcrumb":{"@id":"https:\/\/prefecturadeesmeraldas.gob.ec\/index.php\/2021\/06\/15\/prefectura-de-esmeraldas-fortalece-capacidades-para-dinamizar-la-economia-en-zonas-de-fronteras\/#breadcrumb"},"inLanguage":"es","potentialAction":[{"@type":"ReadAction","target":["https:\/\/prefecturadeesmeraldas.gob.ec\/index.php\/2021\/06\/15\/prefectura-de-esmeraldas-fortalece-capacidades-para-dinamizar-la-economia-en-zonas-de-fronteras\/"]}]},{"@type":"ImageObject","inLanguage":"es","@id":"https:\/\/prefecturadeesmeraldas.gob.ec\/index.php\/2021\/06\/15\/prefectura-de-esmeraldas-fortalece-capacidades-para-dinamizar-la-economia-en-zonas-de-fronteras\/#primaryimage","url":"https:\/\/prefecturadeesmeraldas.gob.ec\/wp-content\/uploads\/2021\/06\/Imagen4.jpg","contentUrl":"https:\/\/prefecturadeesmeraldas.gob.ec\/wp-content\/uploads\/2021\/06\/Imagen4.jpg","width":567,"height":563},{"@type":"BreadcrumbList","@id":"https:\/\/prefecturadeesmeraldas.gob.ec\/index.php\/2021\/06\/15\/prefectura-de-esmeraldas-fortalece-capacidades-para-dinamizar-la-economia-en-zonas-de-fronteras\/#breadcrumb","itemListElement":[{"@type":"ListItem","position":1,"name":"Home","item":"https:\/\/prefecturadeesmeraldas.gob.ec\/"},{"@type":"ListItem","position":2,"name":"Prefectura de Esmeraldas fortalece capacidades para dinamizar la econom\u00eda en zonas de fronteras."}]},{"@type":"WebSite","@id":"https:\/\/prefecturadeesmeraldas.gob.ec\/#website","url":"https:\/\/prefecturadeesmeraldas.gob.ec\/","name":"Gobierno Aut\u00f3nomo Descentralizado de la Provincia de Esmeraldas","description":"Gobierno Aut\u00f3nomo Descentralizado de la Provincia de Esmeraldas","publisher":{"@id":"https:\/\/prefecturadeesmeraldas.gob.ec\/#organization"},"potentialAction":[{"@type":"SearchAction","target":{"@type":"EntryPoint","urlTemplate":"https:\/\/prefecturadeesmeraldas.gob.ec\/?s={search_term_string}"},"query-input":{"@type":"PropertyValueSpecification","valueRequired":true,"valueName":"search_term_string"}}],"inLanguage":"es"},{"@type":"Organization","@id":"https:\/\/prefecturadeesmeraldas.gob.ec\/#organization","name":"Gobierno Aut\u00f3nomo Descentralizado de la Provincia de Esmeraldas","url":"https:\/\/prefecturadeesmeraldas.gob.ec\/","logo":{"@type":"ImageObject","inLanguage":"es","@id":"https:\/\/prefecturadeesmeraldas.gob.ec\/#\/schema\/logo\/image\/","url":"https:\/\/prefecturadeesmeraldas.gob.ec\/wp-content\/uploads\/2019\/06\/logo.png","contentUrl":"https:\/\/prefecturadeesmeraldas.gob.ec\/wp-content\/uploads\/2019\/06\/logo.png","width":859,"height":448,"caption":"Gobierno Aut\u00f3nomo Descentralizado de la Provincia de Esmeraldas"},"image":{"@id":"https:\/\/prefecturadeesmeraldas.gob.ec\/#\/schema\/logo\/image\/"},"sameAs":["https:\/\/www.facebook.com\/PrefecturaEsmeraldas\/"]},{"@type":"Person","@id":"https:\/\/prefecturadeesmeraldas.gob.ec\/#\/schema\/person\/b0c9e7b1ead7725994d1e319e8825234","name":"Direcci\u00f3n de Comunicaci\u00f3n","image":{"@type":"ImageObject","inLanguage":"es","@id":"https:\/\/prefecturadeesmeraldas.gob.ec\/#\/schema\/person\/image\/","url":"https:\/\/secure.gravatar.com\/avatar\/74a3870a946f5d774ade3569af61a72308e07ad3346f370c4b468ee2a9858658?s=96&d=mm&r=g","contentUrl":"https:\/\/secure.gravatar.com\/avatar\/74a3870a946f5d774ade3569af61a72308e07ad3346f370c4b468ee2a9858658?s=96&d=mm&r=g","caption":"Direcci\u00f3n de Comunicaci\u00f3n"}}]}},"_links":{"self":[{"href":"https:\/\/prefecturadeesmeraldas.gob.ec\/index.php\/wp-json\/wp\/v2\/posts\/11265","targetHints":{"allow":["GET"]}}],"collection":[{"href":"https:\/\/prefecturadeesmeraldas.gob.ec\/index.php\/wp-json\/wp\/v2\/posts"}],"about":[{"href":"https:\/\/prefecturadeesmeraldas.gob.ec\/index.php\/wp-json\/wp\/v2\/types\/post"}],"author":[{"embeddable":true,"href":"https:\/\/prefecturadeesmeraldas.gob.ec\/index.php\/wp-json\/wp\/v2\/users\/2"}],"replies":[{"embeddable":true,"href":"https:\/\/prefecturadeesmeraldas.gob.ec\/index.php\/wp-json\/wp\/v2\/comments?post=11265"}],"version-history":[{"count":0,"href":"https:\/\/prefecturadeesmeraldas.gob.ec\/index.php\/wp-json\/wp\/v2\/posts\/11265\/revisions"}],"wp:featuredmedia":[{"embeddable":true,"href":"https:\/\/prefecturadeesmeraldas.gob.ec\/index.php\/wp-json\/wp\/v2\/media\/11266"}],"wp:attachment":[{"href":"https:\/\/prefecturadeesmeraldas.gob.ec\/index.php\/wp-json\/wp\/v2\/media?parent=11265"}],"wp:term":[{"taxonomy":"category","embeddable":true,"href":"https:\/\/prefecturadeesmeraldas.gob.ec\/index.php\/wp-json\/wp\/v2\/categories?post=11265"},{"taxonomy":"post_tag","embeddable":true,"href":"https:\/\/prefecturadeesmeraldas.gob.ec\/index.php\/wp-json\/wp\/v2\/tags?post=11265"}],"curies":[{"name":"wp","href":"https:\/\/api.w.org\/{rel}","templated":true}]}}