{"id":1111,"date":"2019-09-02T15:09:34","date_gmt":"2019-09-02T20:09:34","guid":{"rendered":"http:\/\/prefecturadeesmeraldas.gob.ec\/?p=1111"},"modified":"2019-09-02T15:24:58","modified_gmt":"2019-09-02T20:24:58","slug":"la-marca-yo-soy-esmeraldas-se-promociono-en-la-xpotex-2019","status":"publish","type":"post","link":"https:\/\/prefecturadeesmeraldas.gob.ec\/index.php\/2019\/09\/02\/la-marca-yo-soy-esmeraldas-se-promociono-en-la-xpotex-2019\/","title":{"rendered":"La marca \u201cYo Soy Esmeraldas\u201d se promocion\u00f3 en la XPOTEX 2019"},"content":{"rendered":"\t\t<div data-elementor-type=\"wp-post\" data-elementor-id=\"1111\" class=\"elementor elementor-1111\">\n\t\t\t\t\t\t<section class=\"elementor-section elementor-top-section elementor-element elementor-element-660ccf0 elementor-section-boxed elementor-section-height-default elementor-section-height-default\" data-id=\"660ccf0\" data-element_type=\"section\">\n\t\t\t\t\t\t<div class=\"elementor-container elementor-column-gap-default\">\n\t\t\t\t\t<div class=\"elementor-column elementor-col-100 elementor-top-column elementor-element elementor-element-00a668d\" data-id=\"00a668d\" data-element_type=\"column\">\n\t\t\t<div class=\"elementor-widget-wrap elementor-element-populated\">\n\t\t\t\t\t\t<div class=\"elementor-element elementor-element-06d118c elementor-widget elementor-widget-text-editor\" data-id=\"06d118c\" data-element_type=\"widget\" data-widget_type=\"text-editor.default\">\n\t\t\t\t<div class=\"elementor-widget-container\">\n\t\t\t\t\t\t\t\t\t<p>Xpotex 2019, en su novena edici\u00f3n, una feria especializada que se realiz\u00f3 en el Centro de Exposiciones Quito es la vitrina donde se promociona la marca <strong>Yo<\/strong> <strong>Soy Esmeraldas<\/strong> al pa\u00eds.<br \/>La exposici\u00f3n de productos esmeralde\u00f1os, como textiles, bisuter\u00eda, artesan\u00edas, dulces ancestrales, pintura sobre textiles, en esta afamada feria, abre nuevos mercados para los 10 emprendedores esmeralde\u00f1os presentes.\u00a0<span style=\"font-size: inherit;\">Ellos son auspiciados por la Prefectura de Esmeraldas.<\/span><\/p><p>Nuestros productos se codean con m\u00e1s de 120 expositores, pertenecientes a empresas ecuatorianas y extranjeras de la industria textil.<\/p><p>En este a\u00f1o Xpotex, se propuso reunir en un solo escenario a todos los miembros que forman parte de la cadena productiva del sector textil, para lo cual, se desarroll\u00f3 una \u201cPasarela Permanente de Marca\u201d, en la que confeccionistas, muestran sus productos. Cientos de personas visitan diariamente el estand donde se promociona la marca Yo Soy Esmeraldas<\/p>\t\t\t\t\t\t\t\t<\/div>\n\t\t\t\t<\/div>\n\t\t\t\t\t<\/div>\n\t\t<\/div>\n\t\t\t\t\t<\/div>\n\t\t<\/section>\n\t\t\t\t<section class=\"elementor-section elementor-top-section elementor-element elementor-element-974f386 elementor-section-boxed elementor-section-height-default elementor-section-height-default\" data-id=\"974f386\" data-element_type=\"section\">\n\t\t\t\t\t\t<div class=\"elementor-container elementor-column-gap-default\">\n\t\t\t\t\t<div class=\"elementor-column elementor-col-100 elementor-top-column elementor-element elementor-element-a40acb8\" data-id=\"a40acb8\" data-element_type=\"column\">\n\t\t\t<div class=\"elementor-widget-wrap elementor-element-populated\">\n\t\t\t\t\t\t<div class=\"elementor-element elementor-element-11a2c24 elementor-widget elementor-widget-image\" data-id=\"11a2c24\" data-element_type=\"widget\" data-widget_type=\"image.default\">\n\t\t\t\t<div class=\"elementor-widget-container\">\n\t\t\t\t\t\t\t\t\t\t\t\t\t\t\t<img fetchpriority=\"high\" decoding=\"async\" width=\"1024\" height=\"768\" src=\"https:\/\/prefecturadeesmeraldas.gob.ec\/wp-content\/uploads\/2019\/09\/WhatsApp-Image-2019-08-30-at-15.05.10-1-1024x768.jpeg\" class=\"attachment-large size-large wp-image-1112\" alt=\"\" srcset=\"https:\/\/prefecturadeesmeraldas.gob.ec\/wp-content\/uploads\/2019\/09\/WhatsApp-Image-2019-08-30-at-15.05.10-1-1024x768.jpeg 1024w, https:\/\/prefecturadeesmeraldas.gob.ec\/wp-content\/uploads\/2019\/09\/WhatsApp-Image-2019-08-30-at-15.05.10-1-1080x810.jpeg 1080w, https:\/\/prefecturadeesmeraldas.gob.ec\/wp-content\/uploads\/2019\/09\/WhatsApp-Image-2019-08-30-at-15.05.10-1-300x225.jpeg 300w, https:\/\/prefecturadeesmeraldas.gob.ec\/wp-content\/uploads\/2019\/09\/WhatsApp-Image-2019-08-30-at-15.05.10-1-768x576.jpeg 768w, https:\/\/prefecturadeesmeraldas.gob.ec\/wp-content\/uploads\/2019\/09\/WhatsApp-Image-2019-08-30-at-15.05.10-1.jpeg 1280w\" sizes=\"(max-width: 1024px) 100vw, 1024px\" \/>\t\t\t\t\t\t\t\t\t\t\t\t\t\t\t<\/div>\n\t\t\t\t<\/div>\n\t\t\t\t\t<\/div>\n\t\t<\/div>\n\t\t\t\t\t<\/div>\n\t\t<\/section>\n\t\t\t\t<section class=\"elementor-section elementor-top-section elementor-element elementor-element-724eb5b elementor-section-boxed elementor-section-height-default elementor-section-height-default\" data-id=\"724eb5b\" data-element_type=\"section\">\n\t\t\t\t\t\t<div class=\"elementor-container elementor-column-gap-default\">\n\t\t\t\t\t<div class=\"elementor-column elementor-col-100 elementor-top-column elementor-element elementor-element-a6f49d9\" data-id=\"a6f49d9\" data-element_type=\"column\">\n\t\t\t<div class=\"elementor-widget-wrap elementor-element-populated\">\n\t\t\t\t\t\t<div class=\"elementor-element elementor-element-efe4f47 elementor-widget elementor-widget-image\" data-id=\"efe4f47\" data-element_type=\"widget\" data-widget_type=\"image.default\">\n\t\t\t\t<div class=\"elementor-widget-container\">\n\t\t\t\t\t\t\t\t\t\t\t\t\t\t\t<img decoding=\"async\" width=\"1024\" height=\"768\" src=\"https:\/\/prefecturadeesmeraldas.gob.ec\/wp-content\/uploads\/2019\/09\/WhatsApp-Image-2019-08-30-at-15.05.10-2-1024x768.jpeg\" class=\"attachment-large size-large wp-image-1114\" alt=\"\" srcset=\"https:\/\/prefecturadeesmeraldas.gob.ec\/wp-content\/uploads\/2019\/09\/WhatsApp-Image-2019-08-30-at-15.05.10-2-1024x768.jpeg 1024w, https:\/\/prefecturadeesmeraldas.gob.ec\/wp-content\/uploads\/2019\/09\/WhatsApp-Image-2019-08-30-at-15.05.10-2-1080x810.jpeg 1080w, https:\/\/prefecturadeesmeraldas.gob.ec\/wp-content\/uploads\/2019\/09\/WhatsApp-Image-2019-08-30-at-15.05.10-2-300x225.jpeg 300w, https:\/\/prefecturadeesmeraldas.gob.ec\/wp-content\/uploads\/2019\/09\/WhatsApp-Image-2019-08-30-at-15.05.10-2-768x576.jpeg 768w, https:\/\/prefecturadeesmeraldas.gob.ec\/wp-content\/uploads\/2019\/09\/WhatsApp-Image-2019-08-30-at-15.05.10-2.jpeg 1280w\" sizes=\"(max-width: 1024px) 100vw, 1024px\" \/>\t\t\t\t\t\t\t\t\t\t\t\t\t\t\t<\/div>\n\t\t\t\t<\/div>\n\t\t\t\t\t<\/div>\n\t\t<\/div>\n\t\t\t\t\t<\/div>\n\t\t<\/section>\n\t\t\t\t<\/div>\n\t\t","protected":false},"excerpt":{"rendered":"<p>Xpotex 2019, en su novena edici\u00f3n, una feria especializada que se realiz\u00f3 en el Centro de Exposiciones Quito es la vitrina donde se promociona la marca Yo Soy Esmeraldas al pa\u00eds. La exposici\u00f3n de productos esmeralde\u00f1os, como textiles, bisuter\u00eda, artesan\u00edas, dulces ancestrales, pintura sobre textiles, en esta afamada feria, abre nuevos mercados para los 10 [&hellip;]<\/p>\n","protected":false},"author":2,"featured_media":1112,"comment_status":"closed","ping_status":"open","sticky":false,"template":"","format":"standard","meta":{"footnotes":""},"categories":[3],"tags":[],"class_list":["post-1111","post","type-post","status-publish","format-standard","has-post-thumbnail","hentry","category-institucional"],"yoast_head":"<!-- This site is optimized with the Yoast SEO plugin v25.7 - https:\/\/yoast.com\/wordpress\/plugins\/seo\/ -->\n<title>La marca \u201cYo Soy Esmeraldas\u201d se promocion\u00f3 en la XPOTEX 2019 - Gobierno Aut\u00f3nomo Descentralizado de la Provincia de Esmeraldas<\/title>\n<meta name=\"robots\" content=\"index, follow, max-snippet:-1, max-image-preview:large, max-video-preview:-1\" \/>\n<link rel=\"canonical\" href=\"https:\/\/prefecturadeesmeraldas.gob.ec\/index.php\/2019\/09\/02\/la-marca-yo-soy-esmeraldas-se-promociono-en-la-xpotex-2019\/\" \/>\n<meta property=\"og:locale\" content=\"es_ES\" \/>\n<meta property=\"og:type\" content=\"article\" \/>\n<meta property=\"og:title\" content=\"La marca \u201cYo Soy Esmeraldas\u201d se promocion\u00f3 en la XPOTEX 2019 - Gobierno Aut\u00f3nomo Descentralizado de la Provincia de Esmeraldas\" \/>\n<meta property=\"og:description\" content=\"Xpotex 2019, en su novena edici\u00f3n, una feria especializada que se realiz\u00f3 en el Centro de Exposiciones Quito es la vitrina donde se promociona la marca Yo Soy Esmeraldas al pa\u00eds. La exposici\u00f3n de productos esmeralde\u00f1os, como textiles, bisuter\u00eda, artesan\u00edas, dulces ancestrales, pintura sobre textiles, en esta afamada feria, abre nuevos mercados para los 10 [&hellip;]\" \/>\n<meta property=\"og:url\" content=\"https:\/\/prefecturadeesmeraldas.gob.ec\/index.php\/2019\/09\/02\/la-marca-yo-soy-esmeraldas-se-promociono-en-la-xpotex-2019\/\" \/>\n<meta property=\"og:site_name\" content=\"Gobierno Aut\u00f3nomo Descentralizado de la Provincia de Esmeraldas\" \/>\n<meta property=\"article:publisher\" content=\"https:\/\/www.facebook.com\/PrefecturaEsmeraldas\/\" \/>\n<meta property=\"article:published_time\" content=\"2019-09-02T20:09:34+00:00\" \/>\n<meta property=\"article:modified_time\" content=\"2019-09-02T20:24:58+00:00\" \/>\n<meta property=\"og:image\" content=\"https:\/\/prefecturadeesmeraldas.gob.ec\/wp-content\/uploads\/2019\/09\/WhatsApp-Image-2019-08-30-at-15.05.10-1.jpeg\" \/>\n\t<meta property=\"og:image:width\" content=\"1280\" \/>\n\t<meta property=\"og:image:height\" content=\"960\" \/>\n\t<meta property=\"og:image:type\" content=\"image\/jpeg\" \/>\n<meta name=\"author\" content=\"Direcci\u00f3n de Comunicaci\u00f3n\" \/>\n<meta name=\"twitter:card\" content=\"summary_large_image\" \/>\n<meta name=\"twitter:label1\" content=\"Escrito por\" \/>\n\t<meta name=\"twitter:data1\" content=\"Direcci\u00f3n de Comunicaci\u00f3n\" \/>\n\t<meta name=\"twitter:label2\" content=\"Tiempo de lectura\" \/>\n\t<meta name=\"twitter:data2\" content=\"1 minuto\" \/>\n<script type=\"application\/ld+json\" class=\"yoast-schema-graph\">{\"@context\":\"https:\/\/schema.org\",\"@graph\":[{\"@type\":\"Article\",\"@id\":\"https:\/\/prefecturadeesmeraldas.gob.ec\/index.php\/2019\/09\/02\/la-marca-yo-soy-esmeraldas-se-promociono-en-la-xpotex-2019\/#article\",\"isPartOf\":{\"@id\":\"https:\/\/prefecturadeesmeraldas.gob.ec\/index.php\/2019\/09\/02\/la-marca-yo-soy-esmeraldas-se-promociono-en-la-xpotex-2019\/\"},\"author\":{\"name\":\"Direcci\u00f3n de Comunicaci\u00f3n\",\"@id\":\"https:\/\/prefecturadeesmeraldas.gob.ec\/#\/schema\/person\/b0c9e7b1ead7725994d1e319e8825234\"},\"headline\":\"La marca \u201cYo Soy Esmeraldas\u201d se promocion\u00f3 en la XPOTEX 2019\",\"datePublished\":\"2019-09-02T20:09:34+00:00\",\"dateModified\":\"2019-09-02T20:24:58+00:00\",\"mainEntityOfPage\":{\"@id\":\"https:\/\/prefecturadeesmeraldas.gob.ec\/index.php\/2019\/09\/02\/la-marca-yo-soy-esmeraldas-se-promociono-en-la-xpotex-2019\/\"},\"wordCount\":159,\"publisher\":{\"@id\":\"https:\/\/prefecturadeesmeraldas.gob.ec\/#organization\"},\"image\":{\"@id\":\"https:\/\/prefecturadeesmeraldas.gob.ec\/index.php\/2019\/09\/02\/la-marca-yo-soy-esmeraldas-se-promociono-en-la-xpotex-2019\/#primaryimage\"},\"thumbnailUrl\":\"https:\/\/prefecturadeesmeraldas.gob.ec\/wp-content\/uploads\/2019\/09\/WhatsApp-Image-2019-08-30-at-15.05.10-1.jpeg\",\"articleSection\":[\"Institucional\"],\"inLanguage\":\"es\"},{\"@type\":\"WebPage\",\"@id\":\"https:\/\/prefecturadeesmeraldas.gob.ec\/index.php\/2019\/09\/02\/la-marca-yo-soy-esmeraldas-se-promociono-en-la-xpotex-2019\/\",\"url\":\"https:\/\/prefecturadeesmeraldas.gob.ec\/index.php\/2019\/09\/02\/la-marca-yo-soy-esmeraldas-se-promociono-en-la-xpotex-2019\/\",\"name\":\"La marca \u201cYo Soy Esmeraldas\u201d se promocion\u00f3 en la XPOTEX 2019 - Gobierno Aut\u00f3nomo Descentralizado de la Provincia de Esmeraldas\",\"isPartOf\":{\"@id\":\"https:\/\/prefecturadeesmeraldas.gob.ec\/#website\"},\"primaryImageOfPage\":{\"@id\":\"https:\/\/prefecturadeesmeraldas.gob.ec\/index.php\/2019\/09\/02\/la-marca-yo-soy-esmeraldas-se-promociono-en-la-xpotex-2019\/#primaryimage\"},\"image\":{\"@id\":\"https:\/\/prefecturadeesmeraldas.gob.ec\/index.php\/2019\/09\/02\/la-marca-yo-soy-esmeraldas-se-promociono-en-la-xpotex-2019\/#primaryimage\"},\"thumbnailUrl\":\"https:\/\/prefecturadeesmeraldas.gob.ec\/wp-content\/uploads\/2019\/09\/WhatsApp-Image-2019-08-30-at-15.05.10-1.jpeg\",\"datePublished\":\"2019-09-02T20:09:34+00:00\",\"dateModified\":\"2019-09-02T20:24:58+00:00\",\"breadcrumb\":{\"@id\":\"https:\/\/prefecturadeesmeraldas.gob.ec\/index.php\/2019\/09\/02\/la-marca-yo-soy-esmeraldas-se-promociono-en-la-xpotex-2019\/#breadcrumb\"},\"inLanguage\":\"es\",\"potentialAction\":[{\"@type\":\"ReadAction\",\"target\":[\"https:\/\/prefecturadeesmeraldas.gob.ec\/index.php\/2019\/09\/02\/la-marca-yo-soy-esmeraldas-se-promociono-en-la-xpotex-2019\/\"]}]},{\"@type\":\"ImageObject\",\"inLanguage\":\"es\",\"@id\":\"https:\/\/prefecturadeesmeraldas.gob.ec\/index.php\/2019\/09\/02\/la-marca-yo-soy-esmeraldas-se-promociono-en-la-xpotex-2019\/#primaryimage\",\"url\":\"https:\/\/prefecturadeesmeraldas.gob.ec\/wp-content\/uploads\/2019\/09\/WhatsApp-Image-2019-08-30-at-15.05.10-1.jpeg\",\"contentUrl\":\"https:\/\/prefecturadeesmeraldas.gob.ec\/wp-content\/uploads\/2019\/09\/WhatsApp-Image-2019-08-30-at-15.05.10-1.jpeg\",\"width\":1280,\"height\":960},{\"@type\":\"BreadcrumbList\",\"@id\":\"https:\/\/prefecturadeesmeraldas.gob.ec\/index.php\/2019\/09\/02\/la-marca-yo-soy-esmeraldas-se-promociono-en-la-xpotex-2019\/#breadcrumb\",\"itemListElement\":[{\"@type\":\"ListItem\",\"position\":1,\"name\":\"Home\",\"item\":\"https:\/\/prefecturadeesmeraldas.gob.ec\/\"},{\"@type\":\"ListItem\",\"position\":2,\"name\":\"La marca \u201cYo Soy Esmeraldas\u201d se promocion\u00f3 en la XPOTEX 2019\"}]},{\"@type\":\"WebSite\",\"@id\":\"https:\/\/prefecturadeesmeraldas.gob.ec\/#website\",\"url\":\"https:\/\/prefecturadeesmeraldas.gob.ec\/\",\"name\":\"Gobierno Aut\u00f3nomo Descentralizado de la Provincia de Esmeraldas\",\"description\":\"Gobierno Aut\u00f3nomo Descentralizado de la Provincia de Esmeraldas\",\"publisher\":{\"@id\":\"https:\/\/prefecturadeesmeraldas.gob.ec\/#organization\"},\"potentialAction\":[{\"@type\":\"SearchAction\",\"target\":{\"@type\":\"EntryPoint\",\"urlTemplate\":\"https:\/\/prefecturadeesmeraldas.gob.ec\/?s={search_term_string}\"},\"query-input\":{\"@type\":\"PropertyValueSpecification\",\"valueRequired\":true,\"valueName\":\"search_term_string\"}}],\"inLanguage\":\"es\"},{\"@type\":\"Organization\",\"@id\":\"https:\/\/prefecturadeesmeraldas.gob.ec\/#organization\",\"name\":\"Gobierno Aut\u00f3nomo Descentralizado de la Provincia de Esmeraldas\",\"url\":\"https:\/\/prefecturadeesmeraldas.gob.ec\/\",\"logo\":{\"@type\":\"ImageObject\",\"inLanguage\":\"es\",\"@id\":\"https:\/\/prefecturadeesmeraldas.gob.ec\/#\/schema\/logo\/image\/\",\"url\":\"https:\/\/prefecturadeesmeraldas.gob.ec\/wp-content\/uploads\/2019\/06\/logo.png\",\"contentUrl\":\"https:\/\/prefecturadeesmeraldas.gob.ec\/wp-content\/uploads\/2019\/06\/logo.png\",\"width\":859,\"height\":448,\"caption\":\"Gobierno Aut\u00f3nomo Descentralizado de la Provincia de Esmeraldas\"},\"image\":{\"@id\":\"https:\/\/prefecturadeesmeraldas.gob.ec\/#\/schema\/logo\/image\/\"},\"sameAs\":[\"https:\/\/www.facebook.com\/PrefecturaEsmeraldas\/\"]},{\"@type\":\"Person\",\"@id\":\"https:\/\/prefecturadeesmeraldas.gob.ec\/#\/schema\/person\/b0c9e7b1ead7725994d1e319e8825234\",\"name\":\"Direcci\u00f3n de Comunicaci\u00f3n\",\"image\":{\"@type\":\"ImageObject\",\"inLanguage\":\"es\",\"@id\":\"https:\/\/prefecturadeesmeraldas.gob.ec\/#\/schema\/person\/image\/\",\"url\":\"https:\/\/secure.gravatar.com\/avatar\/74a3870a946f5d774ade3569af61a72308e07ad3346f370c4b468ee2a9858658?s=96&d=mm&r=g\",\"contentUrl\":\"https:\/\/secure.gravatar.com\/avatar\/74a3870a946f5d774ade3569af61a72308e07ad3346f370c4b468ee2a9858658?s=96&d=mm&r=g\",\"caption\":\"Direcci\u00f3n de Comunicaci\u00f3n\"}}]}<\/script>\n<!-- \/ Yoast SEO plugin. -->","yoast_head_json":{"title":"La marca \u201cYo Soy Esmeraldas\u201d se promocion\u00f3 en la XPOTEX 2019 - Gobierno Aut\u00f3nomo Descentralizado de la Provincia de Esmeraldas","robots":{"index":"index","follow":"follow","max-snippet":"max-snippet:-1","max-image-preview":"max-image-preview:large","max-video-preview":"max-video-preview:-1"},"canonical":"https:\/\/prefecturadeesmeraldas.gob.ec\/index.php\/2019\/09\/02\/la-marca-yo-soy-esmeraldas-se-promociono-en-la-xpotex-2019\/","og_locale":"es_ES","og_type":"article","og_title":"La marca \u201cYo Soy Esmeraldas\u201d se promocion\u00f3 en la XPOTEX 2019 - Gobierno Aut\u00f3nomo Descentralizado de la Provincia de Esmeraldas","og_description":"Xpotex 2019, en su novena edici\u00f3n, una feria especializada que se realiz\u00f3 en el Centro de Exposiciones Quito es la vitrina donde se promociona la marca Yo Soy Esmeraldas al pa\u00eds. La exposici\u00f3n de productos esmeralde\u00f1os, como textiles, bisuter\u00eda, artesan\u00edas, dulces ancestrales, pintura sobre textiles, en esta afamada feria, abre nuevos mercados para los 10 [&hellip;]","og_url":"https:\/\/prefecturadeesmeraldas.gob.ec\/index.php\/2019\/09\/02\/la-marca-yo-soy-esmeraldas-se-promociono-en-la-xpotex-2019\/","og_site_name":"Gobierno Aut\u00f3nomo Descentralizado de la Provincia de Esmeraldas","article_publisher":"https:\/\/www.facebook.com\/PrefecturaEsmeraldas\/","article_published_time":"2019-09-02T20:09:34+00:00","article_modified_time":"2019-09-02T20:24:58+00:00","og_image":[{"width":1280,"height":960,"url":"https:\/\/prefecturadeesmeraldas.gob.ec\/wp-content\/uploads\/2019\/09\/WhatsApp-Image-2019-08-30-at-15.05.10-1.jpeg","type":"image\/jpeg"}],"author":"Direcci\u00f3n de Comunicaci\u00f3n","twitter_card":"summary_large_image","twitter_misc":{"Escrito por":"Direcci\u00f3n de Comunicaci\u00f3n","Tiempo de lectura":"1 minuto"},"schema":{"@context":"https:\/\/schema.org","@graph":[{"@type":"Article","@id":"https:\/\/prefecturadeesmeraldas.gob.ec\/index.php\/2019\/09\/02\/la-marca-yo-soy-esmeraldas-se-promociono-en-la-xpotex-2019\/#article","isPartOf":{"@id":"https:\/\/prefecturadeesmeraldas.gob.ec\/index.php\/2019\/09\/02\/la-marca-yo-soy-esmeraldas-se-promociono-en-la-xpotex-2019\/"},"author":{"name":"Direcci\u00f3n de Comunicaci\u00f3n","@id":"https:\/\/prefecturadeesmeraldas.gob.ec\/#\/schema\/person\/b0c9e7b1ead7725994d1e319e8825234"},"headline":"La marca \u201cYo Soy Esmeraldas\u201d se promocion\u00f3 en la XPOTEX 2019","datePublished":"2019-09-02T20:09:34+00:00","dateModified":"2019-09-02T20:24:58+00:00","mainEntityOfPage":{"@id":"https:\/\/prefecturadeesmeraldas.gob.ec\/index.php\/2019\/09\/02\/la-marca-yo-soy-esmeraldas-se-promociono-en-la-xpotex-2019\/"},"wordCount":159,"publisher":{"@id":"https:\/\/prefecturadeesmeraldas.gob.ec\/#organization"},"image":{"@id":"https:\/\/prefecturadeesmeraldas.gob.ec\/index.php\/2019\/09\/02\/la-marca-yo-soy-esmeraldas-se-promociono-en-la-xpotex-2019\/#primaryimage"},"thumbnailUrl":"https:\/\/prefecturadeesmeraldas.gob.ec\/wp-content\/uploads\/2019\/09\/WhatsApp-Image-2019-08-30-at-15.05.10-1.jpeg","articleSection":["Institucional"],"inLanguage":"es"},{"@type":"WebPage","@id":"https:\/\/prefecturadeesmeraldas.gob.ec\/index.php\/2019\/09\/02\/la-marca-yo-soy-esmeraldas-se-promociono-en-la-xpotex-2019\/","url":"https:\/\/prefecturadeesmeraldas.gob.ec\/index.php\/2019\/09\/02\/la-marca-yo-soy-esmeraldas-se-promociono-en-la-xpotex-2019\/","name":"La marca \u201cYo Soy Esmeraldas\u201d se promocion\u00f3 en la XPOTEX 2019 - Gobierno Aut\u00f3nomo Descentralizado de la Provincia de Esmeraldas","isPartOf":{"@id":"https:\/\/prefecturadeesmeraldas.gob.ec\/#website"},"primaryImageOfPage":{"@id":"https:\/\/prefecturadeesmeraldas.gob.ec\/index.php\/2019\/09\/02\/la-marca-yo-soy-esmeraldas-se-promociono-en-la-xpotex-2019\/#primaryimage"},"image":{"@id":"https:\/\/prefecturadeesmeraldas.gob.ec\/index.php\/2019\/09\/02\/la-marca-yo-soy-esmeraldas-se-promociono-en-la-xpotex-2019\/#primaryimage"},"thumbnailUrl":"https:\/\/prefecturadeesmeraldas.gob.ec\/wp-content\/uploads\/2019\/09\/WhatsApp-Image-2019-08-30-at-15.05.10-1.jpeg","datePublished":"2019-09-02T20:09:34+00:00","dateModified":"2019-09-02T20:24:58+00:00","breadcrumb":{"@id":"https:\/\/prefecturadeesmeraldas.gob.ec\/index.php\/2019\/09\/02\/la-marca-yo-soy-esmeraldas-se-promociono-en-la-xpotex-2019\/#breadcrumb"},"inLanguage":"es","potentialAction":[{"@type":"ReadAction","target":["https:\/\/prefecturadeesmeraldas.gob.ec\/index.php\/2019\/09\/02\/la-marca-yo-soy-esmeraldas-se-promociono-en-la-xpotex-2019\/"]}]},{"@type":"ImageObject","inLanguage":"es","@id":"https:\/\/prefecturadeesmeraldas.gob.ec\/index.php\/2019\/09\/02\/la-marca-yo-soy-esmeraldas-se-promociono-en-la-xpotex-2019\/#primaryimage","url":"https:\/\/prefecturadeesmeraldas.gob.ec\/wp-content\/uploads\/2019\/09\/WhatsApp-Image-2019-08-30-at-15.05.10-1.jpeg","contentUrl":"https:\/\/prefecturadeesmeraldas.gob.ec\/wp-content\/uploads\/2019\/09\/WhatsApp-Image-2019-08-30-at-15.05.10-1.jpeg","width":1280,"height":960},{"@type":"BreadcrumbList","@id":"https:\/\/prefecturadeesmeraldas.gob.ec\/index.php\/2019\/09\/02\/la-marca-yo-soy-esmeraldas-se-promociono-en-la-xpotex-2019\/#breadcrumb","itemListElement":[{"@type":"ListItem","position":1,"name":"Home","item":"https:\/\/prefecturadeesmeraldas.gob.ec\/"},{"@type":"ListItem","position":2,"name":"La marca \u201cYo Soy Esmeraldas\u201d se promocion\u00f3 en la XPOTEX 2019"}]},{"@type":"WebSite","@id":"https:\/\/prefecturadeesmeraldas.gob.ec\/#website","url":"https:\/\/prefecturadeesmeraldas.gob.ec\/","name":"Gobierno Aut\u00f3nomo Descentralizado de la Provincia de Esmeraldas","description":"Gobierno Aut\u00f3nomo Descentralizado de la Provincia de Esmeraldas","publisher":{"@id":"https:\/\/prefecturadeesmeraldas.gob.ec\/#organization"},"potentialAction":[{"@type":"SearchAction","target":{"@type":"EntryPoint","urlTemplate":"https:\/\/prefecturadeesmeraldas.gob.ec\/?s={search_term_string}"},"query-input":{"@type":"PropertyValueSpecification","valueRequired":true,"valueName":"search_term_string"}}],"inLanguage":"es"},{"@type":"Organization","@id":"https:\/\/prefecturadeesmeraldas.gob.ec\/#organization","name":"Gobierno Aut\u00f3nomo Descentralizado de la Provincia de Esmeraldas","url":"https:\/\/prefecturadeesmeraldas.gob.ec\/","logo":{"@type":"ImageObject","inLanguage":"es","@id":"https:\/\/prefecturadeesmeraldas.gob.ec\/#\/schema\/logo\/image\/","url":"https:\/\/prefecturadeesmeraldas.gob.ec\/wp-content\/uploads\/2019\/06\/logo.png","contentUrl":"https:\/\/prefecturadeesmeraldas.gob.ec\/wp-content\/uploads\/2019\/06\/logo.png","width":859,"height":448,"caption":"Gobierno Aut\u00f3nomo Descentralizado de la Provincia de Esmeraldas"},"image":{"@id":"https:\/\/prefecturadeesmeraldas.gob.ec\/#\/schema\/logo\/image\/"},"sameAs":["https:\/\/www.facebook.com\/PrefecturaEsmeraldas\/"]},{"@type":"Person","@id":"https:\/\/prefecturadeesmeraldas.gob.ec\/#\/schema\/person\/b0c9e7b1ead7725994d1e319e8825234","name":"Direcci\u00f3n de Comunicaci\u00f3n","image":{"@type":"ImageObject","inLanguage":"es","@id":"https:\/\/prefecturadeesmeraldas.gob.ec\/#\/schema\/person\/image\/","url":"https:\/\/secure.gravatar.com\/avatar\/74a3870a946f5d774ade3569af61a72308e07ad3346f370c4b468ee2a9858658?s=96&d=mm&r=g","contentUrl":"https:\/\/secure.gravatar.com\/avatar\/74a3870a946f5d774ade3569af61a72308e07ad3346f370c4b468ee2a9858658?s=96&d=mm&r=g","caption":"Direcci\u00f3n de Comunicaci\u00f3n"}}]}},"_links":{"self":[{"href":"https:\/\/prefecturadeesmeraldas.gob.ec\/index.php\/wp-json\/wp\/v2\/posts\/1111","targetHints":{"allow":["GET"]}}],"collection":[{"href":"https:\/\/prefecturadeesmeraldas.gob.ec\/index.php\/wp-json\/wp\/v2\/posts"}],"about":[{"href":"https:\/\/prefecturadeesmeraldas.gob.ec\/index.php\/wp-json\/wp\/v2\/types\/post"}],"author":[{"embeddable":true,"href":"https:\/\/prefecturadeesmeraldas.gob.ec\/index.php\/wp-json\/wp\/v2\/users\/2"}],"replies":[{"embeddable":true,"href":"https:\/\/prefecturadeesmeraldas.gob.ec\/index.php\/wp-json\/wp\/v2\/comments?post=1111"}],"version-history":[{"count":0,"href":"https:\/\/prefecturadeesmeraldas.gob.ec\/index.php\/wp-json\/wp\/v2\/posts\/1111\/revisions"}],"wp:featuredmedia":[{"embeddable":true,"href":"https:\/\/prefecturadeesmeraldas.gob.ec\/index.php\/wp-json\/wp\/v2\/media\/1112"}],"wp:attachment":[{"href":"https:\/\/prefecturadeesmeraldas.gob.ec\/index.php\/wp-json\/wp\/v2\/media?parent=1111"}],"wp:term":[{"taxonomy":"category","embeddable":true,"href":"https:\/\/prefecturadeesmeraldas.gob.ec\/index.php\/wp-json\/wp\/v2\/categories?post=1111"},{"taxonomy":"post_tag","embeddable":true,"href":"https:\/\/prefecturadeesmeraldas.gob.ec\/index.php\/wp-json\/wp\/v2\/tags?post=1111"}],"curies":[{"name":"wp","href":"https:\/\/api.w.org\/{rel}","templated":true}]}}