{"id":10998,"date":"2021-05-28T14:50:52","date_gmt":"2021-05-28T19:50:52","guid":{"rendered":"http:\/\/prefecturadeesmeraldas.gob.ec\/?p=10998"},"modified":"2021-05-28T14:51:34","modified_gmt":"2021-05-28T19:51:34","slug":"habitantes-de-abdon-calderon-en-atacames-agradecen-trabajos-de-mejoramiento-vial-ejecutados-por-la-prefectura-de-esmeraldas","status":"publish","type":"post","link":"https:\/\/prefecturadeesmeraldas.gob.ec\/index.php\/2021\/05\/28\/habitantes-de-abdon-calderon-en-atacames-agradecen-trabajos-de-mejoramiento-vial-ejecutados-por-la-prefectura-de-esmeraldas\/","title":{"rendered":"Habitantes de Abd\u00f3n Calder\u00f3n, en Atacames, agradecen trabajos de mejoramiento vial ejecutados por la Prefectura de Esmeraldas."},"content":{"rendered":"\t\t<div data-elementor-type=\"wp-post\" data-elementor-id=\"10998\" class=\"elementor elementor-10998\">\n\t\t\t\t\t\t<section class=\"elementor-section elementor-top-section elementor-element elementor-element-5077e2a elementor-section-boxed elementor-section-height-default elementor-section-height-default\" data-id=\"5077e2a\" data-element_type=\"section\">\n\t\t\t\t\t\t<div class=\"elementor-container elementor-column-gap-default\">\n\t\t\t\t\t<div class=\"elementor-column elementor-col-100 elementor-top-column elementor-element elementor-element-153ce56\" data-id=\"153ce56\" data-element_type=\"column\">\n\t\t\t<div class=\"elementor-widget-wrap elementor-element-populated\">\n\t\t\t\t\t\t<div class=\"elementor-element elementor-element-e267cd4 elementor-widget elementor-widget-image\" data-id=\"e267cd4\" data-element_type=\"widget\" data-widget_type=\"image.default\">\n\t\t\t\t<div class=\"elementor-widget-container\">\n\t\t\t\t\t\t\t\t\t\t\t\t\t\t\t<img fetchpriority=\"high\" decoding=\"async\" width=\"620\" height=\"620\" src=\"https:\/\/prefecturadeesmeraldas.gob.ec\/wp-content\/uploads\/2021\/05\/BOLETIN-0521.jpg\" class=\"attachment-large size-large wp-image-10977\" alt=\"\" srcset=\"https:\/\/prefecturadeesmeraldas.gob.ec\/wp-content\/uploads\/2021\/05\/BOLETIN-0521.jpg 620w, https:\/\/prefecturadeesmeraldas.gob.ec\/wp-content\/uploads\/2021\/05\/BOLETIN-0521-240x240.jpg 240w, https:\/\/prefecturadeesmeraldas.gob.ec\/wp-content\/uploads\/2021\/05\/BOLETIN-0521-150x150.jpg 150w, https:\/\/prefecturadeesmeraldas.gob.ec\/wp-content\/uploads\/2021\/05\/BOLETIN-0521-300x300.jpg 300w\" sizes=\"(max-width: 620px) 100vw, 620px\" \/>\t\t\t\t\t\t\t\t\t\t\t\t\t\t\t<\/div>\n\t\t\t\t<\/div>\n\t\t\t\t\t<\/div>\n\t\t<\/div>\n\t\t\t\t\t<\/div>\n\t\t<\/section>\n\t\t\t\t<section class=\"elementor-section elementor-top-section elementor-element elementor-element-fa3eaaa elementor-section-boxed elementor-section-height-default elementor-section-height-default\" data-id=\"fa3eaaa\" data-element_type=\"section\">\n\t\t\t\t\t\t<div class=\"elementor-container elementor-column-gap-default\">\n\t\t\t\t\t<div class=\"elementor-column elementor-col-100 elementor-top-column elementor-element elementor-element-5bb033f\" data-id=\"5bb033f\" data-element_type=\"column\">\n\t\t\t<div class=\"elementor-widget-wrap elementor-element-populated\">\n\t\t\t\t\t\t<div class=\"elementor-element elementor-element-9805d6d elementor-widget elementor-widget-text-editor\" data-id=\"9805d6d\" data-element_type=\"widget\" data-widget_type=\"text-editor.default\">\n\t\t\t\t<div class=\"elementor-widget-container\">\n\t\t\t\t\t\t\t\t\t<p>Calles m\u00e1s amplias, definidas, y en un mejor estado, fueron el resultado de los trabajos de reconformaci\u00f3n y reposici\u00f3n de material ejecutados por miembros de la Direcci\u00f3n de Infraestructura Vial y Desarrollo, en el recinto Abd\u00f3n Calder\u00f3n \u2018Primer Puente\u2019, situado en la parroquia Tonchig\u00fce del cant\u00f3n Atacames. La acci\u00f3n permitir\u00e1 que los habitantes ya no tengan que pisar lodo en \u00e9poca de invierno, y que, los veh\u00edculos de transporte puedan transitar sin inconvenientes.<\/p><p>El recinto, que requer\u00eda desde hace varios a\u00f1os de los trabajos de reconformaci\u00f3n y lastrado, sumado a los trabajos encomendados a su equipo t\u00e9cnico por parte de la Prefecta de Esmeraldas Roberta Zambrano, representa para <strong>Jorge Bermeo<\/strong>, presidente del Gobierno Parroquial de Tonchig\u00fce, una efectiva acci\u00f3n de cumplimiento a las m\u00faltiples necesidades y requerimientos que tiene la poblaci\u00f3n, tras m\u00e1s de una d\u00e9cada de abandono.<\/p><p><strong>Matilde Godoy<\/strong>, presidenta del recinto Abd\u00f3n Calder\u00f3n, manifest\u00f3 estar agradecida por los trabajos de mejoramiento efectuados por el equipo t\u00e9cnico que conforma la Prefectura de Esmeraldas, bajo el sue\u00f1o de seguir mejorando su comunidad.<\/p><p>Para <strong>Gladis Leones<\/strong>, quien por m\u00e1s de ocho a\u00f1os reside en el recinto, esta ser\u00eda la primera vez en que se ve a la maquinaria de la prefectura de Esmeraldas emprendiendo en la ejecuci\u00f3n de trabajos de mejoramiento para su comunidad, golpeada hace m\u00e1s de cinco a\u00f1os por el terremoto y una inundaci\u00f3n.<\/p><p>Cabe destacar que, en el recinto intervenido, existe una represa que durante los fines de semana se convierte en uno de los principales atractivos tur\u00edsticos de la zona, dinamiza la econom\u00eda y genera diversi\u00f3n. Lugar al que ahora es mucho m\u00e1s f\u00e1cil el acceso.<\/p>\t\t\t\t\t\t\t\t<\/div>\n\t\t\t\t<\/div>\n\t\t\t\t\t<\/div>\n\t\t<\/div>\n\t\t\t\t\t<\/div>\n\t\t<\/section>\n\t\t\t\t<\/div>\n\t\t","protected":false},"excerpt":{"rendered":"<p>Calles m\u00e1s amplias, definidas, y en un mejor estado, fueron el resultado de los trabajos de reconformaci\u00f3n y reposici\u00f3n de material ejecutados por miembros de la Direcci\u00f3n de Infraestructura Vial y Desarrollo, en el recinto Abd\u00f3n Calder\u00f3n \u2018Primer Puente\u2019, situado en la parroquia Tonchig\u00fce del cant\u00f3n Atacames. La acci\u00f3n permitir\u00e1 que los habitantes ya no [&hellip;]<\/p>\n","protected":false},"author":2,"featured_media":10977,"comment_status":"closed","ping_status":"open","sticky":false,"template":"","format":"standard","meta":{"footnotes":""},"categories":[14],"tags":[],"class_list":["post-10998","post","type-post","status-publish","format-standard","has-post-thumbnail","hentry","category-vialidad"],"yoast_head":"<!-- This site is optimized with the Yoast SEO plugin v25.7 - https:\/\/yoast.com\/wordpress\/plugins\/seo\/ -->\n<title>Habitantes de Abd\u00f3n Calder\u00f3n, en Atacames, agradecen trabajos de mejoramiento vial ejecutados por la Prefectura de Esmeraldas. - Gobierno Aut\u00f3nomo Descentralizado de la Provincia de Esmeraldas<\/title>\n<meta name=\"robots\" content=\"index, follow, max-snippet:-1, max-image-preview:large, max-video-preview:-1\" \/>\n<link rel=\"canonical\" href=\"https:\/\/prefecturadeesmeraldas.gob.ec\/index.php\/2021\/05\/28\/habitantes-de-abdon-calderon-en-atacames-agradecen-trabajos-de-mejoramiento-vial-ejecutados-por-la-prefectura-de-esmeraldas\/\" \/>\n<meta property=\"og:locale\" content=\"es_ES\" \/>\n<meta property=\"og:type\" content=\"article\" \/>\n<meta property=\"og:title\" content=\"Habitantes de Abd\u00f3n Calder\u00f3n, en Atacames, agradecen trabajos de mejoramiento vial ejecutados por la Prefectura de Esmeraldas. - Gobierno Aut\u00f3nomo Descentralizado de la Provincia de Esmeraldas\" \/>\n<meta property=\"og:description\" content=\"Calles m\u00e1s amplias, definidas, y en un mejor estado, fueron el resultado de los trabajos de reconformaci\u00f3n y reposici\u00f3n de material ejecutados por miembros de la Direcci\u00f3n de Infraestructura Vial y Desarrollo, en el recinto Abd\u00f3n Calder\u00f3n \u2018Primer Puente\u2019, situado en la parroquia Tonchig\u00fce del cant\u00f3n Atacames. La acci\u00f3n permitir\u00e1 que los habitantes ya no [&hellip;]\" \/>\n<meta property=\"og:url\" content=\"https:\/\/prefecturadeesmeraldas.gob.ec\/index.php\/2021\/05\/28\/habitantes-de-abdon-calderon-en-atacames-agradecen-trabajos-de-mejoramiento-vial-ejecutados-por-la-prefectura-de-esmeraldas\/\" \/>\n<meta property=\"og:site_name\" content=\"Gobierno Aut\u00f3nomo Descentralizado de la Provincia de Esmeraldas\" \/>\n<meta property=\"article:publisher\" content=\"https:\/\/www.facebook.com\/PrefecturaEsmeraldas\/\" \/>\n<meta property=\"article:published_time\" content=\"2021-05-28T19:50:52+00:00\" \/>\n<meta property=\"article:modified_time\" content=\"2021-05-28T19:51:34+00:00\" \/>\n<meta property=\"og:image\" content=\"https:\/\/prefecturadeesmeraldas.gob.ec\/wp-content\/uploads\/2021\/05\/BOLETIN-0521.jpg\" \/>\n\t<meta property=\"og:image:width\" content=\"620\" \/>\n\t<meta property=\"og:image:height\" content=\"620\" \/>\n\t<meta property=\"og:image:type\" content=\"image\/jpeg\" \/>\n<meta name=\"author\" content=\"Direcci\u00f3n de Comunicaci\u00f3n\" \/>\n<meta name=\"twitter:card\" content=\"summary_large_image\" \/>\n<meta name=\"twitter:label1\" content=\"Escrito por\" \/>\n\t<meta name=\"twitter:data1\" content=\"Direcci\u00f3n de Comunicaci\u00f3n\" \/>\n\t<meta name=\"twitter:label2\" content=\"Tiempo de lectura\" \/>\n\t<meta name=\"twitter:data2\" content=\"2 minutos\" \/>\n<script type=\"application\/ld+json\" class=\"yoast-schema-graph\">{\"@context\":\"https:\/\/schema.org\",\"@graph\":[{\"@type\":\"Article\",\"@id\":\"https:\/\/prefecturadeesmeraldas.gob.ec\/index.php\/2021\/05\/28\/habitantes-de-abdon-calderon-en-atacames-agradecen-trabajos-de-mejoramiento-vial-ejecutados-por-la-prefectura-de-esmeraldas\/#article\",\"isPartOf\":{\"@id\":\"https:\/\/prefecturadeesmeraldas.gob.ec\/index.php\/2021\/05\/28\/habitantes-de-abdon-calderon-en-atacames-agradecen-trabajos-de-mejoramiento-vial-ejecutados-por-la-prefectura-de-esmeraldas\/\"},\"author\":{\"name\":\"Direcci\u00f3n de Comunicaci\u00f3n\",\"@id\":\"https:\/\/prefecturadeesmeraldas.gob.ec\/#\/schema\/person\/b0c9e7b1ead7725994d1e319e8825234\"},\"headline\":\"Habitantes de Abd\u00f3n Calder\u00f3n, en Atacames, agradecen trabajos de mejoramiento vial ejecutados por la Prefectura de Esmeraldas.\",\"datePublished\":\"2021-05-28T19:50:52+00:00\",\"dateModified\":\"2021-05-28T19:51:34+00:00\",\"mainEntityOfPage\":{\"@id\":\"https:\/\/prefecturadeesmeraldas.gob.ec\/index.php\/2021\/05\/28\/habitantes-de-abdon-calderon-en-atacames-agradecen-trabajos-de-mejoramiento-vial-ejecutados-por-la-prefectura-de-esmeraldas\/\"},\"wordCount\":324,\"publisher\":{\"@id\":\"https:\/\/prefecturadeesmeraldas.gob.ec\/#organization\"},\"image\":{\"@id\":\"https:\/\/prefecturadeesmeraldas.gob.ec\/index.php\/2021\/05\/28\/habitantes-de-abdon-calderon-en-atacames-agradecen-trabajos-de-mejoramiento-vial-ejecutados-por-la-prefectura-de-esmeraldas\/#primaryimage\"},\"thumbnailUrl\":\"https:\/\/prefecturadeesmeraldas.gob.ec\/wp-content\/uploads\/2021\/05\/BOLETIN-0521.jpg\",\"articleSection\":[\"Vialidad\"],\"inLanguage\":\"es\"},{\"@type\":\"WebPage\",\"@id\":\"https:\/\/prefecturadeesmeraldas.gob.ec\/index.php\/2021\/05\/28\/habitantes-de-abdon-calderon-en-atacames-agradecen-trabajos-de-mejoramiento-vial-ejecutados-por-la-prefectura-de-esmeraldas\/\",\"url\":\"https:\/\/prefecturadeesmeraldas.gob.ec\/index.php\/2021\/05\/28\/habitantes-de-abdon-calderon-en-atacames-agradecen-trabajos-de-mejoramiento-vial-ejecutados-por-la-prefectura-de-esmeraldas\/\",\"name\":\"Habitantes de Abd\u00f3n Calder\u00f3n, en Atacames, agradecen trabajos de mejoramiento vial ejecutados por la Prefectura de Esmeraldas. - Gobierno Aut\u00f3nomo Descentralizado de la Provincia de Esmeraldas\",\"isPartOf\":{\"@id\":\"https:\/\/prefecturadeesmeraldas.gob.ec\/#website\"},\"primaryImageOfPage\":{\"@id\":\"https:\/\/prefecturadeesmeraldas.gob.ec\/index.php\/2021\/05\/28\/habitantes-de-abdon-calderon-en-atacames-agradecen-trabajos-de-mejoramiento-vial-ejecutados-por-la-prefectura-de-esmeraldas\/#primaryimage\"},\"image\":{\"@id\":\"https:\/\/prefecturadeesmeraldas.gob.ec\/index.php\/2021\/05\/28\/habitantes-de-abdon-calderon-en-atacames-agradecen-trabajos-de-mejoramiento-vial-ejecutados-por-la-prefectura-de-esmeraldas\/#primaryimage\"},\"thumbnailUrl\":\"https:\/\/prefecturadeesmeraldas.gob.ec\/wp-content\/uploads\/2021\/05\/BOLETIN-0521.jpg\",\"datePublished\":\"2021-05-28T19:50:52+00:00\",\"dateModified\":\"2021-05-28T19:51:34+00:00\",\"breadcrumb\":{\"@id\":\"https:\/\/prefecturadeesmeraldas.gob.ec\/index.php\/2021\/05\/28\/habitantes-de-abdon-calderon-en-atacames-agradecen-trabajos-de-mejoramiento-vial-ejecutados-por-la-prefectura-de-esmeraldas\/#breadcrumb\"},\"inLanguage\":\"es\",\"potentialAction\":[{\"@type\":\"ReadAction\",\"target\":[\"https:\/\/prefecturadeesmeraldas.gob.ec\/index.php\/2021\/05\/28\/habitantes-de-abdon-calderon-en-atacames-agradecen-trabajos-de-mejoramiento-vial-ejecutados-por-la-prefectura-de-esmeraldas\/\"]}]},{\"@type\":\"ImageObject\",\"inLanguage\":\"es\",\"@id\":\"https:\/\/prefecturadeesmeraldas.gob.ec\/index.php\/2021\/05\/28\/habitantes-de-abdon-calderon-en-atacames-agradecen-trabajos-de-mejoramiento-vial-ejecutados-por-la-prefectura-de-esmeraldas\/#primaryimage\",\"url\":\"https:\/\/prefecturadeesmeraldas.gob.ec\/wp-content\/uploads\/2021\/05\/BOLETIN-0521.jpg\",\"contentUrl\":\"https:\/\/prefecturadeesmeraldas.gob.ec\/wp-content\/uploads\/2021\/05\/BOLETIN-0521.jpg\",\"width\":620,\"height\":620},{\"@type\":\"BreadcrumbList\",\"@id\":\"https:\/\/prefecturadeesmeraldas.gob.ec\/index.php\/2021\/05\/28\/habitantes-de-abdon-calderon-en-atacames-agradecen-trabajos-de-mejoramiento-vial-ejecutados-por-la-prefectura-de-esmeraldas\/#breadcrumb\",\"itemListElement\":[{\"@type\":\"ListItem\",\"position\":1,\"name\":\"Home\",\"item\":\"https:\/\/prefecturadeesmeraldas.gob.ec\/\"},{\"@type\":\"ListItem\",\"position\":2,\"name\":\"Habitantes de Abd\u00f3n Calder\u00f3n, en Atacames, agradecen trabajos de mejoramiento vial ejecutados por la Prefectura de Esmeraldas.\"}]},{\"@type\":\"WebSite\",\"@id\":\"https:\/\/prefecturadeesmeraldas.gob.ec\/#website\",\"url\":\"https:\/\/prefecturadeesmeraldas.gob.ec\/\",\"name\":\"Gobierno Aut\u00f3nomo Descentralizado de la Provincia de Esmeraldas\",\"description\":\"Gobierno Aut\u00f3nomo Descentralizado de la Provincia de Esmeraldas\",\"publisher\":{\"@id\":\"https:\/\/prefecturadeesmeraldas.gob.ec\/#organization\"},\"potentialAction\":[{\"@type\":\"SearchAction\",\"target\":{\"@type\":\"EntryPoint\",\"urlTemplate\":\"https:\/\/prefecturadeesmeraldas.gob.ec\/?s={search_term_string}\"},\"query-input\":{\"@type\":\"PropertyValueSpecification\",\"valueRequired\":true,\"valueName\":\"search_term_string\"}}],\"inLanguage\":\"es\"},{\"@type\":\"Organization\",\"@id\":\"https:\/\/prefecturadeesmeraldas.gob.ec\/#organization\",\"name\":\"Gobierno Aut\u00f3nomo Descentralizado de la Provincia de Esmeraldas\",\"url\":\"https:\/\/prefecturadeesmeraldas.gob.ec\/\",\"logo\":{\"@type\":\"ImageObject\",\"inLanguage\":\"es\",\"@id\":\"https:\/\/prefecturadeesmeraldas.gob.ec\/#\/schema\/logo\/image\/\",\"url\":\"https:\/\/prefecturadeesmeraldas.gob.ec\/wp-content\/uploads\/2019\/06\/logo.png\",\"contentUrl\":\"https:\/\/prefecturadeesmeraldas.gob.ec\/wp-content\/uploads\/2019\/06\/logo.png\",\"width\":859,\"height\":448,\"caption\":\"Gobierno Aut\u00f3nomo Descentralizado de la Provincia de Esmeraldas\"},\"image\":{\"@id\":\"https:\/\/prefecturadeesmeraldas.gob.ec\/#\/schema\/logo\/image\/\"},\"sameAs\":[\"https:\/\/www.facebook.com\/PrefecturaEsmeraldas\/\"]},{\"@type\":\"Person\",\"@id\":\"https:\/\/prefecturadeesmeraldas.gob.ec\/#\/schema\/person\/b0c9e7b1ead7725994d1e319e8825234\",\"name\":\"Direcci\u00f3n de Comunicaci\u00f3n\",\"image\":{\"@type\":\"ImageObject\",\"inLanguage\":\"es\",\"@id\":\"https:\/\/prefecturadeesmeraldas.gob.ec\/#\/schema\/person\/image\/\",\"url\":\"https:\/\/secure.gravatar.com\/avatar\/74a3870a946f5d774ade3569af61a72308e07ad3346f370c4b468ee2a9858658?s=96&d=mm&r=g\",\"contentUrl\":\"https:\/\/secure.gravatar.com\/avatar\/74a3870a946f5d774ade3569af61a72308e07ad3346f370c4b468ee2a9858658?s=96&d=mm&r=g\",\"caption\":\"Direcci\u00f3n de Comunicaci\u00f3n\"}}]}<\/script>\n<!-- \/ Yoast SEO plugin. -->","yoast_head_json":{"title":"Habitantes de Abd\u00f3n Calder\u00f3n, en Atacames, agradecen trabajos de mejoramiento vial ejecutados por la Prefectura de Esmeraldas. - Gobierno Aut\u00f3nomo Descentralizado de la Provincia de Esmeraldas","robots":{"index":"index","follow":"follow","max-snippet":"max-snippet:-1","max-image-preview":"max-image-preview:large","max-video-preview":"max-video-preview:-1"},"canonical":"https:\/\/prefecturadeesmeraldas.gob.ec\/index.php\/2021\/05\/28\/habitantes-de-abdon-calderon-en-atacames-agradecen-trabajos-de-mejoramiento-vial-ejecutados-por-la-prefectura-de-esmeraldas\/","og_locale":"es_ES","og_type":"article","og_title":"Habitantes de Abd\u00f3n Calder\u00f3n, en Atacames, agradecen trabajos de mejoramiento vial ejecutados por la Prefectura de Esmeraldas. - Gobierno Aut\u00f3nomo Descentralizado de la Provincia de Esmeraldas","og_description":"Calles m\u00e1s amplias, definidas, y en un mejor estado, fueron el resultado de los trabajos de reconformaci\u00f3n y reposici\u00f3n de material ejecutados por miembros de la Direcci\u00f3n de Infraestructura Vial y Desarrollo, en el recinto Abd\u00f3n Calder\u00f3n \u2018Primer Puente\u2019, situado en la parroquia Tonchig\u00fce del cant\u00f3n Atacames. La acci\u00f3n permitir\u00e1 que los habitantes ya no [&hellip;]","og_url":"https:\/\/prefecturadeesmeraldas.gob.ec\/index.php\/2021\/05\/28\/habitantes-de-abdon-calderon-en-atacames-agradecen-trabajos-de-mejoramiento-vial-ejecutados-por-la-prefectura-de-esmeraldas\/","og_site_name":"Gobierno Aut\u00f3nomo Descentralizado de la Provincia de Esmeraldas","article_publisher":"https:\/\/www.facebook.com\/PrefecturaEsmeraldas\/","article_published_time":"2021-05-28T19:50:52+00:00","article_modified_time":"2021-05-28T19:51:34+00:00","og_image":[{"width":620,"height":620,"url":"https:\/\/prefecturadeesmeraldas.gob.ec\/wp-content\/uploads\/2021\/05\/BOLETIN-0521.jpg","type":"image\/jpeg"}],"author":"Direcci\u00f3n de Comunicaci\u00f3n","twitter_card":"summary_large_image","twitter_misc":{"Escrito por":"Direcci\u00f3n de Comunicaci\u00f3n","Tiempo de lectura":"2 minutos"},"schema":{"@context":"https:\/\/schema.org","@graph":[{"@type":"Article","@id":"https:\/\/prefecturadeesmeraldas.gob.ec\/index.php\/2021\/05\/28\/habitantes-de-abdon-calderon-en-atacames-agradecen-trabajos-de-mejoramiento-vial-ejecutados-por-la-prefectura-de-esmeraldas\/#article","isPartOf":{"@id":"https:\/\/prefecturadeesmeraldas.gob.ec\/index.php\/2021\/05\/28\/habitantes-de-abdon-calderon-en-atacames-agradecen-trabajos-de-mejoramiento-vial-ejecutados-por-la-prefectura-de-esmeraldas\/"},"author":{"name":"Direcci\u00f3n de Comunicaci\u00f3n","@id":"https:\/\/prefecturadeesmeraldas.gob.ec\/#\/schema\/person\/b0c9e7b1ead7725994d1e319e8825234"},"headline":"Habitantes de Abd\u00f3n Calder\u00f3n, en Atacames, agradecen trabajos de mejoramiento vial ejecutados por la Prefectura de Esmeraldas.","datePublished":"2021-05-28T19:50:52+00:00","dateModified":"2021-05-28T19:51:34+00:00","mainEntityOfPage":{"@id":"https:\/\/prefecturadeesmeraldas.gob.ec\/index.php\/2021\/05\/28\/habitantes-de-abdon-calderon-en-atacames-agradecen-trabajos-de-mejoramiento-vial-ejecutados-por-la-prefectura-de-esmeraldas\/"},"wordCount":324,"publisher":{"@id":"https:\/\/prefecturadeesmeraldas.gob.ec\/#organization"},"image":{"@id":"https:\/\/prefecturadeesmeraldas.gob.ec\/index.php\/2021\/05\/28\/habitantes-de-abdon-calderon-en-atacames-agradecen-trabajos-de-mejoramiento-vial-ejecutados-por-la-prefectura-de-esmeraldas\/#primaryimage"},"thumbnailUrl":"https:\/\/prefecturadeesmeraldas.gob.ec\/wp-content\/uploads\/2021\/05\/BOLETIN-0521.jpg","articleSection":["Vialidad"],"inLanguage":"es"},{"@type":"WebPage","@id":"https:\/\/prefecturadeesmeraldas.gob.ec\/index.php\/2021\/05\/28\/habitantes-de-abdon-calderon-en-atacames-agradecen-trabajos-de-mejoramiento-vial-ejecutados-por-la-prefectura-de-esmeraldas\/","url":"https:\/\/prefecturadeesmeraldas.gob.ec\/index.php\/2021\/05\/28\/habitantes-de-abdon-calderon-en-atacames-agradecen-trabajos-de-mejoramiento-vial-ejecutados-por-la-prefectura-de-esmeraldas\/","name":"Habitantes de Abd\u00f3n Calder\u00f3n, en Atacames, agradecen trabajos de mejoramiento vial ejecutados por la Prefectura de Esmeraldas. - Gobierno Aut\u00f3nomo Descentralizado de la Provincia de Esmeraldas","isPartOf":{"@id":"https:\/\/prefecturadeesmeraldas.gob.ec\/#website"},"primaryImageOfPage":{"@id":"https:\/\/prefecturadeesmeraldas.gob.ec\/index.php\/2021\/05\/28\/habitantes-de-abdon-calderon-en-atacames-agradecen-trabajos-de-mejoramiento-vial-ejecutados-por-la-prefectura-de-esmeraldas\/#primaryimage"},"image":{"@id":"https:\/\/prefecturadeesmeraldas.gob.ec\/index.php\/2021\/05\/28\/habitantes-de-abdon-calderon-en-atacames-agradecen-trabajos-de-mejoramiento-vial-ejecutados-por-la-prefectura-de-esmeraldas\/#primaryimage"},"thumbnailUrl":"https:\/\/prefecturadeesmeraldas.gob.ec\/wp-content\/uploads\/2021\/05\/BOLETIN-0521.jpg","datePublished":"2021-05-28T19:50:52+00:00","dateModified":"2021-05-28T19:51:34+00:00","breadcrumb":{"@id":"https:\/\/prefecturadeesmeraldas.gob.ec\/index.php\/2021\/05\/28\/habitantes-de-abdon-calderon-en-atacames-agradecen-trabajos-de-mejoramiento-vial-ejecutados-por-la-prefectura-de-esmeraldas\/#breadcrumb"},"inLanguage":"es","potentialAction":[{"@type":"ReadAction","target":["https:\/\/prefecturadeesmeraldas.gob.ec\/index.php\/2021\/05\/28\/habitantes-de-abdon-calderon-en-atacames-agradecen-trabajos-de-mejoramiento-vial-ejecutados-por-la-prefectura-de-esmeraldas\/"]}]},{"@type":"ImageObject","inLanguage":"es","@id":"https:\/\/prefecturadeesmeraldas.gob.ec\/index.php\/2021\/05\/28\/habitantes-de-abdon-calderon-en-atacames-agradecen-trabajos-de-mejoramiento-vial-ejecutados-por-la-prefectura-de-esmeraldas\/#primaryimage","url":"https:\/\/prefecturadeesmeraldas.gob.ec\/wp-content\/uploads\/2021\/05\/BOLETIN-0521.jpg","contentUrl":"https:\/\/prefecturadeesmeraldas.gob.ec\/wp-content\/uploads\/2021\/05\/BOLETIN-0521.jpg","width":620,"height":620},{"@type":"BreadcrumbList","@id":"https:\/\/prefecturadeesmeraldas.gob.ec\/index.php\/2021\/05\/28\/habitantes-de-abdon-calderon-en-atacames-agradecen-trabajos-de-mejoramiento-vial-ejecutados-por-la-prefectura-de-esmeraldas\/#breadcrumb","itemListElement":[{"@type":"ListItem","position":1,"name":"Home","item":"https:\/\/prefecturadeesmeraldas.gob.ec\/"},{"@type":"ListItem","position":2,"name":"Habitantes de Abd\u00f3n Calder\u00f3n, en Atacames, agradecen trabajos de mejoramiento vial ejecutados por la Prefectura de Esmeraldas."}]},{"@type":"WebSite","@id":"https:\/\/prefecturadeesmeraldas.gob.ec\/#website","url":"https:\/\/prefecturadeesmeraldas.gob.ec\/","name":"Gobierno Aut\u00f3nomo Descentralizado de la Provincia de Esmeraldas","description":"Gobierno Aut\u00f3nomo Descentralizado de la Provincia de Esmeraldas","publisher":{"@id":"https:\/\/prefecturadeesmeraldas.gob.ec\/#organization"},"potentialAction":[{"@type":"SearchAction","target":{"@type":"EntryPoint","urlTemplate":"https:\/\/prefecturadeesmeraldas.gob.ec\/?s={search_term_string}"},"query-input":{"@type":"PropertyValueSpecification","valueRequired":true,"valueName":"search_term_string"}}],"inLanguage":"es"},{"@type":"Organization","@id":"https:\/\/prefecturadeesmeraldas.gob.ec\/#organization","name":"Gobierno Aut\u00f3nomo Descentralizado de la Provincia de Esmeraldas","url":"https:\/\/prefecturadeesmeraldas.gob.ec\/","logo":{"@type":"ImageObject","inLanguage":"es","@id":"https:\/\/prefecturadeesmeraldas.gob.ec\/#\/schema\/logo\/image\/","url":"https:\/\/prefecturadeesmeraldas.gob.ec\/wp-content\/uploads\/2019\/06\/logo.png","contentUrl":"https:\/\/prefecturadeesmeraldas.gob.ec\/wp-content\/uploads\/2019\/06\/logo.png","width":859,"height":448,"caption":"Gobierno Aut\u00f3nomo Descentralizado de la Provincia de Esmeraldas"},"image":{"@id":"https:\/\/prefecturadeesmeraldas.gob.ec\/#\/schema\/logo\/image\/"},"sameAs":["https:\/\/www.facebook.com\/PrefecturaEsmeraldas\/"]},{"@type":"Person","@id":"https:\/\/prefecturadeesmeraldas.gob.ec\/#\/schema\/person\/b0c9e7b1ead7725994d1e319e8825234","name":"Direcci\u00f3n de Comunicaci\u00f3n","image":{"@type":"ImageObject","inLanguage":"es","@id":"https:\/\/prefecturadeesmeraldas.gob.ec\/#\/schema\/person\/image\/","url":"https:\/\/secure.gravatar.com\/avatar\/74a3870a946f5d774ade3569af61a72308e07ad3346f370c4b468ee2a9858658?s=96&d=mm&r=g","contentUrl":"https:\/\/secure.gravatar.com\/avatar\/74a3870a946f5d774ade3569af61a72308e07ad3346f370c4b468ee2a9858658?s=96&d=mm&r=g","caption":"Direcci\u00f3n de Comunicaci\u00f3n"}}]}},"_links":{"self":[{"href":"https:\/\/prefecturadeesmeraldas.gob.ec\/index.php\/wp-json\/wp\/v2\/posts\/10998","targetHints":{"allow":["GET"]}}],"collection":[{"href":"https:\/\/prefecturadeesmeraldas.gob.ec\/index.php\/wp-json\/wp\/v2\/posts"}],"about":[{"href":"https:\/\/prefecturadeesmeraldas.gob.ec\/index.php\/wp-json\/wp\/v2\/types\/post"}],"author":[{"embeddable":true,"href":"https:\/\/prefecturadeesmeraldas.gob.ec\/index.php\/wp-json\/wp\/v2\/users\/2"}],"replies":[{"embeddable":true,"href":"https:\/\/prefecturadeesmeraldas.gob.ec\/index.php\/wp-json\/wp\/v2\/comments?post=10998"}],"version-history":[{"count":0,"href":"https:\/\/prefecturadeesmeraldas.gob.ec\/index.php\/wp-json\/wp\/v2\/posts\/10998\/revisions"}],"wp:featuredmedia":[{"embeddable":true,"href":"https:\/\/prefecturadeesmeraldas.gob.ec\/index.php\/wp-json\/wp\/v2\/media\/10977"}],"wp:attachment":[{"href":"https:\/\/prefecturadeesmeraldas.gob.ec\/index.php\/wp-json\/wp\/v2\/media?parent=10998"}],"wp:term":[{"taxonomy":"category","embeddable":true,"href":"https:\/\/prefecturadeesmeraldas.gob.ec\/index.php\/wp-json\/wp\/v2\/categories?post=10998"},{"taxonomy":"post_tag","embeddable":true,"href":"https:\/\/prefecturadeesmeraldas.gob.ec\/index.php\/wp-json\/wp\/v2\/tags?post=10998"}],"curies":[{"name":"wp","href":"https:\/\/api.w.org\/{rel}","templated":true}]}}