{"id":10988,"date":"2021-05-28T14:42:02","date_gmt":"2021-05-28T19:42:02","guid":{"rendered":"http:\/\/prefecturadeesmeraldas.gob.ec\/?p=10988"},"modified":"2021-05-28T14:43:04","modified_gmt":"2021-05-28T19:43:04","slug":"prefecta-roberta-zambrano-estrechara-lazos-con-los-nuevos-ministros","status":"publish","type":"post","link":"https:\/\/prefecturadeesmeraldas.gob.ec\/index.php\/2021\/05\/28\/prefecta-roberta-zambrano-estrechara-lazos-con-los-nuevos-ministros\/","title":{"rendered":"Prefecta Roberta Zambrano estrechar\u00e1 lazos con los nuevos Ministros."},"content":{"rendered":"\t\t<div data-elementor-type=\"wp-post\" data-elementor-id=\"10988\" class=\"elementor elementor-10988\">\n\t\t\t\t\t\t<section class=\"elementor-section elementor-top-section elementor-element elementor-element-f5e01d1 elementor-section-boxed elementor-section-height-default elementor-section-height-default\" data-id=\"f5e01d1\" data-element_type=\"section\">\n\t\t\t\t\t\t<div class=\"elementor-container elementor-column-gap-default\">\n\t\t\t\t\t<div class=\"elementor-column elementor-col-100 elementor-top-column elementor-element elementor-element-3047cd6\" data-id=\"3047cd6\" data-element_type=\"column\">\n\t\t\t<div class=\"elementor-widget-wrap elementor-element-populated\">\n\t\t\t\t\t\t<div class=\"elementor-element elementor-element-cffab01 elementor-widget elementor-widget-image\" data-id=\"cffab01\" data-element_type=\"widget\" data-widget_type=\"image.default\">\n\t\t\t\t<div class=\"elementor-widget-container\">\n\t\t\t\t\t\t\t\t\t\t\t\t\t\t\t<img fetchpriority=\"high\" decoding=\"async\" width=\"768\" height=\"1024\" src=\"https:\/\/prefecturadeesmeraldas.gob.ec\/wp-content\/uploads\/2021\/05\/WhatsApp-Image-2021-05-26-at-09.30.34-768x1024.jpeg\" class=\"attachment-large size-large wp-image-10989\" alt=\"\" srcset=\"https:\/\/prefecturadeesmeraldas.gob.ec\/wp-content\/uploads\/2021\/05\/WhatsApp-Image-2021-05-26-at-09.30.34-768x1024.jpeg 768w, https:\/\/prefecturadeesmeraldas.gob.ec\/wp-content\/uploads\/2021\/05\/WhatsApp-Image-2021-05-26-at-09.30.34-225x300.jpeg 225w, https:\/\/prefecturadeesmeraldas.gob.ec\/wp-content\/uploads\/2021\/05\/WhatsApp-Image-2021-05-26-at-09.30.34.jpeg 960w\" sizes=\"(max-width: 768px) 100vw, 768px\" \/>\t\t\t\t\t\t\t\t\t\t\t\t\t\t\t<\/div>\n\t\t\t\t<\/div>\n\t\t\t\t\t<\/div>\n\t\t<\/div>\n\t\t\t\t\t<\/div>\n\t\t<\/section>\n\t\t\t\t<section class=\"elementor-section elementor-top-section elementor-element elementor-element-8b75f34 elementor-section-boxed elementor-section-height-default elementor-section-height-default\" data-id=\"8b75f34\" data-element_type=\"section\">\n\t\t\t\t\t\t<div class=\"elementor-container elementor-column-gap-default\">\n\t\t\t\t\t<div class=\"elementor-column elementor-col-100 elementor-top-column elementor-element elementor-element-b5cb98c\" data-id=\"b5cb98c\" data-element_type=\"column\">\n\t\t\t<div class=\"elementor-widget-wrap elementor-element-populated\">\n\t\t\t\t\t\t<div class=\"elementor-element elementor-element-a196144 elementor-widget elementor-widget-text-editor\" data-id=\"a196144\" data-element_type=\"widget\" data-widget_type=\"text-editor.default\">\n\t\t\t\t<div class=\"elementor-widget-container\">\n\t\t\t\t\t\t\t\t\t<p>La Prefecta de Esmeraldas<strong>, Roberta Zambrano Ortiz<\/strong>, cumpli\u00f3 una agenda de medios el pasado mi\u00e9rcoles 16 de mayo, donde dio a conocer que mantiene su compromiso de trabajo con las nuevas autoridades electas, especialmente con el presidente de la Rep\u00fablica Guillermo Lasso, a quien apoy\u00f3 decididamente durante la pasada campa\u00f1a electoral, logrando consolidar la victoria.<\/p><p>La Prefecta destac\u00f3 que, durante estos 2 primeros a\u00f1os de gesti\u00f3n, se ha destacado por trabajar juntos con otras autoridades, sin distinci\u00f3n partidista, incluyendo a los 57 presidente de las Juntas Parroquiales, pese a que muchos de ellos pertenecen otros partidos pol\u00edticos.<\/p><p>Esa pol\u00edtica de servicio a favor de los esmeralde\u00f1os, apart\u00e1ndose de mezquinos intereses, ha conllevado a que la obra llegue a los sectores rurales y que exista presencia de la Prefectura de Esmeraldas en sitios donde nunca, las otras administraciones llegaron.<\/p><p>Agreg\u00f3, que se prepara para cumplir con una agenda de visita a los nuevos ministros posesionados con quienes, dijo estar dispuesta a trabajar, tal como lo hizo en el pasado Gobierno, apoyando las buenas acciones a favor de los ecuatorianos. \u201c<strong>Mucho m\u00e1s con este Gobierno al cual apoyamos decididamente durante la campa\u00f1a<\/strong>\u201d, dijo.<\/p>\t\t\t\t\t\t\t\t<\/div>\n\t\t\t\t<\/div>\n\t\t\t\t\t<\/div>\n\t\t<\/div>\n\t\t\t\t\t<\/div>\n\t\t<\/section>\n\t\t\t\t<\/div>\n\t\t","protected":false},"excerpt":{"rendered":"<p>La Prefecta de Esmeraldas, Roberta Zambrano Ortiz, cumpli\u00f3 una agenda de medios el pasado mi\u00e9rcoles 16 de mayo, donde dio a conocer que mantiene su compromiso de trabajo con las nuevas autoridades electas, especialmente con el presidente de la Rep\u00fablica Guillermo Lasso, a quien apoy\u00f3 decididamente durante la pasada campa\u00f1a electoral, logrando consolidar la victoria. [&hellip;]<\/p>\n","protected":false},"author":2,"featured_media":10989,"comment_status":"closed","ping_status":"open","sticky":false,"template":"","format":"standard","meta":{"footnotes":""},"categories":[11],"tags":[],"class_list":["post-10988","post","type-post","status-publish","format-standard","has-post-thumbnail","hentry","category-noticias"],"yoast_head":"<!-- This site is optimized with the Yoast SEO plugin v25.7 - https:\/\/yoast.com\/wordpress\/plugins\/seo\/ -->\n<title>Prefecta Roberta Zambrano estrechar\u00e1 lazos con los nuevos Ministros. - Gobierno Aut\u00f3nomo Descentralizado de la Provincia de Esmeraldas<\/title>\n<meta name=\"robots\" content=\"index, follow, max-snippet:-1, max-image-preview:large, max-video-preview:-1\" \/>\n<link rel=\"canonical\" href=\"https:\/\/prefecturadeesmeraldas.gob.ec\/index.php\/2021\/05\/28\/prefecta-roberta-zambrano-estrechara-lazos-con-los-nuevos-ministros\/\" \/>\n<meta property=\"og:locale\" content=\"es_ES\" \/>\n<meta property=\"og:type\" content=\"article\" \/>\n<meta property=\"og:title\" content=\"Prefecta Roberta Zambrano estrechar\u00e1 lazos con los nuevos Ministros. - Gobierno Aut\u00f3nomo Descentralizado de la Provincia de Esmeraldas\" \/>\n<meta property=\"og:description\" content=\"La Prefecta de Esmeraldas, Roberta Zambrano Ortiz, cumpli\u00f3 una agenda de medios el pasado mi\u00e9rcoles 16 de mayo, donde dio a conocer que mantiene su compromiso de trabajo con las nuevas autoridades electas, especialmente con el presidente de la Rep\u00fablica Guillermo Lasso, a quien apoy\u00f3 decididamente durante la pasada campa\u00f1a electoral, logrando consolidar la victoria. [&hellip;]\" \/>\n<meta property=\"og:url\" content=\"https:\/\/prefecturadeesmeraldas.gob.ec\/index.php\/2021\/05\/28\/prefecta-roberta-zambrano-estrechara-lazos-con-los-nuevos-ministros\/\" \/>\n<meta property=\"og:site_name\" content=\"Gobierno Aut\u00f3nomo Descentralizado de la Provincia de Esmeraldas\" \/>\n<meta property=\"article:publisher\" content=\"https:\/\/www.facebook.com\/PrefecturaEsmeraldas\/\" \/>\n<meta property=\"article:published_time\" content=\"2021-05-28T19:42:02+00:00\" \/>\n<meta property=\"article:modified_time\" content=\"2021-05-28T19:43:04+00:00\" \/>\n<meta property=\"og:image\" content=\"https:\/\/prefecturadeesmeraldas.gob.ec\/wp-content\/uploads\/2021\/05\/WhatsApp-Image-2021-05-26-at-09.30.34.jpeg\" \/>\n\t<meta property=\"og:image:width\" content=\"960\" \/>\n\t<meta property=\"og:image:height\" content=\"1280\" \/>\n\t<meta property=\"og:image:type\" content=\"image\/jpeg\" \/>\n<meta name=\"author\" content=\"Direcci\u00f3n de Comunicaci\u00f3n\" \/>\n<meta name=\"twitter:card\" content=\"summary_large_image\" \/>\n<meta name=\"twitter:label1\" content=\"Escrito por\" \/>\n\t<meta name=\"twitter:data1\" content=\"Direcci\u00f3n de Comunicaci\u00f3n\" \/>\n\t<meta name=\"twitter:label2\" content=\"Tiempo de lectura\" \/>\n\t<meta name=\"twitter:data2\" content=\"1 minuto\" \/>\n<script type=\"application\/ld+json\" class=\"yoast-schema-graph\">{\"@context\":\"https:\/\/schema.org\",\"@graph\":[{\"@type\":\"Article\",\"@id\":\"https:\/\/prefecturadeesmeraldas.gob.ec\/index.php\/2021\/05\/28\/prefecta-roberta-zambrano-estrechara-lazos-con-los-nuevos-ministros\/#article\",\"isPartOf\":{\"@id\":\"https:\/\/prefecturadeesmeraldas.gob.ec\/index.php\/2021\/05\/28\/prefecta-roberta-zambrano-estrechara-lazos-con-los-nuevos-ministros\/\"},\"author\":{\"name\":\"Direcci\u00f3n de Comunicaci\u00f3n\",\"@id\":\"https:\/\/prefecturadeesmeraldas.gob.ec\/#\/schema\/person\/b0c9e7b1ead7725994d1e319e8825234\"},\"headline\":\"Prefecta Roberta Zambrano estrechar\u00e1 lazos con los nuevos Ministros.\",\"datePublished\":\"2021-05-28T19:42:02+00:00\",\"dateModified\":\"2021-05-28T19:43:04+00:00\",\"mainEntityOfPage\":{\"@id\":\"https:\/\/prefecturadeesmeraldas.gob.ec\/index.php\/2021\/05\/28\/prefecta-roberta-zambrano-estrechara-lazos-con-los-nuevos-ministros\/\"},\"wordCount\":209,\"publisher\":{\"@id\":\"https:\/\/prefecturadeesmeraldas.gob.ec\/#organization\"},\"image\":{\"@id\":\"https:\/\/prefecturadeesmeraldas.gob.ec\/index.php\/2021\/05\/28\/prefecta-roberta-zambrano-estrechara-lazos-con-los-nuevos-ministros\/#primaryimage\"},\"thumbnailUrl\":\"https:\/\/prefecturadeesmeraldas.gob.ec\/wp-content\/uploads\/2021\/05\/WhatsApp-Image-2021-05-26-at-09.30.34.jpeg\",\"articleSection\":[\"Noticias\"],\"inLanguage\":\"es\"},{\"@type\":\"WebPage\",\"@id\":\"https:\/\/prefecturadeesmeraldas.gob.ec\/index.php\/2021\/05\/28\/prefecta-roberta-zambrano-estrechara-lazos-con-los-nuevos-ministros\/\",\"url\":\"https:\/\/prefecturadeesmeraldas.gob.ec\/index.php\/2021\/05\/28\/prefecta-roberta-zambrano-estrechara-lazos-con-los-nuevos-ministros\/\",\"name\":\"Prefecta Roberta Zambrano estrechar\u00e1 lazos con los nuevos Ministros. - Gobierno Aut\u00f3nomo Descentralizado de la Provincia de Esmeraldas\",\"isPartOf\":{\"@id\":\"https:\/\/prefecturadeesmeraldas.gob.ec\/#website\"},\"primaryImageOfPage\":{\"@id\":\"https:\/\/prefecturadeesmeraldas.gob.ec\/index.php\/2021\/05\/28\/prefecta-roberta-zambrano-estrechara-lazos-con-los-nuevos-ministros\/#primaryimage\"},\"image\":{\"@id\":\"https:\/\/prefecturadeesmeraldas.gob.ec\/index.php\/2021\/05\/28\/prefecta-roberta-zambrano-estrechara-lazos-con-los-nuevos-ministros\/#primaryimage\"},\"thumbnailUrl\":\"https:\/\/prefecturadeesmeraldas.gob.ec\/wp-content\/uploads\/2021\/05\/WhatsApp-Image-2021-05-26-at-09.30.34.jpeg\",\"datePublished\":\"2021-05-28T19:42:02+00:00\",\"dateModified\":\"2021-05-28T19:43:04+00:00\",\"breadcrumb\":{\"@id\":\"https:\/\/prefecturadeesmeraldas.gob.ec\/index.php\/2021\/05\/28\/prefecta-roberta-zambrano-estrechara-lazos-con-los-nuevos-ministros\/#breadcrumb\"},\"inLanguage\":\"es\",\"potentialAction\":[{\"@type\":\"ReadAction\",\"target\":[\"https:\/\/prefecturadeesmeraldas.gob.ec\/index.php\/2021\/05\/28\/prefecta-roberta-zambrano-estrechara-lazos-con-los-nuevos-ministros\/\"]}]},{\"@type\":\"ImageObject\",\"inLanguage\":\"es\",\"@id\":\"https:\/\/prefecturadeesmeraldas.gob.ec\/index.php\/2021\/05\/28\/prefecta-roberta-zambrano-estrechara-lazos-con-los-nuevos-ministros\/#primaryimage\",\"url\":\"https:\/\/prefecturadeesmeraldas.gob.ec\/wp-content\/uploads\/2021\/05\/WhatsApp-Image-2021-05-26-at-09.30.34.jpeg\",\"contentUrl\":\"https:\/\/prefecturadeesmeraldas.gob.ec\/wp-content\/uploads\/2021\/05\/WhatsApp-Image-2021-05-26-at-09.30.34.jpeg\",\"width\":960,\"height\":1280},{\"@type\":\"BreadcrumbList\",\"@id\":\"https:\/\/prefecturadeesmeraldas.gob.ec\/index.php\/2021\/05\/28\/prefecta-roberta-zambrano-estrechara-lazos-con-los-nuevos-ministros\/#breadcrumb\",\"itemListElement\":[{\"@type\":\"ListItem\",\"position\":1,\"name\":\"Home\",\"item\":\"https:\/\/prefecturadeesmeraldas.gob.ec\/\"},{\"@type\":\"ListItem\",\"position\":2,\"name\":\"Prefecta Roberta Zambrano estrechar\u00e1 lazos con los nuevos Ministros.\"}]},{\"@type\":\"WebSite\",\"@id\":\"https:\/\/prefecturadeesmeraldas.gob.ec\/#website\",\"url\":\"https:\/\/prefecturadeesmeraldas.gob.ec\/\",\"name\":\"Gobierno Aut\u00f3nomo Descentralizado de la Provincia de Esmeraldas\",\"description\":\"Gobierno Aut\u00f3nomo Descentralizado de la Provincia de Esmeraldas\",\"publisher\":{\"@id\":\"https:\/\/prefecturadeesmeraldas.gob.ec\/#organization\"},\"potentialAction\":[{\"@type\":\"SearchAction\",\"target\":{\"@type\":\"EntryPoint\",\"urlTemplate\":\"https:\/\/prefecturadeesmeraldas.gob.ec\/?s={search_term_string}\"},\"query-input\":{\"@type\":\"PropertyValueSpecification\",\"valueRequired\":true,\"valueName\":\"search_term_string\"}}],\"inLanguage\":\"es\"},{\"@type\":\"Organization\",\"@id\":\"https:\/\/prefecturadeesmeraldas.gob.ec\/#organization\",\"name\":\"Gobierno Aut\u00f3nomo Descentralizado de la Provincia de Esmeraldas\",\"url\":\"https:\/\/prefecturadeesmeraldas.gob.ec\/\",\"logo\":{\"@type\":\"ImageObject\",\"inLanguage\":\"es\",\"@id\":\"https:\/\/prefecturadeesmeraldas.gob.ec\/#\/schema\/logo\/image\/\",\"url\":\"https:\/\/prefecturadeesmeraldas.gob.ec\/wp-content\/uploads\/2019\/06\/logo.png\",\"contentUrl\":\"https:\/\/prefecturadeesmeraldas.gob.ec\/wp-content\/uploads\/2019\/06\/logo.png\",\"width\":859,\"height\":448,\"caption\":\"Gobierno Aut\u00f3nomo Descentralizado de la Provincia de Esmeraldas\"},\"image\":{\"@id\":\"https:\/\/prefecturadeesmeraldas.gob.ec\/#\/schema\/logo\/image\/\"},\"sameAs\":[\"https:\/\/www.facebook.com\/PrefecturaEsmeraldas\/\"]},{\"@type\":\"Person\",\"@id\":\"https:\/\/prefecturadeesmeraldas.gob.ec\/#\/schema\/person\/b0c9e7b1ead7725994d1e319e8825234\",\"name\":\"Direcci\u00f3n de Comunicaci\u00f3n\",\"image\":{\"@type\":\"ImageObject\",\"inLanguage\":\"es\",\"@id\":\"https:\/\/prefecturadeesmeraldas.gob.ec\/#\/schema\/person\/image\/\",\"url\":\"https:\/\/secure.gravatar.com\/avatar\/74a3870a946f5d774ade3569af61a72308e07ad3346f370c4b468ee2a9858658?s=96&d=mm&r=g\",\"contentUrl\":\"https:\/\/secure.gravatar.com\/avatar\/74a3870a946f5d774ade3569af61a72308e07ad3346f370c4b468ee2a9858658?s=96&d=mm&r=g\",\"caption\":\"Direcci\u00f3n de Comunicaci\u00f3n\"}}]}<\/script>\n<!-- \/ Yoast SEO plugin. -->","yoast_head_json":{"title":"Prefecta Roberta Zambrano estrechar\u00e1 lazos con los nuevos Ministros. - Gobierno Aut\u00f3nomo Descentralizado de la Provincia de Esmeraldas","robots":{"index":"index","follow":"follow","max-snippet":"max-snippet:-1","max-image-preview":"max-image-preview:large","max-video-preview":"max-video-preview:-1"},"canonical":"https:\/\/prefecturadeesmeraldas.gob.ec\/index.php\/2021\/05\/28\/prefecta-roberta-zambrano-estrechara-lazos-con-los-nuevos-ministros\/","og_locale":"es_ES","og_type":"article","og_title":"Prefecta Roberta Zambrano estrechar\u00e1 lazos con los nuevos Ministros. - Gobierno Aut\u00f3nomo Descentralizado de la Provincia de Esmeraldas","og_description":"La Prefecta de Esmeraldas, Roberta Zambrano Ortiz, cumpli\u00f3 una agenda de medios el pasado mi\u00e9rcoles 16 de mayo, donde dio a conocer que mantiene su compromiso de trabajo con las nuevas autoridades electas, especialmente con el presidente de la Rep\u00fablica Guillermo Lasso, a quien apoy\u00f3 decididamente durante la pasada campa\u00f1a electoral, logrando consolidar la victoria. [&hellip;]","og_url":"https:\/\/prefecturadeesmeraldas.gob.ec\/index.php\/2021\/05\/28\/prefecta-roberta-zambrano-estrechara-lazos-con-los-nuevos-ministros\/","og_site_name":"Gobierno Aut\u00f3nomo Descentralizado de la Provincia de Esmeraldas","article_publisher":"https:\/\/www.facebook.com\/PrefecturaEsmeraldas\/","article_published_time":"2021-05-28T19:42:02+00:00","article_modified_time":"2021-05-28T19:43:04+00:00","og_image":[{"width":960,"height":1280,"url":"https:\/\/prefecturadeesmeraldas.gob.ec\/wp-content\/uploads\/2021\/05\/WhatsApp-Image-2021-05-26-at-09.30.34.jpeg","type":"image\/jpeg"}],"author":"Direcci\u00f3n de Comunicaci\u00f3n","twitter_card":"summary_large_image","twitter_misc":{"Escrito por":"Direcci\u00f3n de Comunicaci\u00f3n","Tiempo de lectura":"1 minuto"},"schema":{"@context":"https:\/\/schema.org","@graph":[{"@type":"Article","@id":"https:\/\/prefecturadeesmeraldas.gob.ec\/index.php\/2021\/05\/28\/prefecta-roberta-zambrano-estrechara-lazos-con-los-nuevos-ministros\/#article","isPartOf":{"@id":"https:\/\/prefecturadeesmeraldas.gob.ec\/index.php\/2021\/05\/28\/prefecta-roberta-zambrano-estrechara-lazos-con-los-nuevos-ministros\/"},"author":{"name":"Direcci\u00f3n de Comunicaci\u00f3n","@id":"https:\/\/prefecturadeesmeraldas.gob.ec\/#\/schema\/person\/b0c9e7b1ead7725994d1e319e8825234"},"headline":"Prefecta Roberta Zambrano estrechar\u00e1 lazos con los nuevos Ministros.","datePublished":"2021-05-28T19:42:02+00:00","dateModified":"2021-05-28T19:43:04+00:00","mainEntityOfPage":{"@id":"https:\/\/prefecturadeesmeraldas.gob.ec\/index.php\/2021\/05\/28\/prefecta-roberta-zambrano-estrechara-lazos-con-los-nuevos-ministros\/"},"wordCount":209,"publisher":{"@id":"https:\/\/prefecturadeesmeraldas.gob.ec\/#organization"},"image":{"@id":"https:\/\/prefecturadeesmeraldas.gob.ec\/index.php\/2021\/05\/28\/prefecta-roberta-zambrano-estrechara-lazos-con-los-nuevos-ministros\/#primaryimage"},"thumbnailUrl":"https:\/\/prefecturadeesmeraldas.gob.ec\/wp-content\/uploads\/2021\/05\/WhatsApp-Image-2021-05-26-at-09.30.34.jpeg","articleSection":["Noticias"],"inLanguage":"es"},{"@type":"WebPage","@id":"https:\/\/prefecturadeesmeraldas.gob.ec\/index.php\/2021\/05\/28\/prefecta-roberta-zambrano-estrechara-lazos-con-los-nuevos-ministros\/","url":"https:\/\/prefecturadeesmeraldas.gob.ec\/index.php\/2021\/05\/28\/prefecta-roberta-zambrano-estrechara-lazos-con-los-nuevos-ministros\/","name":"Prefecta Roberta Zambrano estrechar\u00e1 lazos con los nuevos Ministros. - Gobierno Aut\u00f3nomo Descentralizado de la Provincia de Esmeraldas","isPartOf":{"@id":"https:\/\/prefecturadeesmeraldas.gob.ec\/#website"},"primaryImageOfPage":{"@id":"https:\/\/prefecturadeesmeraldas.gob.ec\/index.php\/2021\/05\/28\/prefecta-roberta-zambrano-estrechara-lazos-con-los-nuevos-ministros\/#primaryimage"},"image":{"@id":"https:\/\/prefecturadeesmeraldas.gob.ec\/index.php\/2021\/05\/28\/prefecta-roberta-zambrano-estrechara-lazos-con-los-nuevos-ministros\/#primaryimage"},"thumbnailUrl":"https:\/\/prefecturadeesmeraldas.gob.ec\/wp-content\/uploads\/2021\/05\/WhatsApp-Image-2021-05-26-at-09.30.34.jpeg","datePublished":"2021-05-28T19:42:02+00:00","dateModified":"2021-05-28T19:43:04+00:00","breadcrumb":{"@id":"https:\/\/prefecturadeesmeraldas.gob.ec\/index.php\/2021\/05\/28\/prefecta-roberta-zambrano-estrechara-lazos-con-los-nuevos-ministros\/#breadcrumb"},"inLanguage":"es","potentialAction":[{"@type":"ReadAction","target":["https:\/\/prefecturadeesmeraldas.gob.ec\/index.php\/2021\/05\/28\/prefecta-roberta-zambrano-estrechara-lazos-con-los-nuevos-ministros\/"]}]},{"@type":"ImageObject","inLanguage":"es","@id":"https:\/\/prefecturadeesmeraldas.gob.ec\/index.php\/2021\/05\/28\/prefecta-roberta-zambrano-estrechara-lazos-con-los-nuevos-ministros\/#primaryimage","url":"https:\/\/prefecturadeesmeraldas.gob.ec\/wp-content\/uploads\/2021\/05\/WhatsApp-Image-2021-05-26-at-09.30.34.jpeg","contentUrl":"https:\/\/prefecturadeesmeraldas.gob.ec\/wp-content\/uploads\/2021\/05\/WhatsApp-Image-2021-05-26-at-09.30.34.jpeg","width":960,"height":1280},{"@type":"BreadcrumbList","@id":"https:\/\/prefecturadeesmeraldas.gob.ec\/index.php\/2021\/05\/28\/prefecta-roberta-zambrano-estrechara-lazos-con-los-nuevos-ministros\/#breadcrumb","itemListElement":[{"@type":"ListItem","position":1,"name":"Home","item":"https:\/\/prefecturadeesmeraldas.gob.ec\/"},{"@type":"ListItem","position":2,"name":"Prefecta Roberta Zambrano estrechar\u00e1 lazos con los nuevos Ministros."}]},{"@type":"WebSite","@id":"https:\/\/prefecturadeesmeraldas.gob.ec\/#website","url":"https:\/\/prefecturadeesmeraldas.gob.ec\/","name":"Gobierno Aut\u00f3nomo Descentralizado de la Provincia de Esmeraldas","description":"Gobierno Aut\u00f3nomo Descentralizado de la Provincia de Esmeraldas","publisher":{"@id":"https:\/\/prefecturadeesmeraldas.gob.ec\/#organization"},"potentialAction":[{"@type":"SearchAction","target":{"@type":"EntryPoint","urlTemplate":"https:\/\/prefecturadeesmeraldas.gob.ec\/?s={search_term_string}"},"query-input":{"@type":"PropertyValueSpecification","valueRequired":true,"valueName":"search_term_string"}}],"inLanguage":"es"},{"@type":"Organization","@id":"https:\/\/prefecturadeesmeraldas.gob.ec\/#organization","name":"Gobierno Aut\u00f3nomo Descentralizado de la Provincia de Esmeraldas","url":"https:\/\/prefecturadeesmeraldas.gob.ec\/","logo":{"@type":"ImageObject","inLanguage":"es","@id":"https:\/\/prefecturadeesmeraldas.gob.ec\/#\/schema\/logo\/image\/","url":"https:\/\/prefecturadeesmeraldas.gob.ec\/wp-content\/uploads\/2019\/06\/logo.png","contentUrl":"https:\/\/prefecturadeesmeraldas.gob.ec\/wp-content\/uploads\/2019\/06\/logo.png","width":859,"height":448,"caption":"Gobierno Aut\u00f3nomo Descentralizado de la Provincia de Esmeraldas"},"image":{"@id":"https:\/\/prefecturadeesmeraldas.gob.ec\/#\/schema\/logo\/image\/"},"sameAs":["https:\/\/www.facebook.com\/PrefecturaEsmeraldas\/"]},{"@type":"Person","@id":"https:\/\/prefecturadeesmeraldas.gob.ec\/#\/schema\/person\/b0c9e7b1ead7725994d1e319e8825234","name":"Direcci\u00f3n de Comunicaci\u00f3n","image":{"@type":"ImageObject","inLanguage":"es","@id":"https:\/\/prefecturadeesmeraldas.gob.ec\/#\/schema\/person\/image\/","url":"https:\/\/secure.gravatar.com\/avatar\/74a3870a946f5d774ade3569af61a72308e07ad3346f370c4b468ee2a9858658?s=96&d=mm&r=g","contentUrl":"https:\/\/secure.gravatar.com\/avatar\/74a3870a946f5d774ade3569af61a72308e07ad3346f370c4b468ee2a9858658?s=96&d=mm&r=g","caption":"Direcci\u00f3n de Comunicaci\u00f3n"}}]}},"_links":{"self":[{"href":"https:\/\/prefecturadeesmeraldas.gob.ec\/index.php\/wp-json\/wp\/v2\/posts\/10988","targetHints":{"allow":["GET"]}}],"collection":[{"href":"https:\/\/prefecturadeesmeraldas.gob.ec\/index.php\/wp-json\/wp\/v2\/posts"}],"about":[{"href":"https:\/\/prefecturadeesmeraldas.gob.ec\/index.php\/wp-json\/wp\/v2\/types\/post"}],"author":[{"embeddable":true,"href":"https:\/\/prefecturadeesmeraldas.gob.ec\/index.php\/wp-json\/wp\/v2\/users\/2"}],"replies":[{"embeddable":true,"href":"https:\/\/prefecturadeesmeraldas.gob.ec\/index.php\/wp-json\/wp\/v2\/comments?post=10988"}],"version-history":[{"count":0,"href":"https:\/\/prefecturadeesmeraldas.gob.ec\/index.php\/wp-json\/wp\/v2\/posts\/10988\/revisions"}],"wp:featuredmedia":[{"embeddable":true,"href":"https:\/\/prefecturadeesmeraldas.gob.ec\/index.php\/wp-json\/wp\/v2\/media\/10989"}],"wp:attachment":[{"href":"https:\/\/prefecturadeesmeraldas.gob.ec\/index.php\/wp-json\/wp\/v2\/media?parent=10988"}],"wp:term":[{"taxonomy":"category","embeddable":true,"href":"https:\/\/prefecturadeesmeraldas.gob.ec\/index.php\/wp-json\/wp\/v2\/categories?post=10988"},{"taxonomy":"post_tag","embeddable":true,"href":"https:\/\/prefecturadeesmeraldas.gob.ec\/index.php\/wp-json\/wp\/v2\/tags?post=10988"}],"curies":[{"name":"wp","href":"https:\/\/api.w.org\/{rel}","templated":true}]}}