{"id":10984,"date":"2021-05-28T14:37:46","date_gmt":"2021-05-28T19:37:46","guid":{"rendered":"http:\/\/prefecturadeesmeraldas.gob.ec\/?p=10984"},"modified":"2021-05-28T14:38:47","modified_gmt":"2021-05-28T19:38:47","slug":"bomberos-de-francia-donan-plantas-potabilizadoras-de-agua-a-la-prefectura-de-esmeraldas","status":"publish","type":"post","link":"https:\/\/prefecturadeesmeraldas.gob.ec\/index.php\/2021\/05\/28\/bomberos-de-francia-donan-plantas-potabilizadoras-de-agua-a-la-prefectura-de-esmeraldas\/","title":{"rendered":"Bomberos de Francia donan plantas potabilizadoras de agua a la Prefectura de Esmeraldas."},"content":{"rendered":"\t\t<div data-elementor-type=\"wp-post\" data-elementor-id=\"10984\" class=\"elementor elementor-10984\">\n\t\t\t\t\t\t<section class=\"elementor-section elementor-top-section elementor-element elementor-element-ac3aa3b elementor-section-boxed elementor-section-height-default elementor-section-height-default\" data-id=\"ac3aa3b\" data-element_type=\"section\">\n\t\t\t\t\t\t<div class=\"elementor-container elementor-column-gap-default\">\n\t\t\t\t\t<div class=\"elementor-column elementor-col-100 elementor-top-column elementor-element elementor-element-e9dddf5\" data-id=\"e9dddf5\" data-element_type=\"column\">\n\t\t\t<div class=\"elementor-widget-wrap elementor-element-populated\">\n\t\t\t\t\t\t<div class=\"elementor-element elementor-element-6063ca4 elementor-widget elementor-widget-image\" data-id=\"6063ca4\" data-element_type=\"widget\" data-widget_type=\"image.default\">\n\t\t\t\t<div class=\"elementor-widget-container\">\n\t\t\t\t\t\t\t\t\t\t\t\t\t\t\t<img fetchpriority=\"high\" decoding=\"async\" width=\"1024\" height=\"1024\" src=\"https:\/\/prefecturadeesmeraldas.gob.ec\/wp-content\/uploads\/2021\/05\/WhatsApp-Image-2021-05-27-at-13.48.05-1024x1024.jpeg\" class=\"attachment-large size-large wp-image-10985\" alt=\"\" srcset=\"https:\/\/prefecturadeesmeraldas.gob.ec\/wp-content\/uploads\/2021\/05\/WhatsApp-Image-2021-05-27-at-13.48.05-1024x1024.jpeg 1024w, https:\/\/prefecturadeesmeraldas.gob.ec\/wp-content\/uploads\/2021\/05\/WhatsApp-Image-2021-05-27-at-13.48.05-240x240.jpeg 240w, https:\/\/prefecturadeesmeraldas.gob.ec\/wp-content\/uploads\/2021\/05\/WhatsApp-Image-2021-05-27-at-13.48.05-1080x1080.jpeg 1080w, https:\/\/prefecturadeesmeraldas.gob.ec\/wp-content\/uploads\/2021\/05\/WhatsApp-Image-2021-05-27-at-13.48.05-150x150.jpeg 150w, https:\/\/prefecturadeesmeraldas.gob.ec\/wp-content\/uploads\/2021\/05\/WhatsApp-Image-2021-05-27-at-13.48.05-300x300.jpeg 300w, https:\/\/prefecturadeesmeraldas.gob.ec\/wp-content\/uploads\/2021\/05\/WhatsApp-Image-2021-05-27-at-13.48.05-768x768.jpeg 768w, https:\/\/prefecturadeesmeraldas.gob.ec\/wp-content\/uploads\/2021\/05\/WhatsApp-Image-2021-05-27-at-13.48.05.jpeg 1280w\" sizes=\"(max-width: 1024px) 100vw, 1024px\" \/>\t\t\t\t\t\t\t\t\t\t\t\t\t\t\t<\/div>\n\t\t\t\t<\/div>\n\t\t\t\t\t<\/div>\n\t\t<\/div>\n\t\t\t\t\t<\/div>\n\t\t<\/section>\n\t\t\t\t<section class=\"elementor-section elementor-top-section elementor-element elementor-element-8696205 elementor-section-boxed elementor-section-height-default elementor-section-height-default\" data-id=\"8696205\" data-element_type=\"section\">\n\t\t\t\t\t\t<div class=\"elementor-container elementor-column-gap-default\">\n\t\t\t\t\t<div class=\"elementor-column elementor-col-100 elementor-top-column elementor-element elementor-element-e281f83\" data-id=\"e281f83\" data-element_type=\"column\">\n\t\t\t<div class=\"elementor-widget-wrap elementor-element-populated\">\n\t\t\t\t\t\t<div class=\"elementor-element elementor-element-4f8c7c5 elementor-widget elementor-widget-text-editor\" data-id=\"4f8c7c5\" data-element_type=\"widget\" data-widget_type=\"text-editor.default\">\n\t\t\t\t<div class=\"elementor-widget-container\">\n\t\t\t\t\t\t\t\t\t<p>Expertos que forman el cuerpo de <strong>Bomberos Fire &#8211; French International Rescue Experts de Francia<\/strong>, donaron 4 plantas potabilizadoras de agua a la Prefectura de Esmeraldas, las mismas que ser\u00e1n entregadas a varios cantones afectados por el terremoto del 2016.<\/p><p>La prefecta, <strong><a href=\"https:\/\/www.facebook.com\/RobertaZambranopsc\/?__cft__%5b0%5d=AZVjZ6fzBSMISyJwflSbkZeSW6OpSsbmV7NRJ6msSJfRHuu4KVwpsITP6GePzacmEu_lp5CTU0ObCUWyu7Lqbxm2rQOhq8cqAO3MCHHbV80DrdlF4DP7bB-EgQP0EWAAqzGFjin-nmoDZCuCll3lfTSg4-oe5eiPHVPEXMc0Ha7DlrwLvUWn5MK88AGuhSHmkyuNzO5xt5fzNkb1CdszBL8Y&amp;__tn__=kK-R\">Roberta Zambrano Ort\u00edz<\/a><\/strong> y el viceprefecto, <strong><a href=\"https:\/\/www.facebook.com\/diegozambranoloor\/?__cft__%5b0%5d=AZVjZ6fzBSMISyJwflSbkZeSW6OpSsbmV7NRJ6msSJfRHuu4KVwpsITP6GePzacmEu_lp5CTU0ObCUWyu7Lqbxm2rQOhq8cqAO3MCHHbV80DrdlF4DP7bB-EgQP0EWAAqzGFjin-nmoDZCuCll3lfTSg4-oe5eiPHVPEXMc0Ha7DlrwLvUWn5MK88AGuhSHmkyuNzO5xt5fzNkb1CdszBL8Y&amp;__tn__=kK-R\">Diego Zambrano Loor<\/a><\/strong>, agradecieron la donaci\u00f3n que fue posible gracias a la articulaci\u00f3n realizada desde la Direcci\u00f3n de Cooperaci\u00f3n Internacional de la <a href=\"https:\/\/www.facebook.com\/PrefecturaEsmeraldas\/?__cft__%5b0%5d=AZVjZ6fzBSMISyJwflSbkZeSW6OpSsbmV7NRJ6msSJfRHuu4KVwpsITP6GePzacmEu_lp5CTU0ObCUWyu7Lqbxm2rQOhq8cqAO3MCHHbV80DrdlF4DP7bB-EgQP0EWAAqzGFjin-nmoDZCuCll3lfTSg4-oe5eiPHVPEXMc0Ha7DlrwLvUWn5MK88AGuhSHmkyuNzO5xt5fzNkb1CdszBL8Y&amp;__tn__=kK-R\">Prefectura de Esmeraldas<\/a>.<\/p><p>Los representantes de esta organizaci\u00f3n, compuesta por voluntarios dedicados a entregar asistencia y ayuda, aseguraron haber encontrado en la provincia de Esmeraldas, un territorio hermoso y digno de vivir, por lo que resaltaron el trabajo que se realiza desde la Prefectura de Esmeraldas.<\/p><p>La prefecta, destac\u00f3 que gracias a la Cooperaci\u00f3n Internacional se ampl\u00edan las posibilidades de compartir experiencias y recibir donaciones, a la vez que destac\u00f3 que se busca mantener relaciones a largo plazo con los integrantes de Fire &#8211; French International Rescue Experts.<\/p><p>Gracias a este acercamiento, los miembros de esta ONG capacitaron a miembros de los Gobiernos Parroquiales del sur de la provincia, y elementos del cuerpo de Bomberos de Esmeraldas, en el uso y manejo de equipos de potabilizaci\u00f3n de agua en caso de cat\u00e1strofe natural y\/o necesidad grave.<\/p><p>Camila Escobar, una ingeniera colombiana que vive en Francia y que es parte de Fire &#8211; French International Rescue Experts, dijo que, en su organizaci\u00f3n, est\u00e1n dispuestos a continuar con la asistencia a los esmeralde\u00f1os.<\/p>\t\t\t\t\t\t\t\t<\/div>\n\t\t\t\t<\/div>\n\t\t\t\t\t<\/div>\n\t\t<\/div>\n\t\t\t\t\t<\/div>\n\t\t<\/section>\n\t\t\t\t<\/div>\n\t\t","protected":false},"excerpt":{"rendered":"<p>Expertos que forman el cuerpo de Bomberos Fire &#8211; French International Rescue Experts de Francia, donaron 4 plantas potabilizadoras de agua a la Prefectura de Esmeraldas, las mismas que ser\u00e1n entregadas a varios cantones afectados por el terremoto del 2016. La prefecta, Roberta Zambrano Ort\u00edz y el viceprefecto, Diego Zambrano Loor, agradecieron la donaci\u00f3n que [&hellip;]<\/p>\n","protected":false},"author":2,"featured_media":10985,"comment_status":"closed","ping_status":"open","sticky":false,"template":"","format":"standard","meta":{"footnotes":""},"categories":[24],"tags":[],"class_list":["post-10984","post","type-post","status-publish","format-standard","has-post-thumbnail","hentry","category-cooperacion-internacional"],"yoast_head":"<!-- This site is optimized with the Yoast SEO plugin v25.7 - https:\/\/yoast.com\/wordpress\/plugins\/seo\/ -->\n<title>Bomberos de Francia donan plantas potabilizadoras de agua a la Prefectura de Esmeraldas. - Gobierno Aut\u00f3nomo Descentralizado de la Provincia de Esmeraldas<\/title>\n<meta name=\"robots\" content=\"index, follow, max-snippet:-1, max-image-preview:large, max-video-preview:-1\" \/>\n<link rel=\"canonical\" href=\"https:\/\/prefecturadeesmeraldas.gob.ec\/index.php\/2021\/05\/28\/bomberos-de-francia-donan-plantas-potabilizadoras-de-agua-a-la-prefectura-de-esmeraldas\/\" \/>\n<meta property=\"og:locale\" content=\"es_ES\" \/>\n<meta property=\"og:type\" content=\"article\" \/>\n<meta property=\"og:title\" content=\"Bomberos de Francia donan plantas potabilizadoras de agua a la Prefectura de Esmeraldas. - Gobierno Aut\u00f3nomo Descentralizado de la Provincia de Esmeraldas\" \/>\n<meta property=\"og:description\" content=\"Expertos que forman el cuerpo de Bomberos Fire &#8211; French International Rescue Experts de Francia, donaron 4 plantas potabilizadoras de agua a la Prefectura de Esmeraldas, las mismas que ser\u00e1n entregadas a varios cantones afectados por el terremoto del 2016. La prefecta, Roberta Zambrano Ort\u00edz y el viceprefecto, Diego Zambrano Loor, agradecieron la donaci\u00f3n que [&hellip;]\" \/>\n<meta property=\"og:url\" content=\"https:\/\/prefecturadeesmeraldas.gob.ec\/index.php\/2021\/05\/28\/bomberos-de-francia-donan-plantas-potabilizadoras-de-agua-a-la-prefectura-de-esmeraldas\/\" \/>\n<meta property=\"og:site_name\" content=\"Gobierno Aut\u00f3nomo Descentralizado de la Provincia de Esmeraldas\" \/>\n<meta property=\"article:publisher\" content=\"https:\/\/www.facebook.com\/PrefecturaEsmeraldas\/\" \/>\n<meta property=\"article:published_time\" content=\"2021-05-28T19:37:46+00:00\" \/>\n<meta property=\"article:modified_time\" content=\"2021-05-28T19:38:47+00:00\" \/>\n<meta property=\"og:image\" content=\"https:\/\/prefecturadeesmeraldas.gob.ec\/wp-content\/uploads\/2021\/05\/WhatsApp-Image-2021-05-27-at-13.48.05.jpeg\" \/>\n\t<meta property=\"og:image:width\" content=\"1280\" \/>\n\t<meta property=\"og:image:height\" content=\"1280\" \/>\n\t<meta property=\"og:image:type\" content=\"image\/jpeg\" \/>\n<meta name=\"author\" content=\"Direcci\u00f3n de Comunicaci\u00f3n\" \/>\n<meta name=\"twitter:card\" content=\"summary_large_image\" \/>\n<meta name=\"twitter:label1\" content=\"Escrito por\" \/>\n\t<meta name=\"twitter:data1\" content=\"Direcci\u00f3n de Comunicaci\u00f3n\" \/>\n\t<meta name=\"twitter:label2\" content=\"Tiempo de lectura\" \/>\n\t<meta name=\"twitter:data2\" content=\"1 minuto\" \/>\n<script type=\"application\/ld+json\" class=\"yoast-schema-graph\">{\"@context\":\"https:\/\/schema.org\",\"@graph\":[{\"@type\":\"Article\",\"@id\":\"https:\/\/prefecturadeesmeraldas.gob.ec\/index.php\/2021\/05\/28\/bomberos-de-francia-donan-plantas-potabilizadoras-de-agua-a-la-prefectura-de-esmeraldas\/#article\",\"isPartOf\":{\"@id\":\"https:\/\/prefecturadeesmeraldas.gob.ec\/index.php\/2021\/05\/28\/bomberos-de-francia-donan-plantas-potabilizadoras-de-agua-a-la-prefectura-de-esmeraldas\/\"},\"author\":{\"name\":\"Direcci\u00f3n de Comunicaci\u00f3n\",\"@id\":\"https:\/\/prefecturadeesmeraldas.gob.ec\/#\/schema\/person\/b0c9e7b1ead7725994d1e319e8825234\"},\"headline\":\"Bomberos de Francia donan plantas potabilizadoras de agua a la Prefectura de Esmeraldas.\",\"datePublished\":\"2021-05-28T19:37:46+00:00\",\"dateModified\":\"2021-05-28T19:38:47+00:00\",\"mainEntityOfPage\":{\"@id\":\"https:\/\/prefecturadeesmeraldas.gob.ec\/index.php\/2021\/05\/28\/bomberos-de-francia-donan-plantas-potabilizadoras-de-agua-a-la-prefectura-de-esmeraldas\/\"},\"wordCount\":267,\"publisher\":{\"@id\":\"https:\/\/prefecturadeesmeraldas.gob.ec\/#organization\"},\"image\":{\"@id\":\"https:\/\/prefecturadeesmeraldas.gob.ec\/index.php\/2021\/05\/28\/bomberos-de-francia-donan-plantas-potabilizadoras-de-agua-a-la-prefectura-de-esmeraldas\/#primaryimage\"},\"thumbnailUrl\":\"https:\/\/prefecturadeesmeraldas.gob.ec\/wp-content\/uploads\/2021\/05\/WhatsApp-Image-2021-05-27-at-13.48.05.jpeg\",\"articleSection\":[\"Cooperaci\u00f3n Internacional\"],\"inLanguage\":\"es\"},{\"@type\":\"WebPage\",\"@id\":\"https:\/\/prefecturadeesmeraldas.gob.ec\/index.php\/2021\/05\/28\/bomberos-de-francia-donan-plantas-potabilizadoras-de-agua-a-la-prefectura-de-esmeraldas\/\",\"url\":\"https:\/\/prefecturadeesmeraldas.gob.ec\/index.php\/2021\/05\/28\/bomberos-de-francia-donan-plantas-potabilizadoras-de-agua-a-la-prefectura-de-esmeraldas\/\",\"name\":\"Bomberos de Francia donan plantas potabilizadoras de agua a la Prefectura de Esmeraldas. - Gobierno Aut\u00f3nomo Descentralizado de la Provincia de Esmeraldas\",\"isPartOf\":{\"@id\":\"https:\/\/prefecturadeesmeraldas.gob.ec\/#website\"},\"primaryImageOfPage\":{\"@id\":\"https:\/\/prefecturadeesmeraldas.gob.ec\/index.php\/2021\/05\/28\/bomberos-de-francia-donan-plantas-potabilizadoras-de-agua-a-la-prefectura-de-esmeraldas\/#primaryimage\"},\"image\":{\"@id\":\"https:\/\/prefecturadeesmeraldas.gob.ec\/index.php\/2021\/05\/28\/bomberos-de-francia-donan-plantas-potabilizadoras-de-agua-a-la-prefectura-de-esmeraldas\/#primaryimage\"},\"thumbnailUrl\":\"https:\/\/prefecturadeesmeraldas.gob.ec\/wp-content\/uploads\/2021\/05\/WhatsApp-Image-2021-05-27-at-13.48.05.jpeg\",\"datePublished\":\"2021-05-28T19:37:46+00:00\",\"dateModified\":\"2021-05-28T19:38:47+00:00\",\"breadcrumb\":{\"@id\":\"https:\/\/prefecturadeesmeraldas.gob.ec\/index.php\/2021\/05\/28\/bomberos-de-francia-donan-plantas-potabilizadoras-de-agua-a-la-prefectura-de-esmeraldas\/#breadcrumb\"},\"inLanguage\":\"es\",\"potentialAction\":[{\"@type\":\"ReadAction\",\"target\":[\"https:\/\/prefecturadeesmeraldas.gob.ec\/index.php\/2021\/05\/28\/bomberos-de-francia-donan-plantas-potabilizadoras-de-agua-a-la-prefectura-de-esmeraldas\/\"]}]},{\"@type\":\"ImageObject\",\"inLanguage\":\"es\",\"@id\":\"https:\/\/prefecturadeesmeraldas.gob.ec\/index.php\/2021\/05\/28\/bomberos-de-francia-donan-plantas-potabilizadoras-de-agua-a-la-prefectura-de-esmeraldas\/#primaryimage\",\"url\":\"https:\/\/prefecturadeesmeraldas.gob.ec\/wp-content\/uploads\/2021\/05\/WhatsApp-Image-2021-05-27-at-13.48.05.jpeg\",\"contentUrl\":\"https:\/\/prefecturadeesmeraldas.gob.ec\/wp-content\/uploads\/2021\/05\/WhatsApp-Image-2021-05-27-at-13.48.05.jpeg\",\"width\":1280,\"height\":1280},{\"@type\":\"BreadcrumbList\",\"@id\":\"https:\/\/prefecturadeesmeraldas.gob.ec\/index.php\/2021\/05\/28\/bomberos-de-francia-donan-plantas-potabilizadoras-de-agua-a-la-prefectura-de-esmeraldas\/#breadcrumb\",\"itemListElement\":[{\"@type\":\"ListItem\",\"position\":1,\"name\":\"Home\",\"item\":\"https:\/\/prefecturadeesmeraldas.gob.ec\/\"},{\"@type\":\"ListItem\",\"position\":2,\"name\":\"Bomberos de Francia donan plantas potabilizadoras de agua a la Prefectura de Esmeraldas.\"}]},{\"@type\":\"WebSite\",\"@id\":\"https:\/\/prefecturadeesmeraldas.gob.ec\/#website\",\"url\":\"https:\/\/prefecturadeesmeraldas.gob.ec\/\",\"name\":\"Gobierno Aut\u00f3nomo Descentralizado de la Provincia de Esmeraldas\",\"description\":\"Gobierno Aut\u00f3nomo Descentralizado de la Provincia de Esmeraldas\",\"publisher\":{\"@id\":\"https:\/\/prefecturadeesmeraldas.gob.ec\/#organization\"},\"potentialAction\":[{\"@type\":\"SearchAction\",\"target\":{\"@type\":\"EntryPoint\",\"urlTemplate\":\"https:\/\/prefecturadeesmeraldas.gob.ec\/?s={search_term_string}\"},\"query-input\":{\"@type\":\"PropertyValueSpecification\",\"valueRequired\":true,\"valueName\":\"search_term_string\"}}],\"inLanguage\":\"es\"},{\"@type\":\"Organization\",\"@id\":\"https:\/\/prefecturadeesmeraldas.gob.ec\/#organization\",\"name\":\"Gobierno Aut\u00f3nomo Descentralizado de la Provincia de Esmeraldas\",\"url\":\"https:\/\/prefecturadeesmeraldas.gob.ec\/\",\"logo\":{\"@type\":\"ImageObject\",\"inLanguage\":\"es\",\"@id\":\"https:\/\/prefecturadeesmeraldas.gob.ec\/#\/schema\/logo\/image\/\",\"url\":\"https:\/\/prefecturadeesmeraldas.gob.ec\/wp-content\/uploads\/2019\/06\/logo.png\",\"contentUrl\":\"https:\/\/prefecturadeesmeraldas.gob.ec\/wp-content\/uploads\/2019\/06\/logo.png\",\"width\":859,\"height\":448,\"caption\":\"Gobierno Aut\u00f3nomo Descentralizado de la Provincia de Esmeraldas\"},\"image\":{\"@id\":\"https:\/\/prefecturadeesmeraldas.gob.ec\/#\/schema\/logo\/image\/\"},\"sameAs\":[\"https:\/\/www.facebook.com\/PrefecturaEsmeraldas\/\"]},{\"@type\":\"Person\",\"@id\":\"https:\/\/prefecturadeesmeraldas.gob.ec\/#\/schema\/person\/b0c9e7b1ead7725994d1e319e8825234\",\"name\":\"Direcci\u00f3n de Comunicaci\u00f3n\",\"image\":{\"@type\":\"ImageObject\",\"inLanguage\":\"es\",\"@id\":\"https:\/\/prefecturadeesmeraldas.gob.ec\/#\/schema\/person\/image\/\",\"url\":\"https:\/\/secure.gravatar.com\/avatar\/74a3870a946f5d774ade3569af61a72308e07ad3346f370c4b468ee2a9858658?s=96&d=mm&r=g\",\"contentUrl\":\"https:\/\/secure.gravatar.com\/avatar\/74a3870a946f5d774ade3569af61a72308e07ad3346f370c4b468ee2a9858658?s=96&d=mm&r=g\",\"caption\":\"Direcci\u00f3n de Comunicaci\u00f3n\"}}]}<\/script>\n<!-- \/ Yoast SEO plugin. -->","yoast_head_json":{"title":"Bomberos de Francia donan plantas potabilizadoras de agua a la Prefectura de Esmeraldas. - Gobierno Aut\u00f3nomo Descentralizado de la Provincia de Esmeraldas","robots":{"index":"index","follow":"follow","max-snippet":"max-snippet:-1","max-image-preview":"max-image-preview:large","max-video-preview":"max-video-preview:-1"},"canonical":"https:\/\/prefecturadeesmeraldas.gob.ec\/index.php\/2021\/05\/28\/bomberos-de-francia-donan-plantas-potabilizadoras-de-agua-a-la-prefectura-de-esmeraldas\/","og_locale":"es_ES","og_type":"article","og_title":"Bomberos de Francia donan plantas potabilizadoras de agua a la Prefectura de Esmeraldas. - Gobierno Aut\u00f3nomo Descentralizado de la Provincia de Esmeraldas","og_description":"Expertos que forman el cuerpo de Bomberos Fire &#8211; French International Rescue Experts de Francia, donaron 4 plantas potabilizadoras de agua a la Prefectura de Esmeraldas, las mismas que ser\u00e1n entregadas a varios cantones afectados por el terremoto del 2016. La prefecta, Roberta Zambrano Ort\u00edz y el viceprefecto, Diego Zambrano Loor, agradecieron la donaci\u00f3n que [&hellip;]","og_url":"https:\/\/prefecturadeesmeraldas.gob.ec\/index.php\/2021\/05\/28\/bomberos-de-francia-donan-plantas-potabilizadoras-de-agua-a-la-prefectura-de-esmeraldas\/","og_site_name":"Gobierno Aut\u00f3nomo Descentralizado de la Provincia de Esmeraldas","article_publisher":"https:\/\/www.facebook.com\/PrefecturaEsmeraldas\/","article_published_time":"2021-05-28T19:37:46+00:00","article_modified_time":"2021-05-28T19:38:47+00:00","og_image":[{"width":1280,"height":1280,"url":"https:\/\/prefecturadeesmeraldas.gob.ec\/wp-content\/uploads\/2021\/05\/WhatsApp-Image-2021-05-27-at-13.48.05.jpeg","type":"image\/jpeg"}],"author":"Direcci\u00f3n de Comunicaci\u00f3n","twitter_card":"summary_large_image","twitter_misc":{"Escrito por":"Direcci\u00f3n de Comunicaci\u00f3n","Tiempo de lectura":"1 minuto"},"schema":{"@context":"https:\/\/schema.org","@graph":[{"@type":"Article","@id":"https:\/\/prefecturadeesmeraldas.gob.ec\/index.php\/2021\/05\/28\/bomberos-de-francia-donan-plantas-potabilizadoras-de-agua-a-la-prefectura-de-esmeraldas\/#article","isPartOf":{"@id":"https:\/\/prefecturadeesmeraldas.gob.ec\/index.php\/2021\/05\/28\/bomberos-de-francia-donan-plantas-potabilizadoras-de-agua-a-la-prefectura-de-esmeraldas\/"},"author":{"name":"Direcci\u00f3n de Comunicaci\u00f3n","@id":"https:\/\/prefecturadeesmeraldas.gob.ec\/#\/schema\/person\/b0c9e7b1ead7725994d1e319e8825234"},"headline":"Bomberos de Francia donan plantas potabilizadoras de agua a la Prefectura de Esmeraldas.","datePublished":"2021-05-28T19:37:46+00:00","dateModified":"2021-05-28T19:38:47+00:00","mainEntityOfPage":{"@id":"https:\/\/prefecturadeesmeraldas.gob.ec\/index.php\/2021\/05\/28\/bomberos-de-francia-donan-plantas-potabilizadoras-de-agua-a-la-prefectura-de-esmeraldas\/"},"wordCount":267,"publisher":{"@id":"https:\/\/prefecturadeesmeraldas.gob.ec\/#organization"},"image":{"@id":"https:\/\/prefecturadeesmeraldas.gob.ec\/index.php\/2021\/05\/28\/bomberos-de-francia-donan-plantas-potabilizadoras-de-agua-a-la-prefectura-de-esmeraldas\/#primaryimage"},"thumbnailUrl":"https:\/\/prefecturadeesmeraldas.gob.ec\/wp-content\/uploads\/2021\/05\/WhatsApp-Image-2021-05-27-at-13.48.05.jpeg","articleSection":["Cooperaci\u00f3n Internacional"],"inLanguage":"es"},{"@type":"WebPage","@id":"https:\/\/prefecturadeesmeraldas.gob.ec\/index.php\/2021\/05\/28\/bomberos-de-francia-donan-plantas-potabilizadoras-de-agua-a-la-prefectura-de-esmeraldas\/","url":"https:\/\/prefecturadeesmeraldas.gob.ec\/index.php\/2021\/05\/28\/bomberos-de-francia-donan-plantas-potabilizadoras-de-agua-a-la-prefectura-de-esmeraldas\/","name":"Bomberos de Francia donan plantas potabilizadoras de agua a la Prefectura de Esmeraldas. - Gobierno Aut\u00f3nomo Descentralizado de la Provincia de Esmeraldas","isPartOf":{"@id":"https:\/\/prefecturadeesmeraldas.gob.ec\/#website"},"primaryImageOfPage":{"@id":"https:\/\/prefecturadeesmeraldas.gob.ec\/index.php\/2021\/05\/28\/bomberos-de-francia-donan-plantas-potabilizadoras-de-agua-a-la-prefectura-de-esmeraldas\/#primaryimage"},"image":{"@id":"https:\/\/prefecturadeesmeraldas.gob.ec\/index.php\/2021\/05\/28\/bomberos-de-francia-donan-plantas-potabilizadoras-de-agua-a-la-prefectura-de-esmeraldas\/#primaryimage"},"thumbnailUrl":"https:\/\/prefecturadeesmeraldas.gob.ec\/wp-content\/uploads\/2021\/05\/WhatsApp-Image-2021-05-27-at-13.48.05.jpeg","datePublished":"2021-05-28T19:37:46+00:00","dateModified":"2021-05-28T19:38:47+00:00","breadcrumb":{"@id":"https:\/\/prefecturadeesmeraldas.gob.ec\/index.php\/2021\/05\/28\/bomberos-de-francia-donan-plantas-potabilizadoras-de-agua-a-la-prefectura-de-esmeraldas\/#breadcrumb"},"inLanguage":"es","potentialAction":[{"@type":"ReadAction","target":["https:\/\/prefecturadeesmeraldas.gob.ec\/index.php\/2021\/05\/28\/bomberos-de-francia-donan-plantas-potabilizadoras-de-agua-a-la-prefectura-de-esmeraldas\/"]}]},{"@type":"ImageObject","inLanguage":"es","@id":"https:\/\/prefecturadeesmeraldas.gob.ec\/index.php\/2021\/05\/28\/bomberos-de-francia-donan-plantas-potabilizadoras-de-agua-a-la-prefectura-de-esmeraldas\/#primaryimage","url":"https:\/\/prefecturadeesmeraldas.gob.ec\/wp-content\/uploads\/2021\/05\/WhatsApp-Image-2021-05-27-at-13.48.05.jpeg","contentUrl":"https:\/\/prefecturadeesmeraldas.gob.ec\/wp-content\/uploads\/2021\/05\/WhatsApp-Image-2021-05-27-at-13.48.05.jpeg","width":1280,"height":1280},{"@type":"BreadcrumbList","@id":"https:\/\/prefecturadeesmeraldas.gob.ec\/index.php\/2021\/05\/28\/bomberos-de-francia-donan-plantas-potabilizadoras-de-agua-a-la-prefectura-de-esmeraldas\/#breadcrumb","itemListElement":[{"@type":"ListItem","position":1,"name":"Home","item":"https:\/\/prefecturadeesmeraldas.gob.ec\/"},{"@type":"ListItem","position":2,"name":"Bomberos de Francia donan plantas potabilizadoras de agua a la Prefectura de Esmeraldas."}]},{"@type":"WebSite","@id":"https:\/\/prefecturadeesmeraldas.gob.ec\/#website","url":"https:\/\/prefecturadeesmeraldas.gob.ec\/","name":"Gobierno Aut\u00f3nomo Descentralizado de la Provincia de Esmeraldas","description":"Gobierno Aut\u00f3nomo Descentralizado de la Provincia de Esmeraldas","publisher":{"@id":"https:\/\/prefecturadeesmeraldas.gob.ec\/#organization"},"potentialAction":[{"@type":"SearchAction","target":{"@type":"EntryPoint","urlTemplate":"https:\/\/prefecturadeesmeraldas.gob.ec\/?s={search_term_string}"},"query-input":{"@type":"PropertyValueSpecification","valueRequired":true,"valueName":"search_term_string"}}],"inLanguage":"es"},{"@type":"Organization","@id":"https:\/\/prefecturadeesmeraldas.gob.ec\/#organization","name":"Gobierno Aut\u00f3nomo Descentralizado de la Provincia de Esmeraldas","url":"https:\/\/prefecturadeesmeraldas.gob.ec\/","logo":{"@type":"ImageObject","inLanguage":"es","@id":"https:\/\/prefecturadeesmeraldas.gob.ec\/#\/schema\/logo\/image\/","url":"https:\/\/prefecturadeesmeraldas.gob.ec\/wp-content\/uploads\/2019\/06\/logo.png","contentUrl":"https:\/\/prefecturadeesmeraldas.gob.ec\/wp-content\/uploads\/2019\/06\/logo.png","width":859,"height":448,"caption":"Gobierno Aut\u00f3nomo Descentralizado de la Provincia de Esmeraldas"},"image":{"@id":"https:\/\/prefecturadeesmeraldas.gob.ec\/#\/schema\/logo\/image\/"},"sameAs":["https:\/\/www.facebook.com\/PrefecturaEsmeraldas\/"]},{"@type":"Person","@id":"https:\/\/prefecturadeesmeraldas.gob.ec\/#\/schema\/person\/b0c9e7b1ead7725994d1e319e8825234","name":"Direcci\u00f3n de Comunicaci\u00f3n","image":{"@type":"ImageObject","inLanguage":"es","@id":"https:\/\/prefecturadeesmeraldas.gob.ec\/#\/schema\/person\/image\/","url":"https:\/\/secure.gravatar.com\/avatar\/74a3870a946f5d774ade3569af61a72308e07ad3346f370c4b468ee2a9858658?s=96&d=mm&r=g","contentUrl":"https:\/\/secure.gravatar.com\/avatar\/74a3870a946f5d774ade3569af61a72308e07ad3346f370c4b468ee2a9858658?s=96&d=mm&r=g","caption":"Direcci\u00f3n de Comunicaci\u00f3n"}}]}},"_links":{"self":[{"href":"https:\/\/prefecturadeesmeraldas.gob.ec\/index.php\/wp-json\/wp\/v2\/posts\/10984","targetHints":{"allow":["GET"]}}],"collection":[{"href":"https:\/\/prefecturadeesmeraldas.gob.ec\/index.php\/wp-json\/wp\/v2\/posts"}],"about":[{"href":"https:\/\/prefecturadeesmeraldas.gob.ec\/index.php\/wp-json\/wp\/v2\/types\/post"}],"author":[{"embeddable":true,"href":"https:\/\/prefecturadeesmeraldas.gob.ec\/index.php\/wp-json\/wp\/v2\/users\/2"}],"replies":[{"embeddable":true,"href":"https:\/\/prefecturadeesmeraldas.gob.ec\/index.php\/wp-json\/wp\/v2\/comments?post=10984"}],"version-history":[{"count":0,"href":"https:\/\/prefecturadeesmeraldas.gob.ec\/index.php\/wp-json\/wp\/v2\/posts\/10984\/revisions"}],"wp:featuredmedia":[{"embeddable":true,"href":"https:\/\/prefecturadeesmeraldas.gob.ec\/index.php\/wp-json\/wp\/v2\/media\/10985"}],"wp:attachment":[{"href":"https:\/\/prefecturadeesmeraldas.gob.ec\/index.php\/wp-json\/wp\/v2\/media?parent=10984"}],"wp:term":[{"taxonomy":"category","embeddable":true,"href":"https:\/\/prefecturadeesmeraldas.gob.ec\/index.php\/wp-json\/wp\/v2\/categories?post=10984"},{"taxonomy":"post_tag","embeddable":true,"href":"https:\/\/prefecturadeesmeraldas.gob.ec\/index.php\/wp-json\/wp\/v2\/tags?post=10984"}],"curies":[{"name":"wp","href":"https:\/\/api.w.org\/{rel}","templated":true}]}}