{"id":10957,"date":"2021-05-27T10:05:22","date_gmt":"2021-05-27T15:05:22","guid":{"rendered":"http:\/\/prefecturadeesmeraldas.gob.ec\/?p=10957"},"modified":"2021-05-27T10:06:00","modified_gmt":"2021-05-27T15:06:00","slug":"bomberos-de-francia-y-prefectura-de-esmeraldas-capacitan-a-la-poblacion-en-uso-y-manejo-de-kits-para-potabilizacion-de-agua","status":"publish","type":"post","link":"https:\/\/prefecturadeesmeraldas.gob.ec\/index.php\/2021\/05\/27\/bomberos-de-francia-y-prefectura-de-esmeraldas-capacitan-a-la-poblacion-en-uso-y-manejo-de-kits-para-potabilizacion-de-agua\/","title":{"rendered":"Bomberos de Francia y Prefectura de Esmeraldas capacitan a la poblaci\u00f3n en uso y manejo de kits para potabilizaci\u00f3n de agua."},"content":{"rendered":"\t\t<div data-elementor-type=\"wp-post\" data-elementor-id=\"10957\" class=\"elementor elementor-10957\">\n\t\t\t\t\t\t<section class=\"elementor-section elementor-top-section elementor-element elementor-element-73ff26e elementor-section-boxed elementor-section-height-default elementor-section-height-default\" data-id=\"73ff26e\" data-element_type=\"section\">\n\t\t\t\t\t\t<div class=\"elementor-container elementor-column-gap-default\">\n\t\t\t\t\t<div class=\"elementor-column elementor-col-100 elementor-top-column elementor-element elementor-element-80f3eaf\" data-id=\"80f3eaf\" data-element_type=\"column\">\n\t\t\t<div class=\"elementor-widget-wrap elementor-element-populated\">\n\t\t\t\t\t\t<div class=\"elementor-element elementor-element-e6902c2 elementor-widget elementor-widget-image\" data-id=\"e6902c2\" data-element_type=\"widget\" data-widget_type=\"image.default\">\n\t\t\t\t<div class=\"elementor-widget-container\">\n\t\t\t\t\t\t\t\t\t\t\t\t\t\t\t<img fetchpriority=\"high\" decoding=\"async\" width=\"586\" height=\"586\" src=\"https:\/\/prefecturadeesmeraldas.gob.ec\/wp-content\/uploads\/2021\/05\/BOLETIN-0516.jpg\" class=\"attachment-large size-large wp-image-10911\" alt=\"\" srcset=\"https:\/\/prefecturadeesmeraldas.gob.ec\/wp-content\/uploads\/2021\/05\/BOLETIN-0516.jpg 586w, https:\/\/prefecturadeesmeraldas.gob.ec\/wp-content\/uploads\/2021\/05\/BOLETIN-0516-240x240.jpg 240w, https:\/\/prefecturadeesmeraldas.gob.ec\/wp-content\/uploads\/2021\/05\/BOLETIN-0516-150x150.jpg 150w, https:\/\/prefecturadeesmeraldas.gob.ec\/wp-content\/uploads\/2021\/05\/BOLETIN-0516-300x300.jpg 300w\" sizes=\"(max-width: 586px) 100vw, 586px\" \/>\t\t\t\t\t\t\t\t\t\t\t\t\t\t\t<\/div>\n\t\t\t\t<\/div>\n\t\t\t\t\t<\/div>\n\t\t<\/div>\n\t\t\t\t\t<\/div>\n\t\t<\/section>\n\t\t\t\t<section class=\"elementor-section elementor-top-section elementor-element elementor-element-e6c21d0 elementor-section-boxed elementor-section-height-default elementor-section-height-default\" data-id=\"e6c21d0\" data-element_type=\"section\">\n\t\t\t\t\t\t<div class=\"elementor-container elementor-column-gap-default\">\n\t\t\t\t\t<div class=\"elementor-column elementor-col-100 elementor-top-column elementor-element elementor-element-2237b19\" data-id=\"2237b19\" data-element_type=\"column\">\n\t\t\t<div class=\"elementor-widget-wrap elementor-element-populated\">\n\t\t\t\t\t\t<div class=\"elementor-element elementor-element-e106f04 elementor-widget elementor-widget-text-editor\" data-id=\"e106f04\" data-element_type=\"widget\" data-widget_type=\"text-editor.default\">\n\t\t\t\t<div class=\"elementor-widget-container\">\n\t\t\t\t\t\t\t\t\t<p>Una capacitaci\u00f3n en \u2018Uso y manejo de kits de potabilizaci\u00f3n de agua en caso de desastre natural y\/o necesidad grave\u2019 fue dictado a un grupo de l\u00edderes sociales y miembros de la Junta Parroquial de Tonchig\u00fce en el cant\u00f3n Atacames, as\u00ed como de S\u00e1lima, Bol\u00edvar y Daule del cant\u00f3n Muisne.<\/p><p>Producto de la gesti\u00f3n emprendida por la Direcci\u00f3n de Cooperaci\u00f3n Internacional de la Prefectura de Esmeraldas, Bomberos de Francia, pertenecientes a la organizaci\u00f3n no gubernamental (ONG) \u2018FIRE\u2019, se dieron cita en el recinto Abd\u00f3n Calder\u00f3n \u2018primer puente\u2019, para compartir los conocimientos de manera te\u00f3rico-pr\u00e1ctica.<\/p><p>Como directora de la Gesti\u00f3n de Cooperaci\u00f3n Internacional, <strong>Lady Cede\u00f1o<\/strong>, encargada de la coordinaci\u00f3n y log\u00edstica del taller, argument\u00f3 que, gracias a un convenio suscrito por la administraci\u00f3n de la prefecta Roberta Zambrano, se hizo posible la presencia de los expertos en Esmeraldas, en aras de brindar un fortalecimiento a los conocimientos de la poblaci\u00f3n susceptible a desastres naturales y otras emergencias como las ocurridas el 16 de abril de 2016.<\/p><p>Por primera vez en la historia, el equipo experto de bomberos de Francia, especializados en la potabilizaci\u00f3n de agua en casos de emergencia, gener\u00f3 expectativa y un gran inter\u00e9s en los participantes del taller, entre quienes se encontraba <strong>Javier Cotera<\/strong>, dirigente del cant\u00f3n Muisne quien manifest\u00f3 estar interesado en replicar cada uno de los conocimientos adquiridos.<\/p><p>Para <strong>Landry Richard<\/strong>, presidente de la Asociaci\u00f3n <strong>FIRE \u2013 Pompiers humanitaries et Experts<\/strong> de Francia, su misi\u00f3n de ayuda humanitaria surgi\u00f3 tras ver la necesidad de dise\u00f1ar y poner en pr\u00e1ctica acciones que generen tranquilidad a la poblaci\u00f3n afectada por una cat\u00e1strofe natural y que presenten la necesidad b\u00e1sica de acceso al agua apta para el consumo humano.<\/p><p><\/p><p><\/p><p><\/p><p><\/p><p>Esta capacitaci\u00f3n fue acompa\u00f1ada de un evento de donaci\u00f3n de varios de estos kits de potabilizaci\u00f3n de agua a la Prefectura de Esmeraldas, kits que ser\u00e1n destinados para dar asistencia en caso de requerirlo.<\/p>\t\t\t\t\t\t\t\t<\/div>\n\t\t\t\t<\/div>\n\t\t\t\t\t<\/div>\n\t\t<\/div>\n\t\t\t\t\t<\/div>\n\t\t<\/section>\n\t\t\t\t<\/div>\n\t\t","protected":false},"excerpt":{"rendered":"<p>Una capacitaci\u00f3n en \u2018Uso y manejo de kits de potabilizaci\u00f3n de agua en caso de desastre natural y\/o necesidad grave\u2019 fue dictado a un grupo de l\u00edderes sociales y miembros de la Junta Parroquial de Tonchig\u00fce en el cant\u00f3n Atacames, as\u00ed como de S\u00e1lima, Bol\u00edvar y Daule del cant\u00f3n Muisne. Producto de la gesti\u00f3n emprendida [&hellip;]<\/p>\n","protected":false},"author":2,"featured_media":10911,"comment_status":"closed","ping_status":"open","sticky":false,"template":"","format":"standard","meta":{"footnotes":""},"categories":[17],"tags":[],"class_list":["post-10957","post","type-post","status-publish","format-standard","has-post-thumbnail","hentry","category-cuencas-riego-y-drenaje"],"yoast_head":"<!-- This site is optimized with the Yoast SEO plugin v25.7 - https:\/\/yoast.com\/wordpress\/plugins\/seo\/ -->\n<title>Bomberos de Francia y Prefectura de Esmeraldas capacitan a la poblaci\u00f3n en uso y manejo de kits para potabilizaci\u00f3n de agua. - Gobierno Aut\u00f3nomo Descentralizado de la Provincia de Esmeraldas<\/title>\n<meta name=\"robots\" content=\"index, follow, max-snippet:-1, max-image-preview:large, max-video-preview:-1\" \/>\n<link rel=\"canonical\" href=\"https:\/\/prefecturadeesmeraldas.gob.ec\/index.php\/2021\/05\/27\/bomberos-de-francia-y-prefectura-de-esmeraldas-capacitan-a-la-poblacion-en-uso-y-manejo-de-kits-para-potabilizacion-de-agua\/\" \/>\n<meta property=\"og:locale\" content=\"es_ES\" \/>\n<meta property=\"og:type\" content=\"article\" \/>\n<meta property=\"og:title\" content=\"Bomberos de Francia y Prefectura de Esmeraldas capacitan a la poblaci\u00f3n en uso y manejo de kits para potabilizaci\u00f3n de agua. - Gobierno Aut\u00f3nomo Descentralizado de la Provincia de Esmeraldas\" \/>\n<meta property=\"og:description\" content=\"Una capacitaci\u00f3n en \u2018Uso y manejo de kits de potabilizaci\u00f3n de agua en caso de desastre natural y\/o necesidad grave\u2019 fue dictado a un grupo de l\u00edderes sociales y miembros de la Junta Parroquial de Tonchig\u00fce en el cant\u00f3n Atacames, as\u00ed como de S\u00e1lima, Bol\u00edvar y Daule del cant\u00f3n Muisne. Producto de la gesti\u00f3n emprendida [&hellip;]\" \/>\n<meta property=\"og:url\" content=\"https:\/\/prefecturadeesmeraldas.gob.ec\/index.php\/2021\/05\/27\/bomberos-de-francia-y-prefectura-de-esmeraldas-capacitan-a-la-poblacion-en-uso-y-manejo-de-kits-para-potabilizacion-de-agua\/\" \/>\n<meta property=\"og:site_name\" content=\"Gobierno Aut\u00f3nomo Descentralizado de la Provincia de Esmeraldas\" \/>\n<meta property=\"article:publisher\" content=\"https:\/\/www.facebook.com\/PrefecturaEsmeraldas\/\" \/>\n<meta property=\"article:published_time\" content=\"2021-05-27T15:05:22+00:00\" \/>\n<meta property=\"article:modified_time\" content=\"2021-05-27T15:06:00+00:00\" \/>\n<meta property=\"og:image\" content=\"https:\/\/prefecturadeesmeraldas.gob.ec\/wp-content\/uploads\/2021\/05\/BOLETIN-0516.jpg\" \/>\n\t<meta property=\"og:image:width\" content=\"586\" \/>\n\t<meta property=\"og:image:height\" content=\"586\" \/>\n\t<meta property=\"og:image:type\" content=\"image\/jpeg\" \/>\n<meta name=\"author\" content=\"Direcci\u00f3n de Comunicaci\u00f3n\" \/>\n<meta name=\"twitter:card\" content=\"summary_large_image\" \/>\n<meta name=\"twitter:label1\" content=\"Escrito por\" \/>\n\t<meta name=\"twitter:data1\" content=\"Direcci\u00f3n de Comunicaci\u00f3n\" \/>\n\t<meta name=\"twitter:label2\" content=\"Tiempo de lectura\" \/>\n\t<meta name=\"twitter:data2\" content=\"2 minutos\" \/>\n<script type=\"application\/ld+json\" class=\"yoast-schema-graph\">{\"@context\":\"https:\/\/schema.org\",\"@graph\":[{\"@type\":\"Article\",\"@id\":\"https:\/\/prefecturadeesmeraldas.gob.ec\/index.php\/2021\/05\/27\/bomberos-de-francia-y-prefectura-de-esmeraldas-capacitan-a-la-poblacion-en-uso-y-manejo-de-kits-para-potabilizacion-de-agua\/#article\",\"isPartOf\":{\"@id\":\"https:\/\/prefecturadeesmeraldas.gob.ec\/index.php\/2021\/05\/27\/bomberos-de-francia-y-prefectura-de-esmeraldas-capacitan-a-la-poblacion-en-uso-y-manejo-de-kits-para-potabilizacion-de-agua\/\"},\"author\":{\"name\":\"Direcci\u00f3n de Comunicaci\u00f3n\",\"@id\":\"https:\/\/prefecturadeesmeraldas.gob.ec\/#\/schema\/person\/b0c9e7b1ead7725994d1e319e8825234\"},\"headline\":\"Bomberos de Francia y Prefectura de Esmeraldas capacitan a la poblaci\u00f3n en uso y manejo de kits para potabilizaci\u00f3n de agua.\",\"datePublished\":\"2021-05-27T15:05:22+00:00\",\"dateModified\":\"2021-05-27T15:06:00+00:00\",\"mainEntityOfPage\":{\"@id\":\"https:\/\/prefecturadeesmeraldas.gob.ec\/index.php\/2021\/05\/27\/bomberos-de-francia-y-prefectura-de-esmeraldas-capacitan-a-la-poblacion-en-uso-y-manejo-de-kits-para-potabilizacion-de-agua\/\"},\"wordCount\":372,\"publisher\":{\"@id\":\"https:\/\/prefecturadeesmeraldas.gob.ec\/#organization\"},\"image\":{\"@id\":\"https:\/\/prefecturadeesmeraldas.gob.ec\/index.php\/2021\/05\/27\/bomberos-de-francia-y-prefectura-de-esmeraldas-capacitan-a-la-poblacion-en-uso-y-manejo-de-kits-para-potabilizacion-de-agua\/#primaryimage\"},\"thumbnailUrl\":\"https:\/\/prefecturadeesmeraldas.gob.ec\/wp-content\/uploads\/2021\/05\/BOLETIN-0516.jpg\",\"articleSection\":[\"Cuencas, Riego y Drenaje\"],\"inLanguage\":\"es\"},{\"@type\":\"WebPage\",\"@id\":\"https:\/\/prefecturadeesmeraldas.gob.ec\/index.php\/2021\/05\/27\/bomberos-de-francia-y-prefectura-de-esmeraldas-capacitan-a-la-poblacion-en-uso-y-manejo-de-kits-para-potabilizacion-de-agua\/\",\"url\":\"https:\/\/prefecturadeesmeraldas.gob.ec\/index.php\/2021\/05\/27\/bomberos-de-francia-y-prefectura-de-esmeraldas-capacitan-a-la-poblacion-en-uso-y-manejo-de-kits-para-potabilizacion-de-agua\/\",\"name\":\"Bomberos de Francia y Prefectura de Esmeraldas capacitan a la poblaci\u00f3n en uso y manejo de kits para potabilizaci\u00f3n de agua. - Gobierno Aut\u00f3nomo Descentralizado de la Provincia de Esmeraldas\",\"isPartOf\":{\"@id\":\"https:\/\/prefecturadeesmeraldas.gob.ec\/#website\"},\"primaryImageOfPage\":{\"@id\":\"https:\/\/prefecturadeesmeraldas.gob.ec\/index.php\/2021\/05\/27\/bomberos-de-francia-y-prefectura-de-esmeraldas-capacitan-a-la-poblacion-en-uso-y-manejo-de-kits-para-potabilizacion-de-agua\/#primaryimage\"},\"image\":{\"@id\":\"https:\/\/prefecturadeesmeraldas.gob.ec\/index.php\/2021\/05\/27\/bomberos-de-francia-y-prefectura-de-esmeraldas-capacitan-a-la-poblacion-en-uso-y-manejo-de-kits-para-potabilizacion-de-agua\/#primaryimage\"},\"thumbnailUrl\":\"https:\/\/prefecturadeesmeraldas.gob.ec\/wp-content\/uploads\/2021\/05\/BOLETIN-0516.jpg\",\"datePublished\":\"2021-05-27T15:05:22+00:00\",\"dateModified\":\"2021-05-27T15:06:00+00:00\",\"breadcrumb\":{\"@id\":\"https:\/\/prefecturadeesmeraldas.gob.ec\/index.php\/2021\/05\/27\/bomberos-de-francia-y-prefectura-de-esmeraldas-capacitan-a-la-poblacion-en-uso-y-manejo-de-kits-para-potabilizacion-de-agua\/#breadcrumb\"},\"inLanguage\":\"es\",\"potentialAction\":[{\"@type\":\"ReadAction\",\"target\":[\"https:\/\/prefecturadeesmeraldas.gob.ec\/index.php\/2021\/05\/27\/bomberos-de-francia-y-prefectura-de-esmeraldas-capacitan-a-la-poblacion-en-uso-y-manejo-de-kits-para-potabilizacion-de-agua\/\"]}]},{\"@type\":\"ImageObject\",\"inLanguage\":\"es\",\"@id\":\"https:\/\/prefecturadeesmeraldas.gob.ec\/index.php\/2021\/05\/27\/bomberos-de-francia-y-prefectura-de-esmeraldas-capacitan-a-la-poblacion-en-uso-y-manejo-de-kits-para-potabilizacion-de-agua\/#primaryimage\",\"url\":\"https:\/\/prefecturadeesmeraldas.gob.ec\/wp-content\/uploads\/2021\/05\/BOLETIN-0516.jpg\",\"contentUrl\":\"https:\/\/prefecturadeesmeraldas.gob.ec\/wp-content\/uploads\/2021\/05\/BOLETIN-0516.jpg\",\"width\":586,\"height\":586},{\"@type\":\"BreadcrumbList\",\"@id\":\"https:\/\/prefecturadeesmeraldas.gob.ec\/index.php\/2021\/05\/27\/bomberos-de-francia-y-prefectura-de-esmeraldas-capacitan-a-la-poblacion-en-uso-y-manejo-de-kits-para-potabilizacion-de-agua\/#breadcrumb\",\"itemListElement\":[{\"@type\":\"ListItem\",\"position\":1,\"name\":\"Home\",\"item\":\"https:\/\/prefecturadeesmeraldas.gob.ec\/\"},{\"@type\":\"ListItem\",\"position\":2,\"name\":\"Bomberos de Francia y Prefectura de Esmeraldas capacitan a la poblaci\u00f3n en uso y manejo de kits para potabilizaci\u00f3n de agua.\"}]},{\"@type\":\"WebSite\",\"@id\":\"https:\/\/prefecturadeesmeraldas.gob.ec\/#website\",\"url\":\"https:\/\/prefecturadeesmeraldas.gob.ec\/\",\"name\":\"Gobierno Aut\u00f3nomo Descentralizado de la Provincia de Esmeraldas\",\"description\":\"Gobierno Aut\u00f3nomo Descentralizado de la Provincia de Esmeraldas\",\"publisher\":{\"@id\":\"https:\/\/prefecturadeesmeraldas.gob.ec\/#organization\"},\"potentialAction\":[{\"@type\":\"SearchAction\",\"target\":{\"@type\":\"EntryPoint\",\"urlTemplate\":\"https:\/\/prefecturadeesmeraldas.gob.ec\/?s={search_term_string}\"},\"query-input\":{\"@type\":\"PropertyValueSpecification\",\"valueRequired\":true,\"valueName\":\"search_term_string\"}}],\"inLanguage\":\"es\"},{\"@type\":\"Organization\",\"@id\":\"https:\/\/prefecturadeesmeraldas.gob.ec\/#organization\",\"name\":\"Gobierno Aut\u00f3nomo Descentralizado de la Provincia de Esmeraldas\",\"url\":\"https:\/\/prefecturadeesmeraldas.gob.ec\/\",\"logo\":{\"@type\":\"ImageObject\",\"inLanguage\":\"es\",\"@id\":\"https:\/\/prefecturadeesmeraldas.gob.ec\/#\/schema\/logo\/image\/\",\"url\":\"https:\/\/prefecturadeesmeraldas.gob.ec\/wp-content\/uploads\/2019\/06\/logo.png\",\"contentUrl\":\"https:\/\/prefecturadeesmeraldas.gob.ec\/wp-content\/uploads\/2019\/06\/logo.png\",\"width\":859,\"height\":448,\"caption\":\"Gobierno Aut\u00f3nomo Descentralizado de la Provincia de Esmeraldas\"},\"image\":{\"@id\":\"https:\/\/prefecturadeesmeraldas.gob.ec\/#\/schema\/logo\/image\/\"},\"sameAs\":[\"https:\/\/www.facebook.com\/PrefecturaEsmeraldas\/\"]},{\"@type\":\"Person\",\"@id\":\"https:\/\/prefecturadeesmeraldas.gob.ec\/#\/schema\/person\/b0c9e7b1ead7725994d1e319e8825234\",\"name\":\"Direcci\u00f3n de Comunicaci\u00f3n\",\"image\":{\"@type\":\"ImageObject\",\"inLanguage\":\"es\",\"@id\":\"https:\/\/prefecturadeesmeraldas.gob.ec\/#\/schema\/person\/image\/\",\"url\":\"https:\/\/secure.gravatar.com\/avatar\/74a3870a946f5d774ade3569af61a72308e07ad3346f370c4b468ee2a9858658?s=96&d=mm&r=g\",\"contentUrl\":\"https:\/\/secure.gravatar.com\/avatar\/74a3870a946f5d774ade3569af61a72308e07ad3346f370c4b468ee2a9858658?s=96&d=mm&r=g\",\"caption\":\"Direcci\u00f3n de Comunicaci\u00f3n\"}}]}<\/script>\n<!-- \/ Yoast SEO plugin. -->","yoast_head_json":{"title":"Bomberos de Francia y Prefectura de Esmeraldas capacitan a la poblaci\u00f3n en uso y manejo de kits para potabilizaci\u00f3n de agua. - Gobierno Aut\u00f3nomo Descentralizado de la Provincia de Esmeraldas","robots":{"index":"index","follow":"follow","max-snippet":"max-snippet:-1","max-image-preview":"max-image-preview:large","max-video-preview":"max-video-preview:-1"},"canonical":"https:\/\/prefecturadeesmeraldas.gob.ec\/index.php\/2021\/05\/27\/bomberos-de-francia-y-prefectura-de-esmeraldas-capacitan-a-la-poblacion-en-uso-y-manejo-de-kits-para-potabilizacion-de-agua\/","og_locale":"es_ES","og_type":"article","og_title":"Bomberos de Francia y Prefectura de Esmeraldas capacitan a la poblaci\u00f3n en uso y manejo de kits para potabilizaci\u00f3n de agua. - Gobierno Aut\u00f3nomo Descentralizado de la Provincia de Esmeraldas","og_description":"Una capacitaci\u00f3n en \u2018Uso y manejo de kits de potabilizaci\u00f3n de agua en caso de desastre natural y\/o necesidad grave\u2019 fue dictado a un grupo de l\u00edderes sociales y miembros de la Junta Parroquial de Tonchig\u00fce en el cant\u00f3n Atacames, as\u00ed como de S\u00e1lima, Bol\u00edvar y Daule del cant\u00f3n Muisne. Producto de la gesti\u00f3n emprendida [&hellip;]","og_url":"https:\/\/prefecturadeesmeraldas.gob.ec\/index.php\/2021\/05\/27\/bomberos-de-francia-y-prefectura-de-esmeraldas-capacitan-a-la-poblacion-en-uso-y-manejo-de-kits-para-potabilizacion-de-agua\/","og_site_name":"Gobierno Aut\u00f3nomo Descentralizado de la Provincia de Esmeraldas","article_publisher":"https:\/\/www.facebook.com\/PrefecturaEsmeraldas\/","article_published_time":"2021-05-27T15:05:22+00:00","article_modified_time":"2021-05-27T15:06:00+00:00","og_image":[{"width":586,"height":586,"url":"https:\/\/prefecturadeesmeraldas.gob.ec\/wp-content\/uploads\/2021\/05\/BOLETIN-0516.jpg","type":"image\/jpeg"}],"author":"Direcci\u00f3n de Comunicaci\u00f3n","twitter_card":"summary_large_image","twitter_misc":{"Escrito por":"Direcci\u00f3n de Comunicaci\u00f3n","Tiempo de lectura":"2 minutos"},"schema":{"@context":"https:\/\/schema.org","@graph":[{"@type":"Article","@id":"https:\/\/prefecturadeesmeraldas.gob.ec\/index.php\/2021\/05\/27\/bomberos-de-francia-y-prefectura-de-esmeraldas-capacitan-a-la-poblacion-en-uso-y-manejo-de-kits-para-potabilizacion-de-agua\/#article","isPartOf":{"@id":"https:\/\/prefecturadeesmeraldas.gob.ec\/index.php\/2021\/05\/27\/bomberos-de-francia-y-prefectura-de-esmeraldas-capacitan-a-la-poblacion-en-uso-y-manejo-de-kits-para-potabilizacion-de-agua\/"},"author":{"name":"Direcci\u00f3n de Comunicaci\u00f3n","@id":"https:\/\/prefecturadeesmeraldas.gob.ec\/#\/schema\/person\/b0c9e7b1ead7725994d1e319e8825234"},"headline":"Bomberos de Francia y Prefectura de Esmeraldas capacitan a la poblaci\u00f3n en uso y manejo de kits para potabilizaci\u00f3n de agua.","datePublished":"2021-05-27T15:05:22+00:00","dateModified":"2021-05-27T15:06:00+00:00","mainEntityOfPage":{"@id":"https:\/\/prefecturadeesmeraldas.gob.ec\/index.php\/2021\/05\/27\/bomberos-de-francia-y-prefectura-de-esmeraldas-capacitan-a-la-poblacion-en-uso-y-manejo-de-kits-para-potabilizacion-de-agua\/"},"wordCount":372,"publisher":{"@id":"https:\/\/prefecturadeesmeraldas.gob.ec\/#organization"},"image":{"@id":"https:\/\/prefecturadeesmeraldas.gob.ec\/index.php\/2021\/05\/27\/bomberos-de-francia-y-prefectura-de-esmeraldas-capacitan-a-la-poblacion-en-uso-y-manejo-de-kits-para-potabilizacion-de-agua\/#primaryimage"},"thumbnailUrl":"https:\/\/prefecturadeesmeraldas.gob.ec\/wp-content\/uploads\/2021\/05\/BOLETIN-0516.jpg","articleSection":["Cuencas, Riego y Drenaje"],"inLanguage":"es"},{"@type":"WebPage","@id":"https:\/\/prefecturadeesmeraldas.gob.ec\/index.php\/2021\/05\/27\/bomberos-de-francia-y-prefectura-de-esmeraldas-capacitan-a-la-poblacion-en-uso-y-manejo-de-kits-para-potabilizacion-de-agua\/","url":"https:\/\/prefecturadeesmeraldas.gob.ec\/index.php\/2021\/05\/27\/bomberos-de-francia-y-prefectura-de-esmeraldas-capacitan-a-la-poblacion-en-uso-y-manejo-de-kits-para-potabilizacion-de-agua\/","name":"Bomberos de Francia y Prefectura de Esmeraldas capacitan a la poblaci\u00f3n en uso y manejo de kits para potabilizaci\u00f3n de agua. - Gobierno Aut\u00f3nomo Descentralizado de la Provincia de Esmeraldas","isPartOf":{"@id":"https:\/\/prefecturadeesmeraldas.gob.ec\/#website"},"primaryImageOfPage":{"@id":"https:\/\/prefecturadeesmeraldas.gob.ec\/index.php\/2021\/05\/27\/bomberos-de-francia-y-prefectura-de-esmeraldas-capacitan-a-la-poblacion-en-uso-y-manejo-de-kits-para-potabilizacion-de-agua\/#primaryimage"},"image":{"@id":"https:\/\/prefecturadeesmeraldas.gob.ec\/index.php\/2021\/05\/27\/bomberos-de-francia-y-prefectura-de-esmeraldas-capacitan-a-la-poblacion-en-uso-y-manejo-de-kits-para-potabilizacion-de-agua\/#primaryimage"},"thumbnailUrl":"https:\/\/prefecturadeesmeraldas.gob.ec\/wp-content\/uploads\/2021\/05\/BOLETIN-0516.jpg","datePublished":"2021-05-27T15:05:22+00:00","dateModified":"2021-05-27T15:06:00+00:00","breadcrumb":{"@id":"https:\/\/prefecturadeesmeraldas.gob.ec\/index.php\/2021\/05\/27\/bomberos-de-francia-y-prefectura-de-esmeraldas-capacitan-a-la-poblacion-en-uso-y-manejo-de-kits-para-potabilizacion-de-agua\/#breadcrumb"},"inLanguage":"es","potentialAction":[{"@type":"ReadAction","target":["https:\/\/prefecturadeesmeraldas.gob.ec\/index.php\/2021\/05\/27\/bomberos-de-francia-y-prefectura-de-esmeraldas-capacitan-a-la-poblacion-en-uso-y-manejo-de-kits-para-potabilizacion-de-agua\/"]}]},{"@type":"ImageObject","inLanguage":"es","@id":"https:\/\/prefecturadeesmeraldas.gob.ec\/index.php\/2021\/05\/27\/bomberos-de-francia-y-prefectura-de-esmeraldas-capacitan-a-la-poblacion-en-uso-y-manejo-de-kits-para-potabilizacion-de-agua\/#primaryimage","url":"https:\/\/prefecturadeesmeraldas.gob.ec\/wp-content\/uploads\/2021\/05\/BOLETIN-0516.jpg","contentUrl":"https:\/\/prefecturadeesmeraldas.gob.ec\/wp-content\/uploads\/2021\/05\/BOLETIN-0516.jpg","width":586,"height":586},{"@type":"BreadcrumbList","@id":"https:\/\/prefecturadeesmeraldas.gob.ec\/index.php\/2021\/05\/27\/bomberos-de-francia-y-prefectura-de-esmeraldas-capacitan-a-la-poblacion-en-uso-y-manejo-de-kits-para-potabilizacion-de-agua\/#breadcrumb","itemListElement":[{"@type":"ListItem","position":1,"name":"Home","item":"https:\/\/prefecturadeesmeraldas.gob.ec\/"},{"@type":"ListItem","position":2,"name":"Bomberos de Francia y Prefectura de Esmeraldas capacitan a la poblaci\u00f3n en uso y manejo de kits para potabilizaci\u00f3n de agua."}]},{"@type":"WebSite","@id":"https:\/\/prefecturadeesmeraldas.gob.ec\/#website","url":"https:\/\/prefecturadeesmeraldas.gob.ec\/","name":"Gobierno Aut\u00f3nomo Descentralizado de la Provincia de Esmeraldas","description":"Gobierno Aut\u00f3nomo Descentralizado de la Provincia de Esmeraldas","publisher":{"@id":"https:\/\/prefecturadeesmeraldas.gob.ec\/#organization"},"potentialAction":[{"@type":"SearchAction","target":{"@type":"EntryPoint","urlTemplate":"https:\/\/prefecturadeesmeraldas.gob.ec\/?s={search_term_string}"},"query-input":{"@type":"PropertyValueSpecification","valueRequired":true,"valueName":"search_term_string"}}],"inLanguage":"es"},{"@type":"Organization","@id":"https:\/\/prefecturadeesmeraldas.gob.ec\/#organization","name":"Gobierno Aut\u00f3nomo Descentralizado de la Provincia de Esmeraldas","url":"https:\/\/prefecturadeesmeraldas.gob.ec\/","logo":{"@type":"ImageObject","inLanguage":"es","@id":"https:\/\/prefecturadeesmeraldas.gob.ec\/#\/schema\/logo\/image\/","url":"https:\/\/prefecturadeesmeraldas.gob.ec\/wp-content\/uploads\/2019\/06\/logo.png","contentUrl":"https:\/\/prefecturadeesmeraldas.gob.ec\/wp-content\/uploads\/2019\/06\/logo.png","width":859,"height":448,"caption":"Gobierno Aut\u00f3nomo Descentralizado de la Provincia de Esmeraldas"},"image":{"@id":"https:\/\/prefecturadeesmeraldas.gob.ec\/#\/schema\/logo\/image\/"},"sameAs":["https:\/\/www.facebook.com\/PrefecturaEsmeraldas\/"]},{"@type":"Person","@id":"https:\/\/prefecturadeesmeraldas.gob.ec\/#\/schema\/person\/b0c9e7b1ead7725994d1e319e8825234","name":"Direcci\u00f3n de Comunicaci\u00f3n","image":{"@type":"ImageObject","inLanguage":"es","@id":"https:\/\/prefecturadeesmeraldas.gob.ec\/#\/schema\/person\/image\/","url":"https:\/\/secure.gravatar.com\/avatar\/74a3870a946f5d774ade3569af61a72308e07ad3346f370c4b468ee2a9858658?s=96&d=mm&r=g","contentUrl":"https:\/\/secure.gravatar.com\/avatar\/74a3870a946f5d774ade3569af61a72308e07ad3346f370c4b468ee2a9858658?s=96&d=mm&r=g","caption":"Direcci\u00f3n de Comunicaci\u00f3n"}}]}},"_links":{"self":[{"href":"https:\/\/prefecturadeesmeraldas.gob.ec\/index.php\/wp-json\/wp\/v2\/posts\/10957","targetHints":{"allow":["GET"]}}],"collection":[{"href":"https:\/\/prefecturadeesmeraldas.gob.ec\/index.php\/wp-json\/wp\/v2\/posts"}],"about":[{"href":"https:\/\/prefecturadeesmeraldas.gob.ec\/index.php\/wp-json\/wp\/v2\/types\/post"}],"author":[{"embeddable":true,"href":"https:\/\/prefecturadeesmeraldas.gob.ec\/index.php\/wp-json\/wp\/v2\/users\/2"}],"replies":[{"embeddable":true,"href":"https:\/\/prefecturadeesmeraldas.gob.ec\/index.php\/wp-json\/wp\/v2\/comments?post=10957"}],"version-history":[{"count":0,"href":"https:\/\/prefecturadeesmeraldas.gob.ec\/index.php\/wp-json\/wp\/v2\/posts\/10957\/revisions"}],"wp:featuredmedia":[{"embeddable":true,"href":"https:\/\/prefecturadeesmeraldas.gob.ec\/index.php\/wp-json\/wp\/v2\/media\/10911"}],"wp:attachment":[{"href":"https:\/\/prefecturadeesmeraldas.gob.ec\/index.php\/wp-json\/wp\/v2\/media?parent=10957"}],"wp:term":[{"taxonomy":"category","embeddable":true,"href":"https:\/\/prefecturadeesmeraldas.gob.ec\/index.php\/wp-json\/wp\/v2\/categories?post=10957"},{"taxonomy":"post_tag","embeddable":true,"href":"https:\/\/prefecturadeesmeraldas.gob.ec\/index.php\/wp-json\/wp\/v2\/tags?post=10957"}],"curies":[{"name":"wp","href":"https:\/\/api.w.org\/{rel}","templated":true}]}}