{"id":10914,"date":"2021-05-27T09:22:40","date_gmt":"2021-05-27T14:22:40","guid":{"rendered":"http:\/\/prefecturadeesmeraldas.gob.ec\/?p=10914"},"modified":"2021-05-27T09:23:13","modified_gmt":"2021-05-27T14:23:13","slug":"prefectura-de-esmeraldas-intensifica-su-gestion-de-cuencas-riego-y-drenaje-en-funcion-del-uso-eficiente-del-agua","status":"publish","type":"post","link":"https:\/\/prefecturadeesmeraldas.gob.ec\/index.php\/2021\/05\/27\/prefectura-de-esmeraldas-intensifica-su-gestion-de-cuencas-riego-y-drenaje-en-funcion-del-uso-eficiente-del-agua\/","title":{"rendered":"Prefectura de Esmeraldas intensifica su gesti\u00f3n de Cuencas, Riego y Drenaje en funci\u00f3n del uso eficiente del agua."},"content":{"rendered":"\t\t<div data-elementor-type=\"wp-post\" data-elementor-id=\"10914\" class=\"elementor elementor-10914\">\n\t\t\t\t\t\t<section class=\"elementor-section elementor-top-section elementor-element elementor-element-b55663a elementor-section-boxed elementor-section-height-default elementor-section-height-default\" data-id=\"b55663a\" data-element_type=\"section\">\n\t\t\t\t\t\t<div class=\"elementor-container elementor-column-gap-default\">\n\t\t\t\t\t<div class=\"elementor-column elementor-col-100 elementor-top-column elementor-element elementor-element-54f90d2\" data-id=\"54f90d2\" data-element_type=\"column\">\n\t\t\t<div class=\"elementor-widget-wrap elementor-element-populated\">\n\t\t\t\t\t\t<div class=\"elementor-element elementor-element-48ab655 elementor-widget elementor-widget-image\" data-id=\"48ab655\" data-element_type=\"widget\" data-widget_type=\"image.default\">\n\t\t\t\t<div class=\"elementor-widget-container\">\n\t\t\t\t\t\t\t\t\t\t\t\t\t\t\t<img fetchpriority=\"high\" decoding=\"async\" width=\"427\" height=\"427\" src=\"https:\/\/prefecturadeesmeraldas.gob.ec\/wp-content\/uploads\/2021\/05\/Imagen1-1.jpg\" class=\"attachment-large size-large wp-image-10915\" alt=\"\" srcset=\"https:\/\/prefecturadeesmeraldas.gob.ec\/wp-content\/uploads\/2021\/05\/Imagen1-1.jpg 427w, https:\/\/prefecturadeesmeraldas.gob.ec\/wp-content\/uploads\/2021\/05\/Imagen1-1-240x240.jpg 240w, https:\/\/prefecturadeesmeraldas.gob.ec\/wp-content\/uploads\/2021\/05\/Imagen1-1-150x150.jpg 150w, https:\/\/prefecturadeesmeraldas.gob.ec\/wp-content\/uploads\/2021\/05\/Imagen1-1-300x300.jpg 300w\" sizes=\"(max-width: 427px) 100vw, 427px\" \/>\t\t\t\t\t\t\t\t\t\t\t\t\t\t\t<\/div>\n\t\t\t\t<\/div>\n\t\t\t\t\t<\/div>\n\t\t<\/div>\n\t\t\t\t\t<\/div>\n\t\t<\/section>\n\t\t\t\t<section class=\"elementor-section elementor-top-section elementor-element elementor-element-b9ce776 elementor-section-boxed elementor-section-height-default elementor-section-height-default\" data-id=\"b9ce776\" data-element_type=\"section\">\n\t\t\t\t\t\t<div class=\"elementor-container elementor-column-gap-default\">\n\t\t\t\t\t<div class=\"elementor-column elementor-col-100 elementor-top-column elementor-element elementor-element-43ba327\" data-id=\"43ba327\" data-element_type=\"column\">\n\t\t\t<div class=\"elementor-widget-wrap elementor-element-populated\">\n\t\t\t\t\t\t<div class=\"elementor-element elementor-element-ee90fc6 elementor-widget elementor-widget-text-editor\" data-id=\"ee90fc6\" data-element_type=\"widget\" data-widget_type=\"text-editor.default\">\n\t\t\t\t<div class=\"elementor-widget-container\">\n\t\t\t\t\t\t\t\t\t<p>Miembros de la Direcci\u00f3n de Cuencas, Riego y Drenaje de la Prefectura de Esmeraldas, socializaron en medios de comunicaci\u00f3n, el avance de los proyectos para el uso eficiente y responsable de los recursos naturales, en favor del sector agropecuario; a su vez, hicieron referencia a las acciones de conservaci\u00f3n de las cuencas hidrogr\u00e1ficas de la provincia, proyecto en el que la meta de siembra de m\u00e1s de 110 mil plantas de protecci\u00f3n fue superada.<\/p><p><strong>Juan Carlos C\u00f3rdova<\/strong>, director de la Gesti\u00f3n de Cuencas, Riego y Drenaje, de la Prefectura de Esmeraldas, inici\u00f3 la entrevista expresando que, ante la presencia de permanente de lluvias, la gesti\u00f3n centra su actividad en la recolecci\u00f3n de semillas, para continuar con el proceso de reforestaci\u00f3n durante todo el a\u00f1o.<\/p><p>La construcci\u00f3n de pozos de agua, albarradas para el uso dosificado del agua y sistemas de riego, fueron otras de las acciones puestas en conocimiento de la comunidad.<\/p><p>Tambi\u00e9n anunci\u00f3 el inicio del proyecto Tabuche, que al igual que otros proyectos concernientes a mejorar los sistemas de riego, promueven una facilidad para el cultivo permanente de diversos productos agr\u00edcolas que forman parte de la canasta b\u00e1sica familiar.<\/p><p>Por su parte, <strong>Cesar Bustos<\/strong>, t\u00e9cnico responsable de la construcci\u00f3n de varios pozos de agua, manifest\u00f3 que se trabaja en la construcci\u00f3n de cinco nuevas facilidades, en tres cantones de la provincia.\u00a0<\/p><p>Finalmente, respecto al proceso de reforestaci\u00f3n promovido por la administraci\u00f3n de Roberta Zambrano entre los agricultores, para que efect\u00faen estas tareas paralelamente a la siembra de sus cultivos, se especific\u00f3 que, tan solo para el cant\u00f3n Muisne, se tiene previsto la tarea de sembrar treinta mil \u00e1rboles que generen microclimas de sostenibilidad y permanencia del agua dulce como fuente de vida.<\/p>\t\t\t\t\t\t\t\t<\/div>\n\t\t\t\t<\/div>\n\t\t\t\t\t<\/div>\n\t\t<\/div>\n\t\t\t\t\t<\/div>\n\t\t<\/section>\n\t\t\t\t<\/div>\n\t\t","protected":false},"excerpt":{"rendered":"<p>Miembros de la Direcci\u00f3n de Cuencas, Riego y Drenaje de la Prefectura de Esmeraldas, socializaron en medios de comunicaci\u00f3n, el avance de los proyectos para el uso eficiente y responsable de los recursos naturales, en favor del sector agropecuario; a su vez, hicieron referencia a las acciones de conservaci\u00f3n de las cuencas hidrogr\u00e1ficas de la [&hellip;]<\/p>\n","protected":false},"author":2,"featured_media":10915,"comment_status":"closed","ping_status":"open","sticky":false,"template":"","format":"standard","meta":{"footnotes":""},"categories":[17],"tags":[],"class_list":["post-10914","post","type-post","status-publish","format-standard","has-post-thumbnail","hentry","category-cuencas-riego-y-drenaje"],"yoast_head":"<!-- This site is optimized with the Yoast SEO plugin v25.7 - https:\/\/yoast.com\/wordpress\/plugins\/seo\/ -->\n<title>Prefectura de Esmeraldas intensifica su gesti\u00f3n de Cuencas, Riego y Drenaje en funci\u00f3n del uso eficiente del agua. - Gobierno Aut\u00f3nomo Descentralizado de la Provincia de Esmeraldas<\/title>\n<meta name=\"robots\" content=\"index, follow, max-snippet:-1, max-image-preview:large, max-video-preview:-1\" \/>\n<link rel=\"canonical\" href=\"https:\/\/prefecturadeesmeraldas.gob.ec\/index.php\/2021\/05\/27\/prefectura-de-esmeraldas-intensifica-su-gestion-de-cuencas-riego-y-drenaje-en-funcion-del-uso-eficiente-del-agua\/\" \/>\n<meta property=\"og:locale\" content=\"es_ES\" \/>\n<meta property=\"og:type\" content=\"article\" \/>\n<meta property=\"og:title\" content=\"Prefectura de Esmeraldas intensifica su gesti\u00f3n de Cuencas, Riego y Drenaje en funci\u00f3n del uso eficiente del agua. - Gobierno Aut\u00f3nomo Descentralizado de la Provincia de Esmeraldas\" \/>\n<meta property=\"og:description\" content=\"Miembros de la Direcci\u00f3n de Cuencas, Riego y Drenaje de la Prefectura de Esmeraldas, socializaron en medios de comunicaci\u00f3n, el avance de los proyectos para el uso eficiente y responsable de los recursos naturales, en favor del sector agropecuario; a su vez, hicieron referencia a las acciones de conservaci\u00f3n de las cuencas hidrogr\u00e1ficas de la [&hellip;]\" \/>\n<meta property=\"og:url\" content=\"https:\/\/prefecturadeesmeraldas.gob.ec\/index.php\/2021\/05\/27\/prefectura-de-esmeraldas-intensifica-su-gestion-de-cuencas-riego-y-drenaje-en-funcion-del-uso-eficiente-del-agua\/\" \/>\n<meta property=\"og:site_name\" content=\"Gobierno Aut\u00f3nomo Descentralizado de la Provincia de Esmeraldas\" \/>\n<meta property=\"article:publisher\" content=\"https:\/\/www.facebook.com\/PrefecturaEsmeraldas\/\" \/>\n<meta property=\"article:published_time\" content=\"2021-05-27T14:22:40+00:00\" \/>\n<meta property=\"article:modified_time\" content=\"2021-05-27T14:23:13+00:00\" \/>\n<meta property=\"og:image\" content=\"https:\/\/prefecturadeesmeraldas.gob.ec\/wp-content\/uploads\/2021\/05\/Imagen1-1.jpg\" \/>\n\t<meta property=\"og:image:width\" content=\"427\" \/>\n\t<meta property=\"og:image:height\" content=\"427\" \/>\n\t<meta property=\"og:image:type\" content=\"image\/jpeg\" \/>\n<meta name=\"author\" content=\"Direcci\u00f3n de Comunicaci\u00f3n\" \/>\n<meta name=\"twitter:card\" content=\"summary_large_image\" \/>\n<meta name=\"twitter:label1\" content=\"Escrito por\" \/>\n\t<meta name=\"twitter:data1\" content=\"Direcci\u00f3n de Comunicaci\u00f3n\" \/>\n\t<meta name=\"twitter:label2\" content=\"Tiempo de lectura\" \/>\n\t<meta name=\"twitter:data2\" content=\"2 minutos\" \/>\n<script type=\"application\/ld+json\" class=\"yoast-schema-graph\">{\"@context\":\"https:\/\/schema.org\",\"@graph\":[{\"@type\":\"Article\",\"@id\":\"https:\/\/prefecturadeesmeraldas.gob.ec\/index.php\/2021\/05\/27\/prefectura-de-esmeraldas-intensifica-su-gestion-de-cuencas-riego-y-drenaje-en-funcion-del-uso-eficiente-del-agua\/#article\",\"isPartOf\":{\"@id\":\"https:\/\/prefecturadeesmeraldas.gob.ec\/index.php\/2021\/05\/27\/prefectura-de-esmeraldas-intensifica-su-gestion-de-cuencas-riego-y-drenaje-en-funcion-del-uso-eficiente-del-agua\/\"},\"author\":{\"name\":\"Direcci\u00f3n de Comunicaci\u00f3n\",\"@id\":\"https:\/\/prefecturadeesmeraldas.gob.ec\/#\/schema\/person\/b0c9e7b1ead7725994d1e319e8825234\"},\"headline\":\"Prefectura de Esmeraldas intensifica su gesti\u00f3n de Cuencas, Riego y Drenaje en funci\u00f3n del uso eficiente del agua.\",\"datePublished\":\"2021-05-27T14:22:40+00:00\",\"dateModified\":\"2021-05-27T14:23:13+00:00\",\"mainEntityOfPage\":{\"@id\":\"https:\/\/prefecturadeesmeraldas.gob.ec\/index.php\/2021\/05\/27\/prefectura-de-esmeraldas-intensifica-su-gestion-de-cuencas-riego-y-drenaje-en-funcion-del-uso-eficiente-del-agua\/\"},\"wordCount\":326,\"publisher\":{\"@id\":\"https:\/\/prefecturadeesmeraldas.gob.ec\/#organization\"},\"image\":{\"@id\":\"https:\/\/prefecturadeesmeraldas.gob.ec\/index.php\/2021\/05\/27\/prefectura-de-esmeraldas-intensifica-su-gestion-de-cuencas-riego-y-drenaje-en-funcion-del-uso-eficiente-del-agua\/#primaryimage\"},\"thumbnailUrl\":\"https:\/\/prefecturadeesmeraldas.gob.ec\/wp-content\/uploads\/2021\/05\/Imagen1-1.jpg\",\"articleSection\":[\"Cuencas, Riego y Drenaje\"],\"inLanguage\":\"es\"},{\"@type\":\"WebPage\",\"@id\":\"https:\/\/prefecturadeesmeraldas.gob.ec\/index.php\/2021\/05\/27\/prefectura-de-esmeraldas-intensifica-su-gestion-de-cuencas-riego-y-drenaje-en-funcion-del-uso-eficiente-del-agua\/\",\"url\":\"https:\/\/prefecturadeesmeraldas.gob.ec\/index.php\/2021\/05\/27\/prefectura-de-esmeraldas-intensifica-su-gestion-de-cuencas-riego-y-drenaje-en-funcion-del-uso-eficiente-del-agua\/\",\"name\":\"Prefectura de Esmeraldas intensifica su gesti\u00f3n de Cuencas, Riego y Drenaje en funci\u00f3n del uso eficiente del agua. - Gobierno Aut\u00f3nomo Descentralizado de la Provincia de Esmeraldas\",\"isPartOf\":{\"@id\":\"https:\/\/prefecturadeesmeraldas.gob.ec\/#website\"},\"primaryImageOfPage\":{\"@id\":\"https:\/\/prefecturadeesmeraldas.gob.ec\/index.php\/2021\/05\/27\/prefectura-de-esmeraldas-intensifica-su-gestion-de-cuencas-riego-y-drenaje-en-funcion-del-uso-eficiente-del-agua\/#primaryimage\"},\"image\":{\"@id\":\"https:\/\/prefecturadeesmeraldas.gob.ec\/index.php\/2021\/05\/27\/prefectura-de-esmeraldas-intensifica-su-gestion-de-cuencas-riego-y-drenaje-en-funcion-del-uso-eficiente-del-agua\/#primaryimage\"},\"thumbnailUrl\":\"https:\/\/prefecturadeesmeraldas.gob.ec\/wp-content\/uploads\/2021\/05\/Imagen1-1.jpg\",\"datePublished\":\"2021-05-27T14:22:40+00:00\",\"dateModified\":\"2021-05-27T14:23:13+00:00\",\"breadcrumb\":{\"@id\":\"https:\/\/prefecturadeesmeraldas.gob.ec\/index.php\/2021\/05\/27\/prefectura-de-esmeraldas-intensifica-su-gestion-de-cuencas-riego-y-drenaje-en-funcion-del-uso-eficiente-del-agua\/#breadcrumb\"},\"inLanguage\":\"es\",\"potentialAction\":[{\"@type\":\"ReadAction\",\"target\":[\"https:\/\/prefecturadeesmeraldas.gob.ec\/index.php\/2021\/05\/27\/prefectura-de-esmeraldas-intensifica-su-gestion-de-cuencas-riego-y-drenaje-en-funcion-del-uso-eficiente-del-agua\/\"]}]},{\"@type\":\"ImageObject\",\"inLanguage\":\"es\",\"@id\":\"https:\/\/prefecturadeesmeraldas.gob.ec\/index.php\/2021\/05\/27\/prefectura-de-esmeraldas-intensifica-su-gestion-de-cuencas-riego-y-drenaje-en-funcion-del-uso-eficiente-del-agua\/#primaryimage\",\"url\":\"https:\/\/prefecturadeesmeraldas.gob.ec\/wp-content\/uploads\/2021\/05\/Imagen1-1.jpg\",\"contentUrl\":\"https:\/\/prefecturadeesmeraldas.gob.ec\/wp-content\/uploads\/2021\/05\/Imagen1-1.jpg\",\"width\":427,\"height\":427},{\"@type\":\"BreadcrumbList\",\"@id\":\"https:\/\/prefecturadeesmeraldas.gob.ec\/index.php\/2021\/05\/27\/prefectura-de-esmeraldas-intensifica-su-gestion-de-cuencas-riego-y-drenaje-en-funcion-del-uso-eficiente-del-agua\/#breadcrumb\",\"itemListElement\":[{\"@type\":\"ListItem\",\"position\":1,\"name\":\"Home\",\"item\":\"https:\/\/prefecturadeesmeraldas.gob.ec\/\"},{\"@type\":\"ListItem\",\"position\":2,\"name\":\"Prefectura de Esmeraldas intensifica su gesti\u00f3n de Cuencas, Riego y Drenaje en funci\u00f3n del uso eficiente del agua.\"}]},{\"@type\":\"WebSite\",\"@id\":\"https:\/\/prefecturadeesmeraldas.gob.ec\/#website\",\"url\":\"https:\/\/prefecturadeesmeraldas.gob.ec\/\",\"name\":\"Gobierno Aut\u00f3nomo Descentralizado de la Provincia de Esmeraldas\",\"description\":\"Gobierno Aut\u00f3nomo Descentralizado de la Provincia de Esmeraldas\",\"publisher\":{\"@id\":\"https:\/\/prefecturadeesmeraldas.gob.ec\/#organization\"},\"potentialAction\":[{\"@type\":\"SearchAction\",\"target\":{\"@type\":\"EntryPoint\",\"urlTemplate\":\"https:\/\/prefecturadeesmeraldas.gob.ec\/?s={search_term_string}\"},\"query-input\":{\"@type\":\"PropertyValueSpecification\",\"valueRequired\":true,\"valueName\":\"search_term_string\"}}],\"inLanguage\":\"es\"},{\"@type\":\"Organization\",\"@id\":\"https:\/\/prefecturadeesmeraldas.gob.ec\/#organization\",\"name\":\"Gobierno Aut\u00f3nomo Descentralizado de la Provincia de Esmeraldas\",\"url\":\"https:\/\/prefecturadeesmeraldas.gob.ec\/\",\"logo\":{\"@type\":\"ImageObject\",\"inLanguage\":\"es\",\"@id\":\"https:\/\/prefecturadeesmeraldas.gob.ec\/#\/schema\/logo\/image\/\",\"url\":\"https:\/\/prefecturadeesmeraldas.gob.ec\/wp-content\/uploads\/2019\/06\/logo.png\",\"contentUrl\":\"https:\/\/prefecturadeesmeraldas.gob.ec\/wp-content\/uploads\/2019\/06\/logo.png\",\"width\":859,\"height\":448,\"caption\":\"Gobierno Aut\u00f3nomo Descentralizado de la Provincia de Esmeraldas\"},\"image\":{\"@id\":\"https:\/\/prefecturadeesmeraldas.gob.ec\/#\/schema\/logo\/image\/\"},\"sameAs\":[\"https:\/\/www.facebook.com\/PrefecturaEsmeraldas\/\"]},{\"@type\":\"Person\",\"@id\":\"https:\/\/prefecturadeesmeraldas.gob.ec\/#\/schema\/person\/b0c9e7b1ead7725994d1e319e8825234\",\"name\":\"Direcci\u00f3n de Comunicaci\u00f3n\",\"image\":{\"@type\":\"ImageObject\",\"inLanguage\":\"es\",\"@id\":\"https:\/\/prefecturadeesmeraldas.gob.ec\/#\/schema\/person\/image\/\",\"url\":\"https:\/\/secure.gravatar.com\/avatar\/74a3870a946f5d774ade3569af61a72308e07ad3346f370c4b468ee2a9858658?s=96&d=mm&r=g\",\"contentUrl\":\"https:\/\/secure.gravatar.com\/avatar\/74a3870a946f5d774ade3569af61a72308e07ad3346f370c4b468ee2a9858658?s=96&d=mm&r=g\",\"caption\":\"Direcci\u00f3n de Comunicaci\u00f3n\"}}]}<\/script>\n<!-- \/ Yoast SEO plugin. -->","yoast_head_json":{"title":"Prefectura de Esmeraldas intensifica su gesti\u00f3n de Cuencas, Riego y Drenaje en funci\u00f3n del uso eficiente del agua. - Gobierno Aut\u00f3nomo Descentralizado de la Provincia de Esmeraldas","robots":{"index":"index","follow":"follow","max-snippet":"max-snippet:-1","max-image-preview":"max-image-preview:large","max-video-preview":"max-video-preview:-1"},"canonical":"https:\/\/prefecturadeesmeraldas.gob.ec\/index.php\/2021\/05\/27\/prefectura-de-esmeraldas-intensifica-su-gestion-de-cuencas-riego-y-drenaje-en-funcion-del-uso-eficiente-del-agua\/","og_locale":"es_ES","og_type":"article","og_title":"Prefectura de Esmeraldas intensifica su gesti\u00f3n de Cuencas, Riego y Drenaje en funci\u00f3n del uso eficiente del agua. - Gobierno Aut\u00f3nomo Descentralizado de la Provincia de Esmeraldas","og_description":"Miembros de la Direcci\u00f3n de Cuencas, Riego y Drenaje de la Prefectura de Esmeraldas, socializaron en medios de comunicaci\u00f3n, el avance de los proyectos para el uso eficiente y responsable de los recursos naturales, en favor del sector agropecuario; a su vez, hicieron referencia a las acciones de conservaci\u00f3n de las cuencas hidrogr\u00e1ficas de la [&hellip;]","og_url":"https:\/\/prefecturadeesmeraldas.gob.ec\/index.php\/2021\/05\/27\/prefectura-de-esmeraldas-intensifica-su-gestion-de-cuencas-riego-y-drenaje-en-funcion-del-uso-eficiente-del-agua\/","og_site_name":"Gobierno Aut\u00f3nomo Descentralizado de la Provincia de Esmeraldas","article_publisher":"https:\/\/www.facebook.com\/PrefecturaEsmeraldas\/","article_published_time":"2021-05-27T14:22:40+00:00","article_modified_time":"2021-05-27T14:23:13+00:00","og_image":[{"width":427,"height":427,"url":"https:\/\/prefecturadeesmeraldas.gob.ec\/wp-content\/uploads\/2021\/05\/Imagen1-1.jpg","type":"image\/jpeg"}],"author":"Direcci\u00f3n de Comunicaci\u00f3n","twitter_card":"summary_large_image","twitter_misc":{"Escrito por":"Direcci\u00f3n de Comunicaci\u00f3n","Tiempo de lectura":"2 minutos"},"schema":{"@context":"https:\/\/schema.org","@graph":[{"@type":"Article","@id":"https:\/\/prefecturadeesmeraldas.gob.ec\/index.php\/2021\/05\/27\/prefectura-de-esmeraldas-intensifica-su-gestion-de-cuencas-riego-y-drenaje-en-funcion-del-uso-eficiente-del-agua\/#article","isPartOf":{"@id":"https:\/\/prefecturadeesmeraldas.gob.ec\/index.php\/2021\/05\/27\/prefectura-de-esmeraldas-intensifica-su-gestion-de-cuencas-riego-y-drenaje-en-funcion-del-uso-eficiente-del-agua\/"},"author":{"name":"Direcci\u00f3n de Comunicaci\u00f3n","@id":"https:\/\/prefecturadeesmeraldas.gob.ec\/#\/schema\/person\/b0c9e7b1ead7725994d1e319e8825234"},"headline":"Prefectura de Esmeraldas intensifica su gesti\u00f3n de Cuencas, Riego y Drenaje en funci\u00f3n del uso eficiente del agua.","datePublished":"2021-05-27T14:22:40+00:00","dateModified":"2021-05-27T14:23:13+00:00","mainEntityOfPage":{"@id":"https:\/\/prefecturadeesmeraldas.gob.ec\/index.php\/2021\/05\/27\/prefectura-de-esmeraldas-intensifica-su-gestion-de-cuencas-riego-y-drenaje-en-funcion-del-uso-eficiente-del-agua\/"},"wordCount":326,"publisher":{"@id":"https:\/\/prefecturadeesmeraldas.gob.ec\/#organization"},"image":{"@id":"https:\/\/prefecturadeesmeraldas.gob.ec\/index.php\/2021\/05\/27\/prefectura-de-esmeraldas-intensifica-su-gestion-de-cuencas-riego-y-drenaje-en-funcion-del-uso-eficiente-del-agua\/#primaryimage"},"thumbnailUrl":"https:\/\/prefecturadeesmeraldas.gob.ec\/wp-content\/uploads\/2021\/05\/Imagen1-1.jpg","articleSection":["Cuencas, Riego y Drenaje"],"inLanguage":"es"},{"@type":"WebPage","@id":"https:\/\/prefecturadeesmeraldas.gob.ec\/index.php\/2021\/05\/27\/prefectura-de-esmeraldas-intensifica-su-gestion-de-cuencas-riego-y-drenaje-en-funcion-del-uso-eficiente-del-agua\/","url":"https:\/\/prefecturadeesmeraldas.gob.ec\/index.php\/2021\/05\/27\/prefectura-de-esmeraldas-intensifica-su-gestion-de-cuencas-riego-y-drenaje-en-funcion-del-uso-eficiente-del-agua\/","name":"Prefectura de Esmeraldas intensifica su gesti\u00f3n de Cuencas, Riego y Drenaje en funci\u00f3n del uso eficiente del agua. - Gobierno Aut\u00f3nomo Descentralizado de la Provincia de Esmeraldas","isPartOf":{"@id":"https:\/\/prefecturadeesmeraldas.gob.ec\/#website"},"primaryImageOfPage":{"@id":"https:\/\/prefecturadeesmeraldas.gob.ec\/index.php\/2021\/05\/27\/prefectura-de-esmeraldas-intensifica-su-gestion-de-cuencas-riego-y-drenaje-en-funcion-del-uso-eficiente-del-agua\/#primaryimage"},"image":{"@id":"https:\/\/prefecturadeesmeraldas.gob.ec\/index.php\/2021\/05\/27\/prefectura-de-esmeraldas-intensifica-su-gestion-de-cuencas-riego-y-drenaje-en-funcion-del-uso-eficiente-del-agua\/#primaryimage"},"thumbnailUrl":"https:\/\/prefecturadeesmeraldas.gob.ec\/wp-content\/uploads\/2021\/05\/Imagen1-1.jpg","datePublished":"2021-05-27T14:22:40+00:00","dateModified":"2021-05-27T14:23:13+00:00","breadcrumb":{"@id":"https:\/\/prefecturadeesmeraldas.gob.ec\/index.php\/2021\/05\/27\/prefectura-de-esmeraldas-intensifica-su-gestion-de-cuencas-riego-y-drenaje-en-funcion-del-uso-eficiente-del-agua\/#breadcrumb"},"inLanguage":"es","potentialAction":[{"@type":"ReadAction","target":["https:\/\/prefecturadeesmeraldas.gob.ec\/index.php\/2021\/05\/27\/prefectura-de-esmeraldas-intensifica-su-gestion-de-cuencas-riego-y-drenaje-en-funcion-del-uso-eficiente-del-agua\/"]}]},{"@type":"ImageObject","inLanguage":"es","@id":"https:\/\/prefecturadeesmeraldas.gob.ec\/index.php\/2021\/05\/27\/prefectura-de-esmeraldas-intensifica-su-gestion-de-cuencas-riego-y-drenaje-en-funcion-del-uso-eficiente-del-agua\/#primaryimage","url":"https:\/\/prefecturadeesmeraldas.gob.ec\/wp-content\/uploads\/2021\/05\/Imagen1-1.jpg","contentUrl":"https:\/\/prefecturadeesmeraldas.gob.ec\/wp-content\/uploads\/2021\/05\/Imagen1-1.jpg","width":427,"height":427},{"@type":"BreadcrumbList","@id":"https:\/\/prefecturadeesmeraldas.gob.ec\/index.php\/2021\/05\/27\/prefectura-de-esmeraldas-intensifica-su-gestion-de-cuencas-riego-y-drenaje-en-funcion-del-uso-eficiente-del-agua\/#breadcrumb","itemListElement":[{"@type":"ListItem","position":1,"name":"Home","item":"https:\/\/prefecturadeesmeraldas.gob.ec\/"},{"@type":"ListItem","position":2,"name":"Prefectura de Esmeraldas intensifica su gesti\u00f3n de Cuencas, Riego y Drenaje en funci\u00f3n del uso eficiente del agua."}]},{"@type":"WebSite","@id":"https:\/\/prefecturadeesmeraldas.gob.ec\/#website","url":"https:\/\/prefecturadeesmeraldas.gob.ec\/","name":"Gobierno Aut\u00f3nomo Descentralizado de la Provincia de Esmeraldas","description":"Gobierno Aut\u00f3nomo Descentralizado de la Provincia de Esmeraldas","publisher":{"@id":"https:\/\/prefecturadeesmeraldas.gob.ec\/#organization"},"potentialAction":[{"@type":"SearchAction","target":{"@type":"EntryPoint","urlTemplate":"https:\/\/prefecturadeesmeraldas.gob.ec\/?s={search_term_string}"},"query-input":{"@type":"PropertyValueSpecification","valueRequired":true,"valueName":"search_term_string"}}],"inLanguage":"es"},{"@type":"Organization","@id":"https:\/\/prefecturadeesmeraldas.gob.ec\/#organization","name":"Gobierno Aut\u00f3nomo Descentralizado de la Provincia de Esmeraldas","url":"https:\/\/prefecturadeesmeraldas.gob.ec\/","logo":{"@type":"ImageObject","inLanguage":"es","@id":"https:\/\/prefecturadeesmeraldas.gob.ec\/#\/schema\/logo\/image\/","url":"https:\/\/prefecturadeesmeraldas.gob.ec\/wp-content\/uploads\/2019\/06\/logo.png","contentUrl":"https:\/\/prefecturadeesmeraldas.gob.ec\/wp-content\/uploads\/2019\/06\/logo.png","width":859,"height":448,"caption":"Gobierno Aut\u00f3nomo Descentralizado de la Provincia de Esmeraldas"},"image":{"@id":"https:\/\/prefecturadeesmeraldas.gob.ec\/#\/schema\/logo\/image\/"},"sameAs":["https:\/\/www.facebook.com\/PrefecturaEsmeraldas\/"]},{"@type":"Person","@id":"https:\/\/prefecturadeesmeraldas.gob.ec\/#\/schema\/person\/b0c9e7b1ead7725994d1e319e8825234","name":"Direcci\u00f3n de Comunicaci\u00f3n","image":{"@type":"ImageObject","inLanguage":"es","@id":"https:\/\/prefecturadeesmeraldas.gob.ec\/#\/schema\/person\/image\/","url":"https:\/\/secure.gravatar.com\/avatar\/74a3870a946f5d774ade3569af61a72308e07ad3346f370c4b468ee2a9858658?s=96&d=mm&r=g","contentUrl":"https:\/\/secure.gravatar.com\/avatar\/74a3870a946f5d774ade3569af61a72308e07ad3346f370c4b468ee2a9858658?s=96&d=mm&r=g","caption":"Direcci\u00f3n de Comunicaci\u00f3n"}}]}},"_links":{"self":[{"href":"https:\/\/prefecturadeesmeraldas.gob.ec\/index.php\/wp-json\/wp\/v2\/posts\/10914","targetHints":{"allow":["GET"]}}],"collection":[{"href":"https:\/\/prefecturadeesmeraldas.gob.ec\/index.php\/wp-json\/wp\/v2\/posts"}],"about":[{"href":"https:\/\/prefecturadeesmeraldas.gob.ec\/index.php\/wp-json\/wp\/v2\/types\/post"}],"author":[{"embeddable":true,"href":"https:\/\/prefecturadeesmeraldas.gob.ec\/index.php\/wp-json\/wp\/v2\/users\/2"}],"replies":[{"embeddable":true,"href":"https:\/\/prefecturadeesmeraldas.gob.ec\/index.php\/wp-json\/wp\/v2\/comments?post=10914"}],"version-history":[{"count":0,"href":"https:\/\/prefecturadeesmeraldas.gob.ec\/index.php\/wp-json\/wp\/v2\/posts\/10914\/revisions"}],"wp:featuredmedia":[{"embeddable":true,"href":"https:\/\/prefecturadeesmeraldas.gob.ec\/index.php\/wp-json\/wp\/v2\/media\/10915"}],"wp:attachment":[{"href":"https:\/\/prefecturadeesmeraldas.gob.ec\/index.php\/wp-json\/wp\/v2\/media?parent=10914"}],"wp:term":[{"taxonomy":"category","embeddable":true,"href":"https:\/\/prefecturadeesmeraldas.gob.ec\/index.php\/wp-json\/wp\/v2\/categories?post=10914"},{"taxonomy":"post_tag","embeddable":true,"href":"https:\/\/prefecturadeesmeraldas.gob.ec\/index.php\/wp-json\/wp\/v2\/tags?post=10914"}],"curies":[{"name":"wp","href":"https:\/\/api.w.org\/{rel}","templated":true}]}}