{"id":10824,"date":"2021-05-12T16:14:17","date_gmt":"2021-05-12T21:14:17","guid":{"rendered":"http:\/\/prefecturadeesmeraldas.gob.ec\/?p=10824"},"modified":"2021-05-12T16:15:02","modified_gmt":"2021-05-12T21:15:02","slug":"habitantes-y-dirigentes-de-cupa-en-el-canton-quininde-agradecen-a-la-prefectura-de-esmeraldas-por-el-mejoramiento-de-su-via-principal","status":"publish","type":"post","link":"https:\/\/prefecturadeesmeraldas.gob.ec\/index.php\/2021\/05\/12\/habitantes-y-dirigentes-de-cupa-en-el-canton-quininde-agradecen-a-la-prefectura-de-esmeraldas-por-el-mejoramiento-de-su-via-principal\/","title":{"rendered":"Habitantes y dirigentes de Cupa, en el cant\u00f3n Quinind\u00e9, agradecen a la Prefectura de Esmeraldas por el mejoramiento de su v\u00eda principal."},"content":{"rendered":"\t\t<div data-elementor-type=\"wp-post\" data-elementor-id=\"10824\" class=\"elementor elementor-10824\">\n\t\t\t\t\t\t<section class=\"elementor-section elementor-top-section elementor-element elementor-element-80d3eea elementor-section-boxed elementor-section-height-default elementor-section-height-default\" data-id=\"80d3eea\" data-element_type=\"section\">\n\t\t\t\t\t\t<div class=\"elementor-container elementor-column-gap-default\">\n\t\t\t\t\t<div class=\"elementor-column elementor-col-100 elementor-top-column elementor-element elementor-element-9b5fd6f\" data-id=\"9b5fd6f\" data-element_type=\"column\">\n\t\t\t<div class=\"elementor-widget-wrap elementor-element-populated\">\n\t\t\t\t\t\t<div class=\"elementor-element elementor-element-c4d3ffb elementor-widget elementor-widget-image\" data-id=\"c4d3ffb\" data-element_type=\"widget\" data-widget_type=\"image.default\">\n\t\t\t\t<div class=\"elementor-widget-container\">\n\t\t\t\t\t\t\t\t\t\t\t\t\t\t\t<img fetchpriority=\"high\" decoding=\"async\" width=\"423\" height=\"423\" src=\"https:\/\/prefecturadeesmeraldas.gob.ec\/wp-content\/uploads\/2021\/05\/Imagen1.jpg\" class=\"attachment-large size-large wp-image-10826\" alt=\"\" srcset=\"https:\/\/prefecturadeesmeraldas.gob.ec\/wp-content\/uploads\/2021\/05\/Imagen1.jpg 423w, https:\/\/prefecturadeesmeraldas.gob.ec\/wp-content\/uploads\/2021\/05\/Imagen1-240x240.jpg 240w, https:\/\/prefecturadeesmeraldas.gob.ec\/wp-content\/uploads\/2021\/05\/Imagen1-150x150.jpg 150w, https:\/\/prefecturadeesmeraldas.gob.ec\/wp-content\/uploads\/2021\/05\/Imagen1-300x300.jpg 300w\" sizes=\"(max-width: 423px) 100vw, 423px\" \/>\t\t\t\t\t\t\t\t\t\t\t\t\t\t\t<\/div>\n\t\t\t\t<\/div>\n\t\t\t\t\t<\/div>\n\t\t<\/div>\n\t\t\t\t\t<\/div>\n\t\t<\/section>\n\t\t\t\t<section class=\"elementor-section elementor-top-section elementor-element elementor-element-af136dd elementor-section-boxed elementor-section-height-default elementor-section-height-default\" data-id=\"af136dd\" data-element_type=\"section\">\n\t\t\t\t\t\t<div class=\"elementor-container elementor-column-gap-default\">\n\t\t\t\t\t<div class=\"elementor-column elementor-col-100 elementor-top-column elementor-element elementor-element-825060d\" data-id=\"825060d\" data-element_type=\"column\">\n\t\t\t<div class=\"elementor-widget-wrap elementor-element-populated\">\n\t\t\t\t\t\t<div class=\"elementor-element elementor-element-0374e05 elementor-widget elementor-widget-text-editor\" data-id=\"0374e05\" data-element_type=\"widget\" data-widget_type=\"text-editor.default\">\n\t\t\t\t<div class=\"elementor-widget-container\">\n\t\t\t\t\t\t\t\t\t<p>Con aplausos y otros gestos de agradecimiento, habitantes y dirigentes sociales de la comunidad de Cupa, mostraron su satisfacci\u00f3n a la acci\u00f3n desarrollada por las autoridades de la Prefectura de Esmeraldas y la gesti\u00f3n hecha ante Petroecuador, para el mejoramiento de los cerca de diez kil\u00f3metros que tiene la v\u00eda que los conecta con las comunidades de Mancha de Ca\u00f1a y el Libertador, v\u00eda que, una vez mejorada, generar\u00e1 bienestar y oportunidades de desarrollo, para once comunidades asentadas en la zona.<\/p><p><\/p><p>En medio de los agradecimientos, <strong>Sixto Alc\u00edvar<\/strong>, uno de los l\u00edderes y habitantes de la comunidad de Cupa, beneficiada con el proyecto de rehabilitaci\u00f3n y mejoramiento, destac\u00f3 la agilidad en la gesti\u00f3n realizada para el cumplimiento de un compromiso asumido por Roberta Zambrano, Prefecta de Esmeraldas, tras el inicio de los trabajos.<\/p><p><\/p><p><strong>Lauren Zambrano<\/strong>, vicepresidenta de la comunidad de Cupa, beneficiada con los trabajos iniciados, adem\u00e1s de agradecer por el mejoramiento de la v\u00eda, mostr\u00f3 su apreci\u00f3 por la realizaci\u00f3n de una brigada m\u00e9dica que incluy\u00f3 la realizaci\u00f3n de pruebas r\u00e1pidas para la detecci\u00f3n de covid, y asistencia en otros temas concernientes a la salud, de manera gratuita.<\/p><p><\/p><p><strong>Alexandra Pinto<\/strong>, ciudadana quininde\u00f1a, aprovech\u00f3 para referirse al liderazgo y la presencia en territorio de Roberta Zambrano, Prefecta de Esmeraldas, quien, junto a su equipo, y pese a las complicaciones surgidas por la pandemia, sigue cumpliendo con su gesti\u00f3n.<\/p><p><\/p><p>Seg\u00fan <strong>Patricio L\u00f3pez<\/strong>, Director de Fomento y Desarrollo Productivo de la Prefectura de Esmeraldas, de manera general, el proyecto traer\u00e1 consigo la generaci\u00f3n de nuevas oportunidades, y una dinamizaci\u00f3n de la econom\u00eda, basadas en las ventajas que proporciona tener una buena v\u00eda<\/p>\t\t\t\t\t\t\t\t<\/div>\n\t\t\t\t<\/div>\n\t\t\t\t\t<\/div>\n\t\t<\/div>\n\t\t\t\t\t<\/div>\n\t\t<\/section>\n\t\t\t\t<\/div>\n\t\t","protected":false},"excerpt":{"rendered":"<p>Con aplausos y otros gestos de agradecimiento, habitantes y dirigentes sociales de la comunidad de Cupa, mostraron su satisfacci\u00f3n a la acci\u00f3n desarrollada por las autoridades de la Prefectura de Esmeraldas y la gesti\u00f3n hecha ante Petroecuador, para el mejoramiento de los cerca de diez kil\u00f3metros que tiene la v\u00eda que los conecta con las [&hellip;]<\/p>\n","protected":false},"author":2,"featured_media":10826,"comment_status":"closed","ping_status":"open","sticky":false,"template":"","format":"standard","meta":{"footnotes":""},"categories":[14],"tags":[],"class_list":["post-10824","post","type-post","status-publish","format-standard","has-post-thumbnail","hentry","category-vialidad"],"yoast_head":"<!-- This site is optimized with the Yoast SEO plugin v25.7 - https:\/\/yoast.com\/wordpress\/plugins\/seo\/ -->\n<title>Habitantes y dirigentes de Cupa, en el cant\u00f3n Quinind\u00e9, agradecen a la Prefectura de Esmeraldas por el mejoramiento de su v\u00eda principal. - Gobierno Aut\u00f3nomo Descentralizado de la Provincia de Esmeraldas<\/title>\n<meta name=\"robots\" content=\"index, follow, max-snippet:-1, max-image-preview:large, max-video-preview:-1\" \/>\n<link rel=\"canonical\" href=\"https:\/\/prefecturadeesmeraldas.gob.ec\/index.php\/2021\/05\/12\/habitantes-y-dirigentes-de-cupa-en-el-canton-quininde-agradecen-a-la-prefectura-de-esmeraldas-por-el-mejoramiento-de-su-via-principal\/\" \/>\n<meta property=\"og:locale\" content=\"es_ES\" \/>\n<meta property=\"og:type\" content=\"article\" \/>\n<meta property=\"og:title\" content=\"Habitantes y dirigentes de Cupa, en el cant\u00f3n Quinind\u00e9, agradecen a la Prefectura de Esmeraldas por el mejoramiento de su v\u00eda principal. - Gobierno Aut\u00f3nomo Descentralizado de la Provincia de Esmeraldas\" \/>\n<meta property=\"og:description\" content=\"Con aplausos y otros gestos de agradecimiento, habitantes y dirigentes sociales de la comunidad de Cupa, mostraron su satisfacci\u00f3n a la acci\u00f3n desarrollada por las autoridades de la Prefectura de Esmeraldas y la gesti\u00f3n hecha ante Petroecuador, para el mejoramiento de los cerca de diez kil\u00f3metros que tiene la v\u00eda que los conecta con las [&hellip;]\" \/>\n<meta property=\"og:url\" content=\"https:\/\/prefecturadeesmeraldas.gob.ec\/index.php\/2021\/05\/12\/habitantes-y-dirigentes-de-cupa-en-el-canton-quininde-agradecen-a-la-prefectura-de-esmeraldas-por-el-mejoramiento-de-su-via-principal\/\" \/>\n<meta property=\"og:site_name\" content=\"Gobierno Aut\u00f3nomo Descentralizado de la Provincia de Esmeraldas\" \/>\n<meta property=\"article:publisher\" content=\"https:\/\/www.facebook.com\/PrefecturaEsmeraldas\/\" \/>\n<meta property=\"article:published_time\" content=\"2021-05-12T21:14:17+00:00\" \/>\n<meta property=\"article:modified_time\" content=\"2021-05-12T21:15:02+00:00\" \/>\n<meta property=\"og:image\" content=\"https:\/\/prefecturadeesmeraldas.gob.ec\/wp-content\/uploads\/2021\/05\/Imagen1.jpg\" \/>\n\t<meta property=\"og:image:width\" content=\"423\" \/>\n\t<meta property=\"og:image:height\" content=\"423\" \/>\n\t<meta property=\"og:image:type\" content=\"image\/jpeg\" \/>\n<meta name=\"author\" content=\"Direcci\u00f3n de Comunicaci\u00f3n\" \/>\n<meta name=\"twitter:card\" content=\"summary_large_image\" \/>\n<meta name=\"twitter:label1\" content=\"Escrito por\" \/>\n\t<meta name=\"twitter:data1\" content=\"Direcci\u00f3n de Comunicaci\u00f3n\" \/>\n\t<meta name=\"twitter:label2\" content=\"Tiempo de lectura\" \/>\n\t<meta name=\"twitter:data2\" content=\"1 minuto\" \/>\n<script type=\"application\/ld+json\" class=\"yoast-schema-graph\">{\"@context\":\"https:\/\/schema.org\",\"@graph\":[{\"@type\":\"Article\",\"@id\":\"https:\/\/prefecturadeesmeraldas.gob.ec\/index.php\/2021\/05\/12\/habitantes-y-dirigentes-de-cupa-en-el-canton-quininde-agradecen-a-la-prefectura-de-esmeraldas-por-el-mejoramiento-de-su-via-principal\/#article\",\"isPartOf\":{\"@id\":\"https:\/\/prefecturadeesmeraldas.gob.ec\/index.php\/2021\/05\/12\/habitantes-y-dirigentes-de-cupa-en-el-canton-quininde-agradecen-a-la-prefectura-de-esmeraldas-por-el-mejoramiento-de-su-via-principal\/\"},\"author\":{\"name\":\"Direcci\u00f3n de Comunicaci\u00f3n\",\"@id\":\"https:\/\/prefecturadeesmeraldas.gob.ec\/#\/schema\/person\/b0c9e7b1ead7725994d1e319e8825234\"},\"headline\":\"Habitantes y dirigentes de Cupa, en el cant\u00f3n Quinind\u00e9, agradecen a la Prefectura de Esmeraldas por el mejoramiento de su v\u00eda principal.\",\"datePublished\":\"2021-05-12T21:14:17+00:00\",\"dateModified\":\"2021-05-12T21:15:02+00:00\",\"mainEntityOfPage\":{\"@id\":\"https:\/\/prefecturadeesmeraldas.gob.ec\/index.php\/2021\/05\/12\/habitantes-y-dirigentes-de-cupa-en-el-canton-quininde-agradecen-a-la-prefectura-de-esmeraldas-por-el-mejoramiento-de-su-via-principal\/\"},\"wordCount\":320,\"publisher\":{\"@id\":\"https:\/\/prefecturadeesmeraldas.gob.ec\/#organization\"},\"image\":{\"@id\":\"https:\/\/prefecturadeesmeraldas.gob.ec\/index.php\/2021\/05\/12\/habitantes-y-dirigentes-de-cupa-en-el-canton-quininde-agradecen-a-la-prefectura-de-esmeraldas-por-el-mejoramiento-de-su-via-principal\/#primaryimage\"},\"thumbnailUrl\":\"https:\/\/prefecturadeesmeraldas.gob.ec\/wp-content\/uploads\/2021\/05\/Imagen1.jpg\",\"articleSection\":[\"Vialidad\"],\"inLanguage\":\"es\"},{\"@type\":\"WebPage\",\"@id\":\"https:\/\/prefecturadeesmeraldas.gob.ec\/index.php\/2021\/05\/12\/habitantes-y-dirigentes-de-cupa-en-el-canton-quininde-agradecen-a-la-prefectura-de-esmeraldas-por-el-mejoramiento-de-su-via-principal\/\",\"url\":\"https:\/\/prefecturadeesmeraldas.gob.ec\/index.php\/2021\/05\/12\/habitantes-y-dirigentes-de-cupa-en-el-canton-quininde-agradecen-a-la-prefectura-de-esmeraldas-por-el-mejoramiento-de-su-via-principal\/\",\"name\":\"Habitantes y dirigentes de Cupa, en el cant\u00f3n Quinind\u00e9, agradecen a la Prefectura de Esmeraldas por el mejoramiento de su v\u00eda principal. - Gobierno Aut\u00f3nomo Descentralizado de la Provincia de Esmeraldas\",\"isPartOf\":{\"@id\":\"https:\/\/prefecturadeesmeraldas.gob.ec\/#website\"},\"primaryImageOfPage\":{\"@id\":\"https:\/\/prefecturadeesmeraldas.gob.ec\/index.php\/2021\/05\/12\/habitantes-y-dirigentes-de-cupa-en-el-canton-quininde-agradecen-a-la-prefectura-de-esmeraldas-por-el-mejoramiento-de-su-via-principal\/#primaryimage\"},\"image\":{\"@id\":\"https:\/\/prefecturadeesmeraldas.gob.ec\/index.php\/2021\/05\/12\/habitantes-y-dirigentes-de-cupa-en-el-canton-quininde-agradecen-a-la-prefectura-de-esmeraldas-por-el-mejoramiento-de-su-via-principal\/#primaryimage\"},\"thumbnailUrl\":\"https:\/\/prefecturadeesmeraldas.gob.ec\/wp-content\/uploads\/2021\/05\/Imagen1.jpg\",\"datePublished\":\"2021-05-12T21:14:17+00:00\",\"dateModified\":\"2021-05-12T21:15:02+00:00\",\"breadcrumb\":{\"@id\":\"https:\/\/prefecturadeesmeraldas.gob.ec\/index.php\/2021\/05\/12\/habitantes-y-dirigentes-de-cupa-en-el-canton-quininde-agradecen-a-la-prefectura-de-esmeraldas-por-el-mejoramiento-de-su-via-principal\/#breadcrumb\"},\"inLanguage\":\"es\",\"potentialAction\":[{\"@type\":\"ReadAction\",\"target\":[\"https:\/\/prefecturadeesmeraldas.gob.ec\/index.php\/2021\/05\/12\/habitantes-y-dirigentes-de-cupa-en-el-canton-quininde-agradecen-a-la-prefectura-de-esmeraldas-por-el-mejoramiento-de-su-via-principal\/\"]}]},{\"@type\":\"ImageObject\",\"inLanguage\":\"es\",\"@id\":\"https:\/\/prefecturadeesmeraldas.gob.ec\/index.php\/2021\/05\/12\/habitantes-y-dirigentes-de-cupa-en-el-canton-quininde-agradecen-a-la-prefectura-de-esmeraldas-por-el-mejoramiento-de-su-via-principal\/#primaryimage\",\"url\":\"https:\/\/prefecturadeesmeraldas.gob.ec\/wp-content\/uploads\/2021\/05\/Imagen1.jpg\",\"contentUrl\":\"https:\/\/prefecturadeesmeraldas.gob.ec\/wp-content\/uploads\/2021\/05\/Imagen1.jpg\",\"width\":423,\"height\":423},{\"@type\":\"BreadcrumbList\",\"@id\":\"https:\/\/prefecturadeesmeraldas.gob.ec\/index.php\/2021\/05\/12\/habitantes-y-dirigentes-de-cupa-en-el-canton-quininde-agradecen-a-la-prefectura-de-esmeraldas-por-el-mejoramiento-de-su-via-principal\/#breadcrumb\",\"itemListElement\":[{\"@type\":\"ListItem\",\"position\":1,\"name\":\"Home\",\"item\":\"https:\/\/prefecturadeesmeraldas.gob.ec\/\"},{\"@type\":\"ListItem\",\"position\":2,\"name\":\"Habitantes y dirigentes de Cupa, en el cant\u00f3n Quinind\u00e9, agradecen a la Prefectura de Esmeraldas por el mejoramiento de su v\u00eda principal.\"}]},{\"@type\":\"WebSite\",\"@id\":\"https:\/\/prefecturadeesmeraldas.gob.ec\/#website\",\"url\":\"https:\/\/prefecturadeesmeraldas.gob.ec\/\",\"name\":\"Gobierno Aut\u00f3nomo Descentralizado de la Provincia de Esmeraldas\",\"description\":\"Gobierno Aut\u00f3nomo Descentralizado de la Provincia de Esmeraldas\",\"publisher\":{\"@id\":\"https:\/\/prefecturadeesmeraldas.gob.ec\/#organization\"},\"potentialAction\":[{\"@type\":\"SearchAction\",\"target\":{\"@type\":\"EntryPoint\",\"urlTemplate\":\"https:\/\/prefecturadeesmeraldas.gob.ec\/?s={search_term_string}\"},\"query-input\":{\"@type\":\"PropertyValueSpecification\",\"valueRequired\":true,\"valueName\":\"search_term_string\"}}],\"inLanguage\":\"es\"},{\"@type\":\"Organization\",\"@id\":\"https:\/\/prefecturadeesmeraldas.gob.ec\/#organization\",\"name\":\"Gobierno Aut\u00f3nomo Descentralizado de la Provincia de Esmeraldas\",\"url\":\"https:\/\/prefecturadeesmeraldas.gob.ec\/\",\"logo\":{\"@type\":\"ImageObject\",\"inLanguage\":\"es\",\"@id\":\"https:\/\/prefecturadeesmeraldas.gob.ec\/#\/schema\/logo\/image\/\",\"url\":\"https:\/\/prefecturadeesmeraldas.gob.ec\/wp-content\/uploads\/2019\/06\/logo.png\",\"contentUrl\":\"https:\/\/prefecturadeesmeraldas.gob.ec\/wp-content\/uploads\/2019\/06\/logo.png\",\"width\":859,\"height\":448,\"caption\":\"Gobierno Aut\u00f3nomo Descentralizado de la Provincia de Esmeraldas\"},\"image\":{\"@id\":\"https:\/\/prefecturadeesmeraldas.gob.ec\/#\/schema\/logo\/image\/\"},\"sameAs\":[\"https:\/\/www.facebook.com\/PrefecturaEsmeraldas\/\"]},{\"@type\":\"Person\",\"@id\":\"https:\/\/prefecturadeesmeraldas.gob.ec\/#\/schema\/person\/b0c9e7b1ead7725994d1e319e8825234\",\"name\":\"Direcci\u00f3n de Comunicaci\u00f3n\",\"image\":{\"@type\":\"ImageObject\",\"inLanguage\":\"es\",\"@id\":\"https:\/\/prefecturadeesmeraldas.gob.ec\/#\/schema\/person\/image\/\",\"url\":\"https:\/\/secure.gravatar.com\/avatar\/74a3870a946f5d774ade3569af61a72308e07ad3346f370c4b468ee2a9858658?s=96&d=mm&r=g\",\"contentUrl\":\"https:\/\/secure.gravatar.com\/avatar\/74a3870a946f5d774ade3569af61a72308e07ad3346f370c4b468ee2a9858658?s=96&d=mm&r=g\",\"caption\":\"Direcci\u00f3n de Comunicaci\u00f3n\"}}]}<\/script>\n<!-- \/ Yoast SEO plugin. -->","yoast_head_json":{"title":"Habitantes y dirigentes de Cupa, en el cant\u00f3n Quinind\u00e9, agradecen a la Prefectura de Esmeraldas por el mejoramiento de su v\u00eda principal. - Gobierno Aut\u00f3nomo Descentralizado de la Provincia de Esmeraldas","robots":{"index":"index","follow":"follow","max-snippet":"max-snippet:-1","max-image-preview":"max-image-preview:large","max-video-preview":"max-video-preview:-1"},"canonical":"https:\/\/prefecturadeesmeraldas.gob.ec\/index.php\/2021\/05\/12\/habitantes-y-dirigentes-de-cupa-en-el-canton-quininde-agradecen-a-la-prefectura-de-esmeraldas-por-el-mejoramiento-de-su-via-principal\/","og_locale":"es_ES","og_type":"article","og_title":"Habitantes y dirigentes de Cupa, en el cant\u00f3n Quinind\u00e9, agradecen a la Prefectura de Esmeraldas por el mejoramiento de su v\u00eda principal. - Gobierno Aut\u00f3nomo Descentralizado de la Provincia de Esmeraldas","og_description":"Con aplausos y otros gestos de agradecimiento, habitantes y dirigentes sociales de la comunidad de Cupa, mostraron su satisfacci\u00f3n a la acci\u00f3n desarrollada por las autoridades de la Prefectura de Esmeraldas y la gesti\u00f3n hecha ante Petroecuador, para el mejoramiento de los cerca de diez kil\u00f3metros que tiene la v\u00eda que los conecta con las [&hellip;]","og_url":"https:\/\/prefecturadeesmeraldas.gob.ec\/index.php\/2021\/05\/12\/habitantes-y-dirigentes-de-cupa-en-el-canton-quininde-agradecen-a-la-prefectura-de-esmeraldas-por-el-mejoramiento-de-su-via-principal\/","og_site_name":"Gobierno Aut\u00f3nomo Descentralizado de la Provincia de Esmeraldas","article_publisher":"https:\/\/www.facebook.com\/PrefecturaEsmeraldas\/","article_published_time":"2021-05-12T21:14:17+00:00","article_modified_time":"2021-05-12T21:15:02+00:00","og_image":[{"width":423,"height":423,"url":"https:\/\/prefecturadeesmeraldas.gob.ec\/wp-content\/uploads\/2021\/05\/Imagen1.jpg","type":"image\/jpeg"}],"author":"Direcci\u00f3n de Comunicaci\u00f3n","twitter_card":"summary_large_image","twitter_misc":{"Escrito por":"Direcci\u00f3n de Comunicaci\u00f3n","Tiempo de lectura":"1 minuto"},"schema":{"@context":"https:\/\/schema.org","@graph":[{"@type":"Article","@id":"https:\/\/prefecturadeesmeraldas.gob.ec\/index.php\/2021\/05\/12\/habitantes-y-dirigentes-de-cupa-en-el-canton-quininde-agradecen-a-la-prefectura-de-esmeraldas-por-el-mejoramiento-de-su-via-principal\/#article","isPartOf":{"@id":"https:\/\/prefecturadeesmeraldas.gob.ec\/index.php\/2021\/05\/12\/habitantes-y-dirigentes-de-cupa-en-el-canton-quininde-agradecen-a-la-prefectura-de-esmeraldas-por-el-mejoramiento-de-su-via-principal\/"},"author":{"name":"Direcci\u00f3n de Comunicaci\u00f3n","@id":"https:\/\/prefecturadeesmeraldas.gob.ec\/#\/schema\/person\/b0c9e7b1ead7725994d1e319e8825234"},"headline":"Habitantes y dirigentes de Cupa, en el cant\u00f3n Quinind\u00e9, agradecen a la Prefectura de Esmeraldas por el mejoramiento de su v\u00eda principal.","datePublished":"2021-05-12T21:14:17+00:00","dateModified":"2021-05-12T21:15:02+00:00","mainEntityOfPage":{"@id":"https:\/\/prefecturadeesmeraldas.gob.ec\/index.php\/2021\/05\/12\/habitantes-y-dirigentes-de-cupa-en-el-canton-quininde-agradecen-a-la-prefectura-de-esmeraldas-por-el-mejoramiento-de-su-via-principal\/"},"wordCount":320,"publisher":{"@id":"https:\/\/prefecturadeesmeraldas.gob.ec\/#organization"},"image":{"@id":"https:\/\/prefecturadeesmeraldas.gob.ec\/index.php\/2021\/05\/12\/habitantes-y-dirigentes-de-cupa-en-el-canton-quininde-agradecen-a-la-prefectura-de-esmeraldas-por-el-mejoramiento-de-su-via-principal\/#primaryimage"},"thumbnailUrl":"https:\/\/prefecturadeesmeraldas.gob.ec\/wp-content\/uploads\/2021\/05\/Imagen1.jpg","articleSection":["Vialidad"],"inLanguage":"es"},{"@type":"WebPage","@id":"https:\/\/prefecturadeesmeraldas.gob.ec\/index.php\/2021\/05\/12\/habitantes-y-dirigentes-de-cupa-en-el-canton-quininde-agradecen-a-la-prefectura-de-esmeraldas-por-el-mejoramiento-de-su-via-principal\/","url":"https:\/\/prefecturadeesmeraldas.gob.ec\/index.php\/2021\/05\/12\/habitantes-y-dirigentes-de-cupa-en-el-canton-quininde-agradecen-a-la-prefectura-de-esmeraldas-por-el-mejoramiento-de-su-via-principal\/","name":"Habitantes y dirigentes de Cupa, en el cant\u00f3n Quinind\u00e9, agradecen a la Prefectura de Esmeraldas por el mejoramiento de su v\u00eda principal. - Gobierno Aut\u00f3nomo Descentralizado de la Provincia de Esmeraldas","isPartOf":{"@id":"https:\/\/prefecturadeesmeraldas.gob.ec\/#website"},"primaryImageOfPage":{"@id":"https:\/\/prefecturadeesmeraldas.gob.ec\/index.php\/2021\/05\/12\/habitantes-y-dirigentes-de-cupa-en-el-canton-quininde-agradecen-a-la-prefectura-de-esmeraldas-por-el-mejoramiento-de-su-via-principal\/#primaryimage"},"image":{"@id":"https:\/\/prefecturadeesmeraldas.gob.ec\/index.php\/2021\/05\/12\/habitantes-y-dirigentes-de-cupa-en-el-canton-quininde-agradecen-a-la-prefectura-de-esmeraldas-por-el-mejoramiento-de-su-via-principal\/#primaryimage"},"thumbnailUrl":"https:\/\/prefecturadeesmeraldas.gob.ec\/wp-content\/uploads\/2021\/05\/Imagen1.jpg","datePublished":"2021-05-12T21:14:17+00:00","dateModified":"2021-05-12T21:15:02+00:00","breadcrumb":{"@id":"https:\/\/prefecturadeesmeraldas.gob.ec\/index.php\/2021\/05\/12\/habitantes-y-dirigentes-de-cupa-en-el-canton-quininde-agradecen-a-la-prefectura-de-esmeraldas-por-el-mejoramiento-de-su-via-principal\/#breadcrumb"},"inLanguage":"es","potentialAction":[{"@type":"ReadAction","target":["https:\/\/prefecturadeesmeraldas.gob.ec\/index.php\/2021\/05\/12\/habitantes-y-dirigentes-de-cupa-en-el-canton-quininde-agradecen-a-la-prefectura-de-esmeraldas-por-el-mejoramiento-de-su-via-principal\/"]}]},{"@type":"ImageObject","inLanguage":"es","@id":"https:\/\/prefecturadeesmeraldas.gob.ec\/index.php\/2021\/05\/12\/habitantes-y-dirigentes-de-cupa-en-el-canton-quininde-agradecen-a-la-prefectura-de-esmeraldas-por-el-mejoramiento-de-su-via-principal\/#primaryimage","url":"https:\/\/prefecturadeesmeraldas.gob.ec\/wp-content\/uploads\/2021\/05\/Imagen1.jpg","contentUrl":"https:\/\/prefecturadeesmeraldas.gob.ec\/wp-content\/uploads\/2021\/05\/Imagen1.jpg","width":423,"height":423},{"@type":"BreadcrumbList","@id":"https:\/\/prefecturadeesmeraldas.gob.ec\/index.php\/2021\/05\/12\/habitantes-y-dirigentes-de-cupa-en-el-canton-quininde-agradecen-a-la-prefectura-de-esmeraldas-por-el-mejoramiento-de-su-via-principal\/#breadcrumb","itemListElement":[{"@type":"ListItem","position":1,"name":"Home","item":"https:\/\/prefecturadeesmeraldas.gob.ec\/"},{"@type":"ListItem","position":2,"name":"Habitantes y dirigentes de Cupa, en el cant\u00f3n Quinind\u00e9, agradecen a la Prefectura de Esmeraldas por el mejoramiento de su v\u00eda principal."}]},{"@type":"WebSite","@id":"https:\/\/prefecturadeesmeraldas.gob.ec\/#website","url":"https:\/\/prefecturadeesmeraldas.gob.ec\/","name":"Gobierno Aut\u00f3nomo Descentralizado de la Provincia de Esmeraldas","description":"Gobierno Aut\u00f3nomo Descentralizado de la Provincia de Esmeraldas","publisher":{"@id":"https:\/\/prefecturadeesmeraldas.gob.ec\/#organization"},"potentialAction":[{"@type":"SearchAction","target":{"@type":"EntryPoint","urlTemplate":"https:\/\/prefecturadeesmeraldas.gob.ec\/?s={search_term_string}"},"query-input":{"@type":"PropertyValueSpecification","valueRequired":true,"valueName":"search_term_string"}}],"inLanguage":"es"},{"@type":"Organization","@id":"https:\/\/prefecturadeesmeraldas.gob.ec\/#organization","name":"Gobierno Aut\u00f3nomo Descentralizado de la Provincia de Esmeraldas","url":"https:\/\/prefecturadeesmeraldas.gob.ec\/","logo":{"@type":"ImageObject","inLanguage":"es","@id":"https:\/\/prefecturadeesmeraldas.gob.ec\/#\/schema\/logo\/image\/","url":"https:\/\/prefecturadeesmeraldas.gob.ec\/wp-content\/uploads\/2019\/06\/logo.png","contentUrl":"https:\/\/prefecturadeesmeraldas.gob.ec\/wp-content\/uploads\/2019\/06\/logo.png","width":859,"height":448,"caption":"Gobierno Aut\u00f3nomo Descentralizado de la Provincia de Esmeraldas"},"image":{"@id":"https:\/\/prefecturadeesmeraldas.gob.ec\/#\/schema\/logo\/image\/"},"sameAs":["https:\/\/www.facebook.com\/PrefecturaEsmeraldas\/"]},{"@type":"Person","@id":"https:\/\/prefecturadeesmeraldas.gob.ec\/#\/schema\/person\/b0c9e7b1ead7725994d1e319e8825234","name":"Direcci\u00f3n de Comunicaci\u00f3n","image":{"@type":"ImageObject","inLanguage":"es","@id":"https:\/\/prefecturadeesmeraldas.gob.ec\/#\/schema\/person\/image\/","url":"https:\/\/secure.gravatar.com\/avatar\/74a3870a946f5d774ade3569af61a72308e07ad3346f370c4b468ee2a9858658?s=96&d=mm&r=g","contentUrl":"https:\/\/secure.gravatar.com\/avatar\/74a3870a946f5d774ade3569af61a72308e07ad3346f370c4b468ee2a9858658?s=96&d=mm&r=g","caption":"Direcci\u00f3n de Comunicaci\u00f3n"}}]}},"_links":{"self":[{"href":"https:\/\/prefecturadeesmeraldas.gob.ec\/index.php\/wp-json\/wp\/v2\/posts\/10824","targetHints":{"allow":["GET"]}}],"collection":[{"href":"https:\/\/prefecturadeesmeraldas.gob.ec\/index.php\/wp-json\/wp\/v2\/posts"}],"about":[{"href":"https:\/\/prefecturadeesmeraldas.gob.ec\/index.php\/wp-json\/wp\/v2\/types\/post"}],"author":[{"embeddable":true,"href":"https:\/\/prefecturadeesmeraldas.gob.ec\/index.php\/wp-json\/wp\/v2\/users\/2"}],"replies":[{"embeddable":true,"href":"https:\/\/prefecturadeesmeraldas.gob.ec\/index.php\/wp-json\/wp\/v2\/comments?post=10824"}],"version-history":[{"count":0,"href":"https:\/\/prefecturadeesmeraldas.gob.ec\/index.php\/wp-json\/wp\/v2\/posts\/10824\/revisions"}],"wp:featuredmedia":[{"embeddable":true,"href":"https:\/\/prefecturadeesmeraldas.gob.ec\/index.php\/wp-json\/wp\/v2\/media\/10826"}],"wp:attachment":[{"href":"https:\/\/prefecturadeesmeraldas.gob.ec\/index.php\/wp-json\/wp\/v2\/media?parent=10824"}],"wp:term":[{"taxonomy":"category","embeddable":true,"href":"https:\/\/prefecturadeesmeraldas.gob.ec\/index.php\/wp-json\/wp\/v2\/categories?post=10824"},{"taxonomy":"post_tag","embeddable":true,"href":"https:\/\/prefecturadeesmeraldas.gob.ec\/index.php\/wp-json\/wp\/v2\/tags?post=10824"}],"curies":[{"name":"wp","href":"https:\/\/api.w.org\/{rel}","templated":true}]}}