{"id":10480,"date":"2021-04-26T08:54:10","date_gmt":"2021-04-26T13:54:10","guid":{"rendered":"http:\/\/prefecturadeesmeraldas.gob.ec\/?p=10480"},"modified":"2021-04-26T08:55:04","modified_gmt":"2021-04-26T13:55:04","slug":"fortalecemos-a-los-pequenos-ganaderos-de-esmeraldas","status":"publish","type":"post","link":"https:\/\/prefecturadeesmeraldas.gob.ec\/index.php\/2021\/04\/26\/fortalecemos-a-los-pequenos-ganaderos-de-esmeraldas\/","title":{"rendered":"Fortalecemos a los peque\u00f1os ganaderos de Esmeraldas."},"content":{"rendered":"\t\t<div data-elementor-type=\"wp-post\" data-elementor-id=\"10480\" class=\"elementor elementor-10480\">\n\t\t\t\t\t\t<section class=\"elementor-section elementor-top-section elementor-element elementor-element-548360f elementor-section-boxed elementor-section-height-default elementor-section-height-default\" data-id=\"548360f\" data-element_type=\"section\">\n\t\t\t\t\t\t<div class=\"elementor-container elementor-column-gap-default\">\n\t\t\t\t\t<div class=\"elementor-column elementor-col-100 elementor-top-column elementor-element elementor-element-5e01d92\" data-id=\"5e01d92\" data-element_type=\"column\">\n\t\t\t<div class=\"elementor-widget-wrap elementor-element-populated\">\n\t\t\t\t\t\t<div class=\"elementor-element elementor-element-2a32d84 elementor-widget elementor-widget-image\" data-id=\"2a32d84\" data-element_type=\"widget\" data-widget_type=\"image.default\">\n\t\t\t\t<div class=\"elementor-widget-container\">\n\t\t\t\t\t\t\t\t\t\t\t\t\t\t\t<img fetchpriority=\"high\" decoding=\"async\" width=\"448\" height=\"598\" src=\"https:\/\/prefecturadeesmeraldas.gob.ec\/wp-content\/uploads\/2021\/04\/BOLETIN-0411.jpg\" class=\"attachment-large size-large wp-image-10465\" alt=\"\" srcset=\"https:\/\/prefecturadeesmeraldas.gob.ec\/wp-content\/uploads\/2021\/04\/BOLETIN-0411.jpg 448w, https:\/\/prefecturadeesmeraldas.gob.ec\/wp-content\/uploads\/2021\/04\/BOLETIN-0411-225x300.jpg 225w\" sizes=\"(max-width: 448px) 100vw, 448px\" \/>\t\t\t\t\t\t\t\t\t\t\t\t\t\t\t<\/div>\n\t\t\t\t<\/div>\n\t\t\t\t\t<\/div>\n\t\t<\/div>\n\t\t\t\t\t<\/div>\n\t\t<\/section>\n\t\t\t\t<section class=\"elementor-section elementor-top-section elementor-element elementor-element-c81e23c elementor-section-boxed elementor-section-height-default elementor-section-height-default\" data-id=\"c81e23c\" data-element_type=\"section\">\n\t\t\t\t\t\t<div class=\"elementor-container elementor-column-gap-default\">\n\t\t\t\t\t<div class=\"elementor-column elementor-col-100 elementor-top-column elementor-element elementor-element-a7d5277\" data-id=\"a7d5277\" data-element_type=\"column\">\n\t\t\t<div class=\"elementor-widget-wrap elementor-element-populated\">\n\t\t\t\t\t\t<div class=\"elementor-element elementor-element-e124db1 elementor-widget elementor-widget-text-editor\" data-id=\"e124db1\" data-element_type=\"widget\" data-widget_type=\"text-editor.default\">\n\t\t\t\t<div class=\"elementor-widget-container\">\n\t\t\t\t\t\t\t\t\t<p>A trav\u00e9s de Fomento Productivo, la Prefectura de Esmeraldas entreg\u00f3 de manera gratuita, kits con insumos veterinarios a los miembros de la Asociaci\u00f3n 28 de Octubre, de la parroquia San Mateo, comunidad Zapallo de M\u00fatile.<\/p><p><\/p><p>Entre el material entregado se encuentran garrapaticidas, desparasitantes, antiinflamatorios, vitaminas, term\u00f3metros y antibi\u00f3ticos que son de mucha utilidad para los ganaderos. La reactivaci\u00f3n econ\u00f3mica s\u00ed es posible con solidaridad.<\/p><p><\/p><p>Esta entrega fortalece el desarrollo de capacidades de los beneficiarios, en caso de emergencias ganaderas ya que, adicionalmente, la Prefectura los capacit\u00f3 con la asistencia t\u00e9cnica sobre c\u00f3mo se deben aplicar los productos y c\u00f3mo dosificarlos.<\/p><p><\/p><p>Entre el material entregado se encuentran garrapaticidas, desparasitantes, antiinflamatorios, Vitaminas, term\u00f3metros y antibi\u00f3ticos que son de mucha utilidad para los ganaderos.<\/p><p><\/p><p>Los beneficiarios son miembros de la Asociaci\u00f3n de Producci\u00f3n Agropecuaria \u201c28 de Octubre\u201d, de la parroquia San Mateo, en la comunidad Zapallo de M\u00fatile, del cant\u00f3n Esmeraldas. Esto ayudar\u00e1 a fortalecer la actividad ganadera en la provincia de Esmeraldas.<\/p>\t\t\t\t\t\t\t\t<\/div>\n\t\t\t\t<\/div>\n\t\t\t\t\t<\/div>\n\t\t<\/div>\n\t\t\t\t\t<\/div>\n\t\t<\/section>\n\t\t\t\t<\/div>\n\t\t","protected":false},"excerpt":{"rendered":"<p>A trav\u00e9s de Fomento Productivo, la Prefectura de Esmeraldas entreg\u00f3 de manera gratuita, kits con insumos veterinarios a los miembros de la Asociaci\u00f3n 28 de Octubre, de la parroquia San Mateo, comunidad Zapallo de M\u00fatile. Entre el material entregado se encuentran garrapaticidas, desparasitantes, antiinflamatorios, vitaminas, term\u00f3metros y antibi\u00f3ticos que son de mucha utilidad para los [&hellip;]<\/p>\n","protected":false},"author":2,"featured_media":10465,"comment_status":"closed","ping_status":"open","sticky":false,"template":"","format":"standard","meta":{"footnotes":""},"categories":[12],"tags":[],"class_list":["post-10480","post","type-post","status-publish","format-standard","has-post-thumbnail","hentry","category-fomento_productivo_2019"],"yoast_head":"<!-- This site is optimized with the Yoast SEO plugin v25.7 - https:\/\/yoast.com\/wordpress\/plugins\/seo\/ -->\n<title>Fortalecemos a los peque\u00f1os ganaderos de Esmeraldas. - Gobierno Aut\u00f3nomo Descentralizado de la Provincia de Esmeraldas<\/title>\n<meta name=\"robots\" content=\"index, follow, max-snippet:-1, max-image-preview:large, max-video-preview:-1\" \/>\n<link rel=\"canonical\" href=\"https:\/\/prefecturadeesmeraldas.gob.ec\/index.php\/2021\/04\/26\/fortalecemos-a-los-pequenos-ganaderos-de-esmeraldas\/\" \/>\n<meta property=\"og:locale\" content=\"es_ES\" \/>\n<meta property=\"og:type\" content=\"article\" \/>\n<meta property=\"og:title\" content=\"Fortalecemos a los peque\u00f1os ganaderos de Esmeraldas. - Gobierno Aut\u00f3nomo Descentralizado de la Provincia de Esmeraldas\" \/>\n<meta property=\"og:description\" content=\"A trav\u00e9s de Fomento Productivo, la Prefectura de Esmeraldas entreg\u00f3 de manera gratuita, kits con insumos veterinarios a los miembros de la Asociaci\u00f3n 28 de Octubre, de la parroquia San Mateo, comunidad Zapallo de M\u00fatile. Entre el material entregado se encuentran garrapaticidas, desparasitantes, antiinflamatorios, vitaminas, term\u00f3metros y antibi\u00f3ticos que son de mucha utilidad para los [&hellip;]\" \/>\n<meta property=\"og:url\" content=\"https:\/\/prefecturadeesmeraldas.gob.ec\/index.php\/2021\/04\/26\/fortalecemos-a-los-pequenos-ganaderos-de-esmeraldas\/\" \/>\n<meta property=\"og:site_name\" content=\"Gobierno Aut\u00f3nomo Descentralizado de la Provincia de Esmeraldas\" \/>\n<meta property=\"article:publisher\" content=\"https:\/\/www.facebook.com\/PrefecturaEsmeraldas\/\" \/>\n<meta property=\"article:published_time\" content=\"2021-04-26T13:54:10+00:00\" \/>\n<meta property=\"article:modified_time\" content=\"2021-04-26T13:55:04+00:00\" \/>\n<meta property=\"og:image\" content=\"https:\/\/prefecturadeesmeraldas.gob.ec\/wp-content\/uploads\/2021\/04\/BOLETIN-0411.jpg\" \/>\n\t<meta property=\"og:image:width\" content=\"448\" \/>\n\t<meta property=\"og:image:height\" content=\"598\" \/>\n\t<meta property=\"og:image:type\" content=\"image\/jpeg\" \/>\n<meta name=\"author\" content=\"Direcci\u00f3n de Comunicaci\u00f3n\" \/>\n<meta name=\"twitter:card\" content=\"summary_large_image\" \/>\n<meta name=\"twitter:label1\" content=\"Escrito por\" \/>\n\t<meta name=\"twitter:data1\" content=\"Direcci\u00f3n de Comunicaci\u00f3n\" \/>\n\t<meta name=\"twitter:label2\" content=\"Tiempo de lectura\" \/>\n\t<meta name=\"twitter:data2\" content=\"1 minuto\" \/>\n<script type=\"application\/ld+json\" class=\"yoast-schema-graph\">{\"@context\":\"https:\/\/schema.org\",\"@graph\":[{\"@type\":\"Article\",\"@id\":\"https:\/\/prefecturadeesmeraldas.gob.ec\/index.php\/2021\/04\/26\/fortalecemos-a-los-pequenos-ganaderos-de-esmeraldas\/#article\",\"isPartOf\":{\"@id\":\"https:\/\/prefecturadeesmeraldas.gob.ec\/index.php\/2021\/04\/26\/fortalecemos-a-los-pequenos-ganaderos-de-esmeraldas\/\"},\"author\":{\"name\":\"Direcci\u00f3n de Comunicaci\u00f3n\",\"@id\":\"https:\/\/prefecturadeesmeraldas.gob.ec\/#\/schema\/person\/b0c9e7b1ead7725994d1e319e8825234\"},\"headline\":\"Fortalecemos a los peque\u00f1os ganaderos de Esmeraldas.\",\"datePublished\":\"2021-04-26T13:54:10+00:00\",\"dateModified\":\"2021-04-26T13:55:04+00:00\",\"mainEntityOfPage\":{\"@id\":\"https:\/\/prefecturadeesmeraldas.gob.ec\/index.php\/2021\/04\/26\/fortalecemos-a-los-pequenos-ganaderos-de-esmeraldas\/\"},\"wordCount\":182,\"publisher\":{\"@id\":\"https:\/\/prefecturadeesmeraldas.gob.ec\/#organization\"},\"image\":{\"@id\":\"https:\/\/prefecturadeesmeraldas.gob.ec\/index.php\/2021\/04\/26\/fortalecemos-a-los-pequenos-ganaderos-de-esmeraldas\/#primaryimage\"},\"thumbnailUrl\":\"https:\/\/prefecturadeesmeraldas.gob.ec\/wp-content\/uploads\/2021\/04\/BOLETIN-0411.jpg\",\"articleSection\":[\"Fomento Productivo\"],\"inLanguage\":\"es\"},{\"@type\":\"WebPage\",\"@id\":\"https:\/\/prefecturadeesmeraldas.gob.ec\/index.php\/2021\/04\/26\/fortalecemos-a-los-pequenos-ganaderos-de-esmeraldas\/\",\"url\":\"https:\/\/prefecturadeesmeraldas.gob.ec\/index.php\/2021\/04\/26\/fortalecemos-a-los-pequenos-ganaderos-de-esmeraldas\/\",\"name\":\"Fortalecemos a los peque\u00f1os ganaderos de Esmeraldas. - Gobierno Aut\u00f3nomo Descentralizado de la Provincia de Esmeraldas\",\"isPartOf\":{\"@id\":\"https:\/\/prefecturadeesmeraldas.gob.ec\/#website\"},\"primaryImageOfPage\":{\"@id\":\"https:\/\/prefecturadeesmeraldas.gob.ec\/index.php\/2021\/04\/26\/fortalecemos-a-los-pequenos-ganaderos-de-esmeraldas\/#primaryimage\"},\"image\":{\"@id\":\"https:\/\/prefecturadeesmeraldas.gob.ec\/index.php\/2021\/04\/26\/fortalecemos-a-los-pequenos-ganaderos-de-esmeraldas\/#primaryimage\"},\"thumbnailUrl\":\"https:\/\/prefecturadeesmeraldas.gob.ec\/wp-content\/uploads\/2021\/04\/BOLETIN-0411.jpg\",\"datePublished\":\"2021-04-26T13:54:10+00:00\",\"dateModified\":\"2021-04-26T13:55:04+00:00\",\"breadcrumb\":{\"@id\":\"https:\/\/prefecturadeesmeraldas.gob.ec\/index.php\/2021\/04\/26\/fortalecemos-a-los-pequenos-ganaderos-de-esmeraldas\/#breadcrumb\"},\"inLanguage\":\"es\",\"potentialAction\":[{\"@type\":\"ReadAction\",\"target\":[\"https:\/\/prefecturadeesmeraldas.gob.ec\/index.php\/2021\/04\/26\/fortalecemos-a-los-pequenos-ganaderos-de-esmeraldas\/\"]}]},{\"@type\":\"ImageObject\",\"inLanguage\":\"es\",\"@id\":\"https:\/\/prefecturadeesmeraldas.gob.ec\/index.php\/2021\/04\/26\/fortalecemos-a-los-pequenos-ganaderos-de-esmeraldas\/#primaryimage\",\"url\":\"https:\/\/prefecturadeesmeraldas.gob.ec\/wp-content\/uploads\/2021\/04\/BOLETIN-0411.jpg\",\"contentUrl\":\"https:\/\/prefecturadeesmeraldas.gob.ec\/wp-content\/uploads\/2021\/04\/BOLETIN-0411.jpg\",\"width\":448,\"height\":598},{\"@type\":\"BreadcrumbList\",\"@id\":\"https:\/\/prefecturadeesmeraldas.gob.ec\/index.php\/2021\/04\/26\/fortalecemos-a-los-pequenos-ganaderos-de-esmeraldas\/#breadcrumb\",\"itemListElement\":[{\"@type\":\"ListItem\",\"position\":1,\"name\":\"Home\",\"item\":\"https:\/\/prefecturadeesmeraldas.gob.ec\/\"},{\"@type\":\"ListItem\",\"position\":2,\"name\":\"Fortalecemos a los peque\u00f1os ganaderos de Esmeraldas.\"}]},{\"@type\":\"WebSite\",\"@id\":\"https:\/\/prefecturadeesmeraldas.gob.ec\/#website\",\"url\":\"https:\/\/prefecturadeesmeraldas.gob.ec\/\",\"name\":\"Gobierno Aut\u00f3nomo Descentralizado de la Provincia de Esmeraldas\",\"description\":\"Gobierno Aut\u00f3nomo Descentralizado de la Provincia de Esmeraldas\",\"publisher\":{\"@id\":\"https:\/\/prefecturadeesmeraldas.gob.ec\/#organization\"},\"potentialAction\":[{\"@type\":\"SearchAction\",\"target\":{\"@type\":\"EntryPoint\",\"urlTemplate\":\"https:\/\/prefecturadeesmeraldas.gob.ec\/?s={search_term_string}\"},\"query-input\":{\"@type\":\"PropertyValueSpecification\",\"valueRequired\":true,\"valueName\":\"search_term_string\"}}],\"inLanguage\":\"es\"},{\"@type\":\"Organization\",\"@id\":\"https:\/\/prefecturadeesmeraldas.gob.ec\/#organization\",\"name\":\"Gobierno Aut\u00f3nomo Descentralizado de la Provincia de Esmeraldas\",\"url\":\"https:\/\/prefecturadeesmeraldas.gob.ec\/\",\"logo\":{\"@type\":\"ImageObject\",\"inLanguage\":\"es\",\"@id\":\"https:\/\/prefecturadeesmeraldas.gob.ec\/#\/schema\/logo\/image\/\",\"url\":\"https:\/\/prefecturadeesmeraldas.gob.ec\/wp-content\/uploads\/2019\/06\/logo.png\",\"contentUrl\":\"https:\/\/prefecturadeesmeraldas.gob.ec\/wp-content\/uploads\/2019\/06\/logo.png\",\"width\":859,\"height\":448,\"caption\":\"Gobierno Aut\u00f3nomo Descentralizado de la Provincia de Esmeraldas\"},\"image\":{\"@id\":\"https:\/\/prefecturadeesmeraldas.gob.ec\/#\/schema\/logo\/image\/\"},\"sameAs\":[\"https:\/\/www.facebook.com\/PrefecturaEsmeraldas\/\"]},{\"@type\":\"Person\",\"@id\":\"https:\/\/prefecturadeesmeraldas.gob.ec\/#\/schema\/person\/b0c9e7b1ead7725994d1e319e8825234\",\"name\":\"Direcci\u00f3n de Comunicaci\u00f3n\",\"image\":{\"@type\":\"ImageObject\",\"inLanguage\":\"es\",\"@id\":\"https:\/\/prefecturadeesmeraldas.gob.ec\/#\/schema\/person\/image\/\",\"url\":\"https:\/\/secure.gravatar.com\/avatar\/74a3870a946f5d774ade3569af61a72308e07ad3346f370c4b468ee2a9858658?s=96&d=mm&r=g\",\"contentUrl\":\"https:\/\/secure.gravatar.com\/avatar\/74a3870a946f5d774ade3569af61a72308e07ad3346f370c4b468ee2a9858658?s=96&d=mm&r=g\",\"caption\":\"Direcci\u00f3n de Comunicaci\u00f3n\"}}]}<\/script>\n<!-- \/ Yoast SEO plugin. -->","yoast_head_json":{"title":"Fortalecemos a los peque\u00f1os ganaderos de Esmeraldas. - Gobierno Aut\u00f3nomo Descentralizado de la Provincia de Esmeraldas","robots":{"index":"index","follow":"follow","max-snippet":"max-snippet:-1","max-image-preview":"max-image-preview:large","max-video-preview":"max-video-preview:-1"},"canonical":"https:\/\/prefecturadeesmeraldas.gob.ec\/index.php\/2021\/04\/26\/fortalecemos-a-los-pequenos-ganaderos-de-esmeraldas\/","og_locale":"es_ES","og_type":"article","og_title":"Fortalecemos a los peque\u00f1os ganaderos de Esmeraldas. - Gobierno Aut\u00f3nomo Descentralizado de la Provincia de Esmeraldas","og_description":"A trav\u00e9s de Fomento Productivo, la Prefectura de Esmeraldas entreg\u00f3 de manera gratuita, kits con insumos veterinarios a los miembros de la Asociaci\u00f3n 28 de Octubre, de la parroquia San Mateo, comunidad Zapallo de M\u00fatile. Entre el material entregado se encuentran garrapaticidas, desparasitantes, antiinflamatorios, vitaminas, term\u00f3metros y antibi\u00f3ticos que son de mucha utilidad para los [&hellip;]","og_url":"https:\/\/prefecturadeesmeraldas.gob.ec\/index.php\/2021\/04\/26\/fortalecemos-a-los-pequenos-ganaderos-de-esmeraldas\/","og_site_name":"Gobierno Aut\u00f3nomo Descentralizado de la Provincia de Esmeraldas","article_publisher":"https:\/\/www.facebook.com\/PrefecturaEsmeraldas\/","article_published_time":"2021-04-26T13:54:10+00:00","article_modified_time":"2021-04-26T13:55:04+00:00","og_image":[{"width":448,"height":598,"url":"https:\/\/prefecturadeesmeraldas.gob.ec\/wp-content\/uploads\/2021\/04\/BOLETIN-0411.jpg","type":"image\/jpeg"}],"author":"Direcci\u00f3n de Comunicaci\u00f3n","twitter_card":"summary_large_image","twitter_misc":{"Escrito por":"Direcci\u00f3n de Comunicaci\u00f3n","Tiempo de lectura":"1 minuto"},"schema":{"@context":"https:\/\/schema.org","@graph":[{"@type":"Article","@id":"https:\/\/prefecturadeesmeraldas.gob.ec\/index.php\/2021\/04\/26\/fortalecemos-a-los-pequenos-ganaderos-de-esmeraldas\/#article","isPartOf":{"@id":"https:\/\/prefecturadeesmeraldas.gob.ec\/index.php\/2021\/04\/26\/fortalecemos-a-los-pequenos-ganaderos-de-esmeraldas\/"},"author":{"name":"Direcci\u00f3n de Comunicaci\u00f3n","@id":"https:\/\/prefecturadeesmeraldas.gob.ec\/#\/schema\/person\/b0c9e7b1ead7725994d1e319e8825234"},"headline":"Fortalecemos a los peque\u00f1os ganaderos de Esmeraldas.","datePublished":"2021-04-26T13:54:10+00:00","dateModified":"2021-04-26T13:55:04+00:00","mainEntityOfPage":{"@id":"https:\/\/prefecturadeesmeraldas.gob.ec\/index.php\/2021\/04\/26\/fortalecemos-a-los-pequenos-ganaderos-de-esmeraldas\/"},"wordCount":182,"publisher":{"@id":"https:\/\/prefecturadeesmeraldas.gob.ec\/#organization"},"image":{"@id":"https:\/\/prefecturadeesmeraldas.gob.ec\/index.php\/2021\/04\/26\/fortalecemos-a-los-pequenos-ganaderos-de-esmeraldas\/#primaryimage"},"thumbnailUrl":"https:\/\/prefecturadeesmeraldas.gob.ec\/wp-content\/uploads\/2021\/04\/BOLETIN-0411.jpg","articleSection":["Fomento Productivo"],"inLanguage":"es"},{"@type":"WebPage","@id":"https:\/\/prefecturadeesmeraldas.gob.ec\/index.php\/2021\/04\/26\/fortalecemos-a-los-pequenos-ganaderos-de-esmeraldas\/","url":"https:\/\/prefecturadeesmeraldas.gob.ec\/index.php\/2021\/04\/26\/fortalecemos-a-los-pequenos-ganaderos-de-esmeraldas\/","name":"Fortalecemos a los peque\u00f1os ganaderos de Esmeraldas. - Gobierno Aut\u00f3nomo Descentralizado de la Provincia de Esmeraldas","isPartOf":{"@id":"https:\/\/prefecturadeesmeraldas.gob.ec\/#website"},"primaryImageOfPage":{"@id":"https:\/\/prefecturadeesmeraldas.gob.ec\/index.php\/2021\/04\/26\/fortalecemos-a-los-pequenos-ganaderos-de-esmeraldas\/#primaryimage"},"image":{"@id":"https:\/\/prefecturadeesmeraldas.gob.ec\/index.php\/2021\/04\/26\/fortalecemos-a-los-pequenos-ganaderos-de-esmeraldas\/#primaryimage"},"thumbnailUrl":"https:\/\/prefecturadeesmeraldas.gob.ec\/wp-content\/uploads\/2021\/04\/BOLETIN-0411.jpg","datePublished":"2021-04-26T13:54:10+00:00","dateModified":"2021-04-26T13:55:04+00:00","breadcrumb":{"@id":"https:\/\/prefecturadeesmeraldas.gob.ec\/index.php\/2021\/04\/26\/fortalecemos-a-los-pequenos-ganaderos-de-esmeraldas\/#breadcrumb"},"inLanguage":"es","potentialAction":[{"@type":"ReadAction","target":["https:\/\/prefecturadeesmeraldas.gob.ec\/index.php\/2021\/04\/26\/fortalecemos-a-los-pequenos-ganaderos-de-esmeraldas\/"]}]},{"@type":"ImageObject","inLanguage":"es","@id":"https:\/\/prefecturadeesmeraldas.gob.ec\/index.php\/2021\/04\/26\/fortalecemos-a-los-pequenos-ganaderos-de-esmeraldas\/#primaryimage","url":"https:\/\/prefecturadeesmeraldas.gob.ec\/wp-content\/uploads\/2021\/04\/BOLETIN-0411.jpg","contentUrl":"https:\/\/prefecturadeesmeraldas.gob.ec\/wp-content\/uploads\/2021\/04\/BOLETIN-0411.jpg","width":448,"height":598},{"@type":"BreadcrumbList","@id":"https:\/\/prefecturadeesmeraldas.gob.ec\/index.php\/2021\/04\/26\/fortalecemos-a-los-pequenos-ganaderos-de-esmeraldas\/#breadcrumb","itemListElement":[{"@type":"ListItem","position":1,"name":"Home","item":"https:\/\/prefecturadeesmeraldas.gob.ec\/"},{"@type":"ListItem","position":2,"name":"Fortalecemos a los peque\u00f1os ganaderos de Esmeraldas."}]},{"@type":"WebSite","@id":"https:\/\/prefecturadeesmeraldas.gob.ec\/#website","url":"https:\/\/prefecturadeesmeraldas.gob.ec\/","name":"Gobierno Aut\u00f3nomo Descentralizado de la Provincia de Esmeraldas","description":"Gobierno Aut\u00f3nomo Descentralizado de la Provincia de Esmeraldas","publisher":{"@id":"https:\/\/prefecturadeesmeraldas.gob.ec\/#organization"},"potentialAction":[{"@type":"SearchAction","target":{"@type":"EntryPoint","urlTemplate":"https:\/\/prefecturadeesmeraldas.gob.ec\/?s={search_term_string}"},"query-input":{"@type":"PropertyValueSpecification","valueRequired":true,"valueName":"search_term_string"}}],"inLanguage":"es"},{"@type":"Organization","@id":"https:\/\/prefecturadeesmeraldas.gob.ec\/#organization","name":"Gobierno Aut\u00f3nomo Descentralizado de la Provincia de Esmeraldas","url":"https:\/\/prefecturadeesmeraldas.gob.ec\/","logo":{"@type":"ImageObject","inLanguage":"es","@id":"https:\/\/prefecturadeesmeraldas.gob.ec\/#\/schema\/logo\/image\/","url":"https:\/\/prefecturadeesmeraldas.gob.ec\/wp-content\/uploads\/2019\/06\/logo.png","contentUrl":"https:\/\/prefecturadeesmeraldas.gob.ec\/wp-content\/uploads\/2019\/06\/logo.png","width":859,"height":448,"caption":"Gobierno Aut\u00f3nomo Descentralizado de la Provincia de Esmeraldas"},"image":{"@id":"https:\/\/prefecturadeesmeraldas.gob.ec\/#\/schema\/logo\/image\/"},"sameAs":["https:\/\/www.facebook.com\/PrefecturaEsmeraldas\/"]},{"@type":"Person","@id":"https:\/\/prefecturadeesmeraldas.gob.ec\/#\/schema\/person\/b0c9e7b1ead7725994d1e319e8825234","name":"Direcci\u00f3n de Comunicaci\u00f3n","image":{"@type":"ImageObject","inLanguage":"es","@id":"https:\/\/prefecturadeesmeraldas.gob.ec\/#\/schema\/person\/image\/","url":"https:\/\/secure.gravatar.com\/avatar\/74a3870a946f5d774ade3569af61a72308e07ad3346f370c4b468ee2a9858658?s=96&d=mm&r=g","contentUrl":"https:\/\/secure.gravatar.com\/avatar\/74a3870a946f5d774ade3569af61a72308e07ad3346f370c4b468ee2a9858658?s=96&d=mm&r=g","caption":"Direcci\u00f3n de Comunicaci\u00f3n"}}]}},"_links":{"self":[{"href":"https:\/\/prefecturadeesmeraldas.gob.ec\/index.php\/wp-json\/wp\/v2\/posts\/10480","targetHints":{"allow":["GET"]}}],"collection":[{"href":"https:\/\/prefecturadeesmeraldas.gob.ec\/index.php\/wp-json\/wp\/v2\/posts"}],"about":[{"href":"https:\/\/prefecturadeesmeraldas.gob.ec\/index.php\/wp-json\/wp\/v2\/types\/post"}],"author":[{"embeddable":true,"href":"https:\/\/prefecturadeesmeraldas.gob.ec\/index.php\/wp-json\/wp\/v2\/users\/2"}],"replies":[{"embeddable":true,"href":"https:\/\/prefecturadeesmeraldas.gob.ec\/index.php\/wp-json\/wp\/v2\/comments?post=10480"}],"version-history":[{"count":0,"href":"https:\/\/prefecturadeesmeraldas.gob.ec\/index.php\/wp-json\/wp\/v2\/posts\/10480\/revisions"}],"wp:featuredmedia":[{"embeddable":true,"href":"https:\/\/prefecturadeesmeraldas.gob.ec\/index.php\/wp-json\/wp\/v2\/media\/10465"}],"wp:attachment":[{"href":"https:\/\/prefecturadeesmeraldas.gob.ec\/index.php\/wp-json\/wp\/v2\/media?parent=10480"}],"wp:term":[{"taxonomy":"category","embeddable":true,"href":"https:\/\/prefecturadeesmeraldas.gob.ec\/index.php\/wp-json\/wp\/v2\/categories?post=10480"},{"taxonomy":"post_tag","embeddable":true,"href":"https:\/\/prefecturadeesmeraldas.gob.ec\/index.php\/wp-json\/wp\/v2\/tags?post=10480"}],"curies":[{"name":"wp","href":"https:\/\/api.w.org\/{rel}","templated":true}]}}