{"id":10468,"date":"2021-04-26T08:45:30","date_gmt":"2021-04-26T13:45:30","guid":{"rendered":"http:\/\/prefecturadeesmeraldas.gob.ec\/?p=10468"},"modified":"2021-04-26T08:46:21","modified_gmt":"2021-04-26T13:46:21","slug":"prefectura-fomenta-seguridad-y-soberania-alimentaria-en-rioverde","status":"publish","type":"post","link":"https:\/\/prefecturadeesmeraldas.gob.ec\/index.php\/2021\/04\/26\/prefectura-fomenta-seguridad-y-soberania-alimentaria-en-rioverde\/","title":{"rendered":"Prefectura fomenta seguridad y soberan\u00eda alimentaria en Rioverde."},"content":{"rendered":"\t\t<div data-elementor-type=\"wp-post\" data-elementor-id=\"10468\" class=\"elementor elementor-10468\">\n\t\t\t\t\t\t<section class=\"elementor-section elementor-top-section elementor-element elementor-element-587aca3 elementor-section-boxed elementor-section-height-default elementor-section-height-default\" data-id=\"587aca3\" data-element_type=\"section\">\n\t\t\t\t\t\t<div class=\"elementor-container elementor-column-gap-default\">\n\t\t\t\t\t<div class=\"elementor-column elementor-col-100 elementor-top-column elementor-element elementor-element-c097d11\" data-id=\"c097d11\" data-element_type=\"column\">\n\t\t\t<div class=\"elementor-widget-wrap elementor-element-populated\">\n\t\t\t\t\t\t<div class=\"elementor-element elementor-element-1488191 elementor-widget elementor-widget-image\" data-id=\"1488191\" data-element_type=\"widget\" data-widget_type=\"image.default\">\n\t\t\t\t<div class=\"elementor-widget-container\">\n\t\t\t\t\t\t\t\t\t\t\t\t\t\t\t<img fetchpriority=\"high\" decoding=\"async\" width=\"1022\" height=\"1024\" src=\"https:\/\/prefecturadeesmeraldas.gob.ec\/wp-content\/uploads\/2021\/04\/BOLETIN-0407-1022x1024.jpg\" class=\"attachment-large size-large wp-image-10461\" alt=\"\" srcset=\"https:\/\/prefecturadeesmeraldas.gob.ec\/wp-content\/uploads\/2021\/04\/BOLETIN-0407-1022x1024.jpg 1022w, https:\/\/prefecturadeesmeraldas.gob.ec\/wp-content\/uploads\/2021\/04\/BOLETIN-0407-240x240.jpg 240w, https:\/\/prefecturadeesmeraldas.gob.ec\/wp-content\/uploads\/2021\/04\/BOLETIN-0407-1080x1082.jpg 1080w, https:\/\/prefecturadeesmeraldas.gob.ec\/wp-content\/uploads\/2021\/04\/BOLETIN-0407-150x150.jpg 150w, https:\/\/prefecturadeesmeraldas.gob.ec\/wp-content\/uploads\/2021\/04\/BOLETIN-0407-300x300.jpg 300w, https:\/\/prefecturadeesmeraldas.gob.ec\/wp-content\/uploads\/2021\/04\/BOLETIN-0407-768x769.jpg 768w, https:\/\/prefecturadeesmeraldas.gob.ec\/wp-content\/uploads\/2021\/04\/BOLETIN-0407.jpg 1132w\" sizes=\"(max-width: 1022px) 100vw, 1022px\" \/>\t\t\t\t\t\t\t\t\t\t\t\t\t\t\t<\/div>\n\t\t\t\t<\/div>\n\t\t\t\t\t<\/div>\n\t\t<\/div>\n\t\t\t\t\t<\/div>\n\t\t<\/section>\n\t\t\t\t<section class=\"elementor-section elementor-top-section elementor-element elementor-element-d9fa458 elementor-section-boxed elementor-section-height-default elementor-section-height-default\" data-id=\"d9fa458\" data-element_type=\"section\">\n\t\t\t\t\t\t<div class=\"elementor-container elementor-column-gap-default\">\n\t\t\t\t\t<div class=\"elementor-column elementor-col-100 elementor-top-column elementor-element elementor-element-847c0e9\" data-id=\"847c0e9\" data-element_type=\"column\">\n\t\t\t<div class=\"elementor-widget-wrap elementor-element-populated\">\n\t\t\t\t\t\t<div class=\"elementor-element elementor-element-3373c2d elementor-widget elementor-widget-text-editor\" data-id=\"3373c2d\" data-element_type=\"widget\" data-widget_type=\"text-editor.default\">\n\t\t\t\t<div class=\"elementor-widget-container\">\n\t\t\t\t\t\t\t\t\t<p>Generando oportunidades, la Prefectura de Esmeraldas a trav\u00e9s de la Direcci\u00f3n de Gesti\u00f3n Ambiental, entreg\u00f3 implementos para la rehabilitaci\u00f3n del sistema el\u00e9ctrico de un proyecto acu\u00edcola, ubicado en la comunidad El Palacio, de la parroquia Rocafuerte.<\/p><p><\/p><p>Este emprendimiento cuenta con 8 piscinas circulares para la producci\u00f3n de tilapias, siendo beneficiadas 14 familias que son parte de la Asociaci\u00f3n Rocafuerte.<\/p><p><\/p><p>Carlos Valencia, t\u00e9cnico de Fomento Productivo, indic\u00f3 que con la entrega de estos implementos se da inicio a la primera etapa en este proyecto de tilapias, que garantizar\u00e1 la productividad y reactivaci\u00f3n econ\u00f3mica del sector.<\/p><p><\/p><p>Por su parte, <strong>Dorian Estupi\u00f1\u00e1n<\/strong>, coodinadora de Aso &#8211; Rocafuerte, explic\u00f3 que la Prefectura de Esmeraldas, liderada por una mujer luchadora como la Ab. Roberta Zambrano, puso en marcha la rehabilitaci\u00f3n de este proyecto de geomenbranas que estaba abandonado.<\/p><p><\/p><p>\u201cEstamos avanzando, la Prefectura cumple con nuestra petici\u00f3n, este es el inicio de grandes logros de la asociaci\u00f3n, agradecemos por la confianza puesta en nosotros\u201d, expres\u00f3 la emprendedora.<\/p>\t\t\t\t\t\t\t\t<\/div>\n\t\t\t\t<\/div>\n\t\t\t\t\t<\/div>\n\t\t<\/div>\n\t\t\t\t\t<\/div>\n\t\t<\/section>\n\t\t\t\t<\/div>\n\t\t","protected":false},"excerpt":{"rendered":"<p>Generando oportunidades, la Prefectura de Esmeraldas a trav\u00e9s de la Direcci\u00f3n de Gesti\u00f3n Ambiental, entreg\u00f3 implementos para la rehabilitaci\u00f3n del sistema el\u00e9ctrico de un proyecto acu\u00edcola, ubicado en la comunidad El Palacio, de la parroquia Rocafuerte. Este emprendimiento cuenta con 8 piscinas circulares para la producci\u00f3n de tilapias, siendo beneficiadas 14 familias que son parte [&hellip;]<\/p>\n","protected":false},"author":2,"featured_media":10461,"comment_status":"closed","ping_status":"open","sticky":false,"template":"","format":"standard","meta":{"footnotes":""},"categories":[12],"tags":[],"class_list":["post-10468","post","type-post","status-publish","format-standard","has-post-thumbnail","hentry","category-fomento_productivo_2019"],"yoast_head":"<!-- This site is optimized with the Yoast SEO plugin v25.7 - https:\/\/yoast.com\/wordpress\/plugins\/seo\/ -->\n<title>Prefectura fomenta seguridad y soberan\u00eda alimentaria en Rioverde. - Gobierno Aut\u00f3nomo Descentralizado de la Provincia de Esmeraldas<\/title>\n<meta name=\"robots\" content=\"index, follow, max-snippet:-1, max-image-preview:large, max-video-preview:-1\" \/>\n<link rel=\"canonical\" href=\"https:\/\/prefecturadeesmeraldas.gob.ec\/index.php\/2021\/04\/26\/prefectura-fomenta-seguridad-y-soberania-alimentaria-en-rioverde\/\" \/>\n<meta property=\"og:locale\" content=\"es_ES\" \/>\n<meta property=\"og:type\" content=\"article\" \/>\n<meta property=\"og:title\" content=\"Prefectura fomenta seguridad y soberan\u00eda alimentaria en Rioverde. - Gobierno Aut\u00f3nomo Descentralizado de la Provincia de Esmeraldas\" \/>\n<meta property=\"og:description\" content=\"Generando oportunidades, la Prefectura de Esmeraldas a trav\u00e9s de la Direcci\u00f3n de Gesti\u00f3n Ambiental, entreg\u00f3 implementos para la rehabilitaci\u00f3n del sistema el\u00e9ctrico de un proyecto acu\u00edcola, ubicado en la comunidad El Palacio, de la parroquia Rocafuerte. Este emprendimiento cuenta con 8 piscinas circulares para la producci\u00f3n de tilapias, siendo beneficiadas 14 familias que son parte [&hellip;]\" \/>\n<meta property=\"og:url\" content=\"https:\/\/prefecturadeesmeraldas.gob.ec\/index.php\/2021\/04\/26\/prefectura-fomenta-seguridad-y-soberania-alimentaria-en-rioverde\/\" \/>\n<meta property=\"og:site_name\" content=\"Gobierno Aut\u00f3nomo Descentralizado de la Provincia de Esmeraldas\" \/>\n<meta property=\"article:publisher\" content=\"https:\/\/www.facebook.com\/PrefecturaEsmeraldas\/\" \/>\n<meta property=\"article:published_time\" content=\"2021-04-26T13:45:30+00:00\" \/>\n<meta property=\"article:modified_time\" content=\"2021-04-26T13:46:21+00:00\" \/>\n<meta property=\"og:image\" content=\"https:\/\/prefecturadeesmeraldas.gob.ec\/wp-content\/uploads\/2021\/04\/BOLETIN-0407.jpg\" \/>\n\t<meta property=\"og:image:width\" content=\"1132\" \/>\n\t<meta property=\"og:image:height\" content=\"1134\" \/>\n\t<meta property=\"og:image:type\" content=\"image\/jpeg\" \/>\n<meta name=\"author\" content=\"Direcci\u00f3n de Comunicaci\u00f3n\" \/>\n<meta name=\"twitter:card\" content=\"summary_large_image\" \/>\n<meta name=\"twitter:label1\" content=\"Escrito por\" \/>\n\t<meta name=\"twitter:data1\" content=\"Direcci\u00f3n de Comunicaci\u00f3n\" \/>\n\t<meta name=\"twitter:label2\" content=\"Tiempo de lectura\" \/>\n\t<meta name=\"twitter:data2\" content=\"1 minuto\" \/>\n<script type=\"application\/ld+json\" class=\"yoast-schema-graph\">{\"@context\":\"https:\/\/schema.org\",\"@graph\":[{\"@type\":\"Article\",\"@id\":\"https:\/\/prefecturadeesmeraldas.gob.ec\/index.php\/2021\/04\/26\/prefectura-fomenta-seguridad-y-soberania-alimentaria-en-rioverde\/#article\",\"isPartOf\":{\"@id\":\"https:\/\/prefecturadeesmeraldas.gob.ec\/index.php\/2021\/04\/26\/prefectura-fomenta-seguridad-y-soberania-alimentaria-en-rioverde\/\"},\"author\":{\"name\":\"Direcci\u00f3n de Comunicaci\u00f3n\",\"@id\":\"https:\/\/prefecturadeesmeraldas.gob.ec\/#\/schema\/person\/b0c9e7b1ead7725994d1e319e8825234\"},\"headline\":\"Prefectura fomenta seguridad y soberan\u00eda alimentaria en Rioverde.\",\"datePublished\":\"2021-04-26T13:45:30+00:00\",\"dateModified\":\"2021-04-26T13:46:21+00:00\",\"mainEntityOfPage\":{\"@id\":\"https:\/\/prefecturadeesmeraldas.gob.ec\/index.php\/2021\/04\/26\/prefectura-fomenta-seguridad-y-soberania-alimentaria-en-rioverde\/\"},\"wordCount\":183,\"publisher\":{\"@id\":\"https:\/\/prefecturadeesmeraldas.gob.ec\/#organization\"},\"image\":{\"@id\":\"https:\/\/prefecturadeesmeraldas.gob.ec\/index.php\/2021\/04\/26\/prefectura-fomenta-seguridad-y-soberania-alimentaria-en-rioverde\/#primaryimage\"},\"thumbnailUrl\":\"https:\/\/prefecturadeesmeraldas.gob.ec\/wp-content\/uploads\/2021\/04\/BOLETIN-0407.jpg\",\"articleSection\":[\"Fomento Productivo\"],\"inLanguage\":\"es\"},{\"@type\":\"WebPage\",\"@id\":\"https:\/\/prefecturadeesmeraldas.gob.ec\/index.php\/2021\/04\/26\/prefectura-fomenta-seguridad-y-soberania-alimentaria-en-rioverde\/\",\"url\":\"https:\/\/prefecturadeesmeraldas.gob.ec\/index.php\/2021\/04\/26\/prefectura-fomenta-seguridad-y-soberania-alimentaria-en-rioverde\/\",\"name\":\"Prefectura fomenta seguridad y soberan\u00eda alimentaria en Rioverde. - Gobierno Aut\u00f3nomo Descentralizado de la Provincia de Esmeraldas\",\"isPartOf\":{\"@id\":\"https:\/\/prefecturadeesmeraldas.gob.ec\/#website\"},\"primaryImageOfPage\":{\"@id\":\"https:\/\/prefecturadeesmeraldas.gob.ec\/index.php\/2021\/04\/26\/prefectura-fomenta-seguridad-y-soberania-alimentaria-en-rioverde\/#primaryimage\"},\"image\":{\"@id\":\"https:\/\/prefecturadeesmeraldas.gob.ec\/index.php\/2021\/04\/26\/prefectura-fomenta-seguridad-y-soberania-alimentaria-en-rioverde\/#primaryimage\"},\"thumbnailUrl\":\"https:\/\/prefecturadeesmeraldas.gob.ec\/wp-content\/uploads\/2021\/04\/BOLETIN-0407.jpg\",\"datePublished\":\"2021-04-26T13:45:30+00:00\",\"dateModified\":\"2021-04-26T13:46:21+00:00\",\"breadcrumb\":{\"@id\":\"https:\/\/prefecturadeesmeraldas.gob.ec\/index.php\/2021\/04\/26\/prefectura-fomenta-seguridad-y-soberania-alimentaria-en-rioverde\/#breadcrumb\"},\"inLanguage\":\"es\",\"potentialAction\":[{\"@type\":\"ReadAction\",\"target\":[\"https:\/\/prefecturadeesmeraldas.gob.ec\/index.php\/2021\/04\/26\/prefectura-fomenta-seguridad-y-soberania-alimentaria-en-rioverde\/\"]}]},{\"@type\":\"ImageObject\",\"inLanguage\":\"es\",\"@id\":\"https:\/\/prefecturadeesmeraldas.gob.ec\/index.php\/2021\/04\/26\/prefectura-fomenta-seguridad-y-soberania-alimentaria-en-rioverde\/#primaryimage\",\"url\":\"https:\/\/prefecturadeesmeraldas.gob.ec\/wp-content\/uploads\/2021\/04\/BOLETIN-0407.jpg\",\"contentUrl\":\"https:\/\/prefecturadeesmeraldas.gob.ec\/wp-content\/uploads\/2021\/04\/BOLETIN-0407.jpg\",\"width\":1132,\"height\":1134},{\"@type\":\"BreadcrumbList\",\"@id\":\"https:\/\/prefecturadeesmeraldas.gob.ec\/index.php\/2021\/04\/26\/prefectura-fomenta-seguridad-y-soberania-alimentaria-en-rioverde\/#breadcrumb\",\"itemListElement\":[{\"@type\":\"ListItem\",\"position\":1,\"name\":\"Home\",\"item\":\"https:\/\/prefecturadeesmeraldas.gob.ec\/\"},{\"@type\":\"ListItem\",\"position\":2,\"name\":\"Prefectura fomenta seguridad y soberan\u00eda alimentaria en Rioverde.\"}]},{\"@type\":\"WebSite\",\"@id\":\"https:\/\/prefecturadeesmeraldas.gob.ec\/#website\",\"url\":\"https:\/\/prefecturadeesmeraldas.gob.ec\/\",\"name\":\"Gobierno Aut\u00f3nomo Descentralizado de la Provincia de Esmeraldas\",\"description\":\"Gobierno Aut\u00f3nomo Descentralizado de la Provincia de Esmeraldas\",\"publisher\":{\"@id\":\"https:\/\/prefecturadeesmeraldas.gob.ec\/#organization\"},\"potentialAction\":[{\"@type\":\"SearchAction\",\"target\":{\"@type\":\"EntryPoint\",\"urlTemplate\":\"https:\/\/prefecturadeesmeraldas.gob.ec\/?s={search_term_string}\"},\"query-input\":{\"@type\":\"PropertyValueSpecification\",\"valueRequired\":true,\"valueName\":\"search_term_string\"}}],\"inLanguage\":\"es\"},{\"@type\":\"Organization\",\"@id\":\"https:\/\/prefecturadeesmeraldas.gob.ec\/#organization\",\"name\":\"Gobierno Aut\u00f3nomo Descentralizado de la Provincia de Esmeraldas\",\"url\":\"https:\/\/prefecturadeesmeraldas.gob.ec\/\",\"logo\":{\"@type\":\"ImageObject\",\"inLanguage\":\"es\",\"@id\":\"https:\/\/prefecturadeesmeraldas.gob.ec\/#\/schema\/logo\/image\/\",\"url\":\"https:\/\/prefecturadeesmeraldas.gob.ec\/wp-content\/uploads\/2019\/06\/logo.png\",\"contentUrl\":\"https:\/\/prefecturadeesmeraldas.gob.ec\/wp-content\/uploads\/2019\/06\/logo.png\",\"width\":859,\"height\":448,\"caption\":\"Gobierno Aut\u00f3nomo Descentralizado de la Provincia de Esmeraldas\"},\"image\":{\"@id\":\"https:\/\/prefecturadeesmeraldas.gob.ec\/#\/schema\/logo\/image\/\"},\"sameAs\":[\"https:\/\/www.facebook.com\/PrefecturaEsmeraldas\/\"]},{\"@type\":\"Person\",\"@id\":\"https:\/\/prefecturadeesmeraldas.gob.ec\/#\/schema\/person\/b0c9e7b1ead7725994d1e319e8825234\",\"name\":\"Direcci\u00f3n de Comunicaci\u00f3n\",\"image\":{\"@type\":\"ImageObject\",\"inLanguage\":\"es\",\"@id\":\"https:\/\/prefecturadeesmeraldas.gob.ec\/#\/schema\/person\/image\/\",\"url\":\"https:\/\/secure.gravatar.com\/avatar\/74a3870a946f5d774ade3569af61a72308e07ad3346f370c4b468ee2a9858658?s=96&d=mm&r=g\",\"contentUrl\":\"https:\/\/secure.gravatar.com\/avatar\/74a3870a946f5d774ade3569af61a72308e07ad3346f370c4b468ee2a9858658?s=96&d=mm&r=g\",\"caption\":\"Direcci\u00f3n de Comunicaci\u00f3n\"}}]}<\/script>\n<!-- \/ Yoast SEO plugin. -->","yoast_head_json":{"title":"Prefectura fomenta seguridad y soberan\u00eda alimentaria en Rioverde. - Gobierno Aut\u00f3nomo Descentralizado de la Provincia de Esmeraldas","robots":{"index":"index","follow":"follow","max-snippet":"max-snippet:-1","max-image-preview":"max-image-preview:large","max-video-preview":"max-video-preview:-1"},"canonical":"https:\/\/prefecturadeesmeraldas.gob.ec\/index.php\/2021\/04\/26\/prefectura-fomenta-seguridad-y-soberania-alimentaria-en-rioverde\/","og_locale":"es_ES","og_type":"article","og_title":"Prefectura fomenta seguridad y soberan\u00eda alimentaria en Rioverde. - Gobierno Aut\u00f3nomo Descentralizado de la Provincia de Esmeraldas","og_description":"Generando oportunidades, la Prefectura de Esmeraldas a trav\u00e9s de la Direcci\u00f3n de Gesti\u00f3n Ambiental, entreg\u00f3 implementos para la rehabilitaci\u00f3n del sistema el\u00e9ctrico de un proyecto acu\u00edcola, ubicado en la comunidad El Palacio, de la parroquia Rocafuerte. Este emprendimiento cuenta con 8 piscinas circulares para la producci\u00f3n de tilapias, siendo beneficiadas 14 familias que son parte [&hellip;]","og_url":"https:\/\/prefecturadeesmeraldas.gob.ec\/index.php\/2021\/04\/26\/prefectura-fomenta-seguridad-y-soberania-alimentaria-en-rioverde\/","og_site_name":"Gobierno Aut\u00f3nomo Descentralizado de la Provincia de Esmeraldas","article_publisher":"https:\/\/www.facebook.com\/PrefecturaEsmeraldas\/","article_published_time":"2021-04-26T13:45:30+00:00","article_modified_time":"2021-04-26T13:46:21+00:00","og_image":[{"width":1132,"height":1134,"url":"https:\/\/prefecturadeesmeraldas.gob.ec\/wp-content\/uploads\/2021\/04\/BOLETIN-0407.jpg","type":"image\/jpeg"}],"author":"Direcci\u00f3n de Comunicaci\u00f3n","twitter_card":"summary_large_image","twitter_misc":{"Escrito por":"Direcci\u00f3n de Comunicaci\u00f3n","Tiempo de lectura":"1 minuto"},"schema":{"@context":"https:\/\/schema.org","@graph":[{"@type":"Article","@id":"https:\/\/prefecturadeesmeraldas.gob.ec\/index.php\/2021\/04\/26\/prefectura-fomenta-seguridad-y-soberania-alimentaria-en-rioverde\/#article","isPartOf":{"@id":"https:\/\/prefecturadeesmeraldas.gob.ec\/index.php\/2021\/04\/26\/prefectura-fomenta-seguridad-y-soberania-alimentaria-en-rioverde\/"},"author":{"name":"Direcci\u00f3n de Comunicaci\u00f3n","@id":"https:\/\/prefecturadeesmeraldas.gob.ec\/#\/schema\/person\/b0c9e7b1ead7725994d1e319e8825234"},"headline":"Prefectura fomenta seguridad y soberan\u00eda alimentaria en Rioverde.","datePublished":"2021-04-26T13:45:30+00:00","dateModified":"2021-04-26T13:46:21+00:00","mainEntityOfPage":{"@id":"https:\/\/prefecturadeesmeraldas.gob.ec\/index.php\/2021\/04\/26\/prefectura-fomenta-seguridad-y-soberania-alimentaria-en-rioverde\/"},"wordCount":183,"publisher":{"@id":"https:\/\/prefecturadeesmeraldas.gob.ec\/#organization"},"image":{"@id":"https:\/\/prefecturadeesmeraldas.gob.ec\/index.php\/2021\/04\/26\/prefectura-fomenta-seguridad-y-soberania-alimentaria-en-rioverde\/#primaryimage"},"thumbnailUrl":"https:\/\/prefecturadeesmeraldas.gob.ec\/wp-content\/uploads\/2021\/04\/BOLETIN-0407.jpg","articleSection":["Fomento Productivo"],"inLanguage":"es"},{"@type":"WebPage","@id":"https:\/\/prefecturadeesmeraldas.gob.ec\/index.php\/2021\/04\/26\/prefectura-fomenta-seguridad-y-soberania-alimentaria-en-rioverde\/","url":"https:\/\/prefecturadeesmeraldas.gob.ec\/index.php\/2021\/04\/26\/prefectura-fomenta-seguridad-y-soberania-alimentaria-en-rioverde\/","name":"Prefectura fomenta seguridad y soberan\u00eda alimentaria en Rioverde. - Gobierno Aut\u00f3nomo Descentralizado de la Provincia de Esmeraldas","isPartOf":{"@id":"https:\/\/prefecturadeesmeraldas.gob.ec\/#website"},"primaryImageOfPage":{"@id":"https:\/\/prefecturadeesmeraldas.gob.ec\/index.php\/2021\/04\/26\/prefectura-fomenta-seguridad-y-soberania-alimentaria-en-rioverde\/#primaryimage"},"image":{"@id":"https:\/\/prefecturadeesmeraldas.gob.ec\/index.php\/2021\/04\/26\/prefectura-fomenta-seguridad-y-soberania-alimentaria-en-rioverde\/#primaryimage"},"thumbnailUrl":"https:\/\/prefecturadeesmeraldas.gob.ec\/wp-content\/uploads\/2021\/04\/BOLETIN-0407.jpg","datePublished":"2021-04-26T13:45:30+00:00","dateModified":"2021-04-26T13:46:21+00:00","breadcrumb":{"@id":"https:\/\/prefecturadeesmeraldas.gob.ec\/index.php\/2021\/04\/26\/prefectura-fomenta-seguridad-y-soberania-alimentaria-en-rioverde\/#breadcrumb"},"inLanguage":"es","potentialAction":[{"@type":"ReadAction","target":["https:\/\/prefecturadeesmeraldas.gob.ec\/index.php\/2021\/04\/26\/prefectura-fomenta-seguridad-y-soberania-alimentaria-en-rioverde\/"]}]},{"@type":"ImageObject","inLanguage":"es","@id":"https:\/\/prefecturadeesmeraldas.gob.ec\/index.php\/2021\/04\/26\/prefectura-fomenta-seguridad-y-soberania-alimentaria-en-rioverde\/#primaryimage","url":"https:\/\/prefecturadeesmeraldas.gob.ec\/wp-content\/uploads\/2021\/04\/BOLETIN-0407.jpg","contentUrl":"https:\/\/prefecturadeesmeraldas.gob.ec\/wp-content\/uploads\/2021\/04\/BOLETIN-0407.jpg","width":1132,"height":1134},{"@type":"BreadcrumbList","@id":"https:\/\/prefecturadeesmeraldas.gob.ec\/index.php\/2021\/04\/26\/prefectura-fomenta-seguridad-y-soberania-alimentaria-en-rioverde\/#breadcrumb","itemListElement":[{"@type":"ListItem","position":1,"name":"Home","item":"https:\/\/prefecturadeesmeraldas.gob.ec\/"},{"@type":"ListItem","position":2,"name":"Prefectura fomenta seguridad y soberan\u00eda alimentaria en Rioverde."}]},{"@type":"WebSite","@id":"https:\/\/prefecturadeesmeraldas.gob.ec\/#website","url":"https:\/\/prefecturadeesmeraldas.gob.ec\/","name":"Gobierno Aut\u00f3nomo Descentralizado de la Provincia de Esmeraldas","description":"Gobierno Aut\u00f3nomo Descentralizado de la Provincia de Esmeraldas","publisher":{"@id":"https:\/\/prefecturadeesmeraldas.gob.ec\/#organization"},"potentialAction":[{"@type":"SearchAction","target":{"@type":"EntryPoint","urlTemplate":"https:\/\/prefecturadeesmeraldas.gob.ec\/?s={search_term_string}"},"query-input":{"@type":"PropertyValueSpecification","valueRequired":true,"valueName":"search_term_string"}}],"inLanguage":"es"},{"@type":"Organization","@id":"https:\/\/prefecturadeesmeraldas.gob.ec\/#organization","name":"Gobierno Aut\u00f3nomo Descentralizado de la Provincia de Esmeraldas","url":"https:\/\/prefecturadeesmeraldas.gob.ec\/","logo":{"@type":"ImageObject","inLanguage":"es","@id":"https:\/\/prefecturadeesmeraldas.gob.ec\/#\/schema\/logo\/image\/","url":"https:\/\/prefecturadeesmeraldas.gob.ec\/wp-content\/uploads\/2019\/06\/logo.png","contentUrl":"https:\/\/prefecturadeesmeraldas.gob.ec\/wp-content\/uploads\/2019\/06\/logo.png","width":859,"height":448,"caption":"Gobierno Aut\u00f3nomo Descentralizado de la Provincia de Esmeraldas"},"image":{"@id":"https:\/\/prefecturadeesmeraldas.gob.ec\/#\/schema\/logo\/image\/"},"sameAs":["https:\/\/www.facebook.com\/PrefecturaEsmeraldas\/"]},{"@type":"Person","@id":"https:\/\/prefecturadeesmeraldas.gob.ec\/#\/schema\/person\/b0c9e7b1ead7725994d1e319e8825234","name":"Direcci\u00f3n de Comunicaci\u00f3n","image":{"@type":"ImageObject","inLanguage":"es","@id":"https:\/\/prefecturadeesmeraldas.gob.ec\/#\/schema\/person\/image\/","url":"https:\/\/secure.gravatar.com\/avatar\/74a3870a946f5d774ade3569af61a72308e07ad3346f370c4b468ee2a9858658?s=96&d=mm&r=g","contentUrl":"https:\/\/secure.gravatar.com\/avatar\/74a3870a946f5d774ade3569af61a72308e07ad3346f370c4b468ee2a9858658?s=96&d=mm&r=g","caption":"Direcci\u00f3n de Comunicaci\u00f3n"}}]}},"_links":{"self":[{"href":"https:\/\/prefecturadeesmeraldas.gob.ec\/index.php\/wp-json\/wp\/v2\/posts\/10468","targetHints":{"allow":["GET"]}}],"collection":[{"href":"https:\/\/prefecturadeesmeraldas.gob.ec\/index.php\/wp-json\/wp\/v2\/posts"}],"about":[{"href":"https:\/\/prefecturadeesmeraldas.gob.ec\/index.php\/wp-json\/wp\/v2\/types\/post"}],"author":[{"embeddable":true,"href":"https:\/\/prefecturadeesmeraldas.gob.ec\/index.php\/wp-json\/wp\/v2\/users\/2"}],"replies":[{"embeddable":true,"href":"https:\/\/prefecturadeesmeraldas.gob.ec\/index.php\/wp-json\/wp\/v2\/comments?post=10468"}],"version-history":[{"count":0,"href":"https:\/\/prefecturadeesmeraldas.gob.ec\/index.php\/wp-json\/wp\/v2\/posts\/10468\/revisions"}],"wp:featuredmedia":[{"embeddable":true,"href":"https:\/\/prefecturadeesmeraldas.gob.ec\/index.php\/wp-json\/wp\/v2\/media\/10461"}],"wp:attachment":[{"href":"https:\/\/prefecturadeesmeraldas.gob.ec\/index.php\/wp-json\/wp\/v2\/media?parent=10468"}],"wp:term":[{"taxonomy":"category","embeddable":true,"href":"https:\/\/prefecturadeesmeraldas.gob.ec\/index.php\/wp-json\/wp\/v2\/categories?post=10468"},{"taxonomy":"post_tag","embeddable":true,"href":"https:\/\/prefecturadeesmeraldas.gob.ec\/index.php\/wp-json\/wp\/v2\/tags?post=10468"}],"curies":[{"name":"wp","href":"https:\/\/api.w.org\/{rel}","templated":true}]}}