{"id":10165,"date":"2021-03-26T10:48:45","date_gmt":"2021-03-26T15:48:45","guid":{"rendered":"http:\/\/prefecturadeesmeraldas.gob.ec\/?p=10165"},"modified":"2021-03-26T10:49:28","modified_gmt":"2021-03-26T15:49:28","slug":"secretaria-tecnica-de-planifica-ecuador-mantuvo-reunion-de-trabajo-con-la-prefecta-de-esmeraldas","status":"publish","type":"post","link":"https:\/\/prefecturadeesmeraldas.gob.ec\/index.php\/2021\/03\/26\/secretaria-tecnica-de-planifica-ecuador-mantuvo-reunion-de-trabajo-con-la-prefecta-de-esmeraldas\/","title":{"rendered":"Secretaria T\u00e9cnica de Planifica Ecuador mantuvo reuni\u00f3n de trabajo con la Prefecta de Esmeraldas."},"content":{"rendered":"\t\t<div data-elementor-type=\"wp-post\" data-elementor-id=\"10165\" class=\"elementor elementor-10165\">\n\t\t\t\t\t\t<section class=\"elementor-section elementor-top-section elementor-element elementor-element-87e8003 elementor-section-boxed elementor-section-height-default elementor-section-height-default\" data-id=\"87e8003\" data-element_type=\"section\">\n\t\t\t\t\t\t<div class=\"elementor-container elementor-column-gap-default\">\n\t\t\t\t\t<div class=\"elementor-column elementor-col-100 elementor-top-column elementor-element elementor-element-37e8843\" data-id=\"37e8843\" data-element_type=\"column\">\n\t\t\t<div class=\"elementor-widget-wrap elementor-element-populated\">\n\t\t\t\t\t\t<div class=\"elementor-element elementor-element-e2b868a elementor-widget elementor-widget-image\" data-id=\"e2b868a\" data-element_type=\"widget\" data-widget_type=\"image.default\">\n\t\t\t\t<div class=\"elementor-widget-container\">\n\t\t\t\t\t\t\t\t\t\t\t\t\t\t\t<img fetchpriority=\"high\" decoding=\"async\" width=\"1024\" height=\"1024\" src=\"https:\/\/prefecturadeesmeraldas.gob.ec\/wp-content\/uploads\/2021\/03\/WhatsApp-Image-2021-03-24-at-14.15.13-1024x1024.jpeg\" class=\"attachment-large size-large wp-image-10166\" alt=\"\" srcset=\"https:\/\/prefecturadeesmeraldas.gob.ec\/wp-content\/uploads\/2021\/03\/WhatsApp-Image-2021-03-24-at-14.15.13-1024x1024.jpeg 1024w, https:\/\/prefecturadeesmeraldas.gob.ec\/wp-content\/uploads\/2021\/03\/WhatsApp-Image-2021-03-24-at-14.15.13-240x240.jpeg 240w, https:\/\/prefecturadeesmeraldas.gob.ec\/wp-content\/uploads\/2021\/03\/WhatsApp-Image-2021-03-24-at-14.15.13-1080x1080.jpeg 1080w, https:\/\/prefecturadeesmeraldas.gob.ec\/wp-content\/uploads\/2021\/03\/WhatsApp-Image-2021-03-24-at-14.15.13-150x150.jpeg 150w, https:\/\/prefecturadeesmeraldas.gob.ec\/wp-content\/uploads\/2021\/03\/WhatsApp-Image-2021-03-24-at-14.15.13-300x300.jpeg 300w, https:\/\/prefecturadeesmeraldas.gob.ec\/wp-content\/uploads\/2021\/03\/WhatsApp-Image-2021-03-24-at-14.15.13-768x768.jpeg 768w, https:\/\/prefecturadeesmeraldas.gob.ec\/wp-content\/uploads\/2021\/03\/WhatsApp-Image-2021-03-24-at-14.15.13.jpeg 1280w\" sizes=\"(max-width: 1024px) 100vw, 1024px\" \/>\t\t\t\t\t\t\t\t\t\t\t\t\t\t\t<\/div>\n\t\t\t\t<\/div>\n\t\t\t\t\t<\/div>\n\t\t<\/div>\n\t\t\t\t\t<\/div>\n\t\t<\/section>\n\t\t\t\t<section class=\"elementor-section elementor-top-section elementor-element elementor-element-878fa71 elementor-section-boxed elementor-section-height-default elementor-section-height-default\" data-id=\"878fa71\" data-element_type=\"section\">\n\t\t\t\t\t\t<div class=\"elementor-container elementor-column-gap-default\">\n\t\t\t\t\t<div class=\"elementor-column elementor-col-100 elementor-top-column elementor-element elementor-element-a7cf2c1\" data-id=\"a7cf2c1\" data-element_type=\"column\">\n\t\t\t<div class=\"elementor-widget-wrap elementor-element-populated\">\n\t\t\t\t\t\t<div class=\"elementor-element elementor-element-1acbfd0 elementor-widget elementor-widget-text-editor\" data-id=\"1acbfd0\" data-element_type=\"widget\" data-widget_type=\"text-editor.default\">\n\t\t\t\t<div class=\"elementor-widget-container\">\n\t\t\t\t\t\t\t\t\t<p>La Secretaria T\u00e9cnica de Planifica Ecuador, <strong>Sandra Argotty<\/strong>, mantuvo una reuni\u00f3n de trabajo con la prefecta <strong>Roberta Zambrano<\/strong>, para ratificar el compromiso del Gobierno de respaldar el trabajo de la Prefectura de Esmeraldas e impulsar nuevas obras para el desarrollo provincial.<\/p><p>Entre las nuevas obras que se anunciar\u00e1n pr\u00f3ximamente, ya de manera oficial, se encuentra la construcci\u00f3n del mega parque deportivo y familiar a construirse en Tachina con un monto superior de inversi\u00f3n a los 6 millones de d\u00f3lares.<\/p><p>Sandra Argotty, dijo que se est\u00e1 trabajando para hacer realidad otros proyectos en convenio con la Secretar\u00eda de la Reconstrucci\u00f3n, de manera tal que, Esmeraldas reciba las obras que no recibi\u00f3 luego de ser afectada por el terremoto del 16 de abril del 2016.<\/p>\t\t\t\t\t\t\t\t<\/div>\n\t\t\t\t<\/div>\n\t\t\t\t\t<\/div>\n\t\t<\/div>\n\t\t\t\t\t<\/div>\n\t\t<\/section>\n\t\t\t\t<\/div>\n\t\t","protected":false},"excerpt":{"rendered":"<p>La Secretaria T\u00e9cnica de Planifica Ecuador, Sandra Argotty, mantuvo una reuni\u00f3n de trabajo con la prefecta Roberta Zambrano, para ratificar el compromiso del Gobierno de respaldar el trabajo de la Prefectura de Esmeraldas e impulsar nuevas obras para el desarrollo provincial. Entre las nuevas obras que se anunciar\u00e1n pr\u00f3ximamente, ya de manera oficial, se encuentra [&hellip;]<\/p>\n","protected":false},"author":2,"featured_media":10166,"comment_status":"closed","ping_status":"open","sticky":false,"template":"","format":"standard","meta":{"footnotes":""},"categories":[3],"tags":[],"class_list":["post-10165","post","type-post","status-publish","format-standard","has-post-thumbnail","hentry","category-institucional"],"yoast_head":"<!-- This site is optimized with the Yoast SEO plugin v25.7 - https:\/\/yoast.com\/wordpress\/plugins\/seo\/ -->\n<title>Secretaria T\u00e9cnica de Planifica Ecuador mantuvo reuni\u00f3n de trabajo con la Prefecta de Esmeraldas. - Gobierno Aut\u00f3nomo Descentralizado de la Provincia de Esmeraldas<\/title>\n<meta name=\"robots\" content=\"index, follow, max-snippet:-1, max-image-preview:large, max-video-preview:-1\" \/>\n<link rel=\"canonical\" href=\"https:\/\/prefecturadeesmeraldas.gob.ec\/index.php\/2021\/03\/26\/secretaria-tecnica-de-planifica-ecuador-mantuvo-reunion-de-trabajo-con-la-prefecta-de-esmeraldas\/\" \/>\n<meta property=\"og:locale\" content=\"es_ES\" \/>\n<meta property=\"og:type\" content=\"article\" \/>\n<meta property=\"og:title\" content=\"Secretaria T\u00e9cnica de Planifica Ecuador mantuvo reuni\u00f3n de trabajo con la Prefecta de Esmeraldas. - Gobierno Aut\u00f3nomo Descentralizado de la Provincia de Esmeraldas\" \/>\n<meta property=\"og:description\" content=\"La Secretaria T\u00e9cnica de Planifica Ecuador, Sandra Argotty, mantuvo una reuni\u00f3n de trabajo con la prefecta Roberta Zambrano, para ratificar el compromiso del Gobierno de respaldar el trabajo de la Prefectura de Esmeraldas e impulsar nuevas obras para el desarrollo provincial. Entre las nuevas obras que se anunciar\u00e1n pr\u00f3ximamente, ya de manera oficial, se encuentra [&hellip;]\" \/>\n<meta property=\"og:url\" content=\"https:\/\/prefecturadeesmeraldas.gob.ec\/index.php\/2021\/03\/26\/secretaria-tecnica-de-planifica-ecuador-mantuvo-reunion-de-trabajo-con-la-prefecta-de-esmeraldas\/\" \/>\n<meta property=\"og:site_name\" content=\"Gobierno Aut\u00f3nomo Descentralizado de la Provincia de Esmeraldas\" \/>\n<meta property=\"article:publisher\" content=\"https:\/\/www.facebook.com\/PrefecturaEsmeraldas\/\" \/>\n<meta property=\"article:published_time\" content=\"2021-03-26T15:48:45+00:00\" \/>\n<meta property=\"article:modified_time\" content=\"2021-03-26T15:49:28+00:00\" \/>\n<meta property=\"og:image\" content=\"https:\/\/prefecturadeesmeraldas.gob.ec\/wp-content\/uploads\/2021\/03\/WhatsApp-Image-2021-03-24-at-14.15.13.jpeg\" \/>\n\t<meta property=\"og:image:width\" content=\"1280\" \/>\n\t<meta property=\"og:image:height\" content=\"1280\" \/>\n\t<meta property=\"og:image:type\" content=\"image\/jpeg\" \/>\n<meta name=\"author\" content=\"Direcci\u00f3n de Comunicaci\u00f3n\" \/>\n<meta name=\"twitter:card\" content=\"summary_large_image\" \/>\n<meta name=\"twitter:label1\" content=\"Escrito por\" \/>\n\t<meta name=\"twitter:data1\" content=\"Direcci\u00f3n de Comunicaci\u00f3n\" \/>\n\t<meta name=\"twitter:label2\" content=\"Tiempo de lectura\" \/>\n\t<meta name=\"twitter:data2\" content=\"1 minuto\" \/>\n<script type=\"application\/ld+json\" class=\"yoast-schema-graph\">{\"@context\":\"https:\/\/schema.org\",\"@graph\":[{\"@type\":\"Article\",\"@id\":\"https:\/\/prefecturadeesmeraldas.gob.ec\/index.php\/2021\/03\/26\/secretaria-tecnica-de-planifica-ecuador-mantuvo-reunion-de-trabajo-con-la-prefecta-de-esmeraldas\/#article\",\"isPartOf\":{\"@id\":\"https:\/\/prefecturadeesmeraldas.gob.ec\/index.php\/2021\/03\/26\/secretaria-tecnica-de-planifica-ecuador-mantuvo-reunion-de-trabajo-con-la-prefecta-de-esmeraldas\/\"},\"author\":{\"name\":\"Direcci\u00f3n de Comunicaci\u00f3n\",\"@id\":\"https:\/\/prefecturadeesmeraldas.gob.ec\/#\/schema\/person\/b0c9e7b1ead7725994d1e319e8825234\"},\"headline\":\"Secretaria T\u00e9cnica de Planifica Ecuador mantuvo reuni\u00f3n de trabajo con la Prefecta de Esmeraldas.\",\"datePublished\":\"2021-03-26T15:48:45+00:00\",\"dateModified\":\"2021-03-26T15:49:28+00:00\",\"mainEntityOfPage\":{\"@id\":\"https:\/\/prefecturadeesmeraldas.gob.ec\/index.php\/2021\/03\/26\/secretaria-tecnica-de-planifica-ecuador-mantuvo-reunion-de-trabajo-con-la-prefecta-de-esmeraldas\/\"},\"wordCount\":145,\"publisher\":{\"@id\":\"https:\/\/prefecturadeesmeraldas.gob.ec\/#organization\"},\"image\":{\"@id\":\"https:\/\/prefecturadeesmeraldas.gob.ec\/index.php\/2021\/03\/26\/secretaria-tecnica-de-planifica-ecuador-mantuvo-reunion-de-trabajo-con-la-prefecta-de-esmeraldas\/#primaryimage\"},\"thumbnailUrl\":\"https:\/\/prefecturadeesmeraldas.gob.ec\/wp-content\/uploads\/2021\/03\/WhatsApp-Image-2021-03-24-at-14.15.13.jpeg\",\"articleSection\":[\"Institucional\"],\"inLanguage\":\"es\"},{\"@type\":\"WebPage\",\"@id\":\"https:\/\/prefecturadeesmeraldas.gob.ec\/index.php\/2021\/03\/26\/secretaria-tecnica-de-planifica-ecuador-mantuvo-reunion-de-trabajo-con-la-prefecta-de-esmeraldas\/\",\"url\":\"https:\/\/prefecturadeesmeraldas.gob.ec\/index.php\/2021\/03\/26\/secretaria-tecnica-de-planifica-ecuador-mantuvo-reunion-de-trabajo-con-la-prefecta-de-esmeraldas\/\",\"name\":\"Secretaria T\u00e9cnica de Planifica Ecuador mantuvo reuni\u00f3n de trabajo con la Prefecta de Esmeraldas. - Gobierno Aut\u00f3nomo Descentralizado de la Provincia de Esmeraldas\",\"isPartOf\":{\"@id\":\"https:\/\/prefecturadeesmeraldas.gob.ec\/#website\"},\"primaryImageOfPage\":{\"@id\":\"https:\/\/prefecturadeesmeraldas.gob.ec\/index.php\/2021\/03\/26\/secretaria-tecnica-de-planifica-ecuador-mantuvo-reunion-de-trabajo-con-la-prefecta-de-esmeraldas\/#primaryimage\"},\"image\":{\"@id\":\"https:\/\/prefecturadeesmeraldas.gob.ec\/index.php\/2021\/03\/26\/secretaria-tecnica-de-planifica-ecuador-mantuvo-reunion-de-trabajo-con-la-prefecta-de-esmeraldas\/#primaryimage\"},\"thumbnailUrl\":\"https:\/\/prefecturadeesmeraldas.gob.ec\/wp-content\/uploads\/2021\/03\/WhatsApp-Image-2021-03-24-at-14.15.13.jpeg\",\"datePublished\":\"2021-03-26T15:48:45+00:00\",\"dateModified\":\"2021-03-26T15:49:28+00:00\",\"breadcrumb\":{\"@id\":\"https:\/\/prefecturadeesmeraldas.gob.ec\/index.php\/2021\/03\/26\/secretaria-tecnica-de-planifica-ecuador-mantuvo-reunion-de-trabajo-con-la-prefecta-de-esmeraldas\/#breadcrumb\"},\"inLanguage\":\"es\",\"potentialAction\":[{\"@type\":\"ReadAction\",\"target\":[\"https:\/\/prefecturadeesmeraldas.gob.ec\/index.php\/2021\/03\/26\/secretaria-tecnica-de-planifica-ecuador-mantuvo-reunion-de-trabajo-con-la-prefecta-de-esmeraldas\/\"]}]},{\"@type\":\"ImageObject\",\"inLanguage\":\"es\",\"@id\":\"https:\/\/prefecturadeesmeraldas.gob.ec\/index.php\/2021\/03\/26\/secretaria-tecnica-de-planifica-ecuador-mantuvo-reunion-de-trabajo-con-la-prefecta-de-esmeraldas\/#primaryimage\",\"url\":\"https:\/\/prefecturadeesmeraldas.gob.ec\/wp-content\/uploads\/2021\/03\/WhatsApp-Image-2021-03-24-at-14.15.13.jpeg\",\"contentUrl\":\"https:\/\/prefecturadeesmeraldas.gob.ec\/wp-content\/uploads\/2021\/03\/WhatsApp-Image-2021-03-24-at-14.15.13.jpeg\",\"width\":1280,\"height\":1280},{\"@type\":\"BreadcrumbList\",\"@id\":\"https:\/\/prefecturadeesmeraldas.gob.ec\/index.php\/2021\/03\/26\/secretaria-tecnica-de-planifica-ecuador-mantuvo-reunion-de-trabajo-con-la-prefecta-de-esmeraldas\/#breadcrumb\",\"itemListElement\":[{\"@type\":\"ListItem\",\"position\":1,\"name\":\"Home\",\"item\":\"https:\/\/prefecturadeesmeraldas.gob.ec\/\"},{\"@type\":\"ListItem\",\"position\":2,\"name\":\"Secretaria T\u00e9cnica de Planifica Ecuador mantuvo reuni\u00f3n de trabajo con la Prefecta de Esmeraldas.\"}]},{\"@type\":\"WebSite\",\"@id\":\"https:\/\/prefecturadeesmeraldas.gob.ec\/#website\",\"url\":\"https:\/\/prefecturadeesmeraldas.gob.ec\/\",\"name\":\"Gobierno Aut\u00f3nomo Descentralizado de la Provincia de Esmeraldas\",\"description\":\"Gobierno Aut\u00f3nomo Descentralizado de la Provincia de Esmeraldas\",\"publisher\":{\"@id\":\"https:\/\/prefecturadeesmeraldas.gob.ec\/#organization\"},\"potentialAction\":[{\"@type\":\"SearchAction\",\"target\":{\"@type\":\"EntryPoint\",\"urlTemplate\":\"https:\/\/prefecturadeesmeraldas.gob.ec\/?s={search_term_string}\"},\"query-input\":{\"@type\":\"PropertyValueSpecification\",\"valueRequired\":true,\"valueName\":\"search_term_string\"}}],\"inLanguage\":\"es\"},{\"@type\":\"Organization\",\"@id\":\"https:\/\/prefecturadeesmeraldas.gob.ec\/#organization\",\"name\":\"Gobierno Aut\u00f3nomo Descentralizado de la Provincia de Esmeraldas\",\"url\":\"https:\/\/prefecturadeesmeraldas.gob.ec\/\",\"logo\":{\"@type\":\"ImageObject\",\"inLanguage\":\"es\",\"@id\":\"https:\/\/prefecturadeesmeraldas.gob.ec\/#\/schema\/logo\/image\/\",\"url\":\"https:\/\/prefecturadeesmeraldas.gob.ec\/wp-content\/uploads\/2019\/06\/logo.png\",\"contentUrl\":\"https:\/\/prefecturadeesmeraldas.gob.ec\/wp-content\/uploads\/2019\/06\/logo.png\",\"width\":859,\"height\":448,\"caption\":\"Gobierno Aut\u00f3nomo Descentralizado de la Provincia de Esmeraldas\"},\"image\":{\"@id\":\"https:\/\/prefecturadeesmeraldas.gob.ec\/#\/schema\/logo\/image\/\"},\"sameAs\":[\"https:\/\/www.facebook.com\/PrefecturaEsmeraldas\/\"]},{\"@type\":\"Person\",\"@id\":\"https:\/\/prefecturadeesmeraldas.gob.ec\/#\/schema\/person\/b0c9e7b1ead7725994d1e319e8825234\",\"name\":\"Direcci\u00f3n de Comunicaci\u00f3n\",\"image\":{\"@type\":\"ImageObject\",\"inLanguage\":\"es\",\"@id\":\"https:\/\/prefecturadeesmeraldas.gob.ec\/#\/schema\/person\/image\/\",\"url\":\"https:\/\/secure.gravatar.com\/avatar\/74a3870a946f5d774ade3569af61a72308e07ad3346f370c4b468ee2a9858658?s=96&d=mm&r=g\",\"contentUrl\":\"https:\/\/secure.gravatar.com\/avatar\/74a3870a946f5d774ade3569af61a72308e07ad3346f370c4b468ee2a9858658?s=96&d=mm&r=g\",\"caption\":\"Direcci\u00f3n de Comunicaci\u00f3n\"}}]}<\/script>\n<!-- \/ Yoast SEO plugin. -->","yoast_head_json":{"title":"Secretaria T\u00e9cnica de Planifica Ecuador mantuvo reuni\u00f3n de trabajo con la Prefecta de Esmeraldas. - Gobierno Aut\u00f3nomo Descentralizado de la Provincia de Esmeraldas","robots":{"index":"index","follow":"follow","max-snippet":"max-snippet:-1","max-image-preview":"max-image-preview:large","max-video-preview":"max-video-preview:-1"},"canonical":"https:\/\/prefecturadeesmeraldas.gob.ec\/index.php\/2021\/03\/26\/secretaria-tecnica-de-planifica-ecuador-mantuvo-reunion-de-trabajo-con-la-prefecta-de-esmeraldas\/","og_locale":"es_ES","og_type":"article","og_title":"Secretaria T\u00e9cnica de Planifica Ecuador mantuvo reuni\u00f3n de trabajo con la Prefecta de Esmeraldas. - Gobierno Aut\u00f3nomo Descentralizado de la Provincia de Esmeraldas","og_description":"La Secretaria T\u00e9cnica de Planifica Ecuador, Sandra Argotty, mantuvo una reuni\u00f3n de trabajo con la prefecta Roberta Zambrano, para ratificar el compromiso del Gobierno de respaldar el trabajo de la Prefectura de Esmeraldas e impulsar nuevas obras para el desarrollo provincial. Entre las nuevas obras que se anunciar\u00e1n pr\u00f3ximamente, ya de manera oficial, se encuentra [&hellip;]","og_url":"https:\/\/prefecturadeesmeraldas.gob.ec\/index.php\/2021\/03\/26\/secretaria-tecnica-de-planifica-ecuador-mantuvo-reunion-de-trabajo-con-la-prefecta-de-esmeraldas\/","og_site_name":"Gobierno Aut\u00f3nomo Descentralizado de la Provincia de Esmeraldas","article_publisher":"https:\/\/www.facebook.com\/PrefecturaEsmeraldas\/","article_published_time":"2021-03-26T15:48:45+00:00","article_modified_time":"2021-03-26T15:49:28+00:00","og_image":[{"width":1280,"height":1280,"url":"https:\/\/prefecturadeesmeraldas.gob.ec\/wp-content\/uploads\/2021\/03\/WhatsApp-Image-2021-03-24-at-14.15.13.jpeg","type":"image\/jpeg"}],"author":"Direcci\u00f3n de Comunicaci\u00f3n","twitter_card":"summary_large_image","twitter_misc":{"Escrito por":"Direcci\u00f3n de Comunicaci\u00f3n","Tiempo de lectura":"1 minuto"},"schema":{"@context":"https:\/\/schema.org","@graph":[{"@type":"Article","@id":"https:\/\/prefecturadeesmeraldas.gob.ec\/index.php\/2021\/03\/26\/secretaria-tecnica-de-planifica-ecuador-mantuvo-reunion-de-trabajo-con-la-prefecta-de-esmeraldas\/#article","isPartOf":{"@id":"https:\/\/prefecturadeesmeraldas.gob.ec\/index.php\/2021\/03\/26\/secretaria-tecnica-de-planifica-ecuador-mantuvo-reunion-de-trabajo-con-la-prefecta-de-esmeraldas\/"},"author":{"name":"Direcci\u00f3n de Comunicaci\u00f3n","@id":"https:\/\/prefecturadeesmeraldas.gob.ec\/#\/schema\/person\/b0c9e7b1ead7725994d1e319e8825234"},"headline":"Secretaria T\u00e9cnica de Planifica Ecuador mantuvo reuni\u00f3n de trabajo con la Prefecta de Esmeraldas.","datePublished":"2021-03-26T15:48:45+00:00","dateModified":"2021-03-26T15:49:28+00:00","mainEntityOfPage":{"@id":"https:\/\/prefecturadeesmeraldas.gob.ec\/index.php\/2021\/03\/26\/secretaria-tecnica-de-planifica-ecuador-mantuvo-reunion-de-trabajo-con-la-prefecta-de-esmeraldas\/"},"wordCount":145,"publisher":{"@id":"https:\/\/prefecturadeesmeraldas.gob.ec\/#organization"},"image":{"@id":"https:\/\/prefecturadeesmeraldas.gob.ec\/index.php\/2021\/03\/26\/secretaria-tecnica-de-planifica-ecuador-mantuvo-reunion-de-trabajo-con-la-prefecta-de-esmeraldas\/#primaryimage"},"thumbnailUrl":"https:\/\/prefecturadeesmeraldas.gob.ec\/wp-content\/uploads\/2021\/03\/WhatsApp-Image-2021-03-24-at-14.15.13.jpeg","articleSection":["Institucional"],"inLanguage":"es"},{"@type":"WebPage","@id":"https:\/\/prefecturadeesmeraldas.gob.ec\/index.php\/2021\/03\/26\/secretaria-tecnica-de-planifica-ecuador-mantuvo-reunion-de-trabajo-con-la-prefecta-de-esmeraldas\/","url":"https:\/\/prefecturadeesmeraldas.gob.ec\/index.php\/2021\/03\/26\/secretaria-tecnica-de-planifica-ecuador-mantuvo-reunion-de-trabajo-con-la-prefecta-de-esmeraldas\/","name":"Secretaria T\u00e9cnica de Planifica Ecuador mantuvo reuni\u00f3n de trabajo con la Prefecta de Esmeraldas. - Gobierno Aut\u00f3nomo Descentralizado de la Provincia de Esmeraldas","isPartOf":{"@id":"https:\/\/prefecturadeesmeraldas.gob.ec\/#website"},"primaryImageOfPage":{"@id":"https:\/\/prefecturadeesmeraldas.gob.ec\/index.php\/2021\/03\/26\/secretaria-tecnica-de-planifica-ecuador-mantuvo-reunion-de-trabajo-con-la-prefecta-de-esmeraldas\/#primaryimage"},"image":{"@id":"https:\/\/prefecturadeesmeraldas.gob.ec\/index.php\/2021\/03\/26\/secretaria-tecnica-de-planifica-ecuador-mantuvo-reunion-de-trabajo-con-la-prefecta-de-esmeraldas\/#primaryimage"},"thumbnailUrl":"https:\/\/prefecturadeesmeraldas.gob.ec\/wp-content\/uploads\/2021\/03\/WhatsApp-Image-2021-03-24-at-14.15.13.jpeg","datePublished":"2021-03-26T15:48:45+00:00","dateModified":"2021-03-26T15:49:28+00:00","breadcrumb":{"@id":"https:\/\/prefecturadeesmeraldas.gob.ec\/index.php\/2021\/03\/26\/secretaria-tecnica-de-planifica-ecuador-mantuvo-reunion-de-trabajo-con-la-prefecta-de-esmeraldas\/#breadcrumb"},"inLanguage":"es","potentialAction":[{"@type":"ReadAction","target":["https:\/\/prefecturadeesmeraldas.gob.ec\/index.php\/2021\/03\/26\/secretaria-tecnica-de-planifica-ecuador-mantuvo-reunion-de-trabajo-con-la-prefecta-de-esmeraldas\/"]}]},{"@type":"ImageObject","inLanguage":"es","@id":"https:\/\/prefecturadeesmeraldas.gob.ec\/index.php\/2021\/03\/26\/secretaria-tecnica-de-planifica-ecuador-mantuvo-reunion-de-trabajo-con-la-prefecta-de-esmeraldas\/#primaryimage","url":"https:\/\/prefecturadeesmeraldas.gob.ec\/wp-content\/uploads\/2021\/03\/WhatsApp-Image-2021-03-24-at-14.15.13.jpeg","contentUrl":"https:\/\/prefecturadeesmeraldas.gob.ec\/wp-content\/uploads\/2021\/03\/WhatsApp-Image-2021-03-24-at-14.15.13.jpeg","width":1280,"height":1280},{"@type":"BreadcrumbList","@id":"https:\/\/prefecturadeesmeraldas.gob.ec\/index.php\/2021\/03\/26\/secretaria-tecnica-de-planifica-ecuador-mantuvo-reunion-de-trabajo-con-la-prefecta-de-esmeraldas\/#breadcrumb","itemListElement":[{"@type":"ListItem","position":1,"name":"Home","item":"https:\/\/prefecturadeesmeraldas.gob.ec\/"},{"@type":"ListItem","position":2,"name":"Secretaria T\u00e9cnica de Planifica Ecuador mantuvo reuni\u00f3n de trabajo con la Prefecta de Esmeraldas."}]},{"@type":"WebSite","@id":"https:\/\/prefecturadeesmeraldas.gob.ec\/#website","url":"https:\/\/prefecturadeesmeraldas.gob.ec\/","name":"Gobierno Aut\u00f3nomo Descentralizado de la Provincia de Esmeraldas","description":"Gobierno Aut\u00f3nomo Descentralizado de la Provincia de Esmeraldas","publisher":{"@id":"https:\/\/prefecturadeesmeraldas.gob.ec\/#organization"},"potentialAction":[{"@type":"SearchAction","target":{"@type":"EntryPoint","urlTemplate":"https:\/\/prefecturadeesmeraldas.gob.ec\/?s={search_term_string}"},"query-input":{"@type":"PropertyValueSpecification","valueRequired":true,"valueName":"search_term_string"}}],"inLanguage":"es"},{"@type":"Organization","@id":"https:\/\/prefecturadeesmeraldas.gob.ec\/#organization","name":"Gobierno Aut\u00f3nomo Descentralizado de la Provincia de Esmeraldas","url":"https:\/\/prefecturadeesmeraldas.gob.ec\/","logo":{"@type":"ImageObject","inLanguage":"es","@id":"https:\/\/prefecturadeesmeraldas.gob.ec\/#\/schema\/logo\/image\/","url":"https:\/\/prefecturadeesmeraldas.gob.ec\/wp-content\/uploads\/2019\/06\/logo.png","contentUrl":"https:\/\/prefecturadeesmeraldas.gob.ec\/wp-content\/uploads\/2019\/06\/logo.png","width":859,"height":448,"caption":"Gobierno Aut\u00f3nomo Descentralizado de la Provincia de Esmeraldas"},"image":{"@id":"https:\/\/prefecturadeesmeraldas.gob.ec\/#\/schema\/logo\/image\/"},"sameAs":["https:\/\/www.facebook.com\/PrefecturaEsmeraldas\/"]},{"@type":"Person","@id":"https:\/\/prefecturadeesmeraldas.gob.ec\/#\/schema\/person\/b0c9e7b1ead7725994d1e319e8825234","name":"Direcci\u00f3n de Comunicaci\u00f3n","image":{"@type":"ImageObject","inLanguage":"es","@id":"https:\/\/prefecturadeesmeraldas.gob.ec\/#\/schema\/person\/image\/","url":"https:\/\/secure.gravatar.com\/avatar\/74a3870a946f5d774ade3569af61a72308e07ad3346f370c4b468ee2a9858658?s=96&d=mm&r=g","contentUrl":"https:\/\/secure.gravatar.com\/avatar\/74a3870a946f5d774ade3569af61a72308e07ad3346f370c4b468ee2a9858658?s=96&d=mm&r=g","caption":"Direcci\u00f3n de Comunicaci\u00f3n"}}]}},"_links":{"self":[{"href":"https:\/\/prefecturadeesmeraldas.gob.ec\/index.php\/wp-json\/wp\/v2\/posts\/10165","targetHints":{"allow":["GET"]}}],"collection":[{"href":"https:\/\/prefecturadeesmeraldas.gob.ec\/index.php\/wp-json\/wp\/v2\/posts"}],"about":[{"href":"https:\/\/prefecturadeesmeraldas.gob.ec\/index.php\/wp-json\/wp\/v2\/types\/post"}],"author":[{"embeddable":true,"href":"https:\/\/prefecturadeesmeraldas.gob.ec\/index.php\/wp-json\/wp\/v2\/users\/2"}],"replies":[{"embeddable":true,"href":"https:\/\/prefecturadeesmeraldas.gob.ec\/index.php\/wp-json\/wp\/v2\/comments?post=10165"}],"version-history":[{"count":0,"href":"https:\/\/prefecturadeesmeraldas.gob.ec\/index.php\/wp-json\/wp\/v2\/posts\/10165\/revisions"}],"wp:featuredmedia":[{"embeddable":true,"href":"https:\/\/prefecturadeesmeraldas.gob.ec\/index.php\/wp-json\/wp\/v2\/media\/10166"}],"wp:attachment":[{"href":"https:\/\/prefecturadeesmeraldas.gob.ec\/index.php\/wp-json\/wp\/v2\/media?parent=10165"}],"wp:term":[{"taxonomy":"category","embeddable":true,"href":"https:\/\/prefecturadeesmeraldas.gob.ec\/index.php\/wp-json\/wp\/v2\/categories?post=10165"},{"taxonomy":"post_tag","embeddable":true,"href":"https:\/\/prefecturadeesmeraldas.gob.ec\/index.php\/wp-json\/wp\/v2\/tags?post=10165"}],"curies":[{"name":"wp","href":"https:\/\/api.w.org\/{rel}","templated":true}]}}