{"id":10162,"date":"2021-03-26T10:44:19","date_gmt":"2021-03-26T15:44:19","guid":{"rendered":"http:\/\/prefecturadeesmeraldas.gob.ec\/?p=10162"},"modified":"2021-03-26T10:45:02","modified_gmt":"2021-03-26T15:45:02","slug":"prefectura-construye-otro-puente-y-facilita-la-conectividad-vial-en-la-zona-rural-de-quininde","status":"publish","type":"post","link":"https:\/\/prefecturadeesmeraldas.gob.ec\/index.php\/2021\/03\/26\/prefectura-construye-otro-puente-y-facilita-la-conectividad-vial-en-la-zona-rural-de-quininde\/","title":{"rendered":"Prefectura construye otro puente y facilita la conectividad vial en la zona rural de Quinind\u00e9."},"content":{"rendered":"\t\t<div data-elementor-type=\"wp-post\" data-elementor-id=\"10162\" class=\"elementor elementor-10162\">\n\t\t\t\t\t\t<section class=\"elementor-section elementor-top-section elementor-element elementor-element-573798a elementor-section-boxed elementor-section-height-default elementor-section-height-default\" data-id=\"573798a\" data-element_type=\"section\">\n\t\t\t\t\t\t<div class=\"elementor-container elementor-column-gap-default\">\n\t\t\t\t\t<div class=\"elementor-column elementor-col-100 elementor-top-column elementor-element elementor-element-0159ab9\" data-id=\"0159ab9\" data-element_type=\"column\">\n\t\t\t<div class=\"elementor-widget-wrap elementor-element-populated\">\n\t\t\t\t\t\t<div class=\"elementor-element elementor-element-bcc739d elementor-widget elementor-widget-image\" data-id=\"bcc739d\" data-element_type=\"widget\" data-widget_type=\"image.default\">\n\t\t\t\t<div class=\"elementor-widget-container\">\n\t\t\t\t\t\t\t\t\t\t\t\t\t\t\t<img fetchpriority=\"high\" decoding=\"async\" width=\"598\" height=\"598\" src=\"https:\/\/prefecturadeesmeraldas.gob.ec\/wp-content\/uploads\/2021\/03\/BOLETIN-0320.jpg\" class=\"attachment-large size-large wp-image-10123\" alt=\"\" srcset=\"https:\/\/prefecturadeesmeraldas.gob.ec\/wp-content\/uploads\/2021\/03\/BOLETIN-0320.jpg 598w, https:\/\/prefecturadeesmeraldas.gob.ec\/wp-content\/uploads\/2021\/03\/BOLETIN-0320-240x240.jpg 240w, https:\/\/prefecturadeesmeraldas.gob.ec\/wp-content\/uploads\/2021\/03\/BOLETIN-0320-150x150.jpg 150w, https:\/\/prefecturadeesmeraldas.gob.ec\/wp-content\/uploads\/2021\/03\/BOLETIN-0320-300x300.jpg 300w\" sizes=\"(max-width: 598px) 100vw, 598px\" \/>\t\t\t\t\t\t\t\t\t\t\t\t\t\t\t<\/div>\n\t\t\t\t<\/div>\n\t\t\t\t\t<\/div>\n\t\t<\/div>\n\t\t\t\t\t<\/div>\n\t\t<\/section>\n\t\t\t\t<section class=\"elementor-section elementor-top-section elementor-element elementor-element-c4e09fa elementor-section-boxed elementor-section-height-default elementor-section-height-default\" data-id=\"c4e09fa\" data-element_type=\"section\">\n\t\t\t\t\t\t<div class=\"elementor-container elementor-column-gap-default\">\n\t\t\t\t\t<div class=\"elementor-column elementor-col-100 elementor-top-column elementor-element elementor-element-d9f4e69\" data-id=\"d9f4e69\" data-element_type=\"column\">\n\t\t\t<div class=\"elementor-widget-wrap elementor-element-populated\">\n\t\t\t\t\t\t<div class=\"elementor-element elementor-element-2881e80 elementor-widget elementor-widget-text-editor\" data-id=\"2881e80\" data-element_type=\"widget\" data-widget_type=\"text-editor.default\">\n\t\t\t\t<div class=\"elementor-widget-container\">\n\t\t\t\t\t\t\t\t\t<p>Con el fin de mejorar la movilizaci\u00f3n en la v\u00eda que conecta los recintos Perla de Guayllabamba y 3 de septiembre de la parroquia Malimpia, cant\u00f3n Quinind\u00e9, la Prefectura de Esmeraldas construy\u00f3 un puente met\u00e1lico de 15, 50 metros de longitud, 3,76 metros de ancho y con capacidad para 40 toneladas, sobre el r\u00edo Jord\u00e1n.\u00a0<\/p><p><\/p><p>Johan Vivanco, joven agricultor del sector, indic\u00f3 que viv\u00edan una serie de inconvenientes por la falta del puente, dificultando el traslado de los productos ya que, el servicio de transporte disminuy\u00f3, provocando el encarecimiento de la vida.<\/p><p><\/p><p>Agradeci\u00f3 a la Prefectura de Esmeraldas por la colocaci\u00f3n del viaducto, lo que permitir\u00e1 mejorar la movilidad y por toda la ayuda que brinda la autoridad provincial.<\/p><p><\/p><p>Benigno Napa, trabajador palmicultor, indic\u00f3 que, los costos de los fletes para sacar los productos eran muy elevados y que, ahora con el puente, podr\u00e1n movilizarse en menor tiempo.\u00a0 El hombre, se sum\u00f3 a los agradecimientos hacia la Prefecta Provincial por la obra ejecutada.\u00a0<\/p><p><\/p><p>N\u00e9stor Valencia, campesino de la zona, dijo que la econom\u00eda de las familias se basa en la producci\u00f3n de palma, palmito, cacao, entre otros productos. &#8220;No hab\u00eda c\u00f3mo salir al pueblo porque los carros no ingresaban y en la \u00e9poca invernal la situaci\u00f3n se complicaba y tocaba hacer trasbordos. Este puente ayudar\u00e1 a que nosotros mejoremos nuestro estilo de vida&#8221;, a\u00f1adi\u00f3.\u00a0<\/p><p><\/p><p>Asimismo, Eduardo Napa, se\u00f1al\u00f3 que el puente le permitir\u00e1 llegar temprano a su lugar de trabajo por lo que agradeci\u00f3 a la Prefecta de Esmeraldas.\u00a0<\/p>\t\t\t\t\t\t\t\t<\/div>\n\t\t\t\t<\/div>\n\t\t\t\t\t<\/div>\n\t\t<\/div>\n\t\t\t\t\t<\/div>\n\t\t<\/section>\n\t\t\t\t<\/div>\n\t\t","protected":false},"excerpt":{"rendered":"<p>Con el fin de mejorar la movilizaci\u00f3n en la v\u00eda que conecta los recintos Perla de Guayllabamba y 3 de septiembre de la parroquia Malimpia, cant\u00f3n Quinind\u00e9, la Prefectura de Esmeraldas construy\u00f3 un puente met\u00e1lico de 15, 50 metros de longitud, 3,76 metros de ancho y con capacidad para 40 toneladas, sobre el r\u00edo Jord\u00e1n.\u00a0 [&hellip;]<\/p>\n","protected":false},"author":2,"featured_media":10123,"comment_status":"closed","ping_status":"open","sticky":false,"template":"","format":"standard","meta":{"footnotes":""},"categories":[14],"tags":[],"class_list":["post-10162","post","type-post","status-publish","format-standard","has-post-thumbnail","hentry","category-vialidad"],"yoast_head":"<!-- This site is optimized with the Yoast SEO plugin v25.7 - https:\/\/yoast.com\/wordpress\/plugins\/seo\/ -->\n<title>Prefectura construye otro puente y facilita la conectividad vial en la zona rural de Quinind\u00e9. - Gobierno Aut\u00f3nomo Descentralizado de la Provincia de Esmeraldas<\/title>\n<meta name=\"robots\" content=\"index, follow, max-snippet:-1, max-image-preview:large, max-video-preview:-1\" \/>\n<link rel=\"canonical\" href=\"https:\/\/prefecturadeesmeraldas.gob.ec\/index.php\/2021\/03\/26\/prefectura-construye-otro-puente-y-facilita-la-conectividad-vial-en-la-zona-rural-de-quininde\/\" \/>\n<meta property=\"og:locale\" content=\"es_ES\" \/>\n<meta property=\"og:type\" content=\"article\" \/>\n<meta property=\"og:title\" content=\"Prefectura construye otro puente y facilita la conectividad vial en la zona rural de Quinind\u00e9. - Gobierno Aut\u00f3nomo Descentralizado de la Provincia de Esmeraldas\" \/>\n<meta property=\"og:description\" content=\"Con el fin de mejorar la movilizaci\u00f3n en la v\u00eda que conecta los recintos Perla de Guayllabamba y 3 de septiembre de la parroquia Malimpia, cant\u00f3n Quinind\u00e9, la Prefectura de Esmeraldas construy\u00f3 un puente met\u00e1lico de 15, 50 metros de longitud, 3,76 metros de ancho y con capacidad para 40 toneladas, sobre el r\u00edo Jord\u00e1n.\u00a0 [&hellip;]\" \/>\n<meta property=\"og:url\" content=\"https:\/\/prefecturadeesmeraldas.gob.ec\/index.php\/2021\/03\/26\/prefectura-construye-otro-puente-y-facilita-la-conectividad-vial-en-la-zona-rural-de-quininde\/\" \/>\n<meta property=\"og:site_name\" content=\"Gobierno Aut\u00f3nomo Descentralizado de la Provincia de Esmeraldas\" \/>\n<meta property=\"article:publisher\" content=\"https:\/\/www.facebook.com\/PrefecturaEsmeraldas\/\" \/>\n<meta property=\"article:published_time\" content=\"2021-03-26T15:44:19+00:00\" \/>\n<meta property=\"article:modified_time\" content=\"2021-03-26T15:45:02+00:00\" \/>\n<meta property=\"og:image\" content=\"https:\/\/prefecturadeesmeraldas.gob.ec\/wp-content\/uploads\/2021\/03\/BOLETIN-0320.jpg\" \/>\n\t<meta property=\"og:image:width\" content=\"598\" \/>\n\t<meta property=\"og:image:height\" content=\"598\" \/>\n\t<meta property=\"og:image:type\" content=\"image\/jpeg\" \/>\n<meta name=\"author\" content=\"Direcci\u00f3n de Comunicaci\u00f3n\" \/>\n<meta name=\"twitter:card\" content=\"summary_large_image\" \/>\n<meta name=\"twitter:label1\" content=\"Escrito por\" \/>\n\t<meta name=\"twitter:data1\" content=\"Direcci\u00f3n de Comunicaci\u00f3n\" \/>\n\t<meta name=\"twitter:label2\" content=\"Tiempo de lectura\" \/>\n\t<meta name=\"twitter:data2\" content=\"1 minuto\" \/>\n<script type=\"application\/ld+json\" class=\"yoast-schema-graph\">{\"@context\":\"https:\/\/schema.org\",\"@graph\":[{\"@type\":\"Article\",\"@id\":\"https:\/\/prefecturadeesmeraldas.gob.ec\/index.php\/2021\/03\/26\/prefectura-construye-otro-puente-y-facilita-la-conectividad-vial-en-la-zona-rural-de-quininde\/#article\",\"isPartOf\":{\"@id\":\"https:\/\/prefecturadeesmeraldas.gob.ec\/index.php\/2021\/03\/26\/prefectura-construye-otro-puente-y-facilita-la-conectividad-vial-en-la-zona-rural-de-quininde\/\"},\"author\":{\"name\":\"Direcci\u00f3n de Comunicaci\u00f3n\",\"@id\":\"https:\/\/prefecturadeesmeraldas.gob.ec\/#\/schema\/person\/b0c9e7b1ead7725994d1e319e8825234\"},\"headline\":\"Prefectura construye otro puente y facilita la conectividad vial en la zona rural de Quinind\u00e9.\",\"datePublished\":\"2021-03-26T15:44:19+00:00\",\"dateModified\":\"2021-03-26T15:45:02+00:00\",\"mainEntityOfPage\":{\"@id\":\"https:\/\/prefecturadeesmeraldas.gob.ec\/index.php\/2021\/03\/26\/prefectura-construye-otro-puente-y-facilita-la-conectividad-vial-en-la-zona-rural-de-quininde\/\"},\"wordCount\":276,\"publisher\":{\"@id\":\"https:\/\/prefecturadeesmeraldas.gob.ec\/#organization\"},\"image\":{\"@id\":\"https:\/\/prefecturadeesmeraldas.gob.ec\/index.php\/2021\/03\/26\/prefectura-construye-otro-puente-y-facilita-la-conectividad-vial-en-la-zona-rural-de-quininde\/#primaryimage\"},\"thumbnailUrl\":\"https:\/\/prefecturadeesmeraldas.gob.ec\/wp-content\/uploads\/2021\/03\/BOLETIN-0320.jpg\",\"articleSection\":[\"Vialidad\"],\"inLanguage\":\"es\"},{\"@type\":\"WebPage\",\"@id\":\"https:\/\/prefecturadeesmeraldas.gob.ec\/index.php\/2021\/03\/26\/prefectura-construye-otro-puente-y-facilita-la-conectividad-vial-en-la-zona-rural-de-quininde\/\",\"url\":\"https:\/\/prefecturadeesmeraldas.gob.ec\/index.php\/2021\/03\/26\/prefectura-construye-otro-puente-y-facilita-la-conectividad-vial-en-la-zona-rural-de-quininde\/\",\"name\":\"Prefectura construye otro puente y facilita la conectividad vial en la zona rural de Quinind\u00e9. - Gobierno Aut\u00f3nomo Descentralizado de la Provincia de Esmeraldas\",\"isPartOf\":{\"@id\":\"https:\/\/prefecturadeesmeraldas.gob.ec\/#website\"},\"primaryImageOfPage\":{\"@id\":\"https:\/\/prefecturadeesmeraldas.gob.ec\/index.php\/2021\/03\/26\/prefectura-construye-otro-puente-y-facilita-la-conectividad-vial-en-la-zona-rural-de-quininde\/#primaryimage\"},\"image\":{\"@id\":\"https:\/\/prefecturadeesmeraldas.gob.ec\/index.php\/2021\/03\/26\/prefectura-construye-otro-puente-y-facilita-la-conectividad-vial-en-la-zona-rural-de-quininde\/#primaryimage\"},\"thumbnailUrl\":\"https:\/\/prefecturadeesmeraldas.gob.ec\/wp-content\/uploads\/2021\/03\/BOLETIN-0320.jpg\",\"datePublished\":\"2021-03-26T15:44:19+00:00\",\"dateModified\":\"2021-03-26T15:45:02+00:00\",\"breadcrumb\":{\"@id\":\"https:\/\/prefecturadeesmeraldas.gob.ec\/index.php\/2021\/03\/26\/prefectura-construye-otro-puente-y-facilita-la-conectividad-vial-en-la-zona-rural-de-quininde\/#breadcrumb\"},\"inLanguage\":\"es\",\"potentialAction\":[{\"@type\":\"ReadAction\",\"target\":[\"https:\/\/prefecturadeesmeraldas.gob.ec\/index.php\/2021\/03\/26\/prefectura-construye-otro-puente-y-facilita-la-conectividad-vial-en-la-zona-rural-de-quininde\/\"]}]},{\"@type\":\"ImageObject\",\"inLanguage\":\"es\",\"@id\":\"https:\/\/prefecturadeesmeraldas.gob.ec\/index.php\/2021\/03\/26\/prefectura-construye-otro-puente-y-facilita-la-conectividad-vial-en-la-zona-rural-de-quininde\/#primaryimage\",\"url\":\"https:\/\/prefecturadeesmeraldas.gob.ec\/wp-content\/uploads\/2021\/03\/BOLETIN-0320.jpg\",\"contentUrl\":\"https:\/\/prefecturadeesmeraldas.gob.ec\/wp-content\/uploads\/2021\/03\/BOLETIN-0320.jpg\",\"width\":598,\"height\":598},{\"@type\":\"BreadcrumbList\",\"@id\":\"https:\/\/prefecturadeesmeraldas.gob.ec\/index.php\/2021\/03\/26\/prefectura-construye-otro-puente-y-facilita-la-conectividad-vial-en-la-zona-rural-de-quininde\/#breadcrumb\",\"itemListElement\":[{\"@type\":\"ListItem\",\"position\":1,\"name\":\"Home\",\"item\":\"https:\/\/prefecturadeesmeraldas.gob.ec\/\"},{\"@type\":\"ListItem\",\"position\":2,\"name\":\"Prefectura construye otro puente y facilita la conectividad vial en la zona rural de Quinind\u00e9.\"}]},{\"@type\":\"WebSite\",\"@id\":\"https:\/\/prefecturadeesmeraldas.gob.ec\/#website\",\"url\":\"https:\/\/prefecturadeesmeraldas.gob.ec\/\",\"name\":\"Gobierno Aut\u00f3nomo Descentralizado de la Provincia de Esmeraldas\",\"description\":\"Gobierno Aut\u00f3nomo Descentralizado de la Provincia de Esmeraldas\",\"publisher\":{\"@id\":\"https:\/\/prefecturadeesmeraldas.gob.ec\/#organization\"},\"potentialAction\":[{\"@type\":\"SearchAction\",\"target\":{\"@type\":\"EntryPoint\",\"urlTemplate\":\"https:\/\/prefecturadeesmeraldas.gob.ec\/?s={search_term_string}\"},\"query-input\":{\"@type\":\"PropertyValueSpecification\",\"valueRequired\":true,\"valueName\":\"search_term_string\"}}],\"inLanguage\":\"es\"},{\"@type\":\"Organization\",\"@id\":\"https:\/\/prefecturadeesmeraldas.gob.ec\/#organization\",\"name\":\"Gobierno Aut\u00f3nomo Descentralizado de la Provincia de Esmeraldas\",\"url\":\"https:\/\/prefecturadeesmeraldas.gob.ec\/\",\"logo\":{\"@type\":\"ImageObject\",\"inLanguage\":\"es\",\"@id\":\"https:\/\/prefecturadeesmeraldas.gob.ec\/#\/schema\/logo\/image\/\",\"url\":\"https:\/\/prefecturadeesmeraldas.gob.ec\/wp-content\/uploads\/2019\/06\/logo.png\",\"contentUrl\":\"https:\/\/prefecturadeesmeraldas.gob.ec\/wp-content\/uploads\/2019\/06\/logo.png\",\"width\":859,\"height\":448,\"caption\":\"Gobierno Aut\u00f3nomo Descentralizado de la Provincia de Esmeraldas\"},\"image\":{\"@id\":\"https:\/\/prefecturadeesmeraldas.gob.ec\/#\/schema\/logo\/image\/\"},\"sameAs\":[\"https:\/\/www.facebook.com\/PrefecturaEsmeraldas\/\"]},{\"@type\":\"Person\",\"@id\":\"https:\/\/prefecturadeesmeraldas.gob.ec\/#\/schema\/person\/b0c9e7b1ead7725994d1e319e8825234\",\"name\":\"Direcci\u00f3n de Comunicaci\u00f3n\",\"image\":{\"@type\":\"ImageObject\",\"inLanguage\":\"es\",\"@id\":\"https:\/\/prefecturadeesmeraldas.gob.ec\/#\/schema\/person\/image\/\",\"url\":\"https:\/\/secure.gravatar.com\/avatar\/74a3870a946f5d774ade3569af61a72308e07ad3346f370c4b468ee2a9858658?s=96&d=mm&r=g\",\"contentUrl\":\"https:\/\/secure.gravatar.com\/avatar\/74a3870a946f5d774ade3569af61a72308e07ad3346f370c4b468ee2a9858658?s=96&d=mm&r=g\",\"caption\":\"Direcci\u00f3n de Comunicaci\u00f3n\"}}]}<\/script>\n<!-- \/ Yoast SEO plugin. -->","yoast_head_json":{"title":"Prefectura construye otro puente y facilita la conectividad vial en la zona rural de Quinind\u00e9. - Gobierno Aut\u00f3nomo Descentralizado de la Provincia de Esmeraldas","robots":{"index":"index","follow":"follow","max-snippet":"max-snippet:-1","max-image-preview":"max-image-preview:large","max-video-preview":"max-video-preview:-1"},"canonical":"https:\/\/prefecturadeesmeraldas.gob.ec\/index.php\/2021\/03\/26\/prefectura-construye-otro-puente-y-facilita-la-conectividad-vial-en-la-zona-rural-de-quininde\/","og_locale":"es_ES","og_type":"article","og_title":"Prefectura construye otro puente y facilita la conectividad vial en la zona rural de Quinind\u00e9. - Gobierno Aut\u00f3nomo Descentralizado de la Provincia de Esmeraldas","og_description":"Con el fin de mejorar la movilizaci\u00f3n en la v\u00eda que conecta los recintos Perla de Guayllabamba y 3 de septiembre de la parroquia Malimpia, cant\u00f3n Quinind\u00e9, la Prefectura de Esmeraldas construy\u00f3 un puente met\u00e1lico de 15, 50 metros de longitud, 3,76 metros de ancho y con capacidad para 40 toneladas, sobre el r\u00edo Jord\u00e1n.\u00a0 [&hellip;]","og_url":"https:\/\/prefecturadeesmeraldas.gob.ec\/index.php\/2021\/03\/26\/prefectura-construye-otro-puente-y-facilita-la-conectividad-vial-en-la-zona-rural-de-quininde\/","og_site_name":"Gobierno Aut\u00f3nomo Descentralizado de la Provincia de Esmeraldas","article_publisher":"https:\/\/www.facebook.com\/PrefecturaEsmeraldas\/","article_published_time":"2021-03-26T15:44:19+00:00","article_modified_time":"2021-03-26T15:45:02+00:00","og_image":[{"width":598,"height":598,"url":"https:\/\/prefecturadeesmeraldas.gob.ec\/wp-content\/uploads\/2021\/03\/BOLETIN-0320.jpg","type":"image\/jpeg"}],"author":"Direcci\u00f3n de Comunicaci\u00f3n","twitter_card":"summary_large_image","twitter_misc":{"Escrito por":"Direcci\u00f3n de Comunicaci\u00f3n","Tiempo de lectura":"1 minuto"},"schema":{"@context":"https:\/\/schema.org","@graph":[{"@type":"Article","@id":"https:\/\/prefecturadeesmeraldas.gob.ec\/index.php\/2021\/03\/26\/prefectura-construye-otro-puente-y-facilita-la-conectividad-vial-en-la-zona-rural-de-quininde\/#article","isPartOf":{"@id":"https:\/\/prefecturadeesmeraldas.gob.ec\/index.php\/2021\/03\/26\/prefectura-construye-otro-puente-y-facilita-la-conectividad-vial-en-la-zona-rural-de-quininde\/"},"author":{"name":"Direcci\u00f3n de Comunicaci\u00f3n","@id":"https:\/\/prefecturadeesmeraldas.gob.ec\/#\/schema\/person\/b0c9e7b1ead7725994d1e319e8825234"},"headline":"Prefectura construye otro puente y facilita la conectividad vial en la zona rural de Quinind\u00e9.","datePublished":"2021-03-26T15:44:19+00:00","dateModified":"2021-03-26T15:45:02+00:00","mainEntityOfPage":{"@id":"https:\/\/prefecturadeesmeraldas.gob.ec\/index.php\/2021\/03\/26\/prefectura-construye-otro-puente-y-facilita-la-conectividad-vial-en-la-zona-rural-de-quininde\/"},"wordCount":276,"publisher":{"@id":"https:\/\/prefecturadeesmeraldas.gob.ec\/#organization"},"image":{"@id":"https:\/\/prefecturadeesmeraldas.gob.ec\/index.php\/2021\/03\/26\/prefectura-construye-otro-puente-y-facilita-la-conectividad-vial-en-la-zona-rural-de-quininde\/#primaryimage"},"thumbnailUrl":"https:\/\/prefecturadeesmeraldas.gob.ec\/wp-content\/uploads\/2021\/03\/BOLETIN-0320.jpg","articleSection":["Vialidad"],"inLanguage":"es"},{"@type":"WebPage","@id":"https:\/\/prefecturadeesmeraldas.gob.ec\/index.php\/2021\/03\/26\/prefectura-construye-otro-puente-y-facilita-la-conectividad-vial-en-la-zona-rural-de-quininde\/","url":"https:\/\/prefecturadeesmeraldas.gob.ec\/index.php\/2021\/03\/26\/prefectura-construye-otro-puente-y-facilita-la-conectividad-vial-en-la-zona-rural-de-quininde\/","name":"Prefectura construye otro puente y facilita la conectividad vial en la zona rural de Quinind\u00e9. - Gobierno Aut\u00f3nomo Descentralizado de la Provincia de Esmeraldas","isPartOf":{"@id":"https:\/\/prefecturadeesmeraldas.gob.ec\/#website"},"primaryImageOfPage":{"@id":"https:\/\/prefecturadeesmeraldas.gob.ec\/index.php\/2021\/03\/26\/prefectura-construye-otro-puente-y-facilita-la-conectividad-vial-en-la-zona-rural-de-quininde\/#primaryimage"},"image":{"@id":"https:\/\/prefecturadeesmeraldas.gob.ec\/index.php\/2021\/03\/26\/prefectura-construye-otro-puente-y-facilita-la-conectividad-vial-en-la-zona-rural-de-quininde\/#primaryimage"},"thumbnailUrl":"https:\/\/prefecturadeesmeraldas.gob.ec\/wp-content\/uploads\/2021\/03\/BOLETIN-0320.jpg","datePublished":"2021-03-26T15:44:19+00:00","dateModified":"2021-03-26T15:45:02+00:00","breadcrumb":{"@id":"https:\/\/prefecturadeesmeraldas.gob.ec\/index.php\/2021\/03\/26\/prefectura-construye-otro-puente-y-facilita-la-conectividad-vial-en-la-zona-rural-de-quininde\/#breadcrumb"},"inLanguage":"es","potentialAction":[{"@type":"ReadAction","target":["https:\/\/prefecturadeesmeraldas.gob.ec\/index.php\/2021\/03\/26\/prefectura-construye-otro-puente-y-facilita-la-conectividad-vial-en-la-zona-rural-de-quininde\/"]}]},{"@type":"ImageObject","inLanguage":"es","@id":"https:\/\/prefecturadeesmeraldas.gob.ec\/index.php\/2021\/03\/26\/prefectura-construye-otro-puente-y-facilita-la-conectividad-vial-en-la-zona-rural-de-quininde\/#primaryimage","url":"https:\/\/prefecturadeesmeraldas.gob.ec\/wp-content\/uploads\/2021\/03\/BOLETIN-0320.jpg","contentUrl":"https:\/\/prefecturadeesmeraldas.gob.ec\/wp-content\/uploads\/2021\/03\/BOLETIN-0320.jpg","width":598,"height":598},{"@type":"BreadcrumbList","@id":"https:\/\/prefecturadeesmeraldas.gob.ec\/index.php\/2021\/03\/26\/prefectura-construye-otro-puente-y-facilita-la-conectividad-vial-en-la-zona-rural-de-quininde\/#breadcrumb","itemListElement":[{"@type":"ListItem","position":1,"name":"Home","item":"https:\/\/prefecturadeesmeraldas.gob.ec\/"},{"@type":"ListItem","position":2,"name":"Prefectura construye otro puente y facilita la conectividad vial en la zona rural de Quinind\u00e9."}]},{"@type":"WebSite","@id":"https:\/\/prefecturadeesmeraldas.gob.ec\/#website","url":"https:\/\/prefecturadeesmeraldas.gob.ec\/","name":"Gobierno Aut\u00f3nomo Descentralizado de la Provincia de Esmeraldas","description":"Gobierno Aut\u00f3nomo Descentralizado de la Provincia de Esmeraldas","publisher":{"@id":"https:\/\/prefecturadeesmeraldas.gob.ec\/#organization"},"potentialAction":[{"@type":"SearchAction","target":{"@type":"EntryPoint","urlTemplate":"https:\/\/prefecturadeesmeraldas.gob.ec\/?s={search_term_string}"},"query-input":{"@type":"PropertyValueSpecification","valueRequired":true,"valueName":"search_term_string"}}],"inLanguage":"es"},{"@type":"Organization","@id":"https:\/\/prefecturadeesmeraldas.gob.ec\/#organization","name":"Gobierno Aut\u00f3nomo Descentralizado de la Provincia de Esmeraldas","url":"https:\/\/prefecturadeesmeraldas.gob.ec\/","logo":{"@type":"ImageObject","inLanguage":"es","@id":"https:\/\/prefecturadeesmeraldas.gob.ec\/#\/schema\/logo\/image\/","url":"https:\/\/prefecturadeesmeraldas.gob.ec\/wp-content\/uploads\/2019\/06\/logo.png","contentUrl":"https:\/\/prefecturadeesmeraldas.gob.ec\/wp-content\/uploads\/2019\/06\/logo.png","width":859,"height":448,"caption":"Gobierno Aut\u00f3nomo Descentralizado de la Provincia de Esmeraldas"},"image":{"@id":"https:\/\/prefecturadeesmeraldas.gob.ec\/#\/schema\/logo\/image\/"},"sameAs":["https:\/\/www.facebook.com\/PrefecturaEsmeraldas\/"]},{"@type":"Person","@id":"https:\/\/prefecturadeesmeraldas.gob.ec\/#\/schema\/person\/b0c9e7b1ead7725994d1e319e8825234","name":"Direcci\u00f3n de Comunicaci\u00f3n","image":{"@type":"ImageObject","inLanguage":"es","@id":"https:\/\/prefecturadeesmeraldas.gob.ec\/#\/schema\/person\/image\/","url":"https:\/\/secure.gravatar.com\/avatar\/74a3870a946f5d774ade3569af61a72308e07ad3346f370c4b468ee2a9858658?s=96&d=mm&r=g","contentUrl":"https:\/\/secure.gravatar.com\/avatar\/74a3870a946f5d774ade3569af61a72308e07ad3346f370c4b468ee2a9858658?s=96&d=mm&r=g","caption":"Direcci\u00f3n de Comunicaci\u00f3n"}}]}},"_links":{"self":[{"href":"https:\/\/prefecturadeesmeraldas.gob.ec\/index.php\/wp-json\/wp\/v2\/posts\/10162","targetHints":{"allow":["GET"]}}],"collection":[{"href":"https:\/\/prefecturadeesmeraldas.gob.ec\/index.php\/wp-json\/wp\/v2\/posts"}],"about":[{"href":"https:\/\/prefecturadeesmeraldas.gob.ec\/index.php\/wp-json\/wp\/v2\/types\/post"}],"author":[{"embeddable":true,"href":"https:\/\/prefecturadeesmeraldas.gob.ec\/index.php\/wp-json\/wp\/v2\/users\/2"}],"replies":[{"embeddable":true,"href":"https:\/\/prefecturadeesmeraldas.gob.ec\/index.php\/wp-json\/wp\/v2\/comments?post=10162"}],"version-history":[{"count":0,"href":"https:\/\/prefecturadeesmeraldas.gob.ec\/index.php\/wp-json\/wp\/v2\/posts\/10162\/revisions"}],"wp:featuredmedia":[{"embeddable":true,"href":"https:\/\/prefecturadeesmeraldas.gob.ec\/index.php\/wp-json\/wp\/v2\/media\/10123"}],"wp:attachment":[{"href":"https:\/\/prefecturadeesmeraldas.gob.ec\/index.php\/wp-json\/wp\/v2\/media?parent=10162"}],"wp:term":[{"taxonomy":"category","embeddable":true,"href":"https:\/\/prefecturadeesmeraldas.gob.ec\/index.php\/wp-json\/wp\/v2\/categories?post=10162"},{"taxonomy":"post_tag","embeddable":true,"href":"https:\/\/prefecturadeesmeraldas.gob.ec\/index.php\/wp-json\/wp\/v2\/tags?post=10162"}],"curies":[{"name":"wp","href":"https:\/\/api.w.org\/{rel}","templated":true}]}}