{"id":10159,"date":"2021-03-26T10:15:25","date_gmt":"2021-03-26T15:15:25","guid":{"rendered":"http:\/\/prefecturadeesmeraldas.gob.ec\/?p=10159"},"modified":"2021-03-26T10:42:29","modified_gmt":"2021-03-26T15:42:29","slug":"esmeraldas-tendra-su-primer-mega-parque-familiar-y-deportivo-gracias-a-la-prefectura","status":"publish","type":"post","link":"https:\/\/prefecturadeesmeraldas.gob.ec\/index.php\/2021\/03\/26\/esmeraldas-tendra-su-primer-mega-parque-familiar-y-deportivo-gracias-a-la-prefectura\/","title":{"rendered":"Esmeraldas tendr\u00e1 su primer mega parque, familiar y deportivo, gracias a la Prefectura."},"content":{"rendered":"\t\t<div data-elementor-type=\"wp-post\" data-elementor-id=\"10159\" class=\"elementor elementor-10159\">\n\t\t\t\t\t\t<section class=\"elementor-section elementor-top-section elementor-element elementor-element-2d6b5e6 elementor-section-boxed elementor-section-height-default elementor-section-height-default\" data-id=\"2d6b5e6\" data-element_type=\"section\">\n\t\t\t\t\t\t<div class=\"elementor-container elementor-column-gap-default\">\n\t\t\t\t\t<div class=\"elementor-column elementor-col-100 elementor-top-column elementor-element elementor-element-6b3d1fd\" data-id=\"6b3d1fd\" data-element_type=\"column\">\n\t\t\t<div class=\"elementor-widget-wrap elementor-element-populated\">\n\t\t\t\t\t\t<div class=\"elementor-element elementor-element-3eaa70f elementor-widget elementor-widget-image\" data-id=\"3eaa70f\" data-element_type=\"widget\" data-widget_type=\"image.default\">\n\t\t\t\t<div class=\"elementor-widget-container\">\n\t\t\t\t\t\t\t\t\t\t\t\t\t\t\t<img fetchpriority=\"high\" decoding=\"async\" width=\"566\" height=\"756\" src=\"https:\/\/prefecturadeesmeraldas.gob.ec\/wp-content\/uploads\/2021\/03\/BOLETIN-0318.jpg\" class=\"attachment-large size-large wp-image-10121\" alt=\"\" srcset=\"https:\/\/prefecturadeesmeraldas.gob.ec\/wp-content\/uploads\/2021\/03\/BOLETIN-0318.jpg 566w, https:\/\/prefecturadeesmeraldas.gob.ec\/wp-content\/uploads\/2021\/03\/BOLETIN-0318-225x300.jpg 225w\" sizes=\"(max-width: 566px) 100vw, 566px\" \/>\t\t\t\t\t\t\t\t\t\t\t\t\t\t\t<\/div>\n\t\t\t\t<\/div>\n\t\t\t\t\t<\/div>\n\t\t<\/div>\n\t\t\t\t\t<\/div>\n\t\t<\/section>\n\t\t\t\t<section class=\"elementor-section elementor-top-section elementor-element elementor-element-c12416a elementor-section-boxed elementor-section-height-default elementor-section-height-default\" data-id=\"c12416a\" data-element_type=\"section\">\n\t\t\t\t\t\t<div class=\"elementor-container elementor-column-gap-default\">\n\t\t\t\t\t<div class=\"elementor-column elementor-col-100 elementor-top-column elementor-element elementor-element-7fdefa1\" data-id=\"7fdefa1\" data-element_type=\"column\">\n\t\t\t<div class=\"elementor-widget-wrap elementor-element-populated\">\n\t\t\t\t\t\t<div class=\"elementor-element elementor-element-b8fdaa0 elementor-widget elementor-widget-text-editor\" data-id=\"b8fdaa0\" data-element_type=\"widget\" data-widget_type=\"text-editor.default\">\n\t\t\t\t<div class=\"elementor-widget-container\">\n\t\t\t\t\t\t\t\t\t<p>Luego de <strong>173 a\u00f1os de existencia como provincia<\/strong>, en Esmeraldas se construir\u00e1 el primer mega parque deportivo y recreacional. Se trata de un parque \u00fanico en su g\u00e9nero por su tama\u00f1o y modernidad. El estudio y dise\u00f1o del parque ya est\u00e1 listo y el Gobierno Nacional, a trav\u00e9s de la Empresa P\u00fablica Inmobiliar, dio el aval para el desembolso de los 6.9 millones que cuesta esta mega obra, que estar\u00e1 ubicada en la parroquia Tachina, cant\u00f3n Esmeraldas.<\/p><p>La prefecta <strong>Roberta Zambrano<\/strong>, en una entrevista realizada la ma\u00f1ana de este mi\u00e9rcoles 24 de marzo, en radio Caribe, hizo p\u00fablico el novedoso proyecto.<\/p><p>El parque ser\u00e1 construido en convenio con la <strong>Prefectura de Esmeraldas<\/strong> y tendr\u00e1 5.4 hect\u00e1reas. Se estima que, una vez firmados los documentos habilitantes, la obra est\u00e9 terminada en 4.5 meses.<\/p><p>El parque de Tachina ha sido dise\u00f1ado para permitir que todas las personas se diviertan, participen y desarrollen actividades en un mismo espacio generando un entorno propicio para todos; considerando toda la diversidad de necesidades de las personas se ha incorporado equipamiento y espacios para atenderlas y al mismo tiempo promover el disfrute y esparcimiento. Se dise\u00f1an plazas, \u00e1gora, \u00e1reas de picnic, \u00e1reas deportivas, mirador, entre otros espacios, totalmente accesibles.<\/p><p>Contar\u00e1 con juegos infantiles, juegos acu\u00e1ticos, pista de obst\u00e1culos para bicicletas, \u00e1rea de picnic, \u00e1reas para caminar, mirador, juegos biosaludables, 1 cancha de f\u00fatbol reglamentaria, 6 canchas de f\u00fatbol adicionales, 2 canchas de v\u00f3ley, 4 canchas de mini f\u00fatbol, 2 canchas de b\u00e1squet, ba\u00f1os, camerinos y parqueadero para 57 autos, 46 motos y 21 bicicletas.<\/p><p>El primer mega parque polideportivo, infantil y familiar de la provincia de Esmeraldas, ser\u00e1 una realidad gracias a la Prefectura de Esmeraldas.<\/p>\t\t\t\t\t\t\t\t<\/div>\n\t\t\t\t<\/div>\n\t\t\t\t\t<\/div>\n\t\t<\/div>\n\t\t\t\t\t<\/div>\n\t\t<\/section>\n\t\t\t\t<\/div>\n\t\t","protected":false},"excerpt":{"rendered":"<p>Luego de 173 a\u00f1os de existencia como provincia, en Esmeraldas se construir\u00e1 el primer mega parque deportivo y recreacional. Se trata de un parque \u00fanico en su g\u00e9nero por su tama\u00f1o y modernidad. El estudio y dise\u00f1o del parque ya est\u00e1 listo y el Gobierno Nacional, a trav\u00e9s de la Empresa P\u00fablica Inmobiliar, dio el [&hellip;]<\/p>\n","protected":false},"author":2,"featured_media":10121,"comment_status":"closed","ping_status":"open","sticky":false,"template":"","format":"standard","meta":{"footnotes":""},"categories":[3],"tags":[],"class_list":["post-10159","post","type-post","status-publish","format-standard","has-post-thumbnail","hentry","category-institucional"],"yoast_head":"<!-- This site is optimized with the Yoast SEO plugin v25.7 - https:\/\/yoast.com\/wordpress\/plugins\/seo\/ -->\n<title>Esmeraldas tendr\u00e1 su primer mega parque, familiar y deportivo, gracias a la Prefectura. - Gobierno Aut\u00f3nomo Descentralizado de la Provincia de Esmeraldas<\/title>\n<meta name=\"robots\" content=\"index, follow, max-snippet:-1, max-image-preview:large, max-video-preview:-1\" \/>\n<link rel=\"canonical\" href=\"https:\/\/prefecturadeesmeraldas.gob.ec\/index.php\/2021\/03\/26\/esmeraldas-tendra-su-primer-mega-parque-familiar-y-deportivo-gracias-a-la-prefectura\/\" \/>\n<meta property=\"og:locale\" content=\"es_ES\" \/>\n<meta property=\"og:type\" content=\"article\" \/>\n<meta property=\"og:title\" content=\"Esmeraldas tendr\u00e1 su primer mega parque, familiar y deportivo, gracias a la Prefectura. - Gobierno Aut\u00f3nomo Descentralizado de la Provincia de Esmeraldas\" \/>\n<meta property=\"og:description\" content=\"Luego de 173 a\u00f1os de existencia como provincia, en Esmeraldas se construir\u00e1 el primer mega parque deportivo y recreacional. Se trata de un parque \u00fanico en su g\u00e9nero por su tama\u00f1o y modernidad. El estudio y dise\u00f1o del parque ya est\u00e1 listo y el Gobierno Nacional, a trav\u00e9s de la Empresa P\u00fablica Inmobiliar, dio el [&hellip;]\" \/>\n<meta property=\"og:url\" content=\"https:\/\/prefecturadeesmeraldas.gob.ec\/index.php\/2021\/03\/26\/esmeraldas-tendra-su-primer-mega-parque-familiar-y-deportivo-gracias-a-la-prefectura\/\" \/>\n<meta property=\"og:site_name\" content=\"Gobierno Aut\u00f3nomo Descentralizado de la Provincia de Esmeraldas\" \/>\n<meta property=\"article:publisher\" content=\"https:\/\/www.facebook.com\/PrefecturaEsmeraldas\/\" \/>\n<meta property=\"article:published_time\" content=\"2021-03-26T15:15:25+00:00\" \/>\n<meta property=\"article:modified_time\" content=\"2021-03-26T15:42:29+00:00\" \/>\n<meta property=\"og:image\" content=\"https:\/\/prefecturadeesmeraldas.gob.ec\/wp-content\/uploads\/2021\/03\/BOLETIN-0318.jpg\" \/>\n\t<meta property=\"og:image:width\" content=\"566\" \/>\n\t<meta property=\"og:image:height\" content=\"756\" \/>\n\t<meta property=\"og:image:type\" content=\"image\/jpeg\" \/>\n<meta name=\"author\" content=\"Direcci\u00f3n de Comunicaci\u00f3n\" \/>\n<meta name=\"twitter:card\" content=\"summary_large_image\" \/>\n<meta name=\"twitter:label1\" content=\"Escrito por\" \/>\n\t<meta name=\"twitter:data1\" content=\"Direcci\u00f3n de Comunicaci\u00f3n\" \/>\n\t<meta name=\"twitter:label2\" content=\"Tiempo de lectura\" \/>\n\t<meta name=\"twitter:data2\" content=\"1 minuto\" \/>\n<script type=\"application\/ld+json\" class=\"yoast-schema-graph\">{\"@context\":\"https:\/\/schema.org\",\"@graph\":[{\"@type\":\"Article\",\"@id\":\"https:\/\/prefecturadeesmeraldas.gob.ec\/index.php\/2021\/03\/26\/esmeraldas-tendra-su-primer-mega-parque-familiar-y-deportivo-gracias-a-la-prefectura\/#article\",\"isPartOf\":{\"@id\":\"https:\/\/prefecturadeesmeraldas.gob.ec\/index.php\/2021\/03\/26\/esmeraldas-tendra-su-primer-mega-parque-familiar-y-deportivo-gracias-a-la-prefectura\/\"},\"author\":{\"name\":\"Direcci\u00f3n de Comunicaci\u00f3n\",\"@id\":\"https:\/\/prefecturadeesmeraldas.gob.ec\/#\/schema\/person\/b0c9e7b1ead7725994d1e319e8825234\"},\"headline\":\"Esmeraldas tendr\u00e1 su primer mega parque, familiar y deportivo, gracias a la Prefectura.\",\"datePublished\":\"2021-03-26T15:15:25+00:00\",\"dateModified\":\"2021-03-26T15:42:29+00:00\",\"mainEntityOfPage\":{\"@id\":\"https:\/\/prefecturadeesmeraldas.gob.ec\/index.php\/2021\/03\/26\/esmeraldas-tendra-su-primer-mega-parque-familiar-y-deportivo-gracias-a-la-prefectura\/\"},\"wordCount\":300,\"publisher\":{\"@id\":\"https:\/\/prefecturadeesmeraldas.gob.ec\/#organization\"},\"image\":{\"@id\":\"https:\/\/prefecturadeesmeraldas.gob.ec\/index.php\/2021\/03\/26\/esmeraldas-tendra-su-primer-mega-parque-familiar-y-deportivo-gracias-a-la-prefectura\/#primaryimage\"},\"thumbnailUrl\":\"https:\/\/prefecturadeesmeraldas.gob.ec\/wp-content\/uploads\/2021\/03\/BOLETIN-0318.jpg\",\"articleSection\":[\"Institucional\"],\"inLanguage\":\"es\"},{\"@type\":\"WebPage\",\"@id\":\"https:\/\/prefecturadeesmeraldas.gob.ec\/index.php\/2021\/03\/26\/esmeraldas-tendra-su-primer-mega-parque-familiar-y-deportivo-gracias-a-la-prefectura\/\",\"url\":\"https:\/\/prefecturadeesmeraldas.gob.ec\/index.php\/2021\/03\/26\/esmeraldas-tendra-su-primer-mega-parque-familiar-y-deportivo-gracias-a-la-prefectura\/\",\"name\":\"Esmeraldas tendr\u00e1 su primer mega parque, familiar y deportivo, gracias a la Prefectura. - Gobierno Aut\u00f3nomo Descentralizado de la Provincia de Esmeraldas\",\"isPartOf\":{\"@id\":\"https:\/\/prefecturadeesmeraldas.gob.ec\/#website\"},\"primaryImageOfPage\":{\"@id\":\"https:\/\/prefecturadeesmeraldas.gob.ec\/index.php\/2021\/03\/26\/esmeraldas-tendra-su-primer-mega-parque-familiar-y-deportivo-gracias-a-la-prefectura\/#primaryimage\"},\"image\":{\"@id\":\"https:\/\/prefecturadeesmeraldas.gob.ec\/index.php\/2021\/03\/26\/esmeraldas-tendra-su-primer-mega-parque-familiar-y-deportivo-gracias-a-la-prefectura\/#primaryimage\"},\"thumbnailUrl\":\"https:\/\/prefecturadeesmeraldas.gob.ec\/wp-content\/uploads\/2021\/03\/BOLETIN-0318.jpg\",\"datePublished\":\"2021-03-26T15:15:25+00:00\",\"dateModified\":\"2021-03-26T15:42:29+00:00\",\"breadcrumb\":{\"@id\":\"https:\/\/prefecturadeesmeraldas.gob.ec\/index.php\/2021\/03\/26\/esmeraldas-tendra-su-primer-mega-parque-familiar-y-deportivo-gracias-a-la-prefectura\/#breadcrumb\"},\"inLanguage\":\"es\",\"potentialAction\":[{\"@type\":\"ReadAction\",\"target\":[\"https:\/\/prefecturadeesmeraldas.gob.ec\/index.php\/2021\/03\/26\/esmeraldas-tendra-su-primer-mega-parque-familiar-y-deportivo-gracias-a-la-prefectura\/\"]}]},{\"@type\":\"ImageObject\",\"inLanguage\":\"es\",\"@id\":\"https:\/\/prefecturadeesmeraldas.gob.ec\/index.php\/2021\/03\/26\/esmeraldas-tendra-su-primer-mega-parque-familiar-y-deportivo-gracias-a-la-prefectura\/#primaryimage\",\"url\":\"https:\/\/prefecturadeesmeraldas.gob.ec\/wp-content\/uploads\/2021\/03\/BOLETIN-0318.jpg\",\"contentUrl\":\"https:\/\/prefecturadeesmeraldas.gob.ec\/wp-content\/uploads\/2021\/03\/BOLETIN-0318.jpg\",\"width\":566,\"height\":756},{\"@type\":\"BreadcrumbList\",\"@id\":\"https:\/\/prefecturadeesmeraldas.gob.ec\/index.php\/2021\/03\/26\/esmeraldas-tendra-su-primer-mega-parque-familiar-y-deportivo-gracias-a-la-prefectura\/#breadcrumb\",\"itemListElement\":[{\"@type\":\"ListItem\",\"position\":1,\"name\":\"Home\",\"item\":\"https:\/\/prefecturadeesmeraldas.gob.ec\/\"},{\"@type\":\"ListItem\",\"position\":2,\"name\":\"Esmeraldas tendr\u00e1 su primer mega parque, familiar y deportivo, gracias a la Prefectura.\"}]},{\"@type\":\"WebSite\",\"@id\":\"https:\/\/prefecturadeesmeraldas.gob.ec\/#website\",\"url\":\"https:\/\/prefecturadeesmeraldas.gob.ec\/\",\"name\":\"Gobierno Aut\u00f3nomo Descentralizado de la Provincia de Esmeraldas\",\"description\":\"Gobierno Aut\u00f3nomo Descentralizado de la Provincia de Esmeraldas\",\"publisher\":{\"@id\":\"https:\/\/prefecturadeesmeraldas.gob.ec\/#organization\"},\"potentialAction\":[{\"@type\":\"SearchAction\",\"target\":{\"@type\":\"EntryPoint\",\"urlTemplate\":\"https:\/\/prefecturadeesmeraldas.gob.ec\/?s={search_term_string}\"},\"query-input\":{\"@type\":\"PropertyValueSpecification\",\"valueRequired\":true,\"valueName\":\"search_term_string\"}}],\"inLanguage\":\"es\"},{\"@type\":\"Organization\",\"@id\":\"https:\/\/prefecturadeesmeraldas.gob.ec\/#organization\",\"name\":\"Gobierno Aut\u00f3nomo Descentralizado de la Provincia de Esmeraldas\",\"url\":\"https:\/\/prefecturadeesmeraldas.gob.ec\/\",\"logo\":{\"@type\":\"ImageObject\",\"inLanguage\":\"es\",\"@id\":\"https:\/\/prefecturadeesmeraldas.gob.ec\/#\/schema\/logo\/image\/\",\"url\":\"https:\/\/prefecturadeesmeraldas.gob.ec\/wp-content\/uploads\/2019\/06\/logo.png\",\"contentUrl\":\"https:\/\/prefecturadeesmeraldas.gob.ec\/wp-content\/uploads\/2019\/06\/logo.png\",\"width\":859,\"height\":448,\"caption\":\"Gobierno Aut\u00f3nomo Descentralizado de la Provincia de Esmeraldas\"},\"image\":{\"@id\":\"https:\/\/prefecturadeesmeraldas.gob.ec\/#\/schema\/logo\/image\/\"},\"sameAs\":[\"https:\/\/www.facebook.com\/PrefecturaEsmeraldas\/\"]},{\"@type\":\"Person\",\"@id\":\"https:\/\/prefecturadeesmeraldas.gob.ec\/#\/schema\/person\/b0c9e7b1ead7725994d1e319e8825234\",\"name\":\"Direcci\u00f3n de Comunicaci\u00f3n\",\"image\":{\"@type\":\"ImageObject\",\"inLanguage\":\"es\",\"@id\":\"https:\/\/prefecturadeesmeraldas.gob.ec\/#\/schema\/person\/image\/\",\"url\":\"https:\/\/secure.gravatar.com\/avatar\/74a3870a946f5d774ade3569af61a72308e07ad3346f370c4b468ee2a9858658?s=96&d=mm&r=g\",\"contentUrl\":\"https:\/\/secure.gravatar.com\/avatar\/74a3870a946f5d774ade3569af61a72308e07ad3346f370c4b468ee2a9858658?s=96&d=mm&r=g\",\"caption\":\"Direcci\u00f3n de Comunicaci\u00f3n\"}}]}<\/script>\n<!-- \/ Yoast SEO plugin. -->","yoast_head_json":{"title":"Esmeraldas tendr\u00e1 su primer mega parque, familiar y deportivo, gracias a la Prefectura. - Gobierno Aut\u00f3nomo Descentralizado de la Provincia de Esmeraldas","robots":{"index":"index","follow":"follow","max-snippet":"max-snippet:-1","max-image-preview":"max-image-preview:large","max-video-preview":"max-video-preview:-1"},"canonical":"https:\/\/prefecturadeesmeraldas.gob.ec\/index.php\/2021\/03\/26\/esmeraldas-tendra-su-primer-mega-parque-familiar-y-deportivo-gracias-a-la-prefectura\/","og_locale":"es_ES","og_type":"article","og_title":"Esmeraldas tendr\u00e1 su primer mega parque, familiar y deportivo, gracias a la Prefectura. - Gobierno Aut\u00f3nomo Descentralizado de la Provincia de Esmeraldas","og_description":"Luego de 173 a\u00f1os de existencia como provincia, en Esmeraldas se construir\u00e1 el primer mega parque deportivo y recreacional. Se trata de un parque \u00fanico en su g\u00e9nero por su tama\u00f1o y modernidad. El estudio y dise\u00f1o del parque ya est\u00e1 listo y el Gobierno Nacional, a trav\u00e9s de la Empresa P\u00fablica Inmobiliar, dio el [&hellip;]","og_url":"https:\/\/prefecturadeesmeraldas.gob.ec\/index.php\/2021\/03\/26\/esmeraldas-tendra-su-primer-mega-parque-familiar-y-deportivo-gracias-a-la-prefectura\/","og_site_name":"Gobierno Aut\u00f3nomo Descentralizado de la Provincia de Esmeraldas","article_publisher":"https:\/\/www.facebook.com\/PrefecturaEsmeraldas\/","article_published_time":"2021-03-26T15:15:25+00:00","article_modified_time":"2021-03-26T15:42:29+00:00","og_image":[{"width":566,"height":756,"url":"https:\/\/prefecturadeesmeraldas.gob.ec\/wp-content\/uploads\/2021\/03\/BOLETIN-0318.jpg","type":"image\/jpeg"}],"author":"Direcci\u00f3n de Comunicaci\u00f3n","twitter_card":"summary_large_image","twitter_misc":{"Escrito por":"Direcci\u00f3n de Comunicaci\u00f3n","Tiempo de lectura":"1 minuto"},"schema":{"@context":"https:\/\/schema.org","@graph":[{"@type":"Article","@id":"https:\/\/prefecturadeesmeraldas.gob.ec\/index.php\/2021\/03\/26\/esmeraldas-tendra-su-primer-mega-parque-familiar-y-deportivo-gracias-a-la-prefectura\/#article","isPartOf":{"@id":"https:\/\/prefecturadeesmeraldas.gob.ec\/index.php\/2021\/03\/26\/esmeraldas-tendra-su-primer-mega-parque-familiar-y-deportivo-gracias-a-la-prefectura\/"},"author":{"name":"Direcci\u00f3n de Comunicaci\u00f3n","@id":"https:\/\/prefecturadeesmeraldas.gob.ec\/#\/schema\/person\/b0c9e7b1ead7725994d1e319e8825234"},"headline":"Esmeraldas tendr\u00e1 su primer mega parque, familiar y deportivo, gracias a la Prefectura.","datePublished":"2021-03-26T15:15:25+00:00","dateModified":"2021-03-26T15:42:29+00:00","mainEntityOfPage":{"@id":"https:\/\/prefecturadeesmeraldas.gob.ec\/index.php\/2021\/03\/26\/esmeraldas-tendra-su-primer-mega-parque-familiar-y-deportivo-gracias-a-la-prefectura\/"},"wordCount":300,"publisher":{"@id":"https:\/\/prefecturadeesmeraldas.gob.ec\/#organization"},"image":{"@id":"https:\/\/prefecturadeesmeraldas.gob.ec\/index.php\/2021\/03\/26\/esmeraldas-tendra-su-primer-mega-parque-familiar-y-deportivo-gracias-a-la-prefectura\/#primaryimage"},"thumbnailUrl":"https:\/\/prefecturadeesmeraldas.gob.ec\/wp-content\/uploads\/2021\/03\/BOLETIN-0318.jpg","articleSection":["Institucional"],"inLanguage":"es"},{"@type":"WebPage","@id":"https:\/\/prefecturadeesmeraldas.gob.ec\/index.php\/2021\/03\/26\/esmeraldas-tendra-su-primer-mega-parque-familiar-y-deportivo-gracias-a-la-prefectura\/","url":"https:\/\/prefecturadeesmeraldas.gob.ec\/index.php\/2021\/03\/26\/esmeraldas-tendra-su-primer-mega-parque-familiar-y-deportivo-gracias-a-la-prefectura\/","name":"Esmeraldas tendr\u00e1 su primer mega parque, familiar y deportivo, gracias a la Prefectura. - Gobierno Aut\u00f3nomo Descentralizado de la Provincia de Esmeraldas","isPartOf":{"@id":"https:\/\/prefecturadeesmeraldas.gob.ec\/#website"},"primaryImageOfPage":{"@id":"https:\/\/prefecturadeesmeraldas.gob.ec\/index.php\/2021\/03\/26\/esmeraldas-tendra-su-primer-mega-parque-familiar-y-deportivo-gracias-a-la-prefectura\/#primaryimage"},"image":{"@id":"https:\/\/prefecturadeesmeraldas.gob.ec\/index.php\/2021\/03\/26\/esmeraldas-tendra-su-primer-mega-parque-familiar-y-deportivo-gracias-a-la-prefectura\/#primaryimage"},"thumbnailUrl":"https:\/\/prefecturadeesmeraldas.gob.ec\/wp-content\/uploads\/2021\/03\/BOLETIN-0318.jpg","datePublished":"2021-03-26T15:15:25+00:00","dateModified":"2021-03-26T15:42:29+00:00","breadcrumb":{"@id":"https:\/\/prefecturadeesmeraldas.gob.ec\/index.php\/2021\/03\/26\/esmeraldas-tendra-su-primer-mega-parque-familiar-y-deportivo-gracias-a-la-prefectura\/#breadcrumb"},"inLanguage":"es","potentialAction":[{"@type":"ReadAction","target":["https:\/\/prefecturadeesmeraldas.gob.ec\/index.php\/2021\/03\/26\/esmeraldas-tendra-su-primer-mega-parque-familiar-y-deportivo-gracias-a-la-prefectura\/"]}]},{"@type":"ImageObject","inLanguage":"es","@id":"https:\/\/prefecturadeesmeraldas.gob.ec\/index.php\/2021\/03\/26\/esmeraldas-tendra-su-primer-mega-parque-familiar-y-deportivo-gracias-a-la-prefectura\/#primaryimage","url":"https:\/\/prefecturadeesmeraldas.gob.ec\/wp-content\/uploads\/2021\/03\/BOLETIN-0318.jpg","contentUrl":"https:\/\/prefecturadeesmeraldas.gob.ec\/wp-content\/uploads\/2021\/03\/BOLETIN-0318.jpg","width":566,"height":756},{"@type":"BreadcrumbList","@id":"https:\/\/prefecturadeesmeraldas.gob.ec\/index.php\/2021\/03\/26\/esmeraldas-tendra-su-primer-mega-parque-familiar-y-deportivo-gracias-a-la-prefectura\/#breadcrumb","itemListElement":[{"@type":"ListItem","position":1,"name":"Home","item":"https:\/\/prefecturadeesmeraldas.gob.ec\/"},{"@type":"ListItem","position":2,"name":"Esmeraldas tendr\u00e1 su primer mega parque, familiar y deportivo, gracias a la Prefectura."}]},{"@type":"WebSite","@id":"https:\/\/prefecturadeesmeraldas.gob.ec\/#website","url":"https:\/\/prefecturadeesmeraldas.gob.ec\/","name":"Gobierno Aut\u00f3nomo Descentralizado de la Provincia de Esmeraldas","description":"Gobierno Aut\u00f3nomo Descentralizado de la Provincia de Esmeraldas","publisher":{"@id":"https:\/\/prefecturadeesmeraldas.gob.ec\/#organization"},"potentialAction":[{"@type":"SearchAction","target":{"@type":"EntryPoint","urlTemplate":"https:\/\/prefecturadeesmeraldas.gob.ec\/?s={search_term_string}"},"query-input":{"@type":"PropertyValueSpecification","valueRequired":true,"valueName":"search_term_string"}}],"inLanguage":"es"},{"@type":"Organization","@id":"https:\/\/prefecturadeesmeraldas.gob.ec\/#organization","name":"Gobierno Aut\u00f3nomo Descentralizado de la Provincia de Esmeraldas","url":"https:\/\/prefecturadeesmeraldas.gob.ec\/","logo":{"@type":"ImageObject","inLanguage":"es","@id":"https:\/\/prefecturadeesmeraldas.gob.ec\/#\/schema\/logo\/image\/","url":"https:\/\/prefecturadeesmeraldas.gob.ec\/wp-content\/uploads\/2019\/06\/logo.png","contentUrl":"https:\/\/prefecturadeesmeraldas.gob.ec\/wp-content\/uploads\/2019\/06\/logo.png","width":859,"height":448,"caption":"Gobierno Aut\u00f3nomo Descentralizado de la Provincia de Esmeraldas"},"image":{"@id":"https:\/\/prefecturadeesmeraldas.gob.ec\/#\/schema\/logo\/image\/"},"sameAs":["https:\/\/www.facebook.com\/PrefecturaEsmeraldas\/"]},{"@type":"Person","@id":"https:\/\/prefecturadeesmeraldas.gob.ec\/#\/schema\/person\/b0c9e7b1ead7725994d1e319e8825234","name":"Direcci\u00f3n de Comunicaci\u00f3n","image":{"@type":"ImageObject","inLanguage":"es","@id":"https:\/\/prefecturadeesmeraldas.gob.ec\/#\/schema\/person\/image\/","url":"https:\/\/secure.gravatar.com\/avatar\/74a3870a946f5d774ade3569af61a72308e07ad3346f370c4b468ee2a9858658?s=96&d=mm&r=g","contentUrl":"https:\/\/secure.gravatar.com\/avatar\/74a3870a946f5d774ade3569af61a72308e07ad3346f370c4b468ee2a9858658?s=96&d=mm&r=g","caption":"Direcci\u00f3n de Comunicaci\u00f3n"}}]}},"_links":{"self":[{"href":"https:\/\/prefecturadeesmeraldas.gob.ec\/index.php\/wp-json\/wp\/v2\/posts\/10159","targetHints":{"allow":["GET"]}}],"collection":[{"href":"https:\/\/prefecturadeesmeraldas.gob.ec\/index.php\/wp-json\/wp\/v2\/posts"}],"about":[{"href":"https:\/\/prefecturadeesmeraldas.gob.ec\/index.php\/wp-json\/wp\/v2\/types\/post"}],"author":[{"embeddable":true,"href":"https:\/\/prefecturadeesmeraldas.gob.ec\/index.php\/wp-json\/wp\/v2\/users\/2"}],"replies":[{"embeddable":true,"href":"https:\/\/prefecturadeesmeraldas.gob.ec\/index.php\/wp-json\/wp\/v2\/comments?post=10159"}],"version-history":[{"count":0,"href":"https:\/\/prefecturadeesmeraldas.gob.ec\/index.php\/wp-json\/wp\/v2\/posts\/10159\/revisions"}],"wp:featuredmedia":[{"embeddable":true,"href":"https:\/\/prefecturadeesmeraldas.gob.ec\/index.php\/wp-json\/wp\/v2\/media\/10121"}],"wp:attachment":[{"href":"https:\/\/prefecturadeesmeraldas.gob.ec\/index.php\/wp-json\/wp\/v2\/media?parent=10159"}],"wp:term":[{"taxonomy":"category","embeddable":true,"href":"https:\/\/prefecturadeesmeraldas.gob.ec\/index.php\/wp-json\/wp\/v2\/categories?post=10159"},{"taxonomy":"post_tag","embeddable":true,"href":"https:\/\/prefecturadeesmeraldas.gob.ec\/index.php\/wp-json\/wp\/v2\/tags?post=10159"}],"curies":[{"name":"wp","href":"https:\/\/api.w.org\/{rel}","templated":true}]}}