{"id":10099,"date":"2021-03-23T09:49:33","date_gmt":"2021-03-23T14:49:33","guid":{"rendered":"http:\/\/prefecturadeesmeraldas.gob.ec\/?p=10099"},"modified":"2021-03-23T09:50:02","modified_gmt":"2021-03-23T14:50:02","slug":"prefectura-realizo-exposicion-fotografica-en-honor-a-luis-vargas-torres","status":"publish","type":"post","link":"https:\/\/prefecturadeesmeraldas.gob.ec\/index.php\/2021\/03\/23\/prefectura-realizo-exposicion-fotografica-en-honor-a-luis-vargas-torres\/","title":{"rendered":"Prefectura realiz\u00f3 exposici\u00f3n fotogr\u00e1fica en honor a Luis Vargas Torres."},"content":{"rendered":"\t\t<div data-elementor-type=\"wp-post\" data-elementor-id=\"10099\" class=\"elementor elementor-10099\">\n\t\t\t\t\t\t<section class=\"elementor-section elementor-top-section elementor-element elementor-element-778b1c7 elementor-section-boxed elementor-section-height-default elementor-section-height-default\" data-id=\"778b1c7\" data-element_type=\"section\">\n\t\t\t\t\t\t<div class=\"elementor-container elementor-column-gap-default\">\n\t\t\t\t\t<div class=\"elementor-column elementor-col-100 elementor-top-column elementor-element elementor-element-73f2a03\" data-id=\"73f2a03\" data-element_type=\"column\">\n\t\t\t<div class=\"elementor-widget-wrap elementor-element-populated\">\n\t\t\t\t\t\t<div class=\"elementor-element elementor-element-f82f91f elementor-widget elementor-widget-image\" data-id=\"f82f91f\" data-element_type=\"widget\" data-widget_type=\"image.default\">\n\t\t\t\t<div class=\"elementor-widget-container\">\n\t\t\t\t\t\t\t\t\t\t\t\t\t\t\t<img fetchpriority=\"high\" decoding=\"async\" width=\"605\" height=\"567\" src=\"https:\/\/prefecturadeesmeraldas.gob.ec\/wp-content\/uploads\/2021\/03\/BOLETIN-0305.jpg\" class=\"attachment-large size-large wp-image-10080\" alt=\"\" srcset=\"https:\/\/prefecturadeesmeraldas.gob.ec\/wp-content\/uploads\/2021\/03\/BOLETIN-0305.jpg 605w, https:\/\/prefecturadeesmeraldas.gob.ec\/wp-content\/uploads\/2021\/03\/BOLETIN-0305-300x281.jpg 300w\" sizes=\"(max-width: 605px) 100vw, 605px\" \/>\t\t\t\t\t\t\t\t\t\t\t\t\t\t\t<\/div>\n\t\t\t\t<\/div>\n\t\t\t\t\t<\/div>\n\t\t<\/div>\n\t\t\t\t\t<\/div>\n\t\t<\/section>\n\t\t\t\t<section class=\"elementor-section elementor-top-section elementor-element elementor-element-c0b4387 elementor-section-boxed elementor-section-height-default elementor-section-height-default\" data-id=\"c0b4387\" data-element_type=\"section\">\n\t\t\t\t\t\t<div class=\"elementor-container elementor-column-gap-default\">\n\t\t\t\t\t<div class=\"elementor-column elementor-col-100 elementor-top-column elementor-element elementor-element-c521d79\" data-id=\"c521d79\" data-element_type=\"column\">\n\t\t\t<div class=\"elementor-widget-wrap elementor-element-populated\">\n\t\t\t\t\t\t<div class=\"elementor-element elementor-element-2b0d2a9 elementor-widget elementor-widget-text-editor\" data-id=\"2b0d2a9\" data-element_type=\"widget\" data-widget_type=\"text-editor.default\">\n\t\t\t\t<div class=\"elementor-widget-container\">\n\t\t\t\t\t\t\t\t\t<p>En conmemoraci\u00f3n de los 134 a\u00f1os de inmolaci\u00f3n del Coronel Luis Vargas Torres, la Unidad de Asistencia M\u00e9dica, Desarrollo Social y Cultural (<strong>UNAMYDESC<\/strong>), realiz\u00f3 una exposici\u00f3n fotogr\u00e1fica sobre la vida y acontecimientos importantes de nuestro h\u00e9roe y ejemplo para todos los esmeralde\u00f1os.<\/p><p><\/p><p>Fueron 32 cuadros de sucesos hist\u00f3ricos que se presentaron en los bajos de la Prefectura de Esmeraldas. Centenares de personas, entre ni\u00f1os, j\u00f3venes y adultos participaron de la actividad y, adem\u00e1s, conocieron un poco m\u00e1s sobre el Esmeraldas del ayer.<\/p><p><\/p><p>Con nostalgia, Luis Mart\u00ednez Caicedo, observaba estos hist\u00f3ricos cuadros que lo trasportaron a esa d\u00e9cada dorada de Esmeraldas. Tild\u00f3 de espectacular el hecho que la Prefectura est\u00e9 fomentando el arte y cultura provincial.<\/p><p><\/p><p>Por su parte, Mario Furl\u00e1n, manifest\u00f3 que las muestras fotogr\u00e1ficas revelan personajes trascedentales del Ecuador y momentos h\u00edstorios, sinti\u00e9ndose orgulloso de ser esmeralde\u00f1o.<\/p><p><\/p><p>Eduardo Gracia, especialista del \u00e1rea de Cultura de <strong>UNAMYDESC<\/strong>, explic\u00f3 que en coordinaci\u00f3n con instituciones como la Gobernaci\u00f3n de Esmeraldas, Casa de la Cultura \u2013 Benjamin Carri\u00f3n y Universidad T\u00e9cnica Luis Vargas Torres, rindiendo honores al Coronel Luis Vargas Torres. En esta exposici\u00f3n, la poblaci\u00f3n en general pudo conocer la historia del h\u00e9roe nacional y orgullo local. Adem\u00e1s, mencion\u00f3 que se cumplieron con todas las medidas de bioseguridad.<\/p>\t\t\t\t\t\t\t\t<\/div>\n\t\t\t\t<\/div>\n\t\t\t\t\t<\/div>\n\t\t<\/div>\n\t\t\t\t\t<\/div>\n\t\t<\/section>\n\t\t\t\t<\/div>\n\t\t","protected":false},"excerpt":{"rendered":"<p>En conmemoraci\u00f3n de los 134 a\u00f1os de inmolaci\u00f3n del Coronel Luis Vargas Torres, la Unidad de Asistencia M\u00e9dica, Desarrollo Social y Cultural (UNAMYDESC), realiz\u00f3 una exposici\u00f3n fotogr\u00e1fica sobre la vida y acontecimientos importantes de nuestro h\u00e9roe y ejemplo para todos los esmeralde\u00f1os. Fueron 32 cuadros de sucesos hist\u00f3ricos que se presentaron en los bajos de [&hellip;]<\/p>\n","protected":false},"author":2,"featured_media":10080,"comment_status":"closed","ping_status":"open","sticky":false,"template":"","format":"standard","meta":{"footnotes":""},"categories":[3],"tags":[],"class_list":["post-10099","post","type-post","status-publish","format-standard","has-post-thumbnail","hentry","category-institucional"],"yoast_head":"<!-- This site is optimized with the Yoast SEO plugin v25.7 - https:\/\/yoast.com\/wordpress\/plugins\/seo\/ -->\n<title>Prefectura realiz\u00f3 exposici\u00f3n fotogr\u00e1fica en honor a Luis Vargas Torres. - Gobierno Aut\u00f3nomo Descentralizado de la Provincia de Esmeraldas<\/title>\n<meta name=\"robots\" content=\"index, follow, max-snippet:-1, max-image-preview:large, max-video-preview:-1\" \/>\n<link rel=\"canonical\" href=\"https:\/\/prefecturadeesmeraldas.gob.ec\/index.php\/2021\/03\/23\/prefectura-realizo-exposicion-fotografica-en-honor-a-luis-vargas-torres\/\" \/>\n<meta property=\"og:locale\" content=\"es_ES\" \/>\n<meta property=\"og:type\" content=\"article\" \/>\n<meta property=\"og:title\" content=\"Prefectura realiz\u00f3 exposici\u00f3n fotogr\u00e1fica en honor a Luis Vargas Torres. - Gobierno Aut\u00f3nomo Descentralizado de la Provincia de Esmeraldas\" \/>\n<meta property=\"og:description\" content=\"En conmemoraci\u00f3n de los 134 a\u00f1os de inmolaci\u00f3n del Coronel Luis Vargas Torres, la Unidad de Asistencia M\u00e9dica, Desarrollo Social y Cultural (UNAMYDESC), realiz\u00f3 una exposici\u00f3n fotogr\u00e1fica sobre la vida y acontecimientos importantes de nuestro h\u00e9roe y ejemplo para todos los esmeralde\u00f1os. Fueron 32 cuadros de sucesos hist\u00f3ricos que se presentaron en los bajos de [&hellip;]\" \/>\n<meta property=\"og:url\" content=\"https:\/\/prefecturadeesmeraldas.gob.ec\/index.php\/2021\/03\/23\/prefectura-realizo-exposicion-fotografica-en-honor-a-luis-vargas-torres\/\" \/>\n<meta property=\"og:site_name\" content=\"Gobierno Aut\u00f3nomo Descentralizado de la Provincia de Esmeraldas\" \/>\n<meta property=\"article:publisher\" content=\"https:\/\/www.facebook.com\/PrefecturaEsmeraldas\/\" \/>\n<meta property=\"article:published_time\" content=\"2021-03-23T14:49:33+00:00\" \/>\n<meta property=\"article:modified_time\" content=\"2021-03-23T14:50:02+00:00\" \/>\n<meta property=\"og:image\" content=\"https:\/\/prefecturadeesmeraldas.gob.ec\/wp-content\/uploads\/2021\/03\/BOLETIN-0305.jpg\" \/>\n\t<meta property=\"og:image:width\" content=\"605\" \/>\n\t<meta property=\"og:image:height\" content=\"567\" \/>\n\t<meta property=\"og:image:type\" content=\"image\/jpeg\" \/>\n<meta name=\"author\" content=\"Direcci\u00f3n de Comunicaci\u00f3n\" \/>\n<meta name=\"twitter:card\" content=\"summary_large_image\" \/>\n<meta name=\"twitter:label1\" content=\"Escrito por\" \/>\n\t<meta name=\"twitter:data1\" content=\"Direcci\u00f3n de Comunicaci\u00f3n\" \/>\n\t<meta name=\"twitter:label2\" content=\"Tiempo de lectura\" \/>\n\t<meta name=\"twitter:data2\" content=\"1 minuto\" \/>\n<script type=\"application\/ld+json\" class=\"yoast-schema-graph\">{\"@context\":\"https:\/\/schema.org\",\"@graph\":[{\"@type\":\"Article\",\"@id\":\"https:\/\/prefecturadeesmeraldas.gob.ec\/index.php\/2021\/03\/23\/prefectura-realizo-exposicion-fotografica-en-honor-a-luis-vargas-torres\/#article\",\"isPartOf\":{\"@id\":\"https:\/\/prefecturadeesmeraldas.gob.ec\/index.php\/2021\/03\/23\/prefectura-realizo-exposicion-fotografica-en-honor-a-luis-vargas-torres\/\"},\"author\":{\"name\":\"Direcci\u00f3n de Comunicaci\u00f3n\",\"@id\":\"https:\/\/prefecturadeesmeraldas.gob.ec\/#\/schema\/person\/b0c9e7b1ead7725994d1e319e8825234\"},\"headline\":\"Prefectura realiz\u00f3 exposici\u00f3n fotogr\u00e1fica en honor a Luis Vargas Torres.\",\"datePublished\":\"2021-03-23T14:49:33+00:00\",\"dateModified\":\"2021-03-23T14:50:02+00:00\",\"mainEntityOfPage\":{\"@id\":\"https:\/\/prefecturadeesmeraldas.gob.ec\/index.php\/2021\/03\/23\/prefectura-realizo-exposicion-fotografica-en-honor-a-luis-vargas-torres\/\"},\"wordCount\":244,\"publisher\":{\"@id\":\"https:\/\/prefecturadeesmeraldas.gob.ec\/#organization\"},\"image\":{\"@id\":\"https:\/\/prefecturadeesmeraldas.gob.ec\/index.php\/2021\/03\/23\/prefectura-realizo-exposicion-fotografica-en-honor-a-luis-vargas-torres\/#primaryimage\"},\"thumbnailUrl\":\"https:\/\/prefecturadeesmeraldas.gob.ec\/wp-content\/uploads\/2021\/03\/BOLETIN-0305.jpg\",\"articleSection\":[\"Institucional\"],\"inLanguage\":\"es\"},{\"@type\":\"WebPage\",\"@id\":\"https:\/\/prefecturadeesmeraldas.gob.ec\/index.php\/2021\/03\/23\/prefectura-realizo-exposicion-fotografica-en-honor-a-luis-vargas-torres\/\",\"url\":\"https:\/\/prefecturadeesmeraldas.gob.ec\/index.php\/2021\/03\/23\/prefectura-realizo-exposicion-fotografica-en-honor-a-luis-vargas-torres\/\",\"name\":\"Prefectura realiz\u00f3 exposici\u00f3n fotogr\u00e1fica en honor a Luis Vargas Torres. - Gobierno Aut\u00f3nomo Descentralizado de la Provincia de Esmeraldas\",\"isPartOf\":{\"@id\":\"https:\/\/prefecturadeesmeraldas.gob.ec\/#website\"},\"primaryImageOfPage\":{\"@id\":\"https:\/\/prefecturadeesmeraldas.gob.ec\/index.php\/2021\/03\/23\/prefectura-realizo-exposicion-fotografica-en-honor-a-luis-vargas-torres\/#primaryimage\"},\"image\":{\"@id\":\"https:\/\/prefecturadeesmeraldas.gob.ec\/index.php\/2021\/03\/23\/prefectura-realizo-exposicion-fotografica-en-honor-a-luis-vargas-torres\/#primaryimage\"},\"thumbnailUrl\":\"https:\/\/prefecturadeesmeraldas.gob.ec\/wp-content\/uploads\/2021\/03\/BOLETIN-0305.jpg\",\"datePublished\":\"2021-03-23T14:49:33+00:00\",\"dateModified\":\"2021-03-23T14:50:02+00:00\",\"breadcrumb\":{\"@id\":\"https:\/\/prefecturadeesmeraldas.gob.ec\/index.php\/2021\/03\/23\/prefectura-realizo-exposicion-fotografica-en-honor-a-luis-vargas-torres\/#breadcrumb\"},\"inLanguage\":\"es\",\"potentialAction\":[{\"@type\":\"ReadAction\",\"target\":[\"https:\/\/prefecturadeesmeraldas.gob.ec\/index.php\/2021\/03\/23\/prefectura-realizo-exposicion-fotografica-en-honor-a-luis-vargas-torres\/\"]}]},{\"@type\":\"ImageObject\",\"inLanguage\":\"es\",\"@id\":\"https:\/\/prefecturadeesmeraldas.gob.ec\/index.php\/2021\/03\/23\/prefectura-realizo-exposicion-fotografica-en-honor-a-luis-vargas-torres\/#primaryimage\",\"url\":\"https:\/\/prefecturadeesmeraldas.gob.ec\/wp-content\/uploads\/2021\/03\/BOLETIN-0305.jpg\",\"contentUrl\":\"https:\/\/prefecturadeesmeraldas.gob.ec\/wp-content\/uploads\/2021\/03\/BOLETIN-0305.jpg\",\"width\":605,\"height\":567},{\"@type\":\"BreadcrumbList\",\"@id\":\"https:\/\/prefecturadeesmeraldas.gob.ec\/index.php\/2021\/03\/23\/prefectura-realizo-exposicion-fotografica-en-honor-a-luis-vargas-torres\/#breadcrumb\",\"itemListElement\":[{\"@type\":\"ListItem\",\"position\":1,\"name\":\"Home\",\"item\":\"https:\/\/prefecturadeesmeraldas.gob.ec\/\"},{\"@type\":\"ListItem\",\"position\":2,\"name\":\"Prefectura realiz\u00f3 exposici\u00f3n fotogr\u00e1fica en honor a Luis Vargas Torres.\"}]},{\"@type\":\"WebSite\",\"@id\":\"https:\/\/prefecturadeesmeraldas.gob.ec\/#website\",\"url\":\"https:\/\/prefecturadeesmeraldas.gob.ec\/\",\"name\":\"Gobierno Aut\u00f3nomo Descentralizado de la Provincia de Esmeraldas\",\"description\":\"Gobierno Aut\u00f3nomo Descentralizado de la Provincia de Esmeraldas\",\"publisher\":{\"@id\":\"https:\/\/prefecturadeesmeraldas.gob.ec\/#organization\"},\"potentialAction\":[{\"@type\":\"SearchAction\",\"target\":{\"@type\":\"EntryPoint\",\"urlTemplate\":\"https:\/\/prefecturadeesmeraldas.gob.ec\/?s={search_term_string}\"},\"query-input\":{\"@type\":\"PropertyValueSpecification\",\"valueRequired\":true,\"valueName\":\"search_term_string\"}}],\"inLanguage\":\"es\"},{\"@type\":\"Organization\",\"@id\":\"https:\/\/prefecturadeesmeraldas.gob.ec\/#organization\",\"name\":\"Gobierno Aut\u00f3nomo Descentralizado de la Provincia de Esmeraldas\",\"url\":\"https:\/\/prefecturadeesmeraldas.gob.ec\/\",\"logo\":{\"@type\":\"ImageObject\",\"inLanguage\":\"es\",\"@id\":\"https:\/\/prefecturadeesmeraldas.gob.ec\/#\/schema\/logo\/image\/\",\"url\":\"https:\/\/prefecturadeesmeraldas.gob.ec\/wp-content\/uploads\/2019\/06\/logo.png\",\"contentUrl\":\"https:\/\/prefecturadeesmeraldas.gob.ec\/wp-content\/uploads\/2019\/06\/logo.png\",\"width\":859,\"height\":448,\"caption\":\"Gobierno Aut\u00f3nomo Descentralizado de la Provincia de Esmeraldas\"},\"image\":{\"@id\":\"https:\/\/prefecturadeesmeraldas.gob.ec\/#\/schema\/logo\/image\/\"},\"sameAs\":[\"https:\/\/www.facebook.com\/PrefecturaEsmeraldas\/\"]},{\"@type\":\"Person\",\"@id\":\"https:\/\/prefecturadeesmeraldas.gob.ec\/#\/schema\/person\/b0c9e7b1ead7725994d1e319e8825234\",\"name\":\"Direcci\u00f3n de Comunicaci\u00f3n\",\"image\":{\"@type\":\"ImageObject\",\"inLanguage\":\"es\",\"@id\":\"https:\/\/prefecturadeesmeraldas.gob.ec\/#\/schema\/person\/image\/\",\"url\":\"https:\/\/secure.gravatar.com\/avatar\/74a3870a946f5d774ade3569af61a72308e07ad3346f370c4b468ee2a9858658?s=96&d=mm&r=g\",\"contentUrl\":\"https:\/\/secure.gravatar.com\/avatar\/74a3870a946f5d774ade3569af61a72308e07ad3346f370c4b468ee2a9858658?s=96&d=mm&r=g\",\"caption\":\"Direcci\u00f3n de Comunicaci\u00f3n\"}}]}<\/script>\n<!-- \/ Yoast SEO plugin. -->","yoast_head_json":{"title":"Prefectura realiz\u00f3 exposici\u00f3n fotogr\u00e1fica en honor a Luis Vargas Torres. - Gobierno Aut\u00f3nomo Descentralizado de la Provincia de Esmeraldas","robots":{"index":"index","follow":"follow","max-snippet":"max-snippet:-1","max-image-preview":"max-image-preview:large","max-video-preview":"max-video-preview:-1"},"canonical":"https:\/\/prefecturadeesmeraldas.gob.ec\/index.php\/2021\/03\/23\/prefectura-realizo-exposicion-fotografica-en-honor-a-luis-vargas-torres\/","og_locale":"es_ES","og_type":"article","og_title":"Prefectura realiz\u00f3 exposici\u00f3n fotogr\u00e1fica en honor a Luis Vargas Torres. - Gobierno Aut\u00f3nomo Descentralizado de la Provincia de Esmeraldas","og_description":"En conmemoraci\u00f3n de los 134 a\u00f1os de inmolaci\u00f3n del Coronel Luis Vargas Torres, la Unidad de Asistencia M\u00e9dica, Desarrollo Social y Cultural (UNAMYDESC), realiz\u00f3 una exposici\u00f3n fotogr\u00e1fica sobre la vida y acontecimientos importantes de nuestro h\u00e9roe y ejemplo para todos los esmeralde\u00f1os. Fueron 32 cuadros de sucesos hist\u00f3ricos que se presentaron en los bajos de [&hellip;]","og_url":"https:\/\/prefecturadeesmeraldas.gob.ec\/index.php\/2021\/03\/23\/prefectura-realizo-exposicion-fotografica-en-honor-a-luis-vargas-torres\/","og_site_name":"Gobierno Aut\u00f3nomo Descentralizado de la Provincia de Esmeraldas","article_publisher":"https:\/\/www.facebook.com\/PrefecturaEsmeraldas\/","article_published_time":"2021-03-23T14:49:33+00:00","article_modified_time":"2021-03-23T14:50:02+00:00","og_image":[{"width":605,"height":567,"url":"https:\/\/prefecturadeesmeraldas.gob.ec\/wp-content\/uploads\/2021\/03\/BOLETIN-0305.jpg","type":"image\/jpeg"}],"author":"Direcci\u00f3n de Comunicaci\u00f3n","twitter_card":"summary_large_image","twitter_misc":{"Escrito por":"Direcci\u00f3n de Comunicaci\u00f3n","Tiempo de lectura":"1 minuto"},"schema":{"@context":"https:\/\/schema.org","@graph":[{"@type":"Article","@id":"https:\/\/prefecturadeesmeraldas.gob.ec\/index.php\/2021\/03\/23\/prefectura-realizo-exposicion-fotografica-en-honor-a-luis-vargas-torres\/#article","isPartOf":{"@id":"https:\/\/prefecturadeesmeraldas.gob.ec\/index.php\/2021\/03\/23\/prefectura-realizo-exposicion-fotografica-en-honor-a-luis-vargas-torres\/"},"author":{"name":"Direcci\u00f3n de Comunicaci\u00f3n","@id":"https:\/\/prefecturadeesmeraldas.gob.ec\/#\/schema\/person\/b0c9e7b1ead7725994d1e319e8825234"},"headline":"Prefectura realiz\u00f3 exposici\u00f3n fotogr\u00e1fica en honor a Luis Vargas Torres.","datePublished":"2021-03-23T14:49:33+00:00","dateModified":"2021-03-23T14:50:02+00:00","mainEntityOfPage":{"@id":"https:\/\/prefecturadeesmeraldas.gob.ec\/index.php\/2021\/03\/23\/prefectura-realizo-exposicion-fotografica-en-honor-a-luis-vargas-torres\/"},"wordCount":244,"publisher":{"@id":"https:\/\/prefecturadeesmeraldas.gob.ec\/#organization"},"image":{"@id":"https:\/\/prefecturadeesmeraldas.gob.ec\/index.php\/2021\/03\/23\/prefectura-realizo-exposicion-fotografica-en-honor-a-luis-vargas-torres\/#primaryimage"},"thumbnailUrl":"https:\/\/prefecturadeesmeraldas.gob.ec\/wp-content\/uploads\/2021\/03\/BOLETIN-0305.jpg","articleSection":["Institucional"],"inLanguage":"es"},{"@type":"WebPage","@id":"https:\/\/prefecturadeesmeraldas.gob.ec\/index.php\/2021\/03\/23\/prefectura-realizo-exposicion-fotografica-en-honor-a-luis-vargas-torres\/","url":"https:\/\/prefecturadeesmeraldas.gob.ec\/index.php\/2021\/03\/23\/prefectura-realizo-exposicion-fotografica-en-honor-a-luis-vargas-torres\/","name":"Prefectura realiz\u00f3 exposici\u00f3n fotogr\u00e1fica en honor a Luis Vargas Torres. - Gobierno Aut\u00f3nomo Descentralizado de la Provincia de Esmeraldas","isPartOf":{"@id":"https:\/\/prefecturadeesmeraldas.gob.ec\/#website"},"primaryImageOfPage":{"@id":"https:\/\/prefecturadeesmeraldas.gob.ec\/index.php\/2021\/03\/23\/prefectura-realizo-exposicion-fotografica-en-honor-a-luis-vargas-torres\/#primaryimage"},"image":{"@id":"https:\/\/prefecturadeesmeraldas.gob.ec\/index.php\/2021\/03\/23\/prefectura-realizo-exposicion-fotografica-en-honor-a-luis-vargas-torres\/#primaryimage"},"thumbnailUrl":"https:\/\/prefecturadeesmeraldas.gob.ec\/wp-content\/uploads\/2021\/03\/BOLETIN-0305.jpg","datePublished":"2021-03-23T14:49:33+00:00","dateModified":"2021-03-23T14:50:02+00:00","breadcrumb":{"@id":"https:\/\/prefecturadeesmeraldas.gob.ec\/index.php\/2021\/03\/23\/prefectura-realizo-exposicion-fotografica-en-honor-a-luis-vargas-torres\/#breadcrumb"},"inLanguage":"es","potentialAction":[{"@type":"ReadAction","target":["https:\/\/prefecturadeesmeraldas.gob.ec\/index.php\/2021\/03\/23\/prefectura-realizo-exposicion-fotografica-en-honor-a-luis-vargas-torres\/"]}]},{"@type":"ImageObject","inLanguage":"es","@id":"https:\/\/prefecturadeesmeraldas.gob.ec\/index.php\/2021\/03\/23\/prefectura-realizo-exposicion-fotografica-en-honor-a-luis-vargas-torres\/#primaryimage","url":"https:\/\/prefecturadeesmeraldas.gob.ec\/wp-content\/uploads\/2021\/03\/BOLETIN-0305.jpg","contentUrl":"https:\/\/prefecturadeesmeraldas.gob.ec\/wp-content\/uploads\/2021\/03\/BOLETIN-0305.jpg","width":605,"height":567},{"@type":"BreadcrumbList","@id":"https:\/\/prefecturadeesmeraldas.gob.ec\/index.php\/2021\/03\/23\/prefectura-realizo-exposicion-fotografica-en-honor-a-luis-vargas-torres\/#breadcrumb","itemListElement":[{"@type":"ListItem","position":1,"name":"Home","item":"https:\/\/prefecturadeesmeraldas.gob.ec\/"},{"@type":"ListItem","position":2,"name":"Prefectura realiz\u00f3 exposici\u00f3n fotogr\u00e1fica en honor a Luis Vargas Torres."}]},{"@type":"WebSite","@id":"https:\/\/prefecturadeesmeraldas.gob.ec\/#website","url":"https:\/\/prefecturadeesmeraldas.gob.ec\/","name":"Gobierno Aut\u00f3nomo Descentralizado de la Provincia de Esmeraldas","description":"Gobierno Aut\u00f3nomo Descentralizado de la Provincia de Esmeraldas","publisher":{"@id":"https:\/\/prefecturadeesmeraldas.gob.ec\/#organization"},"potentialAction":[{"@type":"SearchAction","target":{"@type":"EntryPoint","urlTemplate":"https:\/\/prefecturadeesmeraldas.gob.ec\/?s={search_term_string}"},"query-input":{"@type":"PropertyValueSpecification","valueRequired":true,"valueName":"search_term_string"}}],"inLanguage":"es"},{"@type":"Organization","@id":"https:\/\/prefecturadeesmeraldas.gob.ec\/#organization","name":"Gobierno Aut\u00f3nomo Descentralizado de la Provincia de Esmeraldas","url":"https:\/\/prefecturadeesmeraldas.gob.ec\/","logo":{"@type":"ImageObject","inLanguage":"es","@id":"https:\/\/prefecturadeesmeraldas.gob.ec\/#\/schema\/logo\/image\/","url":"https:\/\/prefecturadeesmeraldas.gob.ec\/wp-content\/uploads\/2019\/06\/logo.png","contentUrl":"https:\/\/prefecturadeesmeraldas.gob.ec\/wp-content\/uploads\/2019\/06\/logo.png","width":859,"height":448,"caption":"Gobierno Aut\u00f3nomo Descentralizado de la Provincia de Esmeraldas"},"image":{"@id":"https:\/\/prefecturadeesmeraldas.gob.ec\/#\/schema\/logo\/image\/"},"sameAs":["https:\/\/www.facebook.com\/PrefecturaEsmeraldas\/"]},{"@type":"Person","@id":"https:\/\/prefecturadeesmeraldas.gob.ec\/#\/schema\/person\/b0c9e7b1ead7725994d1e319e8825234","name":"Direcci\u00f3n de Comunicaci\u00f3n","image":{"@type":"ImageObject","inLanguage":"es","@id":"https:\/\/prefecturadeesmeraldas.gob.ec\/#\/schema\/person\/image\/","url":"https:\/\/secure.gravatar.com\/avatar\/74a3870a946f5d774ade3569af61a72308e07ad3346f370c4b468ee2a9858658?s=96&d=mm&r=g","contentUrl":"https:\/\/secure.gravatar.com\/avatar\/74a3870a946f5d774ade3569af61a72308e07ad3346f370c4b468ee2a9858658?s=96&d=mm&r=g","caption":"Direcci\u00f3n de Comunicaci\u00f3n"}}]}},"_links":{"self":[{"href":"https:\/\/prefecturadeesmeraldas.gob.ec\/index.php\/wp-json\/wp\/v2\/posts\/10099","targetHints":{"allow":["GET"]}}],"collection":[{"href":"https:\/\/prefecturadeesmeraldas.gob.ec\/index.php\/wp-json\/wp\/v2\/posts"}],"about":[{"href":"https:\/\/prefecturadeesmeraldas.gob.ec\/index.php\/wp-json\/wp\/v2\/types\/post"}],"author":[{"embeddable":true,"href":"https:\/\/prefecturadeesmeraldas.gob.ec\/index.php\/wp-json\/wp\/v2\/users\/2"}],"replies":[{"embeddable":true,"href":"https:\/\/prefecturadeesmeraldas.gob.ec\/index.php\/wp-json\/wp\/v2\/comments?post=10099"}],"version-history":[{"count":0,"href":"https:\/\/prefecturadeesmeraldas.gob.ec\/index.php\/wp-json\/wp\/v2\/posts\/10099\/revisions"}],"wp:featuredmedia":[{"embeddable":true,"href":"https:\/\/prefecturadeesmeraldas.gob.ec\/index.php\/wp-json\/wp\/v2\/media\/10080"}],"wp:attachment":[{"href":"https:\/\/prefecturadeesmeraldas.gob.ec\/index.php\/wp-json\/wp\/v2\/media?parent=10099"}],"wp:term":[{"taxonomy":"category","embeddable":true,"href":"https:\/\/prefecturadeesmeraldas.gob.ec\/index.php\/wp-json\/wp\/v2\/categories?post=10099"},{"taxonomy":"post_tag","embeddable":true,"href":"https:\/\/prefecturadeesmeraldas.gob.ec\/index.php\/wp-json\/wp\/v2\/tags?post=10099"}],"curies":[{"name":"wp","href":"https:\/\/api.w.org\/{rel}","templated":true}]}}