{"id":10095,"date":"2021-03-23T09:48:05","date_gmt":"2021-03-23T14:48:05","guid":{"rendered":"http:\/\/prefecturadeesmeraldas.gob.ec\/?p=10095"},"modified":"2021-03-23T09:48:34","modified_gmt":"2021-03-23T14:48:34","slug":"prefecta-realiza-visita-a-guadualito-en-la-zona-de-frontera-con-colombia","status":"publish","type":"post","link":"https:\/\/prefecturadeesmeraldas.gob.ec\/index.php\/2021\/03\/23\/prefecta-realiza-visita-a-guadualito-en-la-zona-de-frontera-con-colombia\/","title":{"rendered":"Prefecta realiza visita a Guadualito, en la zona de frontera con Colombia."},"content":{"rendered":"\t\t<div data-elementor-type=\"wp-post\" data-elementor-id=\"10095\" class=\"elementor elementor-10095\">\n\t\t\t\t\t\t<section class=\"elementor-section elementor-top-section elementor-element elementor-element-e04d0b6 elementor-section-boxed elementor-section-height-default elementor-section-height-default\" data-id=\"e04d0b6\" data-element_type=\"section\">\n\t\t\t\t\t\t<div class=\"elementor-container elementor-column-gap-default\">\n\t\t\t\t\t<div class=\"elementor-column elementor-col-100 elementor-top-column elementor-element elementor-element-cd336c7\" data-id=\"cd336c7\" data-element_type=\"column\">\n\t\t\t<div class=\"elementor-widget-wrap elementor-element-populated\">\n\t\t\t\t\t\t<div class=\"elementor-element elementor-element-980e736 elementor-widget elementor-widget-image\" data-id=\"980e736\" data-element_type=\"widget\" data-widget_type=\"image.default\">\n\t\t\t\t<div class=\"elementor-widget-container\">\n\t\t\t\t\t\t\t\t\t\t\t\t\t\t\t<img fetchpriority=\"high\" decoding=\"async\" width=\"1024\" height=\"1024\" src=\"https:\/\/prefecturadeesmeraldas.gob.ec\/wp-content\/uploads\/2021\/03\/WhatsApp-Image-2021-03-22-at-02.54.29-4-1024x1024.jpeg\" class=\"attachment-large size-large wp-image-10096\" alt=\"\" srcset=\"https:\/\/prefecturadeesmeraldas.gob.ec\/wp-content\/uploads\/2021\/03\/WhatsApp-Image-2021-03-22-at-02.54.29-4-1024x1024.jpeg 1024w, https:\/\/prefecturadeesmeraldas.gob.ec\/wp-content\/uploads\/2021\/03\/WhatsApp-Image-2021-03-22-at-02.54.29-4-240x240.jpeg 240w, https:\/\/prefecturadeesmeraldas.gob.ec\/wp-content\/uploads\/2021\/03\/WhatsApp-Image-2021-03-22-at-02.54.29-4-1080x1080.jpeg 1080w, https:\/\/prefecturadeesmeraldas.gob.ec\/wp-content\/uploads\/2021\/03\/WhatsApp-Image-2021-03-22-at-02.54.29-4-150x150.jpeg 150w, https:\/\/prefecturadeesmeraldas.gob.ec\/wp-content\/uploads\/2021\/03\/WhatsApp-Image-2021-03-22-at-02.54.29-4-300x300.jpeg 300w, https:\/\/prefecturadeesmeraldas.gob.ec\/wp-content\/uploads\/2021\/03\/WhatsApp-Image-2021-03-22-at-02.54.29-4-768x768.jpeg 768w, https:\/\/prefecturadeesmeraldas.gob.ec\/wp-content\/uploads\/2021\/03\/WhatsApp-Image-2021-03-22-at-02.54.29-4.jpeg 1280w\" sizes=\"(max-width: 1024px) 100vw, 1024px\" \/>\t\t\t\t\t\t\t\t\t\t\t\t\t\t\t<\/div>\n\t\t\t\t<\/div>\n\t\t\t\t\t<\/div>\n\t\t<\/div>\n\t\t\t\t\t<\/div>\n\t\t<\/section>\n\t\t\t\t<section class=\"elementor-section elementor-top-section elementor-element elementor-element-b90b987 elementor-section-boxed elementor-section-height-default elementor-section-height-default\" data-id=\"b90b987\" data-element_type=\"section\">\n\t\t\t\t\t\t<div class=\"elementor-container elementor-column-gap-default\">\n\t\t\t\t\t<div class=\"elementor-column elementor-col-100 elementor-top-column elementor-element elementor-element-092e7eb\" data-id=\"092e7eb\" data-element_type=\"column\">\n\t\t\t<div class=\"elementor-widget-wrap elementor-element-populated\">\n\t\t\t\t\t\t<div class=\"elementor-element elementor-element-952e595 elementor-widget elementor-widget-text-editor\" data-id=\"952e595\" data-element_type=\"widget\" data-widget_type=\"text-editor.default\">\n\t\t\t\t<div class=\"elementor-widget-container\">\n\t\t\t\t\t\t\t\t\t<p>Hasta la comunidad Guadualito, perteneciente a la parroquia Tululb\u00ed Ricaurte, en la reserva bioantropolog\u00eda AW\u00c1, y reserva forestal La Chiquita del cant\u00f3n San Lorenzo, frontera con Colombia, arrib\u00f3 la prefecta de Esmeraldas, abogada <strong>Roberta Zambrano<\/strong>, para constatar el mejoramiento ejecutado en 9 kil\u00f3metros de la v\u00eda y participar de una Asamblea Ciudadana a la que asistieron l\u00edderes de las comunidades El Pan y Mataje Alto, para coordinar la ejecuci\u00f3n de nuevas obras, capacitaci\u00f3n y fomento productivo.<\/p><p>Sin temor, y consciente de que con obras se generan nuevas oportunidades para las comunidades rurales, especialmente las situadas en la zona fronteriza,<strong> Roberta Zambrano Ortiz<\/strong>, prefecta de Esmeraldas, dijo estar comprometida en seguir apoyando el desarrollo de la provincia, llevando el mejoramiento de la v\u00eda hasta las comunidades de El Pan y Mataje Alto.<\/p><p>No solamente fueron los casi 10 kil\u00f3metros de v\u00eda que fueron mejorados, adem\u00e1s, se realiz\u00f3 la instalaci\u00f3n de varios puntos de internet inal\u00e1mbrico gratuito para esta zona de la provincia, motivos por los que, <strong>Germ\u00e1n Ortiz<\/strong>, presidente del centro AW\u00c1 Guadualito, coordinador de las seis comunidades AW\u00c1 en Esmeraldas y vocal del Gobierno Parroquial de Tululb\u00ed Ricaurte, agradeci\u00f3 la presencia de la prefecta Roberta Zambrano, y su compromiso para continuar la ejecuci\u00f3n de obras pese a las complicaciones.<\/p><p><strong>Robinson Caicedo<\/strong>, secretario de la comuna El Pan, afirm\u00f3 que, con el mejoramiento de la v\u00eda, tres comunidades de la parroquia Mataje se benefician y ya ven resultados, gracias al aporte a la mejora de su calidad de vida y transporte de productos cosechados como el cacao, verde, palma, entre muchos otros.<\/p><p>La visita culmin\u00f3 con un recorrido por el tramo de la v\u00eda que, desde la comunidad de Guadualito, conduce hasta la comuna El Pan hasta el puente de Palmas Juntas, trayecto que requiere una modernizaci\u00f3n de la infraestructura vial, para evitar el sufrimiento de las familias campesinas.<\/p>\t\t\t\t\t\t\t\t<\/div>\n\t\t\t\t<\/div>\n\t\t\t\t\t<\/div>\n\t\t<\/div>\n\t\t\t\t\t<\/div>\n\t\t<\/section>\n\t\t\t\t<\/div>\n\t\t","protected":false},"excerpt":{"rendered":"<p>Hasta la comunidad Guadualito, perteneciente a la parroquia Tululb\u00ed Ricaurte, en la reserva bioantropolog\u00eda AW\u00c1, y reserva forestal La Chiquita del cant\u00f3n San Lorenzo, frontera con Colombia, arrib\u00f3 la prefecta de Esmeraldas, abogada Roberta Zambrano, para constatar el mejoramiento ejecutado en 9 kil\u00f3metros de la v\u00eda y participar de una Asamblea Ciudadana a la que [&hellip;]<\/p>\n","protected":false},"author":2,"featured_media":10096,"comment_status":"closed","ping_status":"open","sticky":false,"template":"","format":"standard","meta":{"footnotes":""},"categories":[3],"tags":[],"class_list":["post-10095","post","type-post","status-publish","format-standard","has-post-thumbnail","hentry","category-institucional"],"yoast_head":"<!-- This site is optimized with the Yoast SEO plugin v25.7 - https:\/\/yoast.com\/wordpress\/plugins\/seo\/ -->\n<title>Prefecta realiza visita a Guadualito, en la zona de frontera con Colombia. - Gobierno Aut\u00f3nomo Descentralizado de la Provincia de Esmeraldas<\/title>\n<meta name=\"robots\" content=\"index, follow, max-snippet:-1, max-image-preview:large, max-video-preview:-1\" \/>\n<link rel=\"canonical\" href=\"https:\/\/prefecturadeesmeraldas.gob.ec\/index.php\/2021\/03\/23\/prefecta-realiza-visita-a-guadualito-en-la-zona-de-frontera-con-colombia\/\" \/>\n<meta property=\"og:locale\" content=\"es_ES\" \/>\n<meta property=\"og:type\" content=\"article\" \/>\n<meta property=\"og:title\" content=\"Prefecta realiza visita a Guadualito, en la zona de frontera con Colombia. - Gobierno Aut\u00f3nomo Descentralizado de la Provincia de Esmeraldas\" \/>\n<meta property=\"og:description\" content=\"Hasta la comunidad Guadualito, perteneciente a la parroquia Tululb\u00ed Ricaurte, en la reserva bioantropolog\u00eda AW\u00c1, y reserva forestal La Chiquita del cant\u00f3n San Lorenzo, frontera con Colombia, arrib\u00f3 la prefecta de Esmeraldas, abogada Roberta Zambrano, para constatar el mejoramiento ejecutado en 9 kil\u00f3metros de la v\u00eda y participar de una Asamblea Ciudadana a la que [&hellip;]\" \/>\n<meta property=\"og:url\" content=\"https:\/\/prefecturadeesmeraldas.gob.ec\/index.php\/2021\/03\/23\/prefecta-realiza-visita-a-guadualito-en-la-zona-de-frontera-con-colombia\/\" \/>\n<meta property=\"og:site_name\" content=\"Gobierno Aut\u00f3nomo Descentralizado de la Provincia de Esmeraldas\" \/>\n<meta property=\"article:publisher\" content=\"https:\/\/www.facebook.com\/PrefecturaEsmeraldas\/\" \/>\n<meta property=\"article:published_time\" content=\"2021-03-23T14:48:05+00:00\" \/>\n<meta property=\"article:modified_time\" content=\"2021-03-23T14:48:34+00:00\" \/>\n<meta property=\"og:image\" content=\"https:\/\/prefecturadeesmeraldas.gob.ec\/wp-content\/uploads\/2021\/03\/WhatsApp-Image-2021-03-22-at-02.54.29-4.jpeg\" \/>\n\t<meta property=\"og:image:width\" content=\"1280\" \/>\n\t<meta property=\"og:image:height\" content=\"1280\" \/>\n\t<meta property=\"og:image:type\" content=\"image\/jpeg\" \/>\n<meta name=\"author\" content=\"Direcci\u00f3n de Comunicaci\u00f3n\" \/>\n<meta name=\"twitter:card\" content=\"summary_large_image\" \/>\n<meta name=\"twitter:label1\" content=\"Escrito por\" \/>\n\t<meta name=\"twitter:data1\" content=\"Direcci\u00f3n de Comunicaci\u00f3n\" \/>\n\t<meta name=\"twitter:label2\" content=\"Tiempo de lectura\" \/>\n\t<meta name=\"twitter:data2\" content=\"2 minutos\" \/>\n<script type=\"application\/ld+json\" class=\"yoast-schema-graph\">{\"@context\":\"https:\/\/schema.org\",\"@graph\":[{\"@type\":\"Article\",\"@id\":\"https:\/\/prefecturadeesmeraldas.gob.ec\/index.php\/2021\/03\/23\/prefecta-realiza-visita-a-guadualito-en-la-zona-de-frontera-con-colombia\/#article\",\"isPartOf\":{\"@id\":\"https:\/\/prefecturadeesmeraldas.gob.ec\/index.php\/2021\/03\/23\/prefecta-realiza-visita-a-guadualito-en-la-zona-de-frontera-con-colombia\/\"},\"author\":{\"name\":\"Direcci\u00f3n de Comunicaci\u00f3n\",\"@id\":\"https:\/\/prefecturadeesmeraldas.gob.ec\/#\/schema\/person\/b0c9e7b1ead7725994d1e319e8825234\"},\"headline\":\"Prefecta realiza visita a Guadualito, en la zona de frontera con Colombia.\",\"datePublished\":\"2021-03-23T14:48:05+00:00\",\"dateModified\":\"2021-03-23T14:48:34+00:00\",\"mainEntityOfPage\":{\"@id\":\"https:\/\/prefecturadeesmeraldas.gob.ec\/index.php\/2021\/03\/23\/prefecta-realiza-visita-a-guadualito-en-la-zona-de-frontera-con-colombia\/\"},\"wordCount\":336,\"publisher\":{\"@id\":\"https:\/\/prefecturadeesmeraldas.gob.ec\/#organization\"},\"image\":{\"@id\":\"https:\/\/prefecturadeesmeraldas.gob.ec\/index.php\/2021\/03\/23\/prefecta-realiza-visita-a-guadualito-en-la-zona-de-frontera-con-colombia\/#primaryimage\"},\"thumbnailUrl\":\"https:\/\/prefecturadeesmeraldas.gob.ec\/wp-content\/uploads\/2021\/03\/WhatsApp-Image-2021-03-22-at-02.54.29-4.jpeg\",\"articleSection\":[\"Institucional\"],\"inLanguage\":\"es\"},{\"@type\":\"WebPage\",\"@id\":\"https:\/\/prefecturadeesmeraldas.gob.ec\/index.php\/2021\/03\/23\/prefecta-realiza-visita-a-guadualito-en-la-zona-de-frontera-con-colombia\/\",\"url\":\"https:\/\/prefecturadeesmeraldas.gob.ec\/index.php\/2021\/03\/23\/prefecta-realiza-visita-a-guadualito-en-la-zona-de-frontera-con-colombia\/\",\"name\":\"Prefecta realiza visita a Guadualito, en la zona de frontera con Colombia. - Gobierno Aut\u00f3nomo Descentralizado de la Provincia de Esmeraldas\",\"isPartOf\":{\"@id\":\"https:\/\/prefecturadeesmeraldas.gob.ec\/#website\"},\"primaryImageOfPage\":{\"@id\":\"https:\/\/prefecturadeesmeraldas.gob.ec\/index.php\/2021\/03\/23\/prefecta-realiza-visita-a-guadualito-en-la-zona-de-frontera-con-colombia\/#primaryimage\"},\"image\":{\"@id\":\"https:\/\/prefecturadeesmeraldas.gob.ec\/index.php\/2021\/03\/23\/prefecta-realiza-visita-a-guadualito-en-la-zona-de-frontera-con-colombia\/#primaryimage\"},\"thumbnailUrl\":\"https:\/\/prefecturadeesmeraldas.gob.ec\/wp-content\/uploads\/2021\/03\/WhatsApp-Image-2021-03-22-at-02.54.29-4.jpeg\",\"datePublished\":\"2021-03-23T14:48:05+00:00\",\"dateModified\":\"2021-03-23T14:48:34+00:00\",\"breadcrumb\":{\"@id\":\"https:\/\/prefecturadeesmeraldas.gob.ec\/index.php\/2021\/03\/23\/prefecta-realiza-visita-a-guadualito-en-la-zona-de-frontera-con-colombia\/#breadcrumb\"},\"inLanguage\":\"es\",\"potentialAction\":[{\"@type\":\"ReadAction\",\"target\":[\"https:\/\/prefecturadeesmeraldas.gob.ec\/index.php\/2021\/03\/23\/prefecta-realiza-visita-a-guadualito-en-la-zona-de-frontera-con-colombia\/\"]}]},{\"@type\":\"ImageObject\",\"inLanguage\":\"es\",\"@id\":\"https:\/\/prefecturadeesmeraldas.gob.ec\/index.php\/2021\/03\/23\/prefecta-realiza-visita-a-guadualito-en-la-zona-de-frontera-con-colombia\/#primaryimage\",\"url\":\"https:\/\/prefecturadeesmeraldas.gob.ec\/wp-content\/uploads\/2021\/03\/WhatsApp-Image-2021-03-22-at-02.54.29-4.jpeg\",\"contentUrl\":\"https:\/\/prefecturadeesmeraldas.gob.ec\/wp-content\/uploads\/2021\/03\/WhatsApp-Image-2021-03-22-at-02.54.29-4.jpeg\",\"width\":1280,\"height\":1280},{\"@type\":\"BreadcrumbList\",\"@id\":\"https:\/\/prefecturadeesmeraldas.gob.ec\/index.php\/2021\/03\/23\/prefecta-realiza-visita-a-guadualito-en-la-zona-de-frontera-con-colombia\/#breadcrumb\",\"itemListElement\":[{\"@type\":\"ListItem\",\"position\":1,\"name\":\"Home\",\"item\":\"https:\/\/prefecturadeesmeraldas.gob.ec\/\"},{\"@type\":\"ListItem\",\"position\":2,\"name\":\"Prefecta realiza visita a Guadualito, en la zona de frontera con Colombia.\"}]},{\"@type\":\"WebSite\",\"@id\":\"https:\/\/prefecturadeesmeraldas.gob.ec\/#website\",\"url\":\"https:\/\/prefecturadeesmeraldas.gob.ec\/\",\"name\":\"Gobierno Aut\u00f3nomo Descentralizado de la Provincia de Esmeraldas\",\"description\":\"Gobierno Aut\u00f3nomo Descentralizado de la Provincia de Esmeraldas\",\"publisher\":{\"@id\":\"https:\/\/prefecturadeesmeraldas.gob.ec\/#organization\"},\"potentialAction\":[{\"@type\":\"SearchAction\",\"target\":{\"@type\":\"EntryPoint\",\"urlTemplate\":\"https:\/\/prefecturadeesmeraldas.gob.ec\/?s={search_term_string}\"},\"query-input\":{\"@type\":\"PropertyValueSpecification\",\"valueRequired\":true,\"valueName\":\"search_term_string\"}}],\"inLanguage\":\"es\"},{\"@type\":\"Organization\",\"@id\":\"https:\/\/prefecturadeesmeraldas.gob.ec\/#organization\",\"name\":\"Gobierno Aut\u00f3nomo Descentralizado de la Provincia de Esmeraldas\",\"url\":\"https:\/\/prefecturadeesmeraldas.gob.ec\/\",\"logo\":{\"@type\":\"ImageObject\",\"inLanguage\":\"es\",\"@id\":\"https:\/\/prefecturadeesmeraldas.gob.ec\/#\/schema\/logo\/image\/\",\"url\":\"https:\/\/prefecturadeesmeraldas.gob.ec\/wp-content\/uploads\/2019\/06\/logo.png\",\"contentUrl\":\"https:\/\/prefecturadeesmeraldas.gob.ec\/wp-content\/uploads\/2019\/06\/logo.png\",\"width\":859,\"height\":448,\"caption\":\"Gobierno Aut\u00f3nomo Descentralizado de la Provincia de Esmeraldas\"},\"image\":{\"@id\":\"https:\/\/prefecturadeesmeraldas.gob.ec\/#\/schema\/logo\/image\/\"},\"sameAs\":[\"https:\/\/www.facebook.com\/PrefecturaEsmeraldas\/\"]},{\"@type\":\"Person\",\"@id\":\"https:\/\/prefecturadeesmeraldas.gob.ec\/#\/schema\/person\/b0c9e7b1ead7725994d1e319e8825234\",\"name\":\"Direcci\u00f3n de Comunicaci\u00f3n\",\"image\":{\"@type\":\"ImageObject\",\"inLanguage\":\"es\",\"@id\":\"https:\/\/prefecturadeesmeraldas.gob.ec\/#\/schema\/person\/image\/\",\"url\":\"https:\/\/secure.gravatar.com\/avatar\/74a3870a946f5d774ade3569af61a72308e07ad3346f370c4b468ee2a9858658?s=96&d=mm&r=g\",\"contentUrl\":\"https:\/\/secure.gravatar.com\/avatar\/74a3870a946f5d774ade3569af61a72308e07ad3346f370c4b468ee2a9858658?s=96&d=mm&r=g\",\"caption\":\"Direcci\u00f3n de Comunicaci\u00f3n\"}}]}<\/script>\n<!-- \/ Yoast SEO plugin. -->","yoast_head_json":{"title":"Prefecta realiza visita a Guadualito, en la zona de frontera con Colombia. - Gobierno Aut\u00f3nomo Descentralizado de la Provincia de Esmeraldas","robots":{"index":"index","follow":"follow","max-snippet":"max-snippet:-1","max-image-preview":"max-image-preview:large","max-video-preview":"max-video-preview:-1"},"canonical":"https:\/\/prefecturadeesmeraldas.gob.ec\/index.php\/2021\/03\/23\/prefecta-realiza-visita-a-guadualito-en-la-zona-de-frontera-con-colombia\/","og_locale":"es_ES","og_type":"article","og_title":"Prefecta realiza visita a Guadualito, en la zona de frontera con Colombia. - Gobierno Aut\u00f3nomo Descentralizado de la Provincia de Esmeraldas","og_description":"Hasta la comunidad Guadualito, perteneciente a la parroquia Tululb\u00ed Ricaurte, en la reserva bioantropolog\u00eda AW\u00c1, y reserva forestal La Chiquita del cant\u00f3n San Lorenzo, frontera con Colombia, arrib\u00f3 la prefecta de Esmeraldas, abogada Roberta Zambrano, para constatar el mejoramiento ejecutado en 9 kil\u00f3metros de la v\u00eda y participar de una Asamblea Ciudadana a la que [&hellip;]","og_url":"https:\/\/prefecturadeesmeraldas.gob.ec\/index.php\/2021\/03\/23\/prefecta-realiza-visita-a-guadualito-en-la-zona-de-frontera-con-colombia\/","og_site_name":"Gobierno Aut\u00f3nomo Descentralizado de la Provincia de Esmeraldas","article_publisher":"https:\/\/www.facebook.com\/PrefecturaEsmeraldas\/","article_published_time":"2021-03-23T14:48:05+00:00","article_modified_time":"2021-03-23T14:48:34+00:00","og_image":[{"width":1280,"height":1280,"url":"https:\/\/prefecturadeesmeraldas.gob.ec\/wp-content\/uploads\/2021\/03\/WhatsApp-Image-2021-03-22-at-02.54.29-4.jpeg","type":"image\/jpeg"}],"author":"Direcci\u00f3n de Comunicaci\u00f3n","twitter_card":"summary_large_image","twitter_misc":{"Escrito por":"Direcci\u00f3n de Comunicaci\u00f3n","Tiempo de lectura":"2 minutos"},"schema":{"@context":"https:\/\/schema.org","@graph":[{"@type":"Article","@id":"https:\/\/prefecturadeesmeraldas.gob.ec\/index.php\/2021\/03\/23\/prefecta-realiza-visita-a-guadualito-en-la-zona-de-frontera-con-colombia\/#article","isPartOf":{"@id":"https:\/\/prefecturadeesmeraldas.gob.ec\/index.php\/2021\/03\/23\/prefecta-realiza-visita-a-guadualito-en-la-zona-de-frontera-con-colombia\/"},"author":{"name":"Direcci\u00f3n de Comunicaci\u00f3n","@id":"https:\/\/prefecturadeesmeraldas.gob.ec\/#\/schema\/person\/b0c9e7b1ead7725994d1e319e8825234"},"headline":"Prefecta realiza visita a Guadualito, en la zona de frontera con Colombia.","datePublished":"2021-03-23T14:48:05+00:00","dateModified":"2021-03-23T14:48:34+00:00","mainEntityOfPage":{"@id":"https:\/\/prefecturadeesmeraldas.gob.ec\/index.php\/2021\/03\/23\/prefecta-realiza-visita-a-guadualito-en-la-zona-de-frontera-con-colombia\/"},"wordCount":336,"publisher":{"@id":"https:\/\/prefecturadeesmeraldas.gob.ec\/#organization"},"image":{"@id":"https:\/\/prefecturadeesmeraldas.gob.ec\/index.php\/2021\/03\/23\/prefecta-realiza-visita-a-guadualito-en-la-zona-de-frontera-con-colombia\/#primaryimage"},"thumbnailUrl":"https:\/\/prefecturadeesmeraldas.gob.ec\/wp-content\/uploads\/2021\/03\/WhatsApp-Image-2021-03-22-at-02.54.29-4.jpeg","articleSection":["Institucional"],"inLanguage":"es"},{"@type":"WebPage","@id":"https:\/\/prefecturadeesmeraldas.gob.ec\/index.php\/2021\/03\/23\/prefecta-realiza-visita-a-guadualito-en-la-zona-de-frontera-con-colombia\/","url":"https:\/\/prefecturadeesmeraldas.gob.ec\/index.php\/2021\/03\/23\/prefecta-realiza-visita-a-guadualito-en-la-zona-de-frontera-con-colombia\/","name":"Prefecta realiza visita a Guadualito, en la zona de frontera con Colombia. - Gobierno Aut\u00f3nomo Descentralizado de la Provincia de Esmeraldas","isPartOf":{"@id":"https:\/\/prefecturadeesmeraldas.gob.ec\/#website"},"primaryImageOfPage":{"@id":"https:\/\/prefecturadeesmeraldas.gob.ec\/index.php\/2021\/03\/23\/prefecta-realiza-visita-a-guadualito-en-la-zona-de-frontera-con-colombia\/#primaryimage"},"image":{"@id":"https:\/\/prefecturadeesmeraldas.gob.ec\/index.php\/2021\/03\/23\/prefecta-realiza-visita-a-guadualito-en-la-zona-de-frontera-con-colombia\/#primaryimage"},"thumbnailUrl":"https:\/\/prefecturadeesmeraldas.gob.ec\/wp-content\/uploads\/2021\/03\/WhatsApp-Image-2021-03-22-at-02.54.29-4.jpeg","datePublished":"2021-03-23T14:48:05+00:00","dateModified":"2021-03-23T14:48:34+00:00","breadcrumb":{"@id":"https:\/\/prefecturadeesmeraldas.gob.ec\/index.php\/2021\/03\/23\/prefecta-realiza-visita-a-guadualito-en-la-zona-de-frontera-con-colombia\/#breadcrumb"},"inLanguage":"es","potentialAction":[{"@type":"ReadAction","target":["https:\/\/prefecturadeesmeraldas.gob.ec\/index.php\/2021\/03\/23\/prefecta-realiza-visita-a-guadualito-en-la-zona-de-frontera-con-colombia\/"]}]},{"@type":"ImageObject","inLanguage":"es","@id":"https:\/\/prefecturadeesmeraldas.gob.ec\/index.php\/2021\/03\/23\/prefecta-realiza-visita-a-guadualito-en-la-zona-de-frontera-con-colombia\/#primaryimage","url":"https:\/\/prefecturadeesmeraldas.gob.ec\/wp-content\/uploads\/2021\/03\/WhatsApp-Image-2021-03-22-at-02.54.29-4.jpeg","contentUrl":"https:\/\/prefecturadeesmeraldas.gob.ec\/wp-content\/uploads\/2021\/03\/WhatsApp-Image-2021-03-22-at-02.54.29-4.jpeg","width":1280,"height":1280},{"@type":"BreadcrumbList","@id":"https:\/\/prefecturadeesmeraldas.gob.ec\/index.php\/2021\/03\/23\/prefecta-realiza-visita-a-guadualito-en-la-zona-de-frontera-con-colombia\/#breadcrumb","itemListElement":[{"@type":"ListItem","position":1,"name":"Home","item":"https:\/\/prefecturadeesmeraldas.gob.ec\/"},{"@type":"ListItem","position":2,"name":"Prefecta realiza visita a Guadualito, en la zona de frontera con Colombia."}]},{"@type":"WebSite","@id":"https:\/\/prefecturadeesmeraldas.gob.ec\/#website","url":"https:\/\/prefecturadeesmeraldas.gob.ec\/","name":"Gobierno Aut\u00f3nomo Descentralizado de la Provincia de Esmeraldas","description":"Gobierno Aut\u00f3nomo Descentralizado de la Provincia de Esmeraldas","publisher":{"@id":"https:\/\/prefecturadeesmeraldas.gob.ec\/#organization"},"potentialAction":[{"@type":"SearchAction","target":{"@type":"EntryPoint","urlTemplate":"https:\/\/prefecturadeesmeraldas.gob.ec\/?s={search_term_string}"},"query-input":{"@type":"PropertyValueSpecification","valueRequired":true,"valueName":"search_term_string"}}],"inLanguage":"es"},{"@type":"Organization","@id":"https:\/\/prefecturadeesmeraldas.gob.ec\/#organization","name":"Gobierno Aut\u00f3nomo Descentralizado de la Provincia de Esmeraldas","url":"https:\/\/prefecturadeesmeraldas.gob.ec\/","logo":{"@type":"ImageObject","inLanguage":"es","@id":"https:\/\/prefecturadeesmeraldas.gob.ec\/#\/schema\/logo\/image\/","url":"https:\/\/prefecturadeesmeraldas.gob.ec\/wp-content\/uploads\/2019\/06\/logo.png","contentUrl":"https:\/\/prefecturadeesmeraldas.gob.ec\/wp-content\/uploads\/2019\/06\/logo.png","width":859,"height":448,"caption":"Gobierno Aut\u00f3nomo Descentralizado de la Provincia de Esmeraldas"},"image":{"@id":"https:\/\/prefecturadeesmeraldas.gob.ec\/#\/schema\/logo\/image\/"},"sameAs":["https:\/\/www.facebook.com\/PrefecturaEsmeraldas\/"]},{"@type":"Person","@id":"https:\/\/prefecturadeesmeraldas.gob.ec\/#\/schema\/person\/b0c9e7b1ead7725994d1e319e8825234","name":"Direcci\u00f3n de Comunicaci\u00f3n","image":{"@type":"ImageObject","inLanguage":"es","@id":"https:\/\/prefecturadeesmeraldas.gob.ec\/#\/schema\/person\/image\/","url":"https:\/\/secure.gravatar.com\/avatar\/74a3870a946f5d774ade3569af61a72308e07ad3346f370c4b468ee2a9858658?s=96&d=mm&r=g","contentUrl":"https:\/\/secure.gravatar.com\/avatar\/74a3870a946f5d774ade3569af61a72308e07ad3346f370c4b468ee2a9858658?s=96&d=mm&r=g","caption":"Direcci\u00f3n de Comunicaci\u00f3n"}}]}},"_links":{"self":[{"href":"https:\/\/prefecturadeesmeraldas.gob.ec\/index.php\/wp-json\/wp\/v2\/posts\/10095","targetHints":{"allow":["GET"]}}],"collection":[{"href":"https:\/\/prefecturadeesmeraldas.gob.ec\/index.php\/wp-json\/wp\/v2\/posts"}],"about":[{"href":"https:\/\/prefecturadeesmeraldas.gob.ec\/index.php\/wp-json\/wp\/v2\/types\/post"}],"author":[{"embeddable":true,"href":"https:\/\/prefecturadeesmeraldas.gob.ec\/index.php\/wp-json\/wp\/v2\/users\/2"}],"replies":[{"embeddable":true,"href":"https:\/\/prefecturadeesmeraldas.gob.ec\/index.php\/wp-json\/wp\/v2\/comments?post=10095"}],"version-history":[{"count":0,"href":"https:\/\/prefecturadeesmeraldas.gob.ec\/index.php\/wp-json\/wp\/v2\/posts\/10095\/revisions"}],"wp:featuredmedia":[{"embeddable":true,"href":"https:\/\/prefecturadeesmeraldas.gob.ec\/index.php\/wp-json\/wp\/v2\/media\/10096"}],"wp:attachment":[{"href":"https:\/\/prefecturadeesmeraldas.gob.ec\/index.php\/wp-json\/wp\/v2\/media?parent=10095"}],"wp:term":[{"taxonomy":"category","embeddable":true,"href":"https:\/\/prefecturadeesmeraldas.gob.ec\/index.php\/wp-json\/wp\/v2\/categories?post=10095"},{"taxonomy":"post_tag","embeddable":true,"href":"https:\/\/prefecturadeesmeraldas.gob.ec\/index.php\/wp-json\/wp\/v2\/tags?post=10095"}],"curies":[{"name":"wp","href":"https:\/\/api.w.org\/{rel}","templated":true}]}}