{"id":10092,"date":"2021-03-23T09:43:37","date_gmt":"2021-03-23T14:43:37","guid":{"rendered":"http:\/\/prefecturadeesmeraldas.gob.ec\/?p=10092"},"modified":"2021-03-23T09:44:09","modified_gmt":"2021-03-23T14:44:09","slug":"prefectura-de-esmeraldas-efectuo-trabajos-de-mantenimiento-en-cristobal-colon-recinto-perteneciente-a-la-parroquia-malimpia","status":"publish","type":"post","link":"https:\/\/prefecturadeesmeraldas.gob.ec\/index.php\/2021\/03\/23\/prefectura-de-esmeraldas-efectuo-trabajos-de-mantenimiento-en-cristobal-colon-recinto-perteneciente-a-la-parroquia-malimpia\/","title":{"rendered":"Prefectura de Esmeraldas efectu\u00f3 trabajos de mantenimiento en Crist\u00f3bal Col\u00f3n, recinto perteneciente a la parroquia Malimpia."},"content":{"rendered":"\t\t<div data-elementor-type=\"wp-post\" data-elementor-id=\"10092\" class=\"elementor elementor-10092\">\n\t\t\t\t\t\t<section class=\"elementor-section elementor-top-section elementor-element elementor-element-e7d7ff9 elementor-section-boxed elementor-section-height-default elementor-section-height-default\" data-id=\"e7d7ff9\" data-element_type=\"section\">\n\t\t\t\t\t\t<div class=\"elementor-container elementor-column-gap-default\">\n\t\t\t\t\t<div class=\"elementor-column elementor-col-100 elementor-top-column elementor-element elementor-element-105681a\" data-id=\"105681a\" data-element_type=\"column\">\n\t\t\t<div class=\"elementor-widget-wrap elementor-element-populated\">\n\t\t\t\t\t\t<div class=\"elementor-element elementor-element-9827dad elementor-widget elementor-widget-image\" data-id=\"9827dad\" data-element_type=\"widget\" data-widget_type=\"image.default\">\n\t\t\t\t<div class=\"elementor-widget-container\">\n\t\t\t\t\t\t\t\t\t\t\t\t\t\t\t<img fetchpriority=\"high\" decoding=\"async\" width=\"633\" height=\"633\" src=\"https:\/\/prefecturadeesmeraldas.gob.ec\/wp-content\/uploads\/2021\/03\/BOLETIN-0303.jpg\" class=\"attachment-large size-large wp-image-10078\" alt=\"\" srcset=\"https:\/\/prefecturadeesmeraldas.gob.ec\/wp-content\/uploads\/2021\/03\/BOLETIN-0303.jpg 633w, https:\/\/prefecturadeesmeraldas.gob.ec\/wp-content\/uploads\/2021\/03\/BOLETIN-0303-240x240.jpg 240w, https:\/\/prefecturadeesmeraldas.gob.ec\/wp-content\/uploads\/2021\/03\/BOLETIN-0303-150x150.jpg 150w, https:\/\/prefecturadeesmeraldas.gob.ec\/wp-content\/uploads\/2021\/03\/BOLETIN-0303-300x300.jpg 300w\" sizes=\"(max-width: 633px) 100vw, 633px\" \/>\t\t\t\t\t\t\t\t\t\t\t\t\t\t\t<\/div>\n\t\t\t\t<\/div>\n\t\t\t\t\t<\/div>\n\t\t<\/div>\n\t\t\t\t\t<\/div>\n\t\t<\/section>\n\t\t\t\t<section class=\"elementor-section elementor-top-section elementor-element elementor-element-aa2e149 elementor-section-boxed elementor-section-height-default elementor-section-height-default\" data-id=\"aa2e149\" data-element_type=\"section\">\n\t\t\t\t\t\t<div class=\"elementor-container elementor-column-gap-default\">\n\t\t\t\t\t<div class=\"elementor-column elementor-col-100 elementor-top-column elementor-element elementor-element-3939a0a\" data-id=\"3939a0a\" data-element_type=\"column\">\n\t\t\t<div class=\"elementor-widget-wrap elementor-element-populated\">\n\t\t\t\t\t\t<div class=\"elementor-element elementor-element-ca3846c elementor-widget elementor-widget-text-editor\" data-id=\"ca3846c\" data-element_type=\"widget\" data-widget_type=\"text-editor.default\">\n\t\t\t\t<div class=\"elementor-widget-container\">\n\t\t\t\t\t\t\t\t\t<p>En coordinaci\u00f3n con dirigentes de la comunidad, equipo pesado de la Prefectura de Esmeraldas, efectu\u00f3 labores de limpieza, reconformaci\u00f3n y colocaci\u00f3n de material, sobre la v\u00eda que une a los recintos La T \u2013 Crist\u00f3bal Col\u00f3n, ambas comunidades pertenecientes la parroquia Malimpia, en el cant\u00f3n Quinind\u00e9. Los trabajos permitieron que la v\u00eda quede nuevamente transitable.<\/p><p>En la comunidad Crist\u00f3bal Col\u00f3n, <strong>N\u00e9stor Paredes<\/strong>, su presidente, declar\u00f3 estar muy agradecido ante el cumplimiento de un compromiso adquirido por la prefecta Roberta Zambrano, quince d\u00edas atr\u00e1s, luego de la visita efectuada por la autoridad provincial para la entrega de gallinas ponedoras, entorno a un proyecto de emprendimiento avalado por la Direcci\u00f3n de Fomento Productivo de la Prefectura de Esmeraldas.<\/p><p><strong>Paredes <\/strong>indic\u00f3 que, entre las metas de su comunidad, se mantiene presente el anhelo de poder ver la v\u00eda asfaltada.<\/p><p>Por su parte, <strong>Estrella Cede\u00f1o<\/strong>, presente durante la visita de la prefecta, agradeci\u00f3 el cumplimiento a la palabra mediante obras y acciones necesarias para generar bienestar y desarrollo de cualquier zona rural de la provincia. \u201cLos trabajos efectuados ya generan cambios\u201d, dijo.<\/p><p>Para el 27 de marzo, se tiene previsto realizar un acto especial donde se proceder\u00e1 a colocar la primera piedra para el inicio de los trabajos de asfaltado de la v\u00eda La T \u2013 Zapallo, comunidades aleda\u00f1as a Crist\u00f3bal Col\u00f3n, donde estar\u00e1n presentes representantes de estas comunidades para respaldar el trabajo que realiza la Prefectura de Esmeraldas.<\/p>\t\t\t\t\t\t\t\t<\/div>\n\t\t\t\t<\/div>\n\t\t\t\t\t<\/div>\n\t\t<\/div>\n\t\t\t\t\t<\/div>\n\t\t<\/section>\n\t\t\t\t<\/div>\n\t\t","protected":false},"excerpt":{"rendered":"<p>En coordinaci\u00f3n con dirigentes de la comunidad, equipo pesado de la Prefectura de Esmeraldas, efectu\u00f3 labores de limpieza, reconformaci\u00f3n y colocaci\u00f3n de material, sobre la v\u00eda que une a los recintos La T \u2013 Crist\u00f3bal Col\u00f3n, ambas comunidades pertenecientes la parroquia Malimpia, en el cant\u00f3n Quinind\u00e9. Los trabajos permitieron que la v\u00eda quede nuevamente transitable. [&hellip;]<\/p>\n","protected":false},"author":2,"featured_media":10078,"comment_status":"closed","ping_status":"open","sticky":false,"template":"","format":"standard","meta":{"footnotes":""},"categories":[14],"tags":[],"class_list":["post-10092","post","type-post","status-publish","format-standard","has-post-thumbnail","hentry","category-vialidad"],"yoast_head":"<!-- This site is optimized with the Yoast SEO plugin v25.7 - https:\/\/yoast.com\/wordpress\/plugins\/seo\/ -->\n<title>Prefectura de Esmeraldas efectu\u00f3 trabajos de mantenimiento en Crist\u00f3bal Col\u00f3n, recinto perteneciente a la parroquia Malimpia. - Gobierno Aut\u00f3nomo Descentralizado de la Provincia de Esmeraldas<\/title>\n<meta name=\"robots\" content=\"index, follow, max-snippet:-1, max-image-preview:large, max-video-preview:-1\" \/>\n<link rel=\"canonical\" href=\"https:\/\/prefecturadeesmeraldas.gob.ec\/index.php\/2021\/03\/23\/prefectura-de-esmeraldas-efectuo-trabajos-de-mantenimiento-en-cristobal-colon-recinto-perteneciente-a-la-parroquia-malimpia\/\" \/>\n<meta property=\"og:locale\" content=\"es_ES\" \/>\n<meta property=\"og:type\" content=\"article\" \/>\n<meta property=\"og:title\" content=\"Prefectura de Esmeraldas efectu\u00f3 trabajos de mantenimiento en Crist\u00f3bal Col\u00f3n, recinto perteneciente a la parroquia Malimpia. - Gobierno Aut\u00f3nomo Descentralizado de la Provincia de Esmeraldas\" \/>\n<meta property=\"og:description\" content=\"En coordinaci\u00f3n con dirigentes de la comunidad, equipo pesado de la Prefectura de Esmeraldas, efectu\u00f3 labores de limpieza, reconformaci\u00f3n y colocaci\u00f3n de material, sobre la v\u00eda que une a los recintos La T \u2013 Crist\u00f3bal Col\u00f3n, ambas comunidades pertenecientes la parroquia Malimpia, en el cant\u00f3n Quinind\u00e9. Los trabajos permitieron que la v\u00eda quede nuevamente transitable. [&hellip;]\" \/>\n<meta property=\"og:url\" content=\"https:\/\/prefecturadeesmeraldas.gob.ec\/index.php\/2021\/03\/23\/prefectura-de-esmeraldas-efectuo-trabajos-de-mantenimiento-en-cristobal-colon-recinto-perteneciente-a-la-parroquia-malimpia\/\" \/>\n<meta property=\"og:site_name\" content=\"Gobierno Aut\u00f3nomo Descentralizado de la Provincia de Esmeraldas\" \/>\n<meta property=\"article:publisher\" content=\"https:\/\/www.facebook.com\/PrefecturaEsmeraldas\/\" \/>\n<meta property=\"article:published_time\" content=\"2021-03-23T14:43:37+00:00\" \/>\n<meta property=\"article:modified_time\" content=\"2021-03-23T14:44:09+00:00\" \/>\n<meta property=\"og:image\" content=\"https:\/\/prefecturadeesmeraldas.gob.ec\/wp-content\/uploads\/2021\/03\/BOLETIN-0303.jpg\" \/>\n\t<meta property=\"og:image:width\" content=\"633\" \/>\n\t<meta property=\"og:image:height\" content=\"633\" \/>\n\t<meta property=\"og:image:type\" content=\"image\/jpeg\" \/>\n<meta name=\"author\" content=\"Direcci\u00f3n de Comunicaci\u00f3n\" \/>\n<meta name=\"twitter:card\" content=\"summary_large_image\" \/>\n<meta name=\"twitter:label1\" content=\"Escrito por\" \/>\n\t<meta name=\"twitter:data1\" content=\"Direcci\u00f3n de Comunicaci\u00f3n\" \/>\n\t<meta name=\"twitter:label2\" content=\"Tiempo de lectura\" \/>\n\t<meta name=\"twitter:data2\" content=\"1 minuto\" \/>\n<script type=\"application\/ld+json\" class=\"yoast-schema-graph\">{\"@context\":\"https:\/\/schema.org\",\"@graph\":[{\"@type\":\"Article\",\"@id\":\"https:\/\/prefecturadeesmeraldas.gob.ec\/index.php\/2021\/03\/23\/prefectura-de-esmeraldas-efectuo-trabajos-de-mantenimiento-en-cristobal-colon-recinto-perteneciente-a-la-parroquia-malimpia\/#article\",\"isPartOf\":{\"@id\":\"https:\/\/prefecturadeesmeraldas.gob.ec\/index.php\/2021\/03\/23\/prefectura-de-esmeraldas-efectuo-trabajos-de-mantenimiento-en-cristobal-colon-recinto-perteneciente-a-la-parroquia-malimpia\/\"},\"author\":{\"name\":\"Direcci\u00f3n de Comunicaci\u00f3n\",\"@id\":\"https:\/\/prefecturadeesmeraldas.gob.ec\/#\/schema\/person\/b0c9e7b1ead7725994d1e319e8825234\"},\"headline\":\"Prefectura de Esmeraldas efectu\u00f3 trabajos de mantenimiento en Crist\u00f3bal Col\u00f3n, recinto perteneciente a la parroquia Malimpia.\",\"datePublished\":\"2021-03-23T14:43:37+00:00\",\"dateModified\":\"2021-03-23T14:44:09+00:00\",\"mainEntityOfPage\":{\"@id\":\"https:\/\/prefecturadeesmeraldas.gob.ec\/index.php\/2021\/03\/23\/prefectura-de-esmeraldas-efectuo-trabajos-de-mantenimiento-en-cristobal-colon-recinto-perteneciente-a-la-parroquia-malimpia\/\"},\"wordCount\":271,\"publisher\":{\"@id\":\"https:\/\/prefecturadeesmeraldas.gob.ec\/#organization\"},\"image\":{\"@id\":\"https:\/\/prefecturadeesmeraldas.gob.ec\/index.php\/2021\/03\/23\/prefectura-de-esmeraldas-efectuo-trabajos-de-mantenimiento-en-cristobal-colon-recinto-perteneciente-a-la-parroquia-malimpia\/#primaryimage\"},\"thumbnailUrl\":\"https:\/\/prefecturadeesmeraldas.gob.ec\/wp-content\/uploads\/2021\/03\/BOLETIN-0303.jpg\",\"articleSection\":[\"Vialidad\"],\"inLanguage\":\"es\"},{\"@type\":\"WebPage\",\"@id\":\"https:\/\/prefecturadeesmeraldas.gob.ec\/index.php\/2021\/03\/23\/prefectura-de-esmeraldas-efectuo-trabajos-de-mantenimiento-en-cristobal-colon-recinto-perteneciente-a-la-parroquia-malimpia\/\",\"url\":\"https:\/\/prefecturadeesmeraldas.gob.ec\/index.php\/2021\/03\/23\/prefectura-de-esmeraldas-efectuo-trabajos-de-mantenimiento-en-cristobal-colon-recinto-perteneciente-a-la-parroquia-malimpia\/\",\"name\":\"Prefectura de Esmeraldas efectu\u00f3 trabajos de mantenimiento en Crist\u00f3bal Col\u00f3n, recinto perteneciente a la parroquia Malimpia. - Gobierno Aut\u00f3nomo Descentralizado de la Provincia de Esmeraldas\",\"isPartOf\":{\"@id\":\"https:\/\/prefecturadeesmeraldas.gob.ec\/#website\"},\"primaryImageOfPage\":{\"@id\":\"https:\/\/prefecturadeesmeraldas.gob.ec\/index.php\/2021\/03\/23\/prefectura-de-esmeraldas-efectuo-trabajos-de-mantenimiento-en-cristobal-colon-recinto-perteneciente-a-la-parroquia-malimpia\/#primaryimage\"},\"image\":{\"@id\":\"https:\/\/prefecturadeesmeraldas.gob.ec\/index.php\/2021\/03\/23\/prefectura-de-esmeraldas-efectuo-trabajos-de-mantenimiento-en-cristobal-colon-recinto-perteneciente-a-la-parroquia-malimpia\/#primaryimage\"},\"thumbnailUrl\":\"https:\/\/prefecturadeesmeraldas.gob.ec\/wp-content\/uploads\/2021\/03\/BOLETIN-0303.jpg\",\"datePublished\":\"2021-03-23T14:43:37+00:00\",\"dateModified\":\"2021-03-23T14:44:09+00:00\",\"breadcrumb\":{\"@id\":\"https:\/\/prefecturadeesmeraldas.gob.ec\/index.php\/2021\/03\/23\/prefectura-de-esmeraldas-efectuo-trabajos-de-mantenimiento-en-cristobal-colon-recinto-perteneciente-a-la-parroquia-malimpia\/#breadcrumb\"},\"inLanguage\":\"es\",\"potentialAction\":[{\"@type\":\"ReadAction\",\"target\":[\"https:\/\/prefecturadeesmeraldas.gob.ec\/index.php\/2021\/03\/23\/prefectura-de-esmeraldas-efectuo-trabajos-de-mantenimiento-en-cristobal-colon-recinto-perteneciente-a-la-parroquia-malimpia\/\"]}]},{\"@type\":\"ImageObject\",\"inLanguage\":\"es\",\"@id\":\"https:\/\/prefecturadeesmeraldas.gob.ec\/index.php\/2021\/03\/23\/prefectura-de-esmeraldas-efectuo-trabajos-de-mantenimiento-en-cristobal-colon-recinto-perteneciente-a-la-parroquia-malimpia\/#primaryimage\",\"url\":\"https:\/\/prefecturadeesmeraldas.gob.ec\/wp-content\/uploads\/2021\/03\/BOLETIN-0303.jpg\",\"contentUrl\":\"https:\/\/prefecturadeesmeraldas.gob.ec\/wp-content\/uploads\/2021\/03\/BOLETIN-0303.jpg\",\"width\":633,\"height\":633},{\"@type\":\"BreadcrumbList\",\"@id\":\"https:\/\/prefecturadeesmeraldas.gob.ec\/index.php\/2021\/03\/23\/prefectura-de-esmeraldas-efectuo-trabajos-de-mantenimiento-en-cristobal-colon-recinto-perteneciente-a-la-parroquia-malimpia\/#breadcrumb\",\"itemListElement\":[{\"@type\":\"ListItem\",\"position\":1,\"name\":\"Home\",\"item\":\"https:\/\/prefecturadeesmeraldas.gob.ec\/\"},{\"@type\":\"ListItem\",\"position\":2,\"name\":\"Prefectura de Esmeraldas efectu\u00f3 trabajos de mantenimiento en Crist\u00f3bal Col\u00f3n, recinto perteneciente a la parroquia Malimpia.\"}]},{\"@type\":\"WebSite\",\"@id\":\"https:\/\/prefecturadeesmeraldas.gob.ec\/#website\",\"url\":\"https:\/\/prefecturadeesmeraldas.gob.ec\/\",\"name\":\"Gobierno Aut\u00f3nomo Descentralizado de la Provincia de Esmeraldas\",\"description\":\"Gobierno Aut\u00f3nomo Descentralizado de la Provincia de Esmeraldas\",\"publisher\":{\"@id\":\"https:\/\/prefecturadeesmeraldas.gob.ec\/#organization\"},\"potentialAction\":[{\"@type\":\"SearchAction\",\"target\":{\"@type\":\"EntryPoint\",\"urlTemplate\":\"https:\/\/prefecturadeesmeraldas.gob.ec\/?s={search_term_string}\"},\"query-input\":{\"@type\":\"PropertyValueSpecification\",\"valueRequired\":true,\"valueName\":\"search_term_string\"}}],\"inLanguage\":\"es\"},{\"@type\":\"Organization\",\"@id\":\"https:\/\/prefecturadeesmeraldas.gob.ec\/#organization\",\"name\":\"Gobierno Aut\u00f3nomo Descentralizado de la Provincia de Esmeraldas\",\"url\":\"https:\/\/prefecturadeesmeraldas.gob.ec\/\",\"logo\":{\"@type\":\"ImageObject\",\"inLanguage\":\"es\",\"@id\":\"https:\/\/prefecturadeesmeraldas.gob.ec\/#\/schema\/logo\/image\/\",\"url\":\"https:\/\/prefecturadeesmeraldas.gob.ec\/wp-content\/uploads\/2019\/06\/logo.png\",\"contentUrl\":\"https:\/\/prefecturadeesmeraldas.gob.ec\/wp-content\/uploads\/2019\/06\/logo.png\",\"width\":859,\"height\":448,\"caption\":\"Gobierno Aut\u00f3nomo Descentralizado de la Provincia de Esmeraldas\"},\"image\":{\"@id\":\"https:\/\/prefecturadeesmeraldas.gob.ec\/#\/schema\/logo\/image\/\"},\"sameAs\":[\"https:\/\/www.facebook.com\/PrefecturaEsmeraldas\/\"]},{\"@type\":\"Person\",\"@id\":\"https:\/\/prefecturadeesmeraldas.gob.ec\/#\/schema\/person\/b0c9e7b1ead7725994d1e319e8825234\",\"name\":\"Direcci\u00f3n de Comunicaci\u00f3n\",\"image\":{\"@type\":\"ImageObject\",\"inLanguage\":\"es\",\"@id\":\"https:\/\/prefecturadeesmeraldas.gob.ec\/#\/schema\/person\/image\/\",\"url\":\"https:\/\/secure.gravatar.com\/avatar\/74a3870a946f5d774ade3569af61a72308e07ad3346f370c4b468ee2a9858658?s=96&d=mm&r=g\",\"contentUrl\":\"https:\/\/secure.gravatar.com\/avatar\/74a3870a946f5d774ade3569af61a72308e07ad3346f370c4b468ee2a9858658?s=96&d=mm&r=g\",\"caption\":\"Direcci\u00f3n de Comunicaci\u00f3n\"}}]}<\/script>\n<!-- \/ Yoast SEO plugin. -->","yoast_head_json":{"title":"Prefectura de Esmeraldas efectu\u00f3 trabajos de mantenimiento en Crist\u00f3bal Col\u00f3n, recinto perteneciente a la parroquia Malimpia. - Gobierno Aut\u00f3nomo Descentralizado de la Provincia de Esmeraldas","robots":{"index":"index","follow":"follow","max-snippet":"max-snippet:-1","max-image-preview":"max-image-preview:large","max-video-preview":"max-video-preview:-1"},"canonical":"https:\/\/prefecturadeesmeraldas.gob.ec\/index.php\/2021\/03\/23\/prefectura-de-esmeraldas-efectuo-trabajos-de-mantenimiento-en-cristobal-colon-recinto-perteneciente-a-la-parroquia-malimpia\/","og_locale":"es_ES","og_type":"article","og_title":"Prefectura de Esmeraldas efectu\u00f3 trabajos de mantenimiento en Crist\u00f3bal Col\u00f3n, recinto perteneciente a la parroquia Malimpia. - Gobierno Aut\u00f3nomo Descentralizado de la Provincia de Esmeraldas","og_description":"En coordinaci\u00f3n con dirigentes de la comunidad, equipo pesado de la Prefectura de Esmeraldas, efectu\u00f3 labores de limpieza, reconformaci\u00f3n y colocaci\u00f3n de material, sobre la v\u00eda que une a los recintos La T \u2013 Crist\u00f3bal Col\u00f3n, ambas comunidades pertenecientes la parroquia Malimpia, en el cant\u00f3n Quinind\u00e9. Los trabajos permitieron que la v\u00eda quede nuevamente transitable. [&hellip;]","og_url":"https:\/\/prefecturadeesmeraldas.gob.ec\/index.php\/2021\/03\/23\/prefectura-de-esmeraldas-efectuo-trabajos-de-mantenimiento-en-cristobal-colon-recinto-perteneciente-a-la-parroquia-malimpia\/","og_site_name":"Gobierno Aut\u00f3nomo Descentralizado de la Provincia de Esmeraldas","article_publisher":"https:\/\/www.facebook.com\/PrefecturaEsmeraldas\/","article_published_time":"2021-03-23T14:43:37+00:00","article_modified_time":"2021-03-23T14:44:09+00:00","og_image":[{"width":633,"height":633,"url":"https:\/\/prefecturadeesmeraldas.gob.ec\/wp-content\/uploads\/2021\/03\/BOLETIN-0303.jpg","type":"image\/jpeg"}],"author":"Direcci\u00f3n de Comunicaci\u00f3n","twitter_card":"summary_large_image","twitter_misc":{"Escrito por":"Direcci\u00f3n de Comunicaci\u00f3n","Tiempo de lectura":"1 minuto"},"schema":{"@context":"https:\/\/schema.org","@graph":[{"@type":"Article","@id":"https:\/\/prefecturadeesmeraldas.gob.ec\/index.php\/2021\/03\/23\/prefectura-de-esmeraldas-efectuo-trabajos-de-mantenimiento-en-cristobal-colon-recinto-perteneciente-a-la-parroquia-malimpia\/#article","isPartOf":{"@id":"https:\/\/prefecturadeesmeraldas.gob.ec\/index.php\/2021\/03\/23\/prefectura-de-esmeraldas-efectuo-trabajos-de-mantenimiento-en-cristobal-colon-recinto-perteneciente-a-la-parroquia-malimpia\/"},"author":{"name":"Direcci\u00f3n de Comunicaci\u00f3n","@id":"https:\/\/prefecturadeesmeraldas.gob.ec\/#\/schema\/person\/b0c9e7b1ead7725994d1e319e8825234"},"headline":"Prefectura de Esmeraldas efectu\u00f3 trabajos de mantenimiento en Crist\u00f3bal Col\u00f3n, recinto perteneciente a la parroquia Malimpia.","datePublished":"2021-03-23T14:43:37+00:00","dateModified":"2021-03-23T14:44:09+00:00","mainEntityOfPage":{"@id":"https:\/\/prefecturadeesmeraldas.gob.ec\/index.php\/2021\/03\/23\/prefectura-de-esmeraldas-efectuo-trabajos-de-mantenimiento-en-cristobal-colon-recinto-perteneciente-a-la-parroquia-malimpia\/"},"wordCount":271,"publisher":{"@id":"https:\/\/prefecturadeesmeraldas.gob.ec\/#organization"},"image":{"@id":"https:\/\/prefecturadeesmeraldas.gob.ec\/index.php\/2021\/03\/23\/prefectura-de-esmeraldas-efectuo-trabajos-de-mantenimiento-en-cristobal-colon-recinto-perteneciente-a-la-parroquia-malimpia\/#primaryimage"},"thumbnailUrl":"https:\/\/prefecturadeesmeraldas.gob.ec\/wp-content\/uploads\/2021\/03\/BOLETIN-0303.jpg","articleSection":["Vialidad"],"inLanguage":"es"},{"@type":"WebPage","@id":"https:\/\/prefecturadeesmeraldas.gob.ec\/index.php\/2021\/03\/23\/prefectura-de-esmeraldas-efectuo-trabajos-de-mantenimiento-en-cristobal-colon-recinto-perteneciente-a-la-parroquia-malimpia\/","url":"https:\/\/prefecturadeesmeraldas.gob.ec\/index.php\/2021\/03\/23\/prefectura-de-esmeraldas-efectuo-trabajos-de-mantenimiento-en-cristobal-colon-recinto-perteneciente-a-la-parroquia-malimpia\/","name":"Prefectura de Esmeraldas efectu\u00f3 trabajos de mantenimiento en Crist\u00f3bal Col\u00f3n, recinto perteneciente a la parroquia Malimpia. - Gobierno Aut\u00f3nomo Descentralizado de la Provincia de Esmeraldas","isPartOf":{"@id":"https:\/\/prefecturadeesmeraldas.gob.ec\/#website"},"primaryImageOfPage":{"@id":"https:\/\/prefecturadeesmeraldas.gob.ec\/index.php\/2021\/03\/23\/prefectura-de-esmeraldas-efectuo-trabajos-de-mantenimiento-en-cristobal-colon-recinto-perteneciente-a-la-parroquia-malimpia\/#primaryimage"},"image":{"@id":"https:\/\/prefecturadeesmeraldas.gob.ec\/index.php\/2021\/03\/23\/prefectura-de-esmeraldas-efectuo-trabajos-de-mantenimiento-en-cristobal-colon-recinto-perteneciente-a-la-parroquia-malimpia\/#primaryimage"},"thumbnailUrl":"https:\/\/prefecturadeesmeraldas.gob.ec\/wp-content\/uploads\/2021\/03\/BOLETIN-0303.jpg","datePublished":"2021-03-23T14:43:37+00:00","dateModified":"2021-03-23T14:44:09+00:00","breadcrumb":{"@id":"https:\/\/prefecturadeesmeraldas.gob.ec\/index.php\/2021\/03\/23\/prefectura-de-esmeraldas-efectuo-trabajos-de-mantenimiento-en-cristobal-colon-recinto-perteneciente-a-la-parroquia-malimpia\/#breadcrumb"},"inLanguage":"es","potentialAction":[{"@type":"ReadAction","target":["https:\/\/prefecturadeesmeraldas.gob.ec\/index.php\/2021\/03\/23\/prefectura-de-esmeraldas-efectuo-trabajos-de-mantenimiento-en-cristobal-colon-recinto-perteneciente-a-la-parroquia-malimpia\/"]}]},{"@type":"ImageObject","inLanguage":"es","@id":"https:\/\/prefecturadeesmeraldas.gob.ec\/index.php\/2021\/03\/23\/prefectura-de-esmeraldas-efectuo-trabajos-de-mantenimiento-en-cristobal-colon-recinto-perteneciente-a-la-parroquia-malimpia\/#primaryimage","url":"https:\/\/prefecturadeesmeraldas.gob.ec\/wp-content\/uploads\/2021\/03\/BOLETIN-0303.jpg","contentUrl":"https:\/\/prefecturadeesmeraldas.gob.ec\/wp-content\/uploads\/2021\/03\/BOLETIN-0303.jpg","width":633,"height":633},{"@type":"BreadcrumbList","@id":"https:\/\/prefecturadeesmeraldas.gob.ec\/index.php\/2021\/03\/23\/prefectura-de-esmeraldas-efectuo-trabajos-de-mantenimiento-en-cristobal-colon-recinto-perteneciente-a-la-parroquia-malimpia\/#breadcrumb","itemListElement":[{"@type":"ListItem","position":1,"name":"Home","item":"https:\/\/prefecturadeesmeraldas.gob.ec\/"},{"@type":"ListItem","position":2,"name":"Prefectura de Esmeraldas efectu\u00f3 trabajos de mantenimiento en Crist\u00f3bal Col\u00f3n, recinto perteneciente a la parroquia Malimpia."}]},{"@type":"WebSite","@id":"https:\/\/prefecturadeesmeraldas.gob.ec\/#website","url":"https:\/\/prefecturadeesmeraldas.gob.ec\/","name":"Gobierno Aut\u00f3nomo Descentralizado de la Provincia de Esmeraldas","description":"Gobierno Aut\u00f3nomo Descentralizado de la Provincia de Esmeraldas","publisher":{"@id":"https:\/\/prefecturadeesmeraldas.gob.ec\/#organization"},"potentialAction":[{"@type":"SearchAction","target":{"@type":"EntryPoint","urlTemplate":"https:\/\/prefecturadeesmeraldas.gob.ec\/?s={search_term_string}"},"query-input":{"@type":"PropertyValueSpecification","valueRequired":true,"valueName":"search_term_string"}}],"inLanguage":"es"},{"@type":"Organization","@id":"https:\/\/prefecturadeesmeraldas.gob.ec\/#organization","name":"Gobierno Aut\u00f3nomo Descentralizado de la Provincia de Esmeraldas","url":"https:\/\/prefecturadeesmeraldas.gob.ec\/","logo":{"@type":"ImageObject","inLanguage":"es","@id":"https:\/\/prefecturadeesmeraldas.gob.ec\/#\/schema\/logo\/image\/","url":"https:\/\/prefecturadeesmeraldas.gob.ec\/wp-content\/uploads\/2019\/06\/logo.png","contentUrl":"https:\/\/prefecturadeesmeraldas.gob.ec\/wp-content\/uploads\/2019\/06\/logo.png","width":859,"height":448,"caption":"Gobierno Aut\u00f3nomo Descentralizado de la Provincia de Esmeraldas"},"image":{"@id":"https:\/\/prefecturadeesmeraldas.gob.ec\/#\/schema\/logo\/image\/"},"sameAs":["https:\/\/www.facebook.com\/PrefecturaEsmeraldas\/"]},{"@type":"Person","@id":"https:\/\/prefecturadeesmeraldas.gob.ec\/#\/schema\/person\/b0c9e7b1ead7725994d1e319e8825234","name":"Direcci\u00f3n de Comunicaci\u00f3n","image":{"@type":"ImageObject","inLanguage":"es","@id":"https:\/\/prefecturadeesmeraldas.gob.ec\/#\/schema\/person\/image\/","url":"https:\/\/secure.gravatar.com\/avatar\/74a3870a946f5d774ade3569af61a72308e07ad3346f370c4b468ee2a9858658?s=96&d=mm&r=g","contentUrl":"https:\/\/secure.gravatar.com\/avatar\/74a3870a946f5d774ade3569af61a72308e07ad3346f370c4b468ee2a9858658?s=96&d=mm&r=g","caption":"Direcci\u00f3n de Comunicaci\u00f3n"}}]}},"_links":{"self":[{"href":"https:\/\/prefecturadeesmeraldas.gob.ec\/index.php\/wp-json\/wp\/v2\/posts\/10092","targetHints":{"allow":["GET"]}}],"collection":[{"href":"https:\/\/prefecturadeesmeraldas.gob.ec\/index.php\/wp-json\/wp\/v2\/posts"}],"about":[{"href":"https:\/\/prefecturadeesmeraldas.gob.ec\/index.php\/wp-json\/wp\/v2\/types\/post"}],"author":[{"embeddable":true,"href":"https:\/\/prefecturadeesmeraldas.gob.ec\/index.php\/wp-json\/wp\/v2\/users\/2"}],"replies":[{"embeddable":true,"href":"https:\/\/prefecturadeesmeraldas.gob.ec\/index.php\/wp-json\/wp\/v2\/comments?post=10092"}],"version-history":[{"count":0,"href":"https:\/\/prefecturadeesmeraldas.gob.ec\/index.php\/wp-json\/wp\/v2\/posts\/10092\/revisions"}],"wp:featuredmedia":[{"embeddable":true,"href":"https:\/\/prefecturadeesmeraldas.gob.ec\/index.php\/wp-json\/wp\/v2\/media\/10078"}],"wp:attachment":[{"href":"https:\/\/prefecturadeesmeraldas.gob.ec\/index.php\/wp-json\/wp\/v2\/media?parent=10092"}],"wp:term":[{"taxonomy":"category","embeddable":true,"href":"https:\/\/prefecturadeesmeraldas.gob.ec\/index.php\/wp-json\/wp\/v2\/categories?post=10092"},{"taxonomy":"post_tag","embeddable":true,"href":"https:\/\/prefecturadeesmeraldas.gob.ec\/index.php\/wp-json\/wp\/v2\/tags?post=10092"}],"curies":[{"name":"wp","href":"https:\/\/api.w.org\/{rel}","templated":true}]}}